{"id":379077,"date":"2025-07-05T08:42:37","date_gmt":"2025-07-05T07:42:37","guid":{"rendered":"https:\/\/www.webdo.tn\/fr\/?p=379077"},"modified":"2025-07-05T12:04:57","modified_gmt":"2025-07-05T11:04:57","slug":"tunisie-telecom-et-les-sahel-relancent-letoile-mobile-et-scellent-un-partenariat-strategique","status":"publish","type":"post","link":"https:\/\/www.webdo.tn\/fr\/actualite\/sport\/tunisie-telecom-et-les-sahel-relancent-letoile-mobile-et-scellent-un-partenariat-strategique\/379077\/","title":{"rendered":"Tunisie Telecom et l\u2019ES Sahel relancent \u00ab\u00a0L\u2019\u00c9toile Mobile\u00a0\u00bb et scellent un partenariat strat\u00e9gique"},"content":{"rendered":"\n<p><strong>A Sousse, Tunisie Telecom et l\u2019\u00c9toile Sportive du Sahel ont officialis\u00e9, vendredi 4 juillet 2025, la relance de leur partenariat strat\u00e9gique. L\u2019op\u00e9rateur national redevient sponsor officiel du club et remet sur le march\u00e9 l\u2019offre mobile \u00ab\u00a0L\u00c9toile Mobile\u00a0\u00bb, un produit aux couleurs du club embl\u00e9matique du Sahel.<\/strong><\/p>\n\n\n\n<p>Tunisie Telecom et l\u2019\u00c9toile Sportive du Sahel (ESS) ont scell\u00e9, vendredi 4 juillet \u00e0 Sousse, un partenariat d\u2019envergure qui marque le retour d\u2019une alliance strat\u00e9gique entre deux institutions phares du paysage tunisien.<\/p>\n\n\n\n<p>Une c\u00e9r\u00e9monie officielle s\u2019est tenue en pr\u00e9sence des dirigeants des deux entit\u00e9s et d\u2019un parterre de journalistes, pour c\u00e9l\u00e9brer cette nouvelle collaboration qui m\u00eale sport, engagement et innovation commerciale.<\/p>\n\n\n\n<p>Ce partenariat fait de Tunisie Telecom le sponsor officiel de toutes les \u00e9quipes sportives de l\u2019ESS, toutes disciplines confondues. Il s\u2019inscrit \u00e9galement dans une d\u00e9marche de proximit\u00e9 avec les supporters, \u00e0 travers le lancement de l\u2019offre \u00ab\u00a0L\u2019\u00c9toile Mobile\u00a0\u00bb \u2013 un produit mobile exclusif, pens\u00e9 comme un pont entre la passion du sport et la technologie.<\/p>\n\n\n<div class=\"wp-block-image\">\n<figure class=\"aligncenter size-large\"><img decoding=\"async\" width=\"1024\" height=\"557\" src=\"https:\/\/www.webdo.tn\/fr\/wp-content\/uploads\/2025\/07\/TT-ESS-2-1024x557.jpg\" alt=\"\" class=\"wp-image-379078\" srcset=\"https:\/\/www.webdo.tn\/fr\/wp-content\/uploads\/2025\/07\/TT-ESS-2-1024x557.jpg 1024w, https:\/\/www.webdo.tn\/fr\/wp-content\/uploads\/2025\/07\/TT-ESS-2-300x163.jpg 300w, https:\/\/www.webdo.tn\/fr\/wp-content\/uploads\/2025\/07\/TT-ESS-2-768x417.jpg 768w, https:\/\/www.webdo.tn\/fr\/wp-content\/uploads\/2025\/07\/TT-ESS-2-1536x835.jpg 1536w, https:\/\/www.webdo.tn\/fr\/wp-content\/uploads\/2025\/07\/TT-ESS-2-2048x1113.jpg 2048w, https:\/\/www.webdo.tn\/fr\/wp-content\/uploads\/2025\/07\/TT-ESS-2-750x408.jpg 750w, https:\/\/www.webdo.tn\/fr\/wp-content\/uploads\/2025\/07\/TT-ESS-2-1140x620.jpg 1140w\" sizes=\"(max-width: 1024px) 100vw, 1024px\" \/><\/figure>\n<\/div>\n\n\n<p>\u00ab Ce partenariat symbolise bien plus qu\u2019un accord commercial. Il refl\u00e8te un engagement mutuel, bas\u00e9 sur des valeurs partag\u00e9es de fid\u00e9lit\u00e9, d\u2019excellence et de proximit\u00e9 avec les supporters \u00e9toil\u00e9s \u00bb, a d\u00e9clar\u00e9 Lass\u00e2ad Ben Dhiab, PDG de Tunisie Telecom. Il a salu\u00e9 l\u2019aura du club sah\u00e9lien et exprim\u00e9 l\u2019espoir de voir l\u2019ESS briller sur les sc\u00e8nes nationale et continentale.<\/p>\n\n\n\n<p>Du c\u00f4t\u00e9 du club, le pr\u00e9sident Zoube\u00efr Baya n\u2019a pas cach\u00e9 sa satisfaction. \u00ab Il s\u2019agit d\u2019une collaboration strat\u00e9gique qui vient renforcer notre vision de d\u00e9veloppement global du club \u00bb, a-t-il soulign\u00e9. \u00ab \u00c0 travers l\u2019offre \u00c9toile Mobile, nous souhaitons cr\u00e9er un lien encore plus fort avec notre base de supporters. Nous sommes fiers de renouer avec un partenaire historique. \u00bb<\/p>\n\n\n\n<p>L\u2019offre \u00ab\u00a0L\u00c9toile Mobile\u00a0\u00bb, relanc\u00e9e dans la foul\u00e9e de la signature, se distingue par une carte SIM exclusive aux couleurs du club, avec une num\u00e9rotation commen\u00e7ant par \u00ab\u00a099\u00a0\u00bb, en clin d\u2019\u0153il \u00e0 l\u2019histoire de l\u2019ESS.<\/p>\n\n\n\n<p>Les abonn\u00e9s profiteront de tarifs avantageux, notamment le tarif minute le plus bas du march\u00e9 \u00e0 35 millimes\/minute, ainsi que de nombreuses formules combinant appels et internet mobile, con\u00e7ues pour r\u00e9pondre aux attentes des jeunes et des passionn\u00e9s du club.<\/p>\n\n\n\n<p>Par cette op\u00e9ration, Tunisie Telecom confirme sa strat\u00e9gie de soutien au sport tunisien et d\u2019enracinement local, tandis que l\u2019\u00c9toile Sportive du Sahel renforce son attractivit\u00e9 et sa relation avec ses supporters, \u00e0 travers une offre qui allie identit\u00e9, accessibilit\u00e9 et connectivit\u00e9.<\/p>\n\n\n\n<iframe width=\"560\" height=\"315\" src=\"https:\/\/www.youtube.com\/embed\/SYGdOtbkIec?si=-rDZqYkwDZScNZne\" title=\"YouTube video player\" frameborder=\"0\" allow=\"accelerometer; autoplay; clipboard-write; encrypted-media; gyroscope; picture-in-picture; web-share\" referrerpolicy=\"strict-origin-when-cross-origin\" allowfullscreen><\/iframe>\n","protected":false},"excerpt":{"rendered":"<p>A Sousse, Tunisie Telecom et l\u2019\u00c9toile Sportive du Sahel ont officialis\u00e9, vendredi 4 juillet 2025, la relance de leur partenariat strat\u00e9gique. L\u2019op\u00e9rateur national redevient sponsor officiel du club et remet sur le march\u00e9 l\u2019offre mobile \u00ab\u00a0L\u00c9toile Mobile\u00a0\u00bb, un produit aux couleurs du club embl\u00e9matique du Sahel. Tunisie Telecom et l\u2019\u00c9toile Sportive du Sahel (ESS) ont [&hellip;]<\/p>\n","protected":false},"author":3191,"featured_media":379079,"comment_status":"open","ping_status":"open","sticky":false,"template":"","format":"standard","meta":{"footnotes":""},"categories":[2593],"tags":[4497,12111,2608,2931],"class_list":["post-379077","post","type-post","status-publish","format-standard","has-post-thumbnail","hentry","category-sport","tag-etoile-sportive-du-sahel","tag-letoile-mobile","tag-tunisie","tag-tunisie-telecom"],"yoast_head":"<!-- This site is optimized with the Yoast SEO Premium plugin v27.4 (Yoast SEO v27.4) - https:\/\/yoast.com\/product\/yoast-seo-premium-wordpress\/ -->\n<title>Tunisie Telecom et l\u2019ES Sahel relancent &quot;L\u2019\u00c9toile Mobile&quot; et scellent un partenariat strat\u00e9gique - webdo<\/title>\n<meta name=\"description\" content=\"Tunisie Telecom et l\u2019\u00c9toile du Sahel relancent leur partenariat avec l\u2019offre mobile L\u2019\u00c9toile Mobile pour les fans du club.\" \/>\n<link rel=\"canonical\" href=\"https:\/\/www.webdo.tn\/fr\/actualite\/sport\/tunisie-telecom-et-les-sahel-relancent-letoile-mobile-et-scellent-un-partenariat-strategique\/379077\/\" \/>\n<meta property=\"og:locale\" content=\"fr_FR\" \/>\n<meta property=\"og:type\" content=\"article\" \/>\n<meta property=\"og:title\" content=\"Tunisie Telecom et l\u2019ES Sahel relancent &quot;L\u2019\u00c9toile Mobile&quot; et scellent un partenariat strat\u00e9gique\" \/>\n<meta property=\"og:description\" content=\"Tunisie Telecom et l\u2019\u00c9toile du Sahel relancent leur partenariat avec l\u2019offre mobile L\u2019\u00c9toile Mobile pour les fans du club.\" \/>\n<meta property=\"og:url\" content=\"https:\/\/www.webdo.tn\/fr\/actualite\/sport\/tunisie-telecom-et-les-sahel-relancent-letoile-mobile-et-scellent-un-partenariat-strategique\/379077\/\" \/>\n<meta property=\"og:site_name\" content=\"webdo\" \/>\n<meta property=\"article:publisher\" content=\"https:\/\/www.facebook.com\/webdotn\" \/>\n<meta property=\"article:published_time\" content=\"2025-07-05T07:42:37+00:00\" \/>\n<meta property=\"article:modified_time\" content=\"2025-07-05T11:04:57+00:00\" \/>\n<meta property=\"og:image\" content=\"https:\/\/www.webdo.tn\/fr\/wp-content\/uploads\/2025\/07\/TT-ESS-1-scaled.jpg\" \/>\n\t<meta property=\"og:image:width\" content=\"2560\" \/>\n\t<meta property=\"og:image:height\" content=\"1706\" \/>\n\t<meta property=\"og:image:type\" content=\"image\/jpeg\" \/>\n<meta name=\"author\" content=\"Mohamed Hedi Touati\" \/>\n<meta name=\"twitter:card\" content=\"summary_large_image\" \/>\n<meta name=\"twitter:creator\" content=\"@webdo_tn\" \/>\n<meta name=\"twitter:site\" content=\"@webdo_tn\" \/>\n<meta name=\"twitter:label1\" content=\"\u00c9crit par\" \/>\n\t<meta name=\"twitter:data1\" content=\"Mohamed Hedi Touati\" \/>\n\t<meta name=\"twitter:label2\" content=\"Dur\u00e9e de lecture estim\u00e9e\" \/>\n\t<meta name=\"twitter:data2\" content=\"3 minutes\" \/>\n<script type=\"application\/ld+json\" class=\"yoast-schema-graph\">{\"@context\":\"https:\\\/\\\/schema.org\",\"@graph\":[{\"@type\":\"NewsArticle\",\"@id\":\"https:\\\/\\\/www.webdo.tn\\\/fr\\\/actualite\\\/sport\\\/tunisie-telecom-et-les-sahel-relancent-letoile-mobile-et-scellent-un-partenariat-strategique\\\/379077\\\/#article\",\"isPartOf\":{\"@id\":\"https:\\\/\\\/www.webdo.tn\\\/fr\\\/actualite\\\/sport\\\/tunisie-telecom-et-les-sahel-relancent-letoile-mobile-et-scellent-un-partenariat-strategique\\\/379077\\\/\"},\"author\":{\"name\":\"Mohamed Hedi Touati\",\"@id\":\"https:\\\/\\\/www.webdo.tn\\\/fr\\\/#\\\/schema\\\/person\\\/c652cd8fc2b1b44412b5ffb48c5a911d\"},\"headline\":\"Tunisie Telecom et l\u2019ES Sahel relancent \u00ab\u00a0L\u2019\u00c9toile Mobile\u00a0\u00bb et scellent un partenariat strat\u00e9gique\",\"datePublished\":\"2025-07-05T07:42:37+00:00\",\"dateModified\":\"2025-07-05T11:04:57+00:00\",\"mainEntityOfPage\":{\"@id\":\"https:\\\/\\\/www.webdo.tn\\\/fr\\\/actualite\\\/sport\\\/tunisie-telecom-et-les-sahel-relancent-letoile-mobile-et-scellent-un-partenariat-strategique\\\/379077\\\/\"},\"wordCount\":461,\"commentCount\":0,\"publisher\":{\"@id\":\"https:\\\/\\\/www.webdo.tn\\\/fr\\\/#organization\"},\"image\":{\"@id\":\"https:\\\/\\\/www.webdo.tn\\\/fr\\\/actualite\\\/sport\\\/tunisie-telecom-et-les-sahel-relancent-letoile-mobile-et-scellent-un-partenariat-strategique\\\/379077\\\/#primaryimage\"},\"thumbnailUrl\":\"https:\\\/\\\/www.webdo.tn\\\/fr\\\/wp-content\\\/uploads\\\/2025\\\/07\\\/TT-ESS-1-scaled.jpg\",\"keywords\":[\"Etoile Sportive du Sahel\",\"L'Etoile Mobile\",\"Tunisie\",\"Tunisie Telecom\"],\"articleSection\":[\"Sport\"],\"inLanguage\":\"fr-FR\"},{\"@type\":\"WebPage\",\"@id\":\"https:\\\/\\\/www.webdo.tn\\\/fr\\\/actualite\\\/sport\\\/tunisie-telecom-et-les-sahel-relancent-letoile-mobile-et-scellent-un-partenariat-strategique\\\/379077\\\/\",\"url\":\"https:\\\/\\\/www.webdo.tn\\\/fr\\\/actualite\\\/sport\\\/tunisie-telecom-et-les-sahel-relancent-letoile-mobile-et-scellent-un-partenariat-strategique\\\/379077\\\/\",\"name\":\"Tunisie Telecom et l\u2019ES Sahel relancent \\\"L\u2019\u00c9toile Mobile\\\" et scellent un partenariat strat\u00e9gique - webdo\",\"isPartOf\":{\"@id\":\"https:\\\/\\\/www.webdo.tn\\\/fr\\\/#website\"},\"primaryImageOfPage\":{\"@id\":\"https:\\\/\\\/www.webdo.tn\\\/fr\\\/actualite\\\/sport\\\/tunisie-telecom-et-les-sahel-relancent-letoile-mobile-et-scellent-un-partenariat-strategique\\\/379077\\\/#primaryimage\"},\"image\":{\"@id\":\"https:\\\/\\\/www.webdo.tn\\\/fr\\\/actualite\\\/sport\\\/tunisie-telecom-et-les-sahel-relancent-letoile-mobile-et-scellent-un-partenariat-strategique\\\/379077\\\/#primaryimage\"},\"thumbnailUrl\":\"https:\\\/\\\/www.webdo.tn\\\/fr\\\/wp-content\\\/uploads\\\/2025\\\/07\\\/TT-ESS-1-scaled.jpg\",\"datePublished\":\"2025-07-05T07:42:37+00:00\",\"dateModified\":\"2025-07-05T11:04:57+00:00\",\"description\":\"Tunisie Telecom et l\u2019\u00c9toile du Sahel relancent leur partenariat avec l\u2019offre mobile L\u2019\u00c9toile Mobile pour les fans du club.\",\"breadcrumb\":{\"@id\":\"https:\\\/\\\/www.webdo.tn\\\/fr\\\/actualite\\\/sport\\\/tunisie-telecom-et-les-sahel-relancent-letoile-mobile-et-scellent-un-partenariat-strategique\\\/379077\\\/#breadcrumb\"},\"inLanguage\":\"fr-FR\",\"potentialAction\":[{\"@type\":\"ReadAction\",\"target\":[\"https:\\\/\\\/www.webdo.tn\\\/fr\\\/actualite\\\/sport\\\/tunisie-telecom-et-les-sahel-relancent-letoile-mobile-et-scellent-un-partenariat-strategique\\\/379077\\\/\"]}]},{\"@type\":\"ImageObject\",\"inLanguage\":\"fr-FR\",\"@id\":\"https:\\\/\\\/www.webdo.tn\\\/fr\\\/actualite\\\/sport\\\/tunisie-telecom-et-les-sahel-relancent-letoile-mobile-et-scellent-un-partenariat-strategique\\\/379077\\\/#primaryimage\",\"url\":\"https:\\\/\\\/www.webdo.tn\\\/fr\\\/wp-content\\\/uploads\\\/2025\\\/07\\\/TT-ESS-1-scaled.jpg\",\"contentUrl\":\"https:\\\/\\\/www.webdo.tn\\\/fr\\\/wp-content\\\/uploads\\\/2025\\\/07\\\/TT-ESS-1-scaled.jpg\",\"width\":2560,\"height\":1706,\"caption\":\"Un partenariat strat\u00e9gique entre Tunisie Telecom et l\u2019ESS voit le jour \u00e0 Sousse\"},{\"@type\":\"BreadcrumbList\",\"@id\":\"https:\\\/\\\/www.webdo.tn\\\/fr\\\/actualite\\\/sport\\\/tunisie-telecom-et-les-sahel-relancent-letoile-mobile-et-scellent-un-partenariat-strategique\\\/379077\\\/#breadcrumb\",\"itemListElement\":[{\"@type\":\"ListItem\",\"position\":1,\"name\":\"Accueil\",\"item\":\"https:\\\/\\\/www.webdo.tn\\\/fr\\\/\"},{\"@type\":\"ListItem\",\"position\":2,\"name\":\"Tunisie Telecom et l\u2019ES Sahel relancent \u00ab\u00a0L\u2019\u00c9toile Mobile\u00a0\u00bb et scellent un partenariat strat\u00e9gique\"}]},{\"@type\":\"WebSite\",\"@id\":\"https:\\\/\\\/www.webdo.tn\\\/fr\\\/#website\",\"url\":\"https:\\\/\\\/www.webdo.tn\\\/fr\\\/\",\"name\":\"webdo\",\"description\":\"Tunisie - News en Tunisie et \u00e0 l&#039;international sur Webdo.tn\",\"publisher\":{\"@id\":\"https:\\\/\\\/www.webdo.tn\\\/fr\\\/#organization\"},\"potentialAction\":[{\"@type\":\"SearchAction\",\"target\":{\"@type\":\"EntryPoint\",\"urlTemplate\":\"https:\\\/\\\/www.webdo.tn\\\/fr\\\/?s={search_term_string}\"},\"query-input\":{\"@type\":\"PropertyValueSpecification\",\"valueRequired\":true,\"valueName\":\"search_term_string\"}}],\"inLanguage\":\"fr-FR\"},{\"@type\":\"Organization\",\"@id\":\"https:\\\/\\\/www.webdo.tn\\\/fr\\\/#organization\",\"name\":\"Webdo\",\"alternateName\":\"Webdo.tn\",\"url\":\"https:\\\/\\\/www.webdo.tn\\\/fr\\\/\",\"logo\":{\"@type\":\"ImageObject\",\"inLanguage\":\"fr-FR\",\"@id\":\"https:\\\/\\\/www.webdo.tn\\\/fr\\\/#\\\/schema\\\/logo\\\/image\\\/\",\"url\":\"https:\\\/\\\/www.webdo.tn\\\/fr\\\/wp-content\\\/uploads\\\/2025\\\/06\\\/Webdo-Tunisie_168377.jpg\",\"contentUrl\":\"https:\\\/\\\/www.webdo.tn\\\/fr\\\/wp-content\\\/uploads\\\/2025\\\/06\\\/Webdo-Tunisie_168377.jpg\",\"width\":301,\"height\":301,\"caption\":\"Webdo\"},\"image\":{\"@id\":\"https:\\\/\\\/www.webdo.tn\\\/fr\\\/#\\\/schema\\\/logo\\\/image\\\/\"},\"sameAs\":[\"https:\\\/\\\/www.facebook.com\\\/webdotn\",\"https:\\\/\\\/x.com\\\/webdo_tn\"],\"description\":\"Webdo est un m\u00e9dia num\u00e9rique tunisien fond\u00e9 en 2010, sp\u00e9cialis\u00e9 dans l\u2019actualit\u00e9 nationale et internationale, l\u2019\u00e9conomie, la soci\u00e9t\u00e9 et les analyses politiques. Le site s\u2019adresse \u00e0 un large public francophone et couvre l\u2019information tunisienne en temps r\u00e9el.\",\"email\":\"redac@webdo.tn\",\"legalName\":\"YNJ SARL\",\"foundingDate\":\"2010-09-06\",\"numberOfEmployees\":{\"@type\":\"QuantitativeValue\",\"minValue\":\"11\",\"maxValue\":\"50\"}},{\"@type\":\"Person\",\"@id\":\"https:\\\/\\\/www.webdo.tn\\\/fr\\\/#\\\/schema\\\/person\\\/c652cd8fc2b1b44412b5ffb48c5a911d\",\"name\":\"Mohamed Hedi Touati\",\"image\":{\"@type\":\"ImageObject\",\"inLanguage\":\"fr-FR\",\"@id\":\"https:\\\/\\\/secure.gravatar.com\\\/avatar\\\/9cfd402c745b7a685f13eed0ea6e59d2144a3c2fc50a3db6fd5ed451f6cddf1a?s=96&d=mm&r=g\",\"url\":\"https:\\\/\\\/secure.gravatar.com\\\/avatar\\\/9cfd402c745b7a685f13eed0ea6e59d2144a3c2fc50a3db6fd5ed451f6cddf1a?s=96&d=mm&r=g\",\"contentUrl\":\"https:\\\/\\\/secure.gravatar.com\\\/avatar\\\/9cfd402c745b7a685f13eed0ea6e59d2144a3c2fc50a3db6fd5ed451f6cddf1a?s=96&d=mm&r=g\",\"caption\":\"Mohamed Hedi Touati\"},\"url\":\"https:\\\/\\\/www.webdo.tn\\\/fr\\\/actualite\\\/author\\\/mohamed-hedi-touati\\\/\"}]}<\/script>\n<!-- \/ Yoast SEO Premium plugin. -->","yoast_head_json":{"title":"Tunisie Telecom et l\u2019ES Sahel relancent \"L\u2019\u00c9toile Mobile\" et scellent un partenariat strat\u00e9gique - webdo","description":"Tunisie Telecom et l\u2019\u00c9toile du Sahel relancent leur partenariat avec l\u2019offre mobile L\u2019\u00c9toile Mobile pour les fans du club.","canonical":"https:\/\/www.webdo.tn\/fr\/actualite\/sport\/tunisie-telecom-et-les-sahel-relancent-letoile-mobile-et-scellent-un-partenariat-strategique\/379077\/","og_locale":"fr_FR","og_type":"article","og_title":"Tunisie Telecom et l\u2019ES Sahel relancent \"L\u2019\u00c9toile Mobile\" et scellent un partenariat strat\u00e9gique","og_description":"Tunisie Telecom et l\u2019\u00c9toile du Sahel relancent leur partenariat avec l\u2019offre mobile L\u2019\u00c9toile Mobile pour les fans du club.","og_url":"https:\/\/www.webdo.tn\/fr\/actualite\/sport\/tunisie-telecom-et-les-sahel-relancent-letoile-mobile-et-scellent-un-partenariat-strategique\/379077\/","og_site_name":"webdo","article_publisher":"https:\/\/www.facebook.com\/webdotn","article_published_time":"2025-07-05T07:42:37+00:00","article_modified_time":"2025-07-05T11:04:57+00:00","og_image":[{"width":2560,"height":1706,"url":"https:\/\/www.webdo.tn\/fr\/wp-content\/uploads\/2025\/07\/TT-ESS-1-scaled.jpg","type":"image\/jpeg"}],"author":"Mohamed Hedi Touati","twitter_card":"summary_large_image","twitter_creator":"@webdo_tn","twitter_site":"@webdo_tn","twitter_misc":{"\u00c9crit par":"Mohamed Hedi Touati","Dur\u00e9e de lecture estim\u00e9e":"3 minutes"},"schema":{"@context":"https:\/\/schema.org","@graph":[{"@type":"NewsArticle","@id":"https:\/\/www.webdo.tn\/fr\/actualite\/sport\/tunisie-telecom-et-les-sahel-relancent-letoile-mobile-et-scellent-un-partenariat-strategique\/379077\/#article","isPartOf":{"@id":"https:\/\/www.webdo.tn\/fr\/actualite\/sport\/tunisie-telecom-et-les-sahel-relancent-letoile-mobile-et-scellent-un-partenariat-strategique\/379077\/"},"author":{"name":"Mohamed Hedi Touati","@id":"https:\/\/www.webdo.tn\/fr\/#\/schema\/person\/c652cd8fc2b1b44412b5ffb48c5a911d"},"headline":"Tunisie Telecom et l\u2019ES Sahel relancent \u00ab\u00a0L\u2019\u00c9toile Mobile\u00a0\u00bb et scellent un partenariat strat\u00e9gique","datePublished":"2025-07-05T07:42:37+00:00","dateModified":"2025-07-05T11:04:57+00:00","mainEntityOfPage":{"@id":"https:\/\/www.webdo.tn\/fr\/actualite\/sport\/tunisie-telecom-et-les-sahel-relancent-letoile-mobile-et-scellent-un-partenariat-strategique\/379077\/"},"wordCount":461,"commentCount":0,"publisher":{"@id":"https:\/\/www.webdo.tn\/fr\/#organization"},"image":{"@id":"https:\/\/www.webdo.tn\/fr\/actualite\/sport\/tunisie-telecom-et-les-sahel-relancent-letoile-mobile-et-scellent-un-partenariat-strategique\/379077\/#primaryimage"},"thumbnailUrl":"https:\/\/www.webdo.tn\/fr\/wp-content\/uploads\/2025\/07\/TT-ESS-1-scaled.jpg","keywords":["Etoile Sportive du Sahel","L'Etoile Mobile","Tunisie","Tunisie Telecom"],"articleSection":["Sport"],"inLanguage":"fr-FR"},{"@type":"WebPage","@id":"https:\/\/www.webdo.tn\/fr\/actualite\/sport\/tunisie-telecom-et-les-sahel-relancent-letoile-mobile-et-scellent-un-partenariat-strategique\/379077\/","url":"https:\/\/www.webdo.tn\/fr\/actualite\/sport\/tunisie-telecom-et-les-sahel-relancent-letoile-mobile-et-scellent-un-partenariat-strategique\/379077\/","name":"Tunisie Telecom et l\u2019ES Sahel relancent \"L\u2019\u00c9toile Mobile\" et scellent un partenariat strat\u00e9gique - webdo","isPartOf":{"@id":"https:\/\/www.webdo.tn\/fr\/#website"},"primaryImageOfPage":{"@id":"https:\/\/www.webdo.tn\/fr\/actualite\/sport\/tunisie-telecom-et-les-sahel-relancent-letoile-mobile-et-scellent-un-partenariat-strategique\/379077\/#primaryimage"},"image":{"@id":"https:\/\/www.webdo.tn\/fr\/actualite\/sport\/tunisie-telecom-et-les-sahel-relancent-letoile-mobile-et-scellent-un-partenariat-strategique\/379077\/#primaryimage"},"thumbnailUrl":"https:\/\/www.webdo.tn\/fr\/wp-content\/uploads\/2025\/07\/TT-ESS-1-scaled.jpg","datePublished":"2025-07-05T07:42:37+00:00","dateModified":"2025-07-05T11:04:57+00:00","description":"Tunisie Telecom et l\u2019\u00c9toile du Sahel relancent leur partenariat avec l\u2019offre mobile L\u2019\u00c9toile Mobile pour les fans du club.","breadcrumb":{"@id":"https:\/\/www.webdo.tn\/fr\/actualite\/sport\/tunisie-telecom-et-les-sahel-relancent-letoile-mobile-et-scellent-un-partenariat-strategique\/379077\/#breadcrumb"},"inLanguage":"fr-FR","potentialAction":[{"@type":"ReadAction","target":["https:\/\/www.webdo.tn\/fr\/actualite\/sport\/tunisie-telecom-et-les-sahel-relancent-letoile-mobile-et-scellent-un-partenariat-strategique\/379077\/"]}]},{"@type":"ImageObject","inLanguage":"fr-FR","@id":"https:\/\/www.webdo.tn\/fr\/actualite\/sport\/tunisie-telecom-et-les-sahel-relancent-letoile-mobile-et-scellent-un-partenariat-strategique\/379077\/#primaryimage","url":"https:\/\/www.webdo.tn\/fr\/wp-content\/uploads\/2025\/07\/TT-ESS-1-scaled.jpg","contentUrl":"https:\/\/www.webdo.tn\/fr\/wp-content\/uploads\/2025\/07\/TT-ESS-1-scaled.jpg","width":2560,"height":1706,"caption":"Un partenariat strat\u00e9gique entre Tunisie Telecom et l\u2019ESS voit le jour \u00e0 Sousse"},{"@type":"BreadcrumbList","@id":"https:\/\/www.webdo.tn\/fr\/actualite\/sport\/tunisie-telecom-et-les-sahel-relancent-letoile-mobile-et-scellent-un-partenariat-strategique\/379077\/#breadcrumb","itemListElement":[{"@type":"ListItem","position":1,"name":"Accueil","item":"https:\/\/www.webdo.tn\/fr\/"},{"@type":"ListItem","position":2,"name":"Tunisie Telecom et l\u2019ES Sahel relancent \u00ab\u00a0L\u2019\u00c9toile Mobile\u00a0\u00bb et scellent un partenariat strat\u00e9gique"}]},{"@type":"WebSite","@id":"https:\/\/www.webdo.tn\/fr\/#website","url":"https:\/\/www.webdo.tn\/fr\/","name":"webdo","description":"Tunisie - News en Tunisie et \u00e0 l&#039;international sur Webdo.tn","publisher":{"@id":"https:\/\/www.webdo.tn\/fr\/#organization"},"potentialAction":[{"@type":"SearchAction","target":{"@type":"EntryPoint","urlTemplate":"https:\/\/www.webdo.tn\/fr\/?s={search_term_string}"},"query-input":{"@type":"PropertyValueSpecification","valueRequired":true,"valueName":"search_term_string"}}],"inLanguage":"fr-FR"},{"@type":"Organization","@id":"https:\/\/www.webdo.tn\/fr\/#organization","name":"Webdo","alternateName":"Webdo.tn","url":"https:\/\/www.webdo.tn\/fr\/","logo":{"@type":"ImageObject","inLanguage":"fr-FR","@id":"https:\/\/www.webdo.tn\/fr\/#\/schema\/logo\/image\/","url":"https:\/\/www.webdo.tn\/fr\/wp-content\/uploads\/2025\/06\/Webdo-Tunisie_168377.jpg","contentUrl":"https:\/\/www.webdo.tn\/fr\/wp-content\/uploads\/2025\/06\/Webdo-Tunisie_168377.jpg","width":301,"height":301,"caption":"Webdo"},"image":{"@id":"https:\/\/www.webdo.tn\/fr\/#\/schema\/logo\/image\/"},"sameAs":["https:\/\/www.facebook.com\/webdotn","https:\/\/x.com\/webdo_tn"],"description":"Webdo est un m\u00e9dia num\u00e9rique tunisien fond\u00e9 en 2010, sp\u00e9cialis\u00e9 dans l\u2019actualit\u00e9 nationale et internationale, l\u2019\u00e9conomie, la soci\u00e9t\u00e9 et les analyses politiques. Le site s\u2019adresse \u00e0 un large public francophone et couvre l\u2019information tunisienne en temps r\u00e9el.","email":"redac@webdo.tn","legalName":"YNJ SARL","foundingDate":"2010-09-06","numberOfEmployees":{"@type":"QuantitativeValue","minValue":"11","maxValue":"50"}},{"@type":"Person","@id":"https:\/\/www.webdo.tn\/fr\/#\/schema\/person\/c652cd8fc2b1b44412b5ffb48c5a911d","name":"Mohamed Hedi Touati","image":{"@type":"ImageObject","inLanguage":"fr-FR","@id":"https:\/\/secure.gravatar.com\/avatar\/9cfd402c745b7a685f13eed0ea6e59d2144a3c2fc50a3db6fd5ed451f6cddf1a?s=96&d=mm&r=g","url":"https:\/\/secure.gravatar.com\/avatar\/9cfd402c745b7a685f13eed0ea6e59d2144a3c2fc50a3db6fd5ed451f6cddf1a?s=96&d=mm&r=g","contentUrl":"https:\/\/secure.gravatar.com\/avatar\/9cfd402c745b7a685f13eed0ea6e59d2144a3c2fc50a3db6fd5ed451f6cddf1a?s=96&d=mm&r=g","caption":"Mohamed Hedi Touati"},"url":"https:\/\/www.webdo.tn\/fr\/actualite\/author\/mohamed-hedi-touati\/"}]}},"_links":{"self":[{"href":"https:\/\/www.webdo.tn\/fr\/wp-json\/wp\/v2\/posts\/379077","targetHints":{"allow":["GET"]}}],"collection":[{"href":"https:\/\/www.webdo.tn\/fr\/wp-json\/wp\/v2\/posts"}],"about":[{"href":"https:\/\/www.webdo.tn\/fr\/wp-json\/wp\/v2\/types\/post"}],"author":[{"embeddable":true,"href":"https:\/\/www.webdo.tn\/fr\/wp-json\/wp\/v2\/users\/3191"}],"replies":[{"embeddable":true,"href":"https:\/\/www.webdo.tn\/fr\/wp-json\/wp\/v2\/comments?post=379077"}],"version-history":[{"count":0,"href":"https:\/\/www.webdo.tn\/fr\/wp-json\/wp\/v2\/posts\/379077\/revisions"}],"wp:featuredmedia":[{"embeddable":true,"href":"https:\/\/www.webdo.tn\/fr\/wp-json\/wp\/v2\/media\/379079"}],"wp:attachment":[{"href":"https:\/\/www.webdo.tn\/fr\/wp-json\/wp\/v2\/media?parent=379077"}],"wp:term":[{"taxonomy":"category","embeddable":true,"href":"https:\/\/www.webdo.tn\/fr\/wp-json\/wp\/v2\/categories?post=379077"},{"taxonomy":"post_tag","embeddable":true,"href":"https:\/\/www.webdo.tn\/fr\/wp-json\/wp\/v2\/tags?post=379077"}],"curies":[{"name":"wp","href":"https:\/\/api.w.org\/{rel}","templated":true}]}}