{"id":379073,"date":"2025-07-05T05:38:30","date_gmt":"2025-07-05T04:38:30","guid":{"rendered":"https:\/\/www.webdo.tn\/fr\/?p=379073"},"modified":"2025-07-05T10:57:02","modified_gmt":"2025-07-05T09:57:02","slug":"gaza-un-cessez%e2%80%91le%e2%80%91feu-de-60-jours-en-vue-le-hamas-dit-oui","status":"publish","type":"post","link":"https:\/\/www.webdo.tn\/fr\/actualite\/international\/gaza-un-cessez%e2%80%91le%e2%80%91feu-de-60-jours-en-vue-le-hamas-dit-oui\/379073\/","title":{"rendered":"Gaza : un cessez\u2011le\u2011feu de 60 jours en vue, le Hamas dit oui"},"content":{"rendered":"\n<p><strong>Le mouvement Hamas a annonc\u00e9, vendredi soir, avoir donn\u00e9 une r\u00e9ponse positive \u00e0 une proposition de cessez\u2011le\u2011feu de 60\u202fjours dans la bande de Gaza, parrain\u00e9e par les \u00c9tats\u2011Unis et relay\u00e9e par des m\u00e9diateurs qataris et \u00e9gyptiens. Il se dit pr\u00eat \u00e0 engager imm\u00e9diatement des n\u00e9gociations sur la mise en \u0153uvre de ce plan.<\/strong><\/p>\n\n\n\n<p>Hamas a pr\u00e9cis\u00e9 qu\u2019il travaillait avec d\u2019autres factions palestiniennes, notamment le <strong>Jihad islamique<\/strong>, qui a exprim\u00e9 son soutien, tout en exigeant des <strong>garanties<\/strong> pour assurer un cessez\u2011le\u2011feu <strong>permanent<\/strong>, sans reprise des hostilit\u00e9s apr\u00e8s la lib\u00e9ration des otages.<\/p>\n\n\n\n<p>Cette d\u00e9claration pr\u00e9c\u00e8de la visite du Premier ministre isra\u00e9lien <strong>Benjamin Netanyahu<\/strong> \u00e0 Washington, pr\u00e9vue lundi, o\u00f9 le pr\u00e9sident am\u00e9ricain <strong>Donald Trump<\/strong> souhaite acc\u00e9l\u00e9rer la paix apr\u00e8s un conflit qui dure depuis <strong>21\u202fmois<\/strong>.<\/p>\n\n\n\n<p>A bord de l\u2019Air Force One, Trump a affirm\u00e9 que le plan pourrait \u00eatre mis en \u0153uvre <strong>d\u00e8s la semaine prochaine<\/strong>, m\u00eame s\u2019il n\u2019a pas encore \u00e9t\u00e9 inform\u00e9 des d\u00e9tails des n\u00e9gociations. Il a remerci\u00e9 le <strong>Qatar et l\u2019\u00c9gypte<\/strong> pour leur r\u00f4le dans l\u2019avanc\u00e9e du dossier et a lanc\u00e9 un ultime avertissement au Hamas\u202f: \u00ab\u202fce pacte, c\u2019est maintenant ou jamais \u00bb.<\/p>\n\n\n\n<p>Dans les grandes lignes du projet\u202f: <strong>lib\u00e9ration de dix otages isra\u00e9liens (vivants et d\u00e9c\u00e9d\u00e9s)<\/strong> pendant la tr\u00eave, avec une premi\u00e8re lib\u00e9ration de <strong>huit vivants<\/strong> le premier jour, contre des prisonniers palestiniens . En \u00e9change, Isra\u00ebl s\u2019engagerait \u00e0 se retirer partiellement du nord de Gaza et \u00e0 autoriser un <strong>important afflux d\u2019aide humanitaire<\/strong> par des canaux classiques, sans passer par le controvers\u00e9 Fonds humanitaire isra\u00e9lien.<\/p>\n\n\n\n<p>La <strong>d\u00e9fense civile palestinienne<\/strong> \u00e9voque plus de <strong>50\u202fmorts<\/strong> jeudi, victimes de frappes isra\u00e9liennes, dont plusieurs personnes tu\u00e9es alors qu\u2019elles faisaient la queue pour recevoir de l\u2019aide . Depuis le d\u00e9but du conflit, on d\u00e9nombre au moins <strong>57\u202f268\u202fmorts<\/strong> c\u00f4t\u00e9 palestinien, selon le minist\u00e8re de la Sant\u00e9 de Gaza.<\/p>\n\n\n\n<p>Un interlocuteur palestino\u2011am\u00e9ricain proche du dossier, <strong>Bishara\u202fBahbah<\/strong>, a salu\u00e9 cette \u00e9volution\u202f: \u00ab\u202fnous sommes aujourd\u2019hui plus proches que jamais de la fin de cette guerre maudite \u00bb. <\/p>\n","protected":false},"excerpt":{"rendered":"<p>Le mouvement Hamas a annonc\u00e9, vendredi soir, avoir donn\u00e9 une r\u00e9ponse positive \u00e0 une proposition de cessez\u2011le\u2011feu de 60\u202fjours dans la bande de Gaza, parrain\u00e9e par les \u00c9tats\u2011Unis et relay\u00e9e par des m\u00e9diateurs qataris et \u00e9gyptiens. Il se dit pr\u00eat \u00e0 engager imm\u00e9diatement des n\u00e9gociations sur la mise en \u0153uvre de ce plan. Hamas a [&hellip;]<\/p>\n","protected":false},"author":3183,"featured_media":366087,"comment_status":"open","ping_status":"open","sticky":false,"template":"","format":"standard","meta":{"footnotes":""},"categories":[2598],"tags":[2689,2600,3349,3309],"class_list":["post-379073","post","type-post","status-publish","format-standard","has-post-thumbnail","hentry","category-international","tag-gaza","tag-guerre","tag-hamas","tag-trump"],"yoast_head":"<!-- This site is optimized with the Yoast SEO Premium plugin v27.4 (Yoast SEO v27.4) - https:\/\/yoast.com\/product\/yoast-seo-premium-wordpress\/ -->\n<title>Gaza : un cessez\u2011le\u2011feu de 60 jours en vue, le Hamas dit oui - webdo<\/title>\n<meta name=\"description\" content=\"Le Hamas a accept\u00e9 un cessez\u2011le\u2011feu de 60 jours \u00e0 Gaza, ouvrant la voie \u00e0 des n\u00e9gociations selon des m\u00e9diateurs internationaux.\" \/>\n<link rel=\"canonical\" href=\"https:\/\/www.webdo.tn\/fr\/actualite\/international\/gaza-un-cessez\u2011le\u2011feu-de-60-jours-en-vue-le-hamas-dit-oui\/379073\/\" \/>\n<meta property=\"og:locale\" content=\"fr_FR\" \/>\n<meta property=\"og:type\" content=\"article\" \/>\n<meta property=\"og:title\" content=\"Gaza : un cessez\u2011le\u2011feu de 60 jours en vue, le Hamas dit oui\" \/>\n<meta property=\"og:description\" content=\"Le Hamas a accept\u00e9 un cessez\u2011le\u2011feu de 60 jours \u00e0 Gaza, ouvrant la voie \u00e0 des n\u00e9gociations selon des m\u00e9diateurs internationaux.\" \/>\n<meta property=\"og:url\" content=\"https:\/\/www.webdo.tn\/fr\/actualite\/international\/gaza-un-cessez\u2011le\u2011feu-de-60-jours-en-vue-le-hamas-dit-oui\/379073\/\" \/>\n<meta property=\"og:site_name\" content=\"webdo\" \/>\n<meta property=\"article:publisher\" content=\"https:\/\/www.facebook.com\/webdotn\" \/>\n<meta property=\"article:author\" content=\"https:\/\/www.facebook.com\/wby.webdo\" \/>\n<meta property=\"article:published_time\" content=\"2025-07-05T04:38:30+00:00\" \/>\n<meta property=\"article:modified_time\" content=\"2025-07-05T09:57:02+00:00\" \/>\n<meta property=\"og:image\" content=\"https:\/\/www.webdo.tn\/fr\/wp-content\/uploads\/2025\/05\/d8b1b9d4b786d42eef324df6335cd999.webp\" \/>\n\t<meta property=\"og:image:width\" content=\"750\" \/>\n\t<meta property=\"og:image:height\" content=\"400\" \/>\n\t<meta property=\"og:image:type\" content=\"image\/webp\" \/>\n<meta name=\"author\" content=\"Walid Ben Youssef\" \/>\n<meta name=\"twitter:card\" content=\"summary_large_image\" \/>\n<meta name=\"twitter:creator\" content=\"@webdo_tn\" \/>\n<meta name=\"twitter:site\" content=\"@webdo_tn\" \/>\n<meta name=\"twitter:label1\" content=\"\u00c9crit par\" \/>\n\t<meta name=\"twitter:data1\" content=\"Walid Ben Youssef\" \/>\n\t<meta name=\"twitter:label2\" content=\"Dur\u00e9e de lecture estim\u00e9e\" \/>\n\t<meta name=\"twitter:data2\" content=\"2 minutes\" \/>\n<script type=\"application\/ld+json\" class=\"yoast-schema-graph\">{\"@context\":\"https:\\\/\\\/schema.org\",\"@graph\":[{\"@type\":\"NewsArticle\",\"@id\":\"https:\\\/\\\/www.webdo.tn\\\/fr\\\/actualite\\\/international\\\/gaza-un-cessez%e2%80%91le%e2%80%91feu-de-60-jours-en-vue-le-hamas-dit-oui\\\/379073\\\/#article\",\"isPartOf\":{\"@id\":\"https:\\\/\\\/www.webdo.tn\\\/fr\\\/actualite\\\/international\\\/gaza-un-cessez%e2%80%91le%e2%80%91feu-de-60-jours-en-vue-le-hamas-dit-oui\\\/379073\\\/\"},\"author\":{\"name\":\"Walid Ben Youssef\",\"@id\":\"https:\\\/\\\/www.webdo.tn\\\/fr\\\/#\\\/schema\\\/person\\\/2c509d3aeb706736cdf7dc93d76b6fe1\"},\"headline\":\"Gaza : un cessez\u2011le\u2011feu de 60 jours en vue, le Hamas dit oui\",\"datePublished\":\"2025-07-05T04:38:30+00:00\",\"dateModified\":\"2025-07-05T09:57:02+00:00\",\"mainEntityOfPage\":{\"@id\":\"https:\\\/\\\/www.webdo.tn\\\/fr\\\/actualite\\\/international\\\/gaza-un-cessez%e2%80%91le%e2%80%91feu-de-60-jours-en-vue-le-hamas-dit-oui\\\/379073\\\/\"},\"wordCount\":389,\"commentCount\":0,\"publisher\":{\"@id\":\"https:\\\/\\\/www.webdo.tn\\\/fr\\\/#organization\"},\"image\":{\"@id\":\"https:\\\/\\\/www.webdo.tn\\\/fr\\\/actualite\\\/international\\\/gaza-un-cessez%e2%80%91le%e2%80%91feu-de-60-jours-en-vue-le-hamas-dit-oui\\\/379073\\\/#primaryimage\"},\"thumbnailUrl\":\"https:\\\/\\\/www.webdo.tn\\\/fr\\\/wp-content\\\/uploads\\\/2025\\\/05\\\/d8b1b9d4b786d42eef324df6335cd999.webp\",\"keywords\":[\"Gaza\",\"guerre\",\"hamas\",\"trump\"],\"articleSection\":[\"International\"],\"inLanguage\":\"fr-FR\"},{\"@type\":\"WebPage\",\"@id\":\"https:\\\/\\\/www.webdo.tn\\\/fr\\\/actualite\\\/international\\\/gaza-un-cessez%e2%80%91le%e2%80%91feu-de-60-jours-en-vue-le-hamas-dit-oui\\\/379073\\\/\",\"url\":\"https:\\\/\\\/www.webdo.tn\\\/fr\\\/actualite\\\/international\\\/gaza-un-cessez%e2%80%91le%e2%80%91feu-de-60-jours-en-vue-le-hamas-dit-oui\\\/379073\\\/\",\"name\":\"Gaza : un cessez\u2011le\u2011feu de 60 jours en vue, le Hamas dit oui - webdo\",\"isPartOf\":{\"@id\":\"https:\\\/\\\/www.webdo.tn\\\/fr\\\/#website\"},\"primaryImageOfPage\":{\"@id\":\"https:\\\/\\\/www.webdo.tn\\\/fr\\\/actualite\\\/international\\\/gaza-un-cessez%e2%80%91le%e2%80%91feu-de-60-jours-en-vue-le-hamas-dit-oui\\\/379073\\\/#primaryimage\"},\"image\":{\"@id\":\"https:\\\/\\\/www.webdo.tn\\\/fr\\\/actualite\\\/international\\\/gaza-un-cessez%e2%80%91le%e2%80%91feu-de-60-jours-en-vue-le-hamas-dit-oui\\\/379073\\\/#primaryimage\"},\"thumbnailUrl\":\"https:\\\/\\\/www.webdo.tn\\\/fr\\\/wp-content\\\/uploads\\\/2025\\\/05\\\/d8b1b9d4b786d42eef324df6335cd999.webp\",\"datePublished\":\"2025-07-05T04:38:30+00:00\",\"dateModified\":\"2025-07-05T09:57:02+00:00\",\"description\":\"Le Hamas a accept\u00e9 un cessez\u2011le\u2011feu de 60 jours \u00e0 Gaza, ouvrant la voie \u00e0 des n\u00e9gociations selon des m\u00e9diateurs internationaux.\",\"breadcrumb\":{\"@id\":\"https:\\\/\\\/www.webdo.tn\\\/fr\\\/actualite\\\/international\\\/gaza-un-cessez%e2%80%91le%e2%80%91feu-de-60-jours-en-vue-le-hamas-dit-oui\\\/379073\\\/#breadcrumb\"},\"inLanguage\":\"fr-FR\",\"potentialAction\":[{\"@type\":\"ReadAction\",\"target\":[\"https:\\\/\\\/www.webdo.tn\\\/fr\\\/actualite\\\/international\\\/gaza-un-cessez%e2%80%91le%e2%80%91feu-de-60-jours-en-vue-le-hamas-dit-oui\\\/379073\\\/\"]}]},{\"@type\":\"ImageObject\",\"inLanguage\":\"fr-FR\",\"@id\":\"https:\\\/\\\/www.webdo.tn\\\/fr\\\/actualite\\\/international\\\/gaza-un-cessez%e2%80%91le%e2%80%91feu-de-60-jours-en-vue-le-hamas-dit-oui\\\/379073\\\/#primaryimage\",\"url\":\"https:\\\/\\\/www.webdo.tn\\\/fr\\\/wp-content\\\/uploads\\\/2025\\\/05\\\/d8b1b9d4b786d42eef324df6335cd999.webp\",\"contentUrl\":\"https:\\\/\\\/www.webdo.tn\\\/fr\\\/wp-content\\\/uploads\\\/2025\\\/05\\\/d8b1b9d4b786d42eef324df6335cd999.webp\",\"width\":750,\"height\":400,\"caption\":\"Gaza : L\u2019Union europ\u00e9enne d\u00e9cide de r\u00e9examiner son accord avec Isra\u00ebl\"},{\"@type\":\"BreadcrumbList\",\"@id\":\"https:\\\/\\\/www.webdo.tn\\\/fr\\\/actualite\\\/international\\\/gaza-un-cessez%e2%80%91le%e2%80%91feu-de-60-jours-en-vue-le-hamas-dit-oui\\\/379073\\\/#breadcrumb\",\"itemListElement\":[{\"@type\":\"ListItem\",\"position\":1,\"name\":\"Accueil\",\"item\":\"https:\\\/\\\/www.webdo.tn\\\/fr\\\/\"},{\"@type\":\"ListItem\",\"position\":2,\"name\":\"Gaza : un cessez\u2011le\u2011feu de 60 jours en vue, le Hamas dit oui\"}]},{\"@type\":\"WebSite\",\"@id\":\"https:\\\/\\\/www.webdo.tn\\\/fr\\\/#website\",\"url\":\"https:\\\/\\\/www.webdo.tn\\\/fr\\\/\",\"name\":\"webdo\",\"description\":\"Tunisie - News en Tunisie et \u00e0 l&#039;international sur Webdo.tn\",\"publisher\":{\"@id\":\"https:\\\/\\\/www.webdo.tn\\\/fr\\\/#organization\"},\"potentialAction\":[{\"@type\":\"SearchAction\",\"target\":{\"@type\":\"EntryPoint\",\"urlTemplate\":\"https:\\\/\\\/www.webdo.tn\\\/fr\\\/?s={search_term_string}\"},\"query-input\":{\"@type\":\"PropertyValueSpecification\",\"valueRequired\":true,\"valueName\":\"search_term_string\"}}],\"inLanguage\":\"fr-FR\"},{\"@type\":\"Organization\",\"@id\":\"https:\\\/\\\/www.webdo.tn\\\/fr\\\/#organization\",\"name\":\"Webdo\",\"alternateName\":\"Webdo.tn\",\"url\":\"https:\\\/\\\/www.webdo.tn\\\/fr\\\/\",\"logo\":{\"@type\":\"ImageObject\",\"inLanguage\":\"fr-FR\",\"@id\":\"https:\\\/\\\/www.webdo.tn\\\/fr\\\/#\\\/schema\\\/logo\\\/image\\\/\",\"url\":\"https:\\\/\\\/www.webdo.tn\\\/fr\\\/wp-content\\\/uploads\\\/2025\\\/06\\\/Webdo-Tunisie_168377.jpg\",\"contentUrl\":\"https:\\\/\\\/www.webdo.tn\\\/fr\\\/wp-content\\\/uploads\\\/2025\\\/06\\\/Webdo-Tunisie_168377.jpg\",\"width\":301,\"height\":301,\"caption\":\"Webdo\"},\"image\":{\"@id\":\"https:\\\/\\\/www.webdo.tn\\\/fr\\\/#\\\/schema\\\/logo\\\/image\\\/\"},\"sameAs\":[\"https:\\\/\\\/www.facebook.com\\\/webdotn\",\"https:\\\/\\\/x.com\\\/webdo_tn\"],\"description\":\"Webdo est un m\u00e9dia num\u00e9rique tunisien fond\u00e9 en 2010, sp\u00e9cialis\u00e9 dans l\u2019actualit\u00e9 nationale et internationale, l\u2019\u00e9conomie, la soci\u00e9t\u00e9 et les analyses politiques. Le site s\u2019adresse \u00e0 un large public francophone et couvre l\u2019information tunisienne en temps r\u00e9el.\",\"email\":\"redac@webdo.tn\",\"legalName\":\"YNJ SARL\",\"foundingDate\":\"2010-09-06\",\"numberOfEmployees\":{\"@type\":\"QuantitativeValue\",\"minValue\":\"11\",\"maxValue\":\"50\"}},{\"@type\":\"Person\",\"@id\":\"https:\\\/\\\/www.webdo.tn\\\/fr\\\/#\\\/schema\\\/person\\\/2c509d3aeb706736cdf7dc93d76b6fe1\",\"name\":\"Walid Ben Youssef\",\"image\":{\"@type\":\"ImageObject\",\"inLanguage\":\"fr-FR\",\"@id\":\"https:\\\/\\\/www.webdo.tn\\\/fr\\\/wp-content\\\/uploads\\\/2026\\\/04\\\/walid-ben-youssef_avatar-96x96.jpg\",\"url\":\"https:\\\/\\\/www.webdo.tn\\\/fr\\\/wp-content\\\/uploads\\\/2026\\\/04\\\/walid-ben-youssef_avatar-96x96.jpg\",\"contentUrl\":\"https:\\\/\\\/www.webdo.tn\\\/fr\\\/wp-content\\\/uploads\\\/2026\\\/04\\\/walid-ben-youssef_avatar-96x96.jpg\",\"caption\":\"Walid Ben Youssef\"},\"description\":\"Walid Ben Youssef est fondateur et directeur de publication de Webdo.tn, m\u00e9dia num\u00e9rique tunisien lanc\u00e9 en 2011. Journaliste depuis plus de 20 ans, il a d\u00e9but\u00e9 sa carri\u00e8re au sein du groupe Dar Tunis-Hebdo, o\u00f9 il a contribu\u00e9 d\u00e8s le d\u00e9but des ann\u00e9es 2000 au d\u00e9veloppement des premi\u00e8res initiatives web du titre. Avant de fonder Webdo, il a occup\u00e9 les fonctions de directeur adjoint du groupe Dar Tunis-Hebdo, participant au d\u00e9veloppement \u00e9ditorial, publicitaire et num\u00e9rique du groupe. Sp\u00e9cialis\u00e9 dans les m\u00e9dias num\u00e9riques, la transformation digitale de l\u2019information et l\u2019actualit\u00e9 nationale et internationale, il supervise la ligne \u00e9ditoriale de Webdo et pilote son d\u00e9veloppement strat\u00e9gique. Dipl\u00f4m\u00e9 en math\u00e9matiques de l\u2019Universit\u00e9 d\u2019Oregon (\u00c9tats-Unis), il associe une approche analytique \u00e0 une expertise de terrain du journalisme. \ud83d\udd17 Facebook : https:\\\/\\\/www.facebook.com\\\/wby.webdo\",\"sameAs\":[\"https:\\\/\\\/www.facebook.com\\\/wby.webdo\"],\"knowsAbout\":[\"journalisme\",\"m\u00e9dias num\u00e9riques\",\"transformation digitale\",\"actualit\u00e9 tunisienne\",\"g\u00e9opolitique\"],\"knowsLanguage\":[\"Fran\u00e7ais\",\"Arabe\",\"Anglais\"],\"jobTitle\":\"Fondateur et directeur de publication\",\"worksFor\":\"Webdo.tn\",\"url\":\"https:\\\/\\\/www.webdo.tn\\\/fr\\\/actualite\\\/author\\\/walid-ben-youssef\\\/\"}]}<\/script>\n<!-- \/ Yoast SEO Premium plugin. -->","yoast_head_json":{"title":"Gaza : un cessez\u2011le\u2011feu de 60 jours en vue, le Hamas dit oui - webdo","description":"Le Hamas a accept\u00e9 un cessez\u2011le\u2011feu de 60 jours \u00e0 Gaza, ouvrant la voie \u00e0 des n\u00e9gociations selon des m\u00e9diateurs internationaux.","canonical":"https:\/\/www.webdo.tn\/fr\/actualite\/international\/gaza-un-cessez\u2011le\u2011feu-de-60-jours-en-vue-le-hamas-dit-oui\/379073\/","og_locale":"fr_FR","og_type":"article","og_title":"Gaza : un cessez\u2011le\u2011feu de 60 jours en vue, le Hamas dit oui","og_description":"Le Hamas a accept\u00e9 un cessez\u2011le\u2011feu de 60 jours \u00e0 Gaza, ouvrant la voie \u00e0 des n\u00e9gociations selon des m\u00e9diateurs internationaux.","og_url":"https:\/\/www.webdo.tn\/fr\/actualite\/international\/gaza-un-cessez\u2011le\u2011feu-de-60-jours-en-vue-le-hamas-dit-oui\/379073\/","og_site_name":"webdo","article_publisher":"https:\/\/www.facebook.com\/webdotn","article_author":"https:\/\/www.facebook.com\/wby.webdo","article_published_time":"2025-07-05T04:38:30+00:00","article_modified_time":"2025-07-05T09:57:02+00:00","og_image":[{"width":750,"height":400,"url":"https:\/\/www.webdo.tn\/fr\/wp-content\/uploads\/2025\/05\/d8b1b9d4b786d42eef324df6335cd999.webp","type":"image\/webp"}],"author":"Walid Ben Youssef","twitter_card":"summary_large_image","twitter_creator":"@webdo_tn","twitter_site":"@webdo_tn","twitter_misc":{"\u00c9crit par":"Walid Ben Youssef","Dur\u00e9e de lecture estim\u00e9e":"2 minutes"},"schema":{"@context":"https:\/\/schema.org","@graph":[{"@type":"NewsArticle","@id":"https:\/\/www.webdo.tn\/fr\/actualite\/international\/gaza-un-cessez%e2%80%91le%e2%80%91feu-de-60-jours-en-vue-le-hamas-dit-oui\/379073\/#article","isPartOf":{"@id":"https:\/\/www.webdo.tn\/fr\/actualite\/international\/gaza-un-cessez%e2%80%91le%e2%80%91feu-de-60-jours-en-vue-le-hamas-dit-oui\/379073\/"},"author":{"name":"Walid Ben Youssef","@id":"https:\/\/www.webdo.tn\/fr\/#\/schema\/person\/2c509d3aeb706736cdf7dc93d76b6fe1"},"headline":"Gaza : un cessez\u2011le\u2011feu de 60 jours en vue, le Hamas dit oui","datePublished":"2025-07-05T04:38:30+00:00","dateModified":"2025-07-05T09:57:02+00:00","mainEntityOfPage":{"@id":"https:\/\/www.webdo.tn\/fr\/actualite\/international\/gaza-un-cessez%e2%80%91le%e2%80%91feu-de-60-jours-en-vue-le-hamas-dit-oui\/379073\/"},"wordCount":389,"commentCount":0,"publisher":{"@id":"https:\/\/www.webdo.tn\/fr\/#organization"},"image":{"@id":"https:\/\/www.webdo.tn\/fr\/actualite\/international\/gaza-un-cessez%e2%80%91le%e2%80%91feu-de-60-jours-en-vue-le-hamas-dit-oui\/379073\/#primaryimage"},"thumbnailUrl":"https:\/\/www.webdo.tn\/fr\/wp-content\/uploads\/2025\/05\/d8b1b9d4b786d42eef324df6335cd999.webp","keywords":["Gaza","guerre","hamas","trump"],"articleSection":["International"],"inLanguage":"fr-FR"},{"@type":"WebPage","@id":"https:\/\/www.webdo.tn\/fr\/actualite\/international\/gaza-un-cessez%e2%80%91le%e2%80%91feu-de-60-jours-en-vue-le-hamas-dit-oui\/379073\/","url":"https:\/\/www.webdo.tn\/fr\/actualite\/international\/gaza-un-cessez%e2%80%91le%e2%80%91feu-de-60-jours-en-vue-le-hamas-dit-oui\/379073\/","name":"Gaza : un cessez\u2011le\u2011feu de 60 jours en vue, le Hamas dit oui - webdo","isPartOf":{"@id":"https:\/\/www.webdo.tn\/fr\/#website"},"primaryImageOfPage":{"@id":"https:\/\/www.webdo.tn\/fr\/actualite\/international\/gaza-un-cessez%e2%80%91le%e2%80%91feu-de-60-jours-en-vue-le-hamas-dit-oui\/379073\/#primaryimage"},"image":{"@id":"https:\/\/www.webdo.tn\/fr\/actualite\/international\/gaza-un-cessez%e2%80%91le%e2%80%91feu-de-60-jours-en-vue-le-hamas-dit-oui\/379073\/#primaryimage"},"thumbnailUrl":"https:\/\/www.webdo.tn\/fr\/wp-content\/uploads\/2025\/05\/d8b1b9d4b786d42eef324df6335cd999.webp","datePublished":"2025-07-05T04:38:30+00:00","dateModified":"2025-07-05T09:57:02+00:00","description":"Le Hamas a accept\u00e9 un cessez\u2011le\u2011feu de 60 jours \u00e0 Gaza, ouvrant la voie \u00e0 des n\u00e9gociations selon des m\u00e9diateurs internationaux.","breadcrumb":{"@id":"https:\/\/www.webdo.tn\/fr\/actualite\/international\/gaza-un-cessez%e2%80%91le%e2%80%91feu-de-60-jours-en-vue-le-hamas-dit-oui\/379073\/#breadcrumb"},"inLanguage":"fr-FR","potentialAction":[{"@type":"ReadAction","target":["https:\/\/www.webdo.tn\/fr\/actualite\/international\/gaza-un-cessez%e2%80%91le%e2%80%91feu-de-60-jours-en-vue-le-hamas-dit-oui\/379073\/"]}]},{"@type":"ImageObject","inLanguage":"fr-FR","@id":"https:\/\/www.webdo.tn\/fr\/actualite\/international\/gaza-un-cessez%e2%80%91le%e2%80%91feu-de-60-jours-en-vue-le-hamas-dit-oui\/379073\/#primaryimage","url":"https:\/\/www.webdo.tn\/fr\/wp-content\/uploads\/2025\/05\/d8b1b9d4b786d42eef324df6335cd999.webp","contentUrl":"https:\/\/www.webdo.tn\/fr\/wp-content\/uploads\/2025\/05\/d8b1b9d4b786d42eef324df6335cd999.webp","width":750,"height":400,"caption":"Gaza : L\u2019Union europ\u00e9enne d\u00e9cide de r\u00e9examiner son accord avec Isra\u00ebl"},{"@type":"BreadcrumbList","@id":"https:\/\/www.webdo.tn\/fr\/actualite\/international\/gaza-un-cessez%e2%80%91le%e2%80%91feu-de-60-jours-en-vue-le-hamas-dit-oui\/379073\/#breadcrumb","itemListElement":[{"@type":"ListItem","position":1,"name":"Accueil","item":"https:\/\/www.webdo.tn\/fr\/"},{"@type":"ListItem","position":2,"name":"Gaza : un cessez\u2011le\u2011feu de 60 jours en vue, le Hamas dit oui"}]},{"@type":"WebSite","@id":"https:\/\/www.webdo.tn\/fr\/#website","url":"https:\/\/www.webdo.tn\/fr\/","name":"webdo","description":"Tunisie - News en Tunisie et \u00e0 l&#039;international sur Webdo.tn","publisher":{"@id":"https:\/\/www.webdo.tn\/fr\/#organization"},"potentialAction":[{"@type":"SearchAction","target":{"@type":"EntryPoint","urlTemplate":"https:\/\/www.webdo.tn\/fr\/?s={search_term_string}"},"query-input":{"@type":"PropertyValueSpecification","valueRequired":true,"valueName":"search_term_string"}}],"inLanguage":"fr-FR"},{"@type":"Organization","@id":"https:\/\/www.webdo.tn\/fr\/#organization","name":"Webdo","alternateName":"Webdo.tn","url":"https:\/\/www.webdo.tn\/fr\/","logo":{"@type":"ImageObject","inLanguage":"fr-FR","@id":"https:\/\/www.webdo.tn\/fr\/#\/schema\/logo\/image\/","url":"https:\/\/www.webdo.tn\/fr\/wp-content\/uploads\/2025\/06\/Webdo-Tunisie_168377.jpg","contentUrl":"https:\/\/www.webdo.tn\/fr\/wp-content\/uploads\/2025\/06\/Webdo-Tunisie_168377.jpg","width":301,"height":301,"caption":"Webdo"},"image":{"@id":"https:\/\/www.webdo.tn\/fr\/#\/schema\/logo\/image\/"},"sameAs":["https:\/\/www.facebook.com\/webdotn","https:\/\/x.com\/webdo_tn"],"description":"Webdo est un m\u00e9dia num\u00e9rique tunisien fond\u00e9 en 2010, sp\u00e9cialis\u00e9 dans l\u2019actualit\u00e9 nationale et internationale, l\u2019\u00e9conomie, la soci\u00e9t\u00e9 et les analyses politiques. Le site s\u2019adresse \u00e0 un large public francophone et couvre l\u2019information tunisienne en temps r\u00e9el.","email":"redac@webdo.tn","legalName":"YNJ SARL","foundingDate":"2010-09-06","numberOfEmployees":{"@type":"QuantitativeValue","minValue":"11","maxValue":"50"}},{"@type":"Person","@id":"https:\/\/www.webdo.tn\/fr\/#\/schema\/person\/2c509d3aeb706736cdf7dc93d76b6fe1","name":"Walid Ben Youssef","image":{"@type":"ImageObject","inLanguage":"fr-FR","@id":"https:\/\/www.webdo.tn\/fr\/wp-content\/uploads\/2026\/04\/walid-ben-youssef_avatar-96x96.jpg","url":"https:\/\/www.webdo.tn\/fr\/wp-content\/uploads\/2026\/04\/walid-ben-youssef_avatar-96x96.jpg","contentUrl":"https:\/\/www.webdo.tn\/fr\/wp-content\/uploads\/2026\/04\/walid-ben-youssef_avatar-96x96.jpg","caption":"Walid Ben Youssef"},"description":"Walid Ben Youssef est fondateur et directeur de publication de Webdo.tn, m\u00e9dia num\u00e9rique tunisien lanc\u00e9 en 2011. Journaliste depuis plus de 20 ans, il a d\u00e9but\u00e9 sa carri\u00e8re au sein du groupe Dar Tunis-Hebdo, o\u00f9 il a contribu\u00e9 d\u00e8s le d\u00e9but des ann\u00e9es 2000 au d\u00e9veloppement des premi\u00e8res initiatives web du titre. Avant de fonder Webdo, il a occup\u00e9 les fonctions de directeur adjoint du groupe Dar Tunis-Hebdo, participant au d\u00e9veloppement \u00e9ditorial, publicitaire et num\u00e9rique du groupe. Sp\u00e9cialis\u00e9 dans les m\u00e9dias num\u00e9riques, la transformation digitale de l\u2019information et l\u2019actualit\u00e9 nationale et internationale, il supervise la ligne \u00e9ditoriale de Webdo et pilote son d\u00e9veloppement strat\u00e9gique. Dipl\u00f4m\u00e9 en math\u00e9matiques de l\u2019Universit\u00e9 d\u2019Oregon (\u00c9tats-Unis), il associe une approche analytique \u00e0 une expertise de terrain du journalisme. \ud83d\udd17 Facebook : https:\/\/www.facebook.com\/wby.webdo","sameAs":["https:\/\/www.facebook.com\/wby.webdo"],"knowsAbout":["journalisme","m\u00e9dias num\u00e9riques","transformation digitale","actualit\u00e9 tunisienne","g\u00e9opolitique"],"knowsLanguage":["Fran\u00e7ais","Arabe","Anglais"],"jobTitle":"Fondateur et directeur de publication","worksFor":"Webdo.tn","url":"https:\/\/www.webdo.tn\/fr\/actualite\/author\/walid-ben-youssef\/"}]}},"_links":{"self":[{"href":"https:\/\/www.webdo.tn\/fr\/wp-json\/wp\/v2\/posts\/379073","targetHints":{"allow":["GET"]}}],"collection":[{"href":"https:\/\/www.webdo.tn\/fr\/wp-json\/wp\/v2\/posts"}],"about":[{"href":"https:\/\/www.webdo.tn\/fr\/wp-json\/wp\/v2\/types\/post"}],"author":[{"embeddable":true,"href":"https:\/\/www.webdo.tn\/fr\/wp-json\/wp\/v2\/users\/3183"}],"replies":[{"embeddable":true,"href":"https:\/\/www.webdo.tn\/fr\/wp-json\/wp\/v2\/comments?post=379073"}],"version-history":[{"count":0,"href":"https:\/\/www.webdo.tn\/fr\/wp-json\/wp\/v2\/posts\/379073\/revisions"}],"wp:featuredmedia":[{"embeddable":true,"href":"https:\/\/www.webdo.tn\/fr\/wp-json\/wp\/v2\/media\/366087"}],"wp:attachment":[{"href":"https:\/\/www.webdo.tn\/fr\/wp-json\/wp\/v2\/media?parent=379073"}],"wp:term":[{"taxonomy":"category","embeddable":true,"href":"https:\/\/www.webdo.tn\/fr\/wp-json\/wp\/v2\/categories?post=379073"},{"taxonomy":"post_tag","embeddable":true,"href":"https:\/\/www.webdo.tn\/fr\/wp-json\/wp\/v2\/tags?post=379073"}],"curies":[{"name":"wp","href":"https:\/\/api.w.org\/{rel}","templated":true}]}}