{"id":379052,"date":"2025-07-04T11:48:13","date_gmt":"2025-07-04T10:48:13","guid":{"rendered":"https:\/\/www.webdo.tn\/fr\/?p=379052"},"modified":"2025-07-05T10:35:07","modified_gmt":"2025-07-05T09:35:07","slug":"tunisie-un-depute-accuse-le-chef-de-larp-de-bloquer-lactivite-legislative","status":"publish","type":"post","link":"https:\/\/www.webdo.tn\/fr\/actualite\/national\/tunisie-un-depute-accuse-le-chef-de-larp-de-bloquer-lactivite-legislative\/379052\/","title":{"rendered":"Tunisie : Un d\u00e9put\u00e9 accuse le chef de l&rsquo;ARP de bloquer l\u2019activit\u00e9 l\u00e9gislative"},"content":{"rendered":"\n<p><strong>Le d\u00e9put\u00e9 \u00e0 l\u2019Assembl\u00e9e des repr\u00e9sentants du peuple, Dhafer Essghairi, a affirm\u00e9 ce vendredi 4 juillet 2025 que l\u2019Acad\u00e9mie parlementaire freine le travail l\u00e9gislatif au sein du Parlement, provoquant le report de l\u2019examen de plusieurs projets de loi d\u00e9j\u00e0 pr\u00eats.<\/strong><\/p>\n\n\n\n<p>S&rsquo;exprimant sur les ondes d&rsquo;Express FM, le d\u00e9put\u00e9 a indiqu\u00e9 que quatre textes l\u00e9gislatifs sont actuellement finalis\u00e9s et en attente d\u2019adoption. Il s\u2019agit du projet de loi sur les artistes, celui relatif aux universit\u00e9s priv\u00e9es, du projet de loi d\u2019amnistie pour les d\u00e9lits li\u00e9s aux ch\u00e8ques impay\u00e9s, ainsi que de l\u2019amendement de l\u2019article 96 du Code p\u00e9nal. \u00ab\u00a0Il ne reste qu\u2019\u00e0 fixer une date de session pl\u00e9ni\u00e8re pour leur adoption\u00a0\u00bb, a-t-il pr\u00e9cis\u00e9.<\/p>\n\n\n\n<p>Dhafer Essghairi a d\u00e9nonc\u00e9 un \u00ab\u00a0v\u00e9ritable blocage du processus l\u00e9gislatif\u00a0\u00bb, estimant qu\u2019il n\u2019existe aucune justification valable pour l\u2019absence de sessions pl\u00e9ni\u00e8res consacr\u00e9es \u00e0 l\u2019examen de ces textes importants, qui concernent directement les int\u00e9r\u00eats des citoyens tunisiens.<\/p>\n\n\n\n<p>Il a par ailleurs relev\u00e9 que les sessions pl\u00e9ni\u00e8res programm\u00e9es jusqu\u2019ici se limitent \u00e0 des auditions, qu\u2019il a qualifi\u00e9es ironiquement de s\u00e9ances \u00ab vide-ton c\u0153ur \u00bb, destin\u00e9es \u00e0 entendre quelques ministres sans aborder le fond des projets de loi.<\/p>\n\n\n\n<p>Enfin, le d\u00e9put\u00e9 a point\u00e9 du doigt le pr\u00e9sident de l\u2019Assembl\u00e9e, qu\u2019il accuse de bloquer d\u00e9lib\u00e9r\u00e9ment l\u2019examen de ces projets. \u00ab Il y a une seule personne au Parlement qui d\u00e9cide quand une loi passe ou non \u00bb, a-t-il lanc\u00e9.<\/p>\n\n\n\n<p><\/p>\n","protected":false},"excerpt":{"rendered":"<p>Le d\u00e9put\u00e9 \u00e0 l\u2019Assembl\u00e9e des repr\u00e9sentants du peuple, Dhafer Essghairi, a affirm\u00e9 ce vendredi 4 juillet 2025 que l\u2019Acad\u00e9mie parlementaire freine le travail l\u00e9gislatif au sein du Parlement, provoquant le report de l\u2019examen de plusieurs projets de loi d\u00e9j\u00e0 pr\u00eats. S&rsquo;exprimant sur les ondes d&rsquo;Express FM, le d\u00e9put\u00e9 a indiqu\u00e9 que quatre textes l\u00e9gislatifs sont [&hellip;]<\/p>\n","protected":false},"author":3184,"featured_media":277942,"comment_status":"open","ping_status":"open","sticky":false,"template":"","format":"standard","meta":{"footnotes":""},"categories":[44],"tags":[2813,12109,2608],"class_list":["post-379052","post","type-post","status-publish","format-standard","has-post-thumbnail","hentry","category-national","tag-arp","tag-buderbala","tag-tunisie"],"yoast_head":"<!-- This site is optimized with the Yoast SEO Premium plugin v27.5 (Yoast SEO v27.5) - https:\/\/yoast.com\/product\/yoast-seo-premium-wordpress\/ -->\n<title>Tunisie : Un d\u00e9put\u00e9 accuse le chef de l&#039;ARP de bloquer l\u2019activit\u00e9 l\u00e9gislative - webdo<\/title>\n<meta name=\"description\" content=\"Dhafer Essghairi met en lumi\u00e8re les d\u00e9fis de l\u2019ARP dans le travail l\u00e9gislatif et les projets de loi en attente d\u2019adoption.\" \/>\n<link rel=\"canonical\" href=\"https:\/\/www.webdo.tn\/fr\/actualite\/national\/tunisie-un-depute-accuse-le-chef-de-larp-de-bloquer-lactivite-legislative\/379052\/\" \/>\n<meta property=\"og:locale\" content=\"fr_FR\" \/>\n<meta property=\"og:type\" content=\"article\" \/>\n<meta property=\"og:title\" content=\"Tunisie : Un d\u00e9put\u00e9 accuse le chef de l&#039;ARP de bloquer l\u2019activit\u00e9 l\u00e9gislative\" \/>\n<meta property=\"og:description\" content=\"Dhafer Essghairi met en lumi\u00e8re les d\u00e9fis de l\u2019ARP dans le travail l\u00e9gislatif et les projets de loi en attente d\u2019adoption.\" \/>\n<meta property=\"og:url\" content=\"https:\/\/www.webdo.tn\/fr\/actualite\/national\/tunisie-un-depute-accuse-le-chef-de-larp-de-bloquer-lactivite-legislative\/379052\/\" \/>\n<meta property=\"og:site_name\" content=\"webdo\" \/>\n<meta property=\"article:publisher\" content=\"https:\/\/www.facebook.com\/webdotn\" \/>\n<meta property=\"article:published_time\" content=\"2025-07-04T10:48:13+00:00\" \/>\n<meta property=\"article:modified_time\" content=\"2025-07-05T09:35:07+00:00\" \/>\n<meta property=\"og:image\" content=\"https:\/\/www.webdo.tn\/fr\/wp-content\/uploads\/2023\/03\/464974baeb5dd22b6d4bc8b79d2d671a.jpg\" \/>\n\t<meta property=\"og:image:width\" content=\"750\" \/>\n\t<meta property=\"og:image:height\" content=\"400\" \/>\n\t<meta property=\"og:image:type\" content=\"image\/jpeg\" \/>\n<meta name=\"author\" content=\"Wided Belhaj\" \/>\n<meta name=\"twitter:card\" content=\"summary_large_image\" \/>\n<meta name=\"twitter:creator\" content=\"@webdo_tn\" \/>\n<meta name=\"twitter:site\" content=\"@webdo_tn\" \/>\n<meta name=\"twitter:label1\" content=\"\u00c9crit par\" \/>\n\t<meta name=\"twitter:data1\" content=\"Wided Belhaj\" \/>\n\t<meta name=\"twitter:label2\" content=\"Dur\u00e9e de lecture estim\u00e9e\" \/>\n\t<meta name=\"twitter:data2\" content=\"2 minutes\" \/>\n<script type=\"application\/ld+json\" class=\"yoast-schema-graph\">{\"@context\":\"https:\\\/\\\/schema.org\",\"@graph\":[{\"@type\":\"NewsArticle\",\"@id\":\"https:\\\/\\\/www.webdo.tn\\\/fr\\\/actualite\\\/national\\\/tunisie-un-depute-accuse-le-chef-de-larp-de-bloquer-lactivite-legislative\\\/379052\\\/#article\",\"isPartOf\":{\"@id\":\"https:\\\/\\\/www.webdo.tn\\\/fr\\\/actualite\\\/national\\\/tunisie-un-depute-accuse-le-chef-de-larp-de-bloquer-lactivite-legislative\\\/379052\\\/\"},\"author\":{\"name\":\"Wided Belhaj\",\"@id\":\"https:\\\/\\\/www.webdo.tn\\\/fr\\\/#\\\/schema\\\/person\\\/b9ecde7a5574cb4fcf4b496ea5fadb15\"},\"headline\":\"Tunisie : Un d\u00e9put\u00e9 accuse le chef de l&rsquo;ARP de bloquer l\u2019activit\u00e9 l\u00e9gislative\",\"datePublished\":\"2025-07-04T10:48:13+00:00\",\"dateModified\":\"2025-07-05T09:35:07+00:00\",\"mainEntityOfPage\":{\"@id\":\"https:\\\/\\\/www.webdo.tn\\\/fr\\\/actualite\\\/national\\\/tunisie-un-depute-accuse-le-chef-de-larp-de-bloquer-lactivite-legislative\\\/379052\\\/\"},\"wordCount\":293,\"commentCount\":0,\"publisher\":{\"@id\":\"https:\\\/\\\/www.webdo.tn\\\/fr\\\/#organization\"},\"image\":{\"@id\":\"https:\\\/\\\/www.webdo.tn\\\/fr\\\/actualite\\\/national\\\/tunisie-un-depute-accuse-le-chef-de-larp-de-bloquer-lactivite-legislative\\\/379052\\\/#primaryimage\"},\"thumbnailUrl\":\"https:\\\/\\\/www.webdo.tn\\\/fr\\\/wp-content\\\/uploads\\\/2023\\\/03\\\/464974baeb5dd22b6d4bc8b79d2d671a.jpg\",\"keywords\":[\"ARP\",\"Buderbala\",\"Tunisie\"],\"articleSection\":[\"National\"],\"inLanguage\":\"fr-FR\"},{\"@type\":\"WebPage\",\"@id\":\"https:\\\/\\\/www.webdo.tn\\\/fr\\\/actualite\\\/national\\\/tunisie-un-depute-accuse-le-chef-de-larp-de-bloquer-lactivite-legislative\\\/379052\\\/\",\"url\":\"https:\\\/\\\/www.webdo.tn\\\/fr\\\/actualite\\\/national\\\/tunisie-un-depute-accuse-le-chef-de-larp-de-bloquer-lactivite-legislative\\\/379052\\\/\",\"name\":\"Tunisie : Un d\u00e9put\u00e9 accuse le chef de l'ARP de bloquer l\u2019activit\u00e9 l\u00e9gislative - webdo\",\"isPartOf\":{\"@id\":\"https:\\\/\\\/www.webdo.tn\\\/fr\\\/#website\"},\"primaryImageOfPage\":{\"@id\":\"https:\\\/\\\/www.webdo.tn\\\/fr\\\/actualite\\\/national\\\/tunisie-un-depute-accuse-le-chef-de-larp-de-bloquer-lactivite-legislative\\\/379052\\\/#primaryimage\"},\"image\":{\"@id\":\"https:\\\/\\\/www.webdo.tn\\\/fr\\\/actualite\\\/national\\\/tunisie-un-depute-accuse-le-chef-de-larp-de-bloquer-lactivite-legislative\\\/379052\\\/#primaryimage\"},\"thumbnailUrl\":\"https:\\\/\\\/www.webdo.tn\\\/fr\\\/wp-content\\\/uploads\\\/2023\\\/03\\\/464974baeb5dd22b6d4bc8b79d2d671a.jpg\",\"datePublished\":\"2025-07-04T10:48:13+00:00\",\"dateModified\":\"2025-07-05T09:35:07+00:00\",\"description\":\"Dhafer Essghairi met en lumi\u00e8re les d\u00e9fis de l\u2019ARP dans le travail l\u00e9gislatif et les projets de loi en attente d\u2019adoption.\",\"breadcrumb\":{\"@id\":\"https:\\\/\\\/www.webdo.tn\\\/fr\\\/actualite\\\/national\\\/tunisie-un-depute-accuse-le-chef-de-larp-de-bloquer-lactivite-legislative\\\/379052\\\/#breadcrumb\"},\"inLanguage\":\"fr-FR\",\"potentialAction\":[{\"@type\":\"ReadAction\",\"target\":[\"https:\\\/\\\/www.webdo.tn\\\/fr\\\/actualite\\\/national\\\/tunisie-un-depute-accuse-le-chef-de-larp-de-bloquer-lactivite-legislative\\\/379052\\\/\"]}]},{\"@type\":\"ImageObject\",\"inLanguage\":\"fr-FR\",\"@id\":\"https:\\\/\\\/www.webdo.tn\\\/fr\\\/actualite\\\/national\\\/tunisie-un-depute-accuse-le-chef-de-larp-de-bloquer-lactivite-legislative\\\/379052\\\/#primaryimage\",\"url\":\"https:\\\/\\\/www.webdo.tn\\\/fr\\\/wp-content\\\/uploads\\\/2023\\\/03\\\/464974baeb5dd22b6d4bc8b79d2d671a.jpg\",\"contentUrl\":\"https:\\\/\\\/www.webdo.tn\\\/fr\\\/wp-content\\\/uploads\\\/2023\\\/03\\\/464974baeb5dd22b6d4bc8b79d2d671a.jpg\",\"width\":750,\"height\":400,\"caption\":\"Ibrahim Bouderbala\"},{\"@type\":\"BreadcrumbList\",\"@id\":\"https:\\\/\\\/www.webdo.tn\\\/fr\\\/actualite\\\/national\\\/tunisie-un-depute-accuse-le-chef-de-larp-de-bloquer-lactivite-legislative\\\/379052\\\/#breadcrumb\",\"itemListElement\":[{\"@type\":\"ListItem\",\"position\":1,\"name\":\"Accueil\",\"item\":\"https:\\\/\\\/www.webdo.tn\\\/fr\\\/\"},{\"@type\":\"ListItem\",\"position\":2,\"name\":\"Tunisie : Un d\u00e9put\u00e9 accuse le chef de l&rsquo;ARP de bloquer l\u2019activit\u00e9 l\u00e9gislative\"}]},{\"@type\":\"WebSite\",\"@id\":\"https:\\\/\\\/www.webdo.tn\\\/fr\\\/#website\",\"url\":\"https:\\\/\\\/www.webdo.tn\\\/fr\\\/\",\"name\":\"webdo\",\"description\":\"Tunisie - News en Tunisie et \u00e0 l&#039;international sur Webdo.tn\",\"publisher\":{\"@id\":\"https:\\\/\\\/www.webdo.tn\\\/fr\\\/#organization\"},\"potentialAction\":[{\"@type\":\"SearchAction\",\"target\":{\"@type\":\"EntryPoint\",\"urlTemplate\":\"https:\\\/\\\/www.webdo.tn\\\/fr\\\/?s={search_term_string}\"},\"query-input\":{\"@type\":\"PropertyValueSpecification\",\"valueRequired\":true,\"valueName\":\"search_term_string\"}}],\"inLanguage\":\"fr-FR\"},{\"@type\":\"Organization\",\"@id\":\"https:\\\/\\\/www.webdo.tn\\\/fr\\\/#organization\",\"name\":\"Webdo\",\"alternateName\":\"Webdo.tn\",\"url\":\"https:\\\/\\\/www.webdo.tn\\\/fr\\\/\",\"logo\":{\"@type\":\"ImageObject\",\"inLanguage\":\"fr-FR\",\"@id\":\"https:\\\/\\\/www.webdo.tn\\\/fr\\\/#\\\/schema\\\/logo\\\/image\\\/\",\"url\":\"https:\\\/\\\/www.webdo.tn\\\/fr\\\/wp-content\\\/uploads\\\/2025\\\/06\\\/Webdo-Tunisie_168377.jpg\",\"contentUrl\":\"https:\\\/\\\/www.webdo.tn\\\/fr\\\/wp-content\\\/uploads\\\/2025\\\/06\\\/Webdo-Tunisie_168377.jpg\",\"width\":301,\"height\":301,\"caption\":\"Webdo\"},\"image\":{\"@id\":\"https:\\\/\\\/www.webdo.tn\\\/fr\\\/#\\\/schema\\\/logo\\\/image\\\/\"},\"sameAs\":[\"https:\\\/\\\/www.facebook.com\\\/webdotn\",\"https:\\\/\\\/x.com\\\/webdo_tn\"],\"description\":\"Webdo est un m\u00e9dia num\u00e9rique tunisien fond\u00e9 en 2010, sp\u00e9cialis\u00e9 dans l\u2019actualit\u00e9 nationale et internationale, l\u2019\u00e9conomie, la soci\u00e9t\u00e9 et les analyses politiques. Le site s\u2019adresse \u00e0 un large public francophone et couvre l\u2019information tunisienne en temps r\u00e9el.\",\"email\":\"redac@webdo.tn\",\"legalName\":\"YNJ SARL\",\"foundingDate\":\"2010-09-06\",\"numberOfEmployees\":{\"@type\":\"QuantitativeValue\",\"minValue\":\"11\",\"maxValue\":\"50\"}},{\"@type\":\"Person\",\"@id\":\"https:\\\/\\\/www.webdo.tn\\\/fr\\\/#\\\/schema\\\/person\\\/b9ecde7a5574cb4fcf4b496ea5fadb15\",\"name\":\"Wided Belhaj\",\"image\":{\"@type\":\"ImageObject\",\"inLanguage\":\"fr-FR\",\"@id\":\"https:\\\/\\\/www.webdo.tn\\\/fr\\\/wp-content\\\/uploads\\\/2026\\\/04\\\/wided-belhaj_avatar-96x96.jpg\",\"url\":\"https:\\\/\\\/www.webdo.tn\\\/fr\\\/wp-content\\\/uploads\\\/2026\\\/04\\\/wided-belhaj_avatar-96x96.jpg\",\"contentUrl\":\"https:\\\/\\\/www.webdo.tn\\\/fr\\\/wp-content\\\/uploads\\\/2026\\\/04\\\/wided-belhaj_avatar-96x96.jpg\",\"caption\":\"Wided Belhaj\"},\"description\":\"Wided Belhaj est le pseudonyme \u00e9ditorial utilis\u00e9 par Khalil Jelassi, journaliste, ma\u00eetre-assistant \u00e0 l\u2019Institut de presse et des sciences de l\u2019information (IPSI) et chercheur en sciences de l\u2019information et de la communication. Cette signature est d\u00e9di\u00e9e \u00e0 l\u2019analyse des m\u00e9dias, des pratiques journalistiques et des mutations de l\u2019information \u00e0 l\u2019\u00e8re digitale. \u00c0 travers ses contributions, Wided Belhaj propose une lecture analytique de l\u2019actualit\u00e9, en croisant regard critique et expertise acad\u00e9mique.\",\"knowsAbout\":[\"m\u00e9dias\",\"journalisme\",\"communication\",\"information\",\"transformation num\u00e9rique\",\"analyse des m\u00e9dias\"],\"knowsLanguage\":[\"Fran\u00e7ais\",\"Arabe\"],\"jobTitle\":\"Webdo.tn\",\"worksFor\":\"Journaliste \u2013 Analyse des m\u00e9dias\",\"url\":\"https:\\\/\\\/www.webdo.tn\\\/fr\\\/actualite\\\/author\\\/wided-belhaj\\\/\"}]}<\/script>\n<!-- \/ Yoast SEO Premium plugin. -->","yoast_head_json":{"title":"Tunisie : Un d\u00e9put\u00e9 accuse le chef de l'ARP de bloquer l\u2019activit\u00e9 l\u00e9gislative - webdo","description":"Dhafer Essghairi met en lumi\u00e8re les d\u00e9fis de l\u2019ARP dans le travail l\u00e9gislatif et les projets de loi en attente d\u2019adoption.","canonical":"https:\/\/www.webdo.tn\/fr\/actualite\/national\/tunisie-un-depute-accuse-le-chef-de-larp-de-bloquer-lactivite-legislative\/379052\/","og_locale":"fr_FR","og_type":"article","og_title":"Tunisie : Un d\u00e9put\u00e9 accuse le chef de l'ARP de bloquer l\u2019activit\u00e9 l\u00e9gislative","og_description":"Dhafer Essghairi met en lumi\u00e8re les d\u00e9fis de l\u2019ARP dans le travail l\u00e9gislatif et les projets de loi en attente d\u2019adoption.","og_url":"https:\/\/www.webdo.tn\/fr\/actualite\/national\/tunisie-un-depute-accuse-le-chef-de-larp-de-bloquer-lactivite-legislative\/379052\/","og_site_name":"webdo","article_publisher":"https:\/\/www.facebook.com\/webdotn","article_published_time":"2025-07-04T10:48:13+00:00","article_modified_time":"2025-07-05T09:35:07+00:00","og_image":[{"width":750,"height":400,"url":"https:\/\/www.webdo.tn\/fr\/wp-content\/uploads\/2023\/03\/464974baeb5dd22b6d4bc8b79d2d671a.jpg","type":"image\/jpeg"}],"author":"Wided Belhaj","twitter_card":"summary_large_image","twitter_creator":"@webdo_tn","twitter_site":"@webdo_tn","twitter_misc":{"\u00c9crit par":"Wided Belhaj","Dur\u00e9e de lecture estim\u00e9e":"2 minutes"},"schema":{"@context":"https:\/\/schema.org","@graph":[{"@type":"NewsArticle","@id":"https:\/\/www.webdo.tn\/fr\/actualite\/national\/tunisie-un-depute-accuse-le-chef-de-larp-de-bloquer-lactivite-legislative\/379052\/#article","isPartOf":{"@id":"https:\/\/www.webdo.tn\/fr\/actualite\/national\/tunisie-un-depute-accuse-le-chef-de-larp-de-bloquer-lactivite-legislative\/379052\/"},"author":{"name":"Wided Belhaj","@id":"https:\/\/www.webdo.tn\/fr\/#\/schema\/person\/b9ecde7a5574cb4fcf4b496ea5fadb15"},"headline":"Tunisie : Un d\u00e9put\u00e9 accuse le chef de l&rsquo;ARP de bloquer l\u2019activit\u00e9 l\u00e9gislative","datePublished":"2025-07-04T10:48:13+00:00","dateModified":"2025-07-05T09:35:07+00:00","mainEntityOfPage":{"@id":"https:\/\/www.webdo.tn\/fr\/actualite\/national\/tunisie-un-depute-accuse-le-chef-de-larp-de-bloquer-lactivite-legislative\/379052\/"},"wordCount":293,"commentCount":0,"publisher":{"@id":"https:\/\/www.webdo.tn\/fr\/#organization"},"image":{"@id":"https:\/\/www.webdo.tn\/fr\/actualite\/national\/tunisie-un-depute-accuse-le-chef-de-larp-de-bloquer-lactivite-legislative\/379052\/#primaryimage"},"thumbnailUrl":"https:\/\/www.webdo.tn\/fr\/wp-content\/uploads\/2023\/03\/464974baeb5dd22b6d4bc8b79d2d671a.jpg","keywords":["ARP","Buderbala","Tunisie"],"articleSection":["National"],"inLanguage":"fr-FR"},{"@type":"WebPage","@id":"https:\/\/www.webdo.tn\/fr\/actualite\/national\/tunisie-un-depute-accuse-le-chef-de-larp-de-bloquer-lactivite-legislative\/379052\/","url":"https:\/\/www.webdo.tn\/fr\/actualite\/national\/tunisie-un-depute-accuse-le-chef-de-larp-de-bloquer-lactivite-legislative\/379052\/","name":"Tunisie : Un d\u00e9put\u00e9 accuse le chef de l'ARP de bloquer l\u2019activit\u00e9 l\u00e9gislative - webdo","isPartOf":{"@id":"https:\/\/www.webdo.tn\/fr\/#website"},"primaryImageOfPage":{"@id":"https:\/\/www.webdo.tn\/fr\/actualite\/national\/tunisie-un-depute-accuse-le-chef-de-larp-de-bloquer-lactivite-legislative\/379052\/#primaryimage"},"image":{"@id":"https:\/\/www.webdo.tn\/fr\/actualite\/national\/tunisie-un-depute-accuse-le-chef-de-larp-de-bloquer-lactivite-legislative\/379052\/#primaryimage"},"thumbnailUrl":"https:\/\/www.webdo.tn\/fr\/wp-content\/uploads\/2023\/03\/464974baeb5dd22b6d4bc8b79d2d671a.jpg","datePublished":"2025-07-04T10:48:13+00:00","dateModified":"2025-07-05T09:35:07+00:00","description":"Dhafer Essghairi met en lumi\u00e8re les d\u00e9fis de l\u2019ARP dans le travail l\u00e9gislatif et les projets de loi en attente d\u2019adoption.","breadcrumb":{"@id":"https:\/\/www.webdo.tn\/fr\/actualite\/national\/tunisie-un-depute-accuse-le-chef-de-larp-de-bloquer-lactivite-legislative\/379052\/#breadcrumb"},"inLanguage":"fr-FR","potentialAction":[{"@type":"ReadAction","target":["https:\/\/www.webdo.tn\/fr\/actualite\/national\/tunisie-un-depute-accuse-le-chef-de-larp-de-bloquer-lactivite-legislative\/379052\/"]}]},{"@type":"ImageObject","inLanguage":"fr-FR","@id":"https:\/\/www.webdo.tn\/fr\/actualite\/national\/tunisie-un-depute-accuse-le-chef-de-larp-de-bloquer-lactivite-legislative\/379052\/#primaryimage","url":"https:\/\/www.webdo.tn\/fr\/wp-content\/uploads\/2023\/03\/464974baeb5dd22b6d4bc8b79d2d671a.jpg","contentUrl":"https:\/\/www.webdo.tn\/fr\/wp-content\/uploads\/2023\/03\/464974baeb5dd22b6d4bc8b79d2d671a.jpg","width":750,"height":400,"caption":"Ibrahim Bouderbala"},{"@type":"BreadcrumbList","@id":"https:\/\/www.webdo.tn\/fr\/actualite\/national\/tunisie-un-depute-accuse-le-chef-de-larp-de-bloquer-lactivite-legislative\/379052\/#breadcrumb","itemListElement":[{"@type":"ListItem","position":1,"name":"Accueil","item":"https:\/\/www.webdo.tn\/fr\/"},{"@type":"ListItem","position":2,"name":"Tunisie : Un d\u00e9put\u00e9 accuse le chef de l&rsquo;ARP de bloquer l\u2019activit\u00e9 l\u00e9gislative"}]},{"@type":"WebSite","@id":"https:\/\/www.webdo.tn\/fr\/#website","url":"https:\/\/www.webdo.tn\/fr\/","name":"webdo","description":"Tunisie - News en Tunisie et \u00e0 l&#039;international sur Webdo.tn","publisher":{"@id":"https:\/\/www.webdo.tn\/fr\/#organization"},"potentialAction":[{"@type":"SearchAction","target":{"@type":"EntryPoint","urlTemplate":"https:\/\/www.webdo.tn\/fr\/?s={search_term_string}"},"query-input":{"@type":"PropertyValueSpecification","valueRequired":true,"valueName":"search_term_string"}}],"inLanguage":"fr-FR"},{"@type":"Organization","@id":"https:\/\/www.webdo.tn\/fr\/#organization","name":"Webdo","alternateName":"Webdo.tn","url":"https:\/\/www.webdo.tn\/fr\/","logo":{"@type":"ImageObject","inLanguage":"fr-FR","@id":"https:\/\/www.webdo.tn\/fr\/#\/schema\/logo\/image\/","url":"https:\/\/www.webdo.tn\/fr\/wp-content\/uploads\/2025\/06\/Webdo-Tunisie_168377.jpg","contentUrl":"https:\/\/www.webdo.tn\/fr\/wp-content\/uploads\/2025\/06\/Webdo-Tunisie_168377.jpg","width":301,"height":301,"caption":"Webdo"},"image":{"@id":"https:\/\/www.webdo.tn\/fr\/#\/schema\/logo\/image\/"},"sameAs":["https:\/\/www.facebook.com\/webdotn","https:\/\/x.com\/webdo_tn"],"description":"Webdo est un m\u00e9dia num\u00e9rique tunisien fond\u00e9 en 2010, sp\u00e9cialis\u00e9 dans l\u2019actualit\u00e9 nationale et internationale, l\u2019\u00e9conomie, la soci\u00e9t\u00e9 et les analyses politiques. Le site s\u2019adresse \u00e0 un large public francophone et couvre l\u2019information tunisienne en temps r\u00e9el.","email":"redac@webdo.tn","legalName":"YNJ SARL","foundingDate":"2010-09-06","numberOfEmployees":{"@type":"QuantitativeValue","minValue":"11","maxValue":"50"}},{"@type":"Person","@id":"https:\/\/www.webdo.tn\/fr\/#\/schema\/person\/b9ecde7a5574cb4fcf4b496ea5fadb15","name":"Wided Belhaj","image":{"@type":"ImageObject","inLanguage":"fr-FR","@id":"https:\/\/www.webdo.tn\/fr\/wp-content\/uploads\/2026\/04\/wided-belhaj_avatar-96x96.jpg","url":"https:\/\/www.webdo.tn\/fr\/wp-content\/uploads\/2026\/04\/wided-belhaj_avatar-96x96.jpg","contentUrl":"https:\/\/www.webdo.tn\/fr\/wp-content\/uploads\/2026\/04\/wided-belhaj_avatar-96x96.jpg","caption":"Wided Belhaj"},"description":"Wided Belhaj est le pseudonyme \u00e9ditorial utilis\u00e9 par Khalil Jelassi, journaliste, ma\u00eetre-assistant \u00e0 l\u2019Institut de presse et des sciences de l\u2019information (IPSI) et chercheur en sciences de l\u2019information et de la communication. Cette signature est d\u00e9di\u00e9e \u00e0 l\u2019analyse des m\u00e9dias, des pratiques journalistiques et des mutations de l\u2019information \u00e0 l\u2019\u00e8re digitale. \u00c0 travers ses contributions, Wided Belhaj propose une lecture analytique de l\u2019actualit\u00e9, en croisant regard critique et expertise acad\u00e9mique.","knowsAbout":["m\u00e9dias","journalisme","communication","information","transformation num\u00e9rique","analyse des m\u00e9dias"],"knowsLanguage":["Fran\u00e7ais","Arabe"],"jobTitle":"Webdo.tn","worksFor":"Journaliste \u2013 Analyse des m\u00e9dias","url":"https:\/\/www.webdo.tn\/fr\/actualite\/author\/wided-belhaj\/"}]}},"_links":{"self":[{"href":"https:\/\/www.webdo.tn\/fr\/wp-json\/wp\/v2\/posts\/379052","targetHints":{"allow":["GET"]}}],"collection":[{"href":"https:\/\/www.webdo.tn\/fr\/wp-json\/wp\/v2\/posts"}],"about":[{"href":"https:\/\/www.webdo.tn\/fr\/wp-json\/wp\/v2\/types\/post"}],"author":[{"embeddable":true,"href":"https:\/\/www.webdo.tn\/fr\/wp-json\/wp\/v2\/users\/3184"}],"replies":[{"embeddable":true,"href":"https:\/\/www.webdo.tn\/fr\/wp-json\/wp\/v2\/comments?post=379052"}],"version-history":[{"count":0,"href":"https:\/\/www.webdo.tn\/fr\/wp-json\/wp\/v2\/posts\/379052\/revisions"}],"wp:featuredmedia":[{"embeddable":true,"href":"https:\/\/www.webdo.tn\/fr\/wp-json\/wp\/v2\/media\/277942"}],"wp:attachment":[{"href":"https:\/\/www.webdo.tn\/fr\/wp-json\/wp\/v2\/media?parent=379052"}],"wp:term":[{"taxonomy":"category","embeddable":true,"href":"https:\/\/www.webdo.tn\/fr\/wp-json\/wp\/v2\/categories?post=379052"},{"taxonomy":"post_tag","embeddable":true,"href":"https:\/\/www.webdo.tn\/fr\/wp-json\/wp\/v2\/tags?post=379052"}],"curies":[{"name":"wp","href":"https:\/\/api.w.org\/{rel}","templated":true}]}}