{"id":378997,"date":"2025-07-04T09:55:44","date_gmt":"2025-07-04T08:55:44","guid":{"rendered":"https:\/\/www.webdo.tn\/fr\/?p=378997"},"modified":"2025-07-05T08:48:48","modified_gmt":"2025-07-05T07:48:48","slug":"arts-plastiques-quand-la-galerie-kalyste-accueille-ahmed-hajeri","status":"publish","type":"post","link":"https:\/\/www.webdo.tn\/fr\/actualite\/culture\/arts-plastiques-quand-la-galerie-kalyste-accueille-ahmed-hajeri\/378997\/","title":{"rendered":"Arts plastiques : Quand la galerie Kalyst\u00e9 accueille Ahmed Hajeri"},"content":{"rendered":"\n<p><strong>L&rsquo;exposition Ahmed Hajeri s&rsquo;ach\u00e8ve aujourd&rsquo;hui \u00e0 la galerie Kalyst\u00e9. Un temps fort de la saison artistique organis\u00e9 par Synda Ben Khelil.<\/strong><\/p>\n\n\n\n<p>Pour l&rsquo;exposition Ahmed Hajeri, la galerie Kalyst\u00e9 n&rsquo;a pas fait les choses \u00e0 moiti\u00e9 pour rendre le grand hommage qu&rsquo;il m\u00e9rite \u00e0 un artiste essentiel, dans la lign\u00e9e des plus grands.<\/p>\n\n\n\n<p>Apr\u00e8s un brillant vernissage le 14 juin, l&rsquo;exposition qui compte une trentaine d&rsquo;\u0153uvres de divers formats, s&rsquo;est poursuivie avec succ\u00e8s. Hier avait lieu le finissage en pr\u00e9sence d&rsquo;Ahmed Hajeri qui pour l&rsquo;occasion, signait et d\u00e9dica\u00e7ait le superbe catalogue de l&rsquo;exposition.<\/p>\n\n\n\n<p>Sobre, con\u00e7u par Oumaima Jerbi avec de lumineuses photographies de Nicolas Fauqu\u00e9, ce catalogue a \u00e9t\u00e9 r\u00e9alis\u00e9 par la galerie Kalyst\u00e9 avec le soutien de 32 Bis.<\/p>\n\n\n\n<p>L&rsquo;ouvrage est introduit par Wassim Hajeri, le fils de l&rsquo;artiste qui tr\u00e8s po\u00e9tiquement, trouve les mots justes pour pr\u00e9senter Ahmed Hajeri. Le catalogue est articul\u00e9 sur deux textes, l&rsquo;un d&rsquo;Ali Louati et l&rsquo;autre de Nadia Chalbi.<\/p>\n\n\n\n<p>Intitul\u00e9e \u00ab\u00a0Aux sources d&rsquo;un d\u00e9sastre originel\u00a0\u00bb, la contribution d&rsquo;Ali Louati reprend un article paru dans la revue Cimaise en 1998. La contribution de Nadia Chalbi porte le titre \u00ab\u00a0La cl\u00e9 des songes : l&rsquo;univers po\u00e9tique d&rsquo;Ahmed Hajeri\u00a0\u00bb et reprend le parcours de l&rsquo;artiste en se basant sur plusieurs entretiens effectu\u00e9s les deux derni\u00e8res ann\u00e9es. Les deux articles sont publi\u00e9s en arabe et en fran\u00e7ais.<\/p>\n\n\n\n<p>L&rsquo;ouvrage est compl\u00e9t\u00e9 par un \u00e9tat des expositions personnelles et collectives de l&rsquo;artiste. Intitul\u00e9 \u00ab\u00a0Le Jardin de l&rsquo;Esprit\u00a0\u00bb, ce catalogue est ainsi le travail le plus r\u00e9cent \u00e0 \u00eatre consacr\u00e9 \u00e0 Ahmed Hajeri.<\/p>\n\n\n\n<p>Alors que l&rsquo;exposition accueillie par la galerie Kalyst\u00e9 d\u00e9roule aujourd&rsquo;hui sa derni\u00e8re s\u00e9quence, force est de saluer le succ\u00e8s de cet \u00e9v\u00e9nement et le remarquable travail de fond r\u00e9alis\u00e9 par Synda Ben Khelil \u00e0 la barre de cet espace culturel.<\/p>\n","protected":false},"excerpt":{"rendered":"<p>L&rsquo;exposition Ahmed Hajeri s&rsquo;ach\u00e8ve aujourd&rsquo;hui \u00e0 la galerie Kalyst\u00e9. Un temps fort de la saison artistique organis\u00e9 par Synda Ben Khelil. Pour l&rsquo;exposition Ahmed Hajeri, la galerie Kalyst\u00e9 n&rsquo;a pas fait les choses \u00e0 moiti\u00e9 pour rendre le grand hommage qu&rsquo;il m\u00e9rite \u00e0 un artiste essentiel, dans la lign\u00e9e des plus grands. Apr\u00e8s un brillant [&hellip;]<\/p>\n","protected":false},"author":3229,"featured_media":378999,"comment_status":"open","ping_status":"open","sticky":false,"template":"","format":"standard","meta":{"footnotes":""},"categories":[2594],"tags":[12108,6986,2641,12107],"class_list":["post-378997","post","type-post","status-publish","format-standard","has-post-thumbnail","hentry","category-culture","tag-ahmed-hajeri","tag-arts-plastiques","tag-exposition","tag-kalyste"],"yoast_head":"<!-- This site is optimized with the Yoast SEO Premium plugin v27.4 (Yoast SEO v27.4) - https:\/\/yoast.com\/product\/yoast-seo-premium-wordpress\/ -->\n<title>Arts plastiques : Quand la galerie Kalyst\u00e9 accueille Ahmed Hajeri - webdo<\/title>\n<meta name=\"description\" content=\"D\u00e9couvrez l&#039;exposition d&#039;Ahmed Hajeri \u00e0 la galerie Kalyst\u00e9, un hommage artistique marquant pour un artiste exceptionnel.\" \/>\n<link rel=\"canonical\" href=\"https:\/\/www.webdo.tn\/fr\/actualite\/culture\/arts-plastiques-quand-la-galerie-kalyste-accueille-ahmed-hajeri\/378997\/\" \/>\n<meta property=\"og:locale\" content=\"fr_FR\" \/>\n<meta property=\"og:type\" content=\"article\" \/>\n<meta property=\"og:title\" content=\"Arts plastiques : Quand la galerie Kalyst\u00e9 accueille Ahmed Hajeri\" \/>\n<meta property=\"og:description\" content=\"D\u00e9couvrez l&#039;exposition d&#039;Ahmed Hajeri \u00e0 la galerie Kalyst\u00e9, un hommage artistique marquant pour un artiste exceptionnel.\" \/>\n<meta property=\"og:url\" content=\"https:\/\/www.webdo.tn\/fr\/actualite\/culture\/arts-plastiques-quand-la-galerie-kalyste-accueille-ahmed-hajeri\/378997\/\" \/>\n<meta property=\"og:site_name\" content=\"webdo\" \/>\n<meta property=\"article:publisher\" content=\"https:\/\/www.facebook.com\/webdotn\" \/>\n<meta property=\"article:author\" content=\"https:\/\/www.facebook.com\/hatem.bourial.2025\" \/>\n<meta property=\"article:published_time\" content=\"2025-07-04T08:55:44+00:00\" \/>\n<meta property=\"article:modified_time\" content=\"2025-07-05T07:48:48+00:00\" \/>\n<meta property=\"og:image\" content=\"https:\/\/www.webdo.tn\/fr\/wp-content\/uploads\/2025\/07\/Ahmed-Hajeri.jpeg\" \/>\n\t<meta property=\"og:image:width\" content=\"1280\" \/>\n\t<meta property=\"og:image:height\" content=\"898\" \/>\n\t<meta property=\"og:image:type\" content=\"image\/jpeg\" \/>\n<meta name=\"author\" content=\"Hatem Bourial\" \/>\n<meta name=\"twitter:card\" content=\"summary_large_image\" \/>\n<meta name=\"twitter:creator\" content=\"@webdo_tn\" \/>\n<meta name=\"twitter:site\" content=\"@webdo_tn\" \/>\n<meta name=\"twitter:label1\" content=\"\u00c9crit par\" \/>\n\t<meta name=\"twitter:data1\" content=\"Hatem Bourial\" \/>\n\t<meta name=\"twitter:label2\" content=\"Dur\u00e9e de lecture estim\u00e9e\" \/>\n\t<meta name=\"twitter:data2\" content=\"2 minutes\" \/>\n<script type=\"application\/ld+json\" class=\"yoast-schema-graph\">{\"@context\":\"https:\\\/\\\/schema.org\",\"@graph\":[{\"@type\":\"NewsArticle\",\"@id\":\"https:\\\/\\\/www.webdo.tn\\\/fr\\\/actualite\\\/culture\\\/arts-plastiques-quand-la-galerie-kalyste-accueille-ahmed-hajeri\\\/378997\\\/#article\",\"isPartOf\":{\"@id\":\"https:\\\/\\\/www.webdo.tn\\\/fr\\\/actualite\\\/culture\\\/arts-plastiques-quand-la-galerie-kalyste-accueille-ahmed-hajeri\\\/378997\\\/\"},\"author\":{\"name\":\"Hatem Bourial\",\"@id\":\"https:\\\/\\\/www.webdo.tn\\\/fr\\\/#\\\/schema\\\/person\\\/6bc0beba2cd23aec27cb5df85ca2554f\"},\"headline\":\"Arts plastiques : Quand la galerie Kalyst\u00e9 accueille Ahmed Hajeri\",\"datePublished\":\"2025-07-04T08:55:44+00:00\",\"dateModified\":\"2025-07-05T07:48:48+00:00\",\"mainEntityOfPage\":{\"@id\":\"https:\\\/\\\/www.webdo.tn\\\/fr\\\/actualite\\\/culture\\\/arts-plastiques-quand-la-galerie-kalyste-accueille-ahmed-hajeri\\\/378997\\\/\"},\"wordCount\":347,\"commentCount\":0,\"publisher\":{\"@id\":\"https:\\\/\\\/www.webdo.tn\\\/fr\\\/#organization\"},\"image\":{\"@id\":\"https:\\\/\\\/www.webdo.tn\\\/fr\\\/actualite\\\/culture\\\/arts-plastiques-quand-la-galerie-kalyste-accueille-ahmed-hajeri\\\/378997\\\/#primaryimage\"},\"thumbnailUrl\":\"https:\\\/\\\/www.webdo.tn\\\/fr\\\/wp-content\\\/uploads\\\/2025\\\/07\\\/Ahmed-Hajeri.jpeg\",\"keywords\":[\"Ahmed Hajeri\",\"arts plastiques\",\"exposition\",\"Kalyst\u00e9\"],\"articleSection\":[\"Culture\"],\"inLanguage\":\"fr-FR\"},{\"@type\":\"WebPage\",\"@id\":\"https:\\\/\\\/www.webdo.tn\\\/fr\\\/actualite\\\/culture\\\/arts-plastiques-quand-la-galerie-kalyste-accueille-ahmed-hajeri\\\/378997\\\/\",\"url\":\"https:\\\/\\\/www.webdo.tn\\\/fr\\\/actualite\\\/culture\\\/arts-plastiques-quand-la-galerie-kalyste-accueille-ahmed-hajeri\\\/378997\\\/\",\"name\":\"Arts plastiques : Quand la galerie Kalyst\u00e9 accueille Ahmed Hajeri - webdo\",\"isPartOf\":{\"@id\":\"https:\\\/\\\/www.webdo.tn\\\/fr\\\/#website\"},\"primaryImageOfPage\":{\"@id\":\"https:\\\/\\\/www.webdo.tn\\\/fr\\\/actualite\\\/culture\\\/arts-plastiques-quand-la-galerie-kalyste-accueille-ahmed-hajeri\\\/378997\\\/#primaryimage\"},\"image\":{\"@id\":\"https:\\\/\\\/www.webdo.tn\\\/fr\\\/actualite\\\/culture\\\/arts-plastiques-quand-la-galerie-kalyste-accueille-ahmed-hajeri\\\/378997\\\/#primaryimage\"},\"thumbnailUrl\":\"https:\\\/\\\/www.webdo.tn\\\/fr\\\/wp-content\\\/uploads\\\/2025\\\/07\\\/Ahmed-Hajeri.jpeg\",\"datePublished\":\"2025-07-04T08:55:44+00:00\",\"dateModified\":\"2025-07-05T07:48:48+00:00\",\"description\":\"D\u00e9couvrez l'exposition d'Ahmed Hajeri \u00e0 la galerie Kalyst\u00e9, un hommage artistique marquant pour un artiste exceptionnel.\",\"breadcrumb\":{\"@id\":\"https:\\\/\\\/www.webdo.tn\\\/fr\\\/actualite\\\/culture\\\/arts-plastiques-quand-la-galerie-kalyste-accueille-ahmed-hajeri\\\/378997\\\/#breadcrumb\"},\"inLanguage\":\"fr-FR\",\"potentialAction\":[{\"@type\":\"ReadAction\",\"target\":[\"https:\\\/\\\/www.webdo.tn\\\/fr\\\/actualite\\\/culture\\\/arts-plastiques-quand-la-galerie-kalyste-accueille-ahmed-hajeri\\\/378997\\\/\"]}]},{\"@type\":\"ImageObject\",\"inLanguage\":\"fr-FR\",\"@id\":\"https:\\\/\\\/www.webdo.tn\\\/fr\\\/actualite\\\/culture\\\/arts-plastiques-quand-la-galerie-kalyste-accueille-ahmed-hajeri\\\/378997\\\/#primaryimage\",\"url\":\"https:\\\/\\\/www.webdo.tn\\\/fr\\\/wp-content\\\/uploads\\\/2025\\\/07\\\/Ahmed-Hajeri.jpeg\",\"contentUrl\":\"https:\\\/\\\/www.webdo.tn\\\/fr\\\/wp-content\\\/uploads\\\/2025\\\/07\\\/Ahmed-Hajeri.jpeg\",\"width\":1280,\"height\":898,\"caption\":\"Ahmed Hajeri\"},{\"@type\":\"BreadcrumbList\",\"@id\":\"https:\\\/\\\/www.webdo.tn\\\/fr\\\/actualite\\\/culture\\\/arts-plastiques-quand-la-galerie-kalyste-accueille-ahmed-hajeri\\\/378997\\\/#breadcrumb\",\"itemListElement\":[{\"@type\":\"ListItem\",\"position\":1,\"name\":\"Accueil\",\"item\":\"https:\\\/\\\/www.webdo.tn\\\/fr\\\/\"},{\"@type\":\"ListItem\",\"position\":2,\"name\":\"Arts plastiques : Quand la galerie Kalyst\u00e9 accueille Ahmed Hajeri\"}]},{\"@type\":\"WebSite\",\"@id\":\"https:\\\/\\\/www.webdo.tn\\\/fr\\\/#website\",\"url\":\"https:\\\/\\\/www.webdo.tn\\\/fr\\\/\",\"name\":\"webdo\",\"description\":\"Tunisie - News en Tunisie et \u00e0 l&#039;international sur Webdo.tn\",\"publisher\":{\"@id\":\"https:\\\/\\\/www.webdo.tn\\\/fr\\\/#organization\"},\"potentialAction\":[{\"@type\":\"SearchAction\",\"target\":{\"@type\":\"EntryPoint\",\"urlTemplate\":\"https:\\\/\\\/www.webdo.tn\\\/fr\\\/?s={search_term_string}\"},\"query-input\":{\"@type\":\"PropertyValueSpecification\",\"valueRequired\":true,\"valueName\":\"search_term_string\"}}],\"inLanguage\":\"fr-FR\"},{\"@type\":\"Organization\",\"@id\":\"https:\\\/\\\/www.webdo.tn\\\/fr\\\/#organization\",\"name\":\"Webdo\",\"alternateName\":\"Webdo.tn\",\"url\":\"https:\\\/\\\/www.webdo.tn\\\/fr\\\/\",\"logo\":{\"@type\":\"ImageObject\",\"inLanguage\":\"fr-FR\",\"@id\":\"https:\\\/\\\/www.webdo.tn\\\/fr\\\/#\\\/schema\\\/logo\\\/image\\\/\",\"url\":\"https:\\\/\\\/www.webdo.tn\\\/fr\\\/wp-content\\\/uploads\\\/2025\\\/06\\\/Webdo-Tunisie_168377.jpg\",\"contentUrl\":\"https:\\\/\\\/www.webdo.tn\\\/fr\\\/wp-content\\\/uploads\\\/2025\\\/06\\\/Webdo-Tunisie_168377.jpg\",\"width\":301,\"height\":301,\"caption\":\"Webdo\"},\"image\":{\"@id\":\"https:\\\/\\\/www.webdo.tn\\\/fr\\\/#\\\/schema\\\/logo\\\/image\\\/\"},\"sameAs\":[\"https:\\\/\\\/www.facebook.com\\\/webdotn\",\"https:\\\/\\\/x.com\\\/webdo_tn\"],\"description\":\"Webdo est un m\u00e9dia num\u00e9rique tunisien fond\u00e9 en 2010, sp\u00e9cialis\u00e9 dans l\u2019actualit\u00e9 nationale et internationale, l\u2019\u00e9conomie, la soci\u00e9t\u00e9 et les analyses politiques. Le site s\u2019adresse \u00e0 un large public francophone et couvre l\u2019information tunisienne en temps r\u00e9el.\",\"email\":\"redac@webdo.tn\",\"legalName\":\"YNJ SARL\",\"foundingDate\":\"2010-09-06\",\"numberOfEmployees\":{\"@type\":\"QuantitativeValue\",\"minValue\":\"11\",\"maxValue\":\"50\"}},{\"@type\":\"Person\",\"@id\":\"https:\\\/\\\/www.webdo.tn\\\/fr\\\/#\\\/schema\\\/person\\\/6bc0beba2cd23aec27cb5df85ca2554f\",\"name\":\"Hatem Bourial\",\"image\":{\"@type\":\"ImageObject\",\"inLanguage\":\"fr-FR\",\"@id\":\"https:\\\/\\\/www.webdo.tn\\\/fr\\\/wp-content\\\/uploads\\\/2026\\\/04\\\/hatem-bourial_avatar-96x96.jpg\",\"url\":\"https:\\\/\\\/www.webdo.tn\\\/fr\\\/wp-content\\\/uploads\\\/2026\\\/04\\\/hatem-bourial_avatar-96x96.jpg\",\"contentUrl\":\"https:\\\/\\\/www.webdo.tn\\\/fr\\\/wp-content\\\/uploads\\\/2026\\\/04\\\/hatem-bourial_avatar-96x96.jpg\",\"caption\":\"Hatem Bourial\"},\"description\":\"Hatem Bourial est journaliste, \u00e9crivain et chroniqueur tunisien. Actif depuis plusieurs d\u00e9cennies, il s\u2019est impos\u00e9 comme un observateur attentif de la soci\u00e9t\u00e9 tunisienne, m\u00ealant dans ses \u00e9crits m\u00e9moire, culture et analyse du quotidien. Auteur de nombreux ouvrages, il d\u00e9veloppe une \u0153uvre \u00e0 la crois\u00e9e du r\u00e9cit, de la po\u00e9sie et de l\u2019observation sociologique. Parall\u00e8lement \u00e0 ses contributions dans la presse, il intervient r\u00e9guli\u00e8rement \u00e0 la radio et dans des espaces culturels, o\u00f9 il explore les enjeux li\u00e9s au patrimoine, \u00e0 l\u2019identit\u00e9 et aux transformations du monde contemporain. \u00c0 travers ses chroniques, Hatem Bourial propose une lecture sensible et approfondie de l\u2019actualit\u00e9, nourrie par une exp\u00e9rience journalistique et litt\u00e9raire reconnue. \ud83d\udd17 Facebook : https:\\\/\\\/www.facebook.com\\\/hatem.bourial.2025\",\"sameAs\":[\"https:\\\/\\\/www.facebook.com\\\/hatem.bourial.2025\",\"https:\\\/\\\/fr.wikipedia.org\\\/wiki\\\/Fichier:Hatem_Bourial.jpg\"],\"knowsAbout\":[\"Culture & patrimoine tunisien\",\"Chronique soci\u00e9tale\",\"Litt\u00e9rature & m\u00e9moire\",\"Cin\u00e9ma & critique culturelle\",\"Identit\u00e9 & mutations sociales\"],\"knowsLanguage\":[\"Arabe\",\"Fran\u00e7ais\",\"Anglais\",\"Italien\",\"Polonais\"],\"jobTitle\":\"Journaliste, \u00e9crivain et chroniqueur culturel\",\"worksFor\":\"Webdo\",\"url\":\"https:\\\/\\\/www.webdo.tn\\\/fr\\\/actualite\\\/author\\\/hatem-bourial-2\\\/\"}]}<\/script>\n<!-- \/ Yoast SEO Premium plugin. -->","yoast_head_json":{"title":"Arts plastiques : Quand la galerie Kalyst\u00e9 accueille Ahmed Hajeri - webdo","description":"D\u00e9couvrez l'exposition d'Ahmed Hajeri \u00e0 la galerie Kalyst\u00e9, un hommage artistique marquant pour un artiste exceptionnel.","canonical":"https:\/\/www.webdo.tn\/fr\/actualite\/culture\/arts-plastiques-quand-la-galerie-kalyste-accueille-ahmed-hajeri\/378997\/","og_locale":"fr_FR","og_type":"article","og_title":"Arts plastiques : Quand la galerie Kalyst\u00e9 accueille Ahmed Hajeri","og_description":"D\u00e9couvrez l'exposition d'Ahmed Hajeri \u00e0 la galerie Kalyst\u00e9, un hommage artistique marquant pour un artiste exceptionnel.","og_url":"https:\/\/www.webdo.tn\/fr\/actualite\/culture\/arts-plastiques-quand-la-galerie-kalyste-accueille-ahmed-hajeri\/378997\/","og_site_name":"webdo","article_publisher":"https:\/\/www.facebook.com\/webdotn","article_author":"https:\/\/www.facebook.com\/hatem.bourial.2025","article_published_time":"2025-07-04T08:55:44+00:00","article_modified_time":"2025-07-05T07:48:48+00:00","og_image":[{"width":1280,"height":898,"url":"https:\/\/www.webdo.tn\/fr\/wp-content\/uploads\/2025\/07\/Ahmed-Hajeri.jpeg","type":"image\/jpeg"}],"author":"Hatem Bourial","twitter_card":"summary_large_image","twitter_creator":"@webdo_tn","twitter_site":"@webdo_tn","twitter_misc":{"\u00c9crit par":"Hatem Bourial","Dur\u00e9e de lecture estim\u00e9e":"2 minutes"},"schema":{"@context":"https:\/\/schema.org","@graph":[{"@type":"NewsArticle","@id":"https:\/\/www.webdo.tn\/fr\/actualite\/culture\/arts-plastiques-quand-la-galerie-kalyste-accueille-ahmed-hajeri\/378997\/#article","isPartOf":{"@id":"https:\/\/www.webdo.tn\/fr\/actualite\/culture\/arts-plastiques-quand-la-galerie-kalyste-accueille-ahmed-hajeri\/378997\/"},"author":{"name":"Hatem Bourial","@id":"https:\/\/www.webdo.tn\/fr\/#\/schema\/person\/6bc0beba2cd23aec27cb5df85ca2554f"},"headline":"Arts plastiques : Quand la galerie Kalyst\u00e9 accueille Ahmed Hajeri","datePublished":"2025-07-04T08:55:44+00:00","dateModified":"2025-07-05T07:48:48+00:00","mainEntityOfPage":{"@id":"https:\/\/www.webdo.tn\/fr\/actualite\/culture\/arts-plastiques-quand-la-galerie-kalyste-accueille-ahmed-hajeri\/378997\/"},"wordCount":347,"commentCount":0,"publisher":{"@id":"https:\/\/www.webdo.tn\/fr\/#organization"},"image":{"@id":"https:\/\/www.webdo.tn\/fr\/actualite\/culture\/arts-plastiques-quand-la-galerie-kalyste-accueille-ahmed-hajeri\/378997\/#primaryimage"},"thumbnailUrl":"https:\/\/www.webdo.tn\/fr\/wp-content\/uploads\/2025\/07\/Ahmed-Hajeri.jpeg","keywords":["Ahmed Hajeri","arts plastiques","exposition","Kalyst\u00e9"],"articleSection":["Culture"],"inLanguage":"fr-FR"},{"@type":"WebPage","@id":"https:\/\/www.webdo.tn\/fr\/actualite\/culture\/arts-plastiques-quand-la-galerie-kalyste-accueille-ahmed-hajeri\/378997\/","url":"https:\/\/www.webdo.tn\/fr\/actualite\/culture\/arts-plastiques-quand-la-galerie-kalyste-accueille-ahmed-hajeri\/378997\/","name":"Arts plastiques : Quand la galerie Kalyst\u00e9 accueille Ahmed Hajeri - webdo","isPartOf":{"@id":"https:\/\/www.webdo.tn\/fr\/#website"},"primaryImageOfPage":{"@id":"https:\/\/www.webdo.tn\/fr\/actualite\/culture\/arts-plastiques-quand-la-galerie-kalyste-accueille-ahmed-hajeri\/378997\/#primaryimage"},"image":{"@id":"https:\/\/www.webdo.tn\/fr\/actualite\/culture\/arts-plastiques-quand-la-galerie-kalyste-accueille-ahmed-hajeri\/378997\/#primaryimage"},"thumbnailUrl":"https:\/\/www.webdo.tn\/fr\/wp-content\/uploads\/2025\/07\/Ahmed-Hajeri.jpeg","datePublished":"2025-07-04T08:55:44+00:00","dateModified":"2025-07-05T07:48:48+00:00","description":"D\u00e9couvrez l'exposition d'Ahmed Hajeri \u00e0 la galerie Kalyst\u00e9, un hommage artistique marquant pour un artiste exceptionnel.","breadcrumb":{"@id":"https:\/\/www.webdo.tn\/fr\/actualite\/culture\/arts-plastiques-quand-la-galerie-kalyste-accueille-ahmed-hajeri\/378997\/#breadcrumb"},"inLanguage":"fr-FR","potentialAction":[{"@type":"ReadAction","target":["https:\/\/www.webdo.tn\/fr\/actualite\/culture\/arts-plastiques-quand-la-galerie-kalyste-accueille-ahmed-hajeri\/378997\/"]}]},{"@type":"ImageObject","inLanguage":"fr-FR","@id":"https:\/\/www.webdo.tn\/fr\/actualite\/culture\/arts-plastiques-quand-la-galerie-kalyste-accueille-ahmed-hajeri\/378997\/#primaryimage","url":"https:\/\/www.webdo.tn\/fr\/wp-content\/uploads\/2025\/07\/Ahmed-Hajeri.jpeg","contentUrl":"https:\/\/www.webdo.tn\/fr\/wp-content\/uploads\/2025\/07\/Ahmed-Hajeri.jpeg","width":1280,"height":898,"caption":"Ahmed Hajeri"},{"@type":"BreadcrumbList","@id":"https:\/\/www.webdo.tn\/fr\/actualite\/culture\/arts-plastiques-quand-la-galerie-kalyste-accueille-ahmed-hajeri\/378997\/#breadcrumb","itemListElement":[{"@type":"ListItem","position":1,"name":"Accueil","item":"https:\/\/www.webdo.tn\/fr\/"},{"@type":"ListItem","position":2,"name":"Arts plastiques : Quand la galerie Kalyst\u00e9 accueille Ahmed Hajeri"}]},{"@type":"WebSite","@id":"https:\/\/www.webdo.tn\/fr\/#website","url":"https:\/\/www.webdo.tn\/fr\/","name":"webdo","description":"Tunisie - News en Tunisie et \u00e0 l&#039;international sur Webdo.tn","publisher":{"@id":"https:\/\/www.webdo.tn\/fr\/#organization"},"potentialAction":[{"@type":"SearchAction","target":{"@type":"EntryPoint","urlTemplate":"https:\/\/www.webdo.tn\/fr\/?s={search_term_string}"},"query-input":{"@type":"PropertyValueSpecification","valueRequired":true,"valueName":"search_term_string"}}],"inLanguage":"fr-FR"},{"@type":"Organization","@id":"https:\/\/www.webdo.tn\/fr\/#organization","name":"Webdo","alternateName":"Webdo.tn","url":"https:\/\/www.webdo.tn\/fr\/","logo":{"@type":"ImageObject","inLanguage":"fr-FR","@id":"https:\/\/www.webdo.tn\/fr\/#\/schema\/logo\/image\/","url":"https:\/\/www.webdo.tn\/fr\/wp-content\/uploads\/2025\/06\/Webdo-Tunisie_168377.jpg","contentUrl":"https:\/\/www.webdo.tn\/fr\/wp-content\/uploads\/2025\/06\/Webdo-Tunisie_168377.jpg","width":301,"height":301,"caption":"Webdo"},"image":{"@id":"https:\/\/www.webdo.tn\/fr\/#\/schema\/logo\/image\/"},"sameAs":["https:\/\/www.facebook.com\/webdotn","https:\/\/x.com\/webdo_tn"],"description":"Webdo est un m\u00e9dia num\u00e9rique tunisien fond\u00e9 en 2010, sp\u00e9cialis\u00e9 dans l\u2019actualit\u00e9 nationale et internationale, l\u2019\u00e9conomie, la soci\u00e9t\u00e9 et les analyses politiques. Le site s\u2019adresse \u00e0 un large public francophone et couvre l\u2019information tunisienne en temps r\u00e9el.","email":"redac@webdo.tn","legalName":"YNJ SARL","foundingDate":"2010-09-06","numberOfEmployees":{"@type":"QuantitativeValue","minValue":"11","maxValue":"50"}},{"@type":"Person","@id":"https:\/\/www.webdo.tn\/fr\/#\/schema\/person\/6bc0beba2cd23aec27cb5df85ca2554f","name":"Hatem Bourial","image":{"@type":"ImageObject","inLanguage":"fr-FR","@id":"https:\/\/www.webdo.tn\/fr\/wp-content\/uploads\/2026\/04\/hatem-bourial_avatar-96x96.jpg","url":"https:\/\/www.webdo.tn\/fr\/wp-content\/uploads\/2026\/04\/hatem-bourial_avatar-96x96.jpg","contentUrl":"https:\/\/www.webdo.tn\/fr\/wp-content\/uploads\/2026\/04\/hatem-bourial_avatar-96x96.jpg","caption":"Hatem Bourial"},"description":"Hatem Bourial est journaliste, \u00e9crivain et chroniqueur tunisien. Actif depuis plusieurs d\u00e9cennies, il s\u2019est impos\u00e9 comme un observateur attentif de la soci\u00e9t\u00e9 tunisienne, m\u00ealant dans ses \u00e9crits m\u00e9moire, culture et analyse du quotidien. Auteur de nombreux ouvrages, il d\u00e9veloppe une \u0153uvre \u00e0 la crois\u00e9e du r\u00e9cit, de la po\u00e9sie et de l\u2019observation sociologique. Parall\u00e8lement \u00e0 ses contributions dans la presse, il intervient r\u00e9guli\u00e8rement \u00e0 la radio et dans des espaces culturels, o\u00f9 il explore les enjeux li\u00e9s au patrimoine, \u00e0 l\u2019identit\u00e9 et aux transformations du monde contemporain. \u00c0 travers ses chroniques, Hatem Bourial propose une lecture sensible et approfondie de l\u2019actualit\u00e9, nourrie par une exp\u00e9rience journalistique et litt\u00e9raire reconnue. \ud83d\udd17 Facebook : https:\/\/www.facebook.com\/hatem.bourial.2025","sameAs":["https:\/\/www.facebook.com\/hatem.bourial.2025","https:\/\/fr.wikipedia.org\/wiki\/Fichier:Hatem_Bourial.jpg"],"knowsAbout":["Culture & patrimoine tunisien","Chronique soci\u00e9tale","Litt\u00e9rature & m\u00e9moire","Cin\u00e9ma & critique culturelle","Identit\u00e9 & mutations sociales"],"knowsLanguage":["Arabe","Fran\u00e7ais","Anglais","Italien","Polonais"],"jobTitle":"Journaliste, \u00e9crivain et chroniqueur culturel","worksFor":"Webdo","url":"https:\/\/www.webdo.tn\/fr\/actualite\/author\/hatem-bourial-2\/"}]}},"_links":{"self":[{"href":"https:\/\/www.webdo.tn\/fr\/wp-json\/wp\/v2\/posts\/378997","targetHints":{"allow":["GET"]}}],"collection":[{"href":"https:\/\/www.webdo.tn\/fr\/wp-json\/wp\/v2\/posts"}],"about":[{"href":"https:\/\/www.webdo.tn\/fr\/wp-json\/wp\/v2\/types\/post"}],"author":[{"embeddable":true,"href":"https:\/\/www.webdo.tn\/fr\/wp-json\/wp\/v2\/users\/3229"}],"replies":[{"embeddable":true,"href":"https:\/\/www.webdo.tn\/fr\/wp-json\/wp\/v2\/comments?post=378997"}],"version-history":[{"count":0,"href":"https:\/\/www.webdo.tn\/fr\/wp-json\/wp\/v2\/posts\/378997\/revisions"}],"wp:featuredmedia":[{"embeddable":true,"href":"https:\/\/www.webdo.tn\/fr\/wp-json\/wp\/v2\/media\/378999"}],"wp:attachment":[{"href":"https:\/\/www.webdo.tn\/fr\/wp-json\/wp\/v2\/media?parent=378997"}],"wp:term":[{"taxonomy":"category","embeddable":true,"href":"https:\/\/www.webdo.tn\/fr\/wp-json\/wp\/v2\/categories?post=378997"},{"taxonomy":"post_tag","embeddable":true,"href":"https:\/\/www.webdo.tn\/fr\/wp-json\/wp\/v2\/tags?post=378997"}],"curies":[{"name":"wp","href":"https:\/\/api.w.org\/{rel}","templated":true}]}}