{"id":378990,"date":"2025-07-04T09:46:10","date_gmt":"2025-07-04T08:46:10","guid":{"rendered":"https:\/\/www.webdo.tn\/fr\/?p=378990"},"modified":"2025-07-04T10:12:51","modified_gmt":"2025-07-04T09:12:51","slug":"hommage-mona-ezzine-dougaz-une-tunisienne-dexception","status":"publish","type":"post","link":"https:\/\/www.webdo.tn\/fr\/actualite\/divers\/hommage-mona-ezzine-dougaz-une-tunisienne-dexception\/378990\/","title":{"rendered":"Hommage : Mona Ezzine Dougaz, une Tunisienne d&rsquo;exception"},"content":{"rendered":"\n<p><strong>Distingu\u00e9e hispanisante, traductrice et enseignante universitaire, Mona Ezzine Dougaz est d\u00e9c\u00e9d\u00e9e hier jeudi 3 juillet 2025.<\/strong><\/p>\n\n\n\n<p>La grande famille des hispanisants tunisiens et ses tr\u00e8s nombreux amis pleurent Mona Ezzine Dougaz, trop t\u00f4t disparue apr\u00e8s un courageux combat contre la maladie. D\u00e9c\u00e9d\u00e9e hier, elle laisse un grand vide et l&rsquo;image d&rsquo;une femme de devoir dont la carri\u00e8re fut \u00e0 tous \u00e9gards exemplaire.<\/p>\n\n\n\n<p>Enseignante de langue espagnole, elle \u00e9tait tr\u00e8s appr\u00e9ci\u00e9e par ses \u00e9tudiants et ses coll\u00e8gues. Sa formidable capacit\u00e9 \u00e0 la traduction simultan\u00e9e faisait d&rsquo;elle un atout tr\u00e8s recherch\u00e9 par les organisateurs de colloques scientifiques et de rencontres minist\u00e8rielles.<\/p>\n\n\n\n<p>Ma\u00eetrisant plusieurs langues \u00e0 la perfection, Mona Ezzine Dougaz a compt\u00e9 parmi les plus distingu\u00e9s hispanisants de Tunisie. Sa ma\u00eetrise de la langue espagnole dans ses nuances les plus subtiles faisait d&rsquo;elle un mod\u00e8le admir\u00e9.<\/p>\n\n\n\n<p>Hier, d\u00e8s le faire-part de son d\u00e9c\u00e8s par la famille, les hommages ont afflu\u00e9 de partout. De l&rsquo;ambassade d&rsquo;Espagne \u00e0 l&rsquo;ambassade d&rsquo;Argentine en passant par l&rsquo;Institut Cervant\u00e8s, les communiqu\u00e9s \u00e9taient empreints d&rsquo;\u00e9motion, de respect et de reconnaissance. De m\u00eame, en provenance de l&rsquo;universit\u00e9 tunisienne, les hommages ont \u00e9t\u00e9 nombreux.<\/p>\n\n\n\n<p>Femme de c\u0153ur, Mona Ezzine Dougaz \u00e9tait aussi l&rsquo;\u00e9g\u00e9rie et le premier soutien de son fils, le tennisman Aziz Dougaz dont elle appuyait le parcours sportif avec pers\u00e9v\u00e9rance. Toujours pr\u00e9sente \u00e0 ses c\u00f4t\u00e9s, elle \u00e9tait vigilante, d\u00e9cid\u00e9e et aimante.<\/p>\n\n\n\n<p>Que ce soit dans sa vie acad\u00e9mique, son travail de traductrice ou ses engagements, Mona Ezzine Dougaz a toujours qu\u00eat\u00e9 et trouv\u00e9 l&rsquo;excellence. Paix \u00e0 sa belle \u00e2me de Tunisienne d&rsquo;exception et condol\u00e9ances \u00e0 sa famille.<\/p>\n\n\n\n<p>L&rsquo;inhumation aura lieu aujourd&rsquo;hui, vendredi 4 juillet \u00e0 14h, au cimeti\u00e8re de Gammarth.<\/p>\n","protected":false},"excerpt":{"rendered":"<p>Distingu\u00e9e hispanisante, traductrice et enseignante universitaire, Mona Ezzine Dougaz est d\u00e9c\u00e9d\u00e9e hier jeudi 3 juillet 2025. La grande famille des hispanisants tunisiens et ses tr\u00e8s nombreux amis pleurent Mona Ezzine Dougaz, trop t\u00f4t disparue apr\u00e8s un courageux combat contre la maladie. D\u00e9c\u00e9d\u00e9e hier, elle laisse un grand vide et l&rsquo;image d&rsquo;une femme de devoir dont [&hellip;]<\/p>\n","protected":false},"author":3229,"featured_media":378994,"comment_status":"open","ping_status":"open","sticky":false,"template":"","format":"standard","meta":{"footnotes":""},"categories":[2839],"tags":[3106],"class_list":["post-378990","post","type-post","status-publish","format-standard","has-post-thumbnail","hentry","category-divers","tag-hommage"],"yoast_head":"<!-- This site is optimized with the Yoast SEO Premium plugin v27.5 (Yoast SEO v27.5) - https:\/\/yoast.com\/product\/yoast-seo-premium-wordpress\/ -->\n<title>Hommage : Mona Ezzine Dougaz, une Tunisienne d&#039;exception - webdo<\/title>\n<meta name=\"description\" content=\"Hommage : Mona Ezzine Dougaz, une Tunisienne d&#039;exception, nous a quitt\u00e9s. D\u00e9couvrez son parcours et ses contributions remarquables.\" \/>\n<link rel=\"canonical\" href=\"https:\/\/www.webdo.tn\/fr\/actualite\/divers\/hommage-mona-ezzine-dougaz-une-tunisienne-dexception\/378990\/\" \/>\n<meta property=\"og:locale\" content=\"fr_FR\" \/>\n<meta property=\"og:type\" content=\"article\" \/>\n<meta property=\"og:title\" content=\"Hommage : Mona Ezzine Dougaz, une Tunisienne d&#039;exception\" \/>\n<meta property=\"og:description\" content=\"Hommage : Mona Ezzine Dougaz, une Tunisienne d&#039;exception, nous a quitt\u00e9s. D\u00e9couvrez son parcours et ses contributions remarquables.\" \/>\n<meta property=\"og:url\" content=\"https:\/\/www.webdo.tn\/fr\/actualite\/divers\/hommage-mona-ezzine-dougaz-une-tunisienne-dexception\/378990\/\" \/>\n<meta property=\"og:site_name\" content=\"webdo\" \/>\n<meta property=\"article:publisher\" content=\"https:\/\/www.facebook.com\/webdotn\" \/>\n<meta property=\"article:author\" content=\"https:\/\/www.facebook.com\/hatem.bourial.2025\" \/>\n<meta property=\"article:published_time\" content=\"2025-07-04T08:46:10+00:00\" \/>\n<meta property=\"article:modified_time\" content=\"2025-07-04T09:12:51+00:00\" \/>\n<meta property=\"og:image\" content=\"https:\/\/www.webdo.tn\/fr\/wp-content\/uploads\/2025\/07\/Mona-Ezzine-Dougaz-1.jpg\" \/>\n\t<meta property=\"og:image:width\" content=\"816\" \/>\n\t<meta property=\"og:image:height\" content=\"525\" \/>\n\t<meta property=\"og:image:type\" content=\"image\/jpeg\" \/>\n<meta name=\"author\" content=\"Hatem Bourial\" \/>\n<meta name=\"twitter:card\" content=\"summary_large_image\" \/>\n<meta name=\"twitter:creator\" content=\"@webdo_tn\" \/>\n<meta name=\"twitter:site\" content=\"@webdo_tn\" \/>\n<meta name=\"twitter:label1\" content=\"\u00c9crit par\" \/>\n\t<meta name=\"twitter:data1\" content=\"Hatem Bourial\" \/>\n\t<meta name=\"twitter:label2\" content=\"Dur\u00e9e de lecture estim\u00e9e\" \/>\n\t<meta name=\"twitter:data2\" content=\"1 minute\" \/>\n<script type=\"application\/ld+json\" class=\"yoast-schema-graph\">{\"@context\":\"https:\\\/\\\/schema.org\",\"@graph\":[{\"@type\":\"NewsArticle\",\"@id\":\"https:\\\/\\\/www.webdo.tn\\\/fr\\\/actualite\\\/divers\\\/hommage-mona-ezzine-dougaz-une-tunisienne-dexception\\\/378990\\\/#article\",\"isPartOf\":{\"@id\":\"https:\\\/\\\/www.webdo.tn\\\/fr\\\/actualite\\\/divers\\\/hommage-mona-ezzine-dougaz-une-tunisienne-dexception\\\/378990\\\/\"},\"author\":{\"name\":\"Hatem Bourial\",\"@id\":\"https:\\\/\\\/www.webdo.tn\\\/fr\\\/#\\\/schema\\\/person\\\/6bc0beba2cd23aec27cb5df85ca2554f\"},\"headline\":\"Hommage : Mona Ezzine Dougaz, une Tunisienne d&rsquo;exception\",\"datePublished\":\"2025-07-04T08:46:10+00:00\",\"dateModified\":\"2025-07-04T09:12:51+00:00\",\"mainEntityOfPage\":{\"@id\":\"https:\\\/\\\/www.webdo.tn\\\/fr\\\/actualite\\\/divers\\\/hommage-mona-ezzine-dougaz-une-tunisienne-dexception\\\/378990\\\/\"},\"wordCount\":325,\"commentCount\":0,\"publisher\":{\"@id\":\"https:\\\/\\\/www.webdo.tn\\\/fr\\\/#organization\"},\"image\":{\"@id\":\"https:\\\/\\\/www.webdo.tn\\\/fr\\\/actualite\\\/divers\\\/hommage-mona-ezzine-dougaz-une-tunisienne-dexception\\\/378990\\\/#primaryimage\"},\"thumbnailUrl\":\"https:\\\/\\\/www.webdo.tn\\\/fr\\\/wp-content\\\/uploads\\\/2025\\\/07\\\/Mona-Ezzine-Dougaz-1.jpg\",\"keywords\":[\"Hommage\"],\"articleSection\":[\"Divers\"],\"inLanguage\":\"fr-FR\"},{\"@type\":\"WebPage\",\"@id\":\"https:\\\/\\\/www.webdo.tn\\\/fr\\\/actualite\\\/divers\\\/hommage-mona-ezzine-dougaz-une-tunisienne-dexception\\\/378990\\\/\",\"url\":\"https:\\\/\\\/www.webdo.tn\\\/fr\\\/actualite\\\/divers\\\/hommage-mona-ezzine-dougaz-une-tunisienne-dexception\\\/378990\\\/\",\"name\":\"Hommage : Mona Ezzine Dougaz, une Tunisienne d'exception - webdo\",\"isPartOf\":{\"@id\":\"https:\\\/\\\/www.webdo.tn\\\/fr\\\/#website\"},\"primaryImageOfPage\":{\"@id\":\"https:\\\/\\\/www.webdo.tn\\\/fr\\\/actualite\\\/divers\\\/hommage-mona-ezzine-dougaz-une-tunisienne-dexception\\\/378990\\\/#primaryimage\"},\"image\":{\"@id\":\"https:\\\/\\\/www.webdo.tn\\\/fr\\\/actualite\\\/divers\\\/hommage-mona-ezzine-dougaz-une-tunisienne-dexception\\\/378990\\\/#primaryimage\"},\"thumbnailUrl\":\"https:\\\/\\\/www.webdo.tn\\\/fr\\\/wp-content\\\/uploads\\\/2025\\\/07\\\/Mona-Ezzine-Dougaz-1.jpg\",\"datePublished\":\"2025-07-04T08:46:10+00:00\",\"dateModified\":\"2025-07-04T09:12:51+00:00\",\"description\":\"Hommage : Mona Ezzine Dougaz, une Tunisienne d'exception, nous a quitt\u00e9s. D\u00e9couvrez son parcours et ses contributions remarquables.\",\"breadcrumb\":{\"@id\":\"https:\\\/\\\/www.webdo.tn\\\/fr\\\/actualite\\\/divers\\\/hommage-mona-ezzine-dougaz-une-tunisienne-dexception\\\/378990\\\/#breadcrumb\"},\"inLanguage\":\"fr-FR\",\"potentialAction\":[{\"@type\":\"ReadAction\",\"target\":[\"https:\\\/\\\/www.webdo.tn\\\/fr\\\/actualite\\\/divers\\\/hommage-mona-ezzine-dougaz-une-tunisienne-dexception\\\/378990\\\/\"]}]},{\"@type\":\"ImageObject\",\"inLanguage\":\"fr-FR\",\"@id\":\"https:\\\/\\\/www.webdo.tn\\\/fr\\\/actualite\\\/divers\\\/hommage-mona-ezzine-dougaz-une-tunisienne-dexception\\\/378990\\\/#primaryimage\",\"url\":\"https:\\\/\\\/www.webdo.tn\\\/fr\\\/wp-content\\\/uploads\\\/2025\\\/07\\\/Mona-Ezzine-Dougaz-1.jpg\",\"contentUrl\":\"https:\\\/\\\/www.webdo.tn\\\/fr\\\/wp-content\\\/uploads\\\/2025\\\/07\\\/Mona-Ezzine-Dougaz-1.jpg\",\"width\":816,\"height\":525,\"caption\":\"Mona Ezzine Dougaz\"},{\"@type\":\"BreadcrumbList\",\"@id\":\"https:\\\/\\\/www.webdo.tn\\\/fr\\\/actualite\\\/divers\\\/hommage-mona-ezzine-dougaz-une-tunisienne-dexception\\\/378990\\\/#breadcrumb\",\"itemListElement\":[{\"@type\":\"ListItem\",\"position\":1,\"name\":\"Accueil\",\"item\":\"https:\\\/\\\/www.webdo.tn\\\/fr\\\/\"},{\"@type\":\"ListItem\",\"position\":2,\"name\":\"Hommage : Mona Ezzine Dougaz, une Tunisienne d&rsquo;exception\"}]},{\"@type\":\"WebSite\",\"@id\":\"https:\\\/\\\/www.webdo.tn\\\/fr\\\/#website\",\"url\":\"https:\\\/\\\/www.webdo.tn\\\/fr\\\/\",\"name\":\"webdo\",\"description\":\"Tunisie - News en Tunisie et \u00e0 l&#039;international sur Webdo.tn\",\"publisher\":{\"@id\":\"https:\\\/\\\/www.webdo.tn\\\/fr\\\/#organization\"},\"potentialAction\":[{\"@type\":\"SearchAction\",\"target\":{\"@type\":\"EntryPoint\",\"urlTemplate\":\"https:\\\/\\\/www.webdo.tn\\\/fr\\\/?s={search_term_string}\"},\"query-input\":{\"@type\":\"PropertyValueSpecification\",\"valueRequired\":true,\"valueName\":\"search_term_string\"}}],\"inLanguage\":\"fr-FR\"},{\"@type\":\"Organization\",\"@id\":\"https:\\\/\\\/www.webdo.tn\\\/fr\\\/#organization\",\"name\":\"Webdo\",\"alternateName\":\"Webdo.tn\",\"url\":\"https:\\\/\\\/www.webdo.tn\\\/fr\\\/\",\"logo\":{\"@type\":\"ImageObject\",\"inLanguage\":\"fr-FR\",\"@id\":\"https:\\\/\\\/www.webdo.tn\\\/fr\\\/#\\\/schema\\\/logo\\\/image\\\/\",\"url\":\"https:\\\/\\\/www.webdo.tn\\\/fr\\\/wp-content\\\/uploads\\\/2025\\\/06\\\/Webdo-Tunisie_168377.jpg\",\"contentUrl\":\"https:\\\/\\\/www.webdo.tn\\\/fr\\\/wp-content\\\/uploads\\\/2025\\\/06\\\/Webdo-Tunisie_168377.jpg\",\"width\":301,\"height\":301,\"caption\":\"Webdo\"},\"image\":{\"@id\":\"https:\\\/\\\/www.webdo.tn\\\/fr\\\/#\\\/schema\\\/logo\\\/image\\\/\"},\"sameAs\":[\"https:\\\/\\\/www.facebook.com\\\/webdotn\",\"https:\\\/\\\/x.com\\\/webdo_tn\"],\"description\":\"Webdo est un m\u00e9dia num\u00e9rique tunisien fond\u00e9 en 2010, sp\u00e9cialis\u00e9 dans l\u2019actualit\u00e9 nationale et internationale, l\u2019\u00e9conomie, la soci\u00e9t\u00e9 et les analyses politiques. Le site s\u2019adresse \u00e0 un large public francophone et couvre l\u2019information tunisienne en temps r\u00e9el.\",\"email\":\"redac@webdo.tn\",\"legalName\":\"YNJ SARL\",\"foundingDate\":\"2010-09-06\",\"numberOfEmployees\":{\"@type\":\"QuantitativeValue\",\"minValue\":\"11\",\"maxValue\":\"50\"}},{\"@type\":\"Person\",\"@id\":\"https:\\\/\\\/www.webdo.tn\\\/fr\\\/#\\\/schema\\\/person\\\/6bc0beba2cd23aec27cb5df85ca2554f\",\"name\":\"Hatem Bourial\",\"image\":{\"@type\":\"ImageObject\",\"inLanguage\":\"fr-FR\",\"@id\":\"https:\\\/\\\/www.webdo.tn\\\/fr\\\/wp-content\\\/uploads\\\/2026\\\/04\\\/hatem-bourial_avatar-96x96.jpg\",\"url\":\"https:\\\/\\\/www.webdo.tn\\\/fr\\\/wp-content\\\/uploads\\\/2026\\\/04\\\/hatem-bourial_avatar-96x96.jpg\",\"contentUrl\":\"https:\\\/\\\/www.webdo.tn\\\/fr\\\/wp-content\\\/uploads\\\/2026\\\/04\\\/hatem-bourial_avatar-96x96.jpg\",\"caption\":\"Hatem Bourial\"},\"description\":\"Hatem Bourial est journaliste, \u00e9crivain et chroniqueur tunisien. Actif depuis plusieurs d\u00e9cennies, il s\u2019est impos\u00e9 comme un observateur attentif de la soci\u00e9t\u00e9 tunisienne, m\u00ealant dans ses \u00e9crits m\u00e9moire, culture et analyse du quotidien. Auteur de nombreux ouvrages, il d\u00e9veloppe une \u0153uvre \u00e0 la crois\u00e9e du r\u00e9cit, de la po\u00e9sie et de l\u2019observation sociologique. Parall\u00e8lement \u00e0 ses contributions dans la presse, il intervient r\u00e9guli\u00e8rement \u00e0 la radio et dans des espaces culturels, o\u00f9 il explore les enjeux li\u00e9s au patrimoine, \u00e0 l\u2019identit\u00e9 et aux transformations du monde contemporain. \u00c0 travers ses chroniques, Hatem Bourial propose une lecture sensible et approfondie de l\u2019actualit\u00e9, nourrie par une exp\u00e9rience journalistique et litt\u00e9raire reconnue. \ud83d\udd17 Facebook : https:\\\/\\\/www.facebook.com\\\/hatem.bourial.2025\",\"sameAs\":[\"https:\\\/\\\/www.facebook.com\\\/hatem.bourial.2025\",\"https:\\\/\\\/fr.wikipedia.org\\\/wiki\\\/Fichier:Hatem_Bourial.jpg\"],\"knowsAbout\":[\"Culture & patrimoine tunisien\",\"Chronique soci\u00e9tale\",\"Litt\u00e9rature & m\u00e9moire\",\"Cin\u00e9ma & critique culturelle\",\"Identit\u00e9 & mutations sociales\"],\"knowsLanguage\":[\"Arabe\",\"Fran\u00e7ais\",\"Anglais\",\"Italien\",\"Polonais\"],\"jobTitle\":\"Journaliste, \u00e9crivain et chroniqueur culturel\",\"worksFor\":\"Webdo\",\"url\":\"https:\\\/\\\/www.webdo.tn\\\/fr\\\/actualite\\\/author\\\/hatem-bourial-2\\\/\"}]}<\/script>\n<!-- \/ Yoast SEO Premium plugin. -->","yoast_head_json":{"title":"Hommage : Mona Ezzine Dougaz, une Tunisienne d'exception - webdo","description":"Hommage : Mona Ezzine Dougaz, une Tunisienne d'exception, nous a quitt\u00e9s. D\u00e9couvrez son parcours et ses contributions remarquables.","canonical":"https:\/\/www.webdo.tn\/fr\/actualite\/divers\/hommage-mona-ezzine-dougaz-une-tunisienne-dexception\/378990\/","og_locale":"fr_FR","og_type":"article","og_title":"Hommage : Mona Ezzine Dougaz, une Tunisienne d'exception","og_description":"Hommage : Mona Ezzine Dougaz, une Tunisienne d'exception, nous a quitt\u00e9s. D\u00e9couvrez son parcours et ses contributions remarquables.","og_url":"https:\/\/www.webdo.tn\/fr\/actualite\/divers\/hommage-mona-ezzine-dougaz-une-tunisienne-dexception\/378990\/","og_site_name":"webdo","article_publisher":"https:\/\/www.facebook.com\/webdotn","article_author":"https:\/\/www.facebook.com\/hatem.bourial.2025","article_published_time":"2025-07-04T08:46:10+00:00","article_modified_time":"2025-07-04T09:12:51+00:00","og_image":[{"width":816,"height":525,"url":"https:\/\/www.webdo.tn\/fr\/wp-content\/uploads\/2025\/07\/Mona-Ezzine-Dougaz-1.jpg","type":"image\/jpeg"}],"author":"Hatem Bourial","twitter_card":"summary_large_image","twitter_creator":"@webdo_tn","twitter_site":"@webdo_tn","twitter_misc":{"\u00c9crit par":"Hatem Bourial","Dur\u00e9e de lecture estim\u00e9e":"1 minute"},"schema":{"@context":"https:\/\/schema.org","@graph":[{"@type":"NewsArticle","@id":"https:\/\/www.webdo.tn\/fr\/actualite\/divers\/hommage-mona-ezzine-dougaz-une-tunisienne-dexception\/378990\/#article","isPartOf":{"@id":"https:\/\/www.webdo.tn\/fr\/actualite\/divers\/hommage-mona-ezzine-dougaz-une-tunisienne-dexception\/378990\/"},"author":{"name":"Hatem Bourial","@id":"https:\/\/www.webdo.tn\/fr\/#\/schema\/person\/6bc0beba2cd23aec27cb5df85ca2554f"},"headline":"Hommage : Mona Ezzine Dougaz, une Tunisienne d&rsquo;exception","datePublished":"2025-07-04T08:46:10+00:00","dateModified":"2025-07-04T09:12:51+00:00","mainEntityOfPage":{"@id":"https:\/\/www.webdo.tn\/fr\/actualite\/divers\/hommage-mona-ezzine-dougaz-une-tunisienne-dexception\/378990\/"},"wordCount":325,"commentCount":0,"publisher":{"@id":"https:\/\/www.webdo.tn\/fr\/#organization"},"image":{"@id":"https:\/\/www.webdo.tn\/fr\/actualite\/divers\/hommage-mona-ezzine-dougaz-une-tunisienne-dexception\/378990\/#primaryimage"},"thumbnailUrl":"https:\/\/www.webdo.tn\/fr\/wp-content\/uploads\/2025\/07\/Mona-Ezzine-Dougaz-1.jpg","keywords":["Hommage"],"articleSection":["Divers"],"inLanguage":"fr-FR"},{"@type":"WebPage","@id":"https:\/\/www.webdo.tn\/fr\/actualite\/divers\/hommage-mona-ezzine-dougaz-une-tunisienne-dexception\/378990\/","url":"https:\/\/www.webdo.tn\/fr\/actualite\/divers\/hommage-mona-ezzine-dougaz-une-tunisienne-dexception\/378990\/","name":"Hommage : Mona Ezzine Dougaz, une Tunisienne d'exception - webdo","isPartOf":{"@id":"https:\/\/www.webdo.tn\/fr\/#website"},"primaryImageOfPage":{"@id":"https:\/\/www.webdo.tn\/fr\/actualite\/divers\/hommage-mona-ezzine-dougaz-une-tunisienne-dexception\/378990\/#primaryimage"},"image":{"@id":"https:\/\/www.webdo.tn\/fr\/actualite\/divers\/hommage-mona-ezzine-dougaz-une-tunisienne-dexception\/378990\/#primaryimage"},"thumbnailUrl":"https:\/\/www.webdo.tn\/fr\/wp-content\/uploads\/2025\/07\/Mona-Ezzine-Dougaz-1.jpg","datePublished":"2025-07-04T08:46:10+00:00","dateModified":"2025-07-04T09:12:51+00:00","description":"Hommage : Mona Ezzine Dougaz, une Tunisienne d'exception, nous a quitt\u00e9s. D\u00e9couvrez son parcours et ses contributions remarquables.","breadcrumb":{"@id":"https:\/\/www.webdo.tn\/fr\/actualite\/divers\/hommage-mona-ezzine-dougaz-une-tunisienne-dexception\/378990\/#breadcrumb"},"inLanguage":"fr-FR","potentialAction":[{"@type":"ReadAction","target":["https:\/\/www.webdo.tn\/fr\/actualite\/divers\/hommage-mona-ezzine-dougaz-une-tunisienne-dexception\/378990\/"]}]},{"@type":"ImageObject","inLanguage":"fr-FR","@id":"https:\/\/www.webdo.tn\/fr\/actualite\/divers\/hommage-mona-ezzine-dougaz-une-tunisienne-dexception\/378990\/#primaryimage","url":"https:\/\/www.webdo.tn\/fr\/wp-content\/uploads\/2025\/07\/Mona-Ezzine-Dougaz-1.jpg","contentUrl":"https:\/\/www.webdo.tn\/fr\/wp-content\/uploads\/2025\/07\/Mona-Ezzine-Dougaz-1.jpg","width":816,"height":525,"caption":"Mona Ezzine Dougaz"},{"@type":"BreadcrumbList","@id":"https:\/\/www.webdo.tn\/fr\/actualite\/divers\/hommage-mona-ezzine-dougaz-une-tunisienne-dexception\/378990\/#breadcrumb","itemListElement":[{"@type":"ListItem","position":1,"name":"Accueil","item":"https:\/\/www.webdo.tn\/fr\/"},{"@type":"ListItem","position":2,"name":"Hommage : Mona Ezzine Dougaz, une Tunisienne d&rsquo;exception"}]},{"@type":"WebSite","@id":"https:\/\/www.webdo.tn\/fr\/#website","url":"https:\/\/www.webdo.tn\/fr\/","name":"webdo","description":"Tunisie - News en Tunisie et \u00e0 l&#039;international sur Webdo.tn","publisher":{"@id":"https:\/\/www.webdo.tn\/fr\/#organization"},"potentialAction":[{"@type":"SearchAction","target":{"@type":"EntryPoint","urlTemplate":"https:\/\/www.webdo.tn\/fr\/?s={search_term_string}"},"query-input":{"@type":"PropertyValueSpecification","valueRequired":true,"valueName":"search_term_string"}}],"inLanguage":"fr-FR"},{"@type":"Organization","@id":"https:\/\/www.webdo.tn\/fr\/#organization","name":"Webdo","alternateName":"Webdo.tn","url":"https:\/\/www.webdo.tn\/fr\/","logo":{"@type":"ImageObject","inLanguage":"fr-FR","@id":"https:\/\/www.webdo.tn\/fr\/#\/schema\/logo\/image\/","url":"https:\/\/www.webdo.tn\/fr\/wp-content\/uploads\/2025\/06\/Webdo-Tunisie_168377.jpg","contentUrl":"https:\/\/www.webdo.tn\/fr\/wp-content\/uploads\/2025\/06\/Webdo-Tunisie_168377.jpg","width":301,"height":301,"caption":"Webdo"},"image":{"@id":"https:\/\/www.webdo.tn\/fr\/#\/schema\/logo\/image\/"},"sameAs":["https:\/\/www.facebook.com\/webdotn","https:\/\/x.com\/webdo_tn"],"description":"Webdo est un m\u00e9dia num\u00e9rique tunisien fond\u00e9 en 2010, sp\u00e9cialis\u00e9 dans l\u2019actualit\u00e9 nationale et internationale, l\u2019\u00e9conomie, la soci\u00e9t\u00e9 et les analyses politiques. Le site s\u2019adresse \u00e0 un large public francophone et couvre l\u2019information tunisienne en temps r\u00e9el.","email":"redac@webdo.tn","legalName":"YNJ SARL","foundingDate":"2010-09-06","numberOfEmployees":{"@type":"QuantitativeValue","minValue":"11","maxValue":"50"}},{"@type":"Person","@id":"https:\/\/www.webdo.tn\/fr\/#\/schema\/person\/6bc0beba2cd23aec27cb5df85ca2554f","name":"Hatem Bourial","image":{"@type":"ImageObject","inLanguage":"fr-FR","@id":"https:\/\/www.webdo.tn\/fr\/wp-content\/uploads\/2026\/04\/hatem-bourial_avatar-96x96.jpg","url":"https:\/\/www.webdo.tn\/fr\/wp-content\/uploads\/2026\/04\/hatem-bourial_avatar-96x96.jpg","contentUrl":"https:\/\/www.webdo.tn\/fr\/wp-content\/uploads\/2026\/04\/hatem-bourial_avatar-96x96.jpg","caption":"Hatem Bourial"},"description":"Hatem Bourial est journaliste, \u00e9crivain et chroniqueur tunisien. Actif depuis plusieurs d\u00e9cennies, il s\u2019est impos\u00e9 comme un observateur attentif de la soci\u00e9t\u00e9 tunisienne, m\u00ealant dans ses \u00e9crits m\u00e9moire, culture et analyse du quotidien. Auteur de nombreux ouvrages, il d\u00e9veloppe une \u0153uvre \u00e0 la crois\u00e9e du r\u00e9cit, de la po\u00e9sie et de l\u2019observation sociologique. Parall\u00e8lement \u00e0 ses contributions dans la presse, il intervient r\u00e9guli\u00e8rement \u00e0 la radio et dans des espaces culturels, o\u00f9 il explore les enjeux li\u00e9s au patrimoine, \u00e0 l\u2019identit\u00e9 et aux transformations du monde contemporain. \u00c0 travers ses chroniques, Hatem Bourial propose une lecture sensible et approfondie de l\u2019actualit\u00e9, nourrie par une exp\u00e9rience journalistique et litt\u00e9raire reconnue. \ud83d\udd17 Facebook : https:\/\/www.facebook.com\/hatem.bourial.2025","sameAs":["https:\/\/www.facebook.com\/hatem.bourial.2025","https:\/\/fr.wikipedia.org\/wiki\/Fichier:Hatem_Bourial.jpg"],"knowsAbout":["Culture & patrimoine tunisien","Chronique soci\u00e9tale","Litt\u00e9rature & m\u00e9moire","Cin\u00e9ma & critique culturelle","Identit\u00e9 & mutations sociales"],"knowsLanguage":["Arabe","Fran\u00e7ais","Anglais","Italien","Polonais"],"jobTitle":"Journaliste, \u00e9crivain et chroniqueur culturel","worksFor":"Webdo","url":"https:\/\/www.webdo.tn\/fr\/actualite\/author\/hatem-bourial-2\/"}]}},"_links":{"self":[{"href":"https:\/\/www.webdo.tn\/fr\/wp-json\/wp\/v2\/posts\/378990","targetHints":{"allow":["GET"]}}],"collection":[{"href":"https:\/\/www.webdo.tn\/fr\/wp-json\/wp\/v2\/posts"}],"about":[{"href":"https:\/\/www.webdo.tn\/fr\/wp-json\/wp\/v2\/types\/post"}],"author":[{"embeddable":true,"href":"https:\/\/www.webdo.tn\/fr\/wp-json\/wp\/v2\/users\/3229"}],"replies":[{"embeddable":true,"href":"https:\/\/www.webdo.tn\/fr\/wp-json\/wp\/v2\/comments?post=378990"}],"version-history":[{"count":0,"href":"https:\/\/www.webdo.tn\/fr\/wp-json\/wp\/v2\/posts\/378990\/revisions"}],"wp:featuredmedia":[{"embeddable":true,"href":"https:\/\/www.webdo.tn\/fr\/wp-json\/wp\/v2\/media\/378994"}],"wp:attachment":[{"href":"https:\/\/www.webdo.tn\/fr\/wp-json\/wp\/v2\/media?parent=378990"}],"wp:term":[{"taxonomy":"category","embeddable":true,"href":"https:\/\/www.webdo.tn\/fr\/wp-json\/wp\/v2\/categories?post=378990"},{"taxonomy":"post_tag","embeddable":true,"href":"https:\/\/www.webdo.tn\/fr\/wp-json\/wp\/v2\/tags?post=378990"}],"curies":[{"name":"wp","href":"https:\/\/api.w.org\/{rel}","templated":true}]}}