{"id":378960,"date":"2025-07-03T13:47:30","date_gmt":"2025-07-03T12:47:30","guid":{"rendered":"https:\/\/www.webdo.tn\/fr\/?p=378960"},"modified":"2025-07-03T13:47:31","modified_gmt":"2025-07-03T12:47:31","slug":"festival-international-de-bizerte-2025-premieres-tetes-daffiche-devoilees","status":"publish","type":"post","link":"https:\/\/www.webdo.tn\/fr\/actualite\/culture\/festival-international-de-bizerte-2025-premieres-tetes-daffiche-devoilees\/378960\/","title":{"rendered":"Festival international de Bizerte 2025 : Premi\u00e8res t\u00eates d&rsquo;affiche d\u00e9voil\u00e9es"},"content":{"rendered":"\n<p><strong>A quelques jours de l\u2019ouverture de sa 42e \u00e9dition, pr\u00e9vue du 15 juillet au 19 ao\u00fbt 2025, le Festival international de Bizerte commence \u00e0 lever le voile sur sa programmation. En attendant la conf\u00e9rence de presse officielle pr\u00e9vue ce vendredi 4 juillet, plusieurs grands noms ont d\u00e9j\u00e0 \u00e9t\u00e9 annonc\u00e9s sur la page officielle du festival.<\/strong><\/p>\n\n\n\n<p>Parmi les temps forts, la soir\u00e9e de cl\u00f4ture s\u2019annonce comme un \u00e9v\u00e9nement majeur avec la cr\u00e9ation musicale \u00ab\u00a0Ragouj\u00a0\u00bb sign\u00e9e par les fr\u00e8res Abdelhamid et Hamza Bouchnak. Apr\u00e8s le succ\u00e8s de leur spectacle \u00ab\u00a0Ocheg Edenia\u00a0\u00bb en 2023, le duo revient avec cette nouvelle production qui sera pr\u00e9sent\u00e9e le 19 ao\u00fbt sur la sc\u00e8ne de l\u2019amphith\u00e9\u00e2tre en plein air de Bizerte.<\/p>\n\n\n\n<p>Autre nom attendu : le chanteur tunisien Mortadha Ftiti, qui se produira pour la deuxi\u00e8me ann\u00e9e cons\u00e9cutive. Tr\u00e8s populaire aupr\u00e8s du jeune public, ses concerts affichent g\u00e9n\u00e9ralement complet.<\/p>\n\n\n\n<p>C\u00f4t\u00e9 artistes arabes, le public retrouvera le Libanais Wael Jassar, de retour \u00e0 Bizerte apr\u00e8s sa derni\u00e8re apparition en 2022, ainsi que le Syrien Al-Shami, qui montera pour la premi\u00e8re fois sur la sc\u00e8ne du festival.<\/p>\n\n\n\n<p>Le directeur du festival, Lotfi Sfaxi, a pr\u00e9cis\u00e9 sur les ondes de la radio nationale que la programmation comprendra entre 18 et 19 spectacles. L\u2019ouverture sera marqu\u00e9e par une cr\u00e9ation propre au festival : \u00ab\u00a0Rehlet Ajyel\u00a0\u00bb (P\u00e9riple de g\u00e9n\u00e9rations), une fresque musicale retra\u00e7ant l\u2019histoire du patrimoine de Bizerte, de Khemaies Tarnane \u00e0 feu Fay\u00e7al Rjiba. Cette production, la premi\u00e8re du genre depuis 2010, r\u00e9unira environ 70 artistes originaires de la r\u00e9gion (Mateur, Ras Jbal, Menzel Abderrahmane, etc.) sous la direction de Yosri Mokdad.<\/p>\n\n\n\n<p>Le rappeur Balti, incontournable sur la sc\u00e8ne urbaine tunisienne, fera \u00e9galement partie des invit\u00e9s de cette 42e \u00e9dition. Quatre spectacles \u00e9trangers sont pr\u00e9vus cette ann\u00e9e, dont deux dans le cadre de la coop\u00e9ration internationale. L\u2019un d\u2019eux sera un concert de jazz et de blues venu du S\u00e9n\u00e9gal.<\/p>\n\n\n\n<p>Toujours dans le cadre de la diplomatie culturelle, la Chorale du Patrimoine Oriental du Canada a annonc\u00e9 sur sa page officielle qu\u2019elle lancera sa tourn\u00e9e estivale en Tunisie par une prestation au Festival de Bizerte, le 6 ao\u00fbt. Elle poursuivra ensuite au Festival de Monastir et aux Nocturnes d\u2019El Jem.<\/p>\n","protected":false},"excerpt":{"rendered":"<p>A quelques jours de l\u2019ouverture de sa 42e \u00e9dition, pr\u00e9vue du 15 juillet au 19 ao\u00fbt 2025, le Festival international de Bizerte commence \u00e0 lever le voile sur sa programmation. En attendant la conf\u00e9rence de presse officielle pr\u00e9vue ce vendredi 4 juillet, plusieurs grands noms ont d\u00e9j\u00e0 \u00e9t\u00e9 annonc\u00e9s sur la page officielle du festival. [&hellip;]<\/p>\n","protected":false},"author":3191,"featured_media":378961,"comment_status":"open","ping_status":"open","sticky":false,"template":"","format":"standard","meta":{"footnotes":""},"categories":[2594],"tags":[2707,12104,6272,2608],"class_list":["post-378960","post","type-post","status-publish","format-standard","has-post-thumbnail","hentry","category-culture","tag-bizerte","tag-festival-international-de-bizerte","tag-programmation","tag-tunisie"],"yoast_head":"<!-- This site is optimized with the Yoast SEO Premium plugin v27.4 (Yoast SEO v27.4) - https:\/\/yoast.com\/product\/yoast-seo-premium-wordpress\/ -->\n<title>Festival international de Bizerte 2025 : Premi\u00e8res t\u00eates d&#039;affiche d\u00e9voil\u00e9es - webdo<\/title>\n<meta name=\"description\" content=\"D\u00e9couvrez le Festival international de Bizerte 2025 et sa programmation riche du 15 juillet au 19 ao\u00fbt.\" \/>\n<link rel=\"canonical\" href=\"https:\/\/www.webdo.tn\/fr\/actualite\/culture\/festival-international-de-bizerte-2025-premieres-tetes-daffiche-devoilees\/378960\/\" \/>\n<meta property=\"og:locale\" content=\"fr_FR\" \/>\n<meta property=\"og:type\" content=\"article\" \/>\n<meta property=\"og:title\" content=\"Festival international de Bizerte 2025 : Premi\u00e8res t\u00eates d&#039;affiche d\u00e9voil\u00e9es\" \/>\n<meta property=\"og:description\" content=\"D\u00e9couvrez le Festival international de Bizerte 2025 et sa programmation riche du 15 juillet au 19 ao\u00fbt.\" \/>\n<meta property=\"og:url\" content=\"https:\/\/www.webdo.tn\/fr\/actualite\/culture\/festival-international-de-bizerte-2025-premieres-tetes-daffiche-devoilees\/378960\/\" \/>\n<meta property=\"og:site_name\" content=\"webdo\" \/>\n<meta property=\"article:publisher\" content=\"https:\/\/www.facebook.com\/webdotn\" \/>\n<meta property=\"article:published_time\" content=\"2025-07-03T12:47:30+00:00\" \/>\n<meta property=\"article:modified_time\" content=\"2025-07-03T12:47:31+00:00\" \/>\n<meta property=\"og:image\" content=\"https:\/\/www.webdo.tn\/fr\/wp-content\/uploads\/2025\/07\/480609572_610208384973145_5337034366755624785_n.jpg\" \/>\n\t<meta property=\"og:image:width\" content=\"2048\" \/>\n\t<meta property=\"og:image:height\" content=\"1365\" \/>\n\t<meta property=\"og:image:type\" content=\"image\/jpeg\" \/>\n<meta name=\"author\" content=\"Mohamed Hedi Touati\" \/>\n<meta name=\"twitter:card\" content=\"summary_large_image\" \/>\n<meta name=\"twitter:creator\" content=\"@webdo_tn\" \/>\n<meta name=\"twitter:site\" content=\"@webdo_tn\" \/>\n<meta name=\"twitter:label1\" content=\"\u00c9crit par\" \/>\n\t<meta name=\"twitter:data1\" content=\"Mohamed Hedi Touati\" \/>\n\t<meta name=\"twitter:label2\" content=\"Dur\u00e9e de lecture estim\u00e9e\" \/>\n\t<meta name=\"twitter:data2\" content=\"3 minutes\" \/>\n<script type=\"application\/ld+json\" class=\"yoast-schema-graph\">{\"@context\":\"https:\\\/\\\/schema.org\",\"@graph\":[{\"@type\":\"NewsArticle\",\"@id\":\"https:\\\/\\\/www.webdo.tn\\\/fr\\\/actualite\\\/culture\\\/festival-international-de-bizerte-2025-premieres-tetes-daffiche-devoilees\\\/378960\\\/#article\",\"isPartOf\":{\"@id\":\"https:\\\/\\\/www.webdo.tn\\\/fr\\\/actualite\\\/culture\\\/festival-international-de-bizerte-2025-premieres-tetes-daffiche-devoilees\\\/378960\\\/\"},\"author\":{\"name\":\"Mohamed Hedi Touati\",\"@id\":\"https:\\\/\\\/www.webdo.tn\\\/fr\\\/#\\\/schema\\\/person\\\/c652cd8fc2b1b44412b5ffb48c5a911d\"},\"headline\":\"Festival international de Bizerte 2025 : Premi\u00e8res t\u00eates d&rsquo;affiche d\u00e9voil\u00e9es\",\"datePublished\":\"2025-07-03T12:47:30+00:00\",\"dateModified\":\"2025-07-03T12:47:31+00:00\",\"mainEntityOfPage\":{\"@id\":\"https:\\\/\\\/www.webdo.tn\\\/fr\\\/actualite\\\/culture\\\/festival-international-de-bizerte-2025-premieres-tetes-daffiche-devoilees\\\/378960\\\/\"},\"wordCount\":414,\"commentCount\":0,\"publisher\":{\"@id\":\"https:\\\/\\\/www.webdo.tn\\\/fr\\\/#organization\"},\"image\":{\"@id\":\"https:\\\/\\\/www.webdo.tn\\\/fr\\\/actualite\\\/culture\\\/festival-international-de-bizerte-2025-premieres-tetes-daffiche-devoilees\\\/378960\\\/#primaryimage\"},\"thumbnailUrl\":\"https:\\\/\\\/www.webdo.tn\\\/fr\\\/wp-content\\\/uploads\\\/2025\\\/07\\\/480609572_610208384973145_5337034366755624785_n.jpg\",\"keywords\":[\"Bizerte\",\"festival international de bizerte\",\"programmation\",\"Tunisie\"],\"articleSection\":[\"Culture\"],\"inLanguage\":\"fr-FR\"},{\"@type\":\"WebPage\",\"@id\":\"https:\\\/\\\/www.webdo.tn\\\/fr\\\/actualite\\\/culture\\\/festival-international-de-bizerte-2025-premieres-tetes-daffiche-devoilees\\\/378960\\\/\",\"url\":\"https:\\\/\\\/www.webdo.tn\\\/fr\\\/actualite\\\/culture\\\/festival-international-de-bizerte-2025-premieres-tetes-daffiche-devoilees\\\/378960\\\/\",\"name\":\"Festival international de Bizerte 2025 : Premi\u00e8res t\u00eates d'affiche d\u00e9voil\u00e9es - webdo\",\"isPartOf\":{\"@id\":\"https:\\\/\\\/www.webdo.tn\\\/fr\\\/#website\"},\"primaryImageOfPage\":{\"@id\":\"https:\\\/\\\/www.webdo.tn\\\/fr\\\/actualite\\\/culture\\\/festival-international-de-bizerte-2025-premieres-tetes-daffiche-devoilees\\\/378960\\\/#primaryimage\"},\"image\":{\"@id\":\"https:\\\/\\\/www.webdo.tn\\\/fr\\\/actualite\\\/culture\\\/festival-international-de-bizerte-2025-premieres-tetes-daffiche-devoilees\\\/378960\\\/#primaryimage\"},\"thumbnailUrl\":\"https:\\\/\\\/www.webdo.tn\\\/fr\\\/wp-content\\\/uploads\\\/2025\\\/07\\\/480609572_610208384973145_5337034366755624785_n.jpg\",\"datePublished\":\"2025-07-03T12:47:30+00:00\",\"dateModified\":\"2025-07-03T12:47:31+00:00\",\"description\":\"D\u00e9couvrez le Festival international de Bizerte 2025 et sa programmation riche du 15 juillet au 19 ao\u00fbt.\",\"breadcrumb\":{\"@id\":\"https:\\\/\\\/www.webdo.tn\\\/fr\\\/actualite\\\/culture\\\/festival-international-de-bizerte-2025-premieres-tetes-daffiche-devoilees\\\/378960\\\/#breadcrumb\"},\"inLanguage\":\"fr-FR\",\"potentialAction\":[{\"@type\":\"ReadAction\",\"target\":[\"https:\\\/\\\/www.webdo.tn\\\/fr\\\/actualite\\\/culture\\\/festival-international-de-bizerte-2025-premieres-tetes-daffiche-devoilees\\\/378960\\\/\"]}]},{\"@type\":\"ImageObject\",\"inLanguage\":\"fr-FR\",\"@id\":\"https:\\\/\\\/www.webdo.tn\\\/fr\\\/actualite\\\/culture\\\/festival-international-de-bizerte-2025-premieres-tetes-daffiche-devoilees\\\/378960\\\/#primaryimage\",\"url\":\"https:\\\/\\\/www.webdo.tn\\\/fr\\\/wp-content\\\/uploads\\\/2025\\\/07\\\/480609572_610208384973145_5337034366755624785_n.jpg\",\"contentUrl\":\"https:\\\/\\\/www.webdo.tn\\\/fr\\\/wp-content\\\/uploads\\\/2025\\\/07\\\/480609572_610208384973145_5337034366755624785_n.jpg\",\"width\":2048,\"height\":1365,\"caption\":\"Festival international de Bizerte 2025 : Premi\u00e8res t\u00eates d'affiche d\u00e9voil\u00e9es\"},{\"@type\":\"BreadcrumbList\",\"@id\":\"https:\\\/\\\/www.webdo.tn\\\/fr\\\/actualite\\\/culture\\\/festival-international-de-bizerte-2025-premieres-tetes-daffiche-devoilees\\\/378960\\\/#breadcrumb\",\"itemListElement\":[{\"@type\":\"ListItem\",\"position\":1,\"name\":\"Accueil\",\"item\":\"https:\\\/\\\/www.webdo.tn\\\/fr\\\/\"},{\"@type\":\"ListItem\",\"position\":2,\"name\":\"Festival international de Bizerte 2025 : Premi\u00e8res t\u00eates d&rsquo;affiche d\u00e9voil\u00e9es\"}]},{\"@type\":\"WebSite\",\"@id\":\"https:\\\/\\\/www.webdo.tn\\\/fr\\\/#website\",\"url\":\"https:\\\/\\\/www.webdo.tn\\\/fr\\\/\",\"name\":\"webdo\",\"description\":\"Tunisie - News en Tunisie et \u00e0 l&#039;international sur Webdo.tn\",\"publisher\":{\"@id\":\"https:\\\/\\\/www.webdo.tn\\\/fr\\\/#organization\"},\"potentialAction\":[{\"@type\":\"SearchAction\",\"target\":{\"@type\":\"EntryPoint\",\"urlTemplate\":\"https:\\\/\\\/www.webdo.tn\\\/fr\\\/?s={search_term_string}\"},\"query-input\":{\"@type\":\"PropertyValueSpecification\",\"valueRequired\":true,\"valueName\":\"search_term_string\"}}],\"inLanguage\":\"fr-FR\"},{\"@type\":\"Organization\",\"@id\":\"https:\\\/\\\/www.webdo.tn\\\/fr\\\/#organization\",\"name\":\"Webdo\",\"alternateName\":\"Webdo.tn\",\"url\":\"https:\\\/\\\/www.webdo.tn\\\/fr\\\/\",\"logo\":{\"@type\":\"ImageObject\",\"inLanguage\":\"fr-FR\",\"@id\":\"https:\\\/\\\/www.webdo.tn\\\/fr\\\/#\\\/schema\\\/logo\\\/image\\\/\",\"url\":\"https:\\\/\\\/www.webdo.tn\\\/fr\\\/wp-content\\\/uploads\\\/2025\\\/06\\\/Webdo-Tunisie_168377.jpg\",\"contentUrl\":\"https:\\\/\\\/www.webdo.tn\\\/fr\\\/wp-content\\\/uploads\\\/2025\\\/06\\\/Webdo-Tunisie_168377.jpg\",\"width\":301,\"height\":301,\"caption\":\"Webdo\"},\"image\":{\"@id\":\"https:\\\/\\\/www.webdo.tn\\\/fr\\\/#\\\/schema\\\/logo\\\/image\\\/\"},\"sameAs\":[\"https:\\\/\\\/www.facebook.com\\\/webdotn\",\"https:\\\/\\\/x.com\\\/webdo_tn\"],\"description\":\"Webdo est un m\u00e9dia num\u00e9rique tunisien fond\u00e9 en 2010, sp\u00e9cialis\u00e9 dans l\u2019actualit\u00e9 nationale et internationale, l\u2019\u00e9conomie, la soci\u00e9t\u00e9 et les analyses politiques. Le site s\u2019adresse \u00e0 un large public francophone et couvre l\u2019information tunisienne en temps r\u00e9el.\",\"email\":\"redac@webdo.tn\",\"legalName\":\"YNJ SARL\",\"foundingDate\":\"2010-09-06\",\"numberOfEmployees\":{\"@type\":\"QuantitativeValue\",\"minValue\":\"11\",\"maxValue\":\"50\"}},{\"@type\":\"Person\",\"@id\":\"https:\\\/\\\/www.webdo.tn\\\/fr\\\/#\\\/schema\\\/person\\\/c652cd8fc2b1b44412b5ffb48c5a911d\",\"name\":\"Mohamed Hedi Touati\",\"image\":{\"@type\":\"ImageObject\",\"inLanguage\":\"fr-FR\",\"@id\":\"https:\\\/\\\/secure.gravatar.com\\\/avatar\\\/9cfd402c745b7a685f13eed0ea6e59d2144a3c2fc50a3db6fd5ed451f6cddf1a?s=96&d=mm&r=g\",\"url\":\"https:\\\/\\\/secure.gravatar.com\\\/avatar\\\/9cfd402c745b7a685f13eed0ea6e59d2144a3c2fc50a3db6fd5ed451f6cddf1a?s=96&d=mm&r=g\",\"contentUrl\":\"https:\\\/\\\/secure.gravatar.com\\\/avatar\\\/9cfd402c745b7a685f13eed0ea6e59d2144a3c2fc50a3db6fd5ed451f6cddf1a?s=96&d=mm&r=g\",\"caption\":\"Mohamed Hedi Touati\"},\"url\":\"https:\\\/\\\/www.webdo.tn\\\/fr\\\/actualite\\\/author\\\/mohamed-hedi-touati\\\/\"}]}<\/script>\n<!-- \/ Yoast SEO Premium plugin. -->","yoast_head_json":{"title":"Festival international de Bizerte 2025 : Premi\u00e8res t\u00eates d'affiche d\u00e9voil\u00e9es - webdo","description":"D\u00e9couvrez le Festival international de Bizerte 2025 et sa programmation riche du 15 juillet au 19 ao\u00fbt.","canonical":"https:\/\/www.webdo.tn\/fr\/actualite\/culture\/festival-international-de-bizerte-2025-premieres-tetes-daffiche-devoilees\/378960\/","og_locale":"fr_FR","og_type":"article","og_title":"Festival international de Bizerte 2025 : Premi\u00e8res t\u00eates d'affiche d\u00e9voil\u00e9es","og_description":"D\u00e9couvrez le Festival international de Bizerte 2025 et sa programmation riche du 15 juillet au 19 ao\u00fbt.","og_url":"https:\/\/www.webdo.tn\/fr\/actualite\/culture\/festival-international-de-bizerte-2025-premieres-tetes-daffiche-devoilees\/378960\/","og_site_name":"webdo","article_publisher":"https:\/\/www.facebook.com\/webdotn","article_published_time":"2025-07-03T12:47:30+00:00","article_modified_time":"2025-07-03T12:47:31+00:00","og_image":[{"width":2048,"height":1365,"url":"https:\/\/www.webdo.tn\/fr\/wp-content\/uploads\/2025\/07\/480609572_610208384973145_5337034366755624785_n.jpg","type":"image\/jpeg"}],"author":"Mohamed Hedi Touati","twitter_card":"summary_large_image","twitter_creator":"@webdo_tn","twitter_site":"@webdo_tn","twitter_misc":{"\u00c9crit par":"Mohamed Hedi Touati","Dur\u00e9e de lecture estim\u00e9e":"3 minutes"},"schema":{"@context":"https:\/\/schema.org","@graph":[{"@type":"NewsArticle","@id":"https:\/\/www.webdo.tn\/fr\/actualite\/culture\/festival-international-de-bizerte-2025-premieres-tetes-daffiche-devoilees\/378960\/#article","isPartOf":{"@id":"https:\/\/www.webdo.tn\/fr\/actualite\/culture\/festival-international-de-bizerte-2025-premieres-tetes-daffiche-devoilees\/378960\/"},"author":{"name":"Mohamed Hedi Touati","@id":"https:\/\/www.webdo.tn\/fr\/#\/schema\/person\/c652cd8fc2b1b44412b5ffb48c5a911d"},"headline":"Festival international de Bizerte 2025 : Premi\u00e8res t\u00eates d&rsquo;affiche d\u00e9voil\u00e9es","datePublished":"2025-07-03T12:47:30+00:00","dateModified":"2025-07-03T12:47:31+00:00","mainEntityOfPage":{"@id":"https:\/\/www.webdo.tn\/fr\/actualite\/culture\/festival-international-de-bizerte-2025-premieres-tetes-daffiche-devoilees\/378960\/"},"wordCount":414,"commentCount":0,"publisher":{"@id":"https:\/\/www.webdo.tn\/fr\/#organization"},"image":{"@id":"https:\/\/www.webdo.tn\/fr\/actualite\/culture\/festival-international-de-bizerte-2025-premieres-tetes-daffiche-devoilees\/378960\/#primaryimage"},"thumbnailUrl":"https:\/\/www.webdo.tn\/fr\/wp-content\/uploads\/2025\/07\/480609572_610208384973145_5337034366755624785_n.jpg","keywords":["Bizerte","festival international de bizerte","programmation","Tunisie"],"articleSection":["Culture"],"inLanguage":"fr-FR"},{"@type":"WebPage","@id":"https:\/\/www.webdo.tn\/fr\/actualite\/culture\/festival-international-de-bizerte-2025-premieres-tetes-daffiche-devoilees\/378960\/","url":"https:\/\/www.webdo.tn\/fr\/actualite\/culture\/festival-international-de-bizerte-2025-premieres-tetes-daffiche-devoilees\/378960\/","name":"Festival international de Bizerte 2025 : Premi\u00e8res t\u00eates d'affiche d\u00e9voil\u00e9es - webdo","isPartOf":{"@id":"https:\/\/www.webdo.tn\/fr\/#website"},"primaryImageOfPage":{"@id":"https:\/\/www.webdo.tn\/fr\/actualite\/culture\/festival-international-de-bizerte-2025-premieres-tetes-daffiche-devoilees\/378960\/#primaryimage"},"image":{"@id":"https:\/\/www.webdo.tn\/fr\/actualite\/culture\/festival-international-de-bizerte-2025-premieres-tetes-daffiche-devoilees\/378960\/#primaryimage"},"thumbnailUrl":"https:\/\/www.webdo.tn\/fr\/wp-content\/uploads\/2025\/07\/480609572_610208384973145_5337034366755624785_n.jpg","datePublished":"2025-07-03T12:47:30+00:00","dateModified":"2025-07-03T12:47:31+00:00","description":"D\u00e9couvrez le Festival international de Bizerte 2025 et sa programmation riche du 15 juillet au 19 ao\u00fbt.","breadcrumb":{"@id":"https:\/\/www.webdo.tn\/fr\/actualite\/culture\/festival-international-de-bizerte-2025-premieres-tetes-daffiche-devoilees\/378960\/#breadcrumb"},"inLanguage":"fr-FR","potentialAction":[{"@type":"ReadAction","target":["https:\/\/www.webdo.tn\/fr\/actualite\/culture\/festival-international-de-bizerte-2025-premieres-tetes-daffiche-devoilees\/378960\/"]}]},{"@type":"ImageObject","inLanguage":"fr-FR","@id":"https:\/\/www.webdo.tn\/fr\/actualite\/culture\/festival-international-de-bizerte-2025-premieres-tetes-daffiche-devoilees\/378960\/#primaryimage","url":"https:\/\/www.webdo.tn\/fr\/wp-content\/uploads\/2025\/07\/480609572_610208384973145_5337034366755624785_n.jpg","contentUrl":"https:\/\/www.webdo.tn\/fr\/wp-content\/uploads\/2025\/07\/480609572_610208384973145_5337034366755624785_n.jpg","width":2048,"height":1365,"caption":"Festival international de Bizerte 2025 : Premi\u00e8res t\u00eates d'affiche d\u00e9voil\u00e9es"},{"@type":"BreadcrumbList","@id":"https:\/\/www.webdo.tn\/fr\/actualite\/culture\/festival-international-de-bizerte-2025-premieres-tetes-daffiche-devoilees\/378960\/#breadcrumb","itemListElement":[{"@type":"ListItem","position":1,"name":"Accueil","item":"https:\/\/www.webdo.tn\/fr\/"},{"@type":"ListItem","position":2,"name":"Festival international de Bizerte 2025 : Premi\u00e8res t\u00eates d&rsquo;affiche d\u00e9voil\u00e9es"}]},{"@type":"WebSite","@id":"https:\/\/www.webdo.tn\/fr\/#website","url":"https:\/\/www.webdo.tn\/fr\/","name":"webdo","description":"Tunisie - News en Tunisie et \u00e0 l&#039;international sur Webdo.tn","publisher":{"@id":"https:\/\/www.webdo.tn\/fr\/#organization"},"potentialAction":[{"@type":"SearchAction","target":{"@type":"EntryPoint","urlTemplate":"https:\/\/www.webdo.tn\/fr\/?s={search_term_string}"},"query-input":{"@type":"PropertyValueSpecification","valueRequired":true,"valueName":"search_term_string"}}],"inLanguage":"fr-FR"},{"@type":"Organization","@id":"https:\/\/www.webdo.tn\/fr\/#organization","name":"Webdo","alternateName":"Webdo.tn","url":"https:\/\/www.webdo.tn\/fr\/","logo":{"@type":"ImageObject","inLanguage":"fr-FR","@id":"https:\/\/www.webdo.tn\/fr\/#\/schema\/logo\/image\/","url":"https:\/\/www.webdo.tn\/fr\/wp-content\/uploads\/2025\/06\/Webdo-Tunisie_168377.jpg","contentUrl":"https:\/\/www.webdo.tn\/fr\/wp-content\/uploads\/2025\/06\/Webdo-Tunisie_168377.jpg","width":301,"height":301,"caption":"Webdo"},"image":{"@id":"https:\/\/www.webdo.tn\/fr\/#\/schema\/logo\/image\/"},"sameAs":["https:\/\/www.facebook.com\/webdotn","https:\/\/x.com\/webdo_tn"],"description":"Webdo est un m\u00e9dia num\u00e9rique tunisien fond\u00e9 en 2010, sp\u00e9cialis\u00e9 dans l\u2019actualit\u00e9 nationale et internationale, l\u2019\u00e9conomie, la soci\u00e9t\u00e9 et les analyses politiques. Le site s\u2019adresse \u00e0 un large public francophone et couvre l\u2019information tunisienne en temps r\u00e9el.","email":"redac@webdo.tn","legalName":"YNJ SARL","foundingDate":"2010-09-06","numberOfEmployees":{"@type":"QuantitativeValue","minValue":"11","maxValue":"50"}},{"@type":"Person","@id":"https:\/\/www.webdo.tn\/fr\/#\/schema\/person\/c652cd8fc2b1b44412b5ffb48c5a911d","name":"Mohamed Hedi Touati","image":{"@type":"ImageObject","inLanguage":"fr-FR","@id":"https:\/\/secure.gravatar.com\/avatar\/9cfd402c745b7a685f13eed0ea6e59d2144a3c2fc50a3db6fd5ed451f6cddf1a?s=96&d=mm&r=g","url":"https:\/\/secure.gravatar.com\/avatar\/9cfd402c745b7a685f13eed0ea6e59d2144a3c2fc50a3db6fd5ed451f6cddf1a?s=96&d=mm&r=g","contentUrl":"https:\/\/secure.gravatar.com\/avatar\/9cfd402c745b7a685f13eed0ea6e59d2144a3c2fc50a3db6fd5ed451f6cddf1a?s=96&d=mm&r=g","caption":"Mohamed Hedi Touati"},"url":"https:\/\/www.webdo.tn\/fr\/actualite\/author\/mohamed-hedi-touati\/"}]}},"_links":{"self":[{"href":"https:\/\/www.webdo.tn\/fr\/wp-json\/wp\/v2\/posts\/378960","targetHints":{"allow":["GET"]}}],"collection":[{"href":"https:\/\/www.webdo.tn\/fr\/wp-json\/wp\/v2\/posts"}],"about":[{"href":"https:\/\/www.webdo.tn\/fr\/wp-json\/wp\/v2\/types\/post"}],"author":[{"embeddable":true,"href":"https:\/\/www.webdo.tn\/fr\/wp-json\/wp\/v2\/users\/3191"}],"replies":[{"embeddable":true,"href":"https:\/\/www.webdo.tn\/fr\/wp-json\/wp\/v2\/comments?post=378960"}],"version-history":[{"count":0,"href":"https:\/\/www.webdo.tn\/fr\/wp-json\/wp\/v2\/posts\/378960\/revisions"}],"wp:featuredmedia":[{"embeddable":true,"href":"https:\/\/www.webdo.tn\/fr\/wp-json\/wp\/v2\/media\/378961"}],"wp:attachment":[{"href":"https:\/\/www.webdo.tn\/fr\/wp-json\/wp\/v2\/media?parent=378960"}],"wp:term":[{"taxonomy":"category","embeddable":true,"href":"https:\/\/www.webdo.tn\/fr\/wp-json\/wp\/v2\/categories?post=378960"},{"taxonomy":"post_tag","embeddable":true,"href":"https:\/\/www.webdo.tn\/fr\/wp-json\/wp\/v2\/tags?post=378960"}],"curies":[{"name":"wp","href":"https:\/\/api.w.org\/{rel}","templated":true}]}}