{"id":378953,"date":"2025-07-03T13:10:36","date_gmt":"2025-07-03T12:10:36","guid":{"rendered":"https:\/\/www.webdo.tn\/fr\/?p=378953"},"modified":"2025-07-05T08:38:52","modified_gmt":"2025-07-05T07:38:52","slug":"a-seville-la-tunisie-plaide-pour-une-refonte-du-systeme-financier-international","status":"publish","type":"post","link":"https:\/\/www.webdo.tn\/fr\/actualite\/international\/a-seville-la-tunisie-plaide-pour-une-refonte-du-systeme-financier-international\/378953\/","title":{"rendered":"A S\u00e9ville, la Tunisie plaide pour une refonte du syst\u00e8me financier international"},"content":{"rendered":"\n<p><strong>A l\u2019occasion de la 4e Conf\u00e9rence des Nations unies sur le financement du d\u00e9veloppement (FfD4), tenue \u00e0 S\u00e9ville du 30 juin au 3 juillet, la Tunisie a appel\u00e9 \u00e0 un changement profond des m\u00e9canismes de gestion de la dette et de coop\u00e9ration \u00e9conomique internationale.<\/strong><\/p>\n\n\n\n<p>Pr\u00e9sente \u00e0 S\u00e9ville aux c\u00f4t\u00e9s de la Cheffe du gouvernement Sarra Zaafrani Zenzri, la ministre des Finances, Michket Slama Khaldi, a port\u00e9 la voix de la Tunisie lors des d\u00e9bats sur les d\u00e9fis de financement auxquels font face les pays \u00e0 revenu faible ou interm\u00e9diaire.<\/p>\n\n\n\n<p>A l\u2019issue de la conf\u00e9rence, elle a r\u00e9affirm\u00e9, dans une d\u00e9claration \u00e0 l\u2019agence TAP, l\u2019ambition de la Tunisie de renforcer ses partenariats \u00e9conomiques dans un cadre multilat\u00e9ral renouvel\u00e9, plus \u00e9quitable et plus adapt\u00e9 aux r\u00e9alit\u00e9s actuelles.<\/p>\n\n\n\n<p>Le temps fort de la participation tunisienne s\u2019est d\u00e9roul\u00e9 le 2 juillet, lors d\u2019une table ronde de haut niveau consacr\u00e9e \u00e0 la dette souveraine et \u00e0 sa soutenabilit\u00e9. La ministre y a insist\u00e9 sur la n\u00e9cessit\u00e9 de repenser l\u2019architecture mondiale de la dette pour qu\u2019elle devienne un v\u00e9ritable levier de d\u00e9veloppement, et non plus un poids qui \u00e9touffe la croissance.<\/p>\n\n\n\n<p><strong>Convertir la dette en projets, plut\u00f4t qu\u2019en charges<\/strong><\/p>\n\n\n\n<p>Dans son intervention, Michket Slama Khaldi a plaid\u00e9 pour une transformation des approches traditionnelles de l\u2019endettement, appelant \u00e0 privil\u00e9gier les m\u00e9canismes de conversion de dette en projets de d\u00e9veloppement, \u00e0 explorer de nouvelles formes de gestion de la dette et \u00e0 orienter les flux financiers vers des projets structurants.<\/p>\n\n\n\n<p>Revenant sur le cas tunisien, la ministre a indiqu\u00e9 que le niveau d\u2019endettement du pays a \u00e9t\u00e9 stabilis\u00e9 \u00e0 environ 80% du PIB, tout en insistant sur la n\u00e9cessit\u00e9 d\u2019une approche qualitative de la dette. Pour la Tunisie, la dette est soutenable si elle permet de g\u00e9n\u00e9rer de la richesse, de cr\u00e9er des emplois et de financer des transitions \u00e9conomiques durables. Cette position fait \u00e9cho aux constats formul\u00e9s par plusieurs dirigeants pr\u00e9sents \u00e0 S\u00e9ville.<\/p>\n\n\n\n<p><strong>Pour une coop\u00e9ration internationale plus \u00e9quitable<\/strong><\/p>\n\n\n\n<p>En marge de la conf\u00e9rence, la d\u00e9l\u00e9gation tunisienne a r\u00e9it\u00e9r\u00e9 son souhait de renforcer la coop\u00e9ration \u00e9conomique internationale, dans un contexte marqu\u00e9 par le recul de l\u2019aide au d\u00e9veloppement et la mont\u00e9e des pressions budg\u00e9taires dans de nombreux pays.<\/p>\n\n\n\n<p>La Tunisie a notamment plaid\u00e9 pour une meilleure mobilisation des ressources publiques \u00e0 travers des instruments innovants et \u00e9quitables, en particulier dans le domaine de la finance climatique et de la gestion des budgets nationaux.<\/p>\n\n\n\n<p>La Conf\u00e9rence FfD4, qui a r\u00e9uni chefs d&rsquo;\u00c9tat, ministres, \u00e9conomistes et repr\u00e9sentants d&rsquo;organisations internationales, a clos ses travaux le 3 juillet. Un large consensus s\u2019est d\u00e9gag\u00e9 sur l\u2019urgence de r\u00e9former le syst\u00e8me financier mondial, en faveur d\u2019un d\u00e9veloppement plus inclusif, plus r\u00e9silient et plus durable.<\/p>\n","protected":false},"excerpt":{"rendered":"<p>A l\u2019occasion de la 4e Conf\u00e9rence des Nations unies sur le financement du d\u00e9veloppement (FfD4), tenue \u00e0 S\u00e9ville du 30 juin au 3 juillet, la Tunisie a appel\u00e9 \u00e0 un changement profond des m\u00e9canismes de gestion de la dette et de coop\u00e9ration \u00e9conomique internationale. Pr\u00e9sente \u00e0 S\u00e9ville aux c\u00f4t\u00e9s de la Cheffe du gouvernement Sarra [&hellip;]<\/p>\n","protected":false},"author":3191,"featured_media":378954,"comment_status":"open","ping_status":"open","sticky":false,"template":"","format":"standard","meta":{"footnotes":""},"categories":[2598],"tags":[7407,12101,12080,12079,12100,2608],"class_list":["post-378953","post","type-post","status-publish","format-standard","has-post-thumbnail","hentry","category-international","tag-endettement","tag-ffd4","tag-financement-du-developpement","tag-seville","tag-systeme-financier","tag-tunisie"],"yoast_head":"<!-- This site is optimized with the Yoast SEO Premium plugin v27.5 (Yoast SEO v27.5) - https:\/\/yoast.com\/product\/yoast-seo-premium-wordpress\/ -->\n<title>A S\u00e9ville, la Tunisie plaide pour une refonte du syst\u00e8me financier international - webdo<\/title>\n<meta name=\"description\" content=\"D\u00e9couvrez les d\u00e9fis du syst\u00e8me financier international lors de la Conf\u00e9rence FfD4 \u00e0 S\u00e9ville et l&#039;appel de la Tunisie pour un changement.\" \/>\n<link rel=\"canonical\" href=\"https:\/\/www.webdo.tn\/fr\/actualite\/international\/a-seville-la-tunisie-plaide-pour-une-refonte-du-systeme-financier-international\/378953\/\" \/>\n<meta property=\"og:locale\" content=\"fr_FR\" \/>\n<meta property=\"og:type\" content=\"article\" \/>\n<meta property=\"og:title\" content=\"A S\u00e9ville, la Tunisie plaide pour une refonte du syst\u00e8me financier international\" \/>\n<meta property=\"og:description\" content=\"D\u00e9couvrez les d\u00e9fis du syst\u00e8me financier international lors de la Conf\u00e9rence FfD4 \u00e0 S\u00e9ville et l&#039;appel de la Tunisie pour un changement.\" \/>\n<meta property=\"og:url\" content=\"https:\/\/www.webdo.tn\/fr\/actualite\/international\/a-seville-la-tunisie-plaide-pour-une-refonte-du-systeme-financier-international\/378953\/\" \/>\n<meta property=\"og:site_name\" content=\"webdo\" \/>\n<meta property=\"article:publisher\" content=\"https:\/\/www.facebook.com\/webdotn\" \/>\n<meta property=\"article:published_time\" content=\"2025-07-03T12:10:36+00:00\" \/>\n<meta property=\"article:modified_time\" content=\"2025-07-05T07:38:52+00:00\" \/>\n<meta property=\"og:image\" content=\"https:\/\/www.webdo.tn\/fr\/wp-content\/uploads\/2025\/07\/Michket-Slama-Khaldi.jpg\" \/>\n\t<meta property=\"og:image:width\" content=\"1600\" \/>\n\t<meta property=\"og:image:height\" content=\"909\" \/>\n\t<meta property=\"og:image:type\" content=\"image\/jpeg\" \/>\n<meta name=\"author\" content=\"Mohamed Hedi Touati\" \/>\n<meta name=\"twitter:card\" content=\"summary_large_image\" \/>\n<meta name=\"twitter:creator\" content=\"@webdo_tn\" \/>\n<meta name=\"twitter:site\" content=\"@webdo_tn\" \/>\n<meta name=\"twitter:label1\" content=\"\u00c9crit par\" \/>\n\t<meta name=\"twitter:data1\" content=\"Mohamed Hedi Touati\" \/>\n\t<meta name=\"twitter:label2\" content=\"Dur\u00e9e de lecture estim\u00e9e\" \/>\n\t<meta name=\"twitter:data2\" content=\"3 minutes\" \/>\n<script type=\"application\/ld+json\" class=\"yoast-schema-graph\">{\"@context\":\"https:\\\/\\\/schema.org\",\"@graph\":[{\"@type\":\"NewsArticle\",\"@id\":\"https:\\\/\\\/www.webdo.tn\\\/fr\\\/actualite\\\/international\\\/a-seville-la-tunisie-plaide-pour-une-refonte-du-systeme-financier-international\\\/378953\\\/#article\",\"isPartOf\":{\"@id\":\"https:\\\/\\\/www.webdo.tn\\\/fr\\\/actualite\\\/international\\\/a-seville-la-tunisie-plaide-pour-une-refonte-du-systeme-financier-international\\\/378953\\\/\"},\"author\":{\"name\":\"Mohamed Hedi Touati\",\"@id\":\"https:\\\/\\\/www.webdo.tn\\\/fr\\\/#\\\/schema\\\/person\\\/c652cd8fc2b1b44412b5ffb48c5a911d\"},\"headline\":\"A S\u00e9ville, la Tunisie plaide pour une refonte du syst\u00e8me financier international\",\"datePublished\":\"2025-07-03T12:10:36+00:00\",\"dateModified\":\"2025-07-05T07:38:52+00:00\",\"mainEntityOfPage\":{\"@id\":\"https:\\\/\\\/www.webdo.tn\\\/fr\\\/actualite\\\/international\\\/a-seville-la-tunisie-plaide-pour-une-refonte-du-systeme-financier-international\\\/378953\\\/\"},\"wordCount\":507,\"commentCount\":0,\"publisher\":{\"@id\":\"https:\\\/\\\/www.webdo.tn\\\/fr\\\/#organization\"},\"image\":{\"@id\":\"https:\\\/\\\/www.webdo.tn\\\/fr\\\/actualite\\\/international\\\/a-seville-la-tunisie-plaide-pour-une-refonte-du-systeme-financier-international\\\/378953\\\/#primaryimage\"},\"thumbnailUrl\":\"https:\\\/\\\/www.webdo.tn\\\/fr\\\/wp-content\\\/uploads\\\/2025\\\/07\\\/Michket-Slama-Khaldi.jpg\",\"keywords\":[\"endettement\",\"FfD4\",\"financement du d\u00e9veloppement\",\"S\u00e9ville\",\"syst\u00e8me financier\",\"Tunisie\"],\"articleSection\":[\"International\"],\"inLanguage\":\"fr-FR\"},{\"@type\":\"WebPage\",\"@id\":\"https:\\\/\\\/www.webdo.tn\\\/fr\\\/actualite\\\/international\\\/a-seville-la-tunisie-plaide-pour-une-refonte-du-systeme-financier-international\\\/378953\\\/\",\"url\":\"https:\\\/\\\/www.webdo.tn\\\/fr\\\/actualite\\\/international\\\/a-seville-la-tunisie-plaide-pour-une-refonte-du-systeme-financier-international\\\/378953\\\/\",\"name\":\"A S\u00e9ville, la Tunisie plaide pour une refonte du syst\u00e8me financier international - webdo\",\"isPartOf\":{\"@id\":\"https:\\\/\\\/www.webdo.tn\\\/fr\\\/#website\"},\"primaryImageOfPage\":{\"@id\":\"https:\\\/\\\/www.webdo.tn\\\/fr\\\/actualite\\\/international\\\/a-seville-la-tunisie-plaide-pour-une-refonte-du-systeme-financier-international\\\/378953\\\/#primaryimage\"},\"image\":{\"@id\":\"https:\\\/\\\/www.webdo.tn\\\/fr\\\/actualite\\\/international\\\/a-seville-la-tunisie-plaide-pour-une-refonte-du-systeme-financier-international\\\/378953\\\/#primaryimage\"},\"thumbnailUrl\":\"https:\\\/\\\/www.webdo.tn\\\/fr\\\/wp-content\\\/uploads\\\/2025\\\/07\\\/Michket-Slama-Khaldi.jpg\",\"datePublished\":\"2025-07-03T12:10:36+00:00\",\"dateModified\":\"2025-07-05T07:38:52+00:00\",\"description\":\"D\u00e9couvrez les d\u00e9fis du syst\u00e8me financier international lors de la Conf\u00e9rence FfD4 \u00e0 S\u00e9ville et l'appel de la Tunisie pour un changement.\",\"breadcrumb\":{\"@id\":\"https:\\\/\\\/www.webdo.tn\\\/fr\\\/actualite\\\/international\\\/a-seville-la-tunisie-plaide-pour-une-refonte-du-systeme-financier-international\\\/378953\\\/#breadcrumb\"},\"inLanguage\":\"fr-FR\",\"potentialAction\":[{\"@type\":\"ReadAction\",\"target\":[\"https:\\\/\\\/www.webdo.tn\\\/fr\\\/actualite\\\/international\\\/a-seville-la-tunisie-plaide-pour-une-refonte-du-systeme-financier-international\\\/378953\\\/\"]}]},{\"@type\":\"ImageObject\",\"inLanguage\":\"fr-FR\",\"@id\":\"https:\\\/\\\/www.webdo.tn\\\/fr\\\/actualite\\\/international\\\/a-seville-la-tunisie-plaide-pour-une-refonte-du-systeme-financier-international\\\/378953\\\/#primaryimage\",\"url\":\"https:\\\/\\\/www.webdo.tn\\\/fr\\\/wp-content\\\/uploads\\\/2025\\\/07\\\/Michket-Slama-Khaldi.jpg\",\"contentUrl\":\"https:\\\/\\\/www.webdo.tn\\\/fr\\\/wp-content\\\/uploads\\\/2025\\\/07\\\/Michket-Slama-Khaldi.jpg\",\"width\":1600,\"height\":909,\"caption\":\"Dans son intervention, Michket Slama Khaldi a plaid\u00e9 pour une transformation des approches traditionnelles de l\u2019endettement\"},{\"@type\":\"BreadcrumbList\",\"@id\":\"https:\\\/\\\/www.webdo.tn\\\/fr\\\/actualite\\\/international\\\/a-seville-la-tunisie-plaide-pour-une-refonte-du-systeme-financier-international\\\/378953\\\/#breadcrumb\",\"itemListElement\":[{\"@type\":\"ListItem\",\"position\":1,\"name\":\"Accueil\",\"item\":\"https:\\\/\\\/www.webdo.tn\\\/fr\\\/\"},{\"@type\":\"ListItem\",\"position\":2,\"name\":\"A S\u00e9ville, la Tunisie plaide pour une refonte du syst\u00e8me financier international\"}]},{\"@type\":\"WebSite\",\"@id\":\"https:\\\/\\\/www.webdo.tn\\\/fr\\\/#website\",\"url\":\"https:\\\/\\\/www.webdo.tn\\\/fr\\\/\",\"name\":\"webdo\",\"description\":\"Tunisie - News en Tunisie et \u00e0 l&#039;international sur Webdo.tn\",\"publisher\":{\"@id\":\"https:\\\/\\\/www.webdo.tn\\\/fr\\\/#organization\"},\"potentialAction\":[{\"@type\":\"SearchAction\",\"target\":{\"@type\":\"EntryPoint\",\"urlTemplate\":\"https:\\\/\\\/www.webdo.tn\\\/fr\\\/?s={search_term_string}\"},\"query-input\":{\"@type\":\"PropertyValueSpecification\",\"valueRequired\":true,\"valueName\":\"search_term_string\"}}],\"inLanguage\":\"fr-FR\"},{\"@type\":\"Organization\",\"@id\":\"https:\\\/\\\/www.webdo.tn\\\/fr\\\/#organization\",\"name\":\"Webdo\",\"alternateName\":\"Webdo.tn\",\"url\":\"https:\\\/\\\/www.webdo.tn\\\/fr\\\/\",\"logo\":{\"@type\":\"ImageObject\",\"inLanguage\":\"fr-FR\",\"@id\":\"https:\\\/\\\/www.webdo.tn\\\/fr\\\/#\\\/schema\\\/logo\\\/image\\\/\",\"url\":\"https:\\\/\\\/www.webdo.tn\\\/fr\\\/wp-content\\\/uploads\\\/2025\\\/06\\\/Webdo-Tunisie_168377.jpg\",\"contentUrl\":\"https:\\\/\\\/www.webdo.tn\\\/fr\\\/wp-content\\\/uploads\\\/2025\\\/06\\\/Webdo-Tunisie_168377.jpg\",\"width\":301,\"height\":301,\"caption\":\"Webdo\"},\"image\":{\"@id\":\"https:\\\/\\\/www.webdo.tn\\\/fr\\\/#\\\/schema\\\/logo\\\/image\\\/\"},\"sameAs\":[\"https:\\\/\\\/www.facebook.com\\\/webdotn\",\"https:\\\/\\\/x.com\\\/webdo_tn\"],\"description\":\"Webdo est un m\u00e9dia num\u00e9rique tunisien fond\u00e9 en 2010, sp\u00e9cialis\u00e9 dans l\u2019actualit\u00e9 nationale et internationale, l\u2019\u00e9conomie, la soci\u00e9t\u00e9 et les analyses politiques. Le site s\u2019adresse \u00e0 un large public francophone et couvre l\u2019information tunisienne en temps r\u00e9el.\",\"email\":\"redac@webdo.tn\",\"legalName\":\"YNJ SARL\",\"foundingDate\":\"2010-09-06\",\"numberOfEmployees\":{\"@type\":\"QuantitativeValue\",\"minValue\":\"11\",\"maxValue\":\"50\"}},{\"@type\":\"Person\",\"@id\":\"https:\\\/\\\/www.webdo.tn\\\/fr\\\/#\\\/schema\\\/person\\\/c652cd8fc2b1b44412b5ffb48c5a911d\",\"name\":\"Mohamed Hedi Touati\",\"image\":{\"@type\":\"ImageObject\",\"inLanguage\":\"fr-FR\",\"@id\":\"https:\\\/\\\/secure.gravatar.com\\\/avatar\\\/9cfd402c745b7a685f13eed0ea6e59d2144a3c2fc50a3db6fd5ed451f6cddf1a?s=96&d=mm&r=g\",\"url\":\"https:\\\/\\\/secure.gravatar.com\\\/avatar\\\/9cfd402c745b7a685f13eed0ea6e59d2144a3c2fc50a3db6fd5ed451f6cddf1a?s=96&d=mm&r=g\",\"contentUrl\":\"https:\\\/\\\/secure.gravatar.com\\\/avatar\\\/9cfd402c745b7a685f13eed0ea6e59d2144a3c2fc50a3db6fd5ed451f6cddf1a?s=96&d=mm&r=g\",\"caption\":\"Mohamed Hedi Touati\"},\"url\":\"https:\\\/\\\/www.webdo.tn\\\/fr\\\/actualite\\\/author\\\/mohamed-hedi-touati\\\/\"}]}<\/script>\n<!-- \/ Yoast SEO Premium plugin. -->","yoast_head_json":{"title":"A S\u00e9ville, la Tunisie plaide pour une refonte du syst\u00e8me financier international - webdo","description":"D\u00e9couvrez les d\u00e9fis du syst\u00e8me financier international lors de la Conf\u00e9rence FfD4 \u00e0 S\u00e9ville et l'appel de la Tunisie pour un changement.","canonical":"https:\/\/www.webdo.tn\/fr\/actualite\/international\/a-seville-la-tunisie-plaide-pour-une-refonte-du-systeme-financier-international\/378953\/","og_locale":"fr_FR","og_type":"article","og_title":"A S\u00e9ville, la Tunisie plaide pour une refonte du syst\u00e8me financier international","og_description":"D\u00e9couvrez les d\u00e9fis du syst\u00e8me financier international lors de la Conf\u00e9rence FfD4 \u00e0 S\u00e9ville et l'appel de la Tunisie pour un changement.","og_url":"https:\/\/www.webdo.tn\/fr\/actualite\/international\/a-seville-la-tunisie-plaide-pour-une-refonte-du-systeme-financier-international\/378953\/","og_site_name":"webdo","article_publisher":"https:\/\/www.facebook.com\/webdotn","article_published_time":"2025-07-03T12:10:36+00:00","article_modified_time":"2025-07-05T07:38:52+00:00","og_image":[{"width":1600,"height":909,"url":"https:\/\/www.webdo.tn\/fr\/wp-content\/uploads\/2025\/07\/Michket-Slama-Khaldi.jpg","type":"image\/jpeg"}],"author":"Mohamed Hedi Touati","twitter_card":"summary_large_image","twitter_creator":"@webdo_tn","twitter_site":"@webdo_tn","twitter_misc":{"\u00c9crit par":"Mohamed Hedi Touati","Dur\u00e9e de lecture estim\u00e9e":"3 minutes"},"schema":{"@context":"https:\/\/schema.org","@graph":[{"@type":"NewsArticle","@id":"https:\/\/www.webdo.tn\/fr\/actualite\/international\/a-seville-la-tunisie-plaide-pour-une-refonte-du-systeme-financier-international\/378953\/#article","isPartOf":{"@id":"https:\/\/www.webdo.tn\/fr\/actualite\/international\/a-seville-la-tunisie-plaide-pour-une-refonte-du-systeme-financier-international\/378953\/"},"author":{"name":"Mohamed Hedi Touati","@id":"https:\/\/www.webdo.tn\/fr\/#\/schema\/person\/c652cd8fc2b1b44412b5ffb48c5a911d"},"headline":"A S\u00e9ville, la Tunisie plaide pour une refonte du syst\u00e8me financier international","datePublished":"2025-07-03T12:10:36+00:00","dateModified":"2025-07-05T07:38:52+00:00","mainEntityOfPage":{"@id":"https:\/\/www.webdo.tn\/fr\/actualite\/international\/a-seville-la-tunisie-plaide-pour-une-refonte-du-systeme-financier-international\/378953\/"},"wordCount":507,"commentCount":0,"publisher":{"@id":"https:\/\/www.webdo.tn\/fr\/#organization"},"image":{"@id":"https:\/\/www.webdo.tn\/fr\/actualite\/international\/a-seville-la-tunisie-plaide-pour-une-refonte-du-systeme-financier-international\/378953\/#primaryimage"},"thumbnailUrl":"https:\/\/www.webdo.tn\/fr\/wp-content\/uploads\/2025\/07\/Michket-Slama-Khaldi.jpg","keywords":["endettement","FfD4","financement du d\u00e9veloppement","S\u00e9ville","syst\u00e8me financier","Tunisie"],"articleSection":["International"],"inLanguage":"fr-FR"},{"@type":"WebPage","@id":"https:\/\/www.webdo.tn\/fr\/actualite\/international\/a-seville-la-tunisie-plaide-pour-une-refonte-du-systeme-financier-international\/378953\/","url":"https:\/\/www.webdo.tn\/fr\/actualite\/international\/a-seville-la-tunisie-plaide-pour-une-refonte-du-systeme-financier-international\/378953\/","name":"A S\u00e9ville, la Tunisie plaide pour une refonte du syst\u00e8me financier international - webdo","isPartOf":{"@id":"https:\/\/www.webdo.tn\/fr\/#website"},"primaryImageOfPage":{"@id":"https:\/\/www.webdo.tn\/fr\/actualite\/international\/a-seville-la-tunisie-plaide-pour-une-refonte-du-systeme-financier-international\/378953\/#primaryimage"},"image":{"@id":"https:\/\/www.webdo.tn\/fr\/actualite\/international\/a-seville-la-tunisie-plaide-pour-une-refonte-du-systeme-financier-international\/378953\/#primaryimage"},"thumbnailUrl":"https:\/\/www.webdo.tn\/fr\/wp-content\/uploads\/2025\/07\/Michket-Slama-Khaldi.jpg","datePublished":"2025-07-03T12:10:36+00:00","dateModified":"2025-07-05T07:38:52+00:00","description":"D\u00e9couvrez les d\u00e9fis du syst\u00e8me financier international lors de la Conf\u00e9rence FfD4 \u00e0 S\u00e9ville et l'appel de la Tunisie pour un changement.","breadcrumb":{"@id":"https:\/\/www.webdo.tn\/fr\/actualite\/international\/a-seville-la-tunisie-plaide-pour-une-refonte-du-systeme-financier-international\/378953\/#breadcrumb"},"inLanguage":"fr-FR","potentialAction":[{"@type":"ReadAction","target":["https:\/\/www.webdo.tn\/fr\/actualite\/international\/a-seville-la-tunisie-plaide-pour-une-refonte-du-systeme-financier-international\/378953\/"]}]},{"@type":"ImageObject","inLanguage":"fr-FR","@id":"https:\/\/www.webdo.tn\/fr\/actualite\/international\/a-seville-la-tunisie-plaide-pour-une-refonte-du-systeme-financier-international\/378953\/#primaryimage","url":"https:\/\/www.webdo.tn\/fr\/wp-content\/uploads\/2025\/07\/Michket-Slama-Khaldi.jpg","contentUrl":"https:\/\/www.webdo.tn\/fr\/wp-content\/uploads\/2025\/07\/Michket-Slama-Khaldi.jpg","width":1600,"height":909,"caption":"Dans son intervention, Michket Slama Khaldi a plaid\u00e9 pour une transformation des approches traditionnelles de l\u2019endettement"},{"@type":"BreadcrumbList","@id":"https:\/\/www.webdo.tn\/fr\/actualite\/international\/a-seville-la-tunisie-plaide-pour-une-refonte-du-systeme-financier-international\/378953\/#breadcrumb","itemListElement":[{"@type":"ListItem","position":1,"name":"Accueil","item":"https:\/\/www.webdo.tn\/fr\/"},{"@type":"ListItem","position":2,"name":"A S\u00e9ville, la Tunisie plaide pour une refonte du syst\u00e8me financier international"}]},{"@type":"WebSite","@id":"https:\/\/www.webdo.tn\/fr\/#website","url":"https:\/\/www.webdo.tn\/fr\/","name":"webdo","description":"Tunisie - News en Tunisie et \u00e0 l&#039;international sur Webdo.tn","publisher":{"@id":"https:\/\/www.webdo.tn\/fr\/#organization"},"potentialAction":[{"@type":"SearchAction","target":{"@type":"EntryPoint","urlTemplate":"https:\/\/www.webdo.tn\/fr\/?s={search_term_string}"},"query-input":{"@type":"PropertyValueSpecification","valueRequired":true,"valueName":"search_term_string"}}],"inLanguage":"fr-FR"},{"@type":"Organization","@id":"https:\/\/www.webdo.tn\/fr\/#organization","name":"Webdo","alternateName":"Webdo.tn","url":"https:\/\/www.webdo.tn\/fr\/","logo":{"@type":"ImageObject","inLanguage":"fr-FR","@id":"https:\/\/www.webdo.tn\/fr\/#\/schema\/logo\/image\/","url":"https:\/\/www.webdo.tn\/fr\/wp-content\/uploads\/2025\/06\/Webdo-Tunisie_168377.jpg","contentUrl":"https:\/\/www.webdo.tn\/fr\/wp-content\/uploads\/2025\/06\/Webdo-Tunisie_168377.jpg","width":301,"height":301,"caption":"Webdo"},"image":{"@id":"https:\/\/www.webdo.tn\/fr\/#\/schema\/logo\/image\/"},"sameAs":["https:\/\/www.facebook.com\/webdotn","https:\/\/x.com\/webdo_tn"],"description":"Webdo est un m\u00e9dia num\u00e9rique tunisien fond\u00e9 en 2010, sp\u00e9cialis\u00e9 dans l\u2019actualit\u00e9 nationale et internationale, l\u2019\u00e9conomie, la soci\u00e9t\u00e9 et les analyses politiques. Le site s\u2019adresse \u00e0 un large public francophone et couvre l\u2019information tunisienne en temps r\u00e9el.","email":"redac@webdo.tn","legalName":"YNJ SARL","foundingDate":"2010-09-06","numberOfEmployees":{"@type":"QuantitativeValue","minValue":"11","maxValue":"50"}},{"@type":"Person","@id":"https:\/\/www.webdo.tn\/fr\/#\/schema\/person\/c652cd8fc2b1b44412b5ffb48c5a911d","name":"Mohamed Hedi Touati","image":{"@type":"ImageObject","inLanguage":"fr-FR","@id":"https:\/\/secure.gravatar.com\/avatar\/9cfd402c745b7a685f13eed0ea6e59d2144a3c2fc50a3db6fd5ed451f6cddf1a?s=96&d=mm&r=g","url":"https:\/\/secure.gravatar.com\/avatar\/9cfd402c745b7a685f13eed0ea6e59d2144a3c2fc50a3db6fd5ed451f6cddf1a?s=96&d=mm&r=g","contentUrl":"https:\/\/secure.gravatar.com\/avatar\/9cfd402c745b7a685f13eed0ea6e59d2144a3c2fc50a3db6fd5ed451f6cddf1a?s=96&d=mm&r=g","caption":"Mohamed Hedi Touati"},"url":"https:\/\/www.webdo.tn\/fr\/actualite\/author\/mohamed-hedi-touati\/"}]}},"_links":{"self":[{"href":"https:\/\/www.webdo.tn\/fr\/wp-json\/wp\/v2\/posts\/378953","targetHints":{"allow":["GET"]}}],"collection":[{"href":"https:\/\/www.webdo.tn\/fr\/wp-json\/wp\/v2\/posts"}],"about":[{"href":"https:\/\/www.webdo.tn\/fr\/wp-json\/wp\/v2\/types\/post"}],"author":[{"embeddable":true,"href":"https:\/\/www.webdo.tn\/fr\/wp-json\/wp\/v2\/users\/3191"}],"replies":[{"embeddable":true,"href":"https:\/\/www.webdo.tn\/fr\/wp-json\/wp\/v2\/comments?post=378953"}],"version-history":[{"count":0,"href":"https:\/\/www.webdo.tn\/fr\/wp-json\/wp\/v2\/posts\/378953\/revisions"}],"wp:featuredmedia":[{"embeddable":true,"href":"https:\/\/www.webdo.tn\/fr\/wp-json\/wp\/v2\/media\/378954"}],"wp:attachment":[{"href":"https:\/\/www.webdo.tn\/fr\/wp-json\/wp\/v2\/media?parent=378953"}],"wp:term":[{"taxonomy":"category","embeddable":true,"href":"https:\/\/www.webdo.tn\/fr\/wp-json\/wp\/v2\/categories?post=378953"},{"taxonomy":"post_tag","embeddable":true,"href":"https:\/\/www.webdo.tn\/fr\/wp-json\/wp\/v2\/tags?post=378953"}],"curies":[{"name":"wp","href":"https:\/\/api.w.org\/{rel}","templated":true}]}}