{"id":378928,"date":"2025-07-03T09:37:15","date_gmt":"2025-07-03T08:37:15","guid":{"rendered":"https:\/\/www.webdo.tn\/fr\/?p=378928"},"modified":"2025-07-05T08:38:44","modified_gmt":"2025-07-05T07:38:44","slug":"tunisie-un-maillon-strategique-dans-lexportation-delectricite-vers-leurope","status":"publish","type":"post","link":"https:\/\/www.webdo.tn\/fr\/actualite\/national\/tunisie-un-maillon-strategique-dans-lexportation-delectricite-vers-leurope\/378928\/","title":{"rendered":"Tunisie : Un maillon strat\u00e9gique dans l\u2019exportation d\u2019\u00e9lectricit\u00e9 vers l\u2019Europe"},"content":{"rendered":"\n<p>Le projet Elmed, reliant la Tunisie au sud de l\u2019Italie, positionne la Tunisie comme un acteur cl\u00e9 de l\u2019int\u00e9gration \u00e9nerg\u00e9tique euro-africaine. Ce c\u00e2ble sous-marin ouvre la voie \u00e0 une coop\u00e9ration \u00e9nerg\u00e9tique renforc\u00e9e entre l\u2019Alg\u00e9rie, la Tunisie et l\u2019Europe.<\/p>\n\n\n\n<p>Le projet Elmed, en phase de finalisation, pourrait bien faire de la Tunisie un acteur central de la nouvelle carte \u00e9nerg\u00e9tique du bassin m\u00e9diterran\u00e9en. Ce c\u00e2ble \u00e9lectrique sous-marin, qui reliera le r\u00e9seau tunisien au sud de l\u2019Italie, permettra non seulement de renforcer l\u2019interconnexion entre l\u2019Afrique du Nord et l\u2019Europe, mais aussi de positionner la Tunisie comme hub r\u00e9gional de transit \u00e9nerg\u00e9tique.<\/p>\n\n\n\n<p>Selon les d\u00e9clarations de Fay\u00e7al Trifa, directeur g\u00e9n\u00e9ral de la Soci\u00e9t\u00e9 tunisienne de l\u2019\u00e9lectricit\u00e9 et du gaz (STEG), reprises par l\u2019agence italienne Nova, Elmed vise \u00e0 int\u00e9grer les r\u00e9seaux alg\u00e9rien et tunisien pour faciliter l\u2019exportation de l\u2019\u00e9lectricit\u00e9 vers l\u2019Europe et appuyer la cr\u00e9ation d\u2019un futur march\u00e9 \u00e9nerg\u00e9tique euro-africain.<\/p>\n\n\n\n<p>Ce projet d\u2019envergure, d\u2019une capacit\u00e9 de 600 MW et d\u2019un co\u00fbt total de 850 millions d\u2019euros, b\u00e9n\u00e9ficie d\u2019un financement cons\u00e9quent : 300 millions d\u2019euros de la Commission europ\u00e9enne et 260 millions de dollars de la Banque mondiale, avec l\u2019implication de la Banque europ\u00e9enne d\u2019investissement (BEI), la KfW allemande et la Banque europ\u00e9enne pour la reconstruction et le d\u00e9veloppement (BERD).<\/p>\n\n\n\n<p>Pour la Tunisie, les retomb\u00e9es sont multiples. D\u2019un point de vue strat\u00e9gique, ce projet permettrait de renforcer la s\u00e9curit\u00e9 \u00e9nerg\u00e9tique du pays, tout en l\u2019int\u00e9grant pleinement dans les grandes dynamiques de transition \u00e9nerg\u00e9tique en M\u00e9diterran\u00e9e. Il ouvre \u00e9galement des perspectives commerciales, puisque la Tunisie pourrait b\u00e9n\u00e9ficier de droits de transit ou, \u00e0 terme, exporter elle-m\u00eame de l\u2019\u00e9lectricit\u00e9, notamment issue des \u00e9nergies renouvelables.<\/p>\n\n\n\n<p>En parall\u00e8le, l\u2019Alg\u00e9rie mise sur ce couloir tuniso-italien pour renforcer ses exportations \u00e9lectriques, notamment apr\u00e8s l\u2019abandon du projet d\u2019interconnexion directe avec la Libye jug\u00e9 techniquement infaisable. Elle modernise \u00e0 cet effet ses lignes haute tension vers la Tunisie, tout en d\u00e9veloppant un ambitieux programme de production \u00e9lectrique, avec des objectifs d\u00e9passant les 50.000 MW d\u2019ici dix ans, en partie gr\u00e2ce aux \u00e9nergies solaire et \u00e9olienne.<\/p>\n\n\n\n<p>La Tunisie, en se positionnant comme trait d\u2019union \u00e9nerg\u00e9tique entre l\u2019Afrique et l\u2019Europe, voit ainsi s\u2019ouvrir de nouvelles perspectives en mati\u00e8re de diplomatie \u00e9nerg\u00e9tique, d\u2019investissement et d\u2019int\u00e9gration r\u00e9gionale.<\/p>\n","protected":false},"excerpt":{"rendered":"<p>Le projet Elmed, reliant la Tunisie au sud de l\u2019Italie, positionne la Tunisie comme un acteur cl\u00e9 de l\u2019int\u00e9gration \u00e9nerg\u00e9tique euro-africaine. Ce c\u00e2ble sous-marin ouvre la voie \u00e0 une coop\u00e9ration \u00e9nerg\u00e9tique renforc\u00e9e entre l\u2019Alg\u00e9rie, la Tunisie et l\u2019Europe. Le projet Elmed, en phase de finalisation, pourrait bien faire de la Tunisie un acteur central de [&hellip;]<\/p>\n","protected":false},"author":3191,"featured_media":378929,"comment_status":"open","ping_status":"open","sticky":false,"template":"","format":"standard","meta":{"footnotes":""},"categories":[44],"tags":[2907,3765,2660,12094,2742,2608],"class_list":["post-378928","post","type-post","status-publish","format-standard","has-post-thumbnail","hentry","category-national","tag-algerie","tag-electricite","tag-italie","tag-projet-elmed","tag-steg","tag-tunisie"],"yoast_head":"<!-- This site is optimized with the Yoast SEO Premium plugin v27.4 (Yoast SEO v27.5) - https:\/\/yoast.com\/product\/yoast-seo-premium-wordpress\/ -->\n<title>Tunisie : Un maillon strat\u00e9gique dans l\u2019exportation d\u2019\u00e9lectricit\u00e9 vers l\u2019Europe - webdo<\/title>\n<meta name=\"description\" content=\"Le projet Elmed transforme la Tunisie en acteur cl\u00e9 de l&#039;exportation d&#039;\u00e9lectricit\u00e9 vers l&#039;Europe. En savoir plus.\" \/>\n<link rel=\"canonical\" href=\"https:\/\/www.webdo.tn\/fr\/actualite\/national\/tunisie-un-maillon-strategique-dans-lexportation-delectricite-vers-leurope\/378928\/\" \/>\n<meta property=\"og:locale\" content=\"fr_FR\" \/>\n<meta property=\"og:type\" content=\"article\" \/>\n<meta property=\"og:title\" content=\"Tunisie : Un maillon strat\u00e9gique dans l\u2019exportation d\u2019\u00e9lectricit\u00e9 vers l\u2019Europe\" \/>\n<meta property=\"og:description\" content=\"Le projet Elmed transforme la Tunisie en acteur cl\u00e9 de l&#039;exportation d&#039;\u00e9lectricit\u00e9 vers l&#039;Europe. En savoir plus.\" \/>\n<meta property=\"og:url\" content=\"https:\/\/www.webdo.tn\/fr\/actualite\/national\/tunisie-un-maillon-strategique-dans-lexportation-delectricite-vers-leurope\/378928\/\" \/>\n<meta property=\"og:site_name\" content=\"webdo\" \/>\n<meta property=\"article:publisher\" content=\"https:\/\/www.facebook.com\/webdotn\" \/>\n<meta property=\"article:published_time\" content=\"2025-07-03T08:37:15+00:00\" \/>\n<meta property=\"article:modified_time\" content=\"2025-07-05T07:38:44+00:00\" \/>\n<meta property=\"og:image\" content=\"https:\/\/www.webdo.tn\/fr\/wp-content\/uploads\/2025\/07\/Terna-Elmed.jpg\" \/>\n\t<meta property=\"og:image:width\" content=\"1200\" \/>\n\t<meta property=\"og:image:height\" content=\"630\" \/>\n\t<meta property=\"og:image:type\" content=\"image\/jpeg\" \/>\n<meta name=\"author\" content=\"Mohamed Hedi Touati\" \/>\n<meta name=\"twitter:card\" content=\"summary_large_image\" \/>\n<meta name=\"twitter:creator\" content=\"@webdo_tn\" \/>\n<meta name=\"twitter:site\" content=\"@webdo_tn\" \/>\n<meta name=\"twitter:label1\" content=\"\u00c9crit par\" \/>\n\t<meta name=\"twitter:data1\" content=\"Mohamed Hedi Touati\" \/>\n\t<meta name=\"twitter:label2\" content=\"Dur\u00e9e de lecture estim\u00e9e\" \/>\n\t<meta name=\"twitter:data2\" content=\"3 minutes\" \/>\n<script type=\"application\/ld+json\" class=\"yoast-schema-graph\">{\"@context\":\"https:\\\/\\\/schema.org\",\"@graph\":[{\"@type\":\"NewsArticle\",\"@id\":\"https:\\\/\\\/www.webdo.tn\\\/fr\\\/actualite\\\/national\\\/tunisie-un-maillon-strategique-dans-lexportation-delectricite-vers-leurope\\\/378928\\\/#article\",\"isPartOf\":{\"@id\":\"https:\\\/\\\/www.webdo.tn\\\/fr\\\/actualite\\\/national\\\/tunisie-un-maillon-strategique-dans-lexportation-delectricite-vers-leurope\\\/378928\\\/\"},\"author\":{\"name\":\"Mohamed Hedi Touati\",\"@id\":\"https:\\\/\\\/www.webdo.tn\\\/fr\\\/#\\\/schema\\\/person\\\/c652cd8fc2b1b44412b5ffb48c5a911d\"},\"headline\":\"Tunisie : Un maillon strat\u00e9gique dans l\u2019exportation d\u2019\u00e9lectricit\u00e9 vers l\u2019Europe\",\"datePublished\":\"2025-07-03T08:37:15+00:00\",\"dateModified\":\"2025-07-05T07:38:44+00:00\",\"mainEntityOfPage\":{\"@id\":\"https:\\\/\\\/www.webdo.tn\\\/fr\\\/actualite\\\/national\\\/tunisie-un-maillon-strategique-dans-lexportation-delectricite-vers-leurope\\\/378928\\\/\"},\"wordCount\":453,\"commentCount\":0,\"publisher\":{\"@id\":\"https:\\\/\\\/www.webdo.tn\\\/fr\\\/#organization\"},\"image\":{\"@id\":\"https:\\\/\\\/www.webdo.tn\\\/fr\\\/actualite\\\/national\\\/tunisie-un-maillon-strategique-dans-lexportation-delectricite-vers-leurope\\\/378928\\\/#primaryimage\"},\"thumbnailUrl\":\"https:\\\/\\\/www.webdo.tn\\\/fr\\\/wp-content\\\/uploads\\\/2025\\\/07\\\/Terna-Elmed.jpg\",\"keywords\":[\"Alg\u00e9rie\",\"\u00e9lectricit\u00e9\",\"Italie\",\"projet Elmed\",\"steg\",\"Tunisie\"],\"articleSection\":[\"National\"],\"inLanguage\":\"fr-FR\"},{\"@type\":\"WebPage\",\"@id\":\"https:\\\/\\\/www.webdo.tn\\\/fr\\\/actualite\\\/national\\\/tunisie-un-maillon-strategique-dans-lexportation-delectricite-vers-leurope\\\/378928\\\/\",\"url\":\"https:\\\/\\\/www.webdo.tn\\\/fr\\\/actualite\\\/national\\\/tunisie-un-maillon-strategique-dans-lexportation-delectricite-vers-leurope\\\/378928\\\/\",\"name\":\"Tunisie : Un maillon strat\u00e9gique dans l\u2019exportation d\u2019\u00e9lectricit\u00e9 vers l\u2019Europe - webdo\",\"isPartOf\":{\"@id\":\"https:\\\/\\\/www.webdo.tn\\\/fr\\\/#website\"},\"primaryImageOfPage\":{\"@id\":\"https:\\\/\\\/www.webdo.tn\\\/fr\\\/actualite\\\/national\\\/tunisie-un-maillon-strategique-dans-lexportation-delectricite-vers-leurope\\\/378928\\\/#primaryimage\"},\"image\":{\"@id\":\"https:\\\/\\\/www.webdo.tn\\\/fr\\\/actualite\\\/national\\\/tunisie-un-maillon-strategique-dans-lexportation-delectricite-vers-leurope\\\/378928\\\/#primaryimage\"},\"thumbnailUrl\":\"https:\\\/\\\/www.webdo.tn\\\/fr\\\/wp-content\\\/uploads\\\/2025\\\/07\\\/Terna-Elmed.jpg\",\"datePublished\":\"2025-07-03T08:37:15+00:00\",\"dateModified\":\"2025-07-05T07:38:44+00:00\",\"description\":\"Le projet Elmed transforme la Tunisie en acteur cl\u00e9 de l'exportation d'\u00e9lectricit\u00e9 vers l'Europe. En savoir plus.\",\"breadcrumb\":{\"@id\":\"https:\\\/\\\/www.webdo.tn\\\/fr\\\/actualite\\\/national\\\/tunisie-un-maillon-strategique-dans-lexportation-delectricite-vers-leurope\\\/378928\\\/#breadcrumb\"},\"inLanguage\":\"fr-FR\",\"potentialAction\":[{\"@type\":\"ReadAction\",\"target\":[\"https:\\\/\\\/www.webdo.tn\\\/fr\\\/actualite\\\/national\\\/tunisie-un-maillon-strategique-dans-lexportation-delectricite-vers-leurope\\\/378928\\\/\"]}]},{\"@type\":\"ImageObject\",\"inLanguage\":\"fr-FR\",\"@id\":\"https:\\\/\\\/www.webdo.tn\\\/fr\\\/actualite\\\/national\\\/tunisie-un-maillon-strategique-dans-lexportation-delectricite-vers-leurope\\\/378928\\\/#primaryimage\",\"url\":\"https:\\\/\\\/www.webdo.tn\\\/fr\\\/wp-content\\\/uploads\\\/2025\\\/07\\\/Terna-Elmed.jpg\",\"contentUrl\":\"https:\\\/\\\/www.webdo.tn\\\/fr\\\/wp-content\\\/uploads\\\/2025\\\/07\\\/Terna-Elmed.jpg\",\"width\":1200,\"height\":630,\"caption\":\"Tunisie : Un maillon strat\u00e9gique dans l\u2019exportation d\u2019\u00e9lectricit\u00e9 vers l\u2019Europe\"},{\"@type\":\"BreadcrumbList\",\"@id\":\"https:\\\/\\\/www.webdo.tn\\\/fr\\\/actualite\\\/national\\\/tunisie-un-maillon-strategique-dans-lexportation-delectricite-vers-leurope\\\/378928\\\/#breadcrumb\",\"itemListElement\":[{\"@type\":\"ListItem\",\"position\":1,\"name\":\"Accueil\",\"item\":\"https:\\\/\\\/www.webdo.tn\\\/fr\\\/\"},{\"@type\":\"ListItem\",\"position\":2,\"name\":\"Tunisie : Un maillon strat\u00e9gique dans l\u2019exportation d\u2019\u00e9lectricit\u00e9 vers l\u2019Europe\"}]},{\"@type\":\"WebSite\",\"@id\":\"https:\\\/\\\/www.webdo.tn\\\/fr\\\/#website\",\"url\":\"https:\\\/\\\/www.webdo.tn\\\/fr\\\/\",\"name\":\"webdo\",\"description\":\"Tunisie - News en Tunisie et \u00e0 l&#039;international sur Webdo.tn\",\"publisher\":{\"@id\":\"https:\\\/\\\/www.webdo.tn\\\/fr\\\/#organization\"},\"potentialAction\":[{\"@type\":\"SearchAction\",\"target\":{\"@type\":\"EntryPoint\",\"urlTemplate\":\"https:\\\/\\\/www.webdo.tn\\\/fr\\\/?s={search_term_string}\"},\"query-input\":{\"@type\":\"PropertyValueSpecification\",\"valueRequired\":true,\"valueName\":\"search_term_string\"}}],\"inLanguage\":\"fr-FR\"},{\"@type\":\"Organization\",\"@id\":\"https:\\\/\\\/www.webdo.tn\\\/fr\\\/#organization\",\"name\":\"Webdo\",\"alternateName\":\"Webdo.tn\",\"url\":\"https:\\\/\\\/www.webdo.tn\\\/fr\\\/\",\"logo\":{\"@type\":\"ImageObject\",\"inLanguage\":\"fr-FR\",\"@id\":\"https:\\\/\\\/www.webdo.tn\\\/fr\\\/#\\\/schema\\\/logo\\\/image\\\/\",\"url\":\"https:\\\/\\\/www.webdo.tn\\\/fr\\\/wp-content\\\/uploads\\\/2025\\\/06\\\/Webdo-Tunisie_168377.jpg\",\"contentUrl\":\"https:\\\/\\\/www.webdo.tn\\\/fr\\\/wp-content\\\/uploads\\\/2025\\\/06\\\/Webdo-Tunisie_168377.jpg\",\"width\":301,\"height\":301,\"caption\":\"Webdo\"},\"image\":{\"@id\":\"https:\\\/\\\/www.webdo.tn\\\/fr\\\/#\\\/schema\\\/logo\\\/image\\\/\"},\"sameAs\":[\"https:\\\/\\\/www.facebook.com\\\/webdotn\",\"https:\\\/\\\/x.com\\\/webdo_tn\"],\"description\":\"Webdo est un m\u00e9dia num\u00e9rique tunisien fond\u00e9 en 2010, sp\u00e9cialis\u00e9 dans l\u2019actualit\u00e9 nationale et internationale, l\u2019\u00e9conomie, la soci\u00e9t\u00e9 et les analyses politiques. Le site s\u2019adresse \u00e0 un large public francophone et couvre l\u2019information tunisienne en temps r\u00e9el.\",\"email\":\"redac@webdo.tn\",\"legalName\":\"YNJ SARL\",\"foundingDate\":\"2010-09-06\",\"numberOfEmployees\":{\"@type\":\"QuantitativeValue\",\"minValue\":\"11\",\"maxValue\":\"50\"}},{\"@type\":\"Person\",\"@id\":\"https:\\\/\\\/www.webdo.tn\\\/fr\\\/#\\\/schema\\\/person\\\/c652cd8fc2b1b44412b5ffb48c5a911d\",\"name\":\"Mohamed Hedi Touati\",\"image\":{\"@type\":\"ImageObject\",\"inLanguage\":\"fr-FR\",\"@id\":\"https:\\\/\\\/secure.gravatar.com\\\/avatar\\\/9cfd402c745b7a685f13eed0ea6e59d2144a3c2fc50a3db6fd5ed451f6cddf1a?s=96&d=mm&r=g\",\"url\":\"https:\\\/\\\/secure.gravatar.com\\\/avatar\\\/9cfd402c745b7a685f13eed0ea6e59d2144a3c2fc50a3db6fd5ed451f6cddf1a?s=96&d=mm&r=g\",\"contentUrl\":\"https:\\\/\\\/secure.gravatar.com\\\/avatar\\\/9cfd402c745b7a685f13eed0ea6e59d2144a3c2fc50a3db6fd5ed451f6cddf1a?s=96&d=mm&r=g\",\"caption\":\"Mohamed Hedi Touati\"},\"url\":\"https:\\\/\\\/www.webdo.tn\\\/fr\\\/actualite\\\/author\\\/mohamed-hedi-touati\\\/\"}]}<\/script>\n<!-- \/ Yoast SEO Premium plugin. -->","yoast_head_json":{"title":"Tunisie : Un maillon strat\u00e9gique dans l\u2019exportation d\u2019\u00e9lectricit\u00e9 vers l\u2019Europe - webdo","description":"Le projet Elmed transforme la Tunisie en acteur cl\u00e9 de l'exportation d'\u00e9lectricit\u00e9 vers l'Europe. En savoir plus.","canonical":"https:\/\/www.webdo.tn\/fr\/actualite\/national\/tunisie-un-maillon-strategique-dans-lexportation-delectricite-vers-leurope\/378928\/","og_locale":"fr_FR","og_type":"article","og_title":"Tunisie : Un maillon strat\u00e9gique dans l\u2019exportation d\u2019\u00e9lectricit\u00e9 vers l\u2019Europe","og_description":"Le projet Elmed transforme la Tunisie en acteur cl\u00e9 de l'exportation d'\u00e9lectricit\u00e9 vers l'Europe. En savoir plus.","og_url":"https:\/\/www.webdo.tn\/fr\/actualite\/national\/tunisie-un-maillon-strategique-dans-lexportation-delectricite-vers-leurope\/378928\/","og_site_name":"webdo","article_publisher":"https:\/\/www.facebook.com\/webdotn","article_published_time":"2025-07-03T08:37:15+00:00","article_modified_time":"2025-07-05T07:38:44+00:00","og_image":[{"width":1200,"height":630,"url":"https:\/\/www.webdo.tn\/fr\/wp-content\/uploads\/2025\/07\/Terna-Elmed.jpg","type":"image\/jpeg"}],"author":"Mohamed Hedi Touati","twitter_card":"summary_large_image","twitter_creator":"@webdo_tn","twitter_site":"@webdo_tn","twitter_misc":{"\u00c9crit par":"Mohamed Hedi Touati","Dur\u00e9e de lecture estim\u00e9e":"3 minutes"},"schema":{"@context":"https:\/\/schema.org","@graph":[{"@type":"NewsArticle","@id":"https:\/\/www.webdo.tn\/fr\/actualite\/national\/tunisie-un-maillon-strategique-dans-lexportation-delectricite-vers-leurope\/378928\/#article","isPartOf":{"@id":"https:\/\/www.webdo.tn\/fr\/actualite\/national\/tunisie-un-maillon-strategique-dans-lexportation-delectricite-vers-leurope\/378928\/"},"author":{"name":"Mohamed Hedi Touati","@id":"https:\/\/www.webdo.tn\/fr\/#\/schema\/person\/c652cd8fc2b1b44412b5ffb48c5a911d"},"headline":"Tunisie : Un maillon strat\u00e9gique dans l\u2019exportation d\u2019\u00e9lectricit\u00e9 vers l\u2019Europe","datePublished":"2025-07-03T08:37:15+00:00","dateModified":"2025-07-05T07:38:44+00:00","mainEntityOfPage":{"@id":"https:\/\/www.webdo.tn\/fr\/actualite\/national\/tunisie-un-maillon-strategique-dans-lexportation-delectricite-vers-leurope\/378928\/"},"wordCount":453,"commentCount":0,"publisher":{"@id":"https:\/\/www.webdo.tn\/fr\/#organization"},"image":{"@id":"https:\/\/www.webdo.tn\/fr\/actualite\/national\/tunisie-un-maillon-strategique-dans-lexportation-delectricite-vers-leurope\/378928\/#primaryimage"},"thumbnailUrl":"https:\/\/www.webdo.tn\/fr\/wp-content\/uploads\/2025\/07\/Terna-Elmed.jpg","keywords":["Alg\u00e9rie","\u00e9lectricit\u00e9","Italie","projet Elmed","steg","Tunisie"],"articleSection":["National"],"inLanguage":"fr-FR"},{"@type":"WebPage","@id":"https:\/\/www.webdo.tn\/fr\/actualite\/national\/tunisie-un-maillon-strategique-dans-lexportation-delectricite-vers-leurope\/378928\/","url":"https:\/\/www.webdo.tn\/fr\/actualite\/national\/tunisie-un-maillon-strategique-dans-lexportation-delectricite-vers-leurope\/378928\/","name":"Tunisie : Un maillon strat\u00e9gique dans l\u2019exportation d\u2019\u00e9lectricit\u00e9 vers l\u2019Europe - webdo","isPartOf":{"@id":"https:\/\/www.webdo.tn\/fr\/#website"},"primaryImageOfPage":{"@id":"https:\/\/www.webdo.tn\/fr\/actualite\/national\/tunisie-un-maillon-strategique-dans-lexportation-delectricite-vers-leurope\/378928\/#primaryimage"},"image":{"@id":"https:\/\/www.webdo.tn\/fr\/actualite\/national\/tunisie-un-maillon-strategique-dans-lexportation-delectricite-vers-leurope\/378928\/#primaryimage"},"thumbnailUrl":"https:\/\/www.webdo.tn\/fr\/wp-content\/uploads\/2025\/07\/Terna-Elmed.jpg","datePublished":"2025-07-03T08:37:15+00:00","dateModified":"2025-07-05T07:38:44+00:00","description":"Le projet Elmed transforme la Tunisie en acteur cl\u00e9 de l'exportation d'\u00e9lectricit\u00e9 vers l'Europe. En savoir plus.","breadcrumb":{"@id":"https:\/\/www.webdo.tn\/fr\/actualite\/national\/tunisie-un-maillon-strategique-dans-lexportation-delectricite-vers-leurope\/378928\/#breadcrumb"},"inLanguage":"fr-FR","potentialAction":[{"@type":"ReadAction","target":["https:\/\/www.webdo.tn\/fr\/actualite\/national\/tunisie-un-maillon-strategique-dans-lexportation-delectricite-vers-leurope\/378928\/"]}]},{"@type":"ImageObject","inLanguage":"fr-FR","@id":"https:\/\/www.webdo.tn\/fr\/actualite\/national\/tunisie-un-maillon-strategique-dans-lexportation-delectricite-vers-leurope\/378928\/#primaryimage","url":"https:\/\/www.webdo.tn\/fr\/wp-content\/uploads\/2025\/07\/Terna-Elmed.jpg","contentUrl":"https:\/\/www.webdo.tn\/fr\/wp-content\/uploads\/2025\/07\/Terna-Elmed.jpg","width":1200,"height":630,"caption":"Tunisie : Un maillon strat\u00e9gique dans l\u2019exportation d\u2019\u00e9lectricit\u00e9 vers l\u2019Europe"},{"@type":"BreadcrumbList","@id":"https:\/\/www.webdo.tn\/fr\/actualite\/national\/tunisie-un-maillon-strategique-dans-lexportation-delectricite-vers-leurope\/378928\/#breadcrumb","itemListElement":[{"@type":"ListItem","position":1,"name":"Accueil","item":"https:\/\/www.webdo.tn\/fr\/"},{"@type":"ListItem","position":2,"name":"Tunisie : Un maillon strat\u00e9gique dans l\u2019exportation d\u2019\u00e9lectricit\u00e9 vers l\u2019Europe"}]},{"@type":"WebSite","@id":"https:\/\/www.webdo.tn\/fr\/#website","url":"https:\/\/www.webdo.tn\/fr\/","name":"webdo","description":"Tunisie - News en Tunisie et \u00e0 l&#039;international sur Webdo.tn","publisher":{"@id":"https:\/\/www.webdo.tn\/fr\/#organization"},"potentialAction":[{"@type":"SearchAction","target":{"@type":"EntryPoint","urlTemplate":"https:\/\/www.webdo.tn\/fr\/?s={search_term_string}"},"query-input":{"@type":"PropertyValueSpecification","valueRequired":true,"valueName":"search_term_string"}}],"inLanguage":"fr-FR"},{"@type":"Organization","@id":"https:\/\/www.webdo.tn\/fr\/#organization","name":"Webdo","alternateName":"Webdo.tn","url":"https:\/\/www.webdo.tn\/fr\/","logo":{"@type":"ImageObject","inLanguage":"fr-FR","@id":"https:\/\/www.webdo.tn\/fr\/#\/schema\/logo\/image\/","url":"https:\/\/www.webdo.tn\/fr\/wp-content\/uploads\/2025\/06\/Webdo-Tunisie_168377.jpg","contentUrl":"https:\/\/www.webdo.tn\/fr\/wp-content\/uploads\/2025\/06\/Webdo-Tunisie_168377.jpg","width":301,"height":301,"caption":"Webdo"},"image":{"@id":"https:\/\/www.webdo.tn\/fr\/#\/schema\/logo\/image\/"},"sameAs":["https:\/\/www.facebook.com\/webdotn","https:\/\/x.com\/webdo_tn"],"description":"Webdo est un m\u00e9dia num\u00e9rique tunisien fond\u00e9 en 2010, sp\u00e9cialis\u00e9 dans l\u2019actualit\u00e9 nationale et internationale, l\u2019\u00e9conomie, la soci\u00e9t\u00e9 et les analyses politiques. Le site s\u2019adresse \u00e0 un large public francophone et couvre l\u2019information tunisienne en temps r\u00e9el.","email":"redac@webdo.tn","legalName":"YNJ SARL","foundingDate":"2010-09-06","numberOfEmployees":{"@type":"QuantitativeValue","minValue":"11","maxValue":"50"}},{"@type":"Person","@id":"https:\/\/www.webdo.tn\/fr\/#\/schema\/person\/c652cd8fc2b1b44412b5ffb48c5a911d","name":"Mohamed Hedi Touati","image":{"@type":"ImageObject","inLanguage":"fr-FR","@id":"https:\/\/secure.gravatar.com\/avatar\/9cfd402c745b7a685f13eed0ea6e59d2144a3c2fc50a3db6fd5ed451f6cddf1a?s=96&d=mm&r=g","url":"https:\/\/secure.gravatar.com\/avatar\/9cfd402c745b7a685f13eed0ea6e59d2144a3c2fc50a3db6fd5ed451f6cddf1a?s=96&d=mm&r=g","contentUrl":"https:\/\/secure.gravatar.com\/avatar\/9cfd402c745b7a685f13eed0ea6e59d2144a3c2fc50a3db6fd5ed451f6cddf1a?s=96&d=mm&r=g","caption":"Mohamed Hedi Touati"},"url":"https:\/\/www.webdo.tn\/fr\/actualite\/author\/mohamed-hedi-touati\/"}]}},"_links":{"self":[{"href":"https:\/\/www.webdo.tn\/fr\/wp-json\/wp\/v2\/posts\/378928","targetHints":{"allow":["GET"]}}],"collection":[{"href":"https:\/\/www.webdo.tn\/fr\/wp-json\/wp\/v2\/posts"}],"about":[{"href":"https:\/\/www.webdo.tn\/fr\/wp-json\/wp\/v2\/types\/post"}],"author":[{"embeddable":true,"href":"https:\/\/www.webdo.tn\/fr\/wp-json\/wp\/v2\/users\/3191"}],"replies":[{"embeddable":true,"href":"https:\/\/www.webdo.tn\/fr\/wp-json\/wp\/v2\/comments?post=378928"}],"version-history":[{"count":0,"href":"https:\/\/www.webdo.tn\/fr\/wp-json\/wp\/v2\/posts\/378928\/revisions"}],"wp:featuredmedia":[{"embeddable":true,"href":"https:\/\/www.webdo.tn\/fr\/wp-json\/wp\/v2\/media\/378929"}],"wp:attachment":[{"href":"https:\/\/www.webdo.tn\/fr\/wp-json\/wp\/v2\/media?parent=378928"}],"wp:term":[{"taxonomy":"category","embeddable":true,"href":"https:\/\/www.webdo.tn\/fr\/wp-json\/wp\/v2\/categories?post=378928"},{"taxonomy":"post_tag","embeddable":true,"href":"https:\/\/www.webdo.tn\/fr\/wp-json\/wp\/v2\/tags?post=378928"}],"curies":[{"name":"wp","href":"https:\/\/api.w.org\/{rel}","templated":true}]}}