{"id":378909,"date":"2025-07-03T09:24:01","date_gmt":"2025-07-03T08:24:01","guid":{"rendered":"https:\/\/www.webdo.tn\/fr\/?p=378909"},"modified":"2025-07-03T09:24:43","modified_gmt":"2025-07-03T08:24:43","slug":"trump-mamdani-musk-la-citoyennete-comme-arme-politique","status":"publish","type":"post","link":"https:\/\/www.webdo.tn\/fr\/actualite\/international\/trump-mamdani-musk-la-citoyennete-comme-arme-politique\/378909\/","title":{"rendered":"Trump, Mamdani, Musk : La citoyennet\u00e9 comme arme politique"},"content":{"rendered":"\n<p>La pol\u00e9mique enfle aux \u00c9tats-Unis apr\u00e8s que le pr\u00e9sident Donald Trump et certains de ses alli\u00e9s ont ouvertement \u00e9voqu\u00e9 l\u2019id\u00e9e de retirer la citoyennet\u00e9 am\u00e9ricaine \u00e0 Elon Musk et \u00e0 Zohran Mamdani, tous deux naturalis\u00e9s.<\/p>\n\n\n\n<p>La question, aussi choquante soit-elle, est d\u00e9sormais pos\u00e9e : un pr\u00e9sident peut-il l\u00e9galement priver de nationalit\u00e9 deux figures aussi embl\u00e9matiques que l\u2019entrepreneur sud-africain et le jeune \u00e9lu new-yorkais d\u2019origine ougandaise ?<\/p>\n\n\n\n<p>Pour les observateurs qui ont suivi l\u2019ascension politique de Mamdani et les relations orageuses entre Trump et Musk, cette nouvelle sortie pr\u00e9sidentielle ne surprend gu\u00e8re. Mamdani, militant de gauche et fervent soutien de la cause palestinienne, est accus\u00e9 par certains \u00e9lus r\u00e9publicains d\u2019avoir dissimul\u00e9 des positions \u00ab pro-terroristes \u00bb au moment de sa naturalisation. Quant \u00e0 Musk, autrefois proche de Trump, il est d\u00e9sormais critiqu\u00e9 pour ses attaques contre le nouveau budget f\u00e9d\u00e9ral qui supprime des avantages fiscaux \u00e0 Tesla.<\/p>\n\n\n\n<p>Trump a d\u00e9clar\u00e9 qu\u2019\u00ab Elon pourrait bien devoir retourner en Afrique du Sud \u00bb si ses entreprises ne survivent pas sans subventions. Sur Mamdani, il a ironis\u00e9 : \u00ab S\u2019il emp\u00eache les agents de l\u2019ICE de faire leur travail, on devra peut-\u00eatre l\u2019arr\u00eater. \u00bb<\/p>\n\n\n\n<p>Le repr\u00e9sentant r\u00e9publicain Andy Ogles est all\u00e9 plus loin en exigeant l\u2019ouverture d\u2019une proc\u00e9dure de d\u00e9naturalisation contre Mamdani, citant ses d\u00e9clarations de soutien aux \u00ab Holy Land Five \u00bb, condamn\u00e9s pour financement du Hamas.<\/p>\n\n\n\n<p>Pourtant, les experts sont formels : la d\u00e9naturalisation est une proc\u00e9dure rarissime, encadr\u00e9e strictement par la loi. Elle ne peut \u00eatre envisag\u00e9e que si la nationalit\u00e9 a \u00e9t\u00e9 obtenue par fraude manifeste ou dissimulation volontaire d&rsquo;informations majeures.<\/p>\n\n\n\n<p>Michael Kagan, professeur de droit \u00e0 l\u2019Universit\u00e9 du Nevada, estime que les propos de Trump rel\u00e8vent davantage d\u2019une tactique politique que d\u2019une base l\u00e9gale s\u00e9rieuse : \u00ab Il s\u2019agit de rh\u00e9torique d\u2019intimidation, rien de plus. \u00bb<\/p>\n\n\n\n<p>Historiquement, les cas de d\u00e9ch\u00e9ance ont vis\u00e9 des individus impliqu\u00e9s dans des crimes de guerre, du terrorisme ou de la p\u00e9docriminalit\u00e9, et non des opposants politiques ou des entrepreneurs.<\/p>\n\n\n\n<p>Reste que cette s\u00e9quence rappelle les heures sombres du maccarthysme, o\u00f9 la nationalit\u00e9 pouvait \u00eatre utilis\u00e9e comme arme politique. Pour Mamdani, la menace est claire : \u00ab Trump veut m\u2019arr\u00eater, me d\u00e9choir de ma citoyennet\u00e9 et me d\u00e9porter. Non pas parce que j\u2019ai enfreint la loi, mais parce que je m\u2019oppose \u00e0 la terreur d\u2019\u00c9tat. \u00bb<\/p>\n\n\n\n<p>La question reste pos\u00e9e : la citoyennet\u00e9 am\u00e9ricaine est-elle un droit inali\u00e9nable ou un privil\u00e8ge r\u00e9vocable au gr\u00e9 des vents politiques ?<\/p>\n","protected":false},"excerpt":{"rendered":"<p>La pol\u00e9mique enfle aux \u00c9tats-Unis apr\u00e8s que le pr\u00e9sident Donald Trump et certains de ses alli\u00e9s ont ouvertement \u00e9voqu\u00e9 l\u2019id\u00e9e de retirer la citoyennet\u00e9 am\u00e9ricaine \u00e0 Elon Musk et \u00e0 Zohran Mamdani, tous deux naturalis\u00e9s. La question, aussi choquante soit-elle, est d\u00e9sormais pos\u00e9e : un pr\u00e9sident peut-il l\u00e9galement priver de nationalit\u00e9 deux figures aussi embl\u00e9matiques [&hellip;]<\/p>\n","protected":false},"author":4779,"featured_media":378912,"comment_status":"open","ping_status":"open","sticky":false,"template":"","format":"standard","meta":{"footnotes":""},"categories":[2598],"tags":[4134,3035,8845,3309,12092],"class_list":["post-378909","post","type-post","status-publish","format-standard","has-post-thumbnail","hentry","category-international","tag-elon-musk","tag-etats-unis","tag-nationalite","tag-trump","tag-zohran-mamdani"],"yoast_head":"<!-- This site is optimized with the Yoast SEO Premium plugin v27.5 (Yoast SEO v27.5) - https:\/\/yoast.com\/product\/yoast-seo-premium-wordpress\/ -->\n<title>Trump, Mamdani, Musk : La citoyennet\u00e9 comme arme politique - webdo<\/title>\n<meta name=\"description\" content=\"D\u00e9couvrez comment Trump, Mamdani et Musk s&#039;affrontent sur la citoyennet\u00e9 comme arme politique aux \u00c9tats-Unis.\" \/>\n<link rel=\"canonical\" href=\"https:\/\/www.webdo.tn\/fr\/actualite\/international\/trump-mamdani-musk-la-citoyennete-comme-arme-politique\/378909\/\" \/>\n<meta property=\"og:locale\" content=\"fr_FR\" \/>\n<meta property=\"og:type\" content=\"article\" \/>\n<meta property=\"og:title\" content=\"Trump, Mamdani, Musk : La citoyennet\u00e9 comme arme politique\" \/>\n<meta property=\"og:description\" content=\"D\u00e9couvrez comment Trump, Mamdani et Musk s&#039;affrontent sur la citoyennet\u00e9 comme arme politique aux \u00c9tats-Unis.\" \/>\n<meta property=\"og:url\" content=\"https:\/\/www.webdo.tn\/fr\/actualite\/international\/trump-mamdani-musk-la-citoyennete-comme-arme-politique\/378909\/\" \/>\n<meta property=\"og:site_name\" content=\"webdo\" \/>\n<meta property=\"article:publisher\" content=\"https:\/\/www.facebook.com\/webdotn\" \/>\n<meta property=\"article:published_time\" content=\"2025-07-03T08:24:01+00:00\" \/>\n<meta property=\"article:modified_time\" content=\"2025-07-03T08:24:43+00:00\" \/>\n<meta property=\"og:image\" content=\"https:\/\/www.webdo.tn\/fr\/wp-content\/uploads\/2025\/07\/Trump-Mamdani-Musk.jpg\" \/>\n\t<meta property=\"og:image:width\" content=\"962\" \/>\n\t<meta property=\"og:image:height\" content=\"614\" \/>\n\t<meta property=\"og:image:type\" content=\"image\/jpeg\" \/>\n<meta name=\"author\" content=\"Firas Ben Abdeltif\" \/>\n<meta name=\"twitter:card\" content=\"summary_large_image\" \/>\n<meta name=\"twitter:creator\" content=\"@webdo_tn\" \/>\n<meta name=\"twitter:site\" content=\"@webdo_tn\" \/>\n<meta name=\"twitter:label1\" content=\"\u00c9crit par\" \/>\n\t<meta name=\"twitter:data1\" content=\"Firas Ben Abdeltif\" \/>\n\t<meta name=\"twitter:label2\" content=\"Dur\u00e9e de lecture estim\u00e9e\" \/>\n\t<meta name=\"twitter:data2\" content=\"3 minutes\" \/>\n<script type=\"application\/ld+json\" class=\"yoast-schema-graph\">{\"@context\":\"https:\\\/\\\/schema.org\",\"@graph\":[{\"@type\":\"NewsArticle\",\"@id\":\"https:\\\/\\\/www.webdo.tn\\\/fr\\\/actualite\\\/international\\\/trump-mamdani-musk-la-citoyennete-comme-arme-politique\\\/378909\\\/#article\",\"isPartOf\":{\"@id\":\"https:\\\/\\\/www.webdo.tn\\\/fr\\\/actualite\\\/international\\\/trump-mamdani-musk-la-citoyennete-comme-arme-politique\\\/378909\\\/\"},\"author\":{\"name\":\"Firas Ben Abdeltif\",\"@id\":\"https:\\\/\\\/www.webdo.tn\\\/fr\\\/#\\\/schema\\\/person\\\/19664196c9bfdcda126f3c27709f7d11\"},\"headline\":\"Trump, Mamdani, Musk : La citoyennet\u00e9 comme arme politique\",\"datePublished\":\"2025-07-03T08:24:01+00:00\",\"dateModified\":\"2025-07-03T08:24:43+00:00\",\"mainEntityOfPage\":{\"@id\":\"https:\\\/\\\/www.webdo.tn\\\/fr\\\/actualite\\\/international\\\/trump-mamdani-musk-la-citoyennete-comme-arme-politique\\\/378909\\\/\"},\"wordCount\":457,\"commentCount\":0,\"publisher\":{\"@id\":\"https:\\\/\\\/www.webdo.tn\\\/fr\\\/#organization\"},\"image\":{\"@id\":\"https:\\\/\\\/www.webdo.tn\\\/fr\\\/actualite\\\/international\\\/trump-mamdani-musk-la-citoyennete-comme-arme-politique\\\/378909\\\/#primaryimage\"},\"thumbnailUrl\":\"https:\\\/\\\/www.webdo.tn\\\/fr\\\/wp-content\\\/uploads\\\/2025\\\/07\\\/Trump-Mamdani-Musk.jpg\",\"keywords\":[\"Elon Musk\",\"Etats-Unis\",\"nationalit\u00e9\",\"trump\",\"Zohran Mamdani\"],\"articleSection\":[\"International\"],\"inLanguage\":\"fr-FR\"},{\"@type\":\"WebPage\",\"@id\":\"https:\\\/\\\/www.webdo.tn\\\/fr\\\/actualite\\\/international\\\/trump-mamdani-musk-la-citoyennete-comme-arme-politique\\\/378909\\\/\",\"url\":\"https:\\\/\\\/www.webdo.tn\\\/fr\\\/actualite\\\/international\\\/trump-mamdani-musk-la-citoyennete-comme-arme-politique\\\/378909\\\/\",\"name\":\"Trump, Mamdani, Musk : La citoyennet\u00e9 comme arme politique - webdo\",\"isPartOf\":{\"@id\":\"https:\\\/\\\/www.webdo.tn\\\/fr\\\/#website\"},\"primaryImageOfPage\":{\"@id\":\"https:\\\/\\\/www.webdo.tn\\\/fr\\\/actualite\\\/international\\\/trump-mamdani-musk-la-citoyennete-comme-arme-politique\\\/378909\\\/#primaryimage\"},\"image\":{\"@id\":\"https:\\\/\\\/www.webdo.tn\\\/fr\\\/actualite\\\/international\\\/trump-mamdani-musk-la-citoyennete-comme-arme-politique\\\/378909\\\/#primaryimage\"},\"thumbnailUrl\":\"https:\\\/\\\/www.webdo.tn\\\/fr\\\/wp-content\\\/uploads\\\/2025\\\/07\\\/Trump-Mamdani-Musk.jpg\",\"datePublished\":\"2025-07-03T08:24:01+00:00\",\"dateModified\":\"2025-07-03T08:24:43+00:00\",\"description\":\"D\u00e9couvrez comment Trump, Mamdani et Musk s'affrontent sur la citoyennet\u00e9 comme arme politique aux \u00c9tats-Unis.\",\"breadcrumb\":{\"@id\":\"https:\\\/\\\/www.webdo.tn\\\/fr\\\/actualite\\\/international\\\/trump-mamdani-musk-la-citoyennete-comme-arme-politique\\\/378909\\\/#breadcrumb\"},\"inLanguage\":\"fr-FR\",\"potentialAction\":[{\"@type\":\"ReadAction\",\"target\":[\"https:\\\/\\\/www.webdo.tn\\\/fr\\\/actualite\\\/international\\\/trump-mamdani-musk-la-citoyennete-comme-arme-politique\\\/378909\\\/\"]}]},{\"@type\":\"ImageObject\",\"inLanguage\":\"fr-FR\",\"@id\":\"https:\\\/\\\/www.webdo.tn\\\/fr\\\/actualite\\\/international\\\/trump-mamdani-musk-la-citoyennete-comme-arme-politique\\\/378909\\\/#primaryimage\",\"url\":\"https:\\\/\\\/www.webdo.tn\\\/fr\\\/wp-content\\\/uploads\\\/2025\\\/07\\\/Trump-Mamdani-Musk.jpg\",\"contentUrl\":\"https:\\\/\\\/www.webdo.tn\\\/fr\\\/wp-content\\\/uploads\\\/2025\\\/07\\\/Trump-Mamdani-Musk.jpg\",\"width\":962,\"height\":614,\"caption\":\"Zohran Mamdani et Elon Musk, tous deux citoyens naturalis\u00e9s, vis\u00e9s par des menaces de d\u00e9ch\u00e9ance de nationalit\u00e9.\"},{\"@type\":\"BreadcrumbList\",\"@id\":\"https:\\\/\\\/www.webdo.tn\\\/fr\\\/actualite\\\/international\\\/trump-mamdani-musk-la-citoyennete-comme-arme-politique\\\/378909\\\/#breadcrumb\",\"itemListElement\":[{\"@type\":\"ListItem\",\"position\":1,\"name\":\"Accueil\",\"item\":\"https:\\\/\\\/www.webdo.tn\\\/fr\\\/\"},{\"@type\":\"ListItem\",\"position\":2,\"name\":\"Trump, Mamdani, Musk : La citoyennet\u00e9 comme arme politique\"}]},{\"@type\":\"WebSite\",\"@id\":\"https:\\\/\\\/www.webdo.tn\\\/fr\\\/#website\",\"url\":\"https:\\\/\\\/www.webdo.tn\\\/fr\\\/\",\"name\":\"webdo\",\"description\":\"Tunisie - News en Tunisie et \u00e0 l&#039;international sur Webdo.tn\",\"publisher\":{\"@id\":\"https:\\\/\\\/www.webdo.tn\\\/fr\\\/#organization\"},\"potentialAction\":[{\"@type\":\"SearchAction\",\"target\":{\"@type\":\"EntryPoint\",\"urlTemplate\":\"https:\\\/\\\/www.webdo.tn\\\/fr\\\/?s={search_term_string}\"},\"query-input\":{\"@type\":\"PropertyValueSpecification\",\"valueRequired\":true,\"valueName\":\"search_term_string\"}}],\"inLanguage\":\"fr-FR\"},{\"@type\":\"Organization\",\"@id\":\"https:\\\/\\\/www.webdo.tn\\\/fr\\\/#organization\",\"name\":\"Webdo\",\"alternateName\":\"Webdo.tn\",\"url\":\"https:\\\/\\\/www.webdo.tn\\\/fr\\\/\",\"logo\":{\"@type\":\"ImageObject\",\"inLanguage\":\"fr-FR\",\"@id\":\"https:\\\/\\\/www.webdo.tn\\\/fr\\\/#\\\/schema\\\/logo\\\/image\\\/\",\"url\":\"https:\\\/\\\/www.webdo.tn\\\/fr\\\/wp-content\\\/uploads\\\/2025\\\/06\\\/Webdo-Tunisie_168377.jpg\",\"contentUrl\":\"https:\\\/\\\/www.webdo.tn\\\/fr\\\/wp-content\\\/uploads\\\/2025\\\/06\\\/Webdo-Tunisie_168377.jpg\",\"width\":301,\"height\":301,\"caption\":\"Webdo\"},\"image\":{\"@id\":\"https:\\\/\\\/www.webdo.tn\\\/fr\\\/#\\\/schema\\\/logo\\\/image\\\/\"},\"sameAs\":[\"https:\\\/\\\/www.facebook.com\\\/webdotn\",\"https:\\\/\\\/x.com\\\/webdo_tn\"],\"description\":\"Webdo est un m\u00e9dia num\u00e9rique tunisien fond\u00e9 en 2010, sp\u00e9cialis\u00e9 dans l\u2019actualit\u00e9 nationale et internationale, l\u2019\u00e9conomie, la soci\u00e9t\u00e9 et les analyses politiques. Le site s\u2019adresse \u00e0 un large public francophone et couvre l\u2019information tunisienne en temps r\u00e9el.\",\"email\":\"redac@webdo.tn\",\"legalName\":\"YNJ SARL\",\"foundingDate\":\"2010-09-06\",\"numberOfEmployees\":{\"@type\":\"QuantitativeValue\",\"minValue\":\"11\",\"maxValue\":\"50\"}},{\"@type\":\"Person\",\"@id\":\"https:\\\/\\\/www.webdo.tn\\\/fr\\\/#\\\/schema\\\/person\\\/19664196c9bfdcda126f3c27709f7d11\",\"name\":\"Firas Ben Abdeltif\",\"image\":{\"@type\":\"ImageObject\",\"inLanguage\":\"fr-FR\",\"@id\":\"https:\\\/\\\/secure.gravatar.com\\\/avatar\\\/161a347d40df098a084778c52ed133dbd85f14df003867067c5948081241ec55?s=96&d=mm&r=g\",\"url\":\"https:\\\/\\\/secure.gravatar.com\\\/avatar\\\/161a347d40df098a084778c52ed133dbd85f14df003867067c5948081241ec55?s=96&d=mm&r=g\",\"contentUrl\":\"https:\\\/\\\/secure.gravatar.com\\\/avatar\\\/161a347d40df098a084778c52ed133dbd85f14df003867067c5948081241ec55?s=96&d=mm&r=g\",\"caption\":\"Firas Ben Abdeltif\"},\"url\":\"https:\\\/\\\/www.webdo.tn\\\/fr\\\/actualite\\\/author\\\/firas-ben-abdeltif\\\/\"}]}<\/script>\n<!-- \/ Yoast SEO Premium plugin. -->","yoast_head_json":{"title":"Trump, Mamdani, Musk : La citoyennet\u00e9 comme arme politique - webdo","description":"D\u00e9couvrez comment Trump, Mamdani et Musk s'affrontent sur la citoyennet\u00e9 comme arme politique aux \u00c9tats-Unis.","canonical":"https:\/\/www.webdo.tn\/fr\/actualite\/international\/trump-mamdani-musk-la-citoyennete-comme-arme-politique\/378909\/","og_locale":"fr_FR","og_type":"article","og_title":"Trump, Mamdani, Musk : La citoyennet\u00e9 comme arme politique","og_description":"D\u00e9couvrez comment Trump, Mamdani et Musk s'affrontent sur la citoyennet\u00e9 comme arme politique aux \u00c9tats-Unis.","og_url":"https:\/\/www.webdo.tn\/fr\/actualite\/international\/trump-mamdani-musk-la-citoyennete-comme-arme-politique\/378909\/","og_site_name":"webdo","article_publisher":"https:\/\/www.facebook.com\/webdotn","article_published_time":"2025-07-03T08:24:01+00:00","article_modified_time":"2025-07-03T08:24:43+00:00","og_image":[{"width":962,"height":614,"url":"https:\/\/www.webdo.tn\/fr\/wp-content\/uploads\/2025\/07\/Trump-Mamdani-Musk.jpg","type":"image\/jpeg"}],"author":"Firas Ben Abdeltif","twitter_card":"summary_large_image","twitter_creator":"@webdo_tn","twitter_site":"@webdo_tn","twitter_misc":{"\u00c9crit par":"Firas Ben Abdeltif","Dur\u00e9e de lecture estim\u00e9e":"3 minutes"},"schema":{"@context":"https:\/\/schema.org","@graph":[{"@type":"NewsArticle","@id":"https:\/\/www.webdo.tn\/fr\/actualite\/international\/trump-mamdani-musk-la-citoyennete-comme-arme-politique\/378909\/#article","isPartOf":{"@id":"https:\/\/www.webdo.tn\/fr\/actualite\/international\/trump-mamdani-musk-la-citoyennete-comme-arme-politique\/378909\/"},"author":{"name":"Firas Ben Abdeltif","@id":"https:\/\/www.webdo.tn\/fr\/#\/schema\/person\/19664196c9bfdcda126f3c27709f7d11"},"headline":"Trump, Mamdani, Musk : La citoyennet\u00e9 comme arme politique","datePublished":"2025-07-03T08:24:01+00:00","dateModified":"2025-07-03T08:24:43+00:00","mainEntityOfPage":{"@id":"https:\/\/www.webdo.tn\/fr\/actualite\/international\/trump-mamdani-musk-la-citoyennete-comme-arme-politique\/378909\/"},"wordCount":457,"commentCount":0,"publisher":{"@id":"https:\/\/www.webdo.tn\/fr\/#organization"},"image":{"@id":"https:\/\/www.webdo.tn\/fr\/actualite\/international\/trump-mamdani-musk-la-citoyennete-comme-arme-politique\/378909\/#primaryimage"},"thumbnailUrl":"https:\/\/www.webdo.tn\/fr\/wp-content\/uploads\/2025\/07\/Trump-Mamdani-Musk.jpg","keywords":["Elon Musk","Etats-Unis","nationalit\u00e9","trump","Zohran Mamdani"],"articleSection":["International"],"inLanguage":"fr-FR"},{"@type":"WebPage","@id":"https:\/\/www.webdo.tn\/fr\/actualite\/international\/trump-mamdani-musk-la-citoyennete-comme-arme-politique\/378909\/","url":"https:\/\/www.webdo.tn\/fr\/actualite\/international\/trump-mamdani-musk-la-citoyennete-comme-arme-politique\/378909\/","name":"Trump, Mamdani, Musk : La citoyennet\u00e9 comme arme politique - webdo","isPartOf":{"@id":"https:\/\/www.webdo.tn\/fr\/#website"},"primaryImageOfPage":{"@id":"https:\/\/www.webdo.tn\/fr\/actualite\/international\/trump-mamdani-musk-la-citoyennete-comme-arme-politique\/378909\/#primaryimage"},"image":{"@id":"https:\/\/www.webdo.tn\/fr\/actualite\/international\/trump-mamdani-musk-la-citoyennete-comme-arme-politique\/378909\/#primaryimage"},"thumbnailUrl":"https:\/\/www.webdo.tn\/fr\/wp-content\/uploads\/2025\/07\/Trump-Mamdani-Musk.jpg","datePublished":"2025-07-03T08:24:01+00:00","dateModified":"2025-07-03T08:24:43+00:00","description":"D\u00e9couvrez comment Trump, Mamdani et Musk s'affrontent sur la citoyennet\u00e9 comme arme politique aux \u00c9tats-Unis.","breadcrumb":{"@id":"https:\/\/www.webdo.tn\/fr\/actualite\/international\/trump-mamdani-musk-la-citoyennete-comme-arme-politique\/378909\/#breadcrumb"},"inLanguage":"fr-FR","potentialAction":[{"@type":"ReadAction","target":["https:\/\/www.webdo.tn\/fr\/actualite\/international\/trump-mamdani-musk-la-citoyennete-comme-arme-politique\/378909\/"]}]},{"@type":"ImageObject","inLanguage":"fr-FR","@id":"https:\/\/www.webdo.tn\/fr\/actualite\/international\/trump-mamdani-musk-la-citoyennete-comme-arme-politique\/378909\/#primaryimage","url":"https:\/\/www.webdo.tn\/fr\/wp-content\/uploads\/2025\/07\/Trump-Mamdani-Musk.jpg","contentUrl":"https:\/\/www.webdo.tn\/fr\/wp-content\/uploads\/2025\/07\/Trump-Mamdani-Musk.jpg","width":962,"height":614,"caption":"Zohran Mamdani et Elon Musk, tous deux citoyens naturalis\u00e9s, vis\u00e9s par des menaces de d\u00e9ch\u00e9ance de nationalit\u00e9."},{"@type":"BreadcrumbList","@id":"https:\/\/www.webdo.tn\/fr\/actualite\/international\/trump-mamdani-musk-la-citoyennete-comme-arme-politique\/378909\/#breadcrumb","itemListElement":[{"@type":"ListItem","position":1,"name":"Accueil","item":"https:\/\/www.webdo.tn\/fr\/"},{"@type":"ListItem","position":2,"name":"Trump, Mamdani, Musk : La citoyennet\u00e9 comme arme politique"}]},{"@type":"WebSite","@id":"https:\/\/www.webdo.tn\/fr\/#website","url":"https:\/\/www.webdo.tn\/fr\/","name":"webdo","description":"Tunisie - News en Tunisie et \u00e0 l&#039;international sur Webdo.tn","publisher":{"@id":"https:\/\/www.webdo.tn\/fr\/#organization"},"potentialAction":[{"@type":"SearchAction","target":{"@type":"EntryPoint","urlTemplate":"https:\/\/www.webdo.tn\/fr\/?s={search_term_string}"},"query-input":{"@type":"PropertyValueSpecification","valueRequired":true,"valueName":"search_term_string"}}],"inLanguage":"fr-FR"},{"@type":"Organization","@id":"https:\/\/www.webdo.tn\/fr\/#organization","name":"Webdo","alternateName":"Webdo.tn","url":"https:\/\/www.webdo.tn\/fr\/","logo":{"@type":"ImageObject","inLanguage":"fr-FR","@id":"https:\/\/www.webdo.tn\/fr\/#\/schema\/logo\/image\/","url":"https:\/\/www.webdo.tn\/fr\/wp-content\/uploads\/2025\/06\/Webdo-Tunisie_168377.jpg","contentUrl":"https:\/\/www.webdo.tn\/fr\/wp-content\/uploads\/2025\/06\/Webdo-Tunisie_168377.jpg","width":301,"height":301,"caption":"Webdo"},"image":{"@id":"https:\/\/www.webdo.tn\/fr\/#\/schema\/logo\/image\/"},"sameAs":["https:\/\/www.facebook.com\/webdotn","https:\/\/x.com\/webdo_tn"],"description":"Webdo est un m\u00e9dia num\u00e9rique tunisien fond\u00e9 en 2010, sp\u00e9cialis\u00e9 dans l\u2019actualit\u00e9 nationale et internationale, l\u2019\u00e9conomie, la soci\u00e9t\u00e9 et les analyses politiques. Le site s\u2019adresse \u00e0 un large public francophone et couvre l\u2019information tunisienne en temps r\u00e9el.","email":"redac@webdo.tn","legalName":"YNJ SARL","foundingDate":"2010-09-06","numberOfEmployees":{"@type":"QuantitativeValue","minValue":"11","maxValue":"50"}},{"@type":"Person","@id":"https:\/\/www.webdo.tn\/fr\/#\/schema\/person\/19664196c9bfdcda126f3c27709f7d11","name":"Firas Ben Abdeltif","image":{"@type":"ImageObject","inLanguage":"fr-FR","@id":"https:\/\/secure.gravatar.com\/avatar\/161a347d40df098a084778c52ed133dbd85f14df003867067c5948081241ec55?s=96&d=mm&r=g","url":"https:\/\/secure.gravatar.com\/avatar\/161a347d40df098a084778c52ed133dbd85f14df003867067c5948081241ec55?s=96&d=mm&r=g","contentUrl":"https:\/\/secure.gravatar.com\/avatar\/161a347d40df098a084778c52ed133dbd85f14df003867067c5948081241ec55?s=96&d=mm&r=g","caption":"Firas Ben Abdeltif"},"url":"https:\/\/www.webdo.tn\/fr\/actualite\/author\/firas-ben-abdeltif\/"}]}},"_links":{"self":[{"href":"https:\/\/www.webdo.tn\/fr\/wp-json\/wp\/v2\/posts\/378909","targetHints":{"allow":["GET"]}}],"collection":[{"href":"https:\/\/www.webdo.tn\/fr\/wp-json\/wp\/v2\/posts"}],"about":[{"href":"https:\/\/www.webdo.tn\/fr\/wp-json\/wp\/v2\/types\/post"}],"author":[{"embeddable":true,"href":"https:\/\/www.webdo.tn\/fr\/wp-json\/wp\/v2\/users\/4779"}],"replies":[{"embeddable":true,"href":"https:\/\/www.webdo.tn\/fr\/wp-json\/wp\/v2\/comments?post=378909"}],"version-history":[{"count":0,"href":"https:\/\/www.webdo.tn\/fr\/wp-json\/wp\/v2\/posts\/378909\/revisions"}],"wp:featuredmedia":[{"embeddable":true,"href":"https:\/\/www.webdo.tn\/fr\/wp-json\/wp\/v2\/media\/378912"}],"wp:attachment":[{"href":"https:\/\/www.webdo.tn\/fr\/wp-json\/wp\/v2\/media?parent=378909"}],"wp:term":[{"taxonomy":"category","embeddable":true,"href":"https:\/\/www.webdo.tn\/fr\/wp-json\/wp\/v2\/categories?post=378909"},{"taxonomy":"post_tag","embeddable":true,"href":"https:\/\/www.webdo.tn\/fr\/wp-json\/wp\/v2\/tags?post=378909"}],"curies":[{"name":"wp","href":"https:\/\/api.w.org\/{rel}","templated":true}]}}