{"id":378898,"date":"2025-07-03T06:52:01","date_gmt":"2025-07-03T05:52:01","guid":{"rendered":"https:\/\/www.webdo.tn\/fr\/?p=378898"},"modified":"2025-07-03T06:52:05","modified_gmt":"2025-07-03T05:52:05","slug":"tunisie-saied-ordonne-la-restructuration-des-institutions-deficitaires-et-leviction-des-responsables","status":"publish","type":"post","link":"https:\/\/www.webdo.tn\/fr\/actualite\/national\/tunisie-saied-ordonne-la-restructuration-des-institutions-deficitaires-et-leviction-des-responsables\/378898\/","title":{"rendered":"Tunisie : Sa\u00efed ordonne la restructuration des institutions d\u00e9ficitaires et l\u2019\u00e9viction des responsables"},"content":{"rendered":"\n<p>Lors d\u2019une r\u00e9union tenue ce mercredi 2 juillet 2025 au Palais de Carthage, le pr\u00e9sident de la R\u00e9publique Ka\u00efs Sa\u00efed a re\u00e7u la cheffe du gouvernement, Mme Sarra Za\u00e2frani Zenzri, pour faire le point sur sa r\u00e9cente participation au 4e Forum international sur le financement du d\u00e9veloppement, organis\u00e9 \u00e0 S\u00e9ville, en Espagne.<\/p>\n\n\n\n<p>S\u2019il a salu\u00e9 l\u2019\u00e9cho favorable donn\u00e9 \u00e0 la voix de la Tunisie sur la sc\u00e8ne internationale, le chef de l\u2019\u00c9tat a surtout insist\u00e9 sur la n\u00e9cessit\u00e9 de refonder en profondeur l\u2019appareil \u00e9conomique national, en s\u2019appuyant avant tout sur les ressources propres du pays et en \u00e9vitant toute forme de d\u00e9pendance ext\u00e9rieure. \u00ab La coop\u00e9ration ne peut se faire que sur la base de l\u2019\u00e9galit\u00e9 entre les partenaires, dans le respect total de la souverainet\u00e9 nationale \u00bb, a-t-il martel\u00e9.<\/p>\n\n\n\n<p>Mais c\u2019est sur le terrain int\u00e9rieur que Ka\u00efs Sa\u00efed a donn\u00e9 ses instructions les plus fermes :<\/p>\n\n\n\n<blockquote class=\"wp-block-quote is-layout-flow wp-block-quote-is-layout-flow\">\n<p><strong>\u00ab Il faut restructurer d\u2019urgence les institutions qui saignent les finances publiques et trouver des solutions nationales, radicales, et adapt\u00e9es \u00e0 chaque secteur. \u00bb<\/strong><\/p>\n<\/blockquote>\n\n\n\n<p>Dans un ton r\u00e9solument tranchant, il a ordonn\u00e9 <strong>l\u2019\u00e9viction syst\u00e9matique de toute personne n\u2019ayant pas \u00e9t\u00e9 \u00e0 la hauteur de ses responsabilit\u00e9s<\/strong>, appelant \u00e0 remplacer les profils passifs ou d\u00e9faillants par des Tunisiens anim\u00e9s d\u2019un v\u00e9ritable sens de l\u2019engagement, quitte \u00e0 ce qu\u2019ils manquent d\u2019exp\u00e9rience technique.<\/p>\n\n\n\n<p>Cette volont\u00e9 de r\u00e9former s\u2019inscrit dans ce que le pr\u00e9sident qualifie de <em>\u00ab combat de lib\u00e9ration national \u00bb<\/em>, qu\u2019il oppose aux r\u00e9sistances internes et aux pesanteurs bureaucratiques. \u00ab Les vraies batailles se m\u00e8nent dans l\u2019ombre, jour et nuit, pour r\u00e9pondre aux attentes du peuple tunisien \u00bb, a-t-il ajout\u00e9, dans une formule marqu\u00e9e par un ton accessible et direct, fid\u00e8le \u00e0 son style.<\/p>\n","protected":false},"excerpt":{"rendered":"<p>Lors d\u2019une r\u00e9union tenue ce mercredi 2 juillet 2025 au Palais de Carthage, le pr\u00e9sident de la R\u00e9publique Ka\u00efs Sa\u00efed a re\u00e7u la cheffe du gouvernement, Mme Sarra Za\u00e2frani Zenzri, pour faire le point sur sa r\u00e9cente participation au 4e Forum international sur le financement du d\u00e9veloppement, organis\u00e9 \u00e0 S\u00e9ville, en Espagne. S\u2019il a salu\u00e9 [&hellip;]<\/p>\n","protected":false},"author":4779,"featured_media":378900,"comment_status":"open","ping_status":"open","sticky":false,"template":"","format":"standard","meta":{"footnotes":""},"categories":[44],"tags":[2614,2608],"class_list":["post-378898","post","type-post","status-publish","format-standard","has-post-thumbnail","hentry","category-national","tag-kais-saied","tag-tunisie"],"yoast_head":"<!-- This site is optimized with the Yoast SEO Premium plugin v27.5 (Yoast SEO v27.5) - https:\/\/yoast.com\/product\/yoast-seo-premium-wordpress\/ -->\n<title>Tunisie : Sa\u00efed ordonne la restructuration des institutions d\u00e9ficitaires et l\u2019\u00e9viction des responsables - webdo<\/title>\n<meta name=\"description\" content=\"Ka\u00efs Sa\u00efed ordonne la restructuration des institutions d\u00e9ficitaires en Tunisie pour renforcer l&#039;\u00e9conomie nationale.\" \/>\n<link rel=\"canonical\" href=\"https:\/\/www.webdo.tn\/fr\/actualite\/national\/tunisie-saied-ordonne-la-restructuration-des-institutions-deficitaires-et-leviction-des-responsables\/378898\/\" \/>\n<meta property=\"og:locale\" content=\"fr_FR\" \/>\n<meta property=\"og:type\" content=\"article\" \/>\n<meta property=\"og:title\" content=\"Tunisie : Sa\u00efed ordonne la restructuration des institutions d\u00e9ficitaires et l\u2019\u00e9viction des responsables\" \/>\n<meta property=\"og:description\" content=\"Ka\u00efs Sa\u00efed ordonne la restructuration des institutions d\u00e9ficitaires en Tunisie pour renforcer l&#039;\u00e9conomie nationale.\" \/>\n<meta property=\"og:url\" content=\"https:\/\/www.webdo.tn\/fr\/actualite\/national\/tunisie-saied-ordonne-la-restructuration-des-institutions-deficitaires-et-leviction-des-responsables\/378898\/\" \/>\n<meta property=\"og:site_name\" content=\"webdo\" \/>\n<meta property=\"article:publisher\" content=\"https:\/\/www.facebook.com\/webdotn\" \/>\n<meta property=\"article:published_time\" content=\"2025-07-03T05:52:01+00:00\" \/>\n<meta property=\"article:modified_time\" content=\"2025-07-03T05:52:05+00:00\" \/>\n<meta property=\"og:image\" content=\"https:\/\/www.webdo.tn\/fr\/wp-content\/uploads\/2025\/07\/saied-zenzri-2-juillet-2025.jpg\" \/>\n\t<meta property=\"og:image:width\" content=\"808\" \/>\n\t<meta property=\"og:image:height\" content=\"540\" \/>\n\t<meta property=\"og:image:type\" content=\"image\/jpeg\" \/>\n<meta name=\"author\" content=\"Firas Ben Abdeltif\" \/>\n<meta name=\"twitter:card\" content=\"summary_large_image\" \/>\n<meta name=\"twitter:creator\" content=\"@webdo_tn\" \/>\n<meta name=\"twitter:site\" content=\"@webdo_tn\" \/>\n<meta name=\"twitter:label1\" content=\"\u00c9crit par\" \/>\n\t<meta name=\"twitter:data1\" content=\"Firas Ben Abdeltif\" \/>\n\t<meta name=\"twitter:label2\" content=\"Dur\u00e9e de lecture estim\u00e9e\" \/>\n\t<meta name=\"twitter:data2\" content=\"2 minutes\" \/>\n<script type=\"application\/ld+json\" class=\"yoast-schema-graph\">{\"@context\":\"https:\\\/\\\/schema.org\",\"@graph\":[{\"@type\":\"NewsArticle\",\"@id\":\"https:\\\/\\\/www.webdo.tn\\\/fr\\\/actualite\\\/national\\\/tunisie-saied-ordonne-la-restructuration-des-institutions-deficitaires-et-leviction-des-responsables\\\/378898\\\/#article\",\"isPartOf\":{\"@id\":\"https:\\\/\\\/www.webdo.tn\\\/fr\\\/actualite\\\/national\\\/tunisie-saied-ordonne-la-restructuration-des-institutions-deficitaires-et-leviction-des-responsables\\\/378898\\\/\"},\"author\":{\"name\":\"Firas Ben Abdeltif\",\"@id\":\"https:\\\/\\\/www.webdo.tn\\\/fr\\\/#\\\/schema\\\/person\\\/19664196c9bfdcda126f3c27709f7d11\"},\"headline\":\"Tunisie : Sa\u00efed ordonne la restructuration des institutions d\u00e9ficitaires et l\u2019\u00e9viction des responsables\",\"datePublished\":\"2025-07-03T05:52:01+00:00\",\"dateModified\":\"2025-07-03T05:52:05+00:00\",\"mainEntityOfPage\":{\"@id\":\"https:\\\/\\\/www.webdo.tn\\\/fr\\\/actualite\\\/national\\\/tunisie-saied-ordonne-la-restructuration-des-institutions-deficitaires-et-leviction-des-responsables\\\/378898\\\/\"},\"wordCount\":328,\"commentCount\":0,\"publisher\":{\"@id\":\"https:\\\/\\\/www.webdo.tn\\\/fr\\\/#organization\"},\"image\":{\"@id\":\"https:\\\/\\\/www.webdo.tn\\\/fr\\\/actualite\\\/national\\\/tunisie-saied-ordonne-la-restructuration-des-institutions-deficitaires-et-leviction-des-responsables\\\/378898\\\/#primaryimage\"},\"thumbnailUrl\":\"https:\\\/\\\/www.webdo.tn\\\/fr\\\/wp-content\\\/uploads\\\/2025\\\/07\\\/saied-zenzri-2-juillet-2025.jpg\",\"keywords\":[\"Kais Saied\",\"Tunisie\"],\"articleSection\":[\"National\"],\"inLanguage\":\"fr-FR\"},{\"@type\":\"WebPage\",\"@id\":\"https:\\\/\\\/www.webdo.tn\\\/fr\\\/actualite\\\/national\\\/tunisie-saied-ordonne-la-restructuration-des-institutions-deficitaires-et-leviction-des-responsables\\\/378898\\\/\",\"url\":\"https:\\\/\\\/www.webdo.tn\\\/fr\\\/actualite\\\/national\\\/tunisie-saied-ordonne-la-restructuration-des-institutions-deficitaires-et-leviction-des-responsables\\\/378898\\\/\",\"name\":\"Tunisie : Sa\u00efed ordonne la restructuration des institutions d\u00e9ficitaires et l\u2019\u00e9viction des responsables - webdo\",\"isPartOf\":{\"@id\":\"https:\\\/\\\/www.webdo.tn\\\/fr\\\/#website\"},\"primaryImageOfPage\":{\"@id\":\"https:\\\/\\\/www.webdo.tn\\\/fr\\\/actualite\\\/national\\\/tunisie-saied-ordonne-la-restructuration-des-institutions-deficitaires-et-leviction-des-responsables\\\/378898\\\/#primaryimage\"},\"image\":{\"@id\":\"https:\\\/\\\/www.webdo.tn\\\/fr\\\/actualite\\\/national\\\/tunisie-saied-ordonne-la-restructuration-des-institutions-deficitaires-et-leviction-des-responsables\\\/378898\\\/#primaryimage\"},\"thumbnailUrl\":\"https:\\\/\\\/www.webdo.tn\\\/fr\\\/wp-content\\\/uploads\\\/2025\\\/07\\\/saied-zenzri-2-juillet-2025.jpg\",\"datePublished\":\"2025-07-03T05:52:01+00:00\",\"dateModified\":\"2025-07-03T05:52:05+00:00\",\"description\":\"Ka\u00efs Sa\u00efed ordonne la restructuration des institutions d\u00e9ficitaires en Tunisie pour renforcer l'\u00e9conomie nationale.\",\"breadcrumb\":{\"@id\":\"https:\\\/\\\/www.webdo.tn\\\/fr\\\/actualite\\\/national\\\/tunisie-saied-ordonne-la-restructuration-des-institutions-deficitaires-et-leviction-des-responsables\\\/378898\\\/#breadcrumb\"},\"inLanguage\":\"fr-FR\",\"potentialAction\":[{\"@type\":\"ReadAction\",\"target\":[\"https:\\\/\\\/www.webdo.tn\\\/fr\\\/actualite\\\/national\\\/tunisie-saied-ordonne-la-restructuration-des-institutions-deficitaires-et-leviction-des-responsables\\\/378898\\\/\"]}]},{\"@type\":\"ImageObject\",\"inLanguage\":\"fr-FR\",\"@id\":\"https:\\\/\\\/www.webdo.tn\\\/fr\\\/actualite\\\/national\\\/tunisie-saied-ordonne-la-restructuration-des-institutions-deficitaires-et-leviction-des-responsables\\\/378898\\\/#primaryimage\",\"url\":\"https:\\\/\\\/www.webdo.tn\\\/fr\\\/wp-content\\\/uploads\\\/2025\\\/07\\\/saied-zenzri-2-juillet-2025.jpg\",\"contentUrl\":\"https:\\\/\\\/www.webdo.tn\\\/fr\\\/wp-content\\\/uploads\\\/2025\\\/07\\\/saied-zenzri-2-juillet-2025.jpg\",\"width\":808,\"height\":540,\"caption\":\"Ka\u00efs Sa\u00efed, pr\u00e9sident de la R\u00e9publique, en r\u00e9union avec la cheffe du gouvernement Sarra Za\u00e2frani Zenzri au Palais de Carthage, le 2 juillet 2025\"},{\"@type\":\"BreadcrumbList\",\"@id\":\"https:\\\/\\\/www.webdo.tn\\\/fr\\\/actualite\\\/national\\\/tunisie-saied-ordonne-la-restructuration-des-institutions-deficitaires-et-leviction-des-responsables\\\/378898\\\/#breadcrumb\",\"itemListElement\":[{\"@type\":\"ListItem\",\"position\":1,\"name\":\"Accueil\",\"item\":\"https:\\\/\\\/www.webdo.tn\\\/fr\\\/\"},{\"@type\":\"ListItem\",\"position\":2,\"name\":\"Tunisie : Sa\u00efed ordonne la restructuration des institutions d\u00e9ficitaires et l\u2019\u00e9viction des responsables\"}]},{\"@type\":\"WebSite\",\"@id\":\"https:\\\/\\\/www.webdo.tn\\\/fr\\\/#website\",\"url\":\"https:\\\/\\\/www.webdo.tn\\\/fr\\\/\",\"name\":\"webdo\",\"description\":\"Tunisie - News en Tunisie et \u00e0 l&#039;international sur Webdo.tn\",\"publisher\":{\"@id\":\"https:\\\/\\\/www.webdo.tn\\\/fr\\\/#organization\"},\"potentialAction\":[{\"@type\":\"SearchAction\",\"target\":{\"@type\":\"EntryPoint\",\"urlTemplate\":\"https:\\\/\\\/www.webdo.tn\\\/fr\\\/?s={search_term_string}\"},\"query-input\":{\"@type\":\"PropertyValueSpecification\",\"valueRequired\":true,\"valueName\":\"search_term_string\"}}],\"inLanguage\":\"fr-FR\"},{\"@type\":\"Organization\",\"@id\":\"https:\\\/\\\/www.webdo.tn\\\/fr\\\/#organization\",\"name\":\"Webdo\",\"alternateName\":\"Webdo.tn\",\"url\":\"https:\\\/\\\/www.webdo.tn\\\/fr\\\/\",\"logo\":{\"@type\":\"ImageObject\",\"inLanguage\":\"fr-FR\",\"@id\":\"https:\\\/\\\/www.webdo.tn\\\/fr\\\/#\\\/schema\\\/logo\\\/image\\\/\",\"url\":\"https:\\\/\\\/www.webdo.tn\\\/fr\\\/wp-content\\\/uploads\\\/2025\\\/06\\\/Webdo-Tunisie_168377.jpg\",\"contentUrl\":\"https:\\\/\\\/www.webdo.tn\\\/fr\\\/wp-content\\\/uploads\\\/2025\\\/06\\\/Webdo-Tunisie_168377.jpg\",\"width\":301,\"height\":301,\"caption\":\"Webdo\"},\"image\":{\"@id\":\"https:\\\/\\\/www.webdo.tn\\\/fr\\\/#\\\/schema\\\/logo\\\/image\\\/\"},\"sameAs\":[\"https:\\\/\\\/www.facebook.com\\\/webdotn\",\"https:\\\/\\\/x.com\\\/webdo_tn\"],\"description\":\"Webdo est un m\u00e9dia num\u00e9rique tunisien fond\u00e9 en 2010, sp\u00e9cialis\u00e9 dans l\u2019actualit\u00e9 nationale et internationale, l\u2019\u00e9conomie, la soci\u00e9t\u00e9 et les analyses politiques. Le site s\u2019adresse \u00e0 un large public francophone et couvre l\u2019information tunisienne en temps r\u00e9el.\",\"email\":\"redac@webdo.tn\",\"legalName\":\"YNJ SARL\",\"foundingDate\":\"2010-09-06\",\"numberOfEmployees\":{\"@type\":\"QuantitativeValue\",\"minValue\":\"11\",\"maxValue\":\"50\"}},{\"@type\":\"Person\",\"@id\":\"https:\\\/\\\/www.webdo.tn\\\/fr\\\/#\\\/schema\\\/person\\\/19664196c9bfdcda126f3c27709f7d11\",\"name\":\"Firas Ben Abdeltif\",\"image\":{\"@type\":\"ImageObject\",\"inLanguage\":\"fr-FR\",\"@id\":\"https:\\\/\\\/secure.gravatar.com\\\/avatar\\\/161a347d40df098a084778c52ed133dbd85f14df003867067c5948081241ec55?s=96&d=mm&r=g\",\"url\":\"https:\\\/\\\/secure.gravatar.com\\\/avatar\\\/161a347d40df098a084778c52ed133dbd85f14df003867067c5948081241ec55?s=96&d=mm&r=g\",\"contentUrl\":\"https:\\\/\\\/secure.gravatar.com\\\/avatar\\\/161a347d40df098a084778c52ed133dbd85f14df003867067c5948081241ec55?s=96&d=mm&r=g\",\"caption\":\"Firas Ben Abdeltif\"},\"url\":\"https:\\\/\\\/www.webdo.tn\\\/fr\\\/actualite\\\/author\\\/firas-ben-abdeltif\\\/\"}]}<\/script>\n<!-- \/ Yoast SEO Premium plugin. -->","yoast_head_json":{"title":"Tunisie : Sa\u00efed ordonne la restructuration des institutions d\u00e9ficitaires et l\u2019\u00e9viction des responsables - webdo","description":"Ka\u00efs Sa\u00efed ordonne la restructuration des institutions d\u00e9ficitaires en Tunisie pour renforcer l'\u00e9conomie nationale.","canonical":"https:\/\/www.webdo.tn\/fr\/actualite\/national\/tunisie-saied-ordonne-la-restructuration-des-institutions-deficitaires-et-leviction-des-responsables\/378898\/","og_locale":"fr_FR","og_type":"article","og_title":"Tunisie : Sa\u00efed ordonne la restructuration des institutions d\u00e9ficitaires et l\u2019\u00e9viction des responsables","og_description":"Ka\u00efs Sa\u00efed ordonne la restructuration des institutions d\u00e9ficitaires en Tunisie pour renforcer l'\u00e9conomie nationale.","og_url":"https:\/\/www.webdo.tn\/fr\/actualite\/national\/tunisie-saied-ordonne-la-restructuration-des-institutions-deficitaires-et-leviction-des-responsables\/378898\/","og_site_name":"webdo","article_publisher":"https:\/\/www.facebook.com\/webdotn","article_published_time":"2025-07-03T05:52:01+00:00","article_modified_time":"2025-07-03T05:52:05+00:00","og_image":[{"width":808,"height":540,"url":"https:\/\/www.webdo.tn\/fr\/wp-content\/uploads\/2025\/07\/saied-zenzri-2-juillet-2025.jpg","type":"image\/jpeg"}],"author":"Firas Ben Abdeltif","twitter_card":"summary_large_image","twitter_creator":"@webdo_tn","twitter_site":"@webdo_tn","twitter_misc":{"\u00c9crit par":"Firas Ben Abdeltif","Dur\u00e9e de lecture estim\u00e9e":"2 minutes"},"schema":{"@context":"https:\/\/schema.org","@graph":[{"@type":"NewsArticle","@id":"https:\/\/www.webdo.tn\/fr\/actualite\/national\/tunisie-saied-ordonne-la-restructuration-des-institutions-deficitaires-et-leviction-des-responsables\/378898\/#article","isPartOf":{"@id":"https:\/\/www.webdo.tn\/fr\/actualite\/national\/tunisie-saied-ordonne-la-restructuration-des-institutions-deficitaires-et-leviction-des-responsables\/378898\/"},"author":{"name":"Firas Ben Abdeltif","@id":"https:\/\/www.webdo.tn\/fr\/#\/schema\/person\/19664196c9bfdcda126f3c27709f7d11"},"headline":"Tunisie : Sa\u00efed ordonne la restructuration des institutions d\u00e9ficitaires et l\u2019\u00e9viction des responsables","datePublished":"2025-07-03T05:52:01+00:00","dateModified":"2025-07-03T05:52:05+00:00","mainEntityOfPage":{"@id":"https:\/\/www.webdo.tn\/fr\/actualite\/national\/tunisie-saied-ordonne-la-restructuration-des-institutions-deficitaires-et-leviction-des-responsables\/378898\/"},"wordCount":328,"commentCount":0,"publisher":{"@id":"https:\/\/www.webdo.tn\/fr\/#organization"},"image":{"@id":"https:\/\/www.webdo.tn\/fr\/actualite\/national\/tunisie-saied-ordonne-la-restructuration-des-institutions-deficitaires-et-leviction-des-responsables\/378898\/#primaryimage"},"thumbnailUrl":"https:\/\/www.webdo.tn\/fr\/wp-content\/uploads\/2025\/07\/saied-zenzri-2-juillet-2025.jpg","keywords":["Kais Saied","Tunisie"],"articleSection":["National"],"inLanguage":"fr-FR"},{"@type":"WebPage","@id":"https:\/\/www.webdo.tn\/fr\/actualite\/national\/tunisie-saied-ordonne-la-restructuration-des-institutions-deficitaires-et-leviction-des-responsables\/378898\/","url":"https:\/\/www.webdo.tn\/fr\/actualite\/national\/tunisie-saied-ordonne-la-restructuration-des-institutions-deficitaires-et-leviction-des-responsables\/378898\/","name":"Tunisie : Sa\u00efed ordonne la restructuration des institutions d\u00e9ficitaires et l\u2019\u00e9viction des responsables - webdo","isPartOf":{"@id":"https:\/\/www.webdo.tn\/fr\/#website"},"primaryImageOfPage":{"@id":"https:\/\/www.webdo.tn\/fr\/actualite\/national\/tunisie-saied-ordonne-la-restructuration-des-institutions-deficitaires-et-leviction-des-responsables\/378898\/#primaryimage"},"image":{"@id":"https:\/\/www.webdo.tn\/fr\/actualite\/national\/tunisie-saied-ordonne-la-restructuration-des-institutions-deficitaires-et-leviction-des-responsables\/378898\/#primaryimage"},"thumbnailUrl":"https:\/\/www.webdo.tn\/fr\/wp-content\/uploads\/2025\/07\/saied-zenzri-2-juillet-2025.jpg","datePublished":"2025-07-03T05:52:01+00:00","dateModified":"2025-07-03T05:52:05+00:00","description":"Ka\u00efs Sa\u00efed ordonne la restructuration des institutions d\u00e9ficitaires en Tunisie pour renforcer l'\u00e9conomie nationale.","breadcrumb":{"@id":"https:\/\/www.webdo.tn\/fr\/actualite\/national\/tunisie-saied-ordonne-la-restructuration-des-institutions-deficitaires-et-leviction-des-responsables\/378898\/#breadcrumb"},"inLanguage":"fr-FR","potentialAction":[{"@type":"ReadAction","target":["https:\/\/www.webdo.tn\/fr\/actualite\/national\/tunisie-saied-ordonne-la-restructuration-des-institutions-deficitaires-et-leviction-des-responsables\/378898\/"]}]},{"@type":"ImageObject","inLanguage":"fr-FR","@id":"https:\/\/www.webdo.tn\/fr\/actualite\/national\/tunisie-saied-ordonne-la-restructuration-des-institutions-deficitaires-et-leviction-des-responsables\/378898\/#primaryimage","url":"https:\/\/www.webdo.tn\/fr\/wp-content\/uploads\/2025\/07\/saied-zenzri-2-juillet-2025.jpg","contentUrl":"https:\/\/www.webdo.tn\/fr\/wp-content\/uploads\/2025\/07\/saied-zenzri-2-juillet-2025.jpg","width":808,"height":540,"caption":"Ka\u00efs Sa\u00efed, pr\u00e9sident de la R\u00e9publique, en r\u00e9union avec la cheffe du gouvernement Sarra Za\u00e2frani Zenzri au Palais de Carthage, le 2 juillet 2025"},{"@type":"BreadcrumbList","@id":"https:\/\/www.webdo.tn\/fr\/actualite\/national\/tunisie-saied-ordonne-la-restructuration-des-institutions-deficitaires-et-leviction-des-responsables\/378898\/#breadcrumb","itemListElement":[{"@type":"ListItem","position":1,"name":"Accueil","item":"https:\/\/www.webdo.tn\/fr\/"},{"@type":"ListItem","position":2,"name":"Tunisie : Sa\u00efed ordonne la restructuration des institutions d\u00e9ficitaires et l\u2019\u00e9viction des responsables"}]},{"@type":"WebSite","@id":"https:\/\/www.webdo.tn\/fr\/#website","url":"https:\/\/www.webdo.tn\/fr\/","name":"webdo","description":"Tunisie - News en Tunisie et \u00e0 l&#039;international sur Webdo.tn","publisher":{"@id":"https:\/\/www.webdo.tn\/fr\/#organization"},"potentialAction":[{"@type":"SearchAction","target":{"@type":"EntryPoint","urlTemplate":"https:\/\/www.webdo.tn\/fr\/?s={search_term_string}"},"query-input":{"@type":"PropertyValueSpecification","valueRequired":true,"valueName":"search_term_string"}}],"inLanguage":"fr-FR"},{"@type":"Organization","@id":"https:\/\/www.webdo.tn\/fr\/#organization","name":"Webdo","alternateName":"Webdo.tn","url":"https:\/\/www.webdo.tn\/fr\/","logo":{"@type":"ImageObject","inLanguage":"fr-FR","@id":"https:\/\/www.webdo.tn\/fr\/#\/schema\/logo\/image\/","url":"https:\/\/www.webdo.tn\/fr\/wp-content\/uploads\/2025\/06\/Webdo-Tunisie_168377.jpg","contentUrl":"https:\/\/www.webdo.tn\/fr\/wp-content\/uploads\/2025\/06\/Webdo-Tunisie_168377.jpg","width":301,"height":301,"caption":"Webdo"},"image":{"@id":"https:\/\/www.webdo.tn\/fr\/#\/schema\/logo\/image\/"},"sameAs":["https:\/\/www.facebook.com\/webdotn","https:\/\/x.com\/webdo_tn"],"description":"Webdo est un m\u00e9dia num\u00e9rique tunisien fond\u00e9 en 2010, sp\u00e9cialis\u00e9 dans l\u2019actualit\u00e9 nationale et internationale, l\u2019\u00e9conomie, la soci\u00e9t\u00e9 et les analyses politiques. Le site s\u2019adresse \u00e0 un large public francophone et couvre l\u2019information tunisienne en temps r\u00e9el.","email":"redac@webdo.tn","legalName":"YNJ SARL","foundingDate":"2010-09-06","numberOfEmployees":{"@type":"QuantitativeValue","minValue":"11","maxValue":"50"}},{"@type":"Person","@id":"https:\/\/www.webdo.tn\/fr\/#\/schema\/person\/19664196c9bfdcda126f3c27709f7d11","name":"Firas Ben Abdeltif","image":{"@type":"ImageObject","inLanguage":"fr-FR","@id":"https:\/\/secure.gravatar.com\/avatar\/161a347d40df098a084778c52ed133dbd85f14df003867067c5948081241ec55?s=96&d=mm&r=g","url":"https:\/\/secure.gravatar.com\/avatar\/161a347d40df098a084778c52ed133dbd85f14df003867067c5948081241ec55?s=96&d=mm&r=g","contentUrl":"https:\/\/secure.gravatar.com\/avatar\/161a347d40df098a084778c52ed133dbd85f14df003867067c5948081241ec55?s=96&d=mm&r=g","caption":"Firas Ben Abdeltif"},"url":"https:\/\/www.webdo.tn\/fr\/actualite\/author\/firas-ben-abdeltif\/"}]}},"_links":{"self":[{"href":"https:\/\/www.webdo.tn\/fr\/wp-json\/wp\/v2\/posts\/378898","targetHints":{"allow":["GET"]}}],"collection":[{"href":"https:\/\/www.webdo.tn\/fr\/wp-json\/wp\/v2\/posts"}],"about":[{"href":"https:\/\/www.webdo.tn\/fr\/wp-json\/wp\/v2\/types\/post"}],"author":[{"embeddable":true,"href":"https:\/\/www.webdo.tn\/fr\/wp-json\/wp\/v2\/users\/4779"}],"replies":[{"embeddable":true,"href":"https:\/\/www.webdo.tn\/fr\/wp-json\/wp\/v2\/comments?post=378898"}],"version-history":[{"count":0,"href":"https:\/\/www.webdo.tn\/fr\/wp-json\/wp\/v2\/posts\/378898\/revisions"}],"wp:featuredmedia":[{"embeddable":true,"href":"https:\/\/www.webdo.tn\/fr\/wp-json\/wp\/v2\/media\/378900"}],"wp:attachment":[{"href":"https:\/\/www.webdo.tn\/fr\/wp-json\/wp\/v2\/media?parent=378898"}],"wp:term":[{"taxonomy":"category","embeddable":true,"href":"https:\/\/www.webdo.tn\/fr\/wp-json\/wp\/v2\/categories?post=378898"},{"taxonomy":"post_tag","embeddable":true,"href":"https:\/\/www.webdo.tn\/fr\/wp-json\/wp\/v2\/tags?post=378898"}],"curies":[{"name":"wp","href":"https:\/\/api.w.org\/{rel}","templated":true}]}}