{"id":378895,"date":"2025-07-03T06:16:57","date_gmt":"2025-07-03T05:16:57","guid":{"rendered":"https:\/\/www.webdo.tn\/fr\/?p=378895"},"modified":"2025-07-03T08:19:53","modified_gmt":"2025-07-03T07:19:53","slug":"tunisie-le-ministere-de-la-sante-ouvre-des-negociations-avec-les-jeunes-medecins","status":"publish","type":"post","link":"https:\/\/www.webdo.tn\/fr\/actualite\/national\/tunisie-le-ministere-de-la-sante-ouvre-des-negociations-avec-les-jeunes-medecins\/378895\/","title":{"rendered":"Tunisie : le minist\u00e8re de la sant\u00e9 ouvre des n\u00e9gociations avec les jeunes m\u00e9decins"},"content":{"rendered":"\n<p>Le minist\u00e8re tunisien de la sant\u00e9 a annonc\u00e9, mercredi 2 juillet au soir, la tenue d\u2019une r\u00e9union de n\u00e9gociation avec l\u2019Organisation des m\u00e9decins internes et r\u00e9sidents (OTMIR), pr\u00e9vue pour le jeudi 3 juillet. Cette initiative s\u2019inscrit dans le cadre des recommandations formul\u00e9es par le pr\u00e9sident de la R\u00e9publique, Ka\u00efs Sa\u00efed, lors de son entretien du 1er juillet avec le ministre de la sant\u00e9, Mustapha Ferjani.<\/p>\n\n\n\n<p>Le chef de l\u2019\u00c9tat avait alors appel\u00e9 \u00e0 \u00ab l\u2019instauration urgente d\u2019un cadre juridique r\u00e9nov\u00e9 \u00bb, visant \u00e0 garantir les droits des m\u00e9decins, du personnel param\u00e9dical et des agents de sant\u00e9 en g\u00e9n\u00e9ral. Une r\u00e9forme qu\u2019il juge n\u00e9cessaire pour assurer \u00e0 la fois la dignit\u00e9 de ces professionnels et la p\u00e9rennit\u00e9 du syst\u00e8me de sant\u00e9 public.<\/p>\n\n\n\n<p>Recevant le ministre de la sant\u00e9 au palais de Carthage, Ka\u00efs Sa\u00efed a salu\u00e9 \u00ab les comp\u00e9tences m\u00e9dicales tunisiennes reconnues \u00e0 l\u2019international \u00bb, tout en d\u00e9non\u00e7ant une logique de fuite des talents vers l\u2019\u00e9tranger, qu\u2019il a qualifi\u00e9e d\u2019absurde. \u00ab Alors, qui pr\u00eate \u00e0 qui ? \u00bb, s\u2019est-il interrog\u00e9, en r\u00e9f\u00e9rence au d\u00e9part massif des praticiens tunisiens vers des syst\u00e8mes de sant\u00e9 plus attractifs.<\/p>\n\n\n\n<p>Le pr\u00e9sident a \u00e9galement rappel\u00e9 que le droit \u00e0 la sant\u00e9 constitue un principe constitutionnel et un droit fondamental. Il a insist\u00e9 sur la n\u00e9cessit\u00e9 d\u2019engager des r\u00e9formes concr\u00e8tes pour am\u00e9liorer l\u2019acc\u00e8s aux soins, notamment dans les r\u00e9gions marginalis\u00e9es.<\/p>\n\n\n\n<p>Face au malaise exprim\u00e9 depuis plusieurs mois par les jeunes praticiens \u2013 en formation ou r\u00e9cemment dipl\u00f4m\u00e9s \u2013 et \u00e0 la d\u00e9gradation continue du service public hospitalier, cette session de dialogue pourrait ouvrir la voie \u00e0 un apaisement des tensions. Le minist\u00e8re n\u2019a toutefois pas pr\u00e9cis\u00e9 les contours de la n\u00e9gociation ni les points qui seront abord\u00e9s avec les repr\u00e9sentants syndicaux.<\/p>\n","protected":false},"excerpt":{"rendered":"<p>Le minist\u00e8re tunisien de la sant\u00e9 a annonc\u00e9, mercredi 2 juillet au soir, la tenue d\u2019une r\u00e9union de n\u00e9gociation avec l\u2019Organisation des m\u00e9decins internes et r\u00e9sidents (OTMIR), pr\u00e9vue pour le jeudi 3 juillet. Cette initiative s\u2019inscrit dans le cadre des recommandations formul\u00e9es par le pr\u00e9sident de la R\u00e9publique, Ka\u00efs Sa\u00efed, lors de son entretien du [&hellip;]<\/p>\n","protected":false},"author":4779,"featured_media":378833,"comment_status":"open","ping_status":"open","sticky":false,"template":"","format":"standard","meta":{"footnotes":""},"categories":[44],"tags":[2614,2701,2608],"class_list":["post-378895","post","type-post","status-publish","format-standard","has-post-thumbnail","hentry","category-national","tag-kais-saied","tag-medecins","tag-tunisie"],"yoast_head":"<!-- This site is optimized with the Yoast SEO Premium plugin v27.4 (Yoast SEO v27.4) - https:\/\/yoast.com\/product\/yoast-seo-premium-wordpress\/ -->\n<title>Tunisie : le minist\u00e8re de la sant\u00e9 ouvre des n\u00e9gociations avec les jeunes m\u00e9decins - webdo<\/title>\n<meta name=\"description\" content=\"D\u00e9couvrez les n\u00e9gociations pour les jeunes m\u00e9decins en Tunisie en 2025 et leurs implications pour le syst\u00e8me de sant\u00e9.\" \/>\n<link rel=\"canonical\" href=\"https:\/\/www.webdo.tn\/fr\/actualite\/national\/tunisie-le-ministere-de-la-sante-ouvre-des-negociations-avec-les-jeunes-medecins\/378895\/\" \/>\n<meta property=\"og:locale\" content=\"fr_FR\" \/>\n<meta property=\"og:type\" content=\"article\" \/>\n<meta property=\"og:title\" content=\"Tunisie : le minist\u00e8re de la sant\u00e9 ouvre des n\u00e9gociations avec les jeunes m\u00e9decins\" \/>\n<meta property=\"og:description\" content=\"D\u00e9couvrez les n\u00e9gociations pour les jeunes m\u00e9decins en Tunisie en 2025 et leurs implications pour le syst\u00e8me de sant\u00e9.\" \/>\n<meta property=\"og:url\" content=\"https:\/\/www.webdo.tn\/fr\/actualite\/national\/tunisie-le-ministere-de-la-sante-ouvre-des-negociations-avec-les-jeunes-medecins\/378895\/\" \/>\n<meta property=\"og:site_name\" content=\"webdo\" \/>\n<meta property=\"article:publisher\" content=\"https:\/\/www.facebook.com\/webdotn\" \/>\n<meta property=\"article:published_time\" content=\"2025-07-03T05:16:57+00:00\" \/>\n<meta property=\"article:modified_time\" content=\"2025-07-03T07:19:53+00:00\" \/>\n<meta property=\"og:image\" content=\"https:\/\/www.webdo.tn\/fr\/wp-content\/uploads\/2025\/07\/Jeunes-medecins-10.jpg\" \/>\n\t<meta property=\"og:image:width\" content=\"2048\" \/>\n\t<meta property=\"og:image:height\" content=\"1365\" \/>\n\t<meta property=\"og:image:type\" content=\"image\/jpeg\" \/>\n<meta name=\"author\" content=\"Firas Ben Abdeltif\" \/>\n<meta name=\"twitter:card\" content=\"summary_large_image\" \/>\n<meta name=\"twitter:creator\" content=\"@webdo_tn\" \/>\n<meta name=\"twitter:site\" content=\"@webdo_tn\" \/>\n<meta name=\"twitter:label1\" content=\"\u00c9crit par\" \/>\n\t<meta name=\"twitter:data1\" content=\"Firas Ben Abdeltif\" \/>\n\t<meta name=\"twitter:label2\" content=\"Dur\u00e9e de lecture estim\u00e9e\" \/>\n\t<meta name=\"twitter:data2\" content=\"2 minutes\" \/>\n<script type=\"application\/ld+json\" class=\"yoast-schema-graph\">{\"@context\":\"https:\\\/\\\/schema.org\",\"@graph\":[{\"@type\":\"NewsArticle\",\"@id\":\"https:\\\/\\\/www.webdo.tn\\\/fr\\\/actualite\\\/national\\\/tunisie-le-ministere-de-la-sante-ouvre-des-negociations-avec-les-jeunes-medecins\\\/378895\\\/#article\",\"isPartOf\":{\"@id\":\"https:\\\/\\\/www.webdo.tn\\\/fr\\\/actualite\\\/national\\\/tunisie-le-ministere-de-la-sante-ouvre-des-negociations-avec-les-jeunes-medecins\\\/378895\\\/\"},\"author\":{\"name\":\"Firas Ben Abdeltif\",\"@id\":\"https:\\\/\\\/www.webdo.tn\\\/fr\\\/#\\\/schema\\\/person\\\/19664196c9bfdcda126f3c27709f7d11\"},\"headline\":\"Tunisie : le minist\u00e8re de la sant\u00e9 ouvre des n\u00e9gociations avec les jeunes m\u00e9decins\",\"datePublished\":\"2025-07-03T05:16:57+00:00\",\"dateModified\":\"2025-07-03T07:19:53+00:00\",\"mainEntityOfPage\":{\"@id\":\"https:\\\/\\\/www.webdo.tn\\\/fr\\\/actualite\\\/national\\\/tunisie-le-ministere-de-la-sante-ouvre-des-negociations-avec-les-jeunes-medecins\\\/378895\\\/\"},\"wordCount\":345,\"commentCount\":0,\"publisher\":{\"@id\":\"https:\\\/\\\/www.webdo.tn\\\/fr\\\/#organization\"},\"image\":{\"@id\":\"https:\\\/\\\/www.webdo.tn\\\/fr\\\/actualite\\\/national\\\/tunisie-le-ministere-de-la-sante-ouvre-des-negociations-avec-les-jeunes-medecins\\\/378895\\\/#primaryimage\"},\"thumbnailUrl\":\"https:\\\/\\\/www.webdo.tn\\\/fr\\\/wp-content\\\/uploads\\\/2025\\\/07\\\/Jeunes-medecins-10.jpg\",\"keywords\":[\"Kais Saied\",\"m\u00e9decins\",\"Tunisie\"],\"articleSection\":[\"National\"],\"inLanguage\":\"fr-FR\"},{\"@type\":\"WebPage\",\"@id\":\"https:\\\/\\\/www.webdo.tn\\\/fr\\\/actualite\\\/national\\\/tunisie-le-ministere-de-la-sante-ouvre-des-negociations-avec-les-jeunes-medecins\\\/378895\\\/\",\"url\":\"https:\\\/\\\/www.webdo.tn\\\/fr\\\/actualite\\\/national\\\/tunisie-le-ministere-de-la-sante-ouvre-des-negociations-avec-les-jeunes-medecins\\\/378895\\\/\",\"name\":\"Tunisie : le minist\u00e8re de la sant\u00e9 ouvre des n\u00e9gociations avec les jeunes m\u00e9decins - webdo\",\"isPartOf\":{\"@id\":\"https:\\\/\\\/www.webdo.tn\\\/fr\\\/#website\"},\"primaryImageOfPage\":{\"@id\":\"https:\\\/\\\/www.webdo.tn\\\/fr\\\/actualite\\\/national\\\/tunisie-le-ministere-de-la-sante-ouvre-des-negociations-avec-les-jeunes-medecins\\\/378895\\\/#primaryimage\"},\"image\":{\"@id\":\"https:\\\/\\\/www.webdo.tn\\\/fr\\\/actualite\\\/national\\\/tunisie-le-ministere-de-la-sante-ouvre-des-negociations-avec-les-jeunes-medecins\\\/378895\\\/#primaryimage\"},\"thumbnailUrl\":\"https:\\\/\\\/www.webdo.tn\\\/fr\\\/wp-content\\\/uploads\\\/2025\\\/07\\\/Jeunes-medecins-10.jpg\",\"datePublished\":\"2025-07-03T05:16:57+00:00\",\"dateModified\":\"2025-07-03T07:19:53+00:00\",\"description\":\"D\u00e9couvrez les n\u00e9gociations pour les jeunes m\u00e9decins en Tunisie en 2025 et leurs implications pour le syst\u00e8me de sant\u00e9.\",\"breadcrumb\":{\"@id\":\"https:\\\/\\\/www.webdo.tn\\\/fr\\\/actualite\\\/national\\\/tunisie-le-ministere-de-la-sante-ouvre-des-negociations-avec-les-jeunes-medecins\\\/378895\\\/#breadcrumb\"},\"inLanguage\":\"fr-FR\",\"potentialAction\":[{\"@type\":\"ReadAction\",\"target\":[\"https:\\\/\\\/www.webdo.tn\\\/fr\\\/actualite\\\/national\\\/tunisie-le-ministere-de-la-sante-ouvre-des-negociations-avec-les-jeunes-medecins\\\/378895\\\/\"]}]},{\"@type\":\"ImageObject\",\"inLanguage\":\"fr-FR\",\"@id\":\"https:\\\/\\\/www.webdo.tn\\\/fr\\\/actualite\\\/national\\\/tunisie-le-ministere-de-la-sante-ouvre-des-negociations-avec-les-jeunes-medecins\\\/378895\\\/#primaryimage\",\"url\":\"https:\\\/\\\/www.webdo.tn\\\/fr\\\/wp-content\\\/uploads\\\/2025\\\/07\\\/Jeunes-medecins-10.jpg\",\"contentUrl\":\"https:\\\/\\\/www.webdo.tn\\\/fr\\\/wp-content\\\/uploads\\\/2025\\\/07\\\/Jeunes-medecins-10.jpg\",\"width\":2048,\"height\":1365,\"caption\":\"Tunisie\u00a0: Les jeunes m\u00e9decins g\u00e8lent leur mouvement apr\u00e8s un accord avec la Sant\u00e9\"},{\"@type\":\"BreadcrumbList\",\"@id\":\"https:\\\/\\\/www.webdo.tn\\\/fr\\\/actualite\\\/national\\\/tunisie-le-ministere-de-la-sante-ouvre-des-negociations-avec-les-jeunes-medecins\\\/378895\\\/#breadcrumb\",\"itemListElement\":[{\"@type\":\"ListItem\",\"position\":1,\"name\":\"Accueil\",\"item\":\"https:\\\/\\\/www.webdo.tn\\\/fr\\\/\"},{\"@type\":\"ListItem\",\"position\":2,\"name\":\"Tunisie : le minist\u00e8re de la sant\u00e9 ouvre des n\u00e9gociations avec les jeunes m\u00e9decins\"}]},{\"@type\":\"WebSite\",\"@id\":\"https:\\\/\\\/www.webdo.tn\\\/fr\\\/#website\",\"url\":\"https:\\\/\\\/www.webdo.tn\\\/fr\\\/\",\"name\":\"webdo\",\"description\":\"Tunisie - News en Tunisie et \u00e0 l&#039;international sur Webdo.tn\",\"publisher\":{\"@id\":\"https:\\\/\\\/www.webdo.tn\\\/fr\\\/#organization\"},\"potentialAction\":[{\"@type\":\"SearchAction\",\"target\":{\"@type\":\"EntryPoint\",\"urlTemplate\":\"https:\\\/\\\/www.webdo.tn\\\/fr\\\/?s={search_term_string}\"},\"query-input\":{\"@type\":\"PropertyValueSpecification\",\"valueRequired\":true,\"valueName\":\"search_term_string\"}}],\"inLanguage\":\"fr-FR\"},{\"@type\":\"Organization\",\"@id\":\"https:\\\/\\\/www.webdo.tn\\\/fr\\\/#organization\",\"name\":\"Webdo\",\"alternateName\":\"Webdo.tn\",\"url\":\"https:\\\/\\\/www.webdo.tn\\\/fr\\\/\",\"logo\":{\"@type\":\"ImageObject\",\"inLanguage\":\"fr-FR\",\"@id\":\"https:\\\/\\\/www.webdo.tn\\\/fr\\\/#\\\/schema\\\/logo\\\/image\\\/\",\"url\":\"https:\\\/\\\/www.webdo.tn\\\/fr\\\/wp-content\\\/uploads\\\/2025\\\/06\\\/Webdo-Tunisie_168377.jpg\",\"contentUrl\":\"https:\\\/\\\/www.webdo.tn\\\/fr\\\/wp-content\\\/uploads\\\/2025\\\/06\\\/Webdo-Tunisie_168377.jpg\",\"width\":301,\"height\":301,\"caption\":\"Webdo\"},\"image\":{\"@id\":\"https:\\\/\\\/www.webdo.tn\\\/fr\\\/#\\\/schema\\\/logo\\\/image\\\/\"},\"sameAs\":[\"https:\\\/\\\/www.facebook.com\\\/webdotn\",\"https:\\\/\\\/x.com\\\/webdo_tn\"],\"description\":\"Webdo est un m\u00e9dia num\u00e9rique tunisien fond\u00e9 en 2010, sp\u00e9cialis\u00e9 dans l\u2019actualit\u00e9 nationale et internationale, l\u2019\u00e9conomie, la soci\u00e9t\u00e9 et les analyses politiques. Le site s\u2019adresse \u00e0 un large public francophone et couvre l\u2019information tunisienne en temps r\u00e9el.\",\"email\":\"redac@webdo.tn\",\"legalName\":\"YNJ SARL\",\"foundingDate\":\"2010-09-06\",\"numberOfEmployees\":{\"@type\":\"QuantitativeValue\",\"minValue\":\"11\",\"maxValue\":\"50\"}},{\"@type\":\"Person\",\"@id\":\"https:\\\/\\\/www.webdo.tn\\\/fr\\\/#\\\/schema\\\/person\\\/19664196c9bfdcda126f3c27709f7d11\",\"name\":\"Firas Ben Abdeltif\",\"image\":{\"@type\":\"ImageObject\",\"inLanguage\":\"fr-FR\",\"@id\":\"https:\\\/\\\/secure.gravatar.com\\\/avatar\\\/161a347d40df098a084778c52ed133dbd85f14df003867067c5948081241ec55?s=96&d=mm&r=g\",\"url\":\"https:\\\/\\\/secure.gravatar.com\\\/avatar\\\/161a347d40df098a084778c52ed133dbd85f14df003867067c5948081241ec55?s=96&d=mm&r=g\",\"contentUrl\":\"https:\\\/\\\/secure.gravatar.com\\\/avatar\\\/161a347d40df098a084778c52ed133dbd85f14df003867067c5948081241ec55?s=96&d=mm&r=g\",\"caption\":\"Firas Ben Abdeltif\"},\"url\":\"https:\\\/\\\/www.webdo.tn\\\/fr\\\/actualite\\\/author\\\/firas-ben-abdeltif\\\/\"}]}<\/script>\n<!-- \/ Yoast SEO Premium plugin. -->","yoast_head_json":{"title":"Tunisie : le minist\u00e8re de la sant\u00e9 ouvre des n\u00e9gociations avec les jeunes m\u00e9decins - webdo","description":"D\u00e9couvrez les n\u00e9gociations pour les jeunes m\u00e9decins en Tunisie en 2025 et leurs implications pour le syst\u00e8me de sant\u00e9.","canonical":"https:\/\/www.webdo.tn\/fr\/actualite\/national\/tunisie-le-ministere-de-la-sante-ouvre-des-negociations-avec-les-jeunes-medecins\/378895\/","og_locale":"fr_FR","og_type":"article","og_title":"Tunisie : le minist\u00e8re de la sant\u00e9 ouvre des n\u00e9gociations avec les jeunes m\u00e9decins","og_description":"D\u00e9couvrez les n\u00e9gociations pour les jeunes m\u00e9decins en Tunisie en 2025 et leurs implications pour le syst\u00e8me de sant\u00e9.","og_url":"https:\/\/www.webdo.tn\/fr\/actualite\/national\/tunisie-le-ministere-de-la-sante-ouvre-des-negociations-avec-les-jeunes-medecins\/378895\/","og_site_name":"webdo","article_publisher":"https:\/\/www.facebook.com\/webdotn","article_published_time":"2025-07-03T05:16:57+00:00","article_modified_time":"2025-07-03T07:19:53+00:00","og_image":[{"width":2048,"height":1365,"url":"https:\/\/www.webdo.tn\/fr\/wp-content\/uploads\/2025\/07\/Jeunes-medecins-10.jpg","type":"image\/jpeg"}],"author":"Firas Ben Abdeltif","twitter_card":"summary_large_image","twitter_creator":"@webdo_tn","twitter_site":"@webdo_tn","twitter_misc":{"\u00c9crit par":"Firas Ben Abdeltif","Dur\u00e9e de lecture estim\u00e9e":"2 minutes"},"schema":{"@context":"https:\/\/schema.org","@graph":[{"@type":"NewsArticle","@id":"https:\/\/www.webdo.tn\/fr\/actualite\/national\/tunisie-le-ministere-de-la-sante-ouvre-des-negociations-avec-les-jeunes-medecins\/378895\/#article","isPartOf":{"@id":"https:\/\/www.webdo.tn\/fr\/actualite\/national\/tunisie-le-ministere-de-la-sante-ouvre-des-negociations-avec-les-jeunes-medecins\/378895\/"},"author":{"name":"Firas Ben Abdeltif","@id":"https:\/\/www.webdo.tn\/fr\/#\/schema\/person\/19664196c9bfdcda126f3c27709f7d11"},"headline":"Tunisie : le minist\u00e8re de la sant\u00e9 ouvre des n\u00e9gociations avec les jeunes m\u00e9decins","datePublished":"2025-07-03T05:16:57+00:00","dateModified":"2025-07-03T07:19:53+00:00","mainEntityOfPage":{"@id":"https:\/\/www.webdo.tn\/fr\/actualite\/national\/tunisie-le-ministere-de-la-sante-ouvre-des-negociations-avec-les-jeunes-medecins\/378895\/"},"wordCount":345,"commentCount":0,"publisher":{"@id":"https:\/\/www.webdo.tn\/fr\/#organization"},"image":{"@id":"https:\/\/www.webdo.tn\/fr\/actualite\/national\/tunisie-le-ministere-de-la-sante-ouvre-des-negociations-avec-les-jeunes-medecins\/378895\/#primaryimage"},"thumbnailUrl":"https:\/\/www.webdo.tn\/fr\/wp-content\/uploads\/2025\/07\/Jeunes-medecins-10.jpg","keywords":["Kais Saied","m\u00e9decins","Tunisie"],"articleSection":["National"],"inLanguage":"fr-FR"},{"@type":"WebPage","@id":"https:\/\/www.webdo.tn\/fr\/actualite\/national\/tunisie-le-ministere-de-la-sante-ouvre-des-negociations-avec-les-jeunes-medecins\/378895\/","url":"https:\/\/www.webdo.tn\/fr\/actualite\/national\/tunisie-le-ministere-de-la-sante-ouvre-des-negociations-avec-les-jeunes-medecins\/378895\/","name":"Tunisie : le minist\u00e8re de la sant\u00e9 ouvre des n\u00e9gociations avec les jeunes m\u00e9decins - webdo","isPartOf":{"@id":"https:\/\/www.webdo.tn\/fr\/#website"},"primaryImageOfPage":{"@id":"https:\/\/www.webdo.tn\/fr\/actualite\/national\/tunisie-le-ministere-de-la-sante-ouvre-des-negociations-avec-les-jeunes-medecins\/378895\/#primaryimage"},"image":{"@id":"https:\/\/www.webdo.tn\/fr\/actualite\/national\/tunisie-le-ministere-de-la-sante-ouvre-des-negociations-avec-les-jeunes-medecins\/378895\/#primaryimage"},"thumbnailUrl":"https:\/\/www.webdo.tn\/fr\/wp-content\/uploads\/2025\/07\/Jeunes-medecins-10.jpg","datePublished":"2025-07-03T05:16:57+00:00","dateModified":"2025-07-03T07:19:53+00:00","description":"D\u00e9couvrez les n\u00e9gociations pour les jeunes m\u00e9decins en Tunisie en 2025 et leurs implications pour le syst\u00e8me de sant\u00e9.","breadcrumb":{"@id":"https:\/\/www.webdo.tn\/fr\/actualite\/national\/tunisie-le-ministere-de-la-sante-ouvre-des-negociations-avec-les-jeunes-medecins\/378895\/#breadcrumb"},"inLanguage":"fr-FR","potentialAction":[{"@type":"ReadAction","target":["https:\/\/www.webdo.tn\/fr\/actualite\/national\/tunisie-le-ministere-de-la-sante-ouvre-des-negociations-avec-les-jeunes-medecins\/378895\/"]}]},{"@type":"ImageObject","inLanguage":"fr-FR","@id":"https:\/\/www.webdo.tn\/fr\/actualite\/national\/tunisie-le-ministere-de-la-sante-ouvre-des-negociations-avec-les-jeunes-medecins\/378895\/#primaryimage","url":"https:\/\/www.webdo.tn\/fr\/wp-content\/uploads\/2025\/07\/Jeunes-medecins-10.jpg","contentUrl":"https:\/\/www.webdo.tn\/fr\/wp-content\/uploads\/2025\/07\/Jeunes-medecins-10.jpg","width":2048,"height":1365,"caption":"Tunisie\u00a0: Les jeunes m\u00e9decins g\u00e8lent leur mouvement apr\u00e8s un accord avec la Sant\u00e9"},{"@type":"BreadcrumbList","@id":"https:\/\/www.webdo.tn\/fr\/actualite\/national\/tunisie-le-ministere-de-la-sante-ouvre-des-negociations-avec-les-jeunes-medecins\/378895\/#breadcrumb","itemListElement":[{"@type":"ListItem","position":1,"name":"Accueil","item":"https:\/\/www.webdo.tn\/fr\/"},{"@type":"ListItem","position":2,"name":"Tunisie : le minist\u00e8re de la sant\u00e9 ouvre des n\u00e9gociations avec les jeunes m\u00e9decins"}]},{"@type":"WebSite","@id":"https:\/\/www.webdo.tn\/fr\/#website","url":"https:\/\/www.webdo.tn\/fr\/","name":"webdo","description":"Tunisie - News en Tunisie et \u00e0 l&#039;international sur Webdo.tn","publisher":{"@id":"https:\/\/www.webdo.tn\/fr\/#organization"},"potentialAction":[{"@type":"SearchAction","target":{"@type":"EntryPoint","urlTemplate":"https:\/\/www.webdo.tn\/fr\/?s={search_term_string}"},"query-input":{"@type":"PropertyValueSpecification","valueRequired":true,"valueName":"search_term_string"}}],"inLanguage":"fr-FR"},{"@type":"Organization","@id":"https:\/\/www.webdo.tn\/fr\/#organization","name":"Webdo","alternateName":"Webdo.tn","url":"https:\/\/www.webdo.tn\/fr\/","logo":{"@type":"ImageObject","inLanguage":"fr-FR","@id":"https:\/\/www.webdo.tn\/fr\/#\/schema\/logo\/image\/","url":"https:\/\/www.webdo.tn\/fr\/wp-content\/uploads\/2025\/06\/Webdo-Tunisie_168377.jpg","contentUrl":"https:\/\/www.webdo.tn\/fr\/wp-content\/uploads\/2025\/06\/Webdo-Tunisie_168377.jpg","width":301,"height":301,"caption":"Webdo"},"image":{"@id":"https:\/\/www.webdo.tn\/fr\/#\/schema\/logo\/image\/"},"sameAs":["https:\/\/www.facebook.com\/webdotn","https:\/\/x.com\/webdo_tn"],"description":"Webdo est un m\u00e9dia num\u00e9rique tunisien fond\u00e9 en 2010, sp\u00e9cialis\u00e9 dans l\u2019actualit\u00e9 nationale et internationale, l\u2019\u00e9conomie, la soci\u00e9t\u00e9 et les analyses politiques. Le site s\u2019adresse \u00e0 un large public francophone et couvre l\u2019information tunisienne en temps r\u00e9el.","email":"redac@webdo.tn","legalName":"YNJ SARL","foundingDate":"2010-09-06","numberOfEmployees":{"@type":"QuantitativeValue","minValue":"11","maxValue":"50"}},{"@type":"Person","@id":"https:\/\/www.webdo.tn\/fr\/#\/schema\/person\/19664196c9bfdcda126f3c27709f7d11","name":"Firas Ben Abdeltif","image":{"@type":"ImageObject","inLanguage":"fr-FR","@id":"https:\/\/secure.gravatar.com\/avatar\/161a347d40df098a084778c52ed133dbd85f14df003867067c5948081241ec55?s=96&d=mm&r=g","url":"https:\/\/secure.gravatar.com\/avatar\/161a347d40df098a084778c52ed133dbd85f14df003867067c5948081241ec55?s=96&d=mm&r=g","contentUrl":"https:\/\/secure.gravatar.com\/avatar\/161a347d40df098a084778c52ed133dbd85f14df003867067c5948081241ec55?s=96&d=mm&r=g","caption":"Firas Ben Abdeltif"},"url":"https:\/\/www.webdo.tn\/fr\/actualite\/author\/firas-ben-abdeltif\/"}]}},"_links":{"self":[{"href":"https:\/\/www.webdo.tn\/fr\/wp-json\/wp\/v2\/posts\/378895","targetHints":{"allow":["GET"]}}],"collection":[{"href":"https:\/\/www.webdo.tn\/fr\/wp-json\/wp\/v2\/posts"}],"about":[{"href":"https:\/\/www.webdo.tn\/fr\/wp-json\/wp\/v2\/types\/post"}],"author":[{"embeddable":true,"href":"https:\/\/www.webdo.tn\/fr\/wp-json\/wp\/v2\/users\/4779"}],"replies":[{"embeddable":true,"href":"https:\/\/www.webdo.tn\/fr\/wp-json\/wp\/v2\/comments?post=378895"}],"version-history":[{"count":0,"href":"https:\/\/www.webdo.tn\/fr\/wp-json\/wp\/v2\/posts\/378895\/revisions"}],"wp:featuredmedia":[{"embeddable":true,"href":"https:\/\/www.webdo.tn\/fr\/wp-json\/wp\/v2\/media\/378833"}],"wp:attachment":[{"href":"https:\/\/www.webdo.tn\/fr\/wp-json\/wp\/v2\/media?parent=378895"}],"wp:term":[{"taxonomy":"category","embeddable":true,"href":"https:\/\/www.webdo.tn\/fr\/wp-json\/wp\/v2\/categories?post=378895"},{"taxonomy":"post_tag","embeddable":true,"href":"https:\/\/www.webdo.tn\/fr\/wp-json\/wp\/v2\/tags?post=378895"}],"curies":[{"name":"wp","href":"https:\/\/api.w.org\/{rel}","templated":true}]}}