{"id":378892,"date":"2025-07-02T19:59:08","date_gmt":"2025-07-02T18:59:08","guid":{"rendered":"https:\/\/www.webdo.tn\/fr\/?p=378892"},"modified":"2025-07-03T08:19:45","modified_gmt":"2025-07-03T07:19:45","slug":"londres-classe-palestine-action-comme-groupe-terroriste","status":"publish","type":"post","link":"https:\/\/www.webdo.tn\/fr\/actualite\/international\/londres-classe-palestine-action-comme-groupe-terroriste\/378892\/","title":{"rendered":"Londres classe \u00ab\u00a0Palestine Action\u00a0\u00bb comme groupe terroriste"},"content":{"rendered":"\n<p><strong>Les d\u00e9put\u00e9s britanniques ont vot\u00e9 en faveur de l\u2019interdiction de Palestine Action en tant qu\u2019organisation terroriste, malgr\u00e9 les inqui\u00e9tudes selon lesquelles cette d\u00e9cision pourrait criminaliser des formes de protestation l\u00e9gitimes. <br><\/strong><\/p>\n\n\n\n<p>Le projet de d\u00e9cret visant \u00e0 modifier la loi sur le terrorisme de 2000 et \u00e0 interdire ce groupe, pr\u00e9sent\u00e9 par la ministre de l\u2019Int\u00e9rieur Yvette Cooper, a \u00e9t\u00e9 adopt\u00e9 mercredi \u00e0 la Chambre des communes par 385 voix contre 26.<br><\/p>\n\n\n\n<p>Pr\u00e9sentant les arguments du gouvernement, le ministre de l\u2019Int\u00e9rieur Dan Jarvis a d\u00e9clar\u00e9 : \u00ab En mettant en \u0153uvre cette mesure, nous ferons tomber le voile de l\u00e9gitimit\u00e9 de Palestine Action, nous attaquerons ses sources de financement et nous affaiblirons ses efforts de recrutement et de radicalisation \u00e0 des fins d\u2019activit\u00e9s terroristes. \u00bb<\/p>\n\n\n\n<p><br>IEt d&rsquo;ajouter : \u00ab Ne nous faisons pas d\u2019illusions. Palestine Action n\u2019est pas un groupe de protestation l\u00e9gitime. Les personnes qui manifestent l\u00e9galement n\u2019ont pas besoin d\u2019armes. Elles ne lancent pas de bombes fumig\u00e8nes ni de feux d\u2019artifice en direction de citoyens innocents. Et elles ne causent pas des millions de livres <br><\/p>\n\n\n\n<p><\/p>\n","protected":false},"excerpt":{"rendered":"<p>Les d\u00e9put\u00e9s britanniques ont vot\u00e9 en faveur de l\u2019interdiction de Palestine Action en tant qu\u2019organisation terroriste, malgr\u00e9 les inqui\u00e9tudes selon lesquelles cette d\u00e9cision pourrait criminaliser des formes de protestation l\u00e9gitimes. Le projet de d\u00e9cret visant \u00e0 modifier la loi sur le terrorisme de 2000 et \u00e0 interdire ce groupe, pr\u00e9sent\u00e9 par la ministre de l\u2019Int\u00e9rieur [&hellip;]<\/p>\n","protected":false},"author":3184,"featured_media":378893,"comment_status":"open","ping_status":"open","sticky":false,"template":"","format":"standard","meta":{"footnotes":""},"categories":[2598],"tags":[4898,7101,3033],"class_list":["post-378892","post","type-post","status-publish","format-standard","has-post-thumbnail","hentry","category-international","tag-conflit-israel-palestine","tag-grande-bretagne","tag-loi"],"yoast_head":"<!-- This site is optimized with the Yoast SEO Premium plugin v27.5 (Yoast SEO v27.5) - https:\/\/yoast.com\/product\/yoast-seo-premium-wordpress\/ -->\n<title>Londres classe &quot;Palestine Action&quot; comme groupe terroriste - webdo<\/title>\n<meta name=\"description\" content=\"D\u00e9couvrez la d\u00e9cision des d\u00e9put\u00e9s britanniques sur Palestine Action et ses implications pour la l\u00e9gitimit\u00e9 de la protestation.\" \/>\n<link rel=\"canonical\" href=\"https:\/\/www.webdo.tn\/fr\/actualite\/international\/londres-classe-palestine-action-comme-groupe-terroriste\/378892\/\" \/>\n<meta property=\"og:locale\" content=\"fr_FR\" \/>\n<meta property=\"og:type\" content=\"article\" \/>\n<meta property=\"og:title\" content=\"Londres classe &quot;Palestine Action&quot; comme groupe terroriste\" \/>\n<meta property=\"og:description\" content=\"D\u00e9couvrez la d\u00e9cision des d\u00e9put\u00e9s britanniques sur Palestine Action et ses implications pour la l\u00e9gitimit\u00e9 de la protestation.\" \/>\n<meta property=\"og:url\" content=\"https:\/\/www.webdo.tn\/fr\/actualite\/international\/londres-classe-palestine-action-comme-groupe-terroriste\/378892\/\" \/>\n<meta property=\"og:site_name\" content=\"webdo\" \/>\n<meta property=\"article:publisher\" content=\"https:\/\/www.facebook.com\/webdotn\" \/>\n<meta property=\"article:published_time\" content=\"2025-07-02T18:59:08+00:00\" \/>\n<meta property=\"article:modified_time\" content=\"2025-07-03T07:19:45+00:00\" \/>\n<meta name=\"author\" content=\"Wided Belhaj\" \/>\n<meta name=\"twitter:card\" content=\"summary_large_image\" \/>\n<meta name=\"twitter:creator\" content=\"@webdo_tn\" \/>\n<meta name=\"twitter:site\" content=\"@webdo_tn\" \/>\n<meta name=\"twitter:label1\" content=\"\u00c9crit par\" \/>\n\t<meta name=\"twitter:data1\" content=\"Wided Belhaj\" \/>\n\t<meta name=\"twitter:label2\" content=\"Dur\u00e9e de lecture estim\u00e9e\" \/>\n\t<meta name=\"twitter:data2\" content=\"2 minutes\" \/>\n<script type=\"application\/ld+json\" class=\"yoast-schema-graph\">{\"@context\":\"https:\\\/\\\/schema.org\",\"@graph\":[{\"@type\":\"NewsArticle\",\"@id\":\"https:\\\/\\\/www.webdo.tn\\\/fr\\\/actualite\\\/international\\\/londres-classe-palestine-action-comme-groupe-terroriste\\\/378892\\\/#article\",\"isPartOf\":{\"@id\":\"https:\\\/\\\/www.webdo.tn\\\/fr\\\/actualite\\\/international\\\/londres-classe-palestine-action-comme-groupe-terroriste\\\/378892\\\/\"},\"author\":{\"name\":\"Wided Belhaj\",\"@id\":\"https:\\\/\\\/www.webdo.tn\\\/fr\\\/#\\\/schema\\\/person\\\/b9ecde7a5574cb4fcf4b496ea5fadb15\"},\"headline\":\"Londres classe \u00ab\u00a0Palestine Action\u00a0\u00bb comme groupe terroriste\",\"datePublished\":\"2025-07-02T18:59:08+00:00\",\"dateModified\":\"2025-07-03T07:19:45+00:00\",\"mainEntityOfPage\":{\"@id\":\"https:\\\/\\\/www.webdo.tn\\\/fr\\\/actualite\\\/international\\\/londres-classe-palestine-action-comme-groupe-terroriste\\\/378892\\\/\"},\"wordCount\":198,\"commentCount\":0,\"publisher\":{\"@id\":\"https:\\\/\\\/www.webdo.tn\\\/fr\\\/#organization\"},\"image\":{\"@id\":\"https:\\\/\\\/www.webdo.tn\\\/fr\\\/actualite\\\/international\\\/londres-classe-palestine-action-comme-groupe-terroriste\\\/378892\\\/#primaryimage\"},\"thumbnailUrl\":\"https:\\\/\\\/www.webdo.tn\\\/fr\\\/wp-content\\\/uploads\\\/2025\\\/07\\\/4514.avif\",\"keywords\":[\"Conflit Isra\u00ebl-Palestine\",\"Grande-Bretagne\",\"loi\"],\"articleSection\":[\"International\"],\"inLanguage\":\"fr-FR\"},{\"@type\":\"WebPage\",\"@id\":\"https:\\\/\\\/www.webdo.tn\\\/fr\\\/actualite\\\/international\\\/londres-classe-palestine-action-comme-groupe-terroriste\\\/378892\\\/\",\"url\":\"https:\\\/\\\/www.webdo.tn\\\/fr\\\/actualite\\\/international\\\/londres-classe-palestine-action-comme-groupe-terroriste\\\/378892\\\/\",\"name\":\"Londres classe \\\"Palestine Action\\\" comme groupe terroriste - webdo\",\"isPartOf\":{\"@id\":\"https:\\\/\\\/www.webdo.tn\\\/fr\\\/#website\"},\"primaryImageOfPage\":{\"@id\":\"https:\\\/\\\/www.webdo.tn\\\/fr\\\/actualite\\\/international\\\/londres-classe-palestine-action-comme-groupe-terroriste\\\/378892\\\/#primaryimage\"},\"image\":{\"@id\":\"https:\\\/\\\/www.webdo.tn\\\/fr\\\/actualite\\\/international\\\/londres-classe-palestine-action-comme-groupe-terroriste\\\/378892\\\/#primaryimage\"},\"thumbnailUrl\":\"https:\\\/\\\/www.webdo.tn\\\/fr\\\/wp-content\\\/uploads\\\/2025\\\/07\\\/4514.avif\",\"datePublished\":\"2025-07-02T18:59:08+00:00\",\"dateModified\":\"2025-07-03T07:19:45+00:00\",\"description\":\"D\u00e9couvrez la d\u00e9cision des d\u00e9put\u00e9s britanniques sur Palestine Action et ses implications pour la l\u00e9gitimit\u00e9 de la protestation.\",\"breadcrumb\":{\"@id\":\"https:\\\/\\\/www.webdo.tn\\\/fr\\\/actualite\\\/international\\\/londres-classe-palestine-action-comme-groupe-terroriste\\\/378892\\\/#breadcrumb\"},\"inLanguage\":\"fr-FR\",\"potentialAction\":[{\"@type\":\"ReadAction\",\"target\":[\"https:\\\/\\\/www.webdo.tn\\\/fr\\\/actualite\\\/international\\\/londres-classe-palestine-action-comme-groupe-terroriste\\\/378892\\\/\"]}]},{\"@type\":\"ImageObject\",\"inLanguage\":\"fr-FR\",\"@id\":\"https:\\\/\\\/www.webdo.tn\\\/fr\\\/actualite\\\/international\\\/londres-classe-palestine-action-comme-groupe-terroriste\\\/378892\\\/#primaryimage\",\"url\":\"https:\\\/\\\/www.webdo.tn\\\/fr\\\/wp-content\\\/uploads\\\/2025\\\/07\\\/4514.avif\",\"contentUrl\":\"https:\\\/\\\/www.webdo.tn\\\/fr\\\/wp-content\\\/uploads\\\/2025\\\/07\\\/4514.avif\",\"width\":1240,\"height\":992},{\"@type\":\"BreadcrumbList\",\"@id\":\"https:\\\/\\\/www.webdo.tn\\\/fr\\\/actualite\\\/international\\\/londres-classe-palestine-action-comme-groupe-terroriste\\\/378892\\\/#breadcrumb\",\"itemListElement\":[{\"@type\":\"ListItem\",\"position\":1,\"name\":\"Accueil\",\"item\":\"https:\\\/\\\/www.webdo.tn\\\/fr\\\/\"},{\"@type\":\"ListItem\",\"position\":2,\"name\":\"Londres classe \u00ab\u00a0Palestine Action\u00a0\u00bb comme groupe terroriste\"}]},{\"@type\":\"WebSite\",\"@id\":\"https:\\\/\\\/www.webdo.tn\\\/fr\\\/#website\",\"url\":\"https:\\\/\\\/www.webdo.tn\\\/fr\\\/\",\"name\":\"webdo\",\"description\":\"Tunisie - News en Tunisie et \u00e0 l&#039;international sur Webdo.tn\",\"publisher\":{\"@id\":\"https:\\\/\\\/www.webdo.tn\\\/fr\\\/#organization\"},\"potentialAction\":[{\"@type\":\"SearchAction\",\"target\":{\"@type\":\"EntryPoint\",\"urlTemplate\":\"https:\\\/\\\/www.webdo.tn\\\/fr\\\/?s={search_term_string}\"},\"query-input\":{\"@type\":\"PropertyValueSpecification\",\"valueRequired\":true,\"valueName\":\"search_term_string\"}}],\"inLanguage\":\"fr-FR\"},{\"@type\":\"Organization\",\"@id\":\"https:\\\/\\\/www.webdo.tn\\\/fr\\\/#organization\",\"name\":\"Webdo\",\"alternateName\":\"Webdo.tn\",\"url\":\"https:\\\/\\\/www.webdo.tn\\\/fr\\\/\",\"logo\":{\"@type\":\"ImageObject\",\"inLanguage\":\"fr-FR\",\"@id\":\"https:\\\/\\\/www.webdo.tn\\\/fr\\\/#\\\/schema\\\/logo\\\/image\\\/\",\"url\":\"https:\\\/\\\/www.webdo.tn\\\/fr\\\/wp-content\\\/uploads\\\/2025\\\/06\\\/Webdo-Tunisie_168377.jpg\",\"contentUrl\":\"https:\\\/\\\/www.webdo.tn\\\/fr\\\/wp-content\\\/uploads\\\/2025\\\/06\\\/Webdo-Tunisie_168377.jpg\",\"width\":301,\"height\":301,\"caption\":\"Webdo\"},\"image\":{\"@id\":\"https:\\\/\\\/www.webdo.tn\\\/fr\\\/#\\\/schema\\\/logo\\\/image\\\/\"},\"sameAs\":[\"https:\\\/\\\/www.facebook.com\\\/webdotn\",\"https:\\\/\\\/x.com\\\/webdo_tn\"],\"description\":\"Webdo est un m\u00e9dia num\u00e9rique tunisien fond\u00e9 en 2010, sp\u00e9cialis\u00e9 dans l\u2019actualit\u00e9 nationale et internationale, l\u2019\u00e9conomie, la soci\u00e9t\u00e9 et les analyses politiques. Le site s\u2019adresse \u00e0 un large public francophone et couvre l\u2019information tunisienne en temps r\u00e9el.\",\"email\":\"redac@webdo.tn\",\"legalName\":\"YNJ SARL\",\"foundingDate\":\"2010-09-06\",\"numberOfEmployees\":{\"@type\":\"QuantitativeValue\",\"minValue\":\"11\",\"maxValue\":\"50\"}},{\"@type\":\"Person\",\"@id\":\"https:\\\/\\\/www.webdo.tn\\\/fr\\\/#\\\/schema\\\/person\\\/b9ecde7a5574cb4fcf4b496ea5fadb15\",\"name\":\"Wided Belhaj\",\"image\":{\"@type\":\"ImageObject\",\"inLanguage\":\"fr-FR\",\"@id\":\"https:\\\/\\\/www.webdo.tn\\\/fr\\\/wp-content\\\/uploads\\\/2026\\\/04\\\/wided-belhaj_avatar-96x96.jpg\",\"url\":\"https:\\\/\\\/www.webdo.tn\\\/fr\\\/wp-content\\\/uploads\\\/2026\\\/04\\\/wided-belhaj_avatar-96x96.jpg\",\"contentUrl\":\"https:\\\/\\\/www.webdo.tn\\\/fr\\\/wp-content\\\/uploads\\\/2026\\\/04\\\/wided-belhaj_avatar-96x96.jpg\",\"caption\":\"Wided Belhaj\"},\"description\":\"Wided Belhaj est le pseudonyme \u00e9ditorial utilis\u00e9 par Khalil Jelassi, journaliste, ma\u00eetre-assistant \u00e0 l\u2019Institut de presse et des sciences de l\u2019information (IPSI) et chercheur en sciences de l\u2019information et de la communication. Cette signature est d\u00e9di\u00e9e \u00e0 l\u2019analyse des m\u00e9dias, des pratiques journalistiques et des mutations de l\u2019information \u00e0 l\u2019\u00e8re digitale. \u00c0 travers ses contributions, Wided Belhaj propose une lecture analytique de l\u2019actualit\u00e9, en croisant regard critique et expertise acad\u00e9mique.\",\"knowsAbout\":[\"m\u00e9dias\",\"journalisme\",\"communication\",\"information\",\"transformation num\u00e9rique\",\"analyse des m\u00e9dias\"],\"knowsLanguage\":[\"Fran\u00e7ais\",\"Arabe\"],\"jobTitle\":\"Webdo.tn\",\"worksFor\":\"Journaliste \u2013 Analyse des m\u00e9dias\",\"url\":\"https:\\\/\\\/www.webdo.tn\\\/fr\\\/actualite\\\/author\\\/wided-belhaj\\\/\"}]}<\/script>\n<!-- \/ Yoast SEO Premium plugin. -->","yoast_head_json":{"title":"Londres classe \"Palestine Action\" comme groupe terroriste - webdo","description":"D\u00e9couvrez la d\u00e9cision des d\u00e9put\u00e9s britanniques sur Palestine Action et ses implications pour la l\u00e9gitimit\u00e9 de la protestation.","canonical":"https:\/\/www.webdo.tn\/fr\/actualite\/international\/londres-classe-palestine-action-comme-groupe-terroriste\/378892\/","og_locale":"fr_FR","og_type":"article","og_title":"Londres classe \"Palestine Action\" comme groupe terroriste","og_description":"D\u00e9couvrez la d\u00e9cision des d\u00e9put\u00e9s britanniques sur Palestine Action et ses implications pour la l\u00e9gitimit\u00e9 de la protestation.","og_url":"https:\/\/www.webdo.tn\/fr\/actualite\/international\/londres-classe-palestine-action-comme-groupe-terroriste\/378892\/","og_site_name":"webdo","article_publisher":"https:\/\/www.facebook.com\/webdotn","article_published_time":"2025-07-02T18:59:08+00:00","article_modified_time":"2025-07-03T07:19:45+00:00","author":"Wided Belhaj","twitter_card":"summary_large_image","twitter_creator":"@webdo_tn","twitter_site":"@webdo_tn","twitter_misc":{"\u00c9crit par":"Wided Belhaj","Dur\u00e9e de lecture estim\u00e9e":"2 minutes"},"schema":{"@context":"https:\/\/schema.org","@graph":[{"@type":"NewsArticle","@id":"https:\/\/www.webdo.tn\/fr\/actualite\/international\/londres-classe-palestine-action-comme-groupe-terroriste\/378892\/#article","isPartOf":{"@id":"https:\/\/www.webdo.tn\/fr\/actualite\/international\/londres-classe-palestine-action-comme-groupe-terroriste\/378892\/"},"author":{"name":"Wided Belhaj","@id":"https:\/\/www.webdo.tn\/fr\/#\/schema\/person\/b9ecde7a5574cb4fcf4b496ea5fadb15"},"headline":"Londres classe \u00ab\u00a0Palestine Action\u00a0\u00bb comme groupe terroriste","datePublished":"2025-07-02T18:59:08+00:00","dateModified":"2025-07-03T07:19:45+00:00","mainEntityOfPage":{"@id":"https:\/\/www.webdo.tn\/fr\/actualite\/international\/londres-classe-palestine-action-comme-groupe-terroriste\/378892\/"},"wordCount":198,"commentCount":0,"publisher":{"@id":"https:\/\/www.webdo.tn\/fr\/#organization"},"image":{"@id":"https:\/\/www.webdo.tn\/fr\/actualite\/international\/londres-classe-palestine-action-comme-groupe-terroriste\/378892\/#primaryimage"},"thumbnailUrl":"https:\/\/www.webdo.tn\/fr\/wp-content\/uploads\/2025\/07\/4514.avif","keywords":["Conflit Isra\u00ebl-Palestine","Grande-Bretagne","loi"],"articleSection":["International"],"inLanguage":"fr-FR"},{"@type":"WebPage","@id":"https:\/\/www.webdo.tn\/fr\/actualite\/international\/londres-classe-palestine-action-comme-groupe-terroriste\/378892\/","url":"https:\/\/www.webdo.tn\/fr\/actualite\/international\/londres-classe-palestine-action-comme-groupe-terroriste\/378892\/","name":"Londres classe \"Palestine Action\" comme groupe terroriste - webdo","isPartOf":{"@id":"https:\/\/www.webdo.tn\/fr\/#website"},"primaryImageOfPage":{"@id":"https:\/\/www.webdo.tn\/fr\/actualite\/international\/londres-classe-palestine-action-comme-groupe-terroriste\/378892\/#primaryimage"},"image":{"@id":"https:\/\/www.webdo.tn\/fr\/actualite\/international\/londres-classe-palestine-action-comme-groupe-terroriste\/378892\/#primaryimage"},"thumbnailUrl":"https:\/\/www.webdo.tn\/fr\/wp-content\/uploads\/2025\/07\/4514.avif","datePublished":"2025-07-02T18:59:08+00:00","dateModified":"2025-07-03T07:19:45+00:00","description":"D\u00e9couvrez la d\u00e9cision des d\u00e9put\u00e9s britanniques sur Palestine Action et ses implications pour la l\u00e9gitimit\u00e9 de la protestation.","breadcrumb":{"@id":"https:\/\/www.webdo.tn\/fr\/actualite\/international\/londres-classe-palestine-action-comme-groupe-terroriste\/378892\/#breadcrumb"},"inLanguage":"fr-FR","potentialAction":[{"@type":"ReadAction","target":["https:\/\/www.webdo.tn\/fr\/actualite\/international\/londres-classe-palestine-action-comme-groupe-terroriste\/378892\/"]}]},{"@type":"ImageObject","inLanguage":"fr-FR","@id":"https:\/\/www.webdo.tn\/fr\/actualite\/international\/londres-classe-palestine-action-comme-groupe-terroriste\/378892\/#primaryimage","url":"https:\/\/www.webdo.tn\/fr\/wp-content\/uploads\/2025\/07\/4514.avif","contentUrl":"https:\/\/www.webdo.tn\/fr\/wp-content\/uploads\/2025\/07\/4514.avif","width":1240,"height":992},{"@type":"BreadcrumbList","@id":"https:\/\/www.webdo.tn\/fr\/actualite\/international\/londres-classe-palestine-action-comme-groupe-terroriste\/378892\/#breadcrumb","itemListElement":[{"@type":"ListItem","position":1,"name":"Accueil","item":"https:\/\/www.webdo.tn\/fr\/"},{"@type":"ListItem","position":2,"name":"Londres classe \u00ab\u00a0Palestine Action\u00a0\u00bb comme groupe terroriste"}]},{"@type":"WebSite","@id":"https:\/\/www.webdo.tn\/fr\/#website","url":"https:\/\/www.webdo.tn\/fr\/","name":"webdo","description":"Tunisie - News en Tunisie et \u00e0 l&#039;international sur Webdo.tn","publisher":{"@id":"https:\/\/www.webdo.tn\/fr\/#organization"},"potentialAction":[{"@type":"SearchAction","target":{"@type":"EntryPoint","urlTemplate":"https:\/\/www.webdo.tn\/fr\/?s={search_term_string}"},"query-input":{"@type":"PropertyValueSpecification","valueRequired":true,"valueName":"search_term_string"}}],"inLanguage":"fr-FR"},{"@type":"Organization","@id":"https:\/\/www.webdo.tn\/fr\/#organization","name":"Webdo","alternateName":"Webdo.tn","url":"https:\/\/www.webdo.tn\/fr\/","logo":{"@type":"ImageObject","inLanguage":"fr-FR","@id":"https:\/\/www.webdo.tn\/fr\/#\/schema\/logo\/image\/","url":"https:\/\/www.webdo.tn\/fr\/wp-content\/uploads\/2025\/06\/Webdo-Tunisie_168377.jpg","contentUrl":"https:\/\/www.webdo.tn\/fr\/wp-content\/uploads\/2025\/06\/Webdo-Tunisie_168377.jpg","width":301,"height":301,"caption":"Webdo"},"image":{"@id":"https:\/\/www.webdo.tn\/fr\/#\/schema\/logo\/image\/"},"sameAs":["https:\/\/www.facebook.com\/webdotn","https:\/\/x.com\/webdo_tn"],"description":"Webdo est un m\u00e9dia num\u00e9rique tunisien fond\u00e9 en 2010, sp\u00e9cialis\u00e9 dans l\u2019actualit\u00e9 nationale et internationale, l\u2019\u00e9conomie, la soci\u00e9t\u00e9 et les analyses politiques. Le site s\u2019adresse \u00e0 un large public francophone et couvre l\u2019information tunisienne en temps r\u00e9el.","email":"redac@webdo.tn","legalName":"YNJ SARL","foundingDate":"2010-09-06","numberOfEmployees":{"@type":"QuantitativeValue","minValue":"11","maxValue":"50"}},{"@type":"Person","@id":"https:\/\/www.webdo.tn\/fr\/#\/schema\/person\/b9ecde7a5574cb4fcf4b496ea5fadb15","name":"Wided Belhaj","image":{"@type":"ImageObject","inLanguage":"fr-FR","@id":"https:\/\/www.webdo.tn\/fr\/wp-content\/uploads\/2026\/04\/wided-belhaj_avatar-96x96.jpg","url":"https:\/\/www.webdo.tn\/fr\/wp-content\/uploads\/2026\/04\/wided-belhaj_avatar-96x96.jpg","contentUrl":"https:\/\/www.webdo.tn\/fr\/wp-content\/uploads\/2026\/04\/wided-belhaj_avatar-96x96.jpg","caption":"Wided Belhaj"},"description":"Wided Belhaj est le pseudonyme \u00e9ditorial utilis\u00e9 par Khalil Jelassi, journaliste, ma\u00eetre-assistant \u00e0 l\u2019Institut de presse et des sciences de l\u2019information (IPSI) et chercheur en sciences de l\u2019information et de la communication. Cette signature est d\u00e9di\u00e9e \u00e0 l\u2019analyse des m\u00e9dias, des pratiques journalistiques et des mutations de l\u2019information \u00e0 l\u2019\u00e8re digitale. \u00c0 travers ses contributions, Wided Belhaj propose une lecture analytique de l\u2019actualit\u00e9, en croisant regard critique et expertise acad\u00e9mique.","knowsAbout":["m\u00e9dias","journalisme","communication","information","transformation num\u00e9rique","analyse des m\u00e9dias"],"knowsLanguage":["Fran\u00e7ais","Arabe"],"jobTitle":"Webdo.tn","worksFor":"Journaliste \u2013 Analyse des m\u00e9dias","url":"https:\/\/www.webdo.tn\/fr\/actualite\/author\/wided-belhaj\/"}]}},"_links":{"self":[{"href":"https:\/\/www.webdo.tn\/fr\/wp-json\/wp\/v2\/posts\/378892","targetHints":{"allow":["GET"]}}],"collection":[{"href":"https:\/\/www.webdo.tn\/fr\/wp-json\/wp\/v2\/posts"}],"about":[{"href":"https:\/\/www.webdo.tn\/fr\/wp-json\/wp\/v2\/types\/post"}],"author":[{"embeddable":true,"href":"https:\/\/www.webdo.tn\/fr\/wp-json\/wp\/v2\/users\/3184"}],"replies":[{"embeddable":true,"href":"https:\/\/www.webdo.tn\/fr\/wp-json\/wp\/v2\/comments?post=378892"}],"version-history":[{"count":0,"href":"https:\/\/www.webdo.tn\/fr\/wp-json\/wp\/v2\/posts\/378892\/revisions"}],"wp:featuredmedia":[{"embeddable":true,"href":"https:\/\/www.webdo.tn\/fr\/wp-json\/wp\/v2\/media\/378893"}],"wp:attachment":[{"href":"https:\/\/www.webdo.tn\/fr\/wp-json\/wp\/v2\/media?parent=378892"}],"wp:term":[{"taxonomy":"category","embeddable":true,"href":"https:\/\/www.webdo.tn\/fr\/wp-json\/wp\/v2\/categories?post=378892"},{"taxonomy":"post_tag","embeddable":true,"href":"https:\/\/www.webdo.tn\/fr\/wp-json\/wp\/v2\/tags?post=378892"}],"curies":[{"name":"wp","href":"https:\/\/api.w.org\/{rel}","templated":true}]}}