{"id":378887,"date":"2025-07-02T18:23:58","date_gmt":"2025-07-02T17:23:58","guid":{"rendered":"https:\/\/www.webdo.tn\/fr\/?p=378887"},"modified":"2025-07-03T08:19:34","modified_gmt":"2025-07-03T07:19:34","slug":"tunisie-lugtt-exige-des-negociations-urgentes-dans-le-secteur-public","status":"publish","type":"post","link":"https:\/\/www.webdo.tn\/fr\/actualite\/national\/tunisie-lugtt-exige-des-negociations-urgentes-dans-le-secteur-public\/378887\/","title":{"rendered":"Tunisie : L\u2019UGTT exige des n\u00e9gociations urgentes dans le secteur public"},"content":{"rendered":"\n<p><strong>L&rsquo;Union g\u00e9n\u00e9rale tunisienne du travail (UGTT) a r\u00e9clam\u00e9, ce mercredi, l\u2019ouverture urgente de n\u00e9gociations dans la fonction publique et le secteur public, estimant que tout retard dans le lancement des n\u00e9gociations constitue un refus de la part du pouvoir d\u2019engager un dialogue social et un blocage du processus des n\u00e9gociations sociales.<\/strong><\/p>\n\n\n\n<p>Dans un communiqu\u00e9 publi\u00e9 \u00e0 l\u2019issue de la r\u00e9union de son instance administrative, tenue mardi, l\u2019UGTT a soulign\u00e9 la n\u00e9cessit\u00e9 de mettre en \u0153uvre les accords conclus, en particulier ceux des 6 f\u00e9vrier 2021 et 15 septembre 2022, de finaliser les n\u00e9gociations sur les statuts g\u00e9n\u00e9raux et sp\u00e9cifiques, et de r\u00e9viser les salaires.<\/p>\n\n\n\n<p>Elle a \u00e9galement r\u00e9clam\u00e9 une revalorisation du salaire minimum garanti afin de compenser la d\u00e9gradation du pouvoir d\u2019achat.<\/p>\n\n\n\n<p>L\u2019Union a soulign\u00e9 l\u2019impasse dans les n\u00e9gociations sociales dans le secteur priv\u00e9, d\u00e9non\u00e7ant un manque de s\u00e9rieux dans leur conduite. Elle a tenu le gouvernement et l\u2019Union tunisienne de l\u2019industrie, du commerce et de l\u2019artisanat (UTICA) pour responsables de la persistance des tensions sociales.<\/p>\n\n\n\n<p>L\u2019UGTT a appel\u00e9 \u00e0 la reprise des s\u00e9ances de n\u00e9gociation dans les prochains jours, r\u00e9affirmant son attachement \u00e0 des n\u00e9gociations sectorielles, \u00e0 la fois sur les aspects financiers et r\u00e9glementaires, afin de rendre justice aux travailleurs et d\u2019am\u00e9liorer leur pouvoir d\u2019achat.<\/p>\n\n\n\n<p>Elle a par ailleurs exprim\u00e9 son soutien au mouvement de protestation des jeunes m\u00e9decins r\u00e9sidents, et a condamn\u00e9 la poursuite de la guerre men\u00e9e par l\u2019alliance sioniste-am\u00e9ricaine contre le peuple palestinien, avec la complicit\u00e9 de certains r\u00e9gimes arabes officiels, appelant \u00e0 l\u2019arr\u00eat des massacres et \u00e0 la lutte contre les politiques de d\u00e9placement forc<\/p>\n\n\n\n<p><\/p>\n","protected":false},"excerpt":{"rendered":"<p>L&rsquo;Union g\u00e9n\u00e9rale tunisienne du travail (UGTT) a r\u00e9clam\u00e9, ce mercredi, l\u2019ouverture urgente de n\u00e9gociations dans la fonction publique et le secteur public, estimant que tout retard dans le lancement des n\u00e9gociations constitue un refus de la part du pouvoir d\u2019engager un dialogue social et un blocage du processus des n\u00e9gociations sociales. Dans un communiqu\u00e9 publi\u00e9 [&hellip;]<\/p>\n","protected":false},"author":3184,"featured_media":349740,"comment_status":"open","ping_status":"open","sticky":false,"template":"","format":"standard","meta":{"footnotes":""},"categories":[44],"tags":[7178,4342,2608,2649],"class_list":["post-378887","post","type-post","status-publish","format-standard","has-post-thumbnail","hentry","category-national","tag-negociations","tag-secteur-public","tag-tunisie","tag-ugtt"],"yoast_head":"<!-- This site is optimized with the Yoast SEO Premium plugin v27.5 (Yoast SEO v27.5) - https:\/\/yoast.com\/product\/yoast-seo-premium-wordpress\/ -->\n<title>Tunisie : L\u2019UGTT exige des n\u00e9gociations urgentes dans le secteur public - webdo<\/title>\n<meta name=\"description\" content=\"L&#039;UGTT n\u00e9gociations exigent un dialogue urgent pour la fonction publique et des r\u00e9visions salariales essentielles.\" \/>\n<link rel=\"canonical\" href=\"https:\/\/www.webdo.tn\/fr\/actualite\/national\/tunisie-lugtt-exige-des-negociations-urgentes-dans-le-secteur-public\/378887\/\" \/>\n<meta property=\"og:locale\" content=\"fr_FR\" \/>\n<meta property=\"og:type\" content=\"article\" \/>\n<meta property=\"og:title\" content=\"Tunisie : L\u2019UGTT exige des n\u00e9gociations urgentes dans le secteur public\" \/>\n<meta property=\"og:description\" content=\"L&#039;UGTT n\u00e9gociations exigent un dialogue urgent pour la fonction publique et des r\u00e9visions salariales essentielles.\" \/>\n<meta property=\"og:url\" content=\"https:\/\/www.webdo.tn\/fr\/actualite\/national\/tunisie-lugtt-exige-des-negociations-urgentes-dans-le-secteur-public\/378887\/\" \/>\n<meta property=\"og:site_name\" content=\"webdo\" \/>\n<meta property=\"article:publisher\" content=\"https:\/\/www.facebook.com\/webdotn\" \/>\n<meta property=\"article:published_time\" content=\"2025-07-02T17:23:58+00:00\" \/>\n<meta property=\"article:modified_time\" content=\"2025-07-03T07:19:34+00:00\" \/>\n<meta property=\"og:image\" content=\"https:\/\/www.webdo.tn\/fr\/wp-content\/uploads\/2022\/04\/taboubi-1-2.jpg\" \/>\n\t<meta property=\"og:image:width\" content=\"573\" \/>\n\t<meta property=\"og:image:height\" content=\"349\" \/>\n\t<meta property=\"og:image:type\" content=\"image\/jpeg\" \/>\n<meta name=\"author\" content=\"Wided Belhaj\" \/>\n<meta name=\"twitter:card\" content=\"summary_large_image\" \/>\n<meta name=\"twitter:creator\" content=\"@webdo_tn\" \/>\n<meta name=\"twitter:site\" content=\"@webdo_tn\" \/>\n<meta name=\"twitter:label1\" content=\"\u00c9crit par\" \/>\n\t<meta name=\"twitter:data1\" content=\"Wided Belhaj\" \/>\n\t<meta name=\"twitter:label2\" content=\"Dur\u00e9e de lecture estim\u00e9e\" \/>\n\t<meta name=\"twitter:data2\" content=\"2 minutes\" \/>\n<script type=\"application\/ld+json\" class=\"yoast-schema-graph\">{\"@context\":\"https:\\\/\\\/schema.org\",\"@graph\":[{\"@type\":\"NewsArticle\",\"@id\":\"https:\\\/\\\/www.webdo.tn\\\/fr\\\/actualite\\\/national\\\/tunisie-lugtt-exige-des-negociations-urgentes-dans-le-secteur-public\\\/378887\\\/#article\",\"isPartOf\":{\"@id\":\"https:\\\/\\\/www.webdo.tn\\\/fr\\\/actualite\\\/national\\\/tunisie-lugtt-exige-des-negociations-urgentes-dans-le-secteur-public\\\/378887\\\/\"},\"author\":{\"name\":\"Wided Belhaj\",\"@id\":\"https:\\\/\\\/www.webdo.tn\\\/fr\\\/#\\\/schema\\\/person\\\/b9ecde7a5574cb4fcf4b496ea5fadb15\"},\"headline\":\"Tunisie : L\u2019UGTT exige des n\u00e9gociations urgentes dans le secteur public\",\"datePublished\":\"2025-07-02T17:23:58+00:00\",\"dateModified\":\"2025-07-03T07:19:34+00:00\",\"mainEntityOfPage\":{\"@id\":\"https:\\\/\\\/www.webdo.tn\\\/fr\\\/actualite\\\/national\\\/tunisie-lugtt-exige-des-negociations-urgentes-dans-le-secteur-public\\\/378887\\\/\"},\"wordCount\":312,\"commentCount\":0,\"publisher\":{\"@id\":\"https:\\\/\\\/www.webdo.tn\\\/fr\\\/#organization\"},\"image\":{\"@id\":\"https:\\\/\\\/www.webdo.tn\\\/fr\\\/actualite\\\/national\\\/tunisie-lugtt-exige-des-negociations-urgentes-dans-le-secteur-public\\\/378887\\\/#primaryimage\"},\"thumbnailUrl\":\"https:\\\/\\\/www.webdo.tn\\\/fr\\\/wp-content\\\/uploads\\\/2022\\\/04\\\/taboubi-1-2.jpg\",\"keywords\":[\"N\u00e9gociations\",\"secteur public\",\"Tunisie\",\"UGTT\"],\"articleSection\":[\"National\"],\"inLanguage\":\"fr-FR\"},{\"@type\":\"WebPage\",\"@id\":\"https:\\\/\\\/www.webdo.tn\\\/fr\\\/actualite\\\/national\\\/tunisie-lugtt-exige-des-negociations-urgentes-dans-le-secteur-public\\\/378887\\\/\",\"url\":\"https:\\\/\\\/www.webdo.tn\\\/fr\\\/actualite\\\/national\\\/tunisie-lugtt-exige-des-negociations-urgentes-dans-le-secteur-public\\\/378887\\\/\",\"name\":\"Tunisie : L\u2019UGTT exige des n\u00e9gociations urgentes dans le secteur public - webdo\",\"isPartOf\":{\"@id\":\"https:\\\/\\\/www.webdo.tn\\\/fr\\\/#website\"},\"primaryImageOfPage\":{\"@id\":\"https:\\\/\\\/www.webdo.tn\\\/fr\\\/actualite\\\/national\\\/tunisie-lugtt-exige-des-negociations-urgentes-dans-le-secteur-public\\\/378887\\\/#primaryimage\"},\"image\":{\"@id\":\"https:\\\/\\\/www.webdo.tn\\\/fr\\\/actualite\\\/national\\\/tunisie-lugtt-exige-des-negociations-urgentes-dans-le-secteur-public\\\/378887\\\/#primaryimage\"},\"thumbnailUrl\":\"https:\\\/\\\/www.webdo.tn\\\/fr\\\/wp-content\\\/uploads\\\/2022\\\/04\\\/taboubi-1-2.jpg\",\"datePublished\":\"2025-07-02T17:23:58+00:00\",\"dateModified\":\"2025-07-03T07:19:34+00:00\",\"description\":\"L'UGTT n\u00e9gociations exigent un dialogue urgent pour la fonction publique et des r\u00e9visions salariales essentielles.\",\"breadcrumb\":{\"@id\":\"https:\\\/\\\/www.webdo.tn\\\/fr\\\/actualite\\\/national\\\/tunisie-lugtt-exige-des-negociations-urgentes-dans-le-secteur-public\\\/378887\\\/#breadcrumb\"},\"inLanguage\":\"fr-FR\",\"potentialAction\":[{\"@type\":\"ReadAction\",\"target\":[\"https:\\\/\\\/www.webdo.tn\\\/fr\\\/actualite\\\/national\\\/tunisie-lugtt-exige-des-negociations-urgentes-dans-le-secteur-public\\\/378887\\\/\"]}]},{\"@type\":\"ImageObject\",\"inLanguage\":\"fr-FR\",\"@id\":\"https:\\\/\\\/www.webdo.tn\\\/fr\\\/actualite\\\/national\\\/tunisie-lugtt-exige-des-negociations-urgentes-dans-le-secteur-public\\\/378887\\\/#primaryimage\",\"url\":\"https:\\\/\\\/www.webdo.tn\\\/fr\\\/wp-content\\\/uploads\\\/2022\\\/04\\\/taboubi-1-2.jpg\",\"contentUrl\":\"https:\\\/\\\/www.webdo.tn\\\/fr\\\/wp-content\\\/uploads\\\/2022\\\/04\\\/taboubi-1-2.jpg\",\"width\":573,\"height\":349,\"caption\":\"UGTT : \\\"Les gr\u00e8ves in\u00e9vitables et pas de pr\u00e9mices d\u2019apaisement\\\"\"},{\"@type\":\"BreadcrumbList\",\"@id\":\"https:\\\/\\\/www.webdo.tn\\\/fr\\\/actualite\\\/national\\\/tunisie-lugtt-exige-des-negociations-urgentes-dans-le-secteur-public\\\/378887\\\/#breadcrumb\",\"itemListElement\":[{\"@type\":\"ListItem\",\"position\":1,\"name\":\"Accueil\",\"item\":\"https:\\\/\\\/www.webdo.tn\\\/fr\\\/\"},{\"@type\":\"ListItem\",\"position\":2,\"name\":\"Tunisie : L\u2019UGTT exige des n\u00e9gociations urgentes dans le secteur public\"}]},{\"@type\":\"WebSite\",\"@id\":\"https:\\\/\\\/www.webdo.tn\\\/fr\\\/#website\",\"url\":\"https:\\\/\\\/www.webdo.tn\\\/fr\\\/\",\"name\":\"webdo\",\"description\":\"Tunisie - News en Tunisie et \u00e0 l&#039;international sur Webdo.tn\",\"publisher\":{\"@id\":\"https:\\\/\\\/www.webdo.tn\\\/fr\\\/#organization\"},\"potentialAction\":[{\"@type\":\"SearchAction\",\"target\":{\"@type\":\"EntryPoint\",\"urlTemplate\":\"https:\\\/\\\/www.webdo.tn\\\/fr\\\/?s={search_term_string}\"},\"query-input\":{\"@type\":\"PropertyValueSpecification\",\"valueRequired\":true,\"valueName\":\"search_term_string\"}}],\"inLanguage\":\"fr-FR\"},{\"@type\":\"Organization\",\"@id\":\"https:\\\/\\\/www.webdo.tn\\\/fr\\\/#organization\",\"name\":\"Webdo\",\"alternateName\":\"Webdo.tn\",\"url\":\"https:\\\/\\\/www.webdo.tn\\\/fr\\\/\",\"logo\":{\"@type\":\"ImageObject\",\"inLanguage\":\"fr-FR\",\"@id\":\"https:\\\/\\\/www.webdo.tn\\\/fr\\\/#\\\/schema\\\/logo\\\/image\\\/\",\"url\":\"https:\\\/\\\/www.webdo.tn\\\/fr\\\/wp-content\\\/uploads\\\/2025\\\/06\\\/Webdo-Tunisie_168377.jpg\",\"contentUrl\":\"https:\\\/\\\/www.webdo.tn\\\/fr\\\/wp-content\\\/uploads\\\/2025\\\/06\\\/Webdo-Tunisie_168377.jpg\",\"width\":301,\"height\":301,\"caption\":\"Webdo\"},\"image\":{\"@id\":\"https:\\\/\\\/www.webdo.tn\\\/fr\\\/#\\\/schema\\\/logo\\\/image\\\/\"},\"sameAs\":[\"https:\\\/\\\/www.facebook.com\\\/webdotn\",\"https:\\\/\\\/x.com\\\/webdo_tn\"],\"description\":\"Webdo est un m\u00e9dia num\u00e9rique tunisien fond\u00e9 en 2010, sp\u00e9cialis\u00e9 dans l\u2019actualit\u00e9 nationale et internationale, l\u2019\u00e9conomie, la soci\u00e9t\u00e9 et les analyses politiques. Le site s\u2019adresse \u00e0 un large public francophone et couvre l\u2019information tunisienne en temps r\u00e9el.\",\"email\":\"redac@webdo.tn\",\"legalName\":\"YNJ SARL\",\"foundingDate\":\"2010-09-06\",\"numberOfEmployees\":{\"@type\":\"QuantitativeValue\",\"minValue\":\"11\",\"maxValue\":\"50\"}},{\"@type\":\"Person\",\"@id\":\"https:\\\/\\\/www.webdo.tn\\\/fr\\\/#\\\/schema\\\/person\\\/b9ecde7a5574cb4fcf4b496ea5fadb15\",\"name\":\"Wided Belhaj\",\"image\":{\"@type\":\"ImageObject\",\"inLanguage\":\"fr-FR\",\"@id\":\"https:\\\/\\\/www.webdo.tn\\\/fr\\\/wp-content\\\/uploads\\\/2026\\\/04\\\/wided-belhaj_avatar-96x96.jpg\",\"url\":\"https:\\\/\\\/www.webdo.tn\\\/fr\\\/wp-content\\\/uploads\\\/2026\\\/04\\\/wided-belhaj_avatar-96x96.jpg\",\"contentUrl\":\"https:\\\/\\\/www.webdo.tn\\\/fr\\\/wp-content\\\/uploads\\\/2026\\\/04\\\/wided-belhaj_avatar-96x96.jpg\",\"caption\":\"Wided Belhaj\"},\"description\":\"Wided Belhaj est le pseudonyme \u00e9ditorial utilis\u00e9 par Khalil Jelassi, journaliste, ma\u00eetre-assistant \u00e0 l\u2019Institut de presse et des sciences de l\u2019information (IPSI) et chercheur en sciences de l\u2019information et de la communication. Cette signature est d\u00e9di\u00e9e \u00e0 l\u2019analyse des m\u00e9dias, des pratiques journalistiques et des mutations de l\u2019information \u00e0 l\u2019\u00e8re digitale. \u00c0 travers ses contributions, Wided Belhaj propose une lecture analytique de l\u2019actualit\u00e9, en croisant regard critique et expertise acad\u00e9mique.\",\"knowsAbout\":[\"m\u00e9dias\",\"journalisme\",\"communication\",\"information\",\"transformation num\u00e9rique\",\"analyse des m\u00e9dias\"],\"knowsLanguage\":[\"Fran\u00e7ais\",\"Arabe\"],\"jobTitle\":\"Webdo.tn\",\"worksFor\":\"Journaliste \u2013 Analyse des m\u00e9dias\",\"url\":\"https:\\\/\\\/www.webdo.tn\\\/fr\\\/actualite\\\/author\\\/wided-belhaj\\\/\"}]}<\/script>\n<!-- \/ Yoast SEO Premium plugin. -->","yoast_head_json":{"title":"Tunisie : L\u2019UGTT exige des n\u00e9gociations urgentes dans le secteur public - webdo","description":"L'UGTT n\u00e9gociations exigent un dialogue urgent pour la fonction publique et des r\u00e9visions salariales essentielles.","canonical":"https:\/\/www.webdo.tn\/fr\/actualite\/national\/tunisie-lugtt-exige-des-negociations-urgentes-dans-le-secteur-public\/378887\/","og_locale":"fr_FR","og_type":"article","og_title":"Tunisie : L\u2019UGTT exige des n\u00e9gociations urgentes dans le secteur public","og_description":"L'UGTT n\u00e9gociations exigent un dialogue urgent pour la fonction publique et des r\u00e9visions salariales essentielles.","og_url":"https:\/\/www.webdo.tn\/fr\/actualite\/national\/tunisie-lugtt-exige-des-negociations-urgentes-dans-le-secteur-public\/378887\/","og_site_name":"webdo","article_publisher":"https:\/\/www.facebook.com\/webdotn","article_published_time":"2025-07-02T17:23:58+00:00","article_modified_time":"2025-07-03T07:19:34+00:00","og_image":[{"width":573,"height":349,"url":"https:\/\/www.webdo.tn\/fr\/wp-content\/uploads\/2022\/04\/taboubi-1-2.jpg","type":"image\/jpeg"}],"author":"Wided Belhaj","twitter_card":"summary_large_image","twitter_creator":"@webdo_tn","twitter_site":"@webdo_tn","twitter_misc":{"\u00c9crit par":"Wided Belhaj","Dur\u00e9e de lecture estim\u00e9e":"2 minutes"},"schema":{"@context":"https:\/\/schema.org","@graph":[{"@type":"NewsArticle","@id":"https:\/\/www.webdo.tn\/fr\/actualite\/national\/tunisie-lugtt-exige-des-negociations-urgentes-dans-le-secteur-public\/378887\/#article","isPartOf":{"@id":"https:\/\/www.webdo.tn\/fr\/actualite\/national\/tunisie-lugtt-exige-des-negociations-urgentes-dans-le-secteur-public\/378887\/"},"author":{"name":"Wided Belhaj","@id":"https:\/\/www.webdo.tn\/fr\/#\/schema\/person\/b9ecde7a5574cb4fcf4b496ea5fadb15"},"headline":"Tunisie : L\u2019UGTT exige des n\u00e9gociations urgentes dans le secteur public","datePublished":"2025-07-02T17:23:58+00:00","dateModified":"2025-07-03T07:19:34+00:00","mainEntityOfPage":{"@id":"https:\/\/www.webdo.tn\/fr\/actualite\/national\/tunisie-lugtt-exige-des-negociations-urgentes-dans-le-secteur-public\/378887\/"},"wordCount":312,"commentCount":0,"publisher":{"@id":"https:\/\/www.webdo.tn\/fr\/#organization"},"image":{"@id":"https:\/\/www.webdo.tn\/fr\/actualite\/national\/tunisie-lugtt-exige-des-negociations-urgentes-dans-le-secteur-public\/378887\/#primaryimage"},"thumbnailUrl":"https:\/\/www.webdo.tn\/fr\/wp-content\/uploads\/2022\/04\/taboubi-1-2.jpg","keywords":["N\u00e9gociations","secteur public","Tunisie","UGTT"],"articleSection":["National"],"inLanguage":"fr-FR"},{"@type":"WebPage","@id":"https:\/\/www.webdo.tn\/fr\/actualite\/national\/tunisie-lugtt-exige-des-negociations-urgentes-dans-le-secteur-public\/378887\/","url":"https:\/\/www.webdo.tn\/fr\/actualite\/national\/tunisie-lugtt-exige-des-negociations-urgentes-dans-le-secteur-public\/378887\/","name":"Tunisie : L\u2019UGTT exige des n\u00e9gociations urgentes dans le secteur public - webdo","isPartOf":{"@id":"https:\/\/www.webdo.tn\/fr\/#website"},"primaryImageOfPage":{"@id":"https:\/\/www.webdo.tn\/fr\/actualite\/national\/tunisie-lugtt-exige-des-negociations-urgentes-dans-le-secteur-public\/378887\/#primaryimage"},"image":{"@id":"https:\/\/www.webdo.tn\/fr\/actualite\/national\/tunisie-lugtt-exige-des-negociations-urgentes-dans-le-secteur-public\/378887\/#primaryimage"},"thumbnailUrl":"https:\/\/www.webdo.tn\/fr\/wp-content\/uploads\/2022\/04\/taboubi-1-2.jpg","datePublished":"2025-07-02T17:23:58+00:00","dateModified":"2025-07-03T07:19:34+00:00","description":"L'UGTT n\u00e9gociations exigent un dialogue urgent pour la fonction publique et des r\u00e9visions salariales essentielles.","breadcrumb":{"@id":"https:\/\/www.webdo.tn\/fr\/actualite\/national\/tunisie-lugtt-exige-des-negociations-urgentes-dans-le-secteur-public\/378887\/#breadcrumb"},"inLanguage":"fr-FR","potentialAction":[{"@type":"ReadAction","target":["https:\/\/www.webdo.tn\/fr\/actualite\/national\/tunisie-lugtt-exige-des-negociations-urgentes-dans-le-secteur-public\/378887\/"]}]},{"@type":"ImageObject","inLanguage":"fr-FR","@id":"https:\/\/www.webdo.tn\/fr\/actualite\/national\/tunisie-lugtt-exige-des-negociations-urgentes-dans-le-secteur-public\/378887\/#primaryimage","url":"https:\/\/www.webdo.tn\/fr\/wp-content\/uploads\/2022\/04\/taboubi-1-2.jpg","contentUrl":"https:\/\/www.webdo.tn\/fr\/wp-content\/uploads\/2022\/04\/taboubi-1-2.jpg","width":573,"height":349,"caption":"UGTT : \"Les gr\u00e8ves in\u00e9vitables et pas de pr\u00e9mices d\u2019apaisement\""},{"@type":"BreadcrumbList","@id":"https:\/\/www.webdo.tn\/fr\/actualite\/national\/tunisie-lugtt-exige-des-negociations-urgentes-dans-le-secteur-public\/378887\/#breadcrumb","itemListElement":[{"@type":"ListItem","position":1,"name":"Accueil","item":"https:\/\/www.webdo.tn\/fr\/"},{"@type":"ListItem","position":2,"name":"Tunisie : L\u2019UGTT exige des n\u00e9gociations urgentes dans le secteur public"}]},{"@type":"WebSite","@id":"https:\/\/www.webdo.tn\/fr\/#website","url":"https:\/\/www.webdo.tn\/fr\/","name":"webdo","description":"Tunisie - News en Tunisie et \u00e0 l&#039;international sur Webdo.tn","publisher":{"@id":"https:\/\/www.webdo.tn\/fr\/#organization"},"potentialAction":[{"@type":"SearchAction","target":{"@type":"EntryPoint","urlTemplate":"https:\/\/www.webdo.tn\/fr\/?s={search_term_string}"},"query-input":{"@type":"PropertyValueSpecification","valueRequired":true,"valueName":"search_term_string"}}],"inLanguage":"fr-FR"},{"@type":"Organization","@id":"https:\/\/www.webdo.tn\/fr\/#organization","name":"Webdo","alternateName":"Webdo.tn","url":"https:\/\/www.webdo.tn\/fr\/","logo":{"@type":"ImageObject","inLanguage":"fr-FR","@id":"https:\/\/www.webdo.tn\/fr\/#\/schema\/logo\/image\/","url":"https:\/\/www.webdo.tn\/fr\/wp-content\/uploads\/2025\/06\/Webdo-Tunisie_168377.jpg","contentUrl":"https:\/\/www.webdo.tn\/fr\/wp-content\/uploads\/2025\/06\/Webdo-Tunisie_168377.jpg","width":301,"height":301,"caption":"Webdo"},"image":{"@id":"https:\/\/www.webdo.tn\/fr\/#\/schema\/logo\/image\/"},"sameAs":["https:\/\/www.facebook.com\/webdotn","https:\/\/x.com\/webdo_tn"],"description":"Webdo est un m\u00e9dia num\u00e9rique tunisien fond\u00e9 en 2010, sp\u00e9cialis\u00e9 dans l\u2019actualit\u00e9 nationale et internationale, l\u2019\u00e9conomie, la soci\u00e9t\u00e9 et les analyses politiques. Le site s\u2019adresse \u00e0 un large public francophone et couvre l\u2019information tunisienne en temps r\u00e9el.","email":"redac@webdo.tn","legalName":"YNJ SARL","foundingDate":"2010-09-06","numberOfEmployees":{"@type":"QuantitativeValue","minValue":"11","maxValue":"50"}},{"@type":"Person","@id":"https:\/\/www.webdo.tn\/fr\/#\/schema\/person\/b9ecde7a5574cb4fcf4b496ea5fadb15","name":"Wided Belhaj","image":{"@type":"ImageObject","inLanguage":"fr-FR","@id":"https:\/\/www.webdo.tn\/fr\/wp-content\/uploads\/2026\/04\/wided-belhaj_avatar-96x96.jpg","url":"https:\/\/www.webdo.tn\/fr\/wp-content\/uploads\/2026\/04\/wided-belhaj_avatar-96x96.jpg","contentUrl":"https:\/\/www.webdo.tn\/fr\/wp-content\/uploads\/2026\/04\/wided-belhaj_avatar-96x96.jpg","caption":"Wided Belhaj"},"description":"Wided Belhaj est le pseudonyme \u00e9ditorial utilis\u00e9 par Khalil Jelassi, journaliste, ma\u00eetre-assistant \u00e0 l\u2019Institut de presse et des sciences de l\u2019information (IPSI) et chercheur en sciences de l\u2019information et de la communication. Cette signature est d\u00e9di\u00e9e \u00e0 l\u2019analyse des m\u00e9dias, des pratiques journalistiques et des mutations de l\u2019information \u00e0 l\u2019\u00e8re digitale. \u00c0 travers ses contributions, Wided Belhaj propose une lecture analytique de l\u2019actualit\u00e9, en croisant regard critique et expertise acad\u00e9mique.","knowsAbout":["m\u00e9dias","journalisme","communication","information","transformation num\u00e9rique","analyse des m\u00e9dias"],"knowsLanguage":["Fran\u00e7ais","Arabe"],"jobTitle":"Webdo.tn","worksFor":"Journaliste \u2013 Analyse des m\u00e9dias","url":"https:\/\/www.webdo.tn\/fr\/actualite\/author\/wided-belhaj\/"}]}},"_links":{"self":[{"href":"https:\/\/www.webdo.tn\/fr\/wp-json\/wp\/v2\/posts\/378887","targetHints":{"allow":["GET"]}}],"collection":[{"href":"https:\/\/www.webdo.tn\/fr\/wp-json\/wp\/v2\/posts"}],"about":[{"href":"https:\/\/www.webdo.tn\/fr\/wp-json\/wp\/v2\/types\/post"}],"author":[{"embeddable":true,"href":"https:\/\/www.webdo.tn\/fr\/wp-json\/wp\/v2\/users\/3184"}],"replies":[{"embeddable":true,"href":"https:\/\/www.webdo.tn\/fr\/wp-json\/wp\/v2\/comments?post=378887"}],"version-history":[{"count":0,"href":"https:\/\/www.webdo.tn\/fr\/wp-json\/wp\/v2\/posts\/378887\/revisions"}],"wp:featuredmedia":[{"embeddable":true,"href":"https:\/\/www.webdo.tn\/fr\/wp-json\/wp\/v2\/media\/349740"}],"wp:attachment":[{"href":"https:\/\/www.webdo.tn\/fr\/wp-json\/wp\/v2\/media?parent=378887"}],"wp:term":[{"taxonomy":"category","embeddable":true,"href":"https:\/\/www.webdo.tn\/fr\/wp-json\/wp\/v2\/categories?post=378887"},{"taxonomy":"post_tag","embeddable":true,"href":"https:\/\/www.webdo.tn\/fr\/wp-json\/wp\/v2\/tags?post=378887"}],"curies":[{"name":"wp","href":"https:\/\/api.w.org\/{rel}","templated":true}]}}