{"id":378838,"date":"2025-07-02T12:17:17","date_gmt":"2025-07-02T11:17:17","guid":{"rendered":"https:\/\/www.webdo.tn\/fr\/?p=378838"},"modified":"2025-07-02T13:25:44","modified_gmt":"2025-07-02T12:25:44","slug":"tunisie-greve-a-la-steg-le-17-juillet","status":"publish","type":"post","link":"https:\/\/www.webdo.tn\/fr\/actualite\/national\/tunisie-greve-a-la-steg-le-17-juillet\/378838\/","title":{"rendered":"Tunisie\u00a0: Gr\u00e8ve \u00e0 la STEG le 17 juillet"},"content":{"rendered":"\n<p>La Soci\u00e9t\u00e9 tunisienne de l\u2019\u00e9lectricit\u00e9 et du gaz (STEG) sera \u00e0 l\u2019arr\u00eat le jeudi 17 juillet, suite \u00e0 l\u2019appel \u00e0 la gr\u00e8ve lanc\u00e9 par la branche sectorielle de l\u2019Union g\u00e9n\u00e9rale tunisienne du travail (UGTT). L\u2019annonce a \u00e9t\u00e9 faite ce mercredi Echaab News, organe m\u00e9diatique de la centrale syndicale, \u00e0 l\u2019issue d\u2019une r\u00e9union de l\u2019instance administrative sectorielle, pr\u00e9sid\u00e9e par Slaheddine Selmi, secr\u00e9taire g\u00e9n\u00e9ral adjoint charg\u00e9 des offices et \u00e9tablissements publics.<\/p>\n\n\n\n<p>\u00c0 l\u2019origine de cette d\u00e9cision : l\u2019impasse persistante du dialogue social entre la direction de la STEG et les autorit\u00e9s de tutelle. Les syndicalistes d\u00e9noncent un blocage des n\u00e9gociations tant sur les aspects r\u00e9glementaires que mat\u00e9riels, dans un contexte marqu\u00e9 par une forte d\u00e9gradation du pouvoir d\u2019achat et des tensions sociales croissantes.<\/p>\n\n\n\n<p>Ils pointent \u00e9galement les m\u00e9thodes jug\u00e9es dilatoires de l\u2019administration, accus\u00e9e de faire tra\u00eener le traitement des revendications l\u00e9gitimes du personnel. Parmi celles-ci figurent l\u2019int\u00e9gration des augmentations salariales pr\u00e9vues pour les ann\u00e9es 2023, 2024 et 2025 dans le salaire de base, ainsi que leur application \u00e0 la grille des grades d\u2019anciennet\u00e9. Le syndicat exige \u00e9galement l\u2019activation imm\u00e9diate de la circulaire sur les promotions bas\u00e9es sur l\u2019exp\u00e9rience.<\/p>\n\n\n\n<p>Autre point de discorde : la gestion du dossier des contrats li\u00e9s au d\u00e9veloppement des projets de production d\u2019\u00e9lectricit\u00e9 photovolta\u00efque. Le syndicat d\u00e9nonce des pratiques qualifi\u00e9es d\u2019ill\u00e9gales et s\u2019oppose \u00e0 toute tentative d\u2019\u00e9carter la STEG des projets publics dans le domaine des \u00e9nergies renouvelables. Il r\u00e9clame \u00e0 ce titre que l\u2019entreprise puisse r\u00e9aliser sa part des projets, en tant qu\u2019acteur national du service public.<\/p>\n\n\n\n<p>L\u2019UGTT appelle \u00e9galement l\u2019\u00c9tat \u00e0 allouer \u00e0 la STEG les subventions suppl\u00e9mentaires dues au titre de la p\u00e9riode 2016-2023, consid\u00e9r\u00e9es comme un investissement public dans la transition \u00e9nerg\u00e9tique.<\/p>\n\n\n\n<p>Enfin, les syndicalistes exigent le versement imm\u00e9diat des arri\u00e9r\u00e9s de droits et l\u2019application int\u00e9grale des accords sign\u00e9s, notamment le proc\u00e8s-verbal de la r\u00e9union du 28 avril 2025, rest\u00e9 jusqu\u2019ici lettre morte.<\/p>\n","protected":false},"excerpt":{"rendered":"<p>La Soci\u00e9t\u00e9 tunisienne de l\u2019\u00e9lectricit\u00e9 et du gaz (STEG) sera \u00e0 l\u2019arr\u00eat le jeudi 17 juillet, suite \u00e0 l\u2019appel \u00e0 la gr\u00e8ve lanc\u00e9 par la branche sectorielle de l\u2019Union g\u00e9n\u00e9rale tunisienne du travail (UGTT). L\u2019annonce a \u00e9t\u00e9 faite ce mercredi Echaab News, organe m\u00e9diatique de la centrale syndicale, \u00e0 l\u2019issue d\u2019une r\u00e9union de l\u2019instance administrative [&hellip;]<\/p>\n","protected":false},"author":3191,"featured_media":378839,"comment_status":"open","ping_status":"open","sticky":false,"template":"","format":"standard","meta":{"footnotes":""},"categories":[44],"tags":[2647,2742,2608,2649],"class_list":["post-378838","post","type-post","status-publish","format-standard","has-post-thumbnail","hentry","category-national","tag-greve","tag-steg","tag-tunisie","tag-ugtt"],"yoast_head":"<!-- This site is optimized with the Yoast SEO Premium plugin v27.4 (Yoast SEO v27.5) - https:\/\/yoast.com\/product\/yoast-seo-premium-wordpress\/ -->\n<title>Tunisie\u00a0: Gr\u00e8ve \u00e0 la STEG le 17 juillet - webdo<\/title>\n<meta name=\"description\" content=\"La STEG sera \u00e0 l&#039;arr\u00eat le 17 juillet. Lisez les motifs de cette gr\u00e8ve en relation avec les n\u00e9gociations en cours.\" \/>\n<link rel=\"canonical\" href=\"https:\/\/www.webdo.tn\/fr\/actualite\/national\/tunisie-greve-a-la-steg-le-17-juillet\/378838\/\" \/>\n<meta property=\"og:locale\" content=\"fr_FR\" \/>\n<meta property=\"og:type\" content=\"article\" \/>\n<meta property=\"og:title\" content=\"Tunisie\u00a0: Gr\u00e8ve \u00e0 la STEG le 17 juillet\" \/>\n<meta property=\"og:description\" content=\"La STEG sera \u00e0 l&#039;arr\u00eat le 17 juillet. Lisez les motifs de cette gr\u00e8ve en relation avec les n\u00e9gociations en cours.\" \/>\n<meta property=\"og:url\" content=\"https:\/\/www.webdo.tn\/fr\/actualite\/national\/tunisie-greve-a-la-steg-le-17-juillet\/378838\/\" \/>\n<meta property=\"og:site_name\" content=\"webdo\" \/>\n<meta property=\"article:publisher\" content=\"https:\/\/www.facebook.com\/webdotn\" \/>\n<meta property=\"article:published_time\" content=\"2025-07-02T11:17:17+00:00\" \/>\n<meta property=\"article:modified_time\" content=\"2025-07-02T12:25:44+00:00\" \/>\n<meta property=\"og:image\" content=\"https:\/\/www.webdo.tn\/fr\/wp-content\/uploads\/2025\/07\/STEG-1.jpg\" \/>\n\t<meta property=\"og:image:width\" content=\"1920\" \/>\n\t<meta property=\"og:image:height\" content=\"1080\" \/>\n\t<meta property=\"og:image:type\" content=\"image\/jpeg\" \/>\n<meta name=\"author\" content=\"Mohamed Hedi Touati\" \/>\n<meta name=\"twitter:card\" content=\"summary_large_image\" \/>\n<meta name=\"twitter:creator\" content=\"@webdo_tn\" \/>\n<meta name=\"twitter:site\" content=\"@webdo_tn\" \/>\n<meta name=\"twitter:label1\" content=\"\u00c9crit par\" \/>\n\t<meta name=\"twitter:data1\" content=\"Mohamed Hedi Touati\" \/>\n\t<meta name=\"twitter:label2\" content=\"Dur\u00e9e de lecture estim\u00e9e\" \/>\n\t<meta name=\"twitter:data2\" content=\"2 minutes\" \/>\n<script type=\"application\/ld+json\" class=\"yoast-schema-graph\">{\"@context\":\"https:\\\/\\\/schema.org\",\"@graph\":[{\"@type\":\"NewsArticle\",\"@id\":\"https:\\\/\\\/www.webdo.tn\\\/fr\\\/actualite\\\/national\\\/tunisie-greve-a-la-steg-le-17-juillet\\\/378838\\\/#article\",\"isPartOf\":{\"@id\":\"https:\\\/\\\/www.webdo.tn\\\/fr\\\/actualite\\\/national\\\/tunisie-greve-a-la-steg-le-17-juillet\\\/378838\\\/\"},\"author\":{\"name\":\"Mohamed Hedi Touati\",\"@id\":\"https:\\\/\\\/www.webdo.tn\\\/fr\\\/#\\\/schema\\\/person\\\/c652cd8fc2b1b44412b5ffb48c5a911d\"},\"headline\":\"Tunisie\u00a0: Gr\u00e8ve \u00e0 la STEG le 17 juillet\",\"datePublished\":\"2025-07-02T11:17:17+00:00\",\"dateModified\":\"2025-07-02T12:25:44+00:00\",\"mainEntityOfPage\":{\"@id\":\"https:\\\/\\\/www.webdo.tn\\\/fr\\\/actualite\\\/national\\\/tunisie-greve-a-la-steg-le-17-juillet\\\/378838\\\/\"},\"wordCount\":374,\"commentCount\":0,\"publisher\":{\"@id\":\"https:\\\/\\\/www.webdo.tn\\\/fr\\\/#organization\"},\"image\":{\"@id\":\"https:\\\/\\\/www.webdo.tn\\\/fr\\\/actualite\\\/national\\\/tunisie-greve-a-la-steg-le-17-juillet\\\/378838\\\/#primaryimage\"},\"thumbnailUrl\":\"https:\\\/\\\/www.webdo.tn\\\/fr\\\/wp-content\\\/uploads\\\/2025\\\/07\\\/STEG-1.jpg\",\"keywords\":[\"Gr\u00e8ve\",\"steg\",\"Tunisie\",\"UGTT\"],\"articleSection\":[\"National\"],\"inLanguage\":\"fr-FR\"},{\"@type\":\"WebPage\",\"@id\":\"https:\\\/\\\/www.webdo.tn\\\/fr\\\/actualite\\\/national\\\/tunisie-greve-a-la-steg-le-17-juillet\\\/378838\\\/\",\"url\":\"https:\\\/\\\/www.webdo.tn\\\/fr\\\/actualite\\\/national\\\/tunisie-greve-a-la-steg-le-17-juillet\\\/378838\\\/\",\"name\":\"Tunisie\u00a0: Gr\u00e8ve \u00e0 la STEG le 17 juillet - webdo\",\"isPartOf\":{\"@id\":\"https:\\\/\\\/www.webdo.tn\\\/fr\\\/#website\"},\"primaryImageOfPage\":{\"@id\":\"https:\\\/\\\/www.webdo.tn\\\/fr\\\/actualite\\\/national\\\/tunisie-greve-a-la-steg-le-17-juillet\\\/378838\\\/#primaryimage\"},\"image\":{\"@id\":\"https:\\\/\\\/www.webdo.tn\\\/fr\\\/actualite\\\/national\\\/tunisie-greve-a-la-steg-le-17-juillet\\\/378838\\\/#primaryimage\"},\"thumbnailUrl\":\"https:\\\/\\\/www.webdo.tn\\\/fr\\\/wp-content\\\/uploads\\\/2025\\\/07\\\/STEG-1.jpg\",\"datePublished\":\"2025-07-02T11:17:17+00:00\",\"dateModified\":\"2025-07-02T12:25:44+00:00\",\"description\":\"La STEG sera \u00e0 l'arr\u00eat le 17 juillet. Lisez les motifs de cette gr\u00e8ve en relation avec les n\u00e9gociations en cours.\",\"breadcrumb\":{\"@id\":\"https:\\\/\\\/www.webdo.tn\\\/fr\\\/actualite\\\/national\\\/tunisie-greve-a-la-steg-le-17-juillet\\\/378838\\\/#breadcrumb\"},\"inLanguage\":\"fr-FR\",\"potentialAction\":[{\"@type\":\"ReadAction\",\"target\":[\"https:\\\/\\\/www.webdo.tn\\\/fr\\\/actualite\\\/national\\\/tunisie-greve-a-la-steg-le-17-juillet\\\/378838\\\/\"]}]},{\"@type\":\"ImageObject\",\"inLanguage\":\"fr-FR\",\"@id\":\"https:\\\/\\\/www.webdo.tn\\\/fr\\\/actualite\\\/national\\\/tunisie-greve-a-la-steg-le-17-juillet\\\/378838\\\/#primaryimage\",\"url\":\"https:\\\/\\\/www.webdo.tn\\\/fr\\\/wp-content\\\/uploads\\\/2025\\\/07\\\/STEG-1.jpg\",\"contentUrl\":\"https:\\\/\\\/www.webdo.tn\\\/fr\\\/wp-content\\\/uploads\\\/2025\\\/07\\\/STEG-1.jpg\",\"width\":1920,\"height\":1080,\"caption\":\"Plusieurs zones de Mahdia priv\u00e9es d\u2019\u00e9lectricit\u00e9 ce dimanche\"},{\"@type\":\"BreadcrumbList\",\"@id\":\"https:\\\/\\\/www.webdo.tn\\\/fr\\\/actualite\\\/national\\\/tunisie-greve-a-la-steg-le-17-juillet\\\/378838\\\/#breadcrumb\",\"itemListElement\":[{\"@type\":\"ListItem\",\"position\":1,\"name\":\"Accueil\",\"item\":\"https:\\\/\\\/www.webdo.tn\\\/fr\\\/\"},{\"@type\":\"ListItem\",\"position\":2,\"name\":\"Tunisie\u00a0: Gr\u00e8ve \u00e0 la STEG le 17 juillet\"}]},{\"@type\":\"WebSite\",\"@id\":\"https:\\\/\\\/www.webdo.tn\\\/fr\\\/#website\",\"url\":\"https:\\\/\\\/www.webdo.tn\\\/fr\\\/\",\"name\":\"webdo\",\"description\":\"Tunisie - News en Tunisie et \u00e0 l&#039;international sur Webdo.tn\",\"publisher\":{\"@id\":\"https:\\\/\\\/www.webdo.tn\\\/fr\\\/#organization\"},\"potentialAction\":[{\"@type\":\"SearchAction\",\"target\":{\"@type\":\"EntryPoint\",\"urlTemplate\":\"https:\\\/\\\/www.webdo.tn\\\/fr\\\/?s={search_term_string}\"},\"query-input\":{\"@type\":\"PropertyValueSpecification\",\"valueRequired\":true,\"valueName\":\"search_term_string\"}}],\"inLanguage\":\"fr-FR\"},{\"@type\":\"Organization\",\"@id\":\"https:\\\/\\\/www.webdo.tn\\\/fr\\\/#organization\",\"name\":\"Webdo\",\"alternateName\":\"Webdo.tn\",\"url\":\"https:\\\/\\\/www.webdo.tn\\\/fr\\\/\",\"logo\":{\"@type\":\"ImageObject\",\"inLanguage\":\"fr-FR\",\"@id\":\"https:\\\/\\\/www.webdo.tn\\\/fr\\\/#\\\/schema\\\/logo\\\/image\\\/\",\"url\":\"https:\\\/\\\/www.webdo.tn\\\/fr\\\/wp-content\\\/uploads\\\/2025\\\/06\\\/Webdo-Tunisie_168377.jpg\",\"contentUrl\":\"https:\\\/\\\/www.webdo.tn\\\/fr\\\/wp-content\\\/uploads\\\/2025\\\/06\\\/Webdo-Tunisie_168377.jpg\",\"width\":301,\"height\":301,\"caption\":\"Webdo\"},\"image\":{\"@id\":\"https:\\\/\\\/www.webdo.tn\\\/fr\\\/#\\\/schema\\\/logo\\\/image\\\/\"},\"sameAs\":[\"https:\\\/\\\/www.facebook.com\\\/webdotn\",\"https:\\\/\\\/x.com\\\/webdo_tn\"],\"description\":\"Webdo est un m\u00e9dia num\u00e9rique tunisien fond\u00e9 en 2010, sp\u00e9cialis\u00e9 dans l\u2019actualit\u00e9 nationale et internationale, l\u2019\u00e9conomie, la soci\u00e9t\u00e9 et les analyses politiques. Le site s\u2019adresse \u00e0 un large public francophone et couvre l\u2019information tunisienne en temps r\u00e9el.\",\"email\":\"redac@webdo.tn\",\"legalName\":\"YNJ SARL\",\"foundingDate\":\"2010-09-06\",\"numberOfEmployees\":{\"@type\":\"QuantitativeValue\",\"minValue\":\"11\",\"maxValue\":\"50\"}},{\"@type\":\"Person\",\"@id\":\"https:\\\/\\\/www.webdo.tn\\\/fr\\\/#\\\/schema\\\/person\\\/c652cd8fc2b1b44412b5ffb48c5a911d\",\"name\":\"Mohamed Hedi Touati\",\"image\":{\"@type\":\"ImageObject\",\"inLanguage\":\"fr-FR\",\"@id\":\"https:\\\/\\\/secure.gravatar.com\\\/avatar\\\/9cfd402c745b7a685f13eed0ea6e59d2144a3c2fc50a3db6fd5ed451f6cddf1a?s=96&d=mm&r=g\",\"url\":\"https:\\\/\\\/secure.gravatar.com\\\/avatar\\\/9cfd402c745b7a685f13eed0ea6e59d2144a3c2fc50a3db6fd5ed451f6cddf1a?s=96&d=mm&r=g\",\"contentUrl\":\"https:\\\/\\\/secure.gravatar.com\\\/avatar\\\/9cfd402c745b7a685f13eed0ea6e59d2144a3c2fc50a3db6fd5ed451f6cddf1a?s=96&d=mm&r=g\",\"caption\":\"Mohamed Hedi Touati\"},\"url\":\"https:\\\/\\\/www.webdo.tn\\\/fr\\\/actualite\\\/author\\\/mohamed-hedi-touati\\\/\"}]}<\/script>\n<!-- \/ Yoast SEO Premium plugin. -->","yoast_head_json":{"title":"Tunisie\u00a0: Gr\u00e8ve \u00e0 la STEG le 17 juillet - webdo","description":"La STEG sera \u00e0 l'arr\u00eat le 17 juillet. Lisez les motifs de cette gr\u00e8ve en relation avec les n\u00e9gociations en cours.","canonical":"https:\/\/www.webdo.tn\/fr\/actualite\/national\/tunisie-greve-a-la-steg-le-17-juillet\/378838\/","og_locale":"fr_FR","og_type":"article","og_title":"Tunisie\u00a0: Gr\u00e8ve \u00e0 la STEG le 17 juillet","og_description":"La STEG sera \u00e0 l'arr\u00eat le 17 juillet. Lisez les motifs de cette gr\u00e8ve en relation avec les n\u00e9gociations en cours.","og_url":"https:\/\/www.webdo.tn\/fr\/actualite\/national\/tunisie-greve-a-la-steg-le-17-juillet\/378838\/","og_site_name":"webdo","article_publisher":"https:\/\/www.facebook.com\/webdotn","article_published_time":"2025-07-02T11:17:17+00:00","article_modified_time":"2025-07-02T12:25:44+00:00","og_image":[{"width":1920,"height":1080,"url":"https:\/\/www.webdo.tn\/fr\/wp-content\/uploads\/2025\/07\/STEG-1.jpg","type":"image\/jpeg"}],"author":"Mohamed Hedi Touati","twitter_card":"summary_large_image","twitter_creator":"@webdo_tn","twitter_site":"@webdo_tn","twitter_misc":{"\u00c9crit par":"Mohamed Hedi Touati","Dur\u00e9e de lecture estim\u00e9e":"2 minutes"},"schema":{"@context":"https:\/\/schema.org","@graph":[{"@type":"NewsArticle","@id":"https:\/\/www.webdo.tn\/fr\/actualite\/national\/tunisie-greve-a-la-steg-le-17-juillet\/378838\/#article","isPartOf":{"@id":"https:\/\/www.webdo.tn\/fr\/actualite\/national\/tunisie-greve-a-la-steg-le-17-juillet\/378838\/"},"author":{"name":"Mohamed Hedi Touati","@id":"https:\/\/www.webdo.tn\/fr\/#\/schema\/person\/c652cd8fc2b1b44412b5ffb48c5a911d"},"headline":"Tunisie\u00a0: Gr\u00e8ve \u00e0 la STEG le 17 juillet","datePublished":"2025-07-02T11:17:17+00:00","dateModified":"2025-07-02T12:25:44+00:00","mainEntityOfPage":{"@id":"https:\/\/www.webdo.tn\/fr\/actualite\/national\/tunisie-greve-a-la-steg-le-17-juillet\/378838\/"},"wordCount":374,"commentCount":0,"publisher":{"@id":"https:\/\/www.webdo.tn\/fr\/#organization"},"image":{"@id":"https:\/\/www.webdo.tn\/fr\/actualite\/national\/tunisie-greve-a-la-steg-le-17-juillet\/378838\/#primaryimage"},"thumbnailUrl":"https:\/\/www.webdo.tn\/fr\/wp-content\/uploads\/2025\/07\/STEG-1.jpg","keywords":["Gr\u00e8ve","steg","Tunisie","UGTT"],"articleSection":["National"],"inLanguage":"fr-FR"},{"@type":"WebPage","@id":"https:\/\/www.webdo.tn\/fr\/actualite\/national\/tunisie-greve-a-la-steg-le-17-juillet\/378838\/","url":"https:\/\/www.webdo.tn\/fr\/actualite\/national\/tunisie-greve-a-la-steg-le-17-juillet\/378838\/","name":"Tunisie\u00a0: Gr\u00e8ve \u00e0 la STEG le 17 juillet - webdo","isPartOf":{"@id":"https:\/\/www.webdo.tn\/fr\/#website"},"primaryImageOfPage":{"@id":"https:\/\/www.webdo.tn\/fr\/actualite\/national\/tunisie-greve-a-la-steg-le-17-juillet\/378838\/#primaryimage"},"image":{"@id":"https:\/\/www.webdo.tn\/fr\/actualite\/national\/tunisie-greve-a-la-steg-le-17-juillet\/378838\/#primaryimage"},"thumbnailUrl":"https:\/\/www.webdo.tn\/fr\/wp-content\/uploads\/2025\/07\/STEG-1.jpg","datePublished":"2025-07-02T11:17:17+00:00","dateModified":"2025-07-02T12:25:44+00:00","description":"La STEG sera \u00e0 l'arr\u00eat le 17 juillet. Lisez les motifs de cette gr\u00e8ve en relation avec les n\u00e9gociations en cours.","breadcrumb":{"@id":"https:\/\/www.webdo.tn\/fr\/actualite\/national\/tunisie-greve-a-la-steg-le-17-juillet\/378838\/#breadcrumb"},"inLanguage":"fr-FR","potentialAction":[{"@type":"ReadAction","target":["https:\/\/www.webdo.tn\/fr\/actualite\/national\/tunisie-greve-a-la-steg-le-17-juillet\/378838\/"]}]},{"@type":"ImageObject","inLanguage":"fr-FR","@id":"https:\/\/www.webdo.tn\/fr\/actualite\/national\/tunisie-greve-a-la-steg-le-17-juillet\/378838\/#primaryimage","url":"https:\/\/www.webdo.tn\/fr\/wp-content\/uploads\/2025\/07\/STEG-1.jpg","contentUrl":"https:\/\/www.webdo.tn\/fr\/wp-content\/uploads\/2025\/07\/STEG-1.jpg","width":1920,"height":1080,"caption":"Plusieurs zones de Mahdia priv\u00e9es d\u2019\u00e9lectricit\u00e9 ce dimanche"},{"@type":"BreadcrumbList","@id":"https:\/\/www.webdo.tn\/fr\/actualite\/national\/tunisie-greve-a-la-steg-le-17-juillet\/378838\/#breadcrumb","itemListElement":[{"@type":"ListItem","position":1,"name":"Accueil","item":"https:\/\/www.webdo.tn\/fr\/"},{"@type":"ListItem","position":2,"name":"Tunisie\u00a0: Gr\u00e8ve \u00e0 la STEG le 17 juillet"}]},{"@type":"WebSite","@id":"https:\/\/www.webdo.tn\/fr\/#website","url":"https:\/\/www.webdo.tn\/fr\/","name":"webdo","description":"Tunisie - News en Tunisie et \u00e0 l&#039;international sur Webdo.tn","publisher":{"@id":"https:\/\/www.webdo.tn\/fr\/#organization"},"potentialAction":[{"@type":"SearchAction","target":{"@type":"EntryPoint","urlTemplate":"https:\/\/www.webdo.tn\/fr\/?s={search_term_string}"},"query-input":{"@type":"PropertyValueSpecification","valueRequired":true,"valueName":"search_term_string"}}],"inLanguage":"fr-FR"},{"@type":"Organization","@id":"https:\/\/www.webdo.tn\/fr\/#organization","name":"Webdo","alternateName":"Webdo.tn","url":"https:\/\/www.webdo.tn\/fr\/","logo":{"@type":"ImageObject","inLanguage":"fr-FR","@id":"https:\/\/www.webdo.tn\/fr\/#\/schema\/logo\/image\/","url":"https:\/\/www.webdo.tn\/fr\/wp-content\/uploads\/2025\/06\/Webdo-Tunisie_168377.jpg","contentUrl":"https:\/\/www.webdo.tn\/fr\/wp-content\/uploads\/2025\/06\/Webdo-Tunisie_168377.jpg","width":301,"height":301,"caption":"Webdo"},"image":{"@id":"https:\/\/www.webdo.tn\/fr\/#\/schema\/logo\/image\/"},"sameAs":["https:\/\/www.facebook.com\/webdotn","https:\/\/x.com\/webdo_tn"],"description":"Webdo est un m\u00e9dia num\u00e9rique tunisien fond\u00e9 en 2010, sp\u00e9cialis\u00e9 dans l\u2019actualit\u00e9 nationale et internationale, l\u2019\u00e9conomie, la soci\u00e9t\u00e9 et les analyses politiques. Le site s\u2019adresse \u00e0 un large public francophone et couvre l\u2019information tunisienne en temps r\u00e9el.","email":"redac@webdo.tn","legalName":"YNJ SARL","foundingDate":"2010-09-06","numberOfEmployees":{"@type":"QuantitativeValue","minValue":"11","maxValue":"50"}},{"@type":"Person","@id":"https:\/\/www.webdo.tn\/fr\/#\/schema\/person\/c652cd8fc2b1b44412b5ffb48c5a911d","name":"Mohamed Hedi Touati","image":{"@type":"ImageObject","inLanguage":"fr-FR","@id":"https:\/\/secure.gravatar.com\/avatar\/9cfd402c745b7a685f13eed0ea6e59d2144a3c2fc50a3db6fd5ed451f6cddf1a?s=96&d=mm&r=g","url":"https:\/\/secure.gravatar.com\/avatar\/9cfd402c745b7a685f13eed0ea6e59d2144a3c2fc50a3db6fd5ed451f6cddf1a?s=96&d=mm&r=g","contentUrl":"https:\/\/secure.gravatar.com\/avatar\/9cfd402c745b7a685f13eed0ea6e59d2144a3c2fc50a3db6fd5ed451f6cddf1a?s=96&d=mm&r=g","caption":"Mohamed Hedi Touati"},"url":"https:\/\/www.webdo.tn\/fr\/actualite\/author\/mohamed-hedi-touati\/"}]}},"_links":{"self":[{"href":"https:\/\/www.webdo.tn\/fr\/wp-json\/wp\/v2\/posts\/378838","targetHints":{"allow":["GET"]}}],"collection":[{"href":"https:\/\/www.webdo.tn\/fr\/wp-json\/wp\/v2\/posts"}],"about":[{"href":"https:\/\/www.webdo.tn\/fr\/wp-json\/wp\/v2\/types\/post"}],"author":[{"embeddable":true,"href":"https:\/\/www.webdo.tn\/fr\/wp-json\/wp\/v2\/users\/3191"}],"replies":[{"embeddable":true,"href":"https:\/\/www.webdo.tn\/fr\/wp-json\/wp\/v2\/comments?post=378838"}],"version-history":[{"count":0,"href":"https:\/\/www.webdo.tn\/fr\/wp-json\/wp\/v2\/posts\/378838\/revisions"}],"wp:featuredmedia":[{"embeddable":true,"href":"https:\/\/www.webdo.tn\/fr\/wp-json\/wp\/v2\/media\/378839"}],"wp:attachment":[{"href":"https:\/\/www.webdo.tn\/fr\/wp-json\/wp\/v2\/media?parent=378838"}],"wp:term":[{"taxonomy":"category","embeddable":true,"href":"https:\/\/www.webdo.tn\/fr\/wp-json\/wp\/v2\/categories?post=378838"},{"taxonomy":"post_tag","embeddable":true,"href":"https:\/\/www.webdo.tn\/fr\/wp-json\/wp\/v2\/tags?post=378838"}],"curies":[{"name":"wp","href":"https:\/\/api.w.org\/{rel}","templated":true}]}}