{"id":378832,"date":"2025-07-02T11:31:58","date_gmt":"2025-07-02T10:31:58","guid":{"rendered":"https:\/\/www.webdo.tn\/fr\/?p=378832"},"modified":"2025-07-03T08:18:57","modified_gmt":"2025-07-03T07:18:57","slug":"tunisie-le-ministere-de-la-sante-affirme-avoir-satisfait-la-majorite-des-revendications-des-jeunes-medecins","status":"publish","type":"post","link":"https:\/\/www.webdo.tn\/fr\/actualite\/national\/tunisie-le-ministere-de-la-sante-affirme-avoir-satisfait-la-majorite-des-revendications-des-jeunes-medecins\/378832\/","title":{"rendered":"Tunisie\u00a0: Le minist\u00e8re de la Sant\u00e9 affirme avoir satisfait la majorit\u00e9 des revendications des jeunes m\u00e9decins"},"content":{"rendered":"\n<p>Face \u00e0 la col\u00e8re persistante des jeunes m\u00e9decins, le minist\u00e8re de la Sant\u00e9 tente d\u2019apaiser les tensions. Dans une intervention sur les ondes de Mosa\u00efque FM, ce mercredi, le chef de cabinet du ministre de la Sant\u00e9, Mabrouk Aounallah, a assur\u00e9 que la majorit\u00e9 des revendications des internes et r\u00e9sidents avaient trouv\u00e9 une issue favorable.<\/p>\n\n\n\n<p>Selon lui, les revendications des jeunes praticiens s\u2019articulent autour de six points majeurs : la validation des stages, le service national, le paiement et l\u2019augmentation des primes de garde, la hausse de la capacit\u00e9 d\u2019accueil des gardes, ainsi qu\u2019une revalorisation g\u00e9n\u00e9rale des salaires.<\/p>\n\n\n\n<p><strong>Validation des stages : des crit\u00e8res transparents adopt\u00e9s<\/strong><\/p>\n\n\n\n<p>Sur le plan acad\u00e9mique, les jeunes m\u00e9decins r\u00e9clamaient plus de transparence dans la validation des stages hospitaliers, renouvel\u00e9s tous les six mois. Aounallah a indiqu\u00e9 qu\u2019un consensus avait \u00e9t\u00e9 trouv\u00e9 avec les doyens des facult\u00e9s de m\u00e9decine pour adopter des crit\u00e8res d\u2019\u00e9valuation objectifs et uniformes. \u00ab Ce point a \u00e9t\u00e9 satisfait \u00e0 100 % \u00bb, a-t-il affirm\u00e9.<\/p>\n\n\n\n<p><strong>Service national : salaire port\u00e9 \u00e0 2000 dinars et couverture sociale<\/strong><\/p>\n\n\n\n<p>Autre avanc\u00e9e notable : la r\u00e9mun\u00e9ration des m\u00e9decins effectuant leur service national dans les structures publiques a \u00e9t\u00e9 port\u00e9e \u00e0 2000 dinars suite \u00e0 un accord conjoint entre les minist\u00e8res de la Sant\u00e9 et de la D\u00e9fense. La d\u00e9cision a \u00e9t\u00e9 publi\u00e9e au Journal officiel. En plus de cette revalorisation, les concern\u00e9s b\u00e9n\u00e9ficieront d\u00e9sormais d\u2019une couverture sociale, jusque-l\u00e0 absente.<\/p>\n\n\n\n<p>Le minist\u00e8re examine \u00e9galement la possibilit\u00e9 d\u2019exempter certains m\u00e9decins du service national, un dossier toujours en discussion avec la D\u00e9fense nationale.<\/p>\n\n\n\n<p><strong>Gardes : plus de 90% des arri\u00e9r\u00e9s r\u00e9gl\u00e9s<\/strong><\/p>\n\n\n\n<p>Concernant le paiement des gardes, dont les montants varient entre 40 et 80 dinars par nuit, Aounallah a annonc\u00e9 que plus de 90% des dus ont \u00e9t\u00e9 r\u00e9gl\u00e9s. Une cellule de suivi a \u00e9t\u00e9 mise en place au sein du minist\u00e8re pour \u00e9viter tout retard futur. Par ailleurs, toutes les demandes des h\u00f4pitaux visant \u00e0 augmenter le nombre de m\u00e9decins de garde ont \u00e9t\u00e9 satisfaites, affirme-t-il.<\/p>\n\n\n\n<p><strong>Hausses salariales : un dossier encore ouvert<\/strong><\/p>\n\n\n\n<p>Les deux derni\u00e8res revendications, portant sur la revalorisation des primes de garde et une augmentation g\u00e9n\u00e9rale des salaires, restent en suspens. Si le minist\u00e8re ne rejette pas le principe, il souligne que ces mesures impliqueraient un co\u00fbt estim\u00e9 \u00e0 120 millions de dinars par an, sans compter les autres professionnels de sant\u00e9. \u00ab Il est n\u00e9cessaire d\u2019ouvrir des n\u00e9gociations pour trouver un compromis \u00e9quilibr\u00e9 \u00bb, a conclu Mabrouk Aounallah.<\/p>\n","protected":false},"excerpt":{"rendered":"<p>Face \u00e0 la col\u00e8re persistante des jeunes m\u00e9decins, le minist\u00e8re de la Sant\u00e9 tente d\u2019apaiser les tensions. Dans une intervention sur les ondes de Mosa\u00efque FM, ce mercredi, le chef de cabinet du ministre de la Sant\u00e9, Mabrouk Aounallah, a assur\u00e9 que la majorit\u00e9 des revendications des internes et r\u00e9sidents avaient trouv\u00e9 une issue favorable. [&hellip;]<\/p>\n","protected":false},"author":3191,"featured_media":378833,"comment_status":"open","ping_status":"open","sticky":false,"template":"","format":"standard","meta":{"footnotes":""},"categories":[44],"tags":[2647,2783,4191,2608],"class_list":["post-378832","post","type-post","status-publish","format-standard","has-post-thumbnail","hentry","category-national","tag-greve","tag-jeunes-medecins","tag-revendications","tag-tunisie"],"yoast_head":"<!-- This site is optimized with the Yoast SEO Premium plugin v27.4 (Yoast SEO v27.4) - https:\/\/yoast.com\/product\/yoast-seo-premium-wordpress\/ -->\n<title>Tunisie\u00a0: Le minist\u00e8re de la Sant\u00e9 affirme avoir satisfait la majorit\u00e9 des revendications des jeunes m\u00e9decins - webdo<\/title>\n<meta name=\"description\" content=\"Le minist\u00e8re de la Sant\u00e9 s&#039;engage \u00e0 r\u00e9pondre aux pr\u00e9occupations des jeunes m\u00e9decins. Explorez leurs revendications essentielles.\" \/>\n<link rel=\"canonical\" href=\"https:\/\/www.webdo.tn\/fr\/actualite\/national\/tunisie-le-ministere-de-la-sante-affirme-avoir-satisfait-la-majorite-des-revendications-des-jeunes-medecins\/378832\/\" \/>\n<meta property=\"og:locale\" content=\"fr_FR\" \/>\n<meta property=\"og:type\" content=\"article\" \/>\n<meta property=\"og:title\" content=\"Tunisie\u00a0: Le minist\u00e8re de la Sant\u00e9 affirme avoir satisfait la majorit\u00e9 des revendications des jeunes m\u00e9decins\" \/>\n<meta property=\"og:description\" content=\"Le minist\u00e8re de la Sant\u00e9 s&#039;engage \u00e0 r\u00e9pondre aux pr\u00e9occupations des jeunes m\u00e9decins. Explorez leurs revendications essentielles.\" \/>\n<meta property=\"og:url\" content=\"https:\/\/www.webdo.tn\/fr\/actualite\/national\/tunisie-le-ministere-de-la-sante-affirme-avoir-satisfait-la-majorite-des-revendications-des-jeunes-medecins\/378832\/\" \/>\n<meta property=\"og:site_name\" content=\"webdo\" \/>\n<meta property=\"article:publisher\" content=\"https:\/\/www.facebook.com\/webdotn\" \/>\n<meta property=\"article:published_time\" content=\"2025-07-02T10:31:58+00:00\" \/>\n<meta property=\"article:modified_time\" content=\"2025-07-03T07:18:57+00:00\" \/>\n<meta property=\"og:image\" content=\"https:\/\/www.webdo.tn\/fr\/wp-content\/uploads\/2025\/07\/Jeunes-medecins-10.jpg\" \/>\n\t<meta property=\"og:image:width\" content=\"2048\" \/>\n\t<meta property=\"og:image:height\" content=\"1365\" \/>\n\t<meta property=\"og:image:type\" content=\"image\/jpeg\" \/>\n<meta name=\"author\" content=\"Mohamed Hedi Touati\" \/>\n<meta name=\"twitter:card\" content=\"summary_large_image\" \/>\n<meta name=\"twitter:creator\" content=\"@webdo_tn\" \/>\n<meta name=\"twitter:site\" content=\"@webdo_tn\" \/>\n<meta name=\"twitter:label1\" content=\"\u00c9crit par\" \/>\n\t<meta name=\"twitter:data1\" content=\"Mohamed Hedi Touati\" \/>\n\t<meta name=\"twitter:label2\" content=\"Dur\u00e9e de lecture estim\u00e9e\" \/>\n\t<meta name=\"twitter:data2\" content=\"3 minutes\" \/>\n<script type=\"application\/ld+json\" class=\"yoast-schema-graph\">{\"@context\":\"https:\\\/\\\/schema.org\",\"@graph\":[{\"@type\":\"NewsArticle\",\"@id\":\"https:\\\/\\\/www.webdo.tn\\\/fr\\\/actualite\\\/national\\\/tunisie-le-ministere-de-la-sante-affirme-avoir-satisfait-la-majorite-des-revendications-des-jeunes-medecins\\\/378832\\\/#article\",\"isPartOf\":{\"@id\":\"https:\\\/\\\/www.webdo.tn\\\/fr\\\/actualite\\\/national\\\/tunisie-le-ministere-de-la-sante-affirme-avoir-satisfait-la-majorite-des-revendications-des-jeunes-medecins\\\/378832\\\/\"},\"author\":{\"name\":\"Mohamed Hedi Touati\",\"@id\":\"https:\\\/\\\/www.webdo.tn\\\/fr\\\/#\\\/schema\\\/person\\\/c652cd8fc2b1b44412b5ffb48c5a911d\"},\"headline\":\"Tunisie\u00a0: Le minist\u00e8re de la Sant\u00e9 affirme avoir satisfait la majorit\u00e9 des revendications des jeunes m\u00e9decins\",\"datePublished\":\"2025-07-02T10:31:58+00:00\",\"dateModified\":\"2025-07-03T07:18:57+00:00\",\"mainEntityOfPage\":{\"@id\":\"https:\\\/\\\/www.webdo.tn\\\/fr\\\/actualite\\\/national\\\/tunisie-le-ministere-de-la-sante-affirme-avoir-satisfait-la-majorite-des-revendications-des-jeunes-medecins\\\/378832\\\/\"},\"wordCount\":454,\"commentCount\":0,\"publisher\":{\"@id\":\"https:\\\/\\\/www.webdo.tn\\\/fr\\\/#organization\"},\"image\":{\"@id\":\"https:\\\/\\\/www.webdo.tn\\\/fr\\\/actualite\\\/national\\\/tunisie-le-ministere-de-la-sante-affirme-avoir-satisfait-la-majorite-des-revendications-des-jeunes-medecins\\\/378832\\\/#primaryimage\"},\"thumbnailUrl\":\"https:\\\/\\\/www.webdo.tn\\\/fr\\\/wp-content\\\/uploads\\\/2025\\\/07\\\/Jeunes-medecins-10.jpg\",\"keywords\":[\"Gr\u00e8ve\",\"jeunes m\u00e9decins\",\"revendications\",\"Tunisie\"],\"articleSection\":[\"National\"],\"inLanguage\":\"fr-FR\"},{\"@type\":\"WebPage\",\"@id\":\"https:\\\/\\\/www.webdo.tn\\\/fr\\\/actualite\\\/national\\\/tunisie-le-ministere-de-la-sante-affirme-avoir-satisfait-la-majorite-des-revendications-des-jeunes-medecins\\\/378832\\\/\",\"url\":\"https:\\\/\\\/www.webdo.tn\\\/fr\\\/actualite\\\/national\\\/tunisie-le-ministere-de-la-sante-affirme-avoir-satisfait-la-majorite-des-revendications-des-jeunes-medecins\\\/378832\\\/\",\"name\":\"Tunisie\u00a0: Le minist\u00e8re de la Sant\u00e9 affirme avoir satisfait la majorit\u00e9 des revendications des jeunes m\u00e9decins - webdo\",\"isPartOf\":{\"@id\":\"https:\\\/\\\/www.webdo.tn\\\/fr\\\/#website\"},\"primaryImageOfPage\":{\"@id\":\"https:\\\/\\\/www.webdo.tn\\\/fr\\\/actualite\\\/national\\\/tunisie-le-ministere-de-la-sante-affirme-avoir-satisfait-la-majorite-des-revendications-des-jeunes-medecins\\\/378832\\\/#primaryimage\"},\"image\":{\"@id\":\"https:\\\/\\\/www.webdo.tn\\\/fr\\\/actualite\\\/national\\\/tunisie-le-ministere-de-la-sante-affirme-avoir-satisfait-la-majorite-des-revendications-des-jeunes-medecins\\\/378832\\\/#primaryimage\"},\"thumbnailUrl\":\"https:\\\/\\\/www.webdo.tn\\\/fr\\\/wp-content\\\/uploads\\\/2025\\\/07\\\/Jeunes-medecins-10.jpg\",\"datePublished\":\"2025-07-02T10:31:58+00:00\",\"dateModified\":\"2025-07-03T07:18:57+00:00\",\"description\":\"Le minist\u00e8re de la Sant\u00e9 s'engage \u00e0 r\u00e9pondre aux pr\u00e9occupations des jeunes m\u00e9decins. Explorez leurs revendications essentielles.\",\"breadcrumb\":{\"@id\":\"https:\\\/\\\/www.webdo.tn\\\/fr\\\/actualite\\\/national\\\/tunisie-le-ministere-de-la-sante-affirme-avoir-satisfait-la-majorite-des-revendications-des-jeunes-medecins\\\/378832\\\/#breadcrumb\"},\"inLanguage\":\"fr-FR\",\"potentialAction\":[{\"@type\":\"ReadAction\",\"target\":[\"https:\\\/\\\/www.webdo.tn\\\/fr\\\/actualite\\\/national\\\/tunisie-le-ministere-de-la-sante-affirme-avoir-satisfait-la-majorite-des-revendications-des-jeunes-medecins\\\/378832\\\/\"]}]},{\"@type\":\"ImageObject\",\"inLanguage\":\"fr-FR\",\"@id\":\"https:\\\/\\\/www.webdo.tn\\\/fr\\\/actualite\\\/national\\\/tunisie-le-ministere-de-la-sante-affirme-avoir-satisfait-la-majorite-des-revendications-des-jeunes-medecins\\\/378832\\\/#primaryimage\",\"url\":\"https:\\\/\\\/www.webdo.tn\\\/fr\\\/wp-content\\\/uploads\\\/2025\\\/07\\\/Jeunes-medecins-10.jpg\",\"contentUrl\":\"https:\\\/\\\/www.webdo.tn\\\/fr\\\/wp-content\\\/uploads\\\/2025\\\/07\\\/Jeunes-medecins-10.jpg\",\"width\":2048,\"height\":1365,\"caption\":\"Tunisie\u00a0: Les jeunes m\u00e9decins g\u00e8lent leur mouvement apr\u00e8s un accord avec la Sant\u00e9\"},{\"@type\":\"BreadcrumbList\",\"@id\":\"https:\\\/\\\/www.webdo.tn\\\/fr\\\/actualite\\\/national\\\/tunisie-le-ministere-de-la-sante-affirme-avoir-satisfait-la-majorite-des-revendications-des-jeunes-medecins\\\/378832\\\/#breadcrumb\",\"itemListElement\":[{\"@type\":\"ListItem\",\"position\":1,\"name\":\"Accueil\",\"item\":\"https:\\\/\\\/www.webdo.tn\\\/fr\\\/\"},{\"@type\":\"ListItem\",\"position\":2,\"name\":\"Tunisie\u00a0: Le minist\u00e8re de la Sant\u00e9 affirme avoir satisfait la majorit\u00e9 des revendications des jeunes m\u00e9decins\"}]},{\"@type\":\"WebSite\",\"@id\":\"https:\\\/\\\/www.webdo.tn\\\/fr\\\/#website\",\"url\":\"https:\\\/\\\/www.webdo.tn\\\/fr\\\/\",\"name\":\"webdo\",\"description\":\"Tunisie - News en Tunisie et \u00e0 l&#039;international sur Webdo.tn\",\"publisher\":{\"@id\":\"https:\\\/\\\/www.webdo.tn\\\/fr\\\/#organization\"},\"potentialAction\":[{\"@type\":\"SearchAction\",\"target\":{\"@type\":\"EntryPoint\",\"urlTemplate\":\"https:\\\/\\\/www.webdo.tn\\\/fr\\\/?s={search_term_string}\"},\"query-input\":{\"@type\":\"PropertyValueSpecification\",\"valueRequired\":true,\"valueName\":\"search_term_string\"}}],\"inLanguage\":\"fr-FR\"},{\"@type\":\"Organization\",\"@id\":\"https:\\\/\\\/www.webdo.tn\\\/fr\\\/#organization\",\"name\":\"Webdo\",\"alternateName\":\"Webdo.tn\",\"url\":\"https:\\\/\\\/www.webdo.tn\\\/fr\\\/\",\"logo\":{\"@type\":\"ImageObject\",\"inLanguage\":\"fr-FR\",\"@id\":\"https:\\\/\\\/www.webdo.tn\\\/fr\\\/#\\\/schema\\\/logo\\\/image\\\/\",\"url\":\"https:\\\/\\\/www.webdo.tn\\\/fr\\\/wp-content\\\/uploads\\\/2025\\\/06\\\/Webdo-Tunisie_168377.jpg\",\"contentUrl\":\"https:\\\/\\\/www.webdo.tn\\\/fr\\\/wp-content\\\/uploads\\\/2025\\\/06\\\/Webdo-Tunisie_168377.jpg\",\"width\":301,\"height\":301,\"caption\":\"Webdo\"},\"image\":{\"@id\":\"https:\\\/\\\/www.webdo.tn\\\/fr\\\/#\\\/schema\\\/logo\\\/image\\\/\"},\"sameAs\":[\"https:\\\/\\\/www.facebook.com\\\/webdotn\",\"https:\\\/\\\/x.com\\\/webdo_tn\"],\"description\":\"Webdo est un m\u00e9dia num\u00e9rique tunisien fond\u00e9 en 2010, sp\u00e9cialis\u00e9 dans l\u2019actualit\u00e9 nationale et internationale, l\u2019\u00e9conomie, la soci\u00e9t\u00e9 et les analyses politiques. Le site s\u2019adresse \u00e0 un large public francophone et couvre l\u2019information tunisienne en temps r\u00e9el.\",\"email\":\"redac@webdo.tn\",\"legalName\":\"YNJ SARL\",\"foundingDate\":\"2010-09-06\",\"numberOfEmployees\":{\"@type\":\"QuantitativeValue\",\"minValue\":\"11\",\"maxValue\":\"50\"}},{\"@type\":\"Person\",\"@id\":\"https:\\\/\\\/www.webdo.tn\\\/fr\\\/#\\\/schema\\\/person\\\/c652cd8fc2b1b44412b5ffb48c5a911d\",\"name\":\"Mohamed Hedi Touati\",\"image\":{\"@type\":\"ImageObject\",\"inLanguage\":\"fr-FR\",\"@id\":\"https:\\\/\\\/secure.gravatar.com\\\/avatar\\\/9cfd402c745b7a685f13eed0ea6e59d2144a3c2fc50a3db6fd5ed451f6cddf1a?s=96&d=mm&r=g\",\"url\":\"https:\\\/\\\/secure.gravatar.com\\\/avatar\\\/9cfd402c745b7a685f13eed0ea6e59d2144a3c2fc50a3db6fd5ed451f6cddf1a?s=96&d=mm&r=g\",\"contentUrl\":\"https:\\\/\\\/secure.gravatar.com\\\/avatar\\\/9cfd402c745b7a685f13eed0ea6e59d2144a3c2fc50a3db6fd5ed451f6cddf1a?s=96&d=mm&r=g\",\"caption\":\"Mohamed Hedi Touati\"},\"url\":\"https:\\\/\\\/www.webdo.tn\\\/fr\\\/actualite\\\/author\\\/mohamed-hedi-touati\\\/\"}]}<\/script>\n<!-- \/ Yoast SEO Premium plugin. -->","yoast_head_json":{"title":"Tunisie\u00a0: Le minist\u00e8re de la Sant\u00e9 affirme avoir satisfait la majorit\u00e9 des revendications des jeunes m\u00e9decins - webdo","description":"Le minist\u00e8re de la Sant\u00e9 s'engage \u00e0 r\u00e9pondre aux pr\u00e9occupations des jeunes m\u00e9decins. Explorez leurs revendications essentielles.","canonical":"https:\/\/www.webdo.tn\/fr\/actualite\/national\/tunisie-le-ministere-de-la-sante-affirme-avoir-satisfait-la-majorite-des-revendications-des-jeunes-medecins\/378832\/","og_locale":"fr_FR","og_type":"article","og_title":"Tunisie\u00a0: Le minist\u00e8re de la Sant\u00e9 affirme avoir satisfait la majorit\u00e9 des revendications des jeunes m\u00e9decins","og_description":"Le minist\u00e8re de la Sant\u00e9 s'engage \u00e0 r\u00e9pondre aux pr\u00e9occupations des jeunes m\u00e9decins. Explorez leurs revendications essentielles.","og_url":"https:\/\/www.webdo.tn\/fr\/actualite\/national\/tunisie-le-ministere-de-la-sante-affirme-avoir-satisfait-la-majorite-des-revendications-des-jeunes-medecins\/378832\/","og_site_name":"webdo","article_publisher":"https:\/\/www.facebook.com\/webdotn","article_published_time":"2025-07-02T10:31:58+00:00","article_modified_time":"2025-07-03T07:18:57+00:00","og_image":[{"width":2048,"height":1365,"url":"https:\/\/www.webdo.tn\/fr\/wp-content\/uploads\/2025\/07\/Jeunes-medecins-10.jpg","type":"image\/jpeg"}],"author":"Mohamed Hedi Touati","twitter_card":"summary_large_image","twitter_creator":"@webdo_tn","twitter_site":"@webdo_tn","twitter_misc":{"\u00c9crit par":"Mohamed Hedi Touati","Dur\u00e9e de lecture estim\u00e9e":"3 minutes"},"schema":{"@context":"https:\/\/schema.org","@graph":[{"@type":"NewsArticle","@id":"https:\/\/www.webdo.tn\/fr\/actualite\/national\/tunisie-le-ministere-de-la-sante-affirme-avoir-satisfait-la-majorite-des-revendications-des-jeunes-medecins\/378832\/#article","isPartOf":{"@id":"https:\/\/www.webdo.tn\/fr\/actualite\/national\/tunisie-le-ministere-de-la-sante-affirme-avoir-satisfait-la-majorite-des-revendications-des-jeunes-medecins\/378832\/"},"author":{"name":"Mohamed Hedi Touati","@id":"https:\/\/www.webdo.tn\/fr\/#\/schema\/person\/c652cd8fc2b1b44412b5ffb48c5a911d"},"headline":"Tunisie\u00a0: Le minist\u00e8re de la Sant\u00e9 affirme avoir satisfait la majorit\u00e9 des revendications des jeunes m\u00e9decins","datePublished":"2025-07-02T10:31:58+00:00","dateModified":"2025-07-03T07:18:57+00:00","mainEntityOfPage":{"@id":"https:\/\/www.webdo.tn\/fr\/actualite\/national\/tunisie-le-ministere-de-la-sante-affirme-avoir-satisfait-la-majorite-des-revendications-des-jeunes-medecins\/378832\/"},"wordCount":454,"commentCount":0,"publisher":{"@id":"https:\/\/www.webdo.tn\/fr\/#organization"},"image":{"@id":"https:\/\/www.webdo.tn\/fr\/actualite\/national\/tunisie-le-ministere-de-la-sante-affirme-avoir-satisfait-la-majorite-des-revendications-des-jeunes-medecins\/378832\/#primaryimage"},"thumbnailUrl":"https:\/\/www.webdo.tn\/fr\/wp-content\/uploads\/2025\/07\/Jeunes-medecins-10.jpg","keywords":["Gr\u00e8ve","jeunes m\u00e9decins","revendications","Tunisie"],"articleSection":["National"],"inLanguage":"fr-FR"},{"@type":"WebPage","@id":"https:\/\/www.webdo.tn\/fr\/actualite\/national\/tunisie-le-ministere-de-la-sante-affirme-avoir-satisfait-la-majorite-des-revendications-des-jeunes-medecins\/378832\/","url":"https:\/\/www.webdo.tn\/fr\/actualite\/national\/tunisie-le-ministere-de-la-sante-affirme-avoir-satisfait-la-majorite-des-revendications-des-jeunes-medecins\/378832\/","name":"Tunisie\u00a0: Le minist\u00e8re de la Sant\u00e9 affirme avoir satisfait la majorit\u00e9 des revendications des jeunes m\u00e9decins - webdo","isPartOf":{"@id":"https:\/\/www.webdo.tn\/fr\/#website"},"primaryImageOfPage":{"@id":"https:\/\/www.webdo.tn\/fr\/actualite\/national\/tunisie-le-ministere-de-la-sante-affirme-avoir-satisfait-la-majorite-des-revendications-des-jeunes-medecins\/378832\/#primaryimage"},"image":{"@id":"https:\/\/www.webdo.tn\/fr\/actualite\/national\/tunisie-le-ministere-de-la-sante-affirme-avoir-satisfait-la-majorite-des-revendications-des-jeunes-medecins\/378832\/#primaryimage"},"thumbnailUrl":"https:\/\/www.webdo.tn\/fr\/wp-content\/uploads\/2025\/07\/Jeunes-medecins-10.jpg","datePublished":"2025-07-02T10:31:58+00:00","dateModified":"2025-07-03T07:18:57+00:00","description":"Le minist\u00e8re de la Sant\u00e9 s'engage \u00e0 r\u00e9pondre aux pr\u00e9occupations des jeunes m\u00e9decins. Explorez leurs revendications essentielles.","breadcrumb":{"@id":"https:\/\/www.webdo.tn\/fr\/actualite\/national\/tunisie-le-ministere-de-la-sante-affirme-avoir-satisfait-la-majorite-des-revendications-des-jeunes-medecins\/378832\/#breadcrumb"},"inLanguage":"fr-FR","potentialAction":[{"@type":"ReadAction","target":["https:\/\/www.webdo.tn\/fr\/actualite\/national\/tunisie-le-ministere-de-la-sante-affirme-avoir-satisfait-la-majorite-des-revendications-des-jeunes-medecins\/378832\/"]}]},{"@type":"ImageObject","inLanguage":"fr-FR","@id":"https:\/\/www.webdo.tn\/fr\/actualite\/national\/tunisie-le-ministere-de-la-sante-affirme-avoir-satisfait-la-majorite-des-revendications-des-jeunes-medecins\/378832\/#primaryimage","url":"https:\/\/www.webdo.tn\/fr\/wp-content\/uploads\/2025\/07\/Jeunes-medecins-10.jpg","contentUrl":"https:\/\/www.webdo.tn\/fr\/wp-content\/uploads\/2025\/07\/Jeunes-medecins-10.jpg","width":2048,"height":1365,"caption":"Tunisie\u00a0: Les jeunes m\u00e9decins g\u00e8lent leur mouvement apr\u00e8s un accord avec la Sant\u00e9"},{"@type":"BreadcrumbList","@id":"https:\/\/www.webdo.tn\/fr\/actualite\/national\/tunisie-le-ministere-de-la-sante-affirme-avoir-satisfait-la-majorite-des-revendications-des-jeunes-medecins\/378832\/#breadcrumb","itemListElement":[{"@type":"ListItem","position":1,"name":"Accueil","item":"https:\/\/www.webdo.tn\/fr\/"},{"@type":"ListItem","position":2,"name":"Tunisie\u00a0: Le minist\u00e8re de la Sant\u00e9 affirme avoir satisfait la majorit\u00e9 des revendications des jeunes m\u00e9decins"}]},{"@type":"WebSite","@id":"https:\/\/www.webdo.tn\/fr\/#website","url":"https:\/\/www.webdo.tn\/fr\/","name":"webdo","description":"Tunisie - News en Tunisie et \u00e0 l&#039;international sur Webdo.tn","publisher":{"@id":"https:\/\/www.webdo.tn\/fr\/#organization"},"potentialAction":[{"@type":"SearchAction","target":{"@type":"EntryPoint","urlTemplate":"https:\/\/www.webdo.tn\/fr\/?s={search_term_string}"},"query-input":{"@type":"PropertyValueSpecification","valueRequired":true,"valueName":"search_term_string"}}],"inLanguage":"fr-FR"},{"@type":"Organization","@id":"https:\/\/www.webdo.tn\/fr\/#organization","name":"Webdo","alternateName":"Webdo.tn","url":"https:\/\/www.webdo.tn\/fr\/","logo":{"@type":"ImageObject","inLanguage":"fr-FR","@id":"https:\/\/www.webdo.tn\/fr\/#\/schema\/logo\/image\/","url":"https:\/\/www.webdo.tn\/fr\/wp-content\/uploads\/2025\/06\/Webdo-Tunisie_168377.jpg","contentUrl":"https:\/\/www.webdo.tn\/fr\/wp-content\/uploads\/2025\/06\/Webdo-Tunisie_168377.jpg","width":301,"height":301,"caption":"Webdo"},"image":{"@id":"https:\/\/www.webdo.tn\/fr\/#\/schema\/logo\/image\/"},"sameAs":["https:\/\/www.facebook.com\/webdotn","https:\/\/x.com\/webdo_tn"],"description":"Webdo est un m\u00e9dia num\u00e9rique tunisien fond\u00e9 en 2010, sp\u00e9cialis\u00e9 dans l\u2019actualit\u00e9 nationale et internationale, l\u2019\u00e9conomie, la soci\u00e9t\u00e9 et les analyses politiques. Le site s\u2019adresse \u00e0 un large public francophone et couvre l\u2019information tunisienne en temps r\u00e9el.","email":"redac@webdo.tn","legalName":"YNJ SARL","foundingDate":"2010-09-06","numberOfEmployees":{"@type":"QuantitativeValue","minValue":"11","maxValue":"50"}},{"@type":"Person","@id":"https:\/\/www.webdo.tn\/fr\/#\/schema\/person\/c652cd8fc2b1b44412b5ffb48c5a911d","name":"Mohamed Hedi Touati","image":{"@type":"ImageObject","inLanguage":"fr-FR","@id":"https:\/\/secure.gravatar.com\/avatar\/9cfd402c745b7a685f13eed0ea6e59d2144a3c2fc50a3db6fd5ed451f6cddf1a?s=96&d=mm&r=g","url":"https:\/\/secure.gravatar.com\/avatar\/9cfd402c745b7a685f13eed0ea6e59d2144a3c2fc50a3db6fd5ed451f6cddf1a?s=96&d=mm&r=g","contentUrl":"https:\/\/secure.gravatar.com\/avatar\/9cfd402c745b7a685f13eed0ea6e59d2144a3c2fc50a3db6fd5ed451f6cddf1a?s=96&d=mm&r=g","caption":"Mohamed Hedi Touati"},"url":"https:\/\/www.webdo.tn\/fr\/actualite\/author\/mohamed-hedi-touati\/"}]}},"_links":{"self":[{"href":"https:\/\/www.webdo.tn\/fr\/wp-json\/wp\/v2\/posts\/378832","targetHints":{"allow":["GET"]}}],"collection":[{"href":"https:\/\/www.webdo.tn\/fr\/wp-json\/wp\/v2\/posts"}],"about":[{"href":"https:\/\/www.webdo.tn\/fr\/wp-json\/wp\/v2\/types\/post"}],"author":[{"embeddable":true,"href":"https:\/\/www.webdo.tn\/fr\/wp-json\/wp\/v2\/users\/3191"}],"replies":[{"embeddable":true,"href":"https:\/\/www.webdo.tn\/fr\/wp-json\/wp\/v2\/comments?post=378832"}],"version-history":[{"count":0,"href":"https:\/\/www.webdo.tn\/fr\/wp-json\/wp\/v2\/posts\/378832\/revisions"}],"wp:featuredmedia":[{"embeddable":true,"href":"https:\/\/www.webdo.tn\/fr\/wp-json\/wp\/v2\/media\/378833"}],"wp:attachment":[{"href":"https:\/\/www.webdo.tn\/fr\/wp-json\/wp\/v2\/media?parent=378832"}],"wp:term":[{"taxonomy":"category","embeddable":true,"href":"https:\/\/www.webdo.tn\/fr\/wp-json\/wp\/v2\/categories?post=378832"},{"taxonomy":"post_tag","embeddable":true,"href":"https:\/\/www.webdo.tn\/fr\/wp-json\/wp\/v2\/tags?post=378832"}],"curies":[{"name":"wp","href":"https:\/\/api.w.org\/{rel}","templated":true}]}}