{"id":378827,"date":"2025-07-02T10:50:37","date_gmt":"2025-07-02T09:50:37","guid":{"rendered":"https:\/\/www.webdo.tn\/fr\/?p=378827"},"modified":"2025-07-02T13:25:51","modified_gmt":"2025-07-02T12:25:51","slug":"tunisie-la-nuit-des-chefs-lorchestre-symphonique-tunisien-en-tournee-estivale-dexception","status":"publish","type":"post","link":"https:\/\/www.webdo.tn\/fr\/actualite\/culture\/tunisie-la-nuit-des-chefs-lorchestre-symphonique-tunisien-en-tournee-estivale-dexception\/378827\/","title":{"rendered":"Tunisie &#8211; \u00ab\u00a0La Nuit des Chefs\u00a0\u00bb : L\u2019Orchestre Symphonique Tunisien en tourn\u00e9e estivale d\u2019exception"},"content":{"rendered":"\n<p><strong>L\u2019Orchestre Symphonique Tunisien s\u2019appr\u00eate \u00e0 entamer une tourn\u00e9e estivale prestigieuse avec le spectacle \u00ab La Nuit des Chefs \u00bb, une exp\u00e9rience musicale hors du commun qui fera escale dans trois grands festivals nationaux.<\/strong><\/p>\n\n\n\n<p>Le voyage d\u00e9butera le 12 juillet au Festival International de Hammamet, se poursuivra le 20 juillet dans le cadre des Nocturnes d\u2019El Jem, et s\u2019ach\u00e8vera le 1er ao\u00fbt sur la sc\u00e8ne majestueuse du Festival International de Carthage.<\/p>\n\n\n\n<p>Cette production originale, imagin\u00e9e sous le signe de la diversit\u00e9 artistique, r\u00e9unira plusieurs chefs d\u2019orchestre venus de divers horizons. Chacun dirigera une \u0153uvre ou un mouvement, imprimant sa vision, sa sensibilit\u00e9 et son \u00e9nergie \u00e0 l\u2019ensemble symphonique.<\/p>\n\n\n\n<p>Cette pluralit\u00e9 de baguettes promet une exploration vivante et contrast\u00e9e du r\u00e9pertoire, o\u00f9 chaque chef apportera sa propre lecture d\u2019une partition, transformant l\u2019orchestre \u00e0 chaque intervention.<\/p>\n\n\n\n<p>Bien plus qu\u2019un concert, \u00ab La Nuit des Chefs \u00bb s\u2019annonce comme une exp\u00e9rience immersive et \u00e9volutive, o\u00f9 la direction orchestrale devient un v\u00e9ritable langage en soi. La pr\u00e9sence de plusieurs chefs dans une m\u00eame soir\u00e9e invite \u00e0 percevoir l\u2019orchestre comme un corps en perp\u00e9tuelle m\u00e9tamorphose, capable de r\u00e9v\u00e9ler des nuances insoup\u00e7onn\u00e9es au fil des interpr\u00e9tations.<\/p>\n\n\n\n<p>Le concert sera enrichi par la participation des ch\u0153urs du Th\u00e9\u00e2tre de l\u2019Op\u00e9ra de Tunis, apportant une dimension vocale puissante \u00e0 cette c\u00e9l\u00e9bration musicale. Dans une ambiance de dialogue artistique entre chefs, musiciens et public, cette tourn\u00e9e se veut une ode \u00e0 la richesse de l\u2019expression symphonique et \u00e0 l\u2019universalit\u00e9 de la musique.<\/p>\n","protected":false},"excerpt":{"rendered":"<p>L\u2019Orchestre Symphonique Tunisien s\u2019appr\u00eate \u00e0 entamer une tourn\u00e9e estivale prestigieuse avec le spectacle \u00ab La Nuit des Chefs \u00bb, une exp\u00e9rience musicale hors du commun qui fera escale dans trois grands festivals nationaux. Le voyage d\u00e9butera le 12 juillet au Festival International de Hammamet, se poursuivra le 20 juillet dans le cadre des Nocturnes d\u2019El [&hellip;]<\/p>\n","protected":false},"author":3191,"featured_media":378828,"comment_status":"open","ping_status":"open","sticky":false,"template":"","format":"standard","meta":{"footnotes":""},"categories":[12086,2594],"tags":[12083,12084,2608],"class_list":["post-378827","post","type-post","status-publish","format-standard","has-post-thumbnail","hentry","category-a-suivre","category-culture","tag-la-nuit-des-chefs","tag-orchestre-symphonique-tunisien","tag-tunisie"],"yoast_head":"<!-- This site is optimized with the Yoast SEO Premium plugin v27.5 (Yoast SEO v27.5) - https:\/\/yoast.com\/product\/yoast-seo-premium-wordpress\/ -->\n<title>Tunisie - &quot;La Nuit des Chefs&quot; : L\u2019Orchestre Symphonique Tunisien en tourn\u00e9e estivale d\u2019exception - webdo<\/title>\n<meta name=\"description\" content=\"Assistez \u00e0 La Nuit des Chefs, une exp\u00e9rience musicale exceptionnelle aux Festivals de Hammamet, El Jem et Carthage.\" \/>\n<link rel=\"canonical\" href=\"https:\/\/www.webdo.tn\/fr\/actualite\/culture\/tunisie-la-nuit-des-chefs-lorchestre-symphonique-tunisien-en-tournee-estivale-dexception\/378827\/\" \/>\n<meta property=\"og:locale\" content=\"fr_FR\" \/>\n<meta property=\"og:type\" content=\"article\" \/>\n<meta property=\"og:title\" content=\"Tunisie - &quot;La Nuit des Chefs&quot; : L\u2019Orchestre Symphonique Tunisien en tourn\u00e9e estivale d\u2019exception\" \/>\n<meta property=\"og:description\" content=\"Assistez \u00e0 La Nuit des Chefs, une exp\u00e9rience musicale exceptionnelle aux Festivals de Hammamet, El Jem et Carthage.\" \/>\n<meta property=\"og:url\" content=\"https:\/\/www.webdo.tn\/fr\/actualite\/culture\/tunisie-la-nuit-des-chefs-lorchestre-symphonique-tunisien-en-tournee-estivale-dexception\/378827\/\" \/>\n<meta property=\"og:site_name\" content=\"webdo\" \/>\n<meta property=\"article:publisher\" content=\"https:\/\/www.facebook.com\/webdotn\" \/>\n<meta property=\"article:published_time\" content=\"2025-07-02T09:50:37+00:00\" \/>\n<meta property=\"article:modified_time\" content=\"2025-07-02T12:25:51+00:00\" \/>\n<meta property=\"og:image\" content=\"https:\/\/www.webdo.tn\/fr\/wp-content\/uploads\/2025\/07\/Lorchestre_Symphonique_Tunisien.jpg\" \/>\n\t<meta property=\"og:image:width\" content=\"1200\" \/>\n\t<meta property=\"og:image:height\" content=\"675\" \/>\n\t<meta property=\"og:image:type\" content=\"image\/jpeg\" \/>\n<meta name=\"author\" content=\"Mohamed Hedi Touati\" \/>\n<meta name=\"twitter:card\" content=\"summary_large_image\" \/>\n<meta name=\"twitter:creator\" content=\"@webdo_tn\" \/>\n<meta name=\"twitter:site\" content=\"@webdo_tn\" \/>\n<meta name=\"twitter:label1\" content=\"\u00c9crit par\" \/>\n\t<meta name=\"twitter:data1\" content=\"Mohamed Hedi Touati\" \/>\n\t<meta name=\"twitter:label2\" content=\"Dur\u00e9e de lecture estim\u00e9e\" \/>\n\t<meta name=\"twitter:data2\" content=\"2 minutes\" \/>\n<script type=\"application\/ld+json\" class=\"yoast-schema-graph\">{\"@context\":\"https:\\\/\\\/schema.org\",\"@graph\":[{\"@type\":\"NewsArticle\",\"@id\":\"https:\\\/\\\/www.webdo.tn\\\/fr\\\/actualite\\\/culture\\\/tunisie-la-nuit-des-chefs-lorchestre-symphonique-tunisien-en-tournee-estivale-dexception\\\/378827\\\/#article\",\"isPartOf\":{\"@id\":\"https:\\\/\\\/www.webdo.tn\\\/fr\\\/actualite\\\/culture\\\/tunisie-la-nuit-des-chefs-lorchestre-symphonique-tunisien-en-tournee-estivale-dexception\\\/378827\\\/\"},\"author\":{\"name\":\"Mohamed Hedi Touati\",\"@id\":\"https:\\\/\\\/www.webdo.tn\\\/fr\\\/#\\\/schema\\\/person\\\/c652cd8fc2b1b44412b5ffb48c5a911d\"},\"headline\":\"Tunisie &#8211; \u00ab\u00a0La Nuit des Chefs\u00a0\u00bb : L\u2019Orchestre Symphonique Tunisien en tourn\u00e9e estivale d\u2019exception\",\"datePublished\":\"2025-07-02T09:50:37+00:00\",\"dateModified\":\"2025-07-02T12:25:51+00:00\",\"mainEntityOfPage\":{\"@id\":\"https:\\\/\\\/www.webdo.tn\\\/fr\\\/actualite\\\/culture\\\/tunisie-la-nuit-des-chefs-lorchestre-symphonique-tunisien-en-tournee-estivale-dexception\\\/378827\\\/\"},\"wordCount\":288,\"commentCount\":0,\"publisher\":{\"@id\":\"https:\\\/\\\/www.webdo.tn\\\/fr\\\/#organization\"},\"image\":{\"@id\":\"https:\\\/\\\/www.webdo.tn\\\/fr\\\/actualite\\\/culture\\\/tunisie-la-nuit-des-chefs-lorchestre-symphonique-tunisien-en-tournee-estivale-dexception\\\/378827\\\/#primaryimage\"},\"thumbnailUrl\":\"https:\\\/\\\/www.webdo.tn\\\/fr\\\/wp-content\\\/uploads\\\/2025\\\/07\\\/Lorchestre_Symphonique_Tunisien.jpg\",\"keywords\":[\"La Nuit des Chefs\",\"Orchestre Symphonique Tunisien\",\"Tunisie\"],\"articleSection\":[\"\u00c0 suivre\",\"Culture\"],\"inLanguage\":\"fr-FR\"},{\"@type\":\"WebPage\",\"@id\":\"https:\\\/\\\/www.webdo.tn\\\/fr\\\/actualite\\\/culture\\\/tunisie-la-nuit-des-chefs-lorchestre-symphonique-tunisien-en-tournee-estivale-dexception\\\/378827\\\/\",\"url\":\"https:\\\/\\\/www.webdo.tn\\\/fr\\\/actualite\\\/culture\\\/tunisie-la-nuit-des-chefs-lorchestre-symphonique-tunisien-en-tournee-estivale-dexception\\\/378827\\\/\",\"name\":\"Tunisie - \\\"La Nuit des Chefs\\\" : L\u2019Orchestre Symphonique Tunisien en tourn\u00e9e estivale d\u2019exception - webdo\",\"isPartOf\":{\"@id\":\"https:\\\/\\\/www.webdo.tn\\\/fr\\\/#website\"},\"primaryImageOfPage\":{\"@id\":\"https:\\\/\\\/www.webdo.tn\\\/fr\\\/actualite\\\/culture\\\/tunisie-la-nuit-des-chefs-lorchestre-symphonique-tunisien-en-tournee-estivale-dexception\\\/378827\\\/#primaryimage\"},\"image\":{\"@id\":\"https:\\\/\\\/www.webdo.tn\\\/fr\\\/actualite\\\/culture\\\/tunisie-la-nuit-des-chefs-lorchestre-symphonique-tunisien-en-tournee-estivale-dexception\\\/378827\\\/#primaryimage\"},\"thumbnailUrl\":\"https:\\\/\\\/www.webdo.tn\\\/fr\\\/wp-content\\\/uploads\\\/2025\\\/07\\\/Lorchestre_Symphonique_Tunisien.jpg\",\"datePublished\":\"2025-07-02T09:50:37+00:00\",\"dateModified\":\"2025-07-02T12:25:51+00:00\",\"description\":\"Assistez \u00e0 La Nuit des Chefs, une exp\u00e9rience musicale exceptionnelle aux Festivals de Hammamet, El Jem et Carthage.\",\"breadcrumb\":{\"@id\":\"https:\\\/\\\/www.webdo.tn\\\/fr\\\/actualite\\\/culture\\\/tunisie-la-nuit-des-chefs-lorchestre-symphonique-tunisien-en-tournee-estivale-dexception\\\/378827\\\/#breadcrumb\"},\"inLanguage\":\"fr-FR\",\"potentialAction\":[{\"@type\":\"ReadAction\",\"target\":[\"https:\\\/\\\/www.webdo.tn\\\/fr\\\/actualite\\\/culture\\\/tunisie-la-nuit-des-chefs-lorchestre-symphonique-tunisien-en-tournee-estivale-dexception\\\/378827\\\/\"]}]},{\"@type\":\"ImageObject\",\"inLanguage\":\"fr-FR\",\"@id\":\"https:\\\/\\\/www.webdo.tn\\\/fr\\\/actualite\\\/culture\\\/tunisie-la-nuit-des-chefs-lorchestre-symphonique-tunisien-en-tournee-estivale-dexception\\\/378827\\\/#primaryimage\",\"url\":\"https:\\\/\\\/www.webdo.tn\\\/fr\\\/wp-content\\\/uploads\\\/2025\\\/07\\\/Lorchestre_Symphonique_Tunisien.jpg\",\"contentUrl\":\"https:\\\/\\\/www.webdo.tn\\\/fr\\\/wp-content\\\/uploads\\\/2025\\\/07\\\/Lorchestre_Symphonique_Tunisien.jpg\",\"width\":1200,\"height\":675,\"caption\":\"L\u2019Orchestre Symphonique Tunisien en tourn\u00e9e estivale d\u2019exception\"},{\"@type\":\"BreadcrumbList\",\"@id\":\"https:\\\/\\\/www.webdo.tn\\\/fr\\\/actualite\\\/culture\\\/tunisie-la-nuit-des-chefs-lorchestre-symphonique-tunisien-en-tournee-estivale-dexception\\\/378827\\\/#breadcrumb\",\"itemListElement\":[{\"@type\":\"ListItem\",\"position\":1,\"name\":\"Accueil\",\"item\":\"https:\\\/\\\/www.webdo.tn\\\/fr\\\/\"},{\"@type\":\"ListItem\",\"position\":2,\"name\":\"Tunisie &#8211; \u00ab\u00a0La Nuit des Chefs\u00a0\u00bb : L\u2019Orchestre Symphonique Tunisien en tourn\u00e9e estivale d\u2019exception\"}]},{\"@type\":\"WebSite\",\"@id\":\"https:\\\/\\\/www.webdo.tn\\\/fr\\\/#website\",\"url\":\"https:\\\/\\\/www.webdo.tn\\\/fr\\\/\",\"name\":\"webdo\",\"description\":\"Tunisie - News en Tunisie et \u00e0 l&#039;international sur Webdo.tn\",\"publisher\":{\"@id\":\"https:\\\/\\\/www.webdo.tn\\\/fr\\\/#organization\"},\"potentialAction\":[{\"@type\":\"SearchAction\",\"target\":{\"@type\":\"EntryPoint\",\"urlTemplate\":\"https:\\\/\\\/www.webdo.tn\\\/fr\\\/?s={search_term_string}\"},\"query-input\":{\"@type\":\"PropertyValueSpecification\",\"valueRequired\":true,\"valueName\":\"search_term_string\"}}],\"inLanguage\":\"fr-FR\"},{\"@type\":\"Organization\",\"@id\":\"https:\\\/\\\/www.webdo.tn\\\/fr\\\/#organization\",\"name\":\"Webdo\",\"alternateName\":\"Webdo.tn\",\"url\":\"https:\\\/\\\/www.webdo.tn\\\/fr\\\/\",\"logo\":{\"@type\":\"ImageObject\",\"inLanguage\":\"fr-FR\",\"@id\":\"https:\\\/\\\/www.webdo.tn\\\/fr\\\/#\\\/schema\\\/logo\\\/image\\\/\",\"url\":\"https:\\\/\\\/www.webdo.tn\\\/fr\\\/wp-content\\\/uploads\\\/2025\\\/06\\\/Webdo-Tunisie_168377.jpg\",\"contentUrl\":\"https:\\\/\\\/www.webdo.tn\\\/fr\\\/wp-content\\\/uploads\\\/2025\\\/06\\\/Webdo-Tunisie_168377.jpg\",\"width\":301,\"height\":301,\"caption\":\"Webdo\"},\"image\":{\"@id\":\"https:\\\/\\\/www.webdo.tn\\\/fr\\\/#\\\/schema\\\/logo\\\/image\\\/\"},\"sameAs\":[\"https:\\\/\\\/www.facebook.com\\\/webdotn\",\"https:\\\/\\\/x.com\\\/webdo_tn\"],\"description\":\"Webdo est un m\u00e9dia num\u00e9rique tunisien fond\u00e9 en 2010, sp\u00e9cialis\u00e9 dans l\u2019actualit\u00e9 nationale et internationale, l\u2019\u00e9conomie, la soci\u00e9t\u00e9 et les analyses politiques. Le site s\u2019adresse \u00e0 un large public francophone et couvre l\u2019information tunisienne en temps r\u00e9el.\",\"email\":\"redac@webdo.tn\",\"legalName\":\"YNJ SARL\",\"foundingDate\":\"2010-09-06\",\"numberOfEmployees\":{\"@type\":\"QuantitativeValue\",\"minValue\":\"11\",\"maxValue\":\"50\"}},{\"@type\":\"Person\",\"@id\":\"https:\\\/\\\/www.webdo.tn\\\/fr\\\/#\\\/schema\\\/person\\\/c652cd8fc2b1b44412b5ffb48c5a911d\",\"name\":\"Mohamed Hedi Touati\",\"image\":{\"@type\":\"ImageObject\",\"inLanguage\":\"fr-FR\",\"@id\":\"https:\\\/\\\/secure.gravatar.com\\\/avatar\\\/9cfd402c745b7a685f13eed0ea6e59d2144a3c2fc50a3db6fd5ed451f6cddf1a?s=96&d=mm&r=g\",\"url\":\"https:\\\/\\\/secure.gravatar.com\\\/avatar\\\/9cfd402c745b7a685f13eed0ea6e59d2144a3c2fc50a3db6fd5ed451f6cddf1a?s=96&d=mm&r=g\",\"contentUrl\":\"https:\\\/\\\/secure.gravatar.com\\\/avatar\\\/9cfd402c745b7a685f13eed0ea6e59d2144a3c2fc50a3db6fd5ed451f6cddf1a?s=96&d=mm&r=g\",\"caption\":\"Mohamed Hedi Touati\"},\"url\":\"https:\\\/\\\/www.webdo.tn\\\/fr\\\/actualite\\\/author\\\/mohamed-hedi-touati\\\/\"}]}<\/script>\n<!-- \/ Yoast SEO Premium plugin. -->","yoast_head_json":{"title":"Tunisie - \"La Nuit des Chefs\" : L\u2019Orchestre Symphonique Tunisien en tourn\u00e9e estivale d\u2019exception - webdo","description":"Assistez \u00e0 La Nuit des Chefs, une exp\u00e9rience musicale exceptionnelle aux Festivals de Hammamet, El Jem et Carthage.","canonical":"https:\/\/www.webdo.tn\/fr\/actualite\/culture\/tunisie-la-nuit-des-chefs-lorchestre-symphonique-tunisien-en-tournee-estivale-dexception\/378827\/","og_locale":"fr_FR","og_type":"article","og_title":"Tunisie - \"La Nuit des Chefs\" : L\u2019Orchestre Symphonique Tunisien en tourn\u00e9e estivale d\u2019exception","og_description":"Assistez \u00e0 La Nuit des Chefs, une exp\u00e9rience musicale exceptionnelle aux Festivals de Hammamet, El Jem et Carthage.","og_url":"https:\/\/www.webdo.tn\/fr\/actualite\/culture\/tunisie-la-nuit-des-chefs-lorchestre-symphonique-tunisien-en-tournee-estivale-dexception\/378827\/","og_site_name":"webdo","article_publisher":"https:\/\/www.facebook.com\/webdotn","article_published_time":"2025-07-02T09:50:37+00:00","article_modified_time":"2025-07-02T12:25:51+00:00","og_image":[{"width":1200,"height":675,"url":"https:\/\/www.webdo.tn\/fr\/wp-content\/uploads\/2025\/07\/Lorchestre_Symphonique_Tunisien.jpg","type":"image\/jpeg"}],"author":"Mohamed Hedi Touati","twitter_card":"summary_large_image","twitter_creator":"@webdo_tn","twitter_site":"@webdo_tn","twitter_misc":{"\u00c9crit par":"Mohamed Hedi Touati","Dur\u00e9e de lecture estim\u00e9e":"2 minutes"},"schema":{"@context":"https:\/\/schema.org","@graph":[{"@type":"NewsArticle","@id":"https:\/\/www.webdo.tn\/fr\/actualite\/culture\/tunisie-la-nuit-des-chefs-lorchestre-symphonique-tunisien-en-tournee-estivale-dexception\/378827\/#article","isPartOf":{"@id":"https:\/\/www.webdo.tn\/fr\/actualite\/culture\/tunisie-la-nuit-des-chefs-lorchestre-symphonique-tunisien-en-tournee-estivale-dexception\/378827\/"},"author":{"name":"Mohamed Hedi Touati","@id":"https:\/\/www.webdo.tn\/fr\/#\/schema\/person\/c652cd8fc2b1b44412b5ffb48c5a911d"},"headline":"Tunisie &#8211; \u00ab\u00a0La Nuit des Chefs\u00a0\u00bb : L\u2019Orchestre Symphonique Tunisien en tourn\u00e9e estivale d\u2019exception","datePublished":"2025-07-02T09:50:37+00:00","dateModified":"2025-07-02T12:25:51+00:00","mainEntityOfPage":{"@id":"https:\/\/www.webdo.tn\/fr\/actualite\/culture\/tunisie-la-nuit-des-chefs-lorchestre-symphonique-tunisien-en-tournee-estivale-dexception\/378827\/"},"wordCount":288,"commentCount":0,"publisher":{"@id":"https:\/\/www.webdo.tn\/fr\/#organization"},"image":{"@id":"https:\/\/www.webdo.tn\/fr\/actualite\/culture\/tunisie-la-nuit-des-chefs-lorchestre-symphonique-tunisien-en-tournee-estivale-dexception\/378827\/#primaryimage"},"thumbnailUrl":"https:\/\/www.webdo.tn\/fr\/wp-content\/uploads\/2025\/07\/Lorchestre_Symphonique_Tunisien.jpg","keywords":["La Nuit des Chefs","Orchestre Symphonique Tunisien","Tunisie"],"articleSection":["\u00c0 suivre","Culture"],"inLanguage":"fr-FR"},{"@type":"WebPage","@id":"https:\/\/www.webdo.tn\/fr\/actualite\/culture\/tunisie-la-nuit-des-chefs-lorchestre-symphonique-tunisien-en-tournee-estivale-dexception\/378827\/","url":"https:\/\/www.webdo.tn\/fr\/actualite\/culture\/tunisie-la-nuit-des-chefs-lorchestre-symphonique-tunisien-en-tournee-estivale-dexception\/378827\/","name":"Tunisie - \"La Nuit des Chefs\" : L\u2019Orchestre Symphonique Tunisien en tourn\u00e9e estivale d\u2019exception - webdo","isPartOf":{"@id":"https:\/\/www.webdo.tn\/fr\/#website"},"primaryImageOfPage":{"@id":"https:\/\/www.webdo.tn\/fr\/actualite\/culture\/tunisie-la-nuit-des-chefs-lorchestre-symphonique-tunisien-en-tournee-estivale-dexception\/378827\/#primaryimage"},"image":{"@id":"https:\/\/www.webdo.tn\/fr\/actualite\/culture\/tunisie-la-nuit-des-chefs-lorchestre-symphonique-tunisien-en-tournee-estivale-dexception\/378827\/#primaryimage"},"thumbnailUrl":"https:\/\/www.webdo.tn\/fr\/wp-content\/uploads\/2025\/07\/Lorchestre_Symphonique_Tunisien.jpg","datePublished":"2025-07-02T09:50:37+00:00","dateModified":"2025-07-02T12:25:51+00:00","description":"Assistez \u00e0 La Nuit des Chefs, une exp\u00e9rience musicale exceptionnelle aux Festivals de Hammamet, El Jem et Carthage.","breadcrumb":{"@id":"https:\/\/www.webdo.tn\/fr\/actualite\/culture\/tunisie-la-nuit-des-chefs-lorchestre-symphonique-tunisien-en-tournee-estivale-dexception\/378827\/#breadcrumb"},"inLanguage":"fr-FR","potentialAction":[{"@type":"ReadAction","target":["https:\/\/www.webdo.tn\/fr\/actualite\/culture\/tunisie-la-nuit-des-chefs-lorchestre-symphonique-tunisien-en-tournee-estivale-dexception\/378827\/"]}]},{"@type":"ImageObject","inLanguage":"fr-FR","@id":"https:\/\/www.webdo.tn\/fr\/actualite\/culture\/tunisie-la-nuit-des-chefs-lorchestre-symphonique-tunisien-en-tournee-estivale-dexception\/378827\/#primaryimage","url":"https:\/\/www.webdo.tn\/fr\/wp-content\/uploads\/2025\/07\/Lorchestre_Symphonique_Tunisien.jpg","contentUrl":"https:\/\/www.webdo.tn\/fr\/wp-content\/uploads\/2025\/07\/Lorchestre_Symphonique_Tunisien.jpg","width":1200,"height":675,"caption":"L\u2019Orchestre Symphonique Tunisien en tourn\u00e9e estivale d\u2019exception"},{"@type":"BreadcrumbList","@id":"https:\/\/www.webdo.tn\/fr\/actualite\/culture\/tunisie-la-nuit-des-chefs-lorchestre-symphonique-tunisien-en-tournee-estivale-dexception\/378827\/#breadcrumb","itemListElement":[{"@type":"ListItem","position":1,"name":"Accueil","item":"https:\/\/www.webdo.tn\/fr\/"},{"@type":"ListItem","position":2,"name":"Tunisie &#8211; \u00ab\u00a0La Nuit des Chefs\u00a0\u00bb : L\u2019Orchestre Symphonique Tunisien en tourn\u00e9e estivale d\u2019exception"}]},{"@type":"WebSite","@id":"https:\/\/www.webdo.tn\/fr\/#website","url":"https:\/\/www.webdo.tn\/fr\/","name":"webdo","description":"Tunisie - News en Tunisie et \u00e0 l&#039;international sur Webdo.tn","publisher":{"@id":"https:\/\/www.webdo.tn\/fr\/#organization"},"potentialAction":[{"@type":"SearchAction","target":{"@type":"EntryPoint","urlTemplate":"https:\/\/www.webdo.tn\/fr\/?s={search_term_string}"},"query-input":{"@type":"PropertyValueSpecification","valueRequired":true,"valueName":"search_term_string"}}],"inLanguage":"fr-FR"},{"@type":"Organization","@id":"https:\/\/www.webdo.tn\/fr\/#organization","name":"Webdo","alternateName":"Webdo.tn","url":"https:\/\/www.webdo.tn\/fr\/","logo":{"@type":"ImageObject","inLanguage":"fr-FR","@id":"https:\/\/www.webdo.tn\/fr\/#\/schema\/logo\/image\/","url":"https:\/\/www.webdo.tn\/fr\/wp-content\/uploads\/2025\/06\/Webdo-Tunisie_168377.jpg","contentUrl":"https:\/\/www.webdo.tn\/fr\/wp-content\/uploads\/2025\/06\/Webdo-Tunisie_168377.jpg","width":301,"height":301,"caption":"Webdo"},"image":{"@id":"https:\/\/www.webdo.tn\/fr\/#\/schema\/logo\/image\/"},"sameAs":["https:\/\/www.facebook.com\/webdotn","https:\/\/x.com\/webdo_tn"],"description":"Webdo est un m\u00e9dia num\u00e9rique tunisien fond\u00e9 en 2010, sp\u00e9cialis\u00e9 dans l\u2019actualit\u00e9 nationale et internationale, l\u2019\u00e9conomie, la soci\u00e9t\u00e9 et les analyses politiques. Le site s\u2019adresse \u00e0 un large public francophone et couvre l\u2019information tunisienne en temps r\u00e9el.","email":"redac@webdo.tn","legalName":"YNJ SARL","foundingDate":"2010-09-06","numberOfEmployees":{"@type":"QuantitativeValue","minValue":"11","maxValue":"50"}},{"@type":"Person","@id":"https:\/\/www.webdo.tn\/fr\/#\/schema\/person\/c652cd8fc2b1b44412b5ffb48c5a911d","name":"Mohamed Hedi Touati","image":{"@type":"ImageObject","inLanguage":"fr-FR","@id":"https:\/\/secure.gravatar.com\/avatar\/9cfd402c745b7a685f13eed0ea6e59d2144a3c2fc50a3db6fd5ed451f6cddf1a?s=96&d=mm&r=g","url":"https:\/\/secure.gravatar.com\/avatar\/9cfd402c745b7a685f13eed0ea6e59d2144a3c2fc50a3db6fd5ed451f6cddf1a?s=96&d=mm&r=g","contentUrl":"https:\/\/secure.gravatar.com\/avatar\/9cfd402c745b7a685f13eed0ea6e59d2144a3c2fc50a3db6fd5ed451f6cddf1a?s=96&d=mm&r=g","caption":"Mohamed Hedi Touati"},"url":"https:\/\/www.webdo.tn\/fr\/actualite\/author\/mohamed-hedi-touati\/"}]}},"_links":{"self":[{"href":"https:\/\/www.webdo.tn\/fr\/wp-json\/wp\/v2\/posts\/378827","targetHints":{"allow":["GET"]}}],"collection":[{"href":"https:\/\/www.webdo.tn\/fr\/wp-json\/wp\/v2\/posts"}],"about":[{"href":"https:\/\/www.webdo.tn\/fr\/wp-json\/wp\/v2\/types\/post"}],"author":[{"embeddable":true,"href":"https:\/\/www.webdo.tn\/fr\/wp-json\/wp\/v2\/users\/3191"}],"replies":[{"embeddable":true,"href":"https:\/\/www.webdo.tn\/fr\/wp-json\/wp\/v2\/comments?post=378827"}],"version-history":[{"count":0,"href":"https:\/\/www.webdo.tn\/fr\/wp-json\/wp\/v2\/posts\/378827\/revisions"}],"wp:featuredmedia":[{"embeddable":true,"href":"https:\/\/www.webdo.tn\/fr\/wp-json\/wp\/v2\/media\/378828"}],"wp:attachment":[{"href":"https:\/\/www.webdo.tn\/fr\/wp-json\/wp\/v2\/media?parent=378827"}],"wp:term":[{"taxonomy":"category","embeddable":true,"href":"https:\/\/www.webdo.tn\/fr\/wp-json\/wp\/v2\/categories?post=378827"},{"taxonomy":"post_tag","embeddable":true,"href":"https:\/\/www.webdo.tn\/fr\/wp-json\/wp\/v2\/tags?post=378827"}],"curies":[{"name":"wp","href":"https:\/\/api.w.org\/{rel}","templated":true}]}}