{"id":378820,"date":"2025-07-02T10:34:43","date_gmt":"2025-07-02T09:34:43","guid":{"rendered":"https:\/\/www.webdo.tn\/fr\/?p=378820"},"modified":"2025-07-02T10:35:40","modified_gmt":"2025-07-02T09:35:40","slug":"tunisie-sfax-mise-en-place-dun-systeme-de-facturation-electronique-dans-les-marches-de-gros","status":"publish","type":"post","link":"https:\/\/www.webdo.tn\/fr\/actualite\/regions\/tunisie-sfax-mise-en-place-dun-systeme-de-facturation-electronique-dans-les-marches-de-gros\/378820\/","title":{"rendered":"Tunisie &#8211; Sfax : Un syst\u00e8me de facturation \u00e9lectronique dans les march\u00e9s de gros"},"content":{"rendered":"\n<p>Les march\u00e9s de gros de Sfax, sp\u00e9cialis\u00e9s dans les fruits, l\u00e9gumes et produits de la mer, franchissent une nouvelle \u00e9tape vers la modernisation.<\/p>\n\n\n\n<p>Deux conventions portant sur l\u2019installation d\u2019un syst\u00e8me de facturation \u00e9lectronique ont \u00e9t\u00e9 sign\u00e9es le 1er juillet au si\u00e8ge du gouvernorat, entre la municipalit\u00e9 de Sfax et la Soci\u00e9t\u00e9 tunisienne des march\u00e9s de gros de Bir El Kassaa (SOTUMAG), a annonc\u00e9 mercredi le minist\u00e8re du Commerce et du D\u00e9veloppement des exportations.<\/p>\n\n\n\n<p>La signature s\u2019est d\u00e9roul\u00e9e en pr\u00e9sence du ministre du Commerce, Samir Abid, dans le cadre d\u2019un programme national visant \u00e0 moderniser les circuits de distribution \u00e0 l\u2019\u00e9chelle r\u00e9gionale.<\/p>\n\n\n\n<p>Ce dispositif \u00e9lectronique a pour objectif principal de renforcer la transparence des transactions commerciales en permettant une tra\u00e7abilit\u00e9 accrue, une meilleure identification des intervenants et une limitation du recours aux interm\u00e9diaires et aux sp\u00e9culateurs. \u00c0 terme, cette r\u00e9forme vise \u00e0 stabiliser les prix, optimiser les circuits de distribution et am\u00e9liorer l&rsquo;efficacit\u00e9 du march\u00e9.<\/p>\n\n\n\n<p>L\u2019initiative s\u2019inscrit dans une strat\u00e9gie plus large du minist\u00e8re visant \u00e0 g\u00e9n\u00e9raliser la facturation \u00e9lectronique dans les march\u00e9s de gros du pays, afin de mieux encadrer les flux commerciaux et lutter contre les pratiques sp\u00e9culatives.<\/p>\n","protected":false},"excerpt":{"rendered":"<p>Les march\u00e9s de gros de Sfax, sp\u00e9cialis\u00e9s dans les fruits, l\u00e9gumes et produits de la mer, franchissent une nouvelle \u00e9tape vers la modernisation. Deux conventions portant sur l\u2019installation d\u2019un syst\u00e8me de facturation \u00e9lectronique ont \u00e9t\u00e9 sign\u00e9es le 1er juillet au si\u00e8ge du gouvernorat, entre la municipalit\u00e9 de Sfax et la Soci\u00e9t\u00e9 tunisienne des march\u00e9s de [&hellip;]<\/p>\n","protected":false},"author":3191,"featured_media":378821,"comment_status":"open","ping_status":"open","sticky":false,"template":"","format":"standard","meta":{"footnotes":""},"categories":[2595],"tags":[11658,12081,2675,2608],"class_list":["post-378820","post","type-post","status-publish","format-standard","has-post-thumbnail","hentry","category-regions","tag-facturation-electronique","tag-marches-de-gros","tag-sfax","tag-tunisie"],"yoast_head":"<!-- This site is optimized with the Yoast SEO Premium plugin v27.4 (Yoast SEO v27.4) - https:\/\/yoast.com\/product\/yoast-seo-premium-wordpress\/ -->\n<title>Tunisie - Sfax : Un syst\u00e8me de facturation \u00e9lectronique dans les march\u00e9s de gros - webdo<\/title>\n<meta name=\"description\" content=\"Sfax adopte un syst\u00e8me de facturation \u00e9lectronique pour renforcer la transparence et \u00e9liminer les interm\u00e9diaires.\" \/>\n<link rel=\"canonical\" href=\"https:\/\/www.webdo.tn\/fr\/actualite\/regions\/tunisie-sfax-mise-en-place-dun-systeme-de-facturation-electronique-dans-les-marches-de-gros\/378820\/\" \/>\n<meta property=\"og:locale\" content=\"fr_FR\" \/>\n<meta property=\"og:type\" content=\"article\" \/>\n<meta property=\"og:title\" content=\"Tunisie - Sfax : Un syst\u00e8me de facturation \u00e9lectronique dans les march\u00e9s de gros\" \/>\n<meta property=\"og:description\" content=\"Sfax adopte un syst\u00e8me de facturation \u00e9lectronique pour renforcer la transparence et \u00e9liminer les interm\u00e9diaires.\" \/>\n<meta property=\"og:url\" content=\"https:\/\/www.webdo.tn\/fr\/actualite\/regions\/tunisie-sfax-mise-en-place-dun-systeme-de-facturation-electronique-dans-les-marches-de-gros\/378820\/\" \/>\n<meta property=\"og:site_name\" content=\"webdo\" \/>\n<meta property=\"article:publisher\" content=\"https:\/\/www.facebook.com\/webdotn\" \/>\n<meta property=\"article:published_time\" content=\"2025-07-02T09:34:43+00:00\" \/>\n<meta property=\"article:modified_time\" content=\"2025-07-02T09:35:40+00:00\" \/>\n<meta property=\"og:image\" content=\"https:\/\/www.webdo.tn\/fr\/wp-content\/uploads\/2025\/07\/marche-de-gros-de-sfax.jpg\" \/>\n\t<meta property=\"og:image:width\" content=\"960\" \/>\n\t<meta property=\"og:image:height\" content=\"605\" \/>\n\t<meta property=\"og:image:type\" content=\"image\/jpeg\" \/>\n<meta name=\"author\" content=\"Mohamed Hedi Touati\" \/>\n<meta name=\"twitter:card\" content=\"summary_large_image\" \/>\n<meta name=\"twitter:creator\" content=\"@webdo_tn\" \/>\n<meta name=\"twitter:site\" content=\"@webdo_tn\" \/>\n<meta name=\"twitter:label1\" content=\"\u00c9crit par\" \/>\n\t<meta name=\"twitter:data1\" content=\"Mohamed Hedi Touati\" \/>\n\t<meta name=\"twitter:label2\" content=\"Dur\u00e9e de lecture estim\u00e9e\" \/>\n\t<meta name=\"twitter:data2\" content=\"2 minutes\" \/>\n<script type=\"application\/ld+json\" class=\"yoast-schema-graph\">{\"@context\":\"https:\\\/\\\/schema.org\",\"@graph\":[{\"@type\":\"NewsArticle\",\"@id\":\"https:\\\/\\\/www.webdo.tn\\\/fr\\\/actualite\\\/regions\\\/tunisie-sfax-mise-en-place-dun-systeme-de-facturation-electronique-dans-les-marches-de-gros\\\/378820\\\/#article\",\"isPartOf\":{\"@id\":\"https:\\\/\\\/www.webdo.tn\\\/fr\\\/actualite\\\/regions\\\/tunisie-sfax-mise-en-place-dun-systeme-de-facturation-electronique-dans-les-marches-de-gros\\\/378820\\\/\"},\"author\":{\"name\":\"Mohamed Hedi Touati\",\"@id\":\"https:\\\/\\\/www.webdo.tn\\\/fr\\\/#\\\/schema\\\/person\\\/c652cd8fc2b1b44412b5ffb48c5a911d\"},\"headline\":\"Tunisie &#8211; Sfax : Un syst\u00e8me de facturation \u00e9lectronique dans les march\u00e9s de gros\",\"datePublished\":\"2025-07-02T09:34:43+00:00\",\"dateModified\":\"2025-07-02T09:35:40+00:00\",\"mainEntityOfPage\":{\"@id\":\"https:\\\/\\\/www.webdo.tn\\\/fr\\\/actualite\\\/regions\\\/tunisie-sfax-mise-en-place-dun-systeme-de-facturation-electronique-dans-les-marches-de-gros\\\/378820\\\/\"},\"wordCount\":233,\"commentCount\":0,\"publisher\":{\"@id\":\"https:\\\/\\\/www.webdo.tn\\\/fr\\\/#organization\"},\"image\":{\"@id\":\"https:\\\/\\\/www.webdo.tn\\\/fr\\\/actualite\\\/regions\\\/tunisie-sfax-mise-en-place-dun-systeme-de-facturation-electronique-dans-les-marches-de-gros\\\/378820\\\/#primaryimage\"},\"thumbnailUrl\":\"https:\\\/\\\/www.webdo.tn\\\/fr\\\/wp-content\\\/uploads\\\/2025\\\/07\\\/marche-de-gros-de-sfax.jpg\",\"keywords\":[\"Facturation \u00e9lectronique\",\"march\u00e9s de gros\",\"Sfax\",\"Tunisie\"],\"articleSection\":[\"regions\"],\"inLanguage\":\"fr-FR\"},{\"@type\":\"WebPage\",\"@id\":\"https:\\\/\\\/www.webdo.tn\\\/fr\\\/actualite\\\/regions\\\/tunisie-sfax-mise-en-place-dun-systeme-de-facturation-electronique-dans-les-marches-de-gros\\\/378820\\\/\",\"url\":\"https:\\\/\\\/www.webdo.tn\\\/fr\\\/actualite\\\/regions\\\/tunisie-sfax-mise-en-place-dun-systeme-de-facturation-electronique-dans-les-marches-de-gros\\\/378820\\\/\",\"name\":\"Tunisie - Sfax : Un syst\u00e8me de facturation \u00e9lectronique dans les march\u00e9s de gros - webdo\",\"isPartOf\":{\"@id\":\"https:\\\/\\\/www.webdo.tn\\\/fr\\\/#website\"},\"primaryImageOfPage\":{\"@id\":\"https:\\\/\\\/www.webdo.tn\\\/fr\\\/actualite\\\/regions\\\/tunisie-sfax-mise-en-place-dun-systeme-de-facturation-electronique-dans-les-marches-de-gros\\\/378820\\\/#primaryimage\"},\"image\":{\"@id\":\"https:\\\/\\\/www.webdo.tn\\\/fr\\\/actualite\\\/regions\\\/tunisie-sfax-mise-en-place-dun-systeme-de-facturation-electronique-dans-les-marches-de-gros\\\/378820\\\/#primaryimage\"},\"thumbnailUrl\":\"https:\\\/\\\/www.webdo.tn\\\/fr\\\/wp-content\\\/uploads\\\/2025\\\/07\\\/marche-de-gros-de-sfax.jpg\",\"datePublished\":\"2025-07-02T09:34:43+00:00\",\"dateModified\":\"2025-07-02T09:35:40+00:00\",\"description\":\"Sfax adopte un syst\u00e8me de facturation \u00e9lectronique pour renforcer la transparence et \u00e9liminer les interm\u00e9diaires.\",\"breadcrumb\":{\"@id\":\"https:\\\/\\\/www.webdo.tn\\\/fr\\\/actualite\\\/regions\\\/tunisie-sfax-mise-en-place-dun-systeme-de-facturation-electronique-dans-les-marches-de-gros\\\/378820\\\/#breadcrumb\"},\"inLanguage\":\"fr-FR\",\"potentialAction\":[{\"@type\":\"ReadAction\",\"target\":[\"https:\\\/\\\/www.webdo.tn\\\/fr\\\/actualite\\\/regions\\\/tunisie-sfax-mise-en-place-dun-systeme-de-facturation-electronique-dans-les-marches-de-gros\\\/378820\\\/\"]}]},{\"@type\":\"ImageObject\",\"inLanguage\":\"fr-FR\",\"@id\":\"https:\\\/\\\/www.webdo.tn\\\/fr\\\/actualite\\\/regions\\\/tunisie-sfax-mise-en-place-dun-systeme-de-facturation-electronique-dans-les-marches-de-gros\\\/378820\\\/#primaryimage\",\"url\":\"https:\\\/\\\/www.webdo.tn\\\/fr\\\/wp-content\\\/uploads\\\/2025\\\/07\\\/marche-de-gros-de-sfax.jpg\",\"contentUrl\":\"https:\\\/\\\/www.webdo.tn\\\/fr\\\/wp-content\\\/uploads\\\/2025\\\/07\\\/marche-de-gros-de-sfax.jpg\",\"width\":960,\"height\":605,\"caption\":\"Tunisie - Sfax : Mise en place d\u2019un syst\u00e8me de facturation \u00e9lectronique dans les march\u00e9s de gros\"},{\"@type\":\"BreadcrumbList\",\"@id\":\"https:\\\/\\\/www.webdo.tn\\\/fr\\\/actualite\\\/regions\\\/tunisie-sfax-mise-en-place-dun-systeme-de-facturation-electronique-dans-les-marches-de-gros\\\/378820\\\/#breadcrumb\",\"itemListElement\":[{\"@type\":\"ListItem\",\"position\":1,\"name\":\"Accueil\",\"item\":\"https:\\\/\\\/www.webdo.tn\\\/fr\\\/\"},{\"@type\":\"ListItem\",\"position\":2,\"name\":\"Tunisie &#8211; Sfax : Un syst\u00e8me de facturation \u00e9lectronique dans les march\u00e9s de gros\"}]},{\"@type\":\"WebSite\",\"@id\":\"https:\\\/\\\/www.webdo.tn\\\/fr\\\/#website\",\"url\":\"https:\\\/\\\/www.webdo.tn\\\/fr\\\/\",\"name\":\"webdo\",\"description\":\"Tunisie - News en Tunisie et \u00e0 l&#039;international sur Webdo.tn\",\"publisher\":{\"@id\":\"https:\\\/\\\/www.webdo.tn\\\/fr\\\/#organization\"},\"potentialAction\":[{\"@type\":\"SearchAction\",\"target\":{\"@type\":\"EntryPoint\",\"urlTemplate\":\"https:\\\/\\\/www.webdo.tn\\\/fr\\\/?s={search_term_string}\"},\"query-input\":{\"@type\":\"PropertyValueSpecification\",\"valueRequired\":true,\"valueName\":\"search_term_string\"}}],\"inLanguage\":\"fr-FR\"},{\"@type\":\"Organization\",\"@id\":\"https:\\\/\\\/www.webdo.tn\\\/fr\\\/#organization\",\"name\":\"Webdo\",\"alternateName\":\"Webdo.tn\",\"url\":\"https:\\\/\\\/www.webdo.tn\\\/fr\\\/\",\"logo\":{\"@type\":\"ImageObject\",\"inLanguage\":\"fr-FR\",\"@id\":\"https:\\\/\\\/www.webdo.tn\\\/fr\\\/#\\\/schema\\\/logo\\\/image\\\/\",\"url\":\"https:\\\/\\\/www.webdo.tn\\\/fr\\\/wp-content\\\/uploads\\\/2025\\\/06\\\/Webdo-Tunisie_168377.jpg\",\"contentUrl\":\"https:\\\/\\\/www.webdo.tn\\\/fr\\\/wp-content\\\/uploads\\\/2025\\\/06\\\/Webdo-Tunisie_168377.jpg\",\"width\":301,\"height\":301,\"caption\":\"Webdo\"},\"image\":{\"@id\":\"https:\\\/\\\/www.webdo.tn\\\/fr\\\/#\\\/schema\\\/logo\\\/image\\\/\"},\"sameAs\":[\"https:\\\/\\\/www.facebook.com\\\/webdotn\",\"https:\\\/\\\/x.com\\\/webdo_tn\"],\"description\":\"Webdo est un m\u00e9dia num\u00e9rique tunisien fond\u00e9 en 2010, sp\u00e9cialis\u00e9 dans l\u2019actualit\u00e9 nationale et internationale, l\u2019\u00e9conomie, la soci\u00e9t\u00e9 et les analyses politiques. Le site s\u2019adresse \u00e0 un large public francophone et couvre l\u2019information tunisienne en temps r\u00e9el.\",\"email\":\"redac@webdo.tn\",\"legalName\":\"YNJ SARL\",\"foundingDate\":\"2010-09-06\",\"numberOfEmployees\":{\"@type\":\"QuantitativeValue\",\"minValue\":\"11\",\"maxValue\":\"50\"}},{\"@type\":\"Person\",\"@id\":\"https:\\\/\\\/www.webdo.tn\\\/fr\\\/#\\\/schema\\\/person\\\/c652cd8fc2b1b44412b5ffb48c5a911d\",\"name\":\"Mohamed Hedi Touati\",\"image\":{\"@type\":\"ImageObject\",\"inLanguage\":\"fr-FR\",\"@id\":\"https:\\\/\\\/secure.gravatar.com\\\/avatar\\\/9cfd402c745b7a685f13eed0ea6e59d2144a3c2fc50a3db6fd5ed451f6cddf1a?s=96&d=mm&r=g\",\"url\":\"https:\\\/\\\/secure.gravatar.com\\\/avatar\\\/9cfd402c745b7a685f13eed0ea6e59d2144a3c2fc50a3db6fd5ed451f6cddf1a?s=96&d=mm&r=g\",\"contentUrl\":\"https:\\\/\\\/secure.gravatar.com\\\/avatar\\\/9cfd402c745b7a685f13eed0ea6e59d2144a3c2fc50a3db6fd5ed451f6cddf1a?s=96&d=mm&r=g\",\"caption\":\"Mohamed Hedi Touati\"},\"url\":\"https:\\\/\\\/www.webdo.tn\\\/fr\\\/actualite\\\/author\\\/mohamed-hedi-touati\\\/\"}]}<\/script>\n<!-- \/ Yoast SEO Premium plugin. -->","yoast_head_json":{"title":"Tunisie - Sfax : Un syst\u00e8me de facturation \u00e9lectronique dans les march\u00e9s de gros - webdo","description":"Sfax adopte un syst\u00e8me de facturation \u00e9lectronique pour renforcer la transparence et \u00e9liminer les interm\u00e9diaires.","canonical":"https:\/\/www.webdo.tn\/fr\/actualite\/regions\/tunisie-sfax-mise-en-place-dun-systeme-de-facturation-electronique-dans-les-marches-de-gros\/378820\/","og_locale":"fr_FR","og_type":"article","og_title":"Tunisie - Sfax : Un syst\u00e8me de facturation \u00e9lectronique dans les march\u00e9s de gros","og_description":"Sfax adopte un syst\u00e8me de facturation \u00e9lectronique pour renforcer la transparence et \u00e9liminer les interm\u00e9diaires.","og_url":"https:\/\/www.webdo.tn\/fr\/actualite\/regions\/tunisie-sfax-mise-en-place-dun-systeme-de-facturation-electronique-dans-les-marches-de-gros\/378820\/","og_site_name":"webdo","article_publisher":"https:\/\/www.facebook.com\/webdotn","article_published_time":"2025-07-02T09:34:43+00:00","article_modified_time":"2025-07-02T09:35:40+00:00","og_image":[{"width":960,"height":605,"url":"https:\/\/www.webdo.tn\/fr\/wp-content\/uploads\/2025\/07\/marche-de-gros-de-sfax.jpg","type":"image\/jpeg"}],"author":"Mohamed Hedi Touati","twitter_card":"summary_large_image","twitter_creator":"@webdo_tn","twitter_site":"@webdo_tn","twitter_misc":{"\u00c9crit par":"Mohamed Hedi Touati","Dur\u00e9e de lecture estim\u00e9e":"2 minutes"},"schema":{"@context":"https:\/\/schema.org","@graph":[{"@type":"NewsArticle","@id":"https:\/\/www.webdo.tn\/fr\/actualite\/regions\/tunisie-sfax-mise-en-place-dun-systeme-de-facturation-electronique-dans-les-marches-de-gros\/378820\/#article","isPartOf":{"@id":"https:\/\/www.webdo.tn\/fr\/actualite\/regions\/tunisie-sfax-mise-en-place-dun-systeme-de-facturation-electronique-dans-les-marches-de-gros\/378820\/"},"author":{"name":"Mohamed Hedi Touati","@id":"https:\/\/www.webdo.tn\/fr\/#\/schema\/person\/c652cd8fc2b1b44412b5ffb48c5a911d"},"headline":"Tunisie &#8211; Sfax : Un syst\u00e8me de facturation \u00e9lectronique dans les march\u00e9s de gros","datePublished":"2025-07-02T09:34:43+00:00","dateModified":"2025-07-02T09:35:40+00:00","mainEntityOfPage":{"@id":"https:\/\/www.webdo.tn\/fr\/actualite\/regions\/tunisie-sfax-mise-en-place-dun-systeme-de-facturation-electronique-dans-les-marches-de-gros\/378820\/"},"wordCount":233,"commentCount":0,"publisher":{"@id":"https:\/\/www.webdo.tn\/fr\/#organization"},"image":{"@id":"https:\/\/www.webdo.tn\/fr\/actualite\/regions\/tunisie-sfax-mise-en-place-dun-systeme-de-facturation-electronique-dans-les-marches-de-gros\/378820\/#primaryimage"},"thumbnailUrl":"https:\/\/www.webdo.tn\/fr\/wp-content\/uploads\/2025\/07\/marche-de-gros-de-sfax.jpg","keywords":["Facturation \u00e9lectronique","march\u00e9s de gros","Sfax","Tunisie"],"articleSection":["regions"],"inLanguage":"fr-FR"},{"@type":"WebPage","@id":"https:\/\/www.webdo.tn\/fr\/actualite\/regions\/tunisie-sfax-mise-en-place-dun-systeme-de-facturation-electronique-dans-les-marches-de-gros\/378820\/","url":"https:\/\/www.webdo.tn\/fr\/actualite\/regions\/tunisie-sfax-mise-en-place-dun-systeme-de-facturation-electronique-dans-les-marches-de-gros\/378820\/","name":"Tunisie - Sfax : Un syst\u00e8me de facturation \u00e9lectronique dans les march\u00e9s de gros - webdo","isPartOf":{"@id":"https:\/\/www.webdo.tn\/fr\/#website"},"primaryImageOfPage":{"@id":"https:\/\/www.webdo.tn\/fr\/actualite\/regions\/tunisie-sfax-mise-en-place-dun-systeme-de-facturation-electronique-dans-les-marches-de-gros\/378820\/#primaryimage"},"image":{"@id":"https:\/\/www.webdo.tn\/fr\/actualite\/regions\/tunisie-sfax-mise-en-place-dun-systeme-de-facturation-electronique-dans-les-marches-de-gros\/378820\/#primaryimage"},"thumbnailUrl":"https:\/\/www.webdo.tn\/fr\/wp-content\/uploads\/2025\/07\/marche-de-gros-de-sfax.jpg","datePublished":"2025-07-02T09:34:43+00:00","dateModified":"2025-07-02T09:35:40+00:00","description":"Sfax adopte un syst\u00e8me de facturation \u00e9lectronique pour renforcer la transparence et \u00e9liminer les interm\u00e9diaires.","breadcrumb":{"@id":"https:\/\/www.webdo.tn\/fr\/actualite\/regions\/tunisie-sfax-mise-en-place-dun-systeme-de-facturation-electronique-dans-les-marches-de-gros\/378820\/#breadcrumb"},"inLanguage":"fr-FR","potentialAction":[{"@type":"ReadAction","target":["https:\/\/www.webdo.tn\/fr\/actualite\/regions\/tunisie-sfax-mise-en-place-dun-systeme-de-facturation-electronique-dans-les-marches-de-gros\/378820\/"]}]},{"@type":"ImageObject","inLanguage":"fr-FR","@id":"https:\/\/www.webdo.tn\/fr\/actualite\/regions\/tunisie-sfax-mise-en-place-dun-systeme-de-facturation-electronique-dans-les-marches-de-gros\/378820\/#primaryimage","url":"https:\/\/www.webdo.tn\/fr\/wp-content\/uploads\/2025\/07\/marche-de-gros-de-sfax.jpg","contentUrl":"https:\/\/www.webdo.tn\/fr\/wp-content\/uploads\/2025\/07\/marche-de-gros-de-sfax.jpg","width":960,"height":605,"caption":"Tunisie - Sfax : Mise en place d\u2019un syst\u00e8me de facturation \u00e9lectronique dans les march\u00e9s de gros"},{"@type":"BreadcrumbList","@id":"https:\/\/www.webdo.tn\/fr\/actualite\/regions\/tunisie-sfax-mise-en-place-dun-systeme-de-facturation-electronique-dans-les-marches-de-gros\/378820\/#breadcrumb","itemListElement":[{"@type":"ListItem","position":1,"name":"Accueil","item":"https:\/\/www.webdo.tn\/fr\/"},{"@type":"ListItem","position":2,"name":"Tunisie &#8211; Sfax : Un syst\u00e8me de facturation \u00e9lectronique dans les march\u00e9s de gros"}]},{"@type":"WebSite","@id":"https:\/\/www.webdo.tn\/fr\/#website","url":"https:\/\/www.webdo.tn\/fr\/","name":"webdo","description":"Tunisie - News en Tunisie et \u00e0 l&#039;international sur Webdo.tn","publisher":{"@id":"https:\/\/www.webdo.tn\/fr\/#organization"},"potentialAction":[{"@type":"SearchAction","target":{"@type":"EntryPoint","urlTemplate":"https:\/\/www.webdo.tn\/fr\/?s={search_term_string}"},"query-input":{"@type":"PropertyValueSpecification","valueRequired":true,"valueName":"search_term_string"}}],"inLanguage":"fr-FR"},{"@type":"Organization","@id":"https:\/\/www.webdo.tn\/fr\/#organization","name":"Webdo","alternateName":"Webdo.tn","url":"https:\/\/www.webdo.tn\/fr\/","logo":{"@type":"ImageObject","inLanguage":"fr-FR","@id":"https:\/\/www.webdo.tn\/fr\/#\/schema\/logo\/image\/","url":"https:\/\/www.webdo.tn\/fr\/wp-content\/uploads\/2025\/06\/Webdo-Tunisie_168377.jpg","contentUrl":"https:\/\/www.webdo.tn\/fr\/wp-content\/uploads\/2025\/06\/Webdo-Tunisie_168377.jpg","width":301,"height":301,"caption":"Webdo"},"image":{"@id":"https:\/\/www.webdo.tn\/fr\/#\/schema\/logo\/image\/"},"sameAs":["https:\/\/www.facebook.com\/webdotn","https:\/\/x.com\/webdo_tn"],"description":"Webdo est un m\u00e9dia num\u00e9rique tunisien fond\u00e9 en 2010, sp\u00e9cialis\u00e9 dans l\u2019actualit\u00e9 nationale et internationale, l\u2019\u00e9conomie, la soci\u00e9t\u00e9 et les analyses politiques. Le site s\u2019adresse \u00e0 un large public francophone et couvre l\u2019information tunisienne en temps r\u00e9el.","email":"redac@webdo.tn","legalName":"YNJ SARL","foundingDate":"2010-09-06","numberOfEmployees":{"@type":"QuantitativeValue","minValue":"11","maxValue":"50"}},{"@type":"Person","@id":"https:\/\/www.webdo.tn\/fr\/#\/schema\/person\/c652cd8fc2b1b44412b5ffb48c5a911d","name":"Mohamed Hedi Touati","image":{"@type":"ImageObject","inLanguage":"fr-FR","@id":"https:\/\/secure.gravatar.com\/avatar\/9cfd402c745b7a685f13eed0ea6e59d2144a3c2fc50a3db6fd5ed451f6cddf1a?s=96&d=mm&r=g","url":"https:\/\/secure.gravatar.com\/avatar\/9cfd402c745b7a685f13eed0ea6e59d2144a3c2fc50a3db6fd5ed451f6cddf1a?s=96&d=mm&r=g","contentUrl":"https:\/\/secure.gravatar.com\/avatar\/9cfd402c745b7a685f13eed0ea6e59d2144a3c2fc50a3db6fd5ed451f6cddf1a?s=96&d=mm&r=g","caption":"Mohamed Hedi Touati"},"url":"https:\/\/www.webdo.tn\/fr\/actualite\/author\/mohamed-hedi-touati\/"}]}},"_links":{"self":[{"href":"https:\/\/www.webdo.tn\/fr\/wp-json\/wp\/v2\/posts\/378820","targetHints":{"allow":["GET"]}}],"collection":[{"href":"https:\/\/www.webdo.tn\/fr\/wp-json\/wp\/v2\/posts"}],"about":[{"href":"https:\/\/www.webdo.tn\/fr\/wp-json\/wp\/v2\/types\/post"}],"author":[{"embeddable":true,"href":"https:\/\/www.webdo.tn\/fr\/wp-json\/wp\/v2\/users\/3191"}],"replies":[{"embeddable":true,"href":"https:\/\/www.webdo.tn\/fr\/wp-json\/wp\/v2\/comments?post=378820"}],"version-history":[{"count":0,"href":"https:\/\/www.webdo.tn\/fr\/wp-json\/wp\/v2\/posts\/378820\/revisions"}],"wp:featuredmedia":[{"embeddable":true,"href":"https:\/\/www.webdo.tn\/fr\/wp-json\/wp\/v2\/media\/378821"}],"wp:attachment":[{"href":"https:\/\/www.webdo.tn\/fr\/wp-json\/wp\/v2\/media?parent=378820"}],"wp:term":[{"taxonomy":"category","embeddable":true,"href":"https:\/\/www.webdo.tn\/fr\/wp-json\/wp\/v2\/categories?post=378820"},{"taxonomy":"post_tag","embeddable":true,"href":"https:\/\/www.webdo.tn\/fr\/wp-json\/wp\/v2\/tags?post=378820"}],"curies":[{"name":"wp","href":"https:\/\/api.w.org\/{rel}","templated":true}]}}