{"id":378811,"date":"2025-07-02T10:11:01","date_gmt":"2025-07-02T09:11:01","guid":{"rendered":"https:\/\/www.webdo.tn\/fr\/?p=378811"},"modified":"2025-07-02T13:20:59","modified_gmt":"2025-07-02T12:20:59","slug":"treve-de-60-jours-a-gaza-trump-annonce-laccord-disrael-le-hamas-reste-prudent","status":"publish","type":"post","link":"https:\/\/www.webdo.tn\/fr\/actualite\/international\/treve-de-60-jours-a-gaza-trump-annonce-laccord-disrael-le-hamas-reste-prudent\/378811\/","title":{"rendered":"Tr\u00eave de 60 jours \u00e0 Gaza : Trump annonce l\u2019accord d\u2019Isra\u00ebl, le Hamas reste prudent"},"content":{"rendered":"\n<p>Le pr\u00e9sident am\u00e9ricain Donald Trump a annonc\u00e9 mardi 1er juillet que l\u2019\u00c9tat d\u2019Isra\u00ebl avait accept\u00e9 les conditions d\u2019un <strong>cessez-le-feu de 60 jours<\/strong> \u00e0 Gaza, dans le cadre d\u2019un plan diplomatique soutenu par le Qatar et l\u2019\u00c9gypte. L\u2019annonce marque un tournant potentiel dans <strong>un conflit qui a d\u00e9j\u00e0 co\u00fbt\u00e9 la vie \u00e0 plus de 56.000 Palestiniens<\/strong>, selon le minist\u00e8re de la Sant\u00e9 de Gaza, mais le Hamas n\u2019a pas encore donn\u00e9 son feu vert.<\/p>\n\n\n\n<blockquote class=\"wp-block-quote is-layout-flow wp-block-quote-is-layout-flow\">\n<p>\u00ab Isra\u00ebl a accept\u00e9 les conditions n\u00e9cessaires pour finaliser le cessez-le-feu de 60 jours, pendant lequel nous travaillerons avec toutes les parties pour mettre fin \u00e0 la guerre \u00bb, a \u00e9crit Donald Trump dans une publication sur la plateforme Truth Social.<\/p>\n\n\n\n<p>Il ajoute : \u00ab J\u2019esp\u00e8re, pour le bien du Moyen-Orient, que le Hamas prendra cet accord, car il ne s\u2019am\u00e9liorera pas &#8211; il ne fera qu\u2019empirer. \u00bb<\/p>\n<\/blockquote>\n\n\n\n<p>Deux responsables de l\u2019administration am\u00e9ricaine ont pr\u00e9cis\u00e9 que le Hamas \u00e9tait toujours en phase d\u2019\u00e9valuation du texte, transmis par les m\u00e9diateurs qatariens et \u00e9gyptiens. Aucun des deux camps &#8211; ni Isra\u00ebl ni le Hamas &#8211; n\u2019a encore officialis\u00e9 l\u2019entr\u00e9e en vigueur de cette tr\u00eave.<\/p>\n\n\n\n<h2 class=\"wp-block-heading\" id=\"h-ce-que-prevoit-l-accord\">Ce que pr\u00e9voit l\u2019accord<\/h2>\n\n\n\n<p>D\u2019apr\u00e8s les informations confirm\u00e9es par plusieurs sources diplomatiques proches du dossier, la proposition de cessez-le-feu de 60 jours annonc\u00e9e le 1er juillet 2025, rapport\u00e9e par plusieurs m\u00e9dias, comprend :<\/p>\n\n\n\n<ul class=\"wp-block-list\">\n<li><strong>Lib\u00e9ration d\u2019otages et de prisonniers<\/strong> :<br>Le Hamas serait invit\u00e9 \u00e0 lib\u00e9rer <strong>10 otages isra\u00e9liens vivants et 18 d\u00e9c\u00e9d\u00e9s<\/strong>, tandis qu\u2019Isra\u00ebl devrait lib\u00e9rer <strong>1000 prisonniers palestiniens<\/strong>, dont plusieurs purgeant de lourdes peines. Ces chiffres sont ceux communiqu\u00e9s dans la proposition de Trump relay\u00e9e par les m\u00e9dias.<\/li>\n\n\n\n<li><strong>Retrait militaire progressif<\/strong> :<br>L\u2019arm\u00e9e isra\u00e9lienne s\u2019engagerait \u00e0 se retirer de certaines zones civiles dens\u00e9ment peupl\u00e9es de la bande de Gaza, tout en conservant une pr\u00e9sence dans des secteurs strat\u00e9giques.<\/li>\n\n\n\n<li><strong>Acc\u00e8s humanitaire renforc\u00e9<\/strong> :<br>Le plan pr\u00e9voit l\u2019acheminement de <strong>600 camions d\u2019aide humanitaire par jour<\/strong>, dont 300 destin\u00e9s au nord de Gaza, ainsi que la <strong>livraison de carburant<\/strong> pour alimenter les h\u00f4pitaux, boulangeries, et syst\u00e8mes d\u2019assainissement.<\/li>\n\n\n\n<li><strong>Phase de n\u00e9gociations<\/strong> :<br>Les 60 jours de tr\u00eave visent \u00e0 <strong>ouvrir un canal de n\u00e9gociation politique<\/strong>, avec comme objectif un arr\u00eat durable des hostilit\u00e9s. Isra\u00ebl maintient l\u2019exigence du <strong>d\u00e9mant\u00e8lement de l&rsquo;appareil militaire du Hamas<\/strong> dans les discussions.<\/li>\n<\/ul>\n\n\n\n<h2 class=\"wp-block-heading\">Une urgence humanitaire extr\u00eame<\/h2>\n\n\n\n<p>Pendant que les discussions se poursuivent, la situation sur le terrain reste dramatique. <strong>Plus de 600 Palestiniens ont \u00e9t\u00e9 tu\u00e9s ces cinq derni\u00e8res semaines alors qu\u2019ils attendaient de la nourriture<\/strong>, selon des ONG pr\u00e9sentes \u00e0 Gaza. Le Programme alimentaire mondial (PAM) tire la sonnette d\u2019alarme :<\/p>\n\n\n\n<blockquote class=\"wp-block-quote is-layout-flow wp-block-quote-is-layout-flow\">\n<p>\u00ab La fen\u00eatre pour repousser la famine \u00e0 Gaza est en train de se refermer. \u00bb<\/p>\n<\/blockquote>\n\n\n\n<p>Les h\u00f4pitaux, dont <strong>al-Shifa \u00e0 Gaza-ville<\/strong>, manquent cruellement de carburant. Des centaines de patients sont en danger de mort, faute d\u2019\u00e9lectricit\u00e9 pour les machines vitales.<\/p>\n\n\n\n<h2 class=\"wp-block-heading\">Pressions diplomatiques et critiques croissantes<\/h2>\n\n\n\n<p>La proposition am\u00e9ricaine s\u2019accompagne de critiques croissantes \u00e0 l\u2019encontre d\u2019Isra\u00ebl. <strong>Amnesty International, Human Rights Watch, M\u00e9decins sans fronti\u00e8res (MSF)<\/strong> et <strong>24 autres ONG<\/strong> demandent la <strong>lib\u00e9ration de 185 travailleurs humanitaires palestiniens<\/strong> d\u00e9tenus sans proc\u00e8s.<\/p>\n\n\n\n<p>La <strong>rapporteuse sp\u00e9ciale de l\u2019ONU, Francesca Albanese<\/strong>, est la cible d\u2019attaques de l\u2019administration Trump apr\u00e8s avoir publi\u00e9 un rapport accusant des entreprises occidentales de tirer profit de l\u2019occupation isra\u00e9lienne.<\/p>\n\n\n\n<p>Enfin, plus de <strong>100 journalistes de la BBC<\/strong> d\u00e9noncent une <strong>censure de la couverture du conflit<\/strong>, l\u2019accusant de partialit\u00e9 en d\u00e9faveur des Palestiniens.<\/p>\n","protected":false},"excerpt":{"rendered":"<p>Le pr\u00e9sident am\u00e9ricain Donald Trump a annonc\u00e9 mardi 1er juillet que l\u2019\u00c9tat d\u2019Isra\u00ebl avait accept\u00e9 les conditions d\u2019un cessez-le-feu de 60 jours \u00e0 Gaza, dans le cadre d\u2019un plan diplomatique soutenu par le Qatar et l\u2019\u00c9gypte. L\u2019annonce marque un tournant potentiel dans un conflit qui a d\u00e9j\u00e0 co\u00fbt\u00e9 la vie \u00e0 plus de 56.000 Palestiniens, [&hellip;]<\/p>\n","protected":false},"author":3203,"featured_media":366087,"comment_status":"open","ping_status":"open","sticky":false,"template":"","format":"standard","meta":{"footnotes":""},"categories":[2598],"tags":[2689,2636,3309],"class_list":["post-378811","post","type-post","status-publish","format-standard","has-post-thumbnail","hentry","category-international","tag-gaza","tag-israel","tag-trump"],"yoast_head":"<!-- This site is optimized with the Yoast SEO Premium plugin v27.5 (Yoast SEO v27.5) - https:\/\/yoast.com\/product\/yoast-seo-premium-wordpress\/ -->\n<title>Tr\u00eave de 60 jours \u00e0 Gaza : Trump annonce l\u2019accord d\u2019Isra\u00ebl, le Hamas reste prudent - webdo<\/title>\n<meta name=\"description\" content=\"Trump annonce un cessez-le-feu de 60 jours \u00e0 Gaza. L&#039;accord est en attente de l&#039;approbation du Hamas.\" \/>\n<link rel=\"canonical\" href=\"https:\/\/www.webdo.tn\/fr\/actualite\/international\/treve-de-60-jours-a-gaza-trump-annonce-laccord-disrael-le-hamas-reste-prudent\/378811\/\" \/>\n<meta property=\"og:locale\" content=\"fr_FR\" \/>\n<meta property=\"og:type\" content=\"article\" \/>\n<meta property=\"og:title\" content=\"Tr\u00eave de 60 jours \u00e0 Gaza : Trump annonce l\u2019accord d\u2019Isra\u00ebl, le Hamas reste prudent\" \/>\n<meta property=\"og:description\" content=\"Trump annonce un cessez-le-feu de 60 jours \u00e0 Gaza. L&#039;accord est en attente de l&#039;approbation du Hamas.\" \/>\n<meta property=\"og:url\" content=\"https:\/\/www.webdo.tn\/fr\/actualite\/international\/treve-de-60-jours-a-gaza-trump-annonce-laccord-disrael-le-hamas-reste-prudent\/378811\/\" \/>\n<meta property=\"og:site_name\" content=\"webdo\" \/>\n<meta property=\"article:publisher\" content=\"https:\/\/www.facebook.com\/webdotn\" \/>\n<meta property=\"article:published_time\" content=\"2025-07-02T09:11:01+00:00\" \/>\n<meta property=\"article:modified_time\" content=\"2025-07-02T12:20:59+00:00\" \/>\n<meta property=\"og:image\" content=\"https:\/\/www.webdo.tn\/fr\/wp-content\/uploads\/2025\/05\/d8b1b9d4b786d42eef324df6335cd999.webp\" \/>\n\t<meta property=\"og:image:width\" content=\"750\" \/>\n\t<meta property=\"og:image:height\" content=\"400\" \/>\n\t<meta property=\"og:image:type\" content=\"image\/webp\" \/>\n<meta name=\"author\" content=\"Ramzi Haddad\" \/>\n<meta name=\"twitter:card\" content=\"summary_large_image\" \/>\n<meta name=\"twitter:creator\" content=\"@webdo_tn\" \/>\n<meta name=\"twitter:site\" content=\"@webdo_tn\" \/>\n<meta name=\"twitter:label1\" content=\"\u00c9crit par\" \/>\n\t<meta name=\"twitter:data1\" content=\"Ramzi Haddad\" \/>\n\t<meta name=\"twitter:label2\" content=\"Dur\u00e9e de lecture estim\u00e9e\" \/>\n\t<meta name=\"twitter:data2\" content=\"3 minutes\" \/>\n<script type=\"application\/ld+json\" class=\"yoast-schema-graph\">{\"@context\":\"https:\\\/\\\/schema.org\",\"@graph\":[{\"@type\":\"NewsArticle\",\"@id\":\"https:\\\/\\\/www.webdo.tn\\\/fr\\\/actualite\\\/international\\\/treve-de-60-jours-a-gaza-trump-annonce-laccord-disrael-le-hamas-reste-prudent\\\/378811\\\/#article\",\"isPartOf\":{\"@id\":\"https:\\\/\\\/www.webdo.tn\\\/fr\\\/actualite\\\/international\\\/treve-de-60-jours-a-gaza-trump-annonce-laccord-disrael-le-hamas-reste-prudent\\\/378811\\\/\"},\"author\":{\"name\":\"Ramzi Haddad\",\"@id\":\"https:\\\/\\\/www.webdo.tn\\\/fr\\\/#\\\/schema\\\/person\\\/5663044c25eb36d8f88ba5b653f12f8c\"},\"headline\":\"Tr\u00eave de 60 jours \u00e0 Gaza : Trump annonce l\u2019accord d\u2019Isra\u00ebl, le Hamas reste prudent\",\"datePublished\":\"2025-07-02T09:11:01+00:00\",\"dateModified\":\"2025-07-02T12:20:59+00:00\",\"mainEntityOfPage\":{\"@id\":\"https:\\\/\\\/www.webdo.tn\\\/fr\\\/actualite\\\/international\\\/treve-de-60-jours-a-gaza-trump-annonce-laccord-disrael-le-hamas-reste-prudent\\\/378811\\\/\"},\"wordCount\":634,\"commentCount\":0,\"publisher\":{\"@id\":\"https:\\\/\\\/www.webdo.tn\\\/fr\\\/#organization\"},\"image\":{\"@id\":\"https:\\\/\\\/www.webdo.tn\\\/fr\\\/actualite\\\/international\\\/treve-de-60-jours-a-gaza-trump-annonce-laccord-disrael-le-hamas-reste-prudent\\\/378811\\\/#primaryimage\"},\"thumbnailUrl\":\"https:\\\/\\\/www.webdo.tn\\\/fr\\\/wp-content\\\/uploads\\\/2025\\\/05\\\/d8b1b9d4b786d42eef324df6335cd999.webp\",\"keywords\":[\"Gaza\",\"isra\u00ebl\",\"trump\"],\"articleSection\":[\"International\"],\"inLanguage\":\"fr-FR\"},{\"@type\":\"WebPage\",\"@id\":\"https:\\\/\\\/www.webdo.tn\\\/fr\\\/actualite\\\/international\\\/treve-de-60-jours-a-gaza-trump-annonce-laccord-disrael-le-hamas-reste-prudent\\\/378811\\\/\",\"url\":\"https:\\\/\\\/www.webdo.tn\\\/fr\\\/actualite\\\/international\\\/treve-de-60-jours-a-gaza-trump-annonce-laccord-disrael-le-hamas-reste-prudent\\\/378811\\\/\",\"name\":\"Tr\u00eave de 60 jours \u00e0 Gaza : Trump annonce l\u2019accord d\u2019Isra\u00ebl, le Hamas reste prudent - webdo\",\"isPartOf\":{\"@id\":\"https:\\\/\\\/www.webdo.tn\\\/fr\\\/#website\"},\"primaryImageOfPage\":{\"@id\":\"https:\\\/\\\/www.webdo.tn\\\/fr\\\/actualite\\\/international\\\/treve-de-60-jours-a-gaza-trump-annonce-laccord-disrael-le-hamas-reste-prudent\\\/378811\\\/#primaryimage\"},\"image\":{\"@id\":\"https:\\\/\\\/www.webdo.tn\\\/fr\\\/actualite\\\/international\\\/treve-de-60-jours-a-gaza-trump-annonce-laccord-disrael-le-hamas-reste-prudent\\\/378811\\\/#primaryimage\"},\"thumbnailUrl\":\"https:\\\/\\\/www.webdo.tn\\\/fr\\\/wp-content\\\/uploads\\\/2025\\\/05\\\/d8b1b9d4b786d42eef324df6335cd999.webp\",\"datePublished\":\"2025-07-02T09:11:01+00:00\",\"dateModified\":\"2025-07-02T12:20:59+00:00\",\"description\":\"Trump annonce un cessez-le-feu de 60 jours \u00e0 Gaza. L'accord est en attente de l'approbation du Hamas.\",\"breadcrumb\":{\"@id\":\"https:\\\/\\\/www.webdo.tn\\\/fr\\\/actualite\\\/international\\\/treve-de-60-jours-a-gaza-trump-annonce-laccord-disrael-le-hamas-reste-prudent\\\/378811\\\/#breadcrumb\"},\"inLanguage\":\"fr-FR\",\"potentialAction\":[{\"@type\":\"ReadAction\",\"target\":[\"https:\\\/\\\/www.webdo.tn\\\/fr\\\/actualite\\\/international\\\/treve-de-60-jours-a-gaza-trump-annonce-laccord-disrael-le-hamas-reste-prudent\\\/378811\\\/\"]}]},{\"@type\":\"ImageObject\",\"inLanguage\":\"fr-FR\",\"@id\":\"https:\\\/\\\/www.webdo.tn\\\/fr\\\/actualite\\\/international\\\/treve-de-60-jours-a-gaza-trump-annonce-laccord-disrael-le-hamas-reste-prudent\\\/378811\\\/#primaryimage\",\"url\":\"https:\\\/\\\/www.webdo.tn\\\/fr\\\/wp-content\\\/uploads\\\/2025\\\/05\\\/d8b1b9d4b786d42eef324df6335cd999.webp\",\"contentUrl\":\"https:\\\/\\\/www.webdo.tn\\\/fr\\\/wp-content\\\/uploads\\\/2025\\\/05\\\/d8b1b9d4b786d42eef324df6335cd999.webp\",\"width\":750,\"height\":400,\"caption\":\"Gaza : L\u2019Union europ\u00e9enne d\u00e9cide de r\u00e9examiner son accord avec Isra\u00ebl\"},{\"@type\":\"BreadcrumbList\",\"@id\":\"https:\\\/\\\/www.webdo.tn\\\/fr\\\/actualite\\\/international\\\/treve-de-60-jours-a-gaza-trump-annonce-laccord-disrael-le-hamas-reste-prudent\\\/378811\\\/#breadcrumb\",\"itemListElement\":[{\"@type\":\"ListItem\",\"position\":1,\"name\":\"Accueil\",\"item\":\"https:\\\/\\\/www.webdo.tn\\\/fr\\\/\"},{\"@type\":\"ListItem\",\"position\":2,\"name\":\"Tr\u00eave de 60 jours \u00e0 Gaza : Trump annonce l\u2019accord d\u2019Isra\u00ebl, le Hamas reste prudent\"}]},{\"@type\":\"WebSite\",\"@id\":\"https:\\\/\\\/www.webdo.tn\\\/fr\\\/#website\",\"url\":\"https:\\\/\\\/www.webdo.tn\\\/fr\\\/\",\"name\":\"webdo\",\"description\":\"Tunisie - News en Tunisie et \u00e0 l&#039;international sur Webdo.tn\",\"publisher\":{\"@id\":\"https:\\\/\\\/www.webdo.tn\\\/fr\\\/#organization\"},\"potentialAction\":[{\"@type\":\"SearchAction\",\"target\":{\"@type\":\"EntryPoint\",\"urlTemplate\":\"https:\\\/\\\/www.webdo.tn\\\/fr\\\/?s={search_term_string}\"},\"query-input\":{\"@type\":\"PropertyValueSpecification\",\"valueRequired\":true,\"valueName\":\"search_term_string\"}}],\"inLanguage\":\"fr-FR\"},{\"@type\":\"Organization\",\"@id\":\"https:\\\/\\\/www.webdo.tn\\\/fr\\\/#organization\",\"name\":\"Webdo\",\"alternateName\":\"Webdo.tn\",\"url\":\"https:\\\/\\\/www.webdo.tn\\\/fr\\\/\",\"logo\":{\"@type\":\"ImageObject\",\"inLanguage\":\"fr-FR\",\"@id\":\"https:\\\/\\\/www.webdo.tn\\\/fr\\\/#\\\/schema\\\/logo\\\/image\\\/\",\"url\":\"https:\\\/\\\/www.webdo.tn\\\/fr\\\/wp-content\\\/uploads\\\/2025\\\/06\\\/Webdo-Tunisie_168377.jpg\",\"contentUrl\":\"https:\\\/\\\/www.webdo.tn\\\/fr\\\/wp-content\\\/uploads\\\/2025\\\/06\\\/Webdo-Tunisie_168377.jpg\",\"width\":301,\"height\":301,\"caption\":\"Webdo\"},\"image\":{\"@id\":\"https:\\\/\\\/www.webdo.tn\\\/fr\\\/#\\\/schema\\\/logo\\\/image\\\/\"},\"sameAs\":[\"https:\\\/\\\/www.facebook.com\\\/webdotn\",\"https:\\\/\\\/x.com\\\/webdo_tn\"],\"description\":\"Webdo est un m\u00e9dia num\u00e9rique tunisien fond\u00e9 en 2010, sp\u00e9cialis\u00e9 dans l\u2019actualit\u00e9 nationale et internationale, l\u2019\u00e9conomie, la soci\u00e9t\u00e9 et les analyses politiques. Le site s\u2019adresse \u00e0 un large public francophone et couvre l\u2019information tunisienne en temps r\u00e9el.\",\"email\":\"redac@webdo.tn\",\"legalName\":\"YNJ SARL\",\"foundingDate\":\"2010-09-06\",\"numberOfEmployees\":{\"@type\":\"QuantitativeValue\",\"minValue\":\"11\",\"maxValue\":\"50\"}},{\"@type\":\"Person\",\"@id\":\"https:\\\/\\\/www.webdo.tn\\\/fr\\\/#\\\/schema\\\/person\\\/5663044c25eb36d8f88ba5b653f12f8c\",\"name\":\"Ramzi Haddad\",\"image\":{\"@type\":\"ImageObject\",\"inLanguage\":\"fr-FR\",\"@id\":\"https:\\\/\\\/www.webdo.tn\\\/fr\\\/wp-content\\\/uploads\\\/2026\\\/04\\\/ramzi-haddad_avatar-96x96.jpg\",\"url\":\"https:\\\/\\\/www.webdo.tn\\\/fr\\\/wp-content\\\/uploads\\\/2026\\\/04\\\/ramzi-haddad_avatar-96x96.jpg\",\"contentUrl\":\"https:\\\/\\\/www.webdo.tn\\\/fr\\\/wp-content\\\/uploads\\\/2026\\\/04\\\/ramzi-haddad_avatar-96x96.jpg\",\"caption\":\"Ramzi Haddad\"},\"description\":\"Signature \u00e9ditoriale de Walid Ben Youssef Ramzi Haddad est le pseudonyme \u00e9ditorial de Walid Ben Youssef, fondateur et g\u00e9rant de Webdo.tn. Cette signature est d\u00e9di\u00e9e \u00e0 la couverture de l'actualit\u00e9 nationale et internationale, ainsi qu'aux analyses des dynamiques num\u00e9riques. Ce profil b\u00e9n\u00e9ficie de l'expertise de Walid Ben Youssef, pionnier du web en Tunisie depuis 2000 et dipl\u00f4m\u00e9 en Math\u00e9matiques pures de l'Universit\u00e9 d'Oregon. \u00c0 travers cette signature, la r\u00e9daction de Webdo garantit une information structur\u00e9e et v\u00e9rifi\u00e9e, fid\u00e8le aux standards journalistiques du m\u00e9dia.\",\"url\":\"https:\\\/\\\/www.webdo.tn\\\/fr\\\/actualite\\\/author\\\/ramzi-haddad\\\/\"}]}<\/script>\n<!-- \/ Yoast SEO Premium plugin. -->","yoast_head_json":{"title":"Tr\u00eave de 60 jours \u00e0 Gaza : Trump annonce l\u2019accord d\u2019Isra\u00ebl, le Hamas reste prudent - webdo","description":"Trump annonce un cessez-le-feu de 60 jours \u00e0 Gaza. L'accord est en attente de l'approbation du Hamas.","canonical":"https:\/\/www.webdo.tn\/fr\/actualite\/international\/treve-de-60-jours-a-gaza-trump-annonce-laccord-disrael-le-hamas-reste-prudent\/378811\/","og_locale":"fr_FR","og_type":"article","og_title":"Tr\u00eave de 60 jours \u00e0 Gaza : Trump annonce l\u2019accord d\u2019Isra\u00ebl, le Hamas reste prudent","og_description":"Trump annonce un cessez-le-feu de 60 jours \u00e0 Gaza. L'accord est en attente de l'approbation du Hamas.","og_url":"https:\/\/www.webdo.tn\/fr\/actualite\/international\/treve-de-60-jours-a-gaza-trump-annonce-laccord-disrael-le-hamas-reste-prudent\/378811\/","og_site_name":"webdo","article_publisher":"https:\/\/www.facebook.com\/webdotn","article_published_time":"2025-07-02T09:11:01+00:00","article_modified_time":"2025-07-02T12:20:59+00:00","og_image":[{"width":750,"height":400,"url":"https:\/\/www.webdo.tn\/fr\/wp-content\/uploads\/2025\/05\/d8b1b9d4b786d42eef324df6335cd999.webp","type":"image\/webp"}],"author":"Ramzi Haddad","twitter_card":"summary_large_image","twitter_creator":"@webdo_tn","twitter_site":"@webdo_tn","twitter_misc":{"\u00c9crit par":"Ramzi Haddad","Dur\u00e9e de lecture estim\u00e9e":"3 minutes"},"schema":{"@context":"https:\/\/schema.org","@graph":[{"@type":"NewsArticle","@id":"https:\/\/www.webdo.tn\/fr\/actualite\/international\/treve-de-60-jours-a-gaza-trump-annonce-laccord-disrael-le-hamas-reste-prudent\/378811\/#article","isPartOf":{"@id":"https:\/\/www.webdo.tn\/fr\/actualite\/international\/treve-de-60-jours-a-gaza-trump-annonce-laccord-disrael-le-hamas-reste-prudent\/378811\/"},"author":{"name":"Ramzi Haddad","@id":"https:\/\/www.webdo.tn\/fr\/#\/schema\/person\/5663044c25eb36d8f88ba5b653f12f8c"},"headline":"Tr\u00eave de 60 jours \u00e0 Gaza : Trump annonce l\u2019accord d\u2019Isra\u00ebl, le Hamas reste prudent","datePublished":"2025-07-02T09:11:01+00:00","dateModified":"2025-07-02T12:20:59+00:00","mainEntityOfPage":{"@id":"https:\/\/www.webdo.tn\/fr\/actualite\/international\/treve-de-60-jours-a-gaza-trump-annonce-laccord-disrael-le-hamas-reste-prudent\/378811\/"},"wordCount":634,"commentCount":0,"publisher":{"@id":"https:\/\/www.webdo.tn\/fr\/#organization"},"image":{"@id":"https:\/\/www.webdo.tn\/fr\/actualite\/international\/treve-de-60-jours-a-gaza-trump-annonce-laccord-disrael-le-hamas-reste-prudent\/378811\/#primaryimage"},"thumbnailUrl":"https:\/\/www.webdo.tn\/fr\/wp-content\/uploads\/2025\/05\/d8b1b9d4b786d42eef324df6335cd999.webp","keywords":["Gaza","isra\u00ebl","trump"],"articleSection":["International"],"inLanguage":"fr-FR"},{"@type":"WebPage","@id":"https:\/\/www.webdo.tn\/fr\/actualite\/international\/treve-de-60-jours-a-gaza-trump-annonce-laccord-disrael-le-hamas-reste-prudent\/378811\/","url":"https:\/\/www.webdo.tn\/fr\/actualite\/international\/treve-de-60-jours-a-gaza-trump-annonce-laccord-disrael-le-hamas-reste-prudent\/378811\/","name":"Tr\u00eave de 60 jours \u00e0 Gaza : Trump annonce l\u2019accord d\u2019Isra\u00ebl, le Hamas reste prudent - webdo","isPartOf":{"@id":"https:\/\/www.webdo.tn\/fr\/#website"},"primaryImageOfPage":{"@id":"https:\/\/www.webdo.tn\/fr\/actualite\/international\/treve-de-60-jours-a-gaza-trump-annonce-laccord-disrael-le-hamas-reste-prudent\/378811\/#primaryimage"},"image":{"@id":"https:\/\/www.webdo.tn\/fr\/actualite\/international\/treve-de-60-jours-a-gaza-trump-annonce-laccord-disrael-le-hamas-reste-prudent\/378811\/#primaryimage"},"thumbnailUrl":"https:\/\/www.webdo.tn\/fr\/wp-content\/uploads\/2025\/05\/d8b1b9d4b786d42eef324df6335cd999.webp","datePublished":"2025-07-02T09:11:01+00:00","dateModified":"2025-07-02T12:20:59+00:00","description":"Trump annonce un cessez-le-feu de 60 jours \u00e0 Gaza. L'accord est en attente de l'approbation du Hamas.","breadcrumb":{"@id":"https:\/\/www.webdo.tn\/fr\/actualite\/international\/treve-de-60-jours-a-gaza-trump-annonce-laccord-disrael-le-hamas-reste-prudent\/378811\/#breadcrumb"},"inLanguage":"fr-FR","potentialAction":[{"@type":"ReadAction","target":["https:\/\/www.webdo.tn\/fr\/actualite\/international\/treve-de-60-jours-a-gaza-trump-annonce-laccord-disrael-le-hamas-reste-prudent\/378811\/"]}]},{"@type":"ImageObject","inLanguage":"fr-FR","@id":"https:\/\/www.webdo.tn\/fr\/actualite\/international\/treve-de-60-jours-a-gaza-trump-annonce-laccord-disrael-le-hamas-reste-prudent\/378811\/#primaryimage","url":"https:\/\/www.webdo.tn\/fr\/wp-content\/uploads\/2025\/05\/d8b1b9d4b786d42eef324df6335cd999.webp","contentUrl":"https:\/\/www.webdo.tn\/fr\/wp-content\/uploads\/2025\/05\/d8b1b9d4b786d42eef324df6335cd999.webp","width":750,"height":400,"caption":"Gaza : L\u2019Union europ\u00e9enne d\u00e9cide de r\u00e9examiner son accord avec Isra\u00ebl"},{"@type":"BreadcrumbList","@id":"https:\/\/www.webdo.tn\/fr\/actualite\/international\/treve-de-60-jours-a-gaza-trump-annonce-laccord-disrael-le-hamas-reste-prudent\/378811\/#breadcrumb","itemListElement":[{"@type":"ListItem","position":1,"name":"Accueil","item":"https:\/\/www.webdo.tn\/fr\/"},{"@type":"ListItem","position":2,"name":"Tr\u00eave de 60 jours \u00e0 Gaza : Trump annonce l\u2019accord d\u2019Isra\u00ebl, le Hamas reste prudent"}]},{"@type":"WebSite","@id":"https:\/\/www.webdo.tn\/fr\/#website","url":"https:\/\/www.webdo.tn\/fr\/","name":"webdo","description":"Tunisie - News en Tunisie et \u00e0 l&#039;international sur Webdo.tn","publisher":{"@id":"https:\/\/www.webdo.tn\/fr\/#organization"},"potentialAction":[{"@type":"SearchAction","target":{"@type":"EntryPoint","urlTemplate":"https:\/\/www.webdo.tn\/fr\/?s={search_term_string}"},"query-input":{"@type":"PropertyValueSpecification","valueRequired":true,"valueName":"search_term_string"}}],"inLanguage":"fr-FR"},{"@type":"Organization","@id":"https:\/\/www.webdo.tn\/fr\/#organization","name":"Webdo","alternateName":"Webdo.tn","url":"https:\/\/www.webdo.tn\/fr\/","logo":{"@type":"ImageObject","inLanguage":"fr-FR","@id":"https:\/\/www.webdo.tn\/fr\/#\/schema\/logo\/image\/","url":"https:\/\/www.webdo.tn\/fr\/wp-content\/uploads\/2025\/06\/Webdo-Tunisie_168377.jpg","contentUrl":"https:\/\/www.webdo.tn\/fr\/wp-content\/uploads\/2025\/06\/Webdo-Tunisie_168377.jpg","width":301,"height":301,"caption":"Webdo"},"image":{"@id":"https:\/\/www.webdo.tn\/fr\/#\/schema\/logo\/image\/"},"sameAs":["https:\/\/www.facebook.com\/webdotn","https:\/\/x.com\/webdo_tn"],"description":"Webdo est un m\u00e9dia num\u00e9rique tunisien fond\u00e9 en 2010, sp\u00e9cialis\u00e9 dans l\u2019actualit\u00e9 nationale et internationale, l\u2019\u00e9conomie, la soci\u00e9t\u00e9 et les analyses politiques. Le site s\u2019adresse \u00e0 un large public francophone et couvre l\u2019information tunisienne en temps r\u00e9el.","email":"redac@webdo.tn","legalName":"YNJ SARL","foundingDate":"2010-09-06","numberOfEmployees":{"@type":"QuantitativeValue","minValue":"11","maxValue":"50"}},{"@type":"Person","@id":"https:\/\/www.webdo.tn\/fr\/#\/schema\/person\/5663044c25eb36d8f88ba5b653f12f8c","name":"Ramzi Haddad","image":{"@type":"ImageObject","inLanguage":"fr-FR","@id":"https:\/\/www.webdo.tn\/fr\/wp-content\/uploads\/2026\/04\/ramzi-haddad_avatar-96x96.jpg","url":"https:\/\/www.webdo.tn\/fr\/wp-content\/uploads\/2026\/04\/ramzi-haddad_avatar-96x96.jpg","contentUrl":"https:\/\/www.webdo.tn\/fr\/wp-content\/uploads\/2026\/04\/ramzi-haddad_avatar-96x96.jpg","caption":"Ramzi Haddad"},"description":"Signature \u00e9ditoriale de Walid Ben Youssef Ramzi Haddad est le pseudonyme \u00e9ditorial de Walid Ben Youssef, fondateur et g\u00e9rant de Webdo.tn. Cette signature est d\u00e9di\u00e9e \u00e0 la couverture de l'actualit\u00e9 nationale et internationale, ainsi qu'aux analyses des dynamiques num\u00e9riques. Ce profil b\u00e9n\u00e9ficie de l'expertise de Walid Ben Youssef, pionnier du web en Tunisie depuis 2000 et dipl\u00f4m\u00e9 en Math\u00e9matiques pures de l'Universit\u00e9 d'Oregon. \u00c0 travers cette signature, la r\u00e9daction de Webdo garantit une information structur\u00e9e et v\u00e9rifi\u00e9e, fid\u00e8le aux standards journalistiques du m\u00e9dia.","url":"https:\/\/www.webdo.tn\/fr\/actualite\/author\/ramzi-haddad\/"}]}},"_links":{"self":[{"href":"https:\/\/www.webdo.tn\/fr\/wp-json\/wp\/v2\/posts\/378811","targetHints":{"allow":["GET"]}}],"collection":[{"href":"https:\/\/www.webdo.tn\/fr\/wp-json\/wp\/v2\/posts"}],"about":[{"href":"https:\/\/www.webdo.tn\/fr\/wp-json\/wp\/v2\/types\/post"}],"author":[{"embeddable":true,"href":"https:\/\/www.webdo.tn\/fr\/wp-json\/wp\/v2\/users\/3203"}],"replies":[{"embeddable":true,"href":"https:\/\/www.webdo.tn\/fr\/wp-json\/wp\/v2\/comments?post=378811"}],"version-history":[{"count":0,"href":"https:\/\/www.webdo.tn\/fr\/wp-json\/wp\/v2\/posts\/378811\/revisions"}],"wp:featuredmedia":[{"embeddable":true,"href":"https:\/\/www.webdo.tn\/fr\/wp-json\/wp\/v2\/media\/366087"}],"wp:attachment":[{"href":"https:\/\/www.webdo.tn\/fr\/wp-json\/wp\/v2\/media?parent=378811"}],"wp:term":[{"taxonomy":"category","embeddable":true,"href":"https:\/\/www.webdo.tn\/fr\/wp-json\/wp\/v2\/categories?post=378811"},{"taxonomy":"post_tag","embeddable":true,"href":"https:\/\/www.webdo.tn\/fr\/wp-json\/wp\/v2\/tags?post=378811"}],"curies":[{"name":"wp","href":"https:\/\/api.w.org\/{rel}","templated":true}]}}