{"id":378808,"date":"2025-07-02T08:52:39","date_gmt":"2025-07-02T07:52:39","guid":{"rendered":"https:\/\/www.webdo.tn\/fr\/?p=378808"},"modified":"2025-07-02T13:43:14","modified_gmt":"2025-07-02T12:43:14","slug":"a-seville-sarra-zaafrani-zenzri-renforce-les-alliances-pour-le-developpement-durable","status":"publish","type":"post","link":"https:\/\/www.webdo.tn\/fr\/actualite\/national\/a-seville-sarra-zaafrani-zenzri-renforce-les-alliances-pour-le-developpement-durable\/378808\/","title":{"rendered":"A S\u00e9ville, Sarra Zaafrani Zenzri renforce les alliances pour le d\u00e9veloppement durable"},"content":{"rendered":"\n<p>La Cheffe du gouvernement, Sarra Zaafrani Zenzri, est rentr\u00e9e mardi soir \u00e0 Tunis, apr\u00e8s avoir pris part aux travaux de la 4e Conf\u00e9rence internationale sur le financement du d\u00e9veloppement, qui se tient du 30 juin au 3 juillet \u00e0 S\u00e9ville, dans le sud de l\u2019Espagne.<\/p>\n\n\n\n<p>Durant cette rencontre de haut niveau, la responsable tunisienne a encha\u00een\u00e9 les entretiens bilat\u00e9raux avec plusieurs dirigeants et partenaires internationaux. Elle s\u2019est notamment entretenue avec le pr\u00e9sident mauritanien Mohamed Ould Ghazouani, les Premiers ministres portugais Luis Montenegro, palestinien Mohamed Mustapha, \u00e9gyptien Mustapha Kamel Madbouli, et alg\u00e9rien Nadir Larbaoui, ainsi qu\u2019avec la pr\u00e9sidente de la Banque europ\u00e9enne pour la reconstruction et le d\u00e9veloppement (BERD), Odile Renaud\u2013Basso.<\/p>\n\n\n\n<p>Cette conf\u00e9rence marque une \u00e9tape importante, dix ans apr\u00e8s le Programme d\u2019action d\u2019Addis-Abeba. Les d\u00e9l\u00e9gations participantes ont adopt\u00e9, d\u00e8s la premi\u00e8re journ\u00e9e, l\u2019Engagement de S\u00e9ville, un nouveau cadre global visant \u00e0 mobiliser les financements n\u00e9cessaires au d\u00e9veloppement durable. Estim\u00e9s \u00e0 4 000 milliards de dollars par an, ces besoins restent en grande partie insatisfaits, notamment dans les pays du Sud.<\/p>\n\n\n\n<p>Cet engagement, conclu le 25 juin 2025 par l\u2019ensemble des \u00c9tats membres de l\u2019ONU &#8211; \u00e0 l\u2019exception des \u00c9tats-Unis &#8211; ambitionne de relancer les efforts mondiaux en mati\u00e8re de d\u00e9veloppement inclusif et \u00e9quitable, dans un contexte international marqu\u00e9 par des d\u00e9fis \u00e9conomiques, sociaux et climatiques croissants.<\/p>\n","protected":false},"excerpt":{"rendered":"<p>La Cheffe du gouvernement, Sarra Zaafrani Zenzri, est rentr\u00e9e mardi soir \u00e0 Tunis, apr\u00e8s avoir pris part aux travaux de la 4e Conf\u00e9rence internationale sur le financement du d\u00e9veloppement, qui se tient du 30 juin au 3 juillet \u00e0 S\u00e9ville, dans le sud de l\u2019Espagne. Durant cette rencontre de haut niveau, la responsable tunisienne a [&hellip;]<\/p>\n","protected":false},"author":3191,"featured_media":378809,"comment_status":"open","ping_status":"open","sticky":false,"template":"","format":"standard","meta":{"footnotes":""},"categories":[44],"tags":[12080,3556,12079,2608],"class_list":["post-378808","post","type-post","status-publish","format-standard","has-post-thumbnail","hentry","category-national","tag-financement-du-developpement","tag-sarra-zaafrani-zenzri","tag-seville","tag-tunisie"],"yoast_head":"<!-- This site is optimized with the Yoast SEO Premium plugin v27.5 (Yoast SEO v27.5) - https:\/\/yoast.com\/product\/yoast-seo-premium-wordpress\/ -->\n<title>A S\u00e9ville, Sarra Zaafrani Zenzri renforce les alliances pour le d\u00e9veloppement durable - webdo<\/title>\n<meta name=\"description\" content=\"Sarra Zaafrani Zenzri a particip\u00e9 \u00e0 des discussions importantes avec des leaders mondiaux lors de la Conf\u00e9rence \u00e0 S\u00e9ville.\" \/>\n<link rel=\"canonical\" href=\"https:\/\/www.webdo.tn\/fr\/actualite\/national\/a-seville-sarra-zaafrani-zenzri-renforce-les-alliances-pour-le-developpement-durable\/378808\/\" \/>\n<meta property=\"og:locale\" content=\"fr_FR\" \/>\n<meta property=\"og:type\" content=\"article\" \/>\n<meta property=\"og:title\" content=\"A S\u00e9ville, Sarra Zaafrani Zenzri renforce les alliances pour le d\u00e9veloppement durable\" \/>\n<meta property=\"og:description\" content=\"Sarra Zaafrani Zenzri a particip\u00e9 \u00e0 des discussions importantes avec des leaders mondiaux lors de la Conf\u00e9rence \u00e0 S\u00e9ville.\" \/>\n<meta property=\"og:url\" content=\"https:\/\/www.webdo.tn\/fr\/actualite\/national\/a-seville-sarra-zaafrani-zenzri-renforce-les-alliances-pour-le-developpement-durable\/378808\/\" \/>\n<meta property=\"og:site_name\" content=\"webdo\" \/>\n<meta property=\"article:publisher\" content=\"https:\/\/www.facebook.com\/webdotn\" \/>\n<meta property=\"article:published_time\" content=\"2025-07-02T07:52:39+00:00\" \/>\n<meta property=\"article:modified_time\" content=\"2025-07-02T12:43:14+00:00\" \/>\n<meta property=\"og:image\" content=\"https:\/\/www.webdo.tn\/fr\/wp-content\/uploads\/2025\/07\/Sarra-Zaafrani-Zenzri.jpg\" \/>\n\t<meta property=\"og:image:width\" content=\"1600\" \/>\n\t<meta property=\"og:image:height\" content=\"919\" \/>\n\t<meta property=\"og:image:type\" content=\"image\/jpeg\" \/>\n<meta name=\"author\" content=\"Mohamed Hedi Touati\" \/>\n<meta name=\"twitter:card\" content=\"summary_large_image\" \/>\n<meta name=\"twitter:creator\" content=\"@webdo_tn\" \/>\n<meta name=\"twitter:site\" content=\"@webdo_tn\" \/>\n<meta name=\"twitter:label1\" content=\"\u00c9crit par\" \/>\n\t<meta name=\"twitter:data1\" content=\"Mohamed Hedi Touati\" \/>\n\t<meta name=\"twitter:label2\" content=\"Dur\u00e9e de lecture estim\u00e9e\" \/>\n\t<meta name=\"twitter:data2\" content=\"2 minutes\" \/>\n<script type=\"application\/ld+json\" class=\"yoast-schema-graph\">{\"@context\":\"https:\\\/\\\/schema.org\",\"@graph\":[{\"@type\":\"NewsArticle\",\"@id\":\"https:\\\/\\\/www.webdo.tn\\\/fr\\\/actualite\\\/national\\\/a-seville-sarra-zaafrani-zenzri-renforce-les-alliances-pour-le-developpement-durable\\\/378808\\\/#article\",\"isPartOf\":{\"@id\":\"https:\\\/\\\/www.webdo.tn\\\/fr\\\/actualite\\\/national\\\/a-seville-sarra-zaafrani-zenzri-renforce-les-alliances-pour-le-developpement-durable\\\/378808\\\/\"},\"author\":{\"name\":\"Mohamed Hedi Touati\",\"@id\":\"https:\\\/\\\/www.webdo.tn\\\/fr\\\/#\\\/schema\\\/person\\\/c652cd8fc2b1b44412b5ffb48c5a911d\"},\"headline\":\"A S\u00e9ville, Sarra Zaafrani Zenzri renforce les alliances pour le d\u00e9veloppement durable\",\"datePublished\":\"2025-07-02T07:52:39+00:00\",\"dateModified\":\"2025-07-02T12:43:14+00:00\",\"mainEntityOfPage\":{\"@id\":\"https:\\\/\\\/www.webdo.tn\\\/fr\\\/actualite\\\/national\\\/a-seville-sarra-zaafrani-zenzri-renforce-les-alliances-pour-le-developpement-durable\\\/378808\\\/\"},\"wordCount\":255,\"commentCount\":0,\"publisher\":{\"@id\":\"https:\\\/\\\/www.webdo.tn\\\/fr\\\/#organization\"},\"image\":{\"@id\":\"https:\\\/\\\/www.webdo.tn\\\/fr\\\/actualite\\\/national\\\/a-seville-sarra-zaafrani-zenzri-renforce-les-alliances-pour-le-developpement-durable\\\/378808\\\/#primaryimage\"},\"thumbnailUrl\":\"https:\\\/\\\/www.webdo.tn\\\/fr\\\/wp-content\\\/uploads\\\/2025\\\/07\\\/Sarra-Zaafrani-Zenzri.jpg\",\"keywords\":[\"financement du d\u00e9veloppement\",\"Sarra Za\u00e2frani Zenzri\",\"S\u00e9ville\",\"Tunisie\"],\"articleSection\":[\"National\"],\"inLanguage\":\"fr-FR\"},{\"@type\":\"WebPage\",\"@id\":\"https:\\\/\\\/www.webdo.tn\\\/fr\\\/actualite\\\/national\\\/a-seville-sarra-zaafrani-zenzri-renforce-les-alliances-pour-le-developpement-durable\\\/378808\\\/\",\"url\":\"https:\\\/\\\/www.webdo.tn\\\/fr\\\/actualite\\\/national\\\/a-seville-sarra-zaafrani-zenzri-renforce-les-alliances-pour-le-developpement-durable\\\/378808\\\/\",\"name\":\"A S\u00e9ville, Sarra Zaafrani Zenzri renforce les alliances pour le d\u00e9veloppement durable - webdo\",\"isPartOf\":{\"@id\":\"https:\\\/\\\/www.webdo.tn\\\/fr\\\/#website\"},\"primaryImageOfPage\":{\"@id\":\"https:\\\/\\\/www.webdo.tn\\\/fr\\\/actualite\\\/national\\\/a-seville-sarra-zaafrani-zenzri-renforce-les-alliances-pour-le-developpement-durable\\\/378808\\\/#primaryimage\"},\"image\":{\"@id\":\"https:\\\/\\\/www.webdo.tn\\\/fr\\\/actualite\\\/national\\\/a-seville-sarra-zaafrani-zenzri-renforce-les-alliances-pour-le-developpement-durable\\\/378808\\\/#primaryimage\"},\"thumbnailUrl\":\"https:\\\/\\\/www.webdo.tn\\\/fr\\\/wp-content\\\/uploads\\\/2025\\\/07\\\/Sarra-Zaafrani-Zenzri.jpg\",\"datePublished\":\"2025-07-02T07:52:39+00:00\",\"dateModified\":\"2025-07-02T12:43:14+00:00\",\"description\":\"Sarra Zaafrani Zenzri a particip\u00e9 \u00e0 des discussions importantes avec des leaders mondiaux lors de la Conf\u00e9rence \u00e0 S\u00e9ville.\",\"breadcrumb\":{\"@id\":\"https:\\\/\\\/www.webdo.tn\\\/fr\\\/actualite\\\/national\\\/a-seville-sarra-zaafrani-zenzri-renforce-les-alliances-pour-le-developpement-durable\\\/378808\\\/#breadcrumb\"},\"inLanguage\":\"fr-FR\",\"potentialAction\":[{\"@type\":\"ReadAction\",\"target\":[\"https:\\\/\\\/www.webdo.tn\\\/fr\\\/actualite\\\/national\\\/a-seville-sarra-zaafrani-zenzri-renforce-les-alliances-pour-le-developpement-durable\\\/378808\\\/\"]}]},{\"@type\":\"ImageObject\",\"inLanguage\":\"fr-FR\",\"@id\":\"https:\\\/\\\/www.webdo.tn\\\/fr\\\/actualite\\\/national\\\/a-seville-sarra-zaafrani-zenzri-renforce-les-alliances-pour-le-developpement-durable\\\/378808\\\/#primaryimage\",\"url\":\"https:\\\/\\\/www.webdo.tn\\\/fr\\\/wp-content\\\/uploads\\\/2025\\\/07\\\/Sarra-Zaafrani-Zenzri.jpg\",\"contentUrl\":\"https:\\\/\\\/www.webdo.tn\\\/fr\\\/wp-content\\\/uploads\\\/2025\\\/07\\\/Sarra-Zaafrani-Zenzri.jpg\",\"width\":1600,\"height\":919,\"caption\":\"A S\u00e9ville, Sarra Zaafrani Zenzri renforce les alliances pour le d\u00e9veloppement durable\"},{\"@type\":\"BreadcrumbList\",\"@id\":\"https:\\\/\\\/www.webdo.tn\\\/fr\\\/actualite\\\/national\\\/a-seville-sarra-zaafrani-zenzri-renforce-les-alliances-pour-le-developpement-durable\\\/378808\\\/#breadcrumb\",\"itemListElement\":[{\"@type\":\"ListItem\",\"position\":1,\"name\":\"Accueil\",\"item\":\"https:\\\/\\\/www.webdo.tn\\\/fr\\\/\"},{\"@type\":\"ListItem\",\"position\":2,\"name\":\"A S\u00e9ville, Sarra Zaafrani Zenzri renforce les alliances pour le d\u00e9veloppement durable\"}]},{\"@type\":\"WebSite\",\"@id\":\"https:\\\/\\\/www.webdo.tn\\\/fr\\\/#website\",\"url\":\"https:\\\/\\\/www.webdo.tn\\\/fr\\\/\",\"name\":\"webdo\",\"description\":\"Tunisie - News en Tunisie et \u00e0 l&#039;international sur Webdo.tn\",\"publisher\":{\"@id\":\"https:\\\/\\\/www.webdo.tn\\\/fr\\\/#organization\"},\"potentialAction\":[{\"@type\":\"SearchAction\",\"target\":{\"@type\":\"EntryPoint\",\"urlTemplate\":\"https:\\\/\\\/www.webdo.tn\\\/fr\\\/?s={search_term_string}\"},\"query-input\":{\"@type\":\"PropertyValueSpecification\",\"valueRequired\":true,\"valueName\":\"search_term_string\"}}],\"inLanguage\":\"fr-FR\"},{\"@type\":\"Organization\",\"@id\":\"https:\\\/\\\/www.webdo.tn\\\/fr\\\/#organization\",\"name\":\"Webdo\",\"alternateName\":\"Webdo.tn\",\"url\":\"https:\\\/\\\/www.webdo.tn\\\/fr\\\/\",\"logo\":{\"@type\":\"ImageObject\",\"inLanguage\":\"fr-FR\",\"@id\":\"https:\\\/\\\/www.webdo.tn\\\/fr\\\/#\\\/schema\\\/logo\\\/image\\\/\",\"url\":\"https:\\\/\\\/www.webdo.tn\\\/fr\\\/wp-content\\\/uploads\\\/2025\\\/06\\\/Webdo-Tunisie_168377.jpg\",\"contentUrl\":\"https:\\\/\\\/www.webdo.tn\\\/fr\\\/wp-content\\\/uploads\\\/2025\\\/06\\\/Webdo-Tunisie_168377.jpg\",\"width\":301,\"height\":301,\"caption\":\"Webdo\"},\"image\":{\"@id\":\"https:\\\/\\\/www.webdo.tn\\\/fr\\\/#\\\/schema\\\/logo\\\/image\\\/\"},\"sameAs\":[\"https:\\\/\\\/www.facebook.com\\\/webdotn\",\"https:\\\/\\\/x.com\\\/webdo_tn\"],\"description\":\"Webdo est un m\u00e9dia num\u00e9rique tunisien fond\u00e9 en 2010, sp\u00e9cialis\u00e9 dans l\u2019actualit\u00e9 nationale et internationale, l\u2019\u00e9conomie, la soci\u00e9t\u00e9 et les analyses politiques. Le site s\u2019adresse \u00e0 un large public francophone et couvre l\u2019information tunisienne en temps r\u00e9el.\",\"email\":\"redac@webdo.tn\",\"legalName\":\"YNJ SARL\",\"foundingDate\":\"2010-09-06\",\"numberOfEmployees\":{\"@type\":\"QuantitativeValue\",\"minValue\":\"11\",\"maxValue\":\"50\"}},{\"@type\":\"Person\",\"@id\":\"https:\\\/\\\/www.webdo.tn\\\/fr\\\/#\\\/schema\\\/person\\\/c652cd8fc2b1b44412b5ffb48c5a911d\",\"name\":\"Mohamed Hedi Touati\",\"image\":{\"@type\":\"ImageObject\",\"inLanguage\":\"fr-FR\",\"@id\":\"https:\\\/\\\/secure.gravatar.com\\\/avatar\\\/9cfd402c745b7a685f13eed0ea6e59d2144a3c2fc50a3db6fd5ed451f6cddf1a?s=96&d=mm&r=g\",\"url\":\"https:\\\/\\\/secure.gravatar.com\\\/avatar\\\/9cfd402c745b7a685f13eed0ea6e59d2144a3c2fc50a3db6fd5ed451f6cddf1a?s=96&d=mm&r=g\",\"contentUrl\":\"https:\\\/\\\/secure.gravatar.com\\\/avatar\\\/9cfd402c745b7a685f13eed0ea6e59d2144a3c2fc50a3db6fd5ed451f6cddf1a?s=96&d=mm&r=g\",\"caption\":\"Mohamed Hedi Touati\"},\"url\":\"https:\\\/\\\/www.webdo.tn\\\/fr\\\/actualite\\\/author\\\/mohamed-hedi-touati\\\/\"}]}<\/script>\n<!-- \/ Yoast SEO Premium plugin. -->","yoast_head_json":{"title":"A S\u00e9ville, Sarra Zaafrani Zenzri renforce les alliances pour le d\u00e9veloppement durable - webdo","description":"Sarra Zaafrani Zenzri a particip\u00e9 \u00e0 des discussions importantes avec des leaders mondiaux lors de la Conf\u00e9rence \u00e0 S\u00e9ville.","canonical":"https:\/\/www.webdo.tn\/fr\/actualite\/national\/a-seville-sarra-zaafrani-zenzri-renforce-les-alliances-pour-le-developpement-durable\/378808\/","og_locale":"fr_FR","og_type":"article","og_title":"A S\u00e9ville, Sarra Zaafrani Zenzri renforce les alliances pour le d\u00e9veloppement durable","og_description":"Sarra Zaafrani Zenzri a particip\u00e9 \u00e0 des discussions importantes avec des leaders mondiaux lors de la Conf\u00e9rence \u00e0 S\u00e9ville.","og_url":"https:\/\/www.webdo.tn\/fr\/actualite\/national\/a-seville-sarra-zaafrani-zenzri-renforce-les-alliances-pour-le-developpement-durable\/378808\/","og_site_name":"webdo","article_publisher":"https:\/\/www.facebook.com\/webdotn","article_published_time":"2025-07-02T07:52:39+00:00","article_modified_time":"2025-07-02T12:43:14+00:00","og_image":[{"width":1600,"height":919,"url":"https:\/\/www.webdo.tn\/fr\/wp-content\/uploads\/2025\/07\/Sarra-Zaafrani-Zenzri.jpg","type":"image\/jpeg"}],"author":"Mohamed Hedi Touati","twitter_card":"summary_large_image","twitter_creator":"@webdo_tn","twitter_site":"@webdo_tn","twitter_misc":{"\u00c9crit par":"Mohamed Hedi Touati","Dur\u00e9e de lecture estim\u00e9e":"2 minutes"},"schema":{"@context":"https:\/\/schema.org","@graph":[{"@type":"NewsArticle","@id":"https:\/\/www.webdo.tn\/fr\/actualite\/national\/a-seville-sarra-zaafrani-zenzri-renforce-les-alliances-pour-le-developpement-durable\/378808\/#article","isPartOf":{"@id":"https:\/\/www.webdo.tn\/fr\/actualite\/national\/a-seville-sarra-zaafrani-zenzri-renforce-les-alliances-pour-le-developpement-durable\/378808\/"},"author":{"name":"Mohamed Hedi Touati","@id":"https:\/\/www.webdo.tn\/fr\/#\/schema\/person\/c652cd8fc2b1b44412b5ffb48c5a911d"},"headline":"A S\u00e9ville, Sarra Zaafrani Zenzri renforce les alliances pour le d\u00e9veloppement durable","datePublished":"2025-07-02T07:52:39+00:00","dateModified":"2025-07-02T12:43:14+00:00","mainEntityOfPage":{"@id":"https:\/\/www.webdo.tn\/fr\/actualite\/national\/a-seville-sarra-zaafrani-zenzri-renforce-les-alliances-pour-le-developpement-durable\/378808\/"},"wordCount":255,"commentCount":0,"publisher":{"@id":"https:\/\/www.webdo.tn\/fr\/#organization"},"image":{"@id":"https:\/\/www.webdo.tn\/fr\/actualite\/national\/a-seville-sarra-zaafrani-zenzri-renforce-les-alliances-pour-le-developpement-durable\/378808\/#primaryimage"},"thumbnailUrl":"https:\/\/www.webdo.tn\/fr\/wp-content\/uploads\/2025\/07\/Sarra-Zaafrani-Zenzri.jpg","keywords":["financement du d\u00e9veloppement","Sarra Za\u00e2frani Zenzri","S\u00e9ville","Tunisie"],"articleSection":["National"],"inLanguage":"fr-FR"},{"@type":"WebPage","@id":"https:\/\/www.webdo.tn\/fr\/actualite\/national\/a-seville-sarra-zaafrani-zenzri-renforce-les-alliances-pour-le-developpement-durable\/378808\/","url":"https:\/\/www.webdo.tn\/fr\/actualite\/national\/a-seville-sarra-zaafrani-zenzri-renforce-les-alliances-pour-le-developpement-durable\/378808\/","name":"A S\u00e9ville, Sarra Zaafrani Zenzri renforce les alliances pour le d\u00e9veloppement durable - webdo","isPartOf":{"@id":"https:\/\/www.webdo.tn\/fr\/#website"},"primaryImageOfPage":{"@id":"https:\/\/www.webdo.tn\/fr\/actualite\/national\/a-seville-sarra-zaafrani-zenzri-renforce-les-alliances-pour-le-developpement-durable\/378808\/#primaryimage"},"image":{"@id":"https:\/\/www.webdo.tn\/fr\/actualite\/national\/a-seville-sarra-zaafrani-zenzri-renforce-les-alliances-pour-le-developpement-durable\/378808\/#primaryimage"},"thumbnailUrl":"https:\/\/www.webdo.tn\/fr\/wp-content\/uploads\/2025\/07\/Sarra-Zaafrani-Zenzri.jpg","datePublished":"2025-07-02T07:52:39+00:00","dateModified":"2025-07-02T12:43:14+00:00","description":"Sarra Zaafrani Zenzri a particip\u00e9 \u00e0 des discussions importantes avec des leaders mondiaux lors de la Conf\u00e9rence \u00e0 S\u00e9ville.","breadcrumb":{"@id":"https:\/\/www.webdo.tn\/fr\/actualite\/national\/a-seville-sarra-zaafrani-zenzri-renforce-les-alliances-pour-le-developpement-durable\/378808\/#breadcrumb"},"inLanguage":"fr-FR","potentialAction":[{"@type":"ReadAction","target":["https:\/\/www.webdo.tn\/fr\/actualite\/national\/a-seville-sarra-zaafrani-zenzri-renforce-les-alliances-pour-le-developpement-durable\/378808\/"]}]},{"@type":"ImageObject","inLanguage":"fr-FR","@id":"https:\/\/www.webdo.tn\/fr\/actualite\/national\/a-seville-sarra-zaafrani-zenzri-renforce-les-alliances-pour-le-developpement-durable\/378808\/#primaryimage","url":"https:\/\/www.webdo.tn\/fr\/wp-content\/uploads\/2025\/07\/Sarra-Zaafrani-Zenzri.jpg","contentUrl":"https:\/\/www.webdo.tn\/fr\/wp-content\/uploads\/2025\/07\/Sarra-Zaafrani-Zenzri.jpg","width":1600,"height":919,"caption":"A S\u00e9ville, Sarra Zaafrani Zenzri renforce les alliances pour le d\u00e9veloppement durable"},{"@type":"BreadcrumbList","@id":"https:\/\/www.webdo.tn\/fr\/actualite\/national\/a-seville-sarra-zaafrani-zenzri-renforce-les-alliances-pour-le-developpement-durable\/378808\/#breadcrumb","itemListElement":[{"@type":"ListItem","position":1,"name":"Accueil","item":"https:\/\/www.webdo.tn\/fr\/"},{"@type":"ListItem","position":2,"name":"A S\u00e9ville, Sarra Zaafrani Zenzri renforce les alliances pour le d\u00e9veloppement durable"}]},{"@type":"WebSite","@id":"https:\/\/www.webdo.tn\/fr\/#website","url":"https:\/\/www.webdo.tn\/fr\/","name":"webdo","description":"Tunisie - News en Tunisie et \u00e0 l&#039;international sur Webdo.tn","publisher":{"@id":"https:\/\/www.webdo.tn\/fr\/#organization"},"potentialAction":[{"@type":"SearchAction","target":{"@type":"EntryPoint","urlTemplate":"https:\/\/www.webdo.tn\/fr\/?s={search_term_string}"},"query-input":{"@type":"PropertyValueSpecification","valueRequired":true,"valueName":"search_term_string"}}],"inLanguage":"fr-FR"},{"@type":"Organization","@id":"https:\/\/www.webdo.tn\/fr\/#organization","name":"Webdo","alternateName":"Webdo.tn","url":"https:\/\/www.webdo.tn\/fr\/","logo":{"@type":"ImageObject","inLanguage":"fr-FR","@id":"https:\/\/www.webdo.tn\/fr\/#\/schema\/logo\/image\/","url":"https:\/\/www.webdo.tn\/fr\/wp-content\/uploads\/2025\/06\/Webdo-Tunisie_168377.jpg","contentUrl":"https:\/\/www.webdo.tn\/fr\/wp-content\/uploads\/2025\/06\/Webdo-Tunisie_168377.jpg","width":301,"height":301,"caption":"Webdo"},"image":{"@id":"https:\/\/www.webdo.tn\/fr\/#\/schema\/logo\/image\/"},"sameAs":["https:\/\/www.facebook.com\/webdotn","https:\/\/x.com\/webdo_tn"],"description":"Webdo est un m\u00e9dia num\u00e9rique tunisien fond\u00e9 en 2010, sp\u00e9cialis\u00e9 dans l\u2019actualit\u00e9 nationale et internationale, l\u2019\u00e9conomie, la soci\u00e9t\u00e9 et les analyses politiques. Le site s\u2019adresse \u00e0 un large public francophone et couvre l\u2019information tunisienne en temps r\u00e9el.","email":"redac@webdo.tn","legalName":"YNJ SARL","foundingDate":"2010-09-06","numberOfEmployees":{"@type":"QuantitativeValue","minValue":"11","maxValue":"50"}},{"@type":"Person","@id":"https:\/\/www.webdo.tn\/fr\/#\/schema\/person\/c652cd8fc2b1b44412b5ffb48c5a911d","name":"Mohamed Hedi Touati","image":{"@type":"ImageObject","inLanguage":"fr-FR","@id":"https:\/\/secure.gravatar.com\/avatar\/9cfd402c745b7a685f13eed0ea6e59d2144a3c2fc50a3db6fd5ed451f6cddf1a?s=96&d=mm&r=g","url":"https:\/\/secure.gravatar.com\/avatar\/9cfd402c745b7a685f13eed0ea6e59d2144a3c2fc50a3db6fd5ed451f6cddf1a?s=96&d=mm&r=g","contentUrl":"https:\/\/secure.gravatar.com\/avatar\/9cfd402c745b7a685f13eed0ea6e59d2144a3c2fc50a3db6fd5ed451f6cddf1a?s=96&d=mm&r=g","caption":"Mohamed Hedi Touati"},"url":"https:\/\/www.webdo.tn\/fr\/actualite\/author\/mohamed-hedi-touati\/"}]}},"_links":{"self":[{"href":"https:\/\/www.webdo.tn\/fr\/wp-json\/wp\/v2\/posts\/378808","targetHints":{"allow":["GET"]}}],"collection":[{"href":"https:\/\/www.webdo.tn\/fr\/wp-json\/wp\/v2\/posts"}],"about":[{"href":"https:\/\/www.webdo.tn\/fr\/wp-json\/wp\/v2\/types\/post"}],"author":[{"embeddable":true,"href":"https:\/\/www.webdo.tn\/fr\/wp-json\/wp\/v2\/users\/3191"}],"replies":[{"embeddable":true,"href":"https:\/\/www.webdo.tn\/fr\/wp-json\/wp\/v2\/comments?post=378808"}],"version-history":[{"count":0,"href":"https:\/\/www.webdo.tn\/fr\/wp-json\/wp\/v2\/posts\/378808\/revisions"}],"wp:featuredmedia":[{"embeddable":true,"href":"https:\/\/www.webdo.tn\/fr\/wp-json\/wp\/v2\/media\/378809"}],"wp:attachment":[{"href":"https:\/\/www.webdo.tn\/fr\/wp-json\/wp\/v2\/media?parent=378808"}],"wp:term":[{"taxonomy":"category","embeddable":true,"href":"https:\/\/www.webdo.tn\/fr\/wp-json\/wp\/v2\/categories?post=378808"},{"taxonomy":"post_tag","embeddable":true,"href":"https:\/\/www.webdo.tn\/fr\/wp-json\/wp\/v2\/tags?post=378808"}],"curies":[{"name":"wp","href":"https:\/\/api.w.org\/{rel}","templated":true}]}}