{"id":378804,"date":"2025-07-02T08:42:33","date_gmt":"2025-07-02T07:42:33","guid":{"rendered":"https:\/\/www.webdo.tn\/fr\/?p=378804"},"modified":"2025-07-02T11:32:34","modified_gmt":"2025-07-02T10:32:34","slug":"tunisie-kais-saied-plaide-pour-un-nouveau-cadre-juridique-pour-les-professionnels-de-sante","status":"publish","type":"post","link":"https:\/\/www.webdo.tn\/fr\/actualite\/national\/tunisie-kais-saied-plaide-pour-un-nouveau-cadre-juridique-pour-les-professionnels-de-sante\/378804\/","title":{"rendered":"Tunisie : Kais Saied plaide pour un nouveau cadre juridique pour les professionnels de sant\u00e9"},"content":{"rendered":"\n<p>Le pr\u00e9sident Kais Saied a plaid\u00e9 mardi 1er juillet 2025 pour l\u2019instauration urgente d\u2019un cadre juridique r\u00e9nov\u00e9, visant \u00e0 garantir les droits, la dignit\u00e9 et la protection des m\u00e9decins, du personnel param\u00e9dical et de l\u2019ensemble des professionnels du secteur de la sant\u00e9 en Tunisie.<\/p>\n\n\n\n<p>Recevant le ministre de la Sant\u00e9, Mustapha Ferjani, au Palais de Carthage, le chef de l\u2019\u00c9tat a rendu un vibrant hommage aux comp\u00e9tences m\u00e9dicales tunisiennes, largement reconnues \u00e0 l\u2019\u00e9tranger. Il a d\u00e9plor\u00e9 le paradoxe d\u2019un pays qui \u00ab pr\u00eate \u00bb ses talents au monde, tout en affrontant une crise \u00e9conomique profonde : \u00ab Alors, qui pr\u00eate \u00e0 qui ? \u00bb, a-t-il lanc\u00e9, soulignant l\u2019injustice de voir la Tunisie exporter une richesse humaine sans en r\u00e9colter les fruits.<\/p>\n\n\n\n<p>Au c\u0153ur de cette rencontre, Kais Saied a rappel\u00e9 que le droit \u00e0 la sant\u00e9 constitue un droit humain fondamental et un principe constitutionnel. Il a appel\u00e9 \u00e0 des actions concr\u00e8tes pour renforcer l\u2019acc\u00e8s aux soins, en particulier dans les r\u00e9gions marginalis\u00e9es, dans l\u2019attente d\u2019une r\u00e9forme structurelle du syst\u00e8me de sant\u00e9 publique.<\/p>\n\n\n\n<p>Le pr\u00e9sident a \u00e9galement salu\u00e9 la m\u00e9moire de grandes figures de la m\u00e9decine tunisienne, \u00e0 l\u2019instar de Habib Thameur, Ahmed Ben Miled \u2013 surnomm\u00e9 \u00ab le m\u00e9decin des pauvres \u00bb \u2013 Slimane Ben Slimane et Tawhida Ben Cheikh, pionni\u00e8re de la m\u00e9decine f\u00e9minine. Il a exprim\u00e9 son admiration pour les fondateurs de la Facult\u00e9 de m\u00e9decine de Tunis, qui, dans les ann\u00e9es 1960, avaient choisi de mettre leur savoir au service du pays.<\/p>\n","protected":false},"excerpt":{"rendered":"<p>Le pr\u00e9sident Kais Saied a plaid\u00e9 mardi 1er juillet 2025 pour l\u2019instauration urgente d\u2019un cadre juridique r\u00e9nov\u00e9, visant \u00e0 garantir les droits, la dignit\u00e9 et la protection des m\u00e9decins, du personnel param\u00e9dical et de l\u2019ensemble des professionnels du secteur de la sant\u00e9 en Tunisie. Recevant le ministre de la Sant\u00e9, Mustapha Ferjani, au Palais de [&hellip;]<\/p>\n","protected":false},"author":3191,"featured_media":378807,"comment_status":"open","ping_status":"open","sticky":false,"template":"","format":"standard","meta":{"footnotes":""},"categories":[44],"tags":[2614,2701,2981,2608],"class_list":["post-378804","post","type-post","status-publish","format-standard","has-post-thumbnail","hentry","category-national","tag-kais-saied","tag-medecins","tag-sante-en-tunisie","tag-tunisie"],"yoast_head":"<!-- This site is optimized with the Yoast SEO Premium plugin v27.5 (Yoast SEO v27.5) - https:\/\/yoast.com\/product\/yoast-seo-premium-wordpress\/ -->\n<title>Tunisie : Kais Saied plaide pour un nouveau cadre juridique pour les professionnels de sant\u00e9 - webdo<\/title>\n<meta name=\"description\" content=\"Kais Saied appelle \u00e0 une r\u00e9forme pour garantir les droits des professionnels de sant\u00e9. Explorez les enjeux actuels en Tunisie.\" \/>\n<link rel=\"canonical\" href=\"https:\/\/www.webdo.tn\/fr\/actualite\/national\/tunisie-kais-saied-plaide-pour-un-nouveau-cadre-juridique-pour-les-professionnels-de-sante\/378804\/\" \/>\n<meta property=\"og:locale\" content=\"fr_FR\" \/>\n<meta property=\"og:type\" content=\"article\" \/>\n<meta property=\"og:title\" content=\"Tunisie : Kais Saied plaide pour un nouveau cadre juridique pour les professionnels de sant\u00e9\" \/>\n<meta property=\"og:description\" content=\"Kais Saied appelle \u00e0 une r\u00e9forme pour garantir les droits des professionnels de sant\u00e9. Explorez les enjeux actuels en Tunisie.\" \/>\n<meta property=\"og:url\" content=\"https:\/\/www.webdo.tn\/fr\/actualite\/national\/tunisie-kais-saied-plaide-pour-un-nouveau-cadre-juridique-pour-les-professionnels-de-sante\/378804\/\" \/>\n<meta property=\"og:site_name\" content=\"webdo\" \/>\n<meta property=\"article:publisher\" content=\"https:\/\/www.facebook.com\/webdotn\" \/>\n<meta property=\"article:published_time\" content=\"2025-07-02T07:42:33+00:00\" \/>\n<meta property=\"article:modified_time\" content=\"2025-07-02T10:32:34+00:00\" \/>\n<meta property=\"og:image\" content=\"https:\/\/www.webdo.tn\/fr\/wp-content\/uploads\/2025\/07\/Kais-Saied-01-07-2025-1.jpg\" \/>\n\t<meta property=\"og:image:width\" content=\"2048\" \/>\n\t<meta property=\"og:image:height\" content=\"1245\" \/>\n\t<meta property=\"og:image:type\" content=\"image\/jpeg\" \/>\n<meta name=\"author\" content=\"Mohamed Hedi Touati\" \/>\n<meta name=\"twitter:card\" content=\"summary_large_image\" \/>\n<meta name=\"twitter:creator\" content=\"@webdo_tn\" \/>\n<meta name=\"twitter:site\" content=\"@webdo_tn\" \/>\n<meta name=\"twitter:label1\" content=\"\u00c9crit par\" \/>\n\t<meta name=\"twitter:data1\" content=\"Mohamed Hedi Touati\" \/>\n\t<meta name=\"twitter:label2\" content=\"Dur\u00e9e de lecture estim\u00e9e\" \/>\n\t<meta name=\"twitter:data2\" content=\"2 minutes\" \/>\n<script type=\"application\/ld+json\" class=\"yoast-schema-graph\">{\"@context\":\"https:\\\/\\\/schema.org\",\"@graph\":[{\"@type\":\"NewsArticle\",\"@id\":\"https:\\\/\\\/www.webdo.tn\\\/fr\\\/actualite\\\/national\\\/tunisie-kais-saied-plaide-pour-un-nouveau-cadre-juridique-pour-les-professionnels-de-sante\\\/378804\\\/#article\",\"isPartOf\":{\"@id\":\"https:\\\/\\\/www.webdo.tn\\\/fr\\\/actualite\\\/national\\\/tunisie-kais-saied-plaide-pour-un-nouveau-cadre-juridique-pour-les-professionnels-de-sante\\\/378804\\\/\"},\"author\":{\"name\":\"Mohamed Hedi Touati\",\"@id\":\"https:\\\/\\\/www.webdo.tn\\\/fr\\\/#\\\/schema\\\/person\\\/c652cd8fc2b1b44412b5ffb48c5a911d\"},\"headline\":\"Tunisie : Kais Saied plaide pour un nouveau cadre juridique pour les professionnels de sant\u00e9\",\"datePublished\":\"2025-07-02T07:42:33+00:00\",\"dateModified\":\"2025-07-02T10:32:34+00:00\",\"mainEntityOfPage\":{\"@id\":\"https:\\\/\\\/www.webdo.tn\\\/fr\\\/actualite\\\/national\\\/tunisie-kais-saied-plaide-pour-un-nouveau-cadre-juridique-pour-les-professionnels-de-sante\\\/378804\\\/\"},\"wordCount\":279,\"commentCount\":0,\"publisher\":{\"@id\":\"https:\\\/\\\/www.webdo.tn\\\/fr\\\/#organization\"},\"image\":{\"@id\":\"https:\\\/\\\/www.webdo.tn\\\/fr\\\/actualite\\\/national\\\/tunisie-kais-saied-plaide-pour-un-nouveau-cadre-juridique-pour-les-professionnels-de-sante\\\/378804\\\/#primaryimage\"},\"thumbnailUrl\":\"https:\\\/\\\/www.webdo.tn\\\/fr\\\/wp-content\\\/uploads\\\/2025\\\/07\\\/Kais-Saied-01-07-2025-1.jpg\",\"keywords\":[\"Kais Saied\",\"m\u00e9decins\",\"Sant\u00e9 en Tunisie\",\"Tunisie\"],\"articleSection\":[\"National\"],\"inLanguage\":\"fr-FR\"},{\"@type\":\"WebPage\",\"@id\":\"https:\\\/\\\/www.webdo.tn\\\/fr\\\/actualite\\\/national\\\/tunisie-kais-saied-plaide-pour-un-nouveau-cadre-juridique-pour-les-professionnels-de-sante\\\/378804\\\/\",\"url\":\"https:\\\/\\\/www.webdo.tn\\\/fr\\\/actualite\\\/national\\\/tunisie-kais-saied-plaide-pour-un-nouveau-cadre-juridique-pour-les-professionnels-de-sante\\\/378804\\\/\",\"name\":\"Tunisie : Kais Saied plaide pour un nouveau cadre juridique pour les professionnels de sant\u00e9 - webdo\",\"isPartOf\":{\"@id\":\"https:\\\/\\\/www.webdo.tn\\\/fr\\\/#website\"},\"primaryImageOfPage\":{\"@id\":\"https:\\\/\\\/www.webdo.tn\\\/fr\\\/actualite\\\/national\\\/tunisie-kais-saied-plaide-pour-un-nouveau-cadre-juridique-pour-les-professionnels-de-sante\\\/378804\\\/#primaryimage\"},\"image\":{\"@id\":\"https:\\\/\\\/www.webdo.tn\\\/fr\\\/actualite\\\/national\\\/tunisie-kais-saied-plaide-pour-un-nouveau-cadre-juridique-pour-les-professionnels-de-sante\\\/378804\\\/#primaryimage\"},\"thumbnailUrl\":\"https:\\\/\\\/www.webdo.tn\\\/fr\\\/wp-content\\\/uploads\\\/2025\\\/07\\\/Kais-Saied-01-07-2025-1.jpg\",\"datePublished\":\"2025-07-02T07:42:33+00:00\",\"dateModified\":\"2025-07-02T10:32:34+00:00\",\"description\":\"Kais Saied appelle \u00e0 une r\u00e9forme pour garantir les droits des professionnels de sant\u00e9. Explorez les enjeux actuels en Tunisie.\",\"breadcrumb\":{\"@id\":\"https:\\\/\\\/www.webdo.tn\\\/fr\\\/actualite\\\/national\\\/tunisie-kais-saied-plaide-pour-un-nouveau-cadre-juridique-pour-les-professionnels-de-sante\\\/378804\\\/#breadcrumb\"},\"inLanguage\":\"fr-FR\",\"potentialAction\":[{\"@type\":\"ReadAction\",\"target\":[\"https:\\\/\\\/www.webdo.tn\\\/fr\\\/actualite\\\/national\\\/tunisie-kais-saied-plaide-pour-un-nouveau-cadre-juridique-pour-les-professionnels-de-sante\\\/378804\\\/\"]}]},{\"@type\":\"ImageObject\",\"inLanguage\":\"fr-FR\",\"@id\":\"https:\\\/\\\/www.webdo.tn\\\/fr\\\/actualite\\\/national\\\/tunisie-kais-saied-plaide-pour-un-nouveau-cadre-juridique-pour-les-professionnels-de-sante\\\/378804\\\/#primaryimage\",\"url\":\"https:\\\/\\\/www.webdo.tn\\\/fr\\\/wp-content\\\/uploads\\\/2025\\\/07\\\/Kais-Saied-01-07-2025-1.jpg\",\"contentUrl\":\"https:\\\/\\\/www.webdo.tn\\\/fr\\\/wp-content\\\/uploads\\\/2025\\\/07\\\/Kais-Saied-01-07-2025-1.jpg\",\"width\":2048,\"height\":1245,\"caption\":\"Kais Saied plaide pour un nouveau cadre juridique pour les professionnels de sant\u00e9\"},{\"@type\":\"BreadcrumbList\",\"@id\":\"https:\\\/\\\/www.webdo.tn\\\/fr\\\/actualite\\\/national\\\/tunisie-kais-saied-plaide-pour-un-nouveau-cadre-juridique-pour-les-professionnels-de-sante\\\/378804\\\/#breadcrumb\",\"itemListElement\":[{\"@type\":\"ListItem\",\"position\":1,\"name\":\"Accueil\",\"item\":\"https:\\\/\\\/www.webdo.tn\\\/fr\\\/\"},{\"@type\":\"ListItem\",\"position\":2,\"name\":\"Tunisie : Kais Saied plaide pour un nouveau cadre juridique pour les professionnels de sant\u00e9\"}]},{\"@type\":\"WebSite\",\"@id\":\"https:\\\/\\\/www.webdo.tn\\\/fr\\\/#website\",\"url\":\"https:\\\/\\\/www.webdo.tn\\\/fr\\\/\",\"name\":\"webdo\",\"description\":\"Tunisie - News en Tunisie et \u00e0 l&#039;international sur Webdo.tn\",\"publisher\":{\"@id\":\"https:\\\/\\\/www.webdo.tn\\\/fr\\\/#organization\"},\"potentialAction\":[{\"@type\":\"SearchAction\",\"target\":{\"@type\":\"EntryPoint\",\"urlTemplate\":\"https:\\\/\\\/www.webdo.tn\\\/fr\\\/?s={search_term_string}\"},\"query-input\":{\"@type\":\"PropertyValueSpecification\",\"valueRequired\":true,\"valueName\":\"search_term_string\"}}],\"inLanguage\":\"fr-FR\"},{\"@type\":\"Organization\",\"@id\":\"https:\\\/\\\/www.webdo.tn\\\/fr\\\/#organization\",\"name\":\"Webdo\",\"alternateName\":\"Webdo.tn\",\"url\":\"https:\\\/\\\/www.webdo.tn\\\/fr\\\/\",\"logo\":{\"@type\":\"ImageObject\",\"inLanguage\":\"fr-FR\",\"@id\":\"https:\\\/\\\/www.webdo.tn\\\/fr\\\/#\\\/schema\\\/logo\\\/image\\\/\",\"url\":\"https:\\\/\\\/www.webdo.tn\\\/fr\\\/wp-content\\\/uploads\\\/2025\\\/06\\\/Webdo-Tunisie_168377.jpg\",\"contentUrl\":\"https:\\\/\\\/www.webdo.tn\\\/fr\\\/wp-content\\\/uploads\\\/2025\\\/06\\\/Webdo-Tunisie_168377.jpg\",\"width\":301,\"height\":301,\"caption\":\"Webdo\"},\"image\":{\"@id\":\"https:\\\/\\\/www.webdo.tn\\\/fr\\\/#\\\/schema\\\/logo\\\/image\\\/\"},\"sameAs\":[\"https:\\\/\\\/www.facebook.com\\\/webdotn\",\"https:\\\/\\\/x.com\\\/webdo_tn\"],\"description\":\"Webdo est un m\u00e9dia num\u00e9rique tunisien fond\u00e9 en 2010, sp\u00e9cialis\u00e9 dans l\u2019actualit\u00e9 nationale et internationale, l\u2019\u00e9conomie, la soci\u00e9t\u00e9 et les analyses politiques. Le site s\u2019adresse \u00e0 un large public francophone et couvre l\u2019information tunisienne en temps r\u00e9el.\",\"email\":\"redac@webdo.tn\",\"legalName\":\"YNJ SARL\",\"foundingDate\":\"2010-09-06\",\"numberOfEmployees\":{\"@type\":\"QuantitativeValue\",\"minValue\":\"11\",\"maxValue\":\"50\"}},{\"@type\":\"Person\",\"@id\":\"https:\\\/\\\/www.webdo.tn\\\/fr\\\/#\\\/schema\\\/person\\\/c652cd8fc2b1b44412b5ffb48c5a911d\",\"name\":\"Mohamed Hedi Touati\",\"image\":{\"@type\":\"ImageObject\",\"inLanguage\":\"fr-FR\",\"@id\":\"https:\\\/\\\/secure.gravatar.com\\\/avatar\\\/9cfd402c745b7a685f13eed0ea6e59d2144a3c2fc50a3db6fd5ed451f6cddf1a?s=96&d=mm&r=g\",\"url\":\"https:\\\/\\\/secure.gravatar.com\\\/avatar\\\/9cfd402c745b7a685f13eed0ea6e59d2144a3c2fc50a3db6fd5ed451f6cddf1a?s=96&d=mm&r=g\",\"contentUrl\":\"https:\\\/\\\/secure.gravatar.com\\\/avatar\\\/9cfd402c745b7a685f13eed0ea6e59d2144a3c2fc50a3db6fd5ed451f6cddf1a?s=96&d=mm&r=g\",\"caption\":\"Mohamed Hedi Touati\"},\"url\":\"https:\\\/\\\/www.webdo.tn\\\/fr\\\/actualite\\\/author\\\/mohamed-hedi-touati\\\/\"}]}<\/script>\n<!-- \/ Yoast SEO Premium plugin. -->","yoast_head_json":{"title":"Tunisie : Kais Saied plaide pour un nouveau cadre juridique pour les professionnels de sant\u00e9 - webdo","description":"Kais Saied appelle \u00e0 une r\u00e9forme pour garantir les droits des professionnels de sant\u00e9. Explorez les enjeux actuels en Tunisie.","canonical":"https:\/\/www.webdo.tn\/fr\/actualite\/national\/tunisie-kais-saied-plaide-pour-un-nouveau-cadre-juridique-pour-les-professionnels-de-sante\/378804\/","og_locale":"fr_FR","og_type":"article","og_title":"Tunisie : Kais Saied plaide pour un nouveau cadre juridique pour les professionnels de sant\u00e9","og_description":"Kais Saied appelle \u00e0 une r\u00e9forme pour garantir les droits des professionnels de sant\u00e9. Explorez les enjeux actuels en Tunisie.","og_url":"https:\/\/www.webdo.tn\/fr\/actualite\/national\/tunisie-kais-saied-plaide-pour-un-nouveau-cadre-juridique-pour-les-professionnels-de-sante\/378804\/","og_site_name":"webdo","article_publisher":"https:\/\/www.facebook.com\/webdotn","article_published_time":"2025-07-02T07:42:33+00:00","article_modified_time":"2025-07-02T10:32:34+00:00","og_image":[{"width":2048,"height":1245,"url":"https:\/\/www.webdo.tn\/fr\/wp-content\/uploads\/2025\/07\/Kais-Saied-01-07-2025-1.jpg","type":"image\/jpeg"}],"author":"Mohamed Hedi Touati","twitter_card":"summary_large_image","twitter_creator":"@webdo_tn","twitter_site":"@webdo_tn","twitter_misc":{"\u00c9crit par":"Mohamed Hedi Touati","Dur\u00e9e de lecture estim\u00e9e":"2 minutes"},"schema":{"@context":"https:\/\/schema.org","@graph":[{"@type":"NewsArticle","@id":"https:\/\/www.webdo.tn\/fr\/actualite\/national\/tunisie-kais-saied-plaide-pour-un-nouveau-cadre-juridique-pour-les-professionnels-de-sante\/378804\/#article","isPartOf":{"@id":"https:\/\/www.webdo.tn\/fr\/actualite\/national\/tunisie-kais-saied-plaide-pour-un-nouveau-cadre-juridique-pour-les-professionnels-de-sante\/378804\/"},"author":{"name":"Mohamed Hedi Touati","@id":"https:\/\/www.webdo.tn\/fr\/#\/schema\/person\/c652cd8fc2b1b44412b5ffb48c5a911d"},"headline":"Tunisie : Kais Saied plaide pour un nouveau cadre juridique pour les professionnels de sant\u00e9","datePublished":"2025-07-02T07:42:33+00:00","dateModified":"2025-07-02T10:32:34+00:00","mainEntityOfPage":{"@id":"https:\/\/www.webdo.tn\/fr\/actualite\/national\/tunisie-kais-saied-plaide-pour-un-nouveau-cadre-juridique-pour-les-professionnels-de-sante\/378804\/"},"wordCount":279,"commentCount":0,"publisher":{"@id":"https:\/\/www.webdo.tn\/fr\/#organization"},"image":{"@id":"https:\/\/www.webdo.tn\/fr\/actualite\/national\/tunisie-kais-saied-plaide-pour-un-nouveau-cadre-juridique-pour-les-professionnels-de-sante\/378804\/#primaryimage"},"thumbnailUrl":"https:\/\/www.webdo.tn\/fr\/wp-content\/uploads\/2025\/07\/Kais-Saied-01-07-2025-1.jpg","keywords":["Kais Saied","m\u00e9decins","Sant\u00e9 en Tunisie","Tunisie"],"articleSection":["National"],"inLanguage":"fr-FR"},{"@type":"WebPage","@id":"https:\/\/www.webdo.tn\/fr\/actualite\/national\/tunisie-kais-saied-plaide-pour-un-nouveau-cadre-juridique-pour-les-professionnels-de-sante\/378804\/","url":"https:\/\/www.webdo.tn\/fr\/actualite\/national\/tunisie-kais-saied-plaide-pour-un-nouveau-cadre-juridique-pour-les-professionnels-de-sante\/378804\/","name":"Tunisie : Kais Saied plaide pour un nouveau cadre juridique pour les professionnels de sant\u00e9 - webdo","isPartOf":{"@id":"https:\/\/www.webdo.tn\/fr\/#website"},"primaryImageOfPage":{"@id":"https:\/\/www.webdo.tn\/fr\/actualite\/national\/tunisie-kais-saied-plaide-pour-un-nouveau-cadre-juridique-pour-les-professionnels-de-sante\/378804\/#primaryimage"},"image":{"@id":"https:\/\/www.webdo.tn\/fr\/actualite\/national\/tunisie-kais-saied-plaide-pour-un-nouveau-cadre-juridique-pour-les-professionnels-de-sante\/378804\/#primaryimage"},"thumbnailUrl":"https:\/\/www.webdo.tn\/fr\/wp-content\/uploads\/2025\/07\/Kais-Saied-01-07-2025-1.jpg","datePublished":"2025-07-02T07:42:33+00:00","dateModified":"2025-07-02T10:32:34+00:00","description":"Kais Saied appelle \u00e0 une r\u00e9forme pour garantir les droits des professionnels de sant\u00e9. Explorez les enjeux actuels en Tunisie.","breadcrumb":{"@id":"https:\/\/www.webdo.tn\/fr\/actualite\/national\/tunisie-kais-saied-plaide-pour-un-nouveau-cadre-juridique-pour-les-professionnels-de-sante\/378804\/#breadcrumb"},"inLanguage":"fr-FR","potentialAction":[{"@type":"ReadAction","target":["https:\/\/www.webdo.tn\/fr\/actualite\/national\/tunisie-kais-saied-plaide-pour-un-nouveau-cadre-juridique-pour-les-professionnels-de-sante\/378804\/"]}]},{"@type":"ImageObject","inLanguage":"fr-FR","@id":"https:\/\/www.webdo.tn\/fr\/actualite\/national\/tunisie-kais-saied-plaide-pour-un-nouveau-cadre-juridique-pour-les-professionnels-de-sante\/378804\/#primaryimage","url":"https:\/\/www.webdo.tn\/fr\/wp-content\/uploads\/2025\/07\/Kais-Saied-01-07-2025-1.jpg","contentUrl":"https:\/\/www.webdo.tn\/fr\/wp-content\/uploads\/2025\/07\/Kais-Saied-01-07-2025-1.jpg","width":2048,"height":1245,"caption":"Kais Saied plaide pour un nouveau cadre juridique pour les professionnels de sant\u00e9"},{"@type":"BreadcrumbList","@id":"https:\/\/www.webdo.tn\/fr\/actualite\/national\/tunisie-kais-saied-plaide-pour-un-nouveau-cadre-juridique-pour-les-professionnels-de-sante\/378804\/#breadcrumb","itemListElement":[{"@type":"ListItem","position":1,"name":"Accueil","item":"https:\/\/www.webdo.tn\/fr\/"},{"@type":"ListItem","position":2,"name":"Tunisie : Kais Saied plaide pour un nouveau cadre juridique pour les professionnels de sant\u00e9"}]},{"@type":"WebSite","@id":"https:\/\/www.webdo.tn\/fr\/#website","url":"https:\/\/www.webdo.tn\/fr\/","name":"webdo","description":"Tunisie - News en Tunisie et \u00e0 l&#039;international sur Webdo.tn","publisher":{"@id":"https:\/\/www.webdo.tn\/fr\/#organization"},"potentialAction":[{"@type":"SearchAction","target":{"@type":"EntryPoint","urlTemplate":"https:\/\/www.webdo.tn\/fr\/?s={search_term_string}"},"query-input":{"@type":"PropertyValueSpecification","valueRequired":true,"valueName":"search_term_string"}}],"inLanguage":"fr-FR"},{"@type":"Organization","@id":"https:\/\/www.webdo.tn\/fr\/#organization","name":"Webdo","alternateName":"Webdo.tn","url":"https:\/\/www.webdo.tn\/fr\/","logo":{"@type":"ImageObject","inLanguage":"fr-FR","@id":"https:\/\/www.webdo.tn\/fr\/#\/schema\/logo\/image\/","url":"https:\/\/www.webdo.tn\/fr\/wp-content\/uploads\/2025\/06\/Webdo-Tunisie_168377.jpg","contentUrl":"https:\/\/www.webdo.tn\/fr\/wp-content\/uploads\/2025\/06\/Webdo-Tunisie_168377.jpg","width":301,"height":301,"caption":"Webdo"},"image":{"@id":"https:\/\/www.webdo.tn\/fr\/#\/schema\/logo\/image\/"},"sameAs":["https:\/\/www.facebook.com\/webdotn","https:\/\/x.com\/webdo_tn"],"description":"Webdo est un m\u00e9dia num\u00e9rique tunisien fond\u00e9 en 2010, sp\u00e9cialis\u00e9 dans l\u2019actualit\u00e9 nationale et internationale, l\u2019\u00e9conomie, la soci\u00e9t\u00e9 et les analyses politiques. Le site s\u2019adresse \u00e0 un large public francophone et couvre l\u2019information tunisienne en temps r\u00e9el.","email":"redac@webdo.tn","legalName":"YNJ SARL","foundingDate":"2010-09-06","numberOfEmployees":{"@type":"QuantitativeValue","minValue":"11","maxValue":"50"}},{"@type":"Person","@id":"https:\/\/www.webdo.tn\/fr\/#\/schema\/person\/c652cd8fc2b1b44412b5ffb48c5a911d","name":"Mohamed Hedi Touati","image":{"@type":"ImageObject","inLanguage":"fr-FR","@id":"https:\/\/secure.gravatar.com\/avatar\/9cfd402c745b7a685f13eed0ea6e59d2144a3c2fc50a3db6fd5ed451f6cddf1a?s=96&d=mm&r=g","url":"https:\/\/secure.gravatar.com\/avatar\/9cfd402c745b7a685f13eed0ea6e59d2144a3c2fc50a3db6fd5ed451f6cddf1a?s=96&d=mm&r=g","contentUrl":"https:\/\/secure.gravatar.com\/avatar\/9cfd402c745b7a685f13eed0ea6e59d2144a3c2fc50a3db6fd5ed451f6cddf1a?s=96&d=mm&r=g","caption":"Mohamed Hedi Touati"},"url":"https:\/\/www.webdo.tn\/fr\/actualite\/author\/mohamed-hedi-touati\/"}]}},"_links":{"self":[{"href":"https:\/\/www.webdo.tn\/fr\/wp-json\/wp\/v2\/posts\/378804","targetHints":{"allow":["GET"]}}],"collection":[{"href":"https:\/\/www.webdo.tn\/fr\/wp-json\/wp\/v2\/posts"}],"about":[{"href":"https:\/\/www.webdo.tn\/fr\/wp-json\/wp\/v2\/types\/post"}],"author":[{"embeddable":true,"href":"https:\/\/www.webdo.tn\/fr\/wp-json\/wp\/v2\/users\/3191"}],"replies":[{"embeddable":true,"href":"https:\/\/www.webdo.tn\/fr\/wp-json\/wp\/v2\/comments?post=378804"}],"version-history":[{"count":0,"href":"https:\/\/www.webdo.tn\/fr\/wp-json\/wp\/v2\/posts\/378804\/revisions"}],"wp:featuredmedia":[{"embeddable":true,"href":"https:\/\/www.webdo.tn\/fr\/wp-json\/wp\/v2\/media\/378807"}],"wp:attachment":[{"href":"https:\/\/www.webdo.tn\/fr\/wp-json\/wp\/v2\/media?parent=378804"}],"wp:term":[{"taxonomy":"category","embeddable":true,"href":"https:\/\/www.webdo.tn\/fr\/wp-json\/wp\/v2\/categories?post=378804"},{"taxonomy":"post_tag","embeddable":true,"href":"https:\/\/www.webdo.tn\/fr\/wp-json\/wp\/v2\/tags?post=378804"}],"curies":[{"name":"wp","href":"https:\/\/api.w.org\/{rel}","templated":true}]}}