{"id":378800,"date":"2025-07-02T08:29:20","date_gmt":"2025-07-02T07:29:20","guid":{"rendered":"https:\/\/www.webdo.tn\/fr\/?p=378800"},"modified":"2025-07-03T08:18:50","modified_gmt":"2025-07-03T07:18:50","slug":"tunisie-complot-contre-la-surete-de-letat-2-le-proces-renvoye-au-4-juillet","status":"publish","type":"post","link":"https:\/\/www.webdo.tn\/fr\/actualite\/national\/tunisie-complot-contre-la-surete-de-letat-2-le-proces-renvoye-au-4-juillet\/378800\/","title":{"rendered":"Tunisie &#8211; \u00ab\u00a0Complot contre la s\u00fbret\u00e9 de l\u2019\u00c9tat 2\u00a0\u00bb : Le proc\u00e8s renvoy\u00e9 au 4 juillet"},"content":{"rendered":"\n<p>La chambre criminelle sp\u00e9cialis\u00e9e dans les affaires de terrorisme aupr\u00e8s du Tribunal de premi\u00e8re instance de Tunis a d\u00e9cid\u00e9, mardi 1er juillet 2025, de reporter au vendredi 4 juillet la suite du proc\u00e8s dit du \u00ab\u202fComplot contre la s\u00fbret\u00e9 de l\u2019\u00c9tat 2\u202f\u00bb. Ce renvoi permettra aux avocats des accus\u00e9s de pr\u00e9senter leurs plaidoiries lors de la prochaine audience.<\/p>\n\n\n\n<p>Ce dossier sensible implique 42 personnes, dont certaines sont d\u00e9tenues, d\u2019autres en libert\u00e9 ou en fuite, poursuivies pour des faits graves \u00e0 caract\u00e8re terroriste. Elles sont accus\u00e9es notamment de constitution d\u2019une organisation li\u00e9e \u00e0 des actes terroristes, d\u2019incitation au meurtre, d\u2019atteinte \u00e0 la s\u00e9curit\u00e9 int\u00e9rieure de l\u2019\u00c9tat, de tentative de changement du r\u00e9gime par des moyens pr\u00e9paratoires, ainsi que d\u2019enr\u00f4lement ou de formation de personnes en vue de commettre des actes terroristes.<\/p>\n\n\n\n<p>Parmi les 21 accus\u00e9s entendus jusqu\u2019\u00e0 pr\u00e9sent figurent plusieurs personnalit\u00e9s politiques de premier plan, telles que le pr\u00e9sident du mouvement Ennahdha Rached Ghannouchi (actuellement d\u00e9tenu dans le cadre de plusieurs affaires), l\u2019ancien chef du gouvernement Youssef Chahed (en fuite), l\u2019ex-cheffe du cabinet pr\u00e9sidentiel Nadia Akacha, mais aussi Kamel Bedoui, Rayen Hamzaoui, Abdelkrim Laabidi, Habib Ellouze, Fethi Beldi, Mehrez Zouari, Mouadh Ghannouchi,  Kamel Guizani, Lotfi Zitoun, Maher Zid, Mustapha Khedher, Adel Daadaa et Rafik Bouchlaka.<\/p>\n\n\n\n<p>Lors de la derni\u00e8re audience, la chambre a proc\u00e9d\u00e9 \u00e0 l\u2019interrogatoire \u00e0 distance de plusieurs accus\u00e9s incarc\u00e9r\u00e9s \u00e0 la prison civile de la Mornaguia, dont l\u2019ancien directeur g\u00e9n\u00e9ral des services sp\u00e9cialis\u00e9s au minist\u00e8re de l\u2019Int\u00e9rieur, Mehrez Zouari, l\u2019ancien chef de la brigade de protection des avions \u00e0 l\u2019a\u00e9roport de Tunis-Carthage, Abdelkarim La\u00e2bidi, l\u2019ex-maire d\u2019Ezzahra Rayan Hamzaoui, ainsi qu\u2019un cadre s\u00e9curitaire retrait\u00e9. En revanche, l\u2019accus\u00e9 Samir Hanachi a refus\u00e9 de compara\u00eetre \u00e0 distance.<\/p>\n\n\n\n<p>Les avocats \u00e9taient pr\u00e9sents \u00e0 l\u2019audience, certains munis de nouvelles procurations, d\u2019autres demandant un d\u00e9lai suppl\u00e9mentaire pour consulter les pi\u00e8ces du dossier. Ces requ\u00eates ont \u00e9t\u00e9 rejet\u00e9es par la chambre, qui a \u00e9galement refus\u00e9 toutes les demandes de mise en libert\u00e9.<\/p>\n\n\n\n<p>En septembre 2023, un juge d&rsquo;instruction du p\u00f4le judiciaire antiterroriste, charg\u00e9 des enqu\u00eates sur les affaires de \u00ab\u00a0formation d&rsquo;un groupe terroriste\u00a0\u00bb et de \u00ab\u00a0complot contre la s\u00fbret\u00e9 de l&rsquo;\u00c9tat\u00a0\u00bb, avait \u00e9mis, dans le cadre de cette affaire, des mandats d&rsquo;arr\u00eat internationaux \u00e0 l&rsquo;encontre de 12 personnes, dont Youssef Chahed, Nadia Akacha, Mouadh Ghannouchi, Kamel Guizani, Mustapha Khedher, Maher Zid et Lotfi Zitoun.<\/p>\n","protected":false},"excerpt":{"rendered":"<p>La chambre criminelle sp\u00e9cialis\u00e9e dans les affaires de terrorisme aupr\u00e8s du Tribunal de premi\u00e8re instance de Tunis a d\u00e9cid\u00e9, mardi 1er juillet 2025, de reporter au vendredi 4 juillet la suite du proc\u00e8s dit du \u00ab\u202fComplot contre la s\u00fbret\u00e9 de l\u2019\u00c9tat 2\u202f\u00bb. Ce renvoi permettra aux avocats des accus\u00e9s de pr\u00e9senter leurs plaidoiries lors de [&hellip;]<\/p>\n","protected":false},"author":3191,"featured_media":348934,"comment_status":"open","ping_status":"open","sticky":false,"template":"","format":"standard","meta":{"footnotes":""},"categories":[44],"tags":[2681,2682,2619,2608],"class_list":["post-378800","post","type-post","status-publish","format-standard","has-post-thumbnail","hentry","category-national","tag-accuses","tag-complot-contre-la-surete-de-letat-2","tag-justice","tag-tunisie"],"yoast_head":"<!-- This site is optimized with the Yoast SEO Premium plugin v27.5 (Yoast SEO v27.5) - https:\/\/yoast.com\/product\/yoast-seo-premium-wordpress\/ -->\n<title>Tunisie - &quot;Complot contre la s\u00fbret\u00e9 de l\u2019\u00c9tat 2&quot; : Le proc\u00e8s renvoy\u00e9 au 4 juillet - webdo<\/title>\n<meta name=\"description\" content=\"Le proc\u00e8s du Complot contre la s\u00fbret\u00e9 de l\u2019\u00c9tat 2 est suspendu au 4 juillet. Suivez les d\u00e9veloppements de cette affaire complexe.\" \/>\n<link rel=\"canonical\" href=\"https:\/\/www.webdo.tn\/fr\/actualite\/national\/tunisie-complot-contre-la-surete-de-letat-2-le-proces-renvoye-au-4-juillet\/378800\/\" \/>\n<meta property=\"og:locale\" content=\"fr_FR\" \/>\n<meta property=\"og:type\" content=\"article\" \/>\n<meta property=\"og:title\" content=\"Tunisie - &quot;Complot contre la s\u00fbret\u00e9 de l\u2019\u00c9tat 2&quot; : Le proc\u00e8s renvoy\u00e9 au 4 juillet\" \/>\n<meta property=\"og:description\" content=\"Le proc\u00e8s du Complot contre la s\u00fbret\u00e9 de l\u2019\u00c9tat 2 est suspendu au 4 juillet. Suivez les d\u00e9veloppements de cette affaire complexe.\" \/>\n<meta property=\"og:url\" content=\"https:\/\/www.webdo.tn\/fr\/actualite\/national\/tunisie-complot-contre-la-surete-de-letat-2-le-proces-renvoye-au-4-juillet\/378800\/\" \/>\n<meta property=\"og:site_name\" content=\"webdo\" \/>\n<meta property=\"article:publisher\" content=\"https:\/\/www.facebook.com\/webdotn\" \/>\n<meta property=\"article:published_time\" content=\"2025-07-02T07:29:20+00:00\" \/>\n<meta property=\"article:modified_time\" content=\"2025-07-03T07:18:50+00:00\" \/>\n<meta property=\"og:image\" content=\"https:\/\/www.webdo.tn\/fr\/wp-content\/uploads\/2022\/09\/Cour-tribunal-1024x512-1.jpg\" \/>\n\t<meta property=\"og:image:width\" content=\"1024\" \/>\n\t<meta property=\"og:image:height\" content=\"512\" \/>\n\t<meta property=\"og:image:type\" content=\"image\/jpeg\" \/>\n<meta name=\"author\" content=\"Mohamed Hedi Touati\" \/>\n<meta name=\"twitter:card\" content=\"summary_large_image\" \/>\n<meta name=\"twitter:creator\" content=\"@webdo_tn\" \/>\n<meta name=\"twitter:site\" content=\"@webdo_tn\" \/>\n<meta name=\"twitter:label1\" content=\"\u00c9crit par\" \/>\n\t<meta name=\"twitter:data1\" content=\"Mohamed Hedi Touati\" \/>\n\t<meta name=\"twitter:label2\" content=\"Dur\u00e9e de lecture estim\u00e9e\" \/>\n\t<meta name=\"twitter:data2\" content=\"3 minutes\" \/>\n<script type=\"application\/ld+json\" class=\"yoast-schema-graph\">{\"@context\":\"https:\\\/\\\/schema.org\",\"@graph\":[{\"@type\":\"NewsArticle\",\"@id\":\"https:\\\/\\\/www.webdo.tn\\\/fr\\\/actualite\\\/national\\\/tunisie-complot-contre-la-surete-de-letat-2-le-proces-renvoye-au-4-juillet\\\/378800\\\/#article\",\"isPartOf\":{\"@id\":\"https:\\\/\\\/www.webdo.tn\\\/fr\\\/actualite\\\/national\\\/tunisie-complot-contre-la-surete-de-letat-2-le-proces-renvoye-au-4-juillet\\\/378800\\\/\"},\"author\":{\"name\":\"Mohamed Hedi Touati\",\"@id\":\"https:\\\/\\\/www.webdo.tn\\\/fr\\\/#\\\/schema\\\/person\\\/c652cd8fc2b1b44412b5ffb48c5a911d\"},\"headline\":\"Tunisie &#8211; \u00ab\u00a0Complot contre la s\u00fbret\u00e9 de l\u2019\u00c9tat 2\u00a0\u00bb : Le proc\u00e8s renvoy\u00e9 au 4 juillet\",\"datePublished\":\"2025-07-02T07:29:20+00:00\",\"dateModified\":\"2025-07-03T07:18:50+00:00\",\"mainEntityOfPage\":{\"@id\":\"https:\\\/\\\/www.webdo.tn\\\/fr\\\/actualite\\\/national\\\/tunisie-complot-contre-la-surete-de-letat-2-le-proces-renvoye-au-4-juillet\\\/378800\\\/\"},\"wordCount\":452,\"commentCount\":0,\"publisher\":{\"@id\":\"https:\\\/\\\/www.webdo.tn\\\/fr\\\/#organization\"},\"image\":{\"@id\":\"https:\\\/\\\/www.webdo.tn\\\/fr\\\/actualite\\\/national\\\/tunisie-complot-contre-la-surete-de-letat-2-le-proces-renvoye-au-4-juillet\\\/378800\\\/#primaryimage\"},\"thumbnailUrl\":\"https:\\\/\\\/www.webdo.tn\\\/fr\\\/wp-content\\\/uploads\\\/2022\\\/09\\\/Cour-tribunal-1024x512-1.jpg\",\"keywords\":[\"accus\u00e9s\",\"Complot contre la s\u00fbret\u00e9 de l\u2019\u00c9tat 2\",\"justice\",\"Tunisie\"],\"articleSection\":[\"National\"],\"inLanguage\":\"fr-FR\"},{\"@type\":\"WebPage\",\"@id\":\"https:\\\/\\\/www.webdo.tn\\\/fr\\\/actualite\\\/national\\\/tunisie-complot-contre-la-surete-de-letat-2-le-proces-renvoye-au-4-juillet\\\/378800\\\/\",\"url\":\"https:\\\/\\\/www.webdo.tn\\\/fr\\\/actualite\\\/national\\\/tunisie-complot-contre-la-surete-de-letat-2-le-proces-renvoye-au-4-juillet\\\/378800\\\/\",\"name\":\"Tunisie - \\\"Complot contre la s\u00fbret\u00e9 de l\u2019\u00c9tat 2\\\" : Le proc\u00e8s renvoy\u00e9 au 4 juillet - webdo\",\"isPartOf\":{\"@id\":\"https:\\\/\\\/www.webdo.tn\\\/fr\\\/#website\"},\"primaryImageOfPage\":{\"@id\":\"https:\\\/\\\/www.webdo.tn\\\/fr\\\/actualite\\\/national\\\/tunisie-complot-contre-la-surete-de-letat-2-le-proces-renvoye-au-4-juillet\\\/378800\\\/#primaryimage\"},\"image\":{\"@id\":\"https:\\\/\\\/www.webdo.tn\\\/fr\\\/actualite\\\/national\\\/tunisie-complot-contre-la-surete-de-letat-2-le-proces-renvoye-au-4-juillet\\\/378800\\\/#primaryimage\"},\"thumbnailUrl\":\"https:\\\/\\\/www.webdo.tn\\\/fr\\\/wp-content\\\/uploads\\\/2022\\\/09\\\/Cour-tribunal-1024x512-1.jpg\",\"datePublished\":\"2025-07-02T07:29:20+00:00\",\"dateModified\":\"2025-07-03T07:18:50+00:00\",\"description\":\"Le proc\u00e8s du Complot contre la s\u00fbret\u00e9 de l\u2019\u00c9tat 2 est suspendu au 4 juillet. Suivez les d\u00e9veloppements de cette affaire complexe.\",\"breadcrumb\":{\"@id\":\"https:\\\/\\\/www.webdo.tn\\\/fr\\\/actualite\\\/national\\\/tunisie-complot-contre-la-surete-de-letat-2-le-proces-renvoye-au-4-juillet\\\/378800\\\/#breadcrumb\"},\"inLanguage\":\"fr-FR\",\"potentialAction\":[{\"@type\":\"ReadAction\",\"target\":[\"https:\\\/\\\/www.webdo.tn\\\/fr\\\/actualite\\\/national\\\/tunisie-complot-contre-la-surete-de-letat-2-le-proces-renvoye-au-4-juillet\\\/378800\\\/\"]}]},{\"@type\":\"ImageObject\",\"inLanguage\":\"fr-FR\",\"@id\":\"https:\\\/\\\/www.webdo.tn\\\/fr\\\/actualite\\\/national\\\/tunisie-complot-contre-la-surete-de-letat-2-le-proces-renvoye-au-4-juillet\\\/378800\\\/#primaryimage\",\"url\":\"https:\\\/\\\/www.webdo.tn\\\/fr\\\/wp-content\\\/uploads\\\/2022\\\/09\\\/Cour-tribunal-1024x512-1.jpg\",\"contentUrl\":\"https:\\\/\\\/www.webdo.tn\\\/fr\\\/wp-content\\\/uploads\\\/2022\\\/09\\\/Cour-tribunal-1024x512-1.jpg\",\"width\":1024,\"height\":512,\"caption\":\"\\\"Complot contre la s\u00fbret\u00e9 de l\u2019\u00c9tat 2\\\" : Le proc\u00e8s renvoy\u00e9 au 4 juillet\"},{\"@type\":\"BreadcrumbList\",\"@id\":\"https:\\\/\\\/www.webdo.tn\\\/fr\\\/actualite\\\/national\\\/tunisie-complot-contre-la-surete-de-letat-2-le-proces-renvoye-au-4-juillet\\\/378800\\\/#breadcrumb\",\"itemListElement\":[{\"@type\":\"ListItem\",\"position\":1,\"name\":\"Accueil\",\"item\":\"https:\\\/\\\/www.webdo.tn\\\/fr\\\/\"},{\"@type\":\"ListItem\",\"position\":2,\"name\":\"Tunisie &#8211; \u00ab\u00a0Complot contre la s\u00fbret\u00e9 de l\u2019\u00c9tat 2\u00a0\u00bb : Le proc\u00e8s renvoy\u00e9 au 4 juillet\"}]},{\"@type\":\"WebSite\",\"@id\":\"https:\\\/\\\/www.webdo.tn\\\/fr\\\/#website\",\"url\":\"https:\\\/\\\/www.webdo.tn\\\/fr\\\/\",\"name\":\"webdo\",\"description\":\"Tunisie - News en Tunisie et \u00e0 l&#039;international sur Webdo.tn\",\"publisher\":{\"@id\":\"https:\\\/\\\/www.webdo.tn\\\/fr\\\/#organization\"},\"potentialAction\":[{\"@type\":\"SearchAction\",\"target\":{\"@type\":\"EntryPoint\",\"urlTemplate\":\"https:\\\/\\\/www.webdo.tn\\\/fr\\\/?s={search_term_string}\"},\"query-input\":{\"@type\":\"PropertyValueSpecification\",\"valueRequired\":true,\"valueName\":\"search_term_string\"}}],\"inLanguage\":\"fr-FR\"},{\"@type\":\"Organization\",\"@id\":\"https:\\\/\\\/www.webdo.tn\\\/fr\\\/#organization\",\"name\":\"Webdo\",\"alternateName\":\"Webdo.tn\",\"url\":\"https:\\\/\\\/www.webdo.tn\\\/fr\\\/\",\"logo\":{\"@type\":\"ImageObject\",\"inLanguage\":\"fr-FR\",\"@id\":\"https:\\\/\\\/www.webdo.tn\\\/fr\\\/#\\\/schema\\\/logo\\\/image\\\/\",\"url\":\"https:\\\/\\\/www.webdo.tn\\\/fr\\\/wp-content\\\/uploads\\\/2025\\\/06\\\/Webdo-Tunisie_168377.jpg\",\"contentUrl\":\"https:\\\/\\\/www.webdo.tn\\\/fr\\\/wp-content\\\/uploads\\\/2025\\\/06\\\/Webdo-Tunisie_168377.jpg\",\"width\":301,\"height\":301,\"caption\":\"Webdo\"},\"image\":{\"@id\":\"https:\\\/\\\/www.webdo.tn\\\/fr\\\/#\\\/schema\\\/logo\\\/image\\\/\"},\"sameAs\":[\"https:\\\/\\\/www.facebook.com\\\/webdotn\",\"https:\\\/\\\/x.com\\\/webdo_tn\"],\"description\":\"Webdo est un m\u00e9dia num\u00e9rique tunisien fond\u00e9 en 2010, sp\u00e9cialis\u00e9 dans l\u2019actualit\u00e9 nationale et internationale, l\u2019\u00e9conomie, la soci\u00e9t\u00e9 et les analyses politiques. Le site s\u2019adresse \u00e0 un large public francophone et couvre l\u2019information tunisienne en temps r\u00e9el.\",\"email\":\"redac@webdo.tn\",\"legalName\":\"YNJ SARL\",\"foundingDate\":\"2010-09-06\",\"numberOfEmployees\":{\"@type\":\"QuantitativeValue\",\"minValue\":\"11\",\"maxValue\":\"50\"}},{\"@type\":\"Person\",\"@id\":\"https:\\\/\\\/www.webdo.tn\\\/fr\\\/#\\\/schema\\\/person\\\/c652cd8fc2b1b44412b5ffb48c5a911d\",\"name\":\"Mohamed Hedi Touati\",\"image\":{\"@type\":\"ImageObject\",\"inLanguage\":\"fr-FR\",\"@id\":\"https:\\\/\\\/secure.gravatar.com\\\/avatar\\\/9cfd402c745b7a685f13eed0ea6e59d2144a3c2fc50a3db6fd5ed451f6cddf1a?s=96&d=mm&r=g\",\"url\":\"https:\\\/\\\/secure.gravatar.com\\\/avatar\\\/9cfd402c745b7a685f13eed0ea6e59d2144a3c2fc50a3db6fd5ed451f6cddf1a?s=96&d=mm&r=g\",\"contentUrl\":\"https:\\\/\\\/secure.gravatar.com\\\/avatar\\\/9cfd402c745b7a685f13eed0ea6e59d2144a3c2fc50a3db6fd5ed451f6cddf1a?s=96&d=mm&r=g\",\"caption\":\"Mohamed Hedi Touati\"},\"url\":\"https:\\\/\\\/www.webdo.tn\\\/fr\\\/actualite\\\/author\\\/mohamed-hedi-touati\\\/\"}]}<\/script>\n<!-- \/ Yoast SEO Premium plugin. -->","yoast_head_json":{"title":"Tunisie - \"Complot contre la s\u00fbret\u00e9 de l\u2019\u00c9tat 2\" : Le proc\u00e8s renvoy\u00e9 au 4 juillet - webdo","description":"Le proc\u00e8s du Complot contre la s\u00fbret\u00e9 de l\u2019\u00c9tat 2 est suspendu au 4 juillet. Suivez les d\u00e9veloppements de cette affaire complexe.","canonical":"https:\/\/www.webdo.tn\/fr\/actualite\/national\/tunisie-complot-contre-la-surete-de-letat-2-le-proces-renvoye-au-4-juillet\/378800\/","og_locale":"fr_FR","og_type":"article","og_title":"Tunisie - \"Complot contre la s\u00fbret\u00e9 de l\u2019\u00c9tat 2\" : Le proc\u00e8s renvoy\u00e9 au 4 juillet","og_description":"Le proc\u00e8s du Complot contre la s\u00fbret\u00e9 de l\u2019\u00c9tat 2 est suspendu au 4 juillet. Suivez les d\u00e9veloppements de cette affaire complexe.","og_url":"https:\/\/www.webdo.tn\/fr\/actualite\/national\/tunisie-complot-contre-la-surete-de-letat-2-le-proces-renvoye-au-4-juillet\/378800\/","og_site_name":"webdo","article_publisher":"https:\/\/www.facebook.com\/webdotn","article_published_time":"2025-07-02T07:29:20+00:00","article_modified_time":"2025-07-03T07:18:50+00:00","og_image":[{"width":1024,"height":512,"url":"https:\/\/www.webdo.tn\/fr\/wp-content\/uploads\/2022\/09\/Cour-tribunal-1024x512-1.jpg","type":"image\/jpeg"}],"author":"Mohamed Hedi Touati","twitter_card":"summary_large_image","twitter_creator":"@webdo_tn","twitter_site":"@webdo_tn","twitter_misc":{"\u00c9crit par":"Mohamed Hedi Touati","Dur\u00e9e de lecture estim\u00e9e":"3 minutes"},"schema":{"@context":"https:\/\/schema.org","@graph":[{"@type":"NewsArticle","@id":"https:\/\/www.webdo.tn\/fr\/actualite\/national\/tunisie-complot-contre-la-surete-de-letat-2-le-proces-renvoye-au-4-juillet\/378800\/#article","isPartOf":{"@id":"https:\/\/www.webdo.tn\/fr\/actualite\/national\/tunisie-complot-contre-la-surete-de-letat-2-le-proces-renvoye-au-4-juillet\/378800\/"},"author":{"name":"Mohamed Hedi Touati","@id":"https:\/\/www.webdo.tn\/fr\/#\/schema\/person\/c652cd8fc2b1b44412b5ffb48c5a911d"},"headline":"Tunisie &#8211; \u00ab\u00a0Complot contre la s\u00fbret\u00e9 de l\u2019\u00c9tat 2\u00a0\u00bb : Le proc\u00e8s renvoy\u00e9 au 4 juillet","datePublished":"2025-07-02T07:29:20+00:00","dateModified":"2025-07-03T07:18:50+00:00","mainEntityOfPage":{"@id":"https:\/\/www.webdo.tn\/fr\/actualite\/national\/tunisie-complot-contre-la-surete-de-letat-2-le-proces-renvoye-au-4-juillet\/378800\/"},"wordCount":452,"commentCount":0,"publisher":{"@id":"https:\/\/www.webdo.tn\/fr\/#organization"},"image":{"@id":"https:\/\/www.webdo.tn\/fr\/actualite\/national\/tunisie-complot-contre-la-surete-de-letat-2-le-proces-renvoye-au-4-juillet\/378800\/#primaryimage"},"thumbnailUrl":"https:\/\/www.webdo.tn\/fr\/wp-content\/uploads\/2022\/09\/Cour-tribunal-1024x512-1.jpg","keywords":["accus\u00e9s","Complot contre la s\u00fbret\u00e9 de l\u2019\u00c9tat 2","justice","Tunisie"],"articleSection":["National"],"inLanguage":"fr-FR"},{"@type":"WebPage","@id":"https:\/\/www.webdo.tn\/fr\/actualite\/national\/tunisie-complot-contre-la-surete-de-letat-2-le-proces-renvoye-au-4-juillet\/378800\/","url":"https:\/\/www.webdo.tn\/fr\/actualite\/national\/tunisie-complot-contre-la-surete-de-letat-2-le-proces-renvoye-au-4-juillet\/378800\/","name":"Tunisie - \"Complot contre la s\u00fbret\u00e9 de l\u2019\u00c9tat 2\" : Le proc\u00e8s renvoy\u00e9 au 4 juillet - webdo","isPartOf":{"@id":"https:\/\/www.webdo.tn\/fr\/#website"},"primaryImageOfPage":{"@id":"https:\/\/www.webdo.tn\/fr\/actualite\/national\/tunisie-complot-contre-la-surete-de-letat-2-le-proces-renvoye-au-4-juillet\/378800\/#primaryimage"},"image":{"@id":"https:\/\/www.webdo.tn\/fr\/actualite\/national\/tunisie-complot-contre-la-surete-de-letat-2-le-proces-renvoye-au-4-juillet\/378800\/#primaryimage"},"thumbnailUrl":"https:\/\/www.webdo.tn\/fr\/wp-content\/uploads\/2022\/09\/Cour-tribunal-1024x512-1.jpg","datePublished":"2025-07-02T07:29:20+00:00","dateModified":"2025-07-03T07:18:50+00:00","description":"Le proc\u00e8s du Complot contre la s\u00fbret\u00e9 de l\u2019\u00c9tat 2 est suspendu au 4 juillet. Suivez les d\u00e9veloppements de cette affaire complexe.","breadcrumb":{"@id":"https:\/\/www.webdo.tn\/fr\/actualite\/national\/tunisie-complot-contre-la-surete-de-letat-2-le-proces-renvoye-au-4-juillet\/378800\/#breadcrumb"},"inLanguage":"fr-FR","potentialAction":[{"@type":"ReadAction","target":["https:\/\/www.webdo.tn\/fr\/actualite\/national\/tunisie-complot-contre-la-surete-de-letat-2-le-proces-renvoye-au-4-juillet\/378800\/"]}]},{"@type":"ImageObject","inLanguage":"fr-FR","@id":"https:\/\/www.webdo.tn\/fr\/actualite\/national\/tunisie-complot-contre-la-surete-de-letat-2-le-proces-renvoye-au-4-juillet\/378800\/#primaryimage","url":"https:\/\/www.webdo.tn\/fr\/wp-content\/uploads\/2022\/09\/Cour-tribunal-1024x512-1.jpg","contentUrl":"https:\/\/www.webdo.tn\/fr\/wp-content\/uploads\/2022\/09\/Cour-tribunal-1024x512-1.jpg","width":1024,"height":512,"caption":"\"Complot contre la s\u00fbret\u00e9 de l\u2019\u00c9tat 2\" : Le proc\u00e8s renvoy\u00e9 au 4 juillet"},{"@type":"BreadcrumbList","@id":"https:\/\/www.webdo.tn\/fr\/actualite\/national\/tunisie-complot-contre-la-surete-de-letat-2-le-proces-renvoye-au-4-juillet\/378800\/#breadcrumb","itemListElement":[{"@type":"ListItem","position":1,"name":"Accueil","item":"https:\/\/www.webdo.tn\/fr\/"},{"@type":"ListItem","position":2,"name":"Tunisie &#8211; \u00ab\u00a0Complot contre la s\u00fbret\u00e9 de l\u2019\u00c9tat 2\u00a0\u00bb : Le proc\u00e8s renvoy\u00e9 au 4 juillet"}]},{"@type":"WebSite","@id":"https:\/\/www.webdo.tn\/fr\/#website","url":"https:\/\/www.webdo.tn\/fr\/","name":"webdo","description":"Tunisie - News en Tunisie et \u00e0 l&#039;international sur Webdo.tn","publisher":{"@id":"https:\/\/www.webdo.tn\/fr\/#organization"},"potentialAction":[{"@type":"SearchAction","target":{"@type":"EntryPoint","urlTemplate":"https:\/\/www.webdo.tn\/fr\/?s={search_term_string}"},"query-input":{"@type":"PropertyValueSpecification","valueRequired":true,"valueName":"search_term_string"}}],"inLanguage":"fr-FR"},{"@type":"Organization","@id":"https:\/\/www.webdo.tn\/fr\/#organization","name":"Webdo","alternateName":"Webdo.tn","url":"https:\/\/www.webdo.tn\/fr\/","logo":{"@type":"ImageObject","inLanguage":"fr-FR","@id":"https:\/\/www.webdo.tn\/fr\/#\/schema\/logo\/image\/","url":"https:\/\/www.webdo.tn\/fr\/wp-content\/uploads\/2025\/06\/Webdo-Tunisie_168377.jpg","contentUrl":"https:\/\/www.webdo.tn\/fr\/wp-content\/uploads\/2025\/06\/Webdo-Tunisie_168377.jpg","width":301,"height":301,"caption":"Webdo"},"image":{"@id":"https:\/\/www.webdo.tn\/fr\/#\/schema\/logo\/image\/"},"sameAs":["https:\/\/www.facebook.com\/webdotn","https:\/\/x.com\/webdo_tn"],"description":"Webdo est un m\u00e9dia num\u00e9rique tunisien fond\u00e9 en 2010, sp\u00e9cialis\u00e9 dans l\u2019actualit\u00e9 nationale et internationale, l\u2019\u00e9conomie, la soci\u00e9t\u00e9 et les analyses politiques. Le site s\u2019adresse \u00e0 un large public francophone et couvre l\u2019information tunisienne en temps r\u00e9el.","email":"redac@webdo.tn","legalName":"YNJ SARL","foundingDate":"2010-09-06","numberOfEmployees":{"@type":"QuantitativeValue","minValue":"11","maxValue":"50"}},{"@type":"Person","@id":"https:\/\/www.webdo.tn\/fr\/#\/schema\/person\/c652cd8fc2b1b44412b5ffb48c5a911d","name":"Mohamed Hedi Touati","image":{"@type":"ImageObject","inLanguage":"fr-FR","@id":"https:\/\/secure.gravatar.com\/avatar\/9cfd402c745b7a685f13eed0ea6e59d2144a3c2fc50a3db6fd5ed451f6cddf1a?s=96&d=mm&r=g","url":"https:\/\/secure.gravatar.com\/avatar\/9cfd402c745b7a685f13eed0ea6e59d2144a3c2fc50a3db6fd5ed451f6cddf1a?s=96&d=mm&r=g","contentUrl":"https:\/\/secure.gravatar.com\/avatar\/9cfd402c745b7a685f13eed0ea6e59d2144a3c2fc50a3db6fd5ed451f6cddf1a?s=96&d=mm&r=g","caption":"Mohamed Hedi Touati"},"url":"https:\/\/www.webdo.tn\/fr\/actualite\/author\/mohamed-hedi-touati\/"}]}},"_links":{"self":[{"href":"https:\/\/www.webdo.tn\/fr\/wp-json\/wp\/v2\/posts\/378800","targetHints":{"allow":["GET"]}}],"collection":[{"href":"https:\/\/www.webdo.tn\/fr\/wp-json\/wp\/v2\/posts"}],"about":[{"href":"https:\/\/www.webdo.tn\/fr\/wp-json\/wp\/v2\/types\/post"}],"author":[{"embeddable":true,"href":"https:\/\/www.webdo.tn\/fr\/wp-json\/wp\/v2\/users\/3191"}],"replies":[{"embeddable":true,"href":"https:\/\/www.webdo.tn\/fr\/wp-json\/wp\/v2\/comments?post=378800"}],"version-history":[{"count":0,"href":"https:\/\/www.webdo.tn\/fr\/wp-json\/wp\/v2\/posts\/378800\/revisions"}],"wp:featuredmedia":[{"embeddable":true,"href":"https:\/\/www.webdo.tn\/fr\/wp-json\/wp\/v2\/media\/348934"}],"wp:attachment":[{"href":"https:\/\/www.webdo.tn\/fr\/wp-json\/wp\/v2\/media?parent=378800"}],"wp:term":[{"taxonomy":"category","embeddable":true,"href":"https:\/\/www.webdo.tn\/fr\/wp-json\/wp\/v2\/categories?post=378800"},{"taxonomy":"post_tag","embeddable":true,"href":"https:\/\/www.webdo.tn\/fr\/wp-json\/wp\/v2\/tags?post=378800"}],"curies":[{"name":"wp","href":"https:\/\/api.w.org\/{rel}","templated":true}]}}