{"id":378795,"date":"2025-07-01T20:54:31","date_gmt":"2025-07-01T19:54:31","guid":{"rendered":"https:\/\/www.webdo.tn\/fr\/?p=378795"},"modified":"2025-07-02T09:58:39","modified_gmt":"2025-07-02T08:58:39","slug":"tunisie-reforme-de-larticle-96-du-code-penal-un-nouveau-cadre-pour-labus-de-fonction","status":"publish","type":"post","link":"https:\/\/www.webdo.tn\/fr\/actualite\/national\/tunisie-reforme-de-larticle-96-du-code-penal-un-nouveau-cadre-pour-labus-de-fonction\/378795\/","title":{"rendered":"Tunisie\u00a0&#8211; R\u00e9forme de l\u2019article 96 du Code p\u00e9nal : Un nouveau cadre pour l\u2019abus de fonction"},"content":{"rendered":"\n<p><strong>La commission de l\u00e9gislation g\u00e9n\u00e9rale de l\u2019Assembl\u00e9e des repr\u00e9sentants du peuple a adopt\u00e9 une version consensuelle d\u2019un amendement tr\u00e8s attendu de l\u2019article 96 du Code p\u00e9nal. Le texte, qui introduit la notion d\u2019intention d\u00e9lib\u00e9r\u00e9e et r\u00e9duit les peines encourues, vise \u00e0 corriger les d\u00e9rives d\u2019un dispositif jug\u00e9 excessif depuis plus d\u2019une d\u00e9cennie.<\/strong><\/p>\n\n\n\n<p>Lundi 30 juin, la commission de l\u00e9gislation g\u00e9n\u00e9rale de l\u2019Assembl\u00e9e des repr\u00e9sentants du peuple (ARP) a franchi une \u00e9tape importante dans la r\u00e9vision du Code p\u00e9nal tunisien. Elle a adopt\u00e9 une version consensuelle de deux propositions de loi visant \u00e0 amender l\u2019article 96, relatif \u00e0 l\u2019abus de fonction par des agents publics. La r\u00e9forme, qui sera soumise au vote en pl\u00e9ni\u00e8re, marque une \u00e9volution majeure dans l\u2019approche juridique de ce d\u00e9lit.<\/p>\n\n\n\n<p>Au c\u0153ur de cette r\u00e9forme : la r\u00e9duction de la peine maximale de dix \u00e0 six ans de prison, mais surtout l\u2019introduction d\u2019un crit\u00e8re intentionnel, exigeant la preuve d\u2019une volont\u00e9 d\u00e9lib\u00e9r\u00e9e de procurer un avantage injustifi\u00e9. Le texte transforme ainsi une infraction jusqu\u2019ici purement mat\u00e9rielle en d\u00e9lit intentionnel, modifiant profond\u00e9ment sa port\u00e9e juridique.<\/p>\n\n\n\n<p><strong>Un article controvers\u00e9 depuis 2011<\/strong><\/p>\n\n\n\n<p>L\u2019article 96 a longtemps \u00e9t\u00e9 critiqu\u00e9 pour son application excessive, qui aurait fragilis\u00e9 l\u2019environnement administratif, frein\u00e9 les investissements et sem\u00e9 la peur dans les rangs de la fonction publique. Depuis la r\u00e9volution, de nombreux fonctionnaires ont \u00e9t\u00e9 poursuivis sur la base de ce texte, parfois pour des actes ne relevant ni de la corruption, ni de l\u2019enrichissement ill\u00e9gal, mais d&rsquo;erreurs administratives ou d\u2019interpr\u00e9tations r\u00e9glementaires.<\/p>\n\n\n\n<p>Aujourd\u2019hui, la version r\u00e9vis\u00e9e limite le champ d\u2019application du d\u00e9lit, introduit la possibilit\u00e9 de peines alternatives, comme le sursis ou l\u2019amende, et pr\u00e9voit l\u2019\u00e9largissement de la d\u00e9finition du fonctionnaire public pour mieux encadrer les poursuites.<\/p>\n\n\n\n<p><strong>Un consensus appuy\u00e9 par les experts<\/strong><\/p>\n\n\n\n<p>La commission a consult\u00e9 plusieurs sp\u00e9cialistes du droit p\u00e9nal, dont les professeurs Mongi Lakhdhar, Hatem Bellahmar et Najet Brahmi, qui ont unanimement soutenu l\u2019amendement. Ils ont notamment plaid\u00e9 pour la suppression du d\u00e9lit de \u201cnuire \u00e0 l\u2019administration\u201d, jug\u00e9 trop vague et relevant plut\u00f4t du droit disciplinaire. Autre recommandation importante : instaurer une enqu\u00eate pr\u00e9liminaire avant toute suspension d\u2019un fonctionnaire, afin d\u2019\u00e9viter les abus et les plaintes infond\u00e9es.<\/p>\n\n\n\n<p><strong>Une r\u00e9forme aux enjeux multiples<\/strong><\/p>\n\n\n\n<p>Pour ses initiateurs, cette r\u00e9forme s\u2019inscrit dans un effort de modernisation du droit p\u00e9nal tunisien, avec pour objectif de restaurer la confiance entre les citoyens et l\u2019administration, tout en prot\u00e9geant les agents publics de poursuites arbitraires. Elle vise \u00e9galement \u00e0 limiter les d\u00e9rives judiciaires, \u00e0 renforcer l\u2019efficacit\u00e9 de l\u2019administration et \u00e0 aligner la l\u00e9gislation nationale sur les standards internationaux en mati\u00e8re de criminalisation.<\/p>\n","protected":false},"excerpt":{"rendered":"<p>La commission de l\u00e9gislation g\u00e9n\u00e9rale de l\u2019Assembl\u00e9e des repr\u00e9sentants du peuple a adopt\u00e9 une version consensuelle d\u2019un amendement tr\u00e8s attendu de l\u2019article 96 du Code p\u00e9nal. Le texte, qui introduit la notion d\u2019intention d\u00e9lib\u00e9r\u00e9e et r\u00e9duit les peines encourues, vise \u00e0 corriger les d\u00e9rives d\u2019un dispositif jug\u00e9 excessif depuis plus d\u2019une d\u00e9cennie. Lundi 30 juin, [&hellip;]<\/p>\n","protected":false},"author":3191,"featured_media":368889,"comment_status":"open","ping_status":"open","sticky":false,"template":"","format":"standard","meta":{"footnotes":""},"categories":[44],"tags":[7361,11975,3493,2608],"class_list":["post-378795","post","type-post","status-publish","format-standard","has-post-thumbnail","hentry","category-national","tag-article-96","tag-code-penal-2","tag-reforme","tag-tunisie"],"yoast_head":"<!-- This site is optimized with the Yoast SEO Premium plugin v27.5 (Yoast SEO v27.5) - https:\/\/yoast.com\/product\/yoast-seo-premium-wordpress\/ -->\n<title>Tunisie\u00a0- R\u00e9forme de l\u2019article 96 du Code p\u00e9nal : Un nouveau cadre pour l\u2019abus de fonction - webdo<\/title>\n<meta name=\"description\" content=\"Comprenez l&#039;importance de l&#039;amendement \u00e0 l&#039;article 96 du Code p\u00e9nal et son impact sur la l\u00e9gislation tunisienne.\" \/>\n<link rel=\"canonical\" href=\"https:\/\/www.webdo.tn\/fr\/actualite\/national\/tunisie-reforme-de-larticle-96-du-code-penal-un-nouveau-cadre-pour-labus-de-fonction\/378795\/\" \/>\n<meta property=\"og:locale\" content=\"fr_FR\" \/>\n<meta property=\"og:type\" content=\"article\" \/>\n<meta property=\"og:title\" content=\"Tunisie\u00a0- R\u00e9forme de l\u2019article 96 du Code p\u00e9nal : Un nouveau cadre pour l\u2019abus de fonction\" \/>\n<meta property=\"og:description\" content=\"Comprenez l&#039;importance de l&#039;amendement \u00e0 l&#039;article 96 du Code p\u00e9nal et son impact sur la l\u00e9gislation tunisienne.\" \/>\n<meta property=\"og:url\" content=\"https:\/\/www.webdo.tn\/fr\/actualite\/national\/tunisie-reforme-de-larticle-96-du-code-penal-un-nouveau-cadre-pour-labus-de-fonction\/378795\/\" \/>\n<meta property=\"og:site_name\" content=\"webdo\" \/>\n<meta property=\"article:publisher\" content=\"https:\/\/www.facebook.com\/webdotn\" \/>\n<meta property=\"article:published_time\" content=\"2025-07-01T19:54:31+00:00\" \/>\n<meta property=\"article:modified_time\" content=\"2025-07-02T08:58:39+00:00\" \/>\n<meta property=\"og:image\" content=\"https:\/\/www.webdo.tn\/fr\/wp-content\/uploads\/2025\/06\/ARP_137785.jpg\" \/>\n\t<meta property=\"og:image:width\" content=\"710\" \/>\n\t<meta property=\"og:image:height\" content=\"447\" \/>\n\t<meta property=\"og:image:type\" content=\"image\/jpeg\" \/>\n<meta name=\"author\" content=\"Mohamed Hedi Touati\" \/>\n<meta name=\"twitter:card\" content=\"summary_large_image\" \/>\n<meta name=\"twitter:creator\" content=\"@webdo_tn\" \/>\n<meta name=\"twitter:site\" content=\"@webdo_tn\" \/>\n<meta name=\"twitter:label1\" content=\"\u00c9crit par\" \/>\n\t<meta name=\"twitter:data1\" content=\"Mohamed Hedi Touati\" \/>\n\t<meta name=\"twitter:label2\" content=\"Dur\u00e9e de lecture estim\u00e9e\" \/>\n\t<meta name=\"twitter:data2\" content=\"3 minutes\" \/>\n<script type=\"application\/ld+json\" class=\"yoast-schema-graph\">{\"@context\":\"https:\\\/\\\/schema.org\",\"@graph\":[{\"@type\":\"NewsArticle\",\"@id\":\"https:\\\/\\\/www.webdo.tn\\\/fr\\\/actualite\\\/national\\\/tunisie-reforme-de-larticle-96-du-code-penal-un-nouveau-cadre-pour-labus-de-fonction\\\/378795\\\/#article\",\"isPartOf\":{\"@id\":\"https:\\\/\\\/www.webdo.tn\\\/fr\\\/actualite\\\/national\\\/tunisie-reforme-de-larticle-96-du-code-penal-un-nouveau-cadre-pour-labus-de-fonction\\\/378795\\\/\"},\"author\":{\"name\":\"Mohamed Hedi Touati\",\"@id\":\"https:\\\/\\\/www.webdo.tn\\\/fr\\\/#\\\/schema\\\/person\\\/c652cd8fc2b1b44412b5ffb48c5a911d\"},\"headline\":\"Tunisie\u00a0&#8211; R\u00e9forme de l\u2019article 96 du Code p\u00e9nal : Un nouveau cadre pour l\u2019abus de fonction\",\"datePublished\":\"2025-07-01T19:54:31+00:00\",\"dateModified\":\"2025-07-02T08:58:39+00:00\",\"mainEntityOfPage\":{\"@id\":\"https:\\\/\\\/www.webdo.tn\\\/fr\\\/actualite\\\/national\\\/tunisie-reforme-de-larticle-96-du-code-penal-un-nouveau-cadre-pour-labus-de-fonction\\\/378795\\\/\"},\"wordCount\":514,\"commentCount\":0,\"publisher\":{\"@id\":\"https:\\\/\\\/www.webdo.tn\\\/fr\\\/#organization\"},\"image\":{\"@id\":\"https:\\\/\\\/www.webdo.tn\\\/fr\\\/actualite\\\/national\\\/tunisie-reforme-de-larticle-96-du-code-penal-un-nouveau-cadre-pour-labus-de-fonction\\\/378795\\\/#primaryimage\"},\"thumbnailUrl\":\"https:\\\/\\\/www.webdo.tn\\\/fr\\\/wp-content\\\/uploads\\\/2025\\\/06\\\/ARP_137785.jpg\",\"keywords\":[\"Article 96\",\"code p\u00e9nal\",\"r\u00e9forme\",\"Tunisie\"],\"articleSection\":[\"National\"],\"inLanguage\":\"fr-FR\"},{\"@type\":\"WebPage\",\"@id\":\"https:\\\/\\\/www.webdo.tn\\\/fr\\\/actualite\\\/national\\\/tunisie-reforme-de-larticle-96-du-code-penal-un-nouveau-cadre-pour-labus-de-fonction\\\/378795\\\/\",\"url\":\"https:\\\/\\\/www.webdo.tn\\\/fr\\\/actualite\\\/national\\\/tunisie-reforme-de-larticle-96-du-code-penal-un-nouveau-cadre-pour-labus-de-fonction\\\/378795\\\/\",\"name\":\"Tunisie\u00a0- R\u00e9forme de l\u2019article 96 du Code p\u00e9nal : Un nouveau cadre pour l\u2019abus de fonction - webdo\",\"isPartOf\":{\"@id\":\"https:\\\/\\\/www.webdo.tn\\\/fr\\\/#website\"},\"primaryImageOfPage\":{\"@id\":\"https:\\\/\\\/www.webdo.tn\\\/fr\\\/actualite\\\/national\\\/tunisie-reforme-de-larticle-96-du-code-penal-un-nouveau-cadre-pour-labus-de-fonction\\\/378795\\\/#primaryimage\"},\"image\":{\"@id\":\"https:\\\/\\\/www.webdo.tn\\\/fr\\\/actualite\\\/national\\\/tunisie-reforme-de-larticle-96-du-code-penal-un-nouveau-cadre-pour-labus-de-fonction\\\/378795\\\/#primaryimage\"},\"thumbnailUrl\":\"https:\\\/\\\/www.webdo.tn\\\/fr\\\/wp-content\\\/uploads\\\/2025\\\/06\\\/ARP_137785.jpg\",\"datePublished\":\"2025-07-01T19:54:31+00:00\",\"dateModified\":\"2025-07-02T08:58:39+00:00\",\"description\":\"Comprenez l'importance de l'amendement \u00e0 l'article 96 du Code p\u00e9nal et son impact sur la l\u00e9gislation tunisienne.\",\"breadcrumb\":{\"@id\":\"https:\\\/\\\/www.webdo.tn\\\/fr\\\/actualite\\\/national\\\/tunisie-reforme-de-larticle-96-du-code-penal-un-nouveau-cadre-pour-labus-de-fonction\\\/378795\\\/#breadcrumb\"},\"inLanguage\":\"fr-FR\",\"potentialAction\":[{\"@type\":\"ReadAction\",\"target\":[\"https:\\\/\\\/www.webdo.tn\\\/fr\\\/actualite\\\/national\\\/tunisie-reforme-de-larticle-96-du-code-penal-un-nouveau-cadre-pour-labus-de-fonction\\\/378795\\\/\"]}]},{\"@type\":\"ImageObject\",\"inLanguage\":\"fr-FR\",\"@id\":\"https:\\\/\\\/www.webdo.tn\\\/fr\\\/actualite\\\/national\\\/tunisie-reforme-de-larticle-96-du-code-penal-un-nouveau-cadre-pour-labus-de-fonction\\\/378795\\\/#primaryimage\",\"url\":\"https:\\\/\\\/www.webdo.tn\\\/fr\\\/wp-content\\\/uploads\\\/2025\\\/06\\\/ARP_137785.jpg\",\"contentUrl\":\"https:\\\/\\\/www.webdo.tn\\\/fr\\\/wp-content\\\/uploads\\\/2025\\\/06\\\/ARP_137785.jpg\",\"width\":710,\"height\":447,\"caption\":\"Donn\u00e9es personnelles : La Tunisie r\u00e9vise sa l\u00e9gislation pour s\u2019aligner aux normes internationales\"},{\"@type\":\"BreadcrumbList\",\"@id\":\"https:\\\/\\\/www.webdo.tn\\\/fr\\\/actualite\\\/national\\\/tunisie-reforme-de-larticle-96-du-code-penal-un-nouveau-cadre-pour-labus-de-fonction\\\/378795\\\/#breadcrumb\",\"itemListElement\":[{\"@type\":\"ListItem\",\"position\":1,\"name\":\"Accueil\",\"item\":\"https:\\\/\\\/www.webdo.tn\\\/fr\\\/\"},{\"@type\":\"ListItem\",\"position\":2,\"name\":\"Tunisie\u00a0&#8211; R\u00e9forme de l\u2019article 96 du Code p\u00e9nal : Un nouveau cadre pour l\u2019abus de fonction\"}]},{\"@type\":\"WebSite\",\"@id\":\"https:\\\/\\\/www.webdo.tn\\\/fr\\\/#website\",\"url\":\"https:\\\/\\\/www.webdo.tn\\\/fr\\\/\",\"name\":\"webdo\",\"description\":\"Tunisie - News en Tunisie et \u00e0 l&#039;international sur Webdo.tn\",\"publisher\":{\"@id\":\"https:\\\/\\\/www.webdo.tn\\\/fr\\\/#organization\"},\"potentialAction\":[{\"@type\":\"SearchAction\",\"target\":{\"@type\":\"EntryPoint\",\"urlTemplate\":\"https:\\\/\\\/www.webdo.tn\\\/fr\\\/?s={search_term_string}\"},\"query-input\":{\"@type\":\"PropertyValueSpecification\",\"valueRequired\":true,\"valueName\":\"search_term_string\"}}],\"inLanguage\":\"fr-FR\"},{\"@type\":\"Organization\",\"@id\":\"https:\\\/\\\/www.webdo.tn\\\/fr\\\/#organization\",\"name\":\"Webdo\",\"alternateName\":\"Webdo.tn\",\"url\":\"https:\\\/\\\/www.webdo.tn\\\/fr\\\/\",\"logo\":{\"@type\":\"ImageObject\",\"inLanguage\":\"fr-FR\",\"@id\":\"https:\\\/\\\/www.webdo.tn\\\/fr\\\/#\\\/schema\\\/logo\\\/image\\\/\",\"url\":\"https:\\\/\\\/www.webdo.tn\\\/fr\\\/wp-content\\\/uploads\\\/2025\\\/06\\\/Webdo-Tunisie_168377.jpg\",\"contentUrl\":\"https:\\\/\\\/www.webdo.tn\\\/fr\\\/wp-content\\\/uploads\\\/2025\\\/06\\\/Webdo-Tunisie_168377.jpg\",\"width\":301,\"height\":301,\"caption\":\"Webdo\"},\"image\":{\"@id\":\"https:\\\/\\\/www.webdo.tn\\\/fr\\\/#\\\/schema\\\/logo\\\/image\\\/\"},\"sameAs\":[\"https:\\\/\\\/www.facebook.com\\\/webdotn\",\"https:\\\/\\\/x.com\\\/webdo_tn\"],\"description\":\"Webdo est un m\u00e9dia num\u00e9rique tunisien fond\u00e9 en 2010, sp\u00e9cialis\u00e9 dans l\u2019actualit\u00e9 nationale et internationale, l\u2019\u00e9conomie, la soci\u00e9t\u00e9 et les analyses politiques. Le site s\u2019adresse \u00e0 un large public francophone et couvre l\u2019information tunisienne en temps r\u00e9el.\",\"email\":\"redac@webdo.tn\",\"legalName\":\"YNJ SARL\",\"foundingDate\":\"2010-09-06\",\"numberOfEmployees\":{\"@type\":\"QuantitativeValue\",\"minValue\":\"11\",\"maxValue\":\"50\"}},{\"@type\":\"Person\",\"@id\":\"https:\\\/\\\/www.webdo.tn\\\/fr\\\/#\\\/schema\\\/person\\\/c652cd8fc2b1b44412b5ffb48c5a911d\",\"name\":\"Mohamed Hedi Touati\",\"image\":{\"@type\":\"ImageObject\",\"inLanguage\":\"fr-FR\",\"@id\":\"https:\\\/\\\/secure.gravatar.com\\\/avatar\\\/9cfd402c745b7a685f13eed0ea6e59d2144a3c2fc50a3db6fd5ed451f6cddf1a?s=96&d=mm&r=g\",\"url\":\"https:\\\/\\\/secure.gravatar.com\\\/avatar\\\/9cfd402c745b7a685f13eed0ea6e59d2144a3c2fc50a3db6fd5ed451f6cddf1a?s=96&d=mm&r=g\",\"contentUrl\":\"https:\\\/\\\/secure.gravatar.com\\\/avatar\\\/9cfd402c745b7a685f13eed0ea6e59d2144a3c2fc50a3db6fd5ed451f6cddf1a?s=96&d=mm&r=g\",\"caption\":\"Mohamed Hedi Touati\"},\"url\":\"https:\\\/\\\/www.webdo.tn\\\/fr\\\/actualite\\\/author\\\/mohamed-hedi-touati\\\/\"}]}<\/script>\n<!-- \/ Yoast SEO Premium plugin. -->","yoast_head_json":{"title":"Tunisie\u00a0- R\u00e9forme de l\u2019article 96 du Code p\u00e9nal : Un nouveau cadre pour l\u2019abus de fonction - webdo","description":"Comprenez l'importance de l'amendement \u00e0 l'article 96 du Code p\u00e9nal et son impact sur la l\u00e9gislation tunisienne.","canonical":"https:\/\/www.webdo.tn\/fr\/actualite\/national\/tunisie-reforme-de-larticle-96-du-code-penal-un-nouveau-cadre-pour-labus-de-fonction\/378795\/","og_locale":"fr_FR","og_type":"article","og_title":"Tunisie\u00a0- R\u00e9forme de l\u2019article 96 du Code p\u00e9nal : Un nouveau cadre pour l\u2019abus de fonction","og_description":"Comprenez l'importance de l'amendement \u00e0 l'article 96 du Code p\u00e9nal et son impact sur la l\u00e9gislation tunisienne.","og_url":"https:\/\/www.webdo.tn\/fr\/actualite\/national\/tunisie-reforme-de-larticle-96-du-code-penal-un-nouveau-cadre-pour-labus-de-fonction\/378795\/","og_site_name":"webdo","article_publisher":"https:\/\/www.facebook.com\/webdotn","article_published_time":"2025-07-01T19:54:31+00:00","article_modified_time":"2025-07-02T08:58:39+00:00","og_image":[{"width":710,"height":447,"url":"https:\/\/www.webdo.tn\/fr\/wp-content\/uploads\/2025\/06\/ARP_137785.jpg","type":"image\/jpeg"}],"author":"Mohamed Hedi Touati","twitter_card":"summary_large_image","twitter_creator":"@webdo_tn","twitter_site":"@webdo_tn","twitter_misc":{"\u00c9crit par":"Mohamed Hedi Touati","Dur\u00e9e de lecture estim\u00e9e":"3 minutes"},"schema":{"@context":"https:\/\/schema.org","@graph":[{"@type":"NewsArticle","@id":"https:\/\/www.webdo.tn\/fr\/actualite\/national\/tunisie-reforme-de-larticle-96-du-code-penal-un-nouveau-cadre-pour-labus-de-fonction\/378795\/#article","isPartOf":{"@id":"https:\/\/www.webdo.tn\/fr\/actualite\/national\/tunisie-reforme-de-larticle-96-du-code-penal-un-nouveau-cadre-pour-labus-de-fonction\/378795\/"},"author":{"name":"Mohamed Hedi Touati","@id":"https:\/\/www.webdo.tn\/fr\/#\/schema\/person\/c652cd8fc2b1b44412b5ffb48c5a911d"},"headline":"Tunisie\u00a0&#8211; R\u00e9forme de l\u2019article 96 du Code p\u00e9nal : Un nouveau cadre pour l\u2019abus de fonction","datePublished":"2025-07-01T19:54:31+00:00","dateModified":"2025-07-02T08:58:39+00:00","mainEntityOfPage":{"@id":"https:\/\/www.webdo.tn\/fr\/actualite\/national\/tunisie-reforme-de-larticle-96-du-code-penal-un-nouveau-cadre-pour-labus-de-fonction\/378795\/"},"wordCount":514,"commentCount":0,"publisher":{"@id":"https:\/\/www.webdo.tn\/fr\/#organization"},"image":{"@id":"https:\/\/www.webdo.tn\/fr\/actualite\/national\/tunisie-reforme-de-larticle-96-du-code-penal-un-nouveau-cadre-pour-labus-de-fonction\/378795\/#primaryimage"},"thumbnailUrl":"https:\/\/www.webdo.tn\/fr\/wp-content\/uploads\/2025\/06\/ARP_137785.jpg","keywords":["Article 96","code p\u00e9nal","r\u00e9forme","Tunisie"],"articleSection":["National"],"inLanguage":"fr-FR"},{"@type":"WebPage","@id":"https:\/\/www.webdo.tn\/fr\/actualite\/national\/tunisie-reforme-de-larticle-96-du-code-penal-un-nouveau-cadre-pour-labus-de-fonction\/378795\/","url":"https:\/\/www.webdo.tn\/fr\/actualite\/national\/tunisie-reforme-de-larticle-96-du-code-penal-un-nouveau-cadre-pour-labus-de-fonction\/378795\/","name":"Tunisie\u00a0- R\u00e9forme de l\u2019article 96 du Code p\u00e9nal : Un nouveau cadre pour l\u2019abus de fonction - webdo","isPartOf":{"@id":"https:\/\/www.webdo.tn\/fr\/#website"},"primaryImageOfPage":{"@id":"https:\/\/www.webdo.tn\/fr\/actualite\/national\/tunisie-reforme-de-larticle-96-du-code-penal-un-nouveau-cadre-pour-labus-de-fonction\/378795\/#primaryimage"},"image":{"@id":"https:\/\/www.webdo.tn\/fr\/actualite\/national\/tunisie-reforme-de-larticle-96-du-code-penal-un-nouveau-cadre-pour-labus-de-fonction\/378795\/#primaryimage"},"thumbnailUrl":"https:\/\/www.webdo.tn\/fr\/wp-content\/uploads\/2025\/06\/ARP_137785.jpg","datePublished":"2025-07-01T19:54:31+00:00","dateModified":"2025-07-02T08:58:39+00:00","description":"Comprenez l'importance de l'amendement \u00e0 l'article 96 du Code p\u00e9nal et son impact sur la l\u00e9gislation tunisienne.","breadcrumb":{"@id":"https:\/\/www.webdo.tn\/fr\/actualite\/national\/tunisie-reforme-de-larticle-96-du-code-penal-un-nouveau-cadre-pour-labus-de-fonction\/378795\/#breadcrumb"},"inLanguage":"fr-FR","potentialAction":[{"@type":"ReadAction","target":["https:\/\/www.webdo.tn\/fr\/actualite\/national\/tunisie-reforme-de-larticle-96-du-code-penal-un-nouveau-cadre-pour-labus-de-fonction\/378795\/"]}]},{"@type":"ImageObject","inLanguage":"fr-FR","@id":"https:\/\/www.webdo.tn\/fr\/actualite\/national\/tunisie-reforme-de-larticle-96-du-code-penal-un-nouveau-cadre-pour-labus-de-fonction\/378795\/#primaryimage","url":"https:\/\/www.webdo.tn\/fr\/wp-content\/uploads\/2025\/06\/ARP_137785.jpg","contentUrl":"https:\/\/www.webdo.tn\/fr\/wp-content\/uploads\/2025\/06\/ARP_137785.jpg","width":710,"height":447,"caption":"Donn\u00e9es personnelles : La Tunisie r\u00e9vise sa l\u00e9gislation pour s\u2019aligner aux normes internationales"},{"@type":"BreadcrumbList","@id":"https:\/\/www.webdo.tn\/fr\/actualite\/national\/tunisie-reforme-de-larticle-96-du-code-penal-un-nouveau-cadre-pour-labus-de-fonction\/378795\/#breadcrumb","itemListElement":[{"@type":"ListItem","position":1,"name":"Accueil","item":"https:\/\/www.webdo.tn\/fr\/"},{"@type":"ListItem","position":2,"name":"Tunisie\u00a0&#8211; R\u00e9forme de l\u2019article 96 du Code p\u00e9nal : Un nouveau cadre pour l\u2019abus de fonction"}]},{"@type":"WebSite","@id":"https:\/\/www.webdo.tn\/fr\/#website","url":"https:\/\/www.webdo.tn\/fr\/","name":"webdo","description":"Tunisie - News en Tunisie et \u00e0 l&#039;international sur Webdo.tn","publisher":{"@id":"https:\/\/www.webdo.tn\/fr\/#organization"},"potentialAction":[{"@type":"SearchAction","target":{"@type":"EntryPoint","urlTemplate":"https:\/\/www.webdo.tn\/fr\/?s={search_term_string}"},"query-input":{"@type":"PropertyValueSpecification","valueRequired":true,"valueName":"search_term_string"}}],"inLanguage":"fr-FR"},{"@type":"Organization","@id":"https:\/\/www.webdo.tn\/fr\/#organization","name":"Webdo","alternateName":"Webdo.tn","url":"https:\/\/www.webdo.tn\/fr\/","logo":{"@type":"ImageObject","inLanguage":"fr-FR","@id":"https:\/\/www.webdo.tn\/fr\/#\/schema\/logo\/image\/","url":"https:\/\/www.webdo.tn\/fr\/wp-content\/uploads\/2025\/06\/Webdo-Tunisie_168377.jpg","contentUrl":"https:\/\/www.webdo.tn\/fr\/wp-content\/uploads\/2025\/06\/Webdo-Tunisie_168377.jpg","width":301,"height":301,"caption":"Webdo"},"image":{"@id":"https:\/\/www.webdo.tn\/fr\/#\/schema\/logo\/image\/"},"sameAs":["https:\/\/www.facebook.com\/webdotn","https:\/\/x.com\/webdo_tn"],"description":"Webdo est un m\u00e9dia num\u00e9rique tunisien fond\u00e9 en 2010, sp\u00e9cialis\u00e9 dans l\u2019actualit\u00e9 nationale et internationale, l\u2019\u00e9conomie, la soci\u00e9t\u00e9 et les analyses politiques. Le site s\u2019adresse \u00e0 un large public francophone et couvre l\u2019information tunisienne en temps r\u00e9el.","email":"redac@webdo.tn","legalName":"YNJ SARL","foundingDate":"2010-09-06","numberOfEmployees":{"@type":"QuantitativeValue","minValue":"11","maxValue":"50"}},{"@type":"Person","@id":"https:\/\/www.webdo.tn\/fr\/#\/schema\/person\/c652cd8fc2b1b44412b5ffb48c5a911d","name":"Mohamed Hedi Touati","image":{"@type":"ImageObject","inLanguage":"fr-FR","@id":"https:\/\/secure.gravatar.com\/avatar\/9cfd402c745b7a685f13eed0ea6e59d2144a3c2fc50a3db6fd5ed451f6cddf1a?s=96&d=mm&r=g","url":"https:\/\/secure.gravatar.com\/avatar\/9cfd402c745b7a685f13eed0ea6e59d2144a3c2fc50a3db6fd5ed451f6cddf1a?s=96&d=mm&r=g","contentUrl":"https:\/\/secure.gravatar.com\/avatar\/9cfd402c745b7a685f13eed0ea6e59d2144a3c2fc50a3db6fd5ed451f6cddf1a?s=96&d=mm&r=g","caption":"Mohamed Hedi Touati"},"url":"https:\/\/www.webdo.tn\/fr\/actualite\/author\/mohamed-hedi-touati\/"}]}},"_links":{"self":[{"href":"https:\/\/www.webdo.tn\/fr\/wp-json\/wp\/v2\/posts\/378795","targetHints":{"allow":["GET"]}}],"collection":[{"href":"https:\/\/www.webdo.tn\/fr\/wp-json\/wp\/v2\/posts"}],"about":[{"href":"https:\/\/www.webdo.tn\/fr\/wp-json\/wp\/v2\/types\/post"}],"author":[{"embeddable":true,"href":"https:\/\/www.webdo.tn\/fr\/wp-json\/wp\/v2\/users\/3191"}],"replies":[{"embeddable":true,"href":"https:\/\/www.webdo.tn\/fr\/wp-json\/wp\/v2\/comments?post=378795"}],"version-history":[{"count":0,"href":"https:\/\/www.webdo.tn\/fr\/wp-json\/wp\/v2\/posts\/378795\/revisions"}],"wp:featuredmedia":[{"embeddable":true,"href":"https:\/\/www.webdo.tn\/fr\/wp-json\/wp\/v2\/media\/368889"}],"wp:attachment":[{"href":"https:\/\/www.webdo.tn\/fr\/wp-json\/wp\/v2\/media?parent=378795"}],"wp:term":[{"taxonomy":"category","embeddable":true,"href":"https:\/\/www.webdo.tn\/fr\/wp-json\/wp\/v2\/categories?post=378795"},{"taxonomy":"post_tag","embeddable":true,"href":"https:\/\/www.webdo.tn\/fr\/wp-json\/wp\/v2\/tags?post=378795"}],"curies":[{"name":"wp","href":"https:\/\/api.w.org\/{rel}","templated":true}]}}