{"id":378791,"date":"2025-07-01T19:57:53","date_gmt":"2025-07-01T18:57:53","guid":{"rendered":"https:\/\/www.webdo.tn\/fr\/?p=378791"},"modified":"2025-07-02T08:55:38","modified_gmt":"2025-07-02T07:55:38","slug":"tunisie-agression-a-lhopital-de-kasserine-cinq-suspects-en-garde-a-vue","status":"publish","type":"post","link":"https:\/\/www.webdo.tn\/fr\/actualite\/national\/tunisie-agression-a-lhopital-de-kasserine-cinq-suspects-en-garde-a-vue\/378791\/","title":{"rendered":"Tunisie &#8211; Agressions \u00e0 l\u2019h\u00f4pital de Kasserine : Cinq suspects en garde \u00e0 vue"},"content":{"rendered":"\n<p><strong>L\u2019enqu\u00eate sur les violences survenues au service de r\u00e9animation de l\u2019h\u00f4pital universitaire de Kasserine progresse. Un suspect a \u00e9t\u00e9 arr\u00eat\u00e9 et plac\u00e9 en garde \u00e0 vue, portant \u00e0 cinq le nombre total de personnes interpell\u00e9es dans cette affaire.<\/strong><\/p>\n\n\n\n<p>Les arrestations se poursuivent \u00e0 Kasserine apr\u00e8s l\u2019agression violente survenue dans la nuit du dimanche 29 juin 2025 au service de r\u00e9animation de l\u2019h\u00f4pital universitaire Badreddine Aloui. Ce mardi, le porte-parole des tribunaux de Kasserine, le juge Imed Omri, a annonc\u00e9 la mise en garde \u00e0 vue d\u2019un cinqui\u00e8me suspect, interpell\u00e9 par les unit\u00e9s de la s\u00fbret\u00e9 nationale.<\/p>\n\n\n\n<p>Depuis le d\u00e9but de l\u2019enqu\u00eate, cinq personnes ont \u00e9t\u00e9 plac\u00e9es en d\u00e9tention provisoire dans cette affaire qui a provoqu\u00e9 une onde de choc \u00e0 l\u2019\u00e9chelle nationale. Les faits remontent au 29 juin, lorsqu\u2019un groupe d\u2019individus s\u2019en est pris au personnel m\u00e9dical et param\u00e9dical de l\u2019h\u00f4pital, avant de saccager plusieurs \u00e9quipements m\u00e9dicaux.<\/p>\n\n\n\n<p>L&rsquo;incident s\u2019est d\u00e9roul\u00e9 apr\u00e8s le d\u00e9c\u00e8s d\u2019un patient victime d\u2019un accident de la route. Selon le minist\u00e8re de la Sant\u00e9, plusieurs de ses proches ont p\u00e9n\u00e9tr\u00e9 de force dans la salle de r\u00e9animation, agressant verbalement et physiquement le personnel m\u00e9dical, param\u00e9dical et ouvrier, avant de saccager du mat\u00e9riel vital et de perturber gravement le fonctionnement du service.<\/p>\n\n\n\n<p>Les agresseurs ont d\u00e9truit des \u00e9quipements co\u00fbteux et essentiels au bon d\u00e9roulement des soins en r\u00e9animation. Le minist\u00e8re de la Sant\u00e9 a d\u00e9crit une interruption temporaire des soins, entra\u00eenant un risque majeur pour les patients. L\u2019intervention de forces de s\u00e9curit\u00e9 avait finalement permis de r\u00e9tablir l\u2019ordre.<\/p>\n\n\n\n<p>Selon la direction r\u00e9gionale de la sant\u00e9, les dommages sont estim\u00e9s \u00e0 pr\u00e8s de 500.000 dinars, une somme consid\u00e9rable pour un \u00e9tablissement public d\u00e9j\u00e0 sous pression.<\/p>\n\n\n\n<p>Cette agression a suscit\u00e9 une condamnation unanime. Les habitants de Kasserine, les syndicats du secteur de la sant\u00e9 ainsi que le minist\u00e8re de la Sant\u00e9 ont d\u00e9nonc\u00e9 un acte inadmissible, soulignant la n\u00e9cessit\u00e9 de renforcer la s\u00e9curit\u00e9 dans les structures hospitali\u00e8res publiques.<\/p>\n","protected":false},"excerpt":{"rendered":"<p>L\u2019enqu\u00eate sur les violences survenues au service de r\u00e9animation de l\u2019h\u00f4pital universitaire de Kasserine progresse. Un suspect a \u00e9t\u00e9 arr\u00eat\u00e9 et plac\u00e9 en garde \u00e0 vue, portant \u00e0 cinq le nombre total de personnes interpell\u00e9es dans cette affaire. Les arrestations se poursuivent \u00e0 Kasserine apr\u00e8s l\u2019agression violente survenue dans la nuit du dimanche 29 juin [&hellip;]<\/p>\n","protected":false},"author":3191,"featured_media":378625,"comment_status":"open","ping_status":"open","sticky":false,"template":"","format":"standard","meta":{"footnotes":""},"categories":[44],"tags":[],"class_list":["post-378791","post","type-post","status-publish","format-standard","has-post-thumbnail","hentry","category-national"],"yoast_head":"<!-- This site is optimized with the Yoast SEO Premium plugin v27.5 (Yoast SEO v27.5) - https:\/\/yoast.com\/product\/yoast-seo-premium-wordpress\/ -->\n<title>Tunisie - Agressions \u00e0 l\u2019h\u00f4pital de Kasserine : Cinq suspects en garde \u00e0 vue - webdo<\/title>\n<meta name=\"description\" content=\"L&#039;enqu\u00eate sur les violences \u00e0 l&#039;h\u00f4pital de Kasserine continue, cinq personnes sont d\u00e9sormais en garde \u00e0 vue.\" \/>\n<link rel=\"canonical\" href=\"https:\/\/www.webdo.tn\/fr\/actualite\/national\/tunisie-agression-a-lhopital-de-kasserine-cinq-suspects-en-garde-a-vue\/378791\/\" \/>\n<meta property=\"og:locale\" content=\"fr_FR\" \/>\n<meta property=\"og:type\" content=\"article\" \/>\n<meta property=\"og:title\" content=\"Tunisie - Agressions \u00e0 l\u2019h\u00f4pital de Kasserine : Cinq suspects en garde \u00e0 vue\" \/>\n<meta property=\"og:description\" content=\"L&#039;enqu\u00eate sur les violences \u00e0 l&#039;h\u00f4pital de Kasserine continue, cinq personnes sont d\u00e9sormais en garde \u00e0 vue.\" \/>\n<meta property=\"og:url\" content=\"https:\/\/www.webdo.tn\/fr\/actualite\/national\/tunisie-agression-a-lhopital-de-kasserine-cinq-suspects-en-garde-a-vue\/378791\/\" \/>\n<meta property=\"og:site_name\" content=\"webdo\" \/>\n<meta property=\"article:publisher\" content=\"https:\/\/www.facebook.com\/webdotn\" \/>\n<meta property=\"article:published_time\" content=\"2025-07-01T18:57:53+00:00\" \/>\n<meta property=\"article:modified_time\" content=\"2025-07-02T07:55:38+00:00\" \/>\n<meta property=\"og:image\" content=\"https:\/\/www.webdo.tn\/fr\/wp-content\/uploads\/2025\/06\/Hopital-Kasserine-1.jpg\" \/>\n\t<meta property=\"og:image:width\" content=\"1434\" \/>\n\t<meta property=\"og:image:height\" content=\"872\" \/>\n\t<meta property=\"og:image:type\" content=\"image\/jpeg\" \/>\n<meta name=\"author\" content=\"Mohamed Hedi Touati\" \/>\n<meta name=\"twitter:card\" content=\"summary_large_image\" \/>\n<meta name=\"twitter:creator\" content=\"@webdo_tn\" \/>\n<meta name=\"twitter:site\" content=\"@webdo_tn\" \/>\n<meta name=\"twitter:label1\" content=\"\u00c9crit par\" \/>\n\t<meta name=\"twitter:data1\" content=\"Mohamed Hedi Touati\" \/>\n\t<meta name=\"twitter:label2\" content=\"Dur\u00e9e de lecture estim\u00e9e\" \/>\n\t<meta name=\"twitter:data2\" content=\"2 minutes\" \/>\n<script type=\"application\/ld+json\" class=\"yoast-schema-graph\">{\"@context\":\"https:\\\/\\\/schema.org\",\"@graph\":[{\"@type\":\"NewsArticle\",\"@id\":\"https:\\\/\\\/www.webdo.tn\\\/fr\\\/actualite\\\/national\\\/tunisie-agression-a-lhopital-de-kasserine-cinq-suspects-en-garde-a-vue\\\/378791\\\/#article\",\"isPartOf\":{\"@id\":\"https:\\\/\\\/www.webdo.tn\\\/fr\\\/actualite\\\/national\\\/tunisie-agression-a-lhopital-de-kasserine-cinq-suspects-en-garde-a-vue\\\/378791\\\/\"},\"author\":{\"name\":\"Mohamed Hedi Touati\",\"@id\":\"https:\\\/\\\/www.webdo.tn\\\/fr\\\/#\\\/schema\\\/person\\\/c652cd8fc2b1b44412b5ffb48c5a911d\"},\"headline\":\"Tunisie &#8211; Agressions \u00e0 l\u2019h\u00f4pital de Kasserine : Cinq suspects en garde \u00e0 vue\",\"datePublished\":\"2025-07-01T18:57:53+00:00\",\"dateModified\":\"2025-07-02T07:55:38+00:00\",\"mainEntityOfPage\":{\"@id\":\"https:\\\/\\\/www.webdo.tn\\\/fr\\\/actualite\\\/national\\\/tunisie-agression-a-lhopital-de-kasserine-cinq-suspects-en-garde-a-vue\\\/378791\\\/\"},\"wordCount\":387,\"commentCount\":0,\"publisher\":{\"@id\":\"https:\\\/\\\/www.webdo.tn\\\/fr\\\/#organization\"},\"image\":{\"@id\":\"https:\\\/\\\/www.webdo.tn\\\/fr\\\/actualite\\\/national\\\/tunisie-agression-a-lhopital-de-kasserine-cinq-suspects-en-garde-a-vue\\\/378791\\\/#primaryimage\"},\"thumbnailUrl\":\"https:\\\/\\\/www.webdo.tn\\\/fr\\\/wp-content\\\/uploads\\\/2025\\\/06\\\/Hopital-Kasserine-1.jpg\",\"articleSection\":[\"National\"],\"inLanguage\":\"fr-FR\"},{\"@type\":\"WebPage\",\"@id\":\"https:\\\/\\\/www.webdo.tn\\\/fr\\\/actualite\\\/national\\\/tunisie-agression-a-lhopital-de-kasserine-cinq-suspects-en-garde-a-vue\\\/378791\\\/\",\"url\":\"https:\\\/\\\/www.webdo.tn\\\/fr\\\/actualite\\\/national\\\/tunisie-agression-a-lhopital-de-kasserine-cinq-suspects-en-garde-a-vue\\\/378791\\\/\",\"name\":\"Tunisie - Agressions \u00e0 l\u2019h\u00f4pital de Kasserine : Cinq suspects en garde \u00e0 vue - webdo\",\"isPartOf\":{\"@id\":\"https:\\\/\\\/www.webdo.tn\\\/fr\\\/#website\"},\"primaryImageOfPage\":{\"@id\":\"https:\\\/\\\/www.webdo.tn\\\/fr\\\/actualite\\\/national\\\/tunisie-agression-a-lhopital-de-kasserine-cinq-suspects-en-garde-a-vue\\\/378791\\\/#primaryimage\"},\"image\":{\"@id\":\"https:\\\/\\\/www.webdo.tn\\\/fr\\\/actualite\\\/national\\\/tunisie-agression-a-lhopital-de-kasserine-cinq-suspects-en-garde-a-vue\\\/378791\\\/#primaryimage\"},\"thumbnailUrl\":\"https:\\\/\\\/www.webdo.tn\\\/fr\\\/wp-content\\\/uploads\\\/2025\\\/06\\\/Hopital-Kasserine-1.jpg\",\"datePublished\":\"2025-07-01T18:57:53+00:00\",\"dateModified\":\"2025-07-02T07:55:38+00:00\",\"description\":\"L'enqu\u00eate sur les violences \u00e0 l'h\u00f4pital de Kasserine continue, cinq personnes sont d\u00e9sormais en garde \u00e0 vue.\",\"breadcrumb\":{\"@id\":\"https:\\\/\\\/www.webdo.tn\\\/fr\\\/actualite\\\/national\\\/tunisie-agression-a-lhopital-de-kasserine-cinq-suspects-en-garde-a-vue\\\/378791\\\/#breadcrumb\"},\"inLanguage\":\"fr-FR\",\"potentialAction\":[{\"@type\":\"ReadAction\",\"target\":[\"https:\\\/\\\/www.webdo.tn\\\/fr\\\/actualite\\\/national\\\/tunisie-agression-a-lhopital-de-kasserine-cinq-suspects-en-garde-a-vue\\\/378791\\\/\"]}]},{\"@type\":\"ImageObject\",\"inLanguage\":\"fr-FR\",\"@id\":\"https:\\\/\\\/www.webdo.tn\\\/fr\\\/actualite\\\/national\\\/tunisie-agression-a-lhopital-de-kasserine-cinq-suspects-en-garde-a-vue\\\/378791\\\/#primaryimage\",\"url\":\"https:\\\/\\\/www.webdo.tn\\\/fr\\\/wp-content\\\/uploads\\\/2025\\\/06\\\/Hopital-Kasserine-1.jpg\",\"contentUrl\":\"https:\\\/\\\/www.webdo.tn\\\/fr\\\/wp-content\\\/uploads\\\/2025\\\/06\\\/Hopital-Kasserine-1.jpg\",\"width\":1434,\"height\":872,\"caption\":\"Agression \u00e0 l\u2019h\u00f4pital de Kasserine : Cinq suspects en garde \u00e0 vue\"},{\"@type\":\"BreadcrumbList\",\"@id\":\"https:\\\/\\\/www.webdo.tn\\\/fr\\\/actualite\\\/national\\\/tunisie-agression-a-lhopital-de-kasserine-cinq-suspects-en-garde-a-vue\\\/378791\\\/#breadcrumb\",\"itemListElement\":[{\"@type\":\"ListItem\",\"position\":1,\"name\":\"Accueil\",\"item\":\"https:\\\/\\\/www.webdo.tn\\\/fr\\\/\"},{\"@type\":\"ListItem\",\"position\":2,\"name\":\"Tunisie &#8211; Agressions \u00e0 l\u2019h\u00f4pital de Kasserine : Cinq suspects en garde \u00e0 vue\"}]},{\"@type\":\"WebSite\",\"@id\":\"https:\\\/\\\/www.webdo.tn\\\/fr\\\/#website\",\"url\":\"https:\\\/\\\/www.webdo.tn\\\/fr\\\/\",\"name\":\"webdo\",\"description\":\"Tunisie - News en Tunisie et \u00e0 l&#039;international sur Webdo.tn\",\"publisher\":{\"@id\":\"https:\\\/\\\/www.webdo.tn\\\/fr\\\/#organization\"},\"potentialAction\":[{\"@type\":\"SearchAction\",\"target\":{\"@type\":\"EntryPoint\",\"urlTemplate\":\"https:\\\/\\\/www.webdo.tn\\\/fr\\\/?s={search_term_string}\"},\"query-input\":{\"@type\":\"PropertyValueSpecification\",\"valueRequired\":true,\"valueName\":\"search_term_string\"}}],\"inLanguage\":\"fr-FR\"},{\"@type\":\"Organization\",\"@id\":\"https:\\\/\\\/www.webdo.tn\\\/fr\\\/#organization\",\"name\":\"Webdo\",\"alternateName\":\"Webdo.tn\",\"url\":\"https:\\\/\\\/www.webdo.tn\\\/fr\\\/\",\"logo\":{\"@type\":\"ImageObject\",\"inLanguage\":\"fr-FR\",\"@id\":\"https:\\\/\\\/www.webdo.tn\\\/fr\\\/#\\\/schema\\\/logo\\\/image\\\/\",\"url\":\"https:\\\/\\\/www.webdo.tn\\\/fr\\\/wp-content\\\/uploads\\\/2025\\\/06\\\/Webdo-Tunisie_168377.jpg\",\"contentUrl\":\"https:\\\/\\\/www.webdo.tn\\\/fr\\\/wp-content\\\/uploads\\\/2025\\\/06\\\/Webdo-Tunisie_168377.jpg\",\"width\":301,\"height\":301,\"caption\":\"Webdo\"},\"image\":{\"@id\":\"https:\\\/\\\/www.webdo.tn\\\/fr\\\/#\\\/schema\\\/logo\\\/image\\\/\"},\"sameAs\":[\"https:\\\/\\\/www.facebook.com\\\/webdotn\",\"https:\\\/\\\/x.com\\\/webdo_tn\"],\"description\":\"Webdo est un m\u00e9dia num\u00e9rique tunisien fond\u00e9 en 2010, sp\u00e9cialis\u00e9 dans l\u2019actualit\u00e9 nationale et internationale, l\u2019\u00e9conomie, la soci\u00e9t\u00e9 et les analyses politiques. Le site s\u2019adresse \u00e0 un large public francophone et couvre l\u2019information tunisienne en temps r\u00e9el.\",\"email\":\"redac@webdo.tn\",\"legalName\":\"YNJ SARL\",\"foundingDate\":\"2010-09-06\",\"numberOfEmployees\":{\"@type\":\"QuantitativeValue\",\"minValue\":\"11\",\"maxValue\":\"50\"}},{\"@type\":\"Person\",\"@id\":\"https:\\\/\\\/www.webdo.tn\\\/fr\\\/#\\\/schema\\\/person\\\/c652cd8fc2b1b44412b5ffb48c5a911d\",\"name\":\"Mohamed Hedi Touati\",\"image\":{\"@type\":\"ImageObject\",\"inLanguage\":\"fr-FR\",\"@id\":\"https:\\\/\\\/secure.gravatar.com\\\/avatar\\\/9cfd402c745b7a685f13eed0ea6e59d2144a3c2fc50a3db6fd5ed451f6cddf1a?s=96&d=mm&r=g\",\"url\":\"https:\\\/\\\/secure.gravatar.com\\\/avatar\\\/9cfd402c745b7a685f13eed0ea6e59d2144a3c2fc50a3db6fd5ed451f6cddf1a?s=96&d=mm&r=g\",\"contentUrl\":\"https:\\\/\\\/secure.gravatar.com\\\/avatar\\\/9cfd402c745b7a685f13eed0ea6e59d2144a3c2fc50a3db6fd5ed451f6cddf1a?s=96&d=mm&r=g\",\"caption\":\"Mohamed Hedi Touati\"},\"url\":\"https:\\\/\\\/www.webdo.tn\\\/fr\\\/actualite\\\/author\\\/mohamed-hedi-touati\\\/\"}]}<\/script>\n<!-- \/ Yoast SEO Premium plugin. -->","yoast_head_json":{"title":"Tunisie - Agressions \u00e0 l\u2019h\u00f4pital de Kasserine : Cinq suspects en garde \u00e0 vue - webdo","description":"L'enqu\u00eate sur les violences \u00e0 l'h\u00f4pital de Kasserine continue, cinq personnes sont d\u00e9sormais en garde \u00e0 vue.","canonical":"https:\/\/www.webdo.tn\/fr\/actualite\/national\/tunisie-agression-a-lhopital-de-kasserine-cinq-suspects-en-garde-a-vue\/378791\/","og_locale":"fr_FR","og_type":"article","og_title":"Tunisie - Agressions \u00e0 l\u2019h\u00f4pital de Kasserine : Cinq suspects en garde \u00e0 vue","og_description":"L'enqu\u00eate sur les violences \u00e0 l'h\u00f4pital de Kasserine continue, cinq personnes sont d\u00e9sormais en garde \u00e0 vue.","og_url":"https:\/\/www.webdo.tn\/fr\/actualite\/national\/tunisie-agression-a-lhopital-de-kasserine-cinq-suspects-en-garde-a-vue\/378791\/","og_site_name":"webdo","article_publisher":"https:\/\/www.facebook.com\/webdotn","article_published_time":"2025-07-01T18:57:53+00:00","article_modified_time":"2025-07-02T07:55:38+00:00","og_image":[{"width":1434,"height":872,"url":"https:\/\/www.webdo.tn\/fr\/wp-content\/uploads\/2025\/06\/Hopital-Kasserine-1.jpg","type":"image\/jpeg"}],"author":"Mohamed Hedi Touati","twitter_card":"summary_large_image","twitter_creator":"@webdo_tn","twitter_site":"@webdo_tn","twitter_misc":{"\u00c9crit par":"Mohamed Hedi Touati","Dur\u00e9e de lecture estim\u00e9e":"2 minutes"},"schema":{"@context":"https:\/\/schema.org","@graph":[{"@type":"NewsArticle","@id":"https:\/\/www.webdo.tn\/fr\/actualite\/national\/tunisie-agression-a-lhopital-de-kasserine-cinq-suspects-en-garde-a-vue\/378791\/#article","isPartOf":{"@id":"https:\/\/www.webdo.tn\/fr\/actualite\/national\/tunisie-agression-a-lhopital-de-kasserine-cinq-suspects-en-garde-a-vue\/378791\/"},"author":{"name":"Mohamed Hedi Touati","@id":"https:\/\/www.webdo.tn\/fr\/#\/schema\/person\/c652cd8fc2b1b44412b5ffb48c5a911d"},"headline":"Tunisie &#8211; Agressions \u00e0 l\u2019h\u00f4pital de Kasserine : Cinq suspects en garde \u00e0 vue","datePublished":"2025-07-01T18:57:53+00:00","dateModified":"2025-07-02T07:55:38+00:00","mainEntityOfPage":{"@id":"https:\/\/www.webdo.tn\/fr\/actualite\/national\/tunisie-agression-a-lhopital-de-kasserine-cinq-suspects-en-garde-a-vue\/378791\/"},"wordCount":387,"commentCount":0,"publisher":{"@id":"https:\/\/www.webdo.tn\/fr\/#organization"},"image":{"@id":"https:\/\/www.webdo.tn\/fr\/actualite\/national\/tunisie-agression-a-lhopital-de-kasserine-cinq-suspects-en-garde-a-vue\/378791\/#primaryimage"},"thumbnailUrl":"https:\/\/www.webdo.tn\/fr\/wp-content\/uploads\/2025\/06\/Hopital-Kasserine-1.jpg","articleSection":["National"],"inLanguage":"fr-FR"},{"@type":"WebPage","@id":"https:\/\/www.webdo.tn\/fr\/actualite\/national\/tunisie-agression-a-lhopital-de-kasserine-cinq-suspects-en-garde-a-vue\/378791\/","url":"https:\/\/www.webdo.tn\/fr\/actualite\/national\/tunisie-agression-a-lhopital-de-kasserine-cinq-suspects-en-garde-a-vue\/378791\/","name":"Tunisie - Agressions \u00e0 l\u2019h\u00f4pital de Kasserine : Cinq suspects en garde \u00e0 vue - webdo","isPartOf":{"@id":"https:\/\/www.webdo.tn\/fr\/#website"},"primaryImageOfPage":{"@id":"https:\/\/www.webdo.tn\/fr\/actualite\/national\/tunisie-agression-a-lhopital-de-kasserine-cinq-suspects-en-garde-a-vue\/378791\/#primaryimage"},"image":{"@id":"https:\/\/www.webdo.tn\/fr\/actualite\/national\/tunisie-agression-a-lhopital-de-kasserine-cinq-suspects-en-garde-a-vue\/378791\/#primaryimage"},"thumbnailUrl":"https:\/\/www.webdo.tn\/fr\/wp-content\/uploads\/2025\/06\/Hopital-Kasserine-1.jpg","datePublished":"2025-07-01T18:57:53+00:00","dateModified":"2025-07-02T07:55:38+00:00","description":"L'enqu\u00eate sur les violences \u00e0 l'h\u00f4pital de Kasserine continue, cinq personnes sont d\u00e9sormais en garde \u00e0 vue.","breadcrumb":{"@id":"https:\/\/www.webdo.tn\/fr\/actualite\/national\/tunisie-agression-a-lhopital-de-kasserine-cinq-suspects-en-garde-a-vue\/378791\/#breadcrumb"},"inLanguage":"fr-FR","potentialAction":[{"@type":"ReadAction","target":["https:\/\/www.webdo.tn\/fr\/actualite\/national\/tunisie-agression-a-lhopital-de-kasserine-cinq-suspects-en-garde-a-vue\/378791\/"]}]},{"@type":"ImageObject","inLanguage":"fr-FR","@id":"https:\/\/www.webdo.tn\/fr\/actualite\/national\/tunisie-agression-a-lhopital-de-kasserine-cinq-suspects-en-garde-a-vue\/378791\/#primaryimage","url":"https:\/\/www.webdo.tn\/fr\/wp-content\/uploads\/2025\/06\/Hopital-Kasserine-1.jpg","contentUrl":"https:\/\/www.webdo.tn\/fr\/wp-content\/uploads\/2025\/06\/Hopital-Kasserine-1.jpg","width":1434,"height":872,"caption":"Agression \u00e0 l\u2019h\u00f4pital de Kasserine : Cinq suspects en garde \u00e0 vue"},{"@type":"BreadcrumbList","@id":"https:\/\/www.webdo.tn\/fr\/actualite\/national\/tunisie-agression-a-lhopital-de-kasserine-cinq-suspects-en-garde-a-vue\/378791\/#breadcrumb","itemListElement":[{"@type":"ListItem","position":1,"name":"Accueil","item":"https:\/\/www.webdo.tn\/fr\/"},{"@type":"ListItem","position":2,"name":"Tunisie &#8211; Agressions \u00e0 l\u2019h\u00f4pital de Kasserine : Cinq suspects en garde \u00e0 vue"}]},{"@type":"WebSite","@id":"https:\/\/www.webdo.tn\/fr\/#website","url":"https:\/\/www.webdo.tn\/fr\/","name":"webdo","description":"Tunisie - News en Tunisie et \u00e0 l&#039;international sur Webdo.tn","publisher":{"@id":"https:\/\/www.webdo.tn\/fr\/#organization"},"potentialAction":[{"@type":"SearchAction","target":{"@type":"EntryPoint","urlTemplate":"https:\/\/www.webdo.tn\/fr\/?s={search_term_string}"},"query-input":{"@type":"PropertyValueSpecification","valueRequired":true,"valueName":"search_term_string"}}],"inLanguage":"fr-FR"},{"@type":"Organization","@id":"https:\/\/www.webdo.tn\/fr\/#organization","name":"Webdo","alternateName":"Webdo.tn","url":"https:\/\/www.webdo.tn\/fr\/","logo":{"@type":"ImageObject","inLanguage":"fr-FR","@id":"https:\/\/www.webdo.tn\/fr\/#\/schema\/logo\/image\/","url":"https:\/\/www.webdo.tn\/fr\/wp-content\/uploads\/2025\/06\/Webdo-Tunisie_168377.jpg","contentUrl":"https:\/\/www.webdo.tn\/fr\/wp-content\/uploads\/2025\/06\/Webdo-Tunisie_168377.jpg","width":301,"height":301,"caption":"Webdo"},"image":{"@id":"https:\/\/www.webdo.tn\/fr\/#\/schema\/logo\/image\/"},"sameAs":["https:\/\/www.facebook.com\/webdotn","https:\/\/x.com\/webdo_tn"],"description":"Webdo est un m\u00e9dia num\u00e9rique tunisien fond\u00e9 en 2010, sp\u00e9cialis\u00e9 dans l\u2019actualit\u00e9 nationale et internationale, l\u2019\u00e9conomie, la soci\u00e9t\u00e9 et les analyses politiques. Le site s\u2019adresse \u00e0 un large public francophone et couvre l\u2019information tunisienne en temps r\u00e9el.","email":"redac@webdo.tn","legalName":"YNJ SARL","foundingDate":"2010-09-06","numberOfEmployees":{"@type":"QuantitativeValue","minValue":"11","maxValue":"50"}},{"@type":"Person","@id":"https:\/\/www.webdo.tn\/fr\/#\/schema\/person\/c652cd8fc2b1b44412b5ffb48c5a911d","name":"Mohamed Hedi Touati","image":{"@type":"ImageObject","inLanguage":"fr-FR","@id":"https:\/\/secure.gravatar.com\/avatar\/9cfd402c745b7a685f13eed0ea6e59d2144a3c2fc50a3db6fd5ed451f6cddf1a?s=96&d=mm&r=g","url":"https:\/\/secure.gravatar.com\/avatar\/9cfd402c745b7a685f13eed0ea6e59d2144a3c2fc50a3db6fd5ed451f6cddf1a?s=96&d=mm&r=g","contentUrl":"https:\/\/secure.gravatar.com\/avatar\/9cfd402c745b7a685f13eed0ea6e59d2144a3c2fc50a3db6fd5ed451f6cddf1a?s=96&d=mm&r=g","caption":"Mohamed Hedi Touati"},"url":"https:\/\/www.webdo.tn\/fr\/actualite\/author\/mohamed-hedi-touati\/"}]}},"_links":{"self":[{"href":"https:\/\/www.webdo.tn\/fr\/wp-json\/wp\/v2\/posts\/378791","targetHints":{"allow":["GET"]}}],"collection":[{"href":"https:\/\/www.webdo.tn\/fr\/wp-json\/wp\/v2\/posts"}],"about":[{"href":"https:\/\/www.webdo.tn\/fr\/wp-json\/wp\/v2\/types\/post"}],"author":[{"embeddable":true,"href":"https:\/\/www.webdo.tn\/fr\/wp-json\/wp\/v2\/users\/3191"}],"replies":[{"embeddable":true,"href":"https:\/\/www.webdo.tn\/fr\/wp-json\/wp\/v2\/comments?post=378791"}],"version-history":[{"count":0,"href":"https:\/\/www.webdo.tn\/fr\/wp-json\/wp\/v2\/posts\/378791\/revisions"}],"wp:featuredmedia":[{"embeddable":true,"href":"https:\/\/www.webdo.tn\/fr\/wp-json\/wp\/v2\/media\/378625"}],"wp:attachment":[{"href":"https:\/\/www.webdo.tn\/fr\/wp-json\/wp\/v2\/media?parent=378791"}],"wp:term":[{"taxonomy":"category","embeddable":true,"href":"https:\/\/www.webdo.tn\/fr\/wp-json\/wp\/v2\/categories?post=378791"},{"taxonomy":"post_tag","embeddable":true,"href":"https:\/\/www.webdo.tn\/fr\/wp-json\/wp\/v2\/tags?post=378791"}],"curies":[{"name":"wp","href":"https:\/\/api.w.org\/{rel}","templated":true}]}}