{"id":378774,"date":"2025-07-01T18:18:17","date_gmt":"2025-07-01T17:18:17","guid":{"rendered":"https:\/\/www.webdo.tn\/fr\/?p=378774"},"modified":"2025-07-01T18:21:46","modified_gmt":"2025-07-01T17:21:46","slug":"orange-tunisie-mise-sur-cinq-pepites-pour-la-7e-edition-de-son-programme-dacceleration-orange-fab","status":"publish","type":"post","link":"https:\/\/www.webdo.tn\/fr\/actualite\/national\/orange-tunisie-mise-sur-cinq-pepites-pour-la-7e-edition-de-son-programme-dacceleration-orange-fab\/378774\/","title":{"rendered":"Orange Tunisie mise sur cinq p\u00e9pites pour la 7e \u00e9dition de son programme d&rsquo;acc\u00e9l\u00e9ration Orange Fab"},"content":{"rendered":"\n<p><strong>Avec la 7e cohorte de son programme Orange Fab, Orange Tunisie renforce son soutien \u00e0 l\u2019innovation locale. Cinq start-up tunisiennes \u00e0 fort potentiel ont \u00e9t\u00e9 accompagn\u00e9es dans des domaines cl\u00e9s comme l\u2019intelligence artificielle, la tech RH ou encore l\u2019\u00e9conomie circulaire<\/strong><\/p>\n\n\n\n<p>Fid\u00e8le \u00e0 sa mission de promotion de l\u2019entrepreneuriat innovant, Orange Tunisie poursuit l&rsquo;aventure Orange Fab, son programme d&rsquo;acc\u00e9l\u00e9ration lanc\u00e9 en 2019. Pour sa 7e \u00e9dition, cinq jeunes pousses tunisiennes ont int\u00e9gr\u00e9 cette initiative, b\u00e9n\u00e9ficiant d\u2019un accompagnement strat\u00e9gique, de connexions avec des investisseurs internationaux et d\u2019une visibilit\u00e9 sur des \u00e9v\u00e9nements majeurs comme VivaTech (Paris) ou GITEX Africa (Marrakech).<\/p>\n\n\n\n<p>Depuis sa cr\u00e9ation, Orange Fab Tunisie a soutenu 40 start-up locales, g\u00e9n\u00e9rant plus de 68 contrats commerciaux, preuve de son impact concret sur l\u2019\u00e9cosyst\u00e8me entrepreneurial tunisien.<\/p>\n\n\n\n<h3 class=\"wp-block-heading\" id=\"h-les-start-up-de-la-7e-cohorte\">Les start-up de la 7e cohorte<\/h3>\n\n\n\n<p><strong>ToumAI (IA &amp; Voix du client)<\/strong> : Cette start-up se distingue par ses solutions vocales multilingues, capables de comprendre les dialectes locaux comme le tunisien. En partenariat avec Orange Tunisie, elle a lanc\u00e9 une solution d\u2019automatisation vocale qui a multipli\u00e9 par dix le taux de r\u00e9ponse lors d\u2019une campagne, tout en r\u00e9duisant de 40 % les co\u00fbts op\u00e9rationnels.<\/p>\n\n\n\n<p><strong>Guepard (Data &amp; IA)<\/strong> : Plateforme innovante de gestion de donn\u00e9es, Guepard promet des performances de haut niveau avec, notamment, un clonage de 1 To en seulement 5 secondes. Elle optimise la gouvernance et la tra\u00e7abilit\u00e9 des donn\u00e9es gr\u00e2ce \u00e0 des fonctions de versioning avanc\u00e9es.<\/p>\n\n\n\n<p><strong>Millim (Ad Tech &amp; \u00e9conomie circulaire)<\/strong> : Cette marketplace transforme les invendus des marques en jeux concours engageants. En int\u00e9grant le paiement via solde mobile, elle facilite l\u2019acc\u00e8s aux utilisateurs d\u2019Orange Tunisie et s\u2019inscrit dans une logique de consommation responsable.<\/p>\n\n\n\n<p><strong>Psynarios (RH Tech)<\/strong> : Sp\u00e9cialis\u00e9e dans la formation manag\u00e9riale interactive, Psynarios utilise des jeux de r\u00f4le personnalis\u00e9s. Son programme de 14 semaines, d\u00e9ploy\u00e9 chez Orange Tunisie, a affich\u00e9 un taux d\u2019engagement de 100 % et une satisfaction quasi unanime, offrant une alternative innovante aux m\u00e9thodes classiques de d\u00e9veloppement des comp\u00e9tences.<\/p>\n\n\n\n<p><strong>Wefix (Green Tech)<\/strong> : Laur\u00e9ate du deuxi\u00e8me prix au concours POESAM, Wefix s\u2019engage dans le reconditionnement d\u2019appareils \u00e9lectroniques. Gr\u00e2ce au soutien d\u2019Orange Tunisie, elle d\u00e9veloppe une plateforme B2C et encourage la r\u00e9utilisation des \u00e9quipements num\u00e9riques, contribuant \u00e0 l\u2019\u00e9conomie circulaire et \u00e0 l\u2019inclusion num\u00e9rique.<\/p>\n\n\n\n<p>Thierry Millet, Directeur G\u00e9n\u00e9ral d\u2019Orange Tunisie, a salu\u00e9 cette nouvelle cohorte :<\/p>\n\n\n\n<blockquote class=\"wp-block-quote is-layout-flow wp-block-quote-is-layout-flow\">\n<p><em>\u00ab Orange Fab Tunisie, c\u2019est bien plus qu\u2019un programme : c\u2019est un levier strat\u00e9gique pour pr\u00e9parer les start-up tunisiennes au succ\u00e8s, en Tunisie comme \u00e0 l\u2019international. Nous investissons durablement dans l\u2019innovation locale et la tech africaine de demain. \u00bb<\/em><\/p>\n<\/blockquote>\n\n\n\n<p>Les candidatures pour la 8e saison seront bient\u00f4t ouvertes. Les jeunes entreprises innovantes sont invit\u00e9es \u00e0 rester \u00e0 l\u2019\u00e9coute.<\/p>\n","protected":false},"excerpt":{"rendered":"<p>Avec la 7e cohorte de son programme Orange Fab, Orange Tunisie renforce son soutien \u00e0 l\u2019innovation locale. Cinq start-up tunisiennes \u00e0 fort potentiel ont \u00e9t\u00e9 accompagn\u00e9es dans des domaines cl\u00e9s comme l\u2019intelligence artificielle, la tech RH ou encore l\u2019\u00e9conomie circulaire Fid\u00e8le \u00e0 sa mission de promotion de l\u2019entrepreneuriat innovant, Orange Tunisie poursuit l&rsquo;aventure Orange Fab, [&hellip;]<\/p>\n","protected":false},"author":3191,"featured_media":378775,"comment_status":"open","ping_status":"open","sticky":false,"template":"","format":"standard","meta":{"footnotes":""},"categories":[44,11909],"tags":[4117,2718,2608],"class_list":["post-378774","post","type-post","status-publish","format-standard","has-post-thumbnail","hentry","category-national","category-tendances","tag-orange-fab-tunisie","tag-orange-tunisie","tag-tunisie"],"yoast_head":"<!-- This site is optimized with the Yoast SEO Premium plugin v27.5 (Yoast SEO v27.5) - https:\/\/yoast.com\/product\/yoast-seo-premium-wordpress\/ -->\n<title>Orange Tunisie mise sur cinq p\u00e9pites pour la 7e \u00e9dition de son programme d&#039;acc\u00e9l\u00e9ration Orange Fab - webdo<\/title>\n<meta name=\"description\" content=\"D\u00e9couvrez comment Orange Tunisie soutient l&#039;innovation locale avec la 7e cohorte du programme Orange Fab et ses start-up prometteuses.\" \/>\n<link rel=\"canonical\" href=\"https:\/\/www.webdo.tn\/fr\/actualite\/national\/orange-tunisie-mise-sur-cinq-pepites-pour-la-7e-edition-de-son-programme-dacceleration-orange-fab\/378774\/\" \/>\n<meta property=\"og:locale\" content=\"fr_FR\" \/>\n<meta property=\"og:type\" content=\"article\" \/>\n<meta property=\"og:title\" content=\"Orange Tunisie mise sur cinq p\u00e9pites pour la 7e \u00e9dition de son programme d&#039;acc\u00e9l\u00e9ration Orange Fab\" \/>\n<meta property=\"og:description\" content=\"D\u00e9couvrez comment Orange Tunisie soutient l&#039;innovation locale avec la 7e cohorte du programme Orange Fab et ses start-up prometteuses.\" \/>\n<meta property=\"og:url\" content=\"https:\/\/www.webdo.tn\/fr\/actualite\/national\/orange-tunisie-mise-sur-cinq-pepites-pour-la-7e-edition-de-son-programme-dacceleration-orange-fab\/378774\/\" \/>\n<meta property=\"og:site_name\" content=\"webdo\" \/>\n<meta property=\"article:publisher\" content=\"https:\/\/www.facebook.com\/webdotn\" \/>\n<meta property=\"article:published_time\" content=\"2025-07-01T17:18:17+00:00\" \/>\n<meta property=\"article:modified_time\" content=\"2025-07-01T17:21:46+00:00\" \/>\n<meta property=\"og:image\" content=\"https:\/\/www.webdo.tn\/fr\/wp-content\/uploads\/2025\/07\/image001.jpg\" \/>\n\t<meta property=\"og:image:width\" content=\"762\" \/>\n\t<meta property=\"og:image:height\" content=\"429\" \/>\n\t<meta property=\"og:image:type\" content=\"image\/jpeg\" \/>\n<meta name=\"author\" content=\"Mohamed Hedi Touati\" \/>\n<meta name=\"twitter:card\" content=\"summary_large_image\" \/>\n<meta name=\"twitter:creator\" content=\"@webdo_tn\" \/>\n<meta name=\"twitter:site\" content=\"@webdo_tn\" \/>\n<meta name=\"twitter:label1\" content=\"\u00c9crit par\" \/>\n\t<meta name=\"twitter:data1\" content=\"Mohamed Hedi Touati\" \/>\n\t<meta name=\"twitter:label2\" content=\"Dur\u00e9e de lecture estim\u00e9e\" \/>\n\t<meta name=\"twitter:data2\" content=\"3 minutes\" \/>\n<script type=\"application\/ld+json\" class=\"yoast-schema-graph\">{\"@context\":\"https:\\\/\\\/schema.org\",\"@graph\":[{\"@type\":\"NewsArticle\",\"@id\":\"https:\\\/\\\/www.webdo.tn\\\/fr\\\/actualite\\\/national\\\/orange-tunisie-mise-sur-cinq-pepites-pour-la-7e-edition-de-son-programme-dacceleration-orange-fab\\\/378774\\\/#article\",\"isPartOf\":{\"@id\":\"https:\\\/\\\/www.webdo.tn\\\/fr\\\/actualite\\\/national\\\/orange-tunisie-mise-sur-cinq-pepites-pour-la-7e-edition-de-son-programme-dacceleration-orange-fab\\\/378774\\\/\"},\"author\":{\"name\":\"Mohamed Hedi Touati\",\"@id\":\"https:\\\/\\\/www.webdo.tn\\\/fr\\\/#\\\/schema\\\/person\\\/c652cd8fc2b1b44412b5ffb48c5a911d\"},\"headline\":\"Orange Tunisie mise sur cinq p\u00e9pites pour la 7e \u00e9dition de son programme d&rsquo;acc\u00e9l\u00e9ration Orange Fab\",\"datePublished\":\"2025-07-01T17:18:17+00:00\",\"dateModified\":\"2025-07-01T17:21:46+00:00\",\"mainEntityOfPage\":{\"@id\":\"https:\\\/\\\/www.webdo.tn\\\/fr\\\/actualite\\\/national\\\/orange-tunisie-mise-sur-cinq-pepites-pour-la-7e-edition-de-son-programme-dacceleration-orange-fab\\\/378774\\\/\"},\"wordCount\":503,\"commentCount\":0,\"publisher\":{\"@id\":\"https:\\\/\\\/www.webdo.tn\\\/fr\\\/#organization\"},\"image\":{\"@id\":\"https:\\\/\\\/www.webdo.tn\\\/fr\\\/actualite\\\/national\\\/orange-tunisie-mise-sur-cinq-pepites-pour-la-7e-edition-de-son-programme-dacceleration-orange-fab\\\/378774\\\/#primaryimage\"},\"thumbnailUrl\":\"https:\\\/\\\/www.webdo.tn\\\/fr\\\/wp-content\\\/uploads\\\/2025\\\/07\\\/image001.jpg\",\"keywords\":[\"Orange Fab Tunisie\",\"Orange Tunisie\",\"Tunisie\"],\"articleSection\":[\"National\",\"Tendances\"],\"inLanguage\":\"fr-FR\"},{\"@type\":\"WebPage\",\"@id\":\"https:\\\/\\\/www.webdo.tn\\\/fr\\\/actualite\\\/national\\\/orange-tunisie-mise-sur-cinq-pepites-pour-la-7e-edition-de-son-programme-dacceleration-orange-fab\\\/378774\\\/\",\"url\":\"https:\\\/\\\/www.webdo.tn\\\/fr\\\/actualite\\\/national\\\/orange-tunisie-mise-sur-cinq-pepites-pour-la-7e-edition-de-son-programme-dacceleration-orange-fab\\\/378774\\\/\",\"name\":\"Orange Tunisie mise sur cinq p\u00e9pites pour la 7e \u00e9dition de son programme d'acc\u00e9l\u00e9ration Orange Fab - webdo\",\"isPartOf\":{\"@id\":\"https:\\\/\\\/www.webdo.tn\\\/fr\\\/#website\"},\"primaryImageOfPage\":{\"@id\":\"https:\\\/\\\/www.webdo.tn\\\/fr\\\/actualite\\\/national\\\/orange-tunisie-mise-sur-cinq-pepites-pour-la-7e-edition-de-son-programme-dacceleration-orange-fab\\\/378774\\\/#primaryimage\"},\"image\":{\"@id\":\"https:\\\/\\\/www.webdo.tn\\\/fr\\\/actualite\\\/national\\\/orange-tunisie-mise-sur-cinq-pepites-pour-la-7e-edition-de-son-programme-dacceleration-orange-fab\\\/378774\\\/#primaryimage\"},\"thumbnailUrl\":\"https:\\\/\\\/www.webdo.tn\\\/fr\\\/wp-content\\\/uploads\\\/2025\\\/07\\\/image001.jpg\",\"datePublished\":\"2025-07-01T17:18:17+00:00\",\"dateModified\":\"2025-07-01T17:21:46+00:00\",\"description\":\"D\u00e9couvrez comment Orange Tunisie soutient l'innovation locale avec la 7e cohorte du programme Orange Fab et ses start-up prometteuses.\",\"breadcrumb\":{\"@id\":\"https:\\\/\\\/www.webdo.tn\\\/fr\\\/actualite\\\/national\\\/orange-tunisie-mise-sur-cinq-pepites-pour-la-7e-edition-de-son-programme-dacceleration-orange-fab\\\/378774\\\/#breadcrumb\"},\"inLanguage\":\"fr-FR\",\"potentialAction\":[{\"@type\":\"ReadAction\",\"target\":[\"https:\\\/\\\/www.webdo.tn\\\/fr\\\/actualite\\\/national\\\/orange-tunisie-mise-sur-cinq-pepites-pour-la-7e-edition-de-son-programme-dacceleration-orange-fab\\\/378774\\\/\"]}]},{\"@type\":\"ImageObject\",\"inLanguage\":\"fr-FR\",\"@id\":\"https:\\\/\\\/www.webdo.tn\\\/fr\\\/actualite\\\/national\\\/orange-tunisie-mise-sur-cinq-pepites-pour-la-7e-edition-de-son-programme-dacceleration-orange-fab\\\/378774\\\/#primaryimage\",\"url\":\"https:\\\/\\\/www.webdo.tn\\\/fr\\\/wp-content\\\/uploads\\\/2025\\\/07\\\/image001.jpg\",\"contentUrl\":\"https:\\\/\\\/www.webdo.tn\\\/fr\\\/wp-content\\\/uploads\\\/2025\\\/07\\\/image001.jpg\",\"width\":762,\"height\":429,\"caption\":\"Orange Tunisie mise sur cinq p\u00e9pites pour la 7e \u00e9dition de son programme d'acc\u00e9l\u00e9ration Orange Fab\"},{\"@type\":\"BreadcrumbList\",\"@id\":\"https:\\\/\\\/www.webdo.tn\\\/fr\\\/actualite\\\/national\\\/orange-tunisie-mise-sur-cinq-pepites-pour-la-7e-edition-de-son-programme-dacceleration-orange-fab\\\/378774\\\/#breadcrumb\",\"itemListElement\":[{\"@type\":\"ListItem\",\"position\":1,\"name\":\"Accueil\",\"item\":\"https:\\\/\\\/www.webdo.tn\\\/fr\\\/\"},{\"@type\":\"ListItem\",\"position\":2,\"name\":\"Orange Tunisie mise sur cinq p\u00e9pites pour la 7e \u00e9dition de son programme d&rsquo;acc\u00e9l\u00e9ration Orange Fab\"}]},{\"@type\":\"WebSite\",\"@id\":\"https:\\\/\\\/www.webdo.tn\\\/fr\\\/#website\",\"url\":\"https:\\\/\\\/www.webdo.tn\\\/fr\\\/\",\"name\":\"webdo\",\"description\":\"Tunisie - News en Tunisie et \u00e0 l&#039;international sur Webdo.tn\",\"publisher\":{\"@id\":\"https:\\\/\\\/www.webdo.tn\\\/fr\\\/#organization\"},\"potentialAction\":[{\"@type\":\"SearchAction\",\"target\":{\"@type\":\"EntryPoint\",\"urlTemplate\":\"https:\\\/\\\/www.webdo.tn\\\/fr\\\/?s={search_term_string}\"},\"query-input\":{\"@type\":\"PropertyValueSpecification\",\"valueRequired\":true,\"valueName\":\"search_term_string\"}}],\"inLanguage\":\"fr-FR\"},{\"@type\":\"Organization\",\"@id\":\"https:\\\/\\\/www.webdo.tn\\\/fr\\\/#organization\",\"name\":\"Webdo\",\"alternateName\":\"Webdo.tn\",\"url\":\"https:\\\/\\\/www.webdo.tn\\\/fr\\\/\",\"logo\":{\"@type\":\"ImageObject\",\"inLanguage\":\"fr-FR\",\"@id\":\"https:\\\/\\\/www.webdo.tn\\\/fr\\\/#\\\/schema\\\/logo\\\/image\\\/\",\"url\":\"https:\\\/\\\/www.webdo.tn\\\/fr\\\/wp-content\\\/uploads\\\/2025\\\/06\\\/Webdo-Tunisie_168377.jpg\",\"contentUrl\":\"https:\\\/\\\/www.webdo.tn\\\/fr\\\/wp-content\\\/uploads\\\/2025\\\/06\\\/Webdo-Tunisie_168377.jpg\",\"width\":301,\"height\":301,\"caption\":\"Webdo\"},\"image\":{\"@id\":\"https:\\\/\\\/www.webdo.tn\\\/fr\\\/#\\\/schema\\\/logo\\\/image\\\/\"},\"sameAs\":[\"https:\\\/\\\/www.facebook.com\\\/webdotn\",\"https:\\\/\\\/x.com\\\/webdo_tn\"],\"description\":\"Webdo est un m\u00e9dia num\u00e9rique tunisien fond\u00e9 en 2010, sp\u00e9cialis\u00e9 dans l\u2019actualit\u00e9 nationale et internationale, l\u2019\u00e9conomie, la soci\u00e9t\u00e9 et les analyses politiques. Le site s\u2019adresse \u00e0 un large public francophone et couvre l\u2019information tunisienne en temps r\u00e9el.\",\"email\":\"redac@webdo.tn\",\"legalName\":\"YNJ SARL\",\"foundingDate\":\"2010-09-06\",\"numberOfEmployees\":{\"@type\":\"QuantitativeValue\",\"minValue\":\"11\",\"maxValue\":\"50\"}},{\"@type\":\"Person\",\"@id\":\"https:\\\/\\\/www.webdo.tn\\\/fr\\\/#\\\/schema\\\/person\\\/c652cd8fc2b1b44412b5ffb48c5a911d\",\"name\":\"Mohamed Hedi Touati\",\"image\":{\"@type\":\"ImageObject\",\"inLanguage\":\"fr-FR\",\"@id\":\"https:\\\/\\\/secure.gravatar.com\\\/avatar\\\/9cfd402c745b7a685f13eed0ea6e59d2144a3c2fc50a3db6fd5ed451f6cddf1a?s=96&d=mm&r=g\",\"url\":\"https:\\\/\\\/secure.gravatar.com\\\/avatar\\\/9cfd402c745b7a685f13eed0ea6e59d2144a3c2fc50a3db6fd5ed451f6cddf1a?s=96&d=mm&r=g\",\"contentUrl\":\"https:\\\/\\\/secure.gravatar.com\\\/avatar\\\/9cfd402c745b7a685f13eed0ea6e59d2144a3c2fc50a3db6fd5ed451f6cddf1a?s=96&d=mm&r=g\",\"caption\":\"Mohamed Hedi Touati\"},\"url\":\"https:\\\/\\\/www.webdo.tn\\\/fr\\\/actualite\\\/author\\\/mohamed-hedi-touati\\\/\"}]}<\/script>\n<!-- \/ Yoast SEO Premium plugin. -->","yoast_head_json":{"title":"Orange Tunisie mise sur cinq p\u00e9pites pour la 7e \u00e9dition de son programme d'acc\u00e9l\u00e9ration Orange Fab - webdo","description":"D\u00e9couvrez comment Orange Tunisie soutient l'innovation locale avec la 7e cohorte du programme Orange Fab et ses start-up prometteuses.","canonical":"https:\/\/www.webdo.tn\/fr\/actualite\/national\/orange-tunisie-mise-sur-cinq-pepites-pour-la-7e-edition-de-son-programme-dacceleration-orange-fab\/378774\/","og_locale":"fr_FR","og_type":"article","og_title":"Orange Tunisie mise sur cinq p\u00e9pites pour la 7e \u00e9dition de son programme d'acc\u00e9l\u00e9ration Orange Fab","og_description":"D\u00e9couvrez comment Orange Tunisie soutient l'innovation locale avec la 7e cohorte du programme Orange Fab et ses start-up prometteuses.","og_url":"https:\/\/www.webdo.tn\/fr\/actualite\/national\/orange-tunisie-mise-sur-cinq-pepites-pour-la-7e-edition-de-son-programme-dacceleration-orange-fab\/378774\/","og_site_name":"webdo","article_publisher":"https:\/\/www.facebook.com\/webdotn","article_published_time":"2025-07-01T17:18:17+00:00","article_modified_time":"2025-07-01T17:21:46+00:00","og_image":[{"width":762,"height":429,"url":"https:\/\/www.webdo.tn\/fr\/wp-content\/uploads\/2025\/07\/image001.jpg","type":"image\/jpeg"}],"author":"Mohamed Hedi Touati","twitter_card":"summary_large_image","twitter_creator":"@webdo_tn","twitter_site":"@webdo_tn","twitter_misc":{"\u00c9crit par":"Mohamed Hedi Touati","Dur\u00e9e de lecture estim\u00e9e":"3 minutes"},"schema":{"@context":"https:\/\/schema.org","@graph":[{"@type":"NewsArticle","@id":"https:\/\/www.webdo.tn\/fr\/actualite\/national\/orange-tunisie-mise-sur-cinq-pepites-pour-la-7e-edition-de-son-programme-dacceleration-orange-fab\/378774\/#article","isPartOf":{"@id":"https:\/\/www.webdo.tn\/fr\/actualite\/national\/orange-tunisie-mise-sur-cinq-pepites-pour-la-7e-edition-de-son-programme-dacceleration-orange-fab\/378774\/"},"author":{"name":"Mohamed Hedi Touati","@id":"https:\/\/www.webdo.tn\/fr\/#\/schema\/person\/c652cd8fc2b1b44412b5ffb48c5a911d"},"headline":"Orange Tunisie mise sur cinq p\u00e9pites pour la 7e \u00e9dition de son programme d&rsquo;acc\u00e9l\u00e9ration Orange Fab","datePublished":"2025-07-01T17:18:17+00:00","dateModified":"2025-07-01T17:21:46+00:00","mainEntityOfPage":{"@id":"https:\/\/www.webdo.tn\/fr\/actualite\/national\/orange-tunisie-mise-sur-cinq-pepites-pour-la-7e-edition-de-son-programme-dacceleration-orange-fab\/378774\/"},"wordCount":503,"commentCount":0,"publisher":{"@id":"https:\/\/www.webdo.tn\/fr\/#organization"},"image":{"@id":"https:\/\/www.webdo.tn\/fr\/actualite\/national\/orange-tunisie-mise-sur-cinq-pepites-pour-la-7e-edition-de-son-programme-dacceleration-orange-fab\/378774\/#primaryimage"},"thumbnailUrl":"https:\/\/www.webdo.tn\/fr\/wp-content\/uploads\/2025\/07\/image001.jpg","keywords":["Orange Fab Tunisie","Orange Tunisie","Tunisie"],"articleSection":["National","Tendances"],"inLanguage":"fr-FR"},{"@type":"WebPage","@id":"https:\/\/www.webdo.tn\/fr\/actualite\/national\/orange-tunisie-mise-sur-cinq-pepites-pour-la-7e-edition-de-son-programme-dacceleration-orange-fab\/378774\/","url":"https:\/\/www.webdo.tn\/fr\/actualite\/national\/orange-tunisie-mise-sur-cinq-pepites-pour-la-7e-edition-de-son-programme-dacceleration-orange-fab\/378774\/","name":"Orange Tunisie mise sur cinq p\u00e9pites pour la 7e \u00e9dition de son programme d'acc\u00e9l\u00e9ration Orange Fab - webdo","isPartOf":{"@id":"https:\/\/www.webdo.tn\/fr\/#website"},"primaryImageOfPage":{"@id":"https:\/\/www.webdo.tn\/fr\/actualite\/national\/orange-tunisie-mise-sur-cinq-pepites-pour-la-7e-edition-de-son-programme-dacceleration-orange-fab\/378774\/#primaryimage"},"image":{"@id":"https:\/\/www.webdo.tn\/fr\/actualite\/national\/orange-tunisie-mise-sur-cinq-pepites-pour-la-7e-edition-de-son-programme-dacceleration-orange-fab\/378774\/#primaryimage"},"thumbnailUrl":"https:\/\/www.webdo.tn\/fr\/wp-content\/uploads\/2025\/07\/image001.jpg","datePublished":"2025-07-01T17:18:17+00:00","dateModified":"2025-07-01T17:21:46+00:00","description":"D\u00e9couvrez comment Orange Tunisie soutient l'innovation locale avec la 7e cohorte du programme Orange Fab et ses start-up prometteuses.","breadcrumb":{"@id":"https:\/\/www.webdo.tn\/fr\/actualite\/national\/orange-tunisie-mise-sur-cinq-pepites-pour-la-7e-edition-de-son-programme-dacceleration-orange-fab\/378774\/#breadcrumb"},"inLanguage":"fr-FR","potentialAction":[{"@type":"ReadAction","target":["https:\/\/www.webdo.tn\/fr\/actualite\/national\/orange-tunisie-mise-sur-cinq-pepites-pour-la-7e-edition-de-son-programme-dacceleration-orange-fab\/378774\/"]}]},{"@type":"ImageObject","inLanguage":"fr-FR","@id":"https:\/\/www.webdo.tn\/fr\/actualite\/national\/orange-tunisie-mise-sur-cinq-pepites-pour-la-7e-edition-de-son-programme-dacceleration-orange-fab\/378774\/#primaryimage","url":"https:\/\/www.webdo.tn\/fr\/wp-content\/uploads\/2025\/07\/image001.jpg","contentUrl":"https:\/\/www.webdo.tn\/fr\/wp-content\/uploads\/2025\/07\/image001.jpg","width":762,"height":429,"caption":"Orange Tunisie mise sur cinq p\u00e9pites pour la 7e \u00e9dition de son programme d'acc\u00e9l\u00e9ration Orange Fab"},{"@type":"BreadcrumbList","@id":"https:\/\/www.webdo.tn\/fr\/actualite\/national\/orange-tunisie-mise-sur-cinq-pepites-pour-la-7e-edition-de-son-programme-dacceleration-orange-fab\/378774\/#breadcrumb","itemListElement":[{"@type":"ListItem","position":1,"name":"Accueil","item":"https:\/\/www.webdo.tn\/fr\/"},{"@type":"ListItem","position":2,"name":"Orange Tunisie mise sur cinq p\u00e9pites pour la 7e \u00e9dition de son programme d&rsquo;acc\u00e9l\u00e9ration Orange Fab"}]},{"@type":"WebSite","@id":"https:\/\/www.webdo.tn\/fr\/#website","url":"https:\/\/www.webdo.tn\/fr\/","name":"webdo","description":"Tunisie - News en Tunisie et \u00e0 l&#039;international sur Webdo.tn","publisher":{"@id":"https:\/\/www.webdo.tn\/fr\/#organization"},"potentialAction":[{"@type":"SearchAction","target":{"@type":"EntryPoint","urlTemplate":"https:\/\/www.webdo.tn\/fr\/?s={search_term_string}"},"query-input":{"@type":"PropertyValueSpecification","valueRequired":true,"valueName":"search_term_string"}}],"inLanguage":"fr-FR"},{"@type":"Organization","@id":"https:\/\/www.webdo.tn\/fr\/#organization","name":"Webdo","alternateName":"Webdo.tn","url":"https:\/\/www.webdo.tn\/fr\/","logo":{"@type":"ImageObject","inLanguage":"fr-FR","@id":"https:\/\/www.webdo.tn\/fr\/#\/schema\/logo\/image\/","url":"https:\/\/www.webdo.tn\/fr\/wp-content\/uploads\/2025\/06\/Webdo-Tunisie_168377.jpg","contentUrl":"https:\/\/www.webdo.tn\/fr\/wp-content\/uploads\/2025\/06\/Webdo-Tunisie_168377.jpg","width":301,"height":301,"caption":"Webdo"},"image":{"@id":"https:\/\/www.webdo.tn\/fr\/#\/schema\/logo\/image\/"},"sameAs":["https:\/\/www.facebook.com\/webdotn","https:\/\/x.com\/webdo_tn"],"description":"Webdo est un m\u00e9dia num\u00e9rique tunisien fond\u00e9 en 2010, sp\u00e9cialis\u00e9 dans l\u2019actualit\u00e9 nationale et internationale, l\u2019\u00e9conomie, la soci\u00e9t\u00e9 et les analyses politiques. Le site s\u2019adresse \u00e0 un large public francophone et couvre l\u2019information tunisienne en temps r\u00e9el.","email":"redac@webdo.tn","legalName":"YNJ SARL","foundingDate":"2010-09-06","numberOfEmployees":{"@type":"QuantitativeValue","minValue":"11","maxValue":"50"}},{"@type":"Person","@id":"https:\/\/www.webdo.tn\/fr\/#\/schema\/person\/c652cd8fc2b1b44412b5ffb48c5a911d","name":"Mohamed Hedi Touati","image":{"@type":"ImageObject","inLanguage":"fr-FR","@id":"https:\/\/secure.gravatar.com\/avatar\/9cfd402c745b7a685f13eed0ea6e59d2144a3c2fc50a3db6fd5ed451f6cddf1a?s=96&d=mm&r=g","url":"https:\/\/secure.gravatar.com\/avatar\/9cfd402c745b7a685f13eed0ea6e59d2144a3c2fc50a3db6fd5ed451f6cddf1a?s=96&d=mm&r=g","contentUrl":"https:\/\/secure.gravatar.com\/avatar\/9cfd402c745b7a685f13eed0ea6e59d2144a3c2fc50a3db6fd5ed451f6cddf1a?s=96&d=mm&r=g","caption":"Mohamed Hedi Touati"},"url":"https:\/\/www.webdo.tn\/fr\/actualite\/author\/mohamed-hedi-touati\/"}]}},"_links":{"self":[{"href":"https:\/\/www.webdo.tn\/fr\/wp-json\/wp\/v2\/posts\/378774","targetHints":{"allow":["GET"]}}],"collection":[{"href":"https:\/\/www.webdo.tn\/fr\/wp-json\/wp\/v2\/posts"}],"about":[{"href":"https:\/\/www.webdo.tn\/fr\/wp-json\/wp\/v2\/types\/post"}],"author":[{"embeddable":true,"href":"https:\/\/www.webdo.tn\/fr\/wp-json\/wp\/v2\/users\/3191"}],"replies":[{"embeddable":true,"href":"https:\/\/www.webdo.tn\/fr\/wp-json\/wp\/v2\/comments?post=378774"}],"version-history":[{"count":0,"href":"https:\/\/www.webdo.tn\/fr\/wp-json\/wp\/v2\/posts\/378774\/revisions"}],"wp:featuredmedia":[{"embeddable":true,"href":"https:\/\/www.webdo.tn\/fr\/wp-json\/wp\/v2\/media\/378775"}],"wp:attachment":[{"href":"https:\/\/www.webdo.tn\/fr\/wp-json\/wp\/v2\/media?parent=378774"}],"wp:term":[{"taxonomy":"category","embeddable":true,"href":"https:\/\/www.webdo.tn\/fr\/wp-json\/wp\/v2\/categories?post=378774"},{"taxonomy":"post_tag","embeddable":true,"href":"https:\/\/www.webdo.tn\/fr\/wp-json\/wp\/v2\/tags?post=378774"}],"curies":[{"name":"wp","href":"https:\/\/api.w.org\/{rel}","templated":true}]}}