{"id":378742,"date":"2025-07-01T15:05:18","date_gmt":"2025-07-01T14:05:18","guid":{"rendered":"https:\/\/www.webdo.tn\/fr\/?p=378742"},"modified":"2025-07-01T15:05:30","modified_gmt":"2025-07-01T14:05:30","slug":"le-sabot-debarque-a-djerba","status":"publish","type":"post","link":"https:\/\/www.webdo.tn\/fr\/actualite\/regions\/le-sabot-debarque-a-djerba\/378742\/","title":{"rendered":"Le sabot d\u00e9barque \u00e0 Djerba !"},"content":{"rendered":"\n<p><strong>\u00c0 partir de ce mardi, les trois municipalit\u00e9s de l&rsquo;\u00eele de Djerba entament l\u2019application de la mesure de pose de sabots (ou \u00ab\u00a0kbalat\u00a0\u00bb) sur les v\u00e9hicules en infraction avec les r\u00e8gles de stationnement et d\u2019arr\u00eat. Cette d\u00e9cision s&rsquo;inscrit dans le cadre du programme \u00ab\u00a0Vacances en s\u00e9curit\u00e9\u00a0\u00bb, en pr\u00e9paration de la saison estivale, et vise \u00e0 r\u00e9duire les embouteillages, la congestion routi\u00e8re ainsi que les d\u00e9sordres qui en d\u00e9coulent.<\/strong><\/p>\n\n\n\n<p>Cette mesure, que les municipalit\u00e9s de Houmt Souk et Midoun remettent en vigueur apr\u00e8s une p\u00e9riode d&rsquo;interruption, et que la municipalit\u00e9 d\u2019Ajim adopte pour la premi\u00e8re fois, a suscit\u00e9 des r\u00e9actions partag\u00e9es. <\/p>\n\n\n\n<p>Certains y voient une r\u00e9ponse n\u00e9cessaire aux comportements anarchiques, comme le stationnement sur les trottoirs ou aux intersections, appelant m\u00eame \u00e0 une application continue tout au long de l&rsquo;ann\u00e9e, au-del\u00e0 de la saison estivale. D&rsquo;autres, en revanche, rejettent cette d\u00e9cision, pointant le manque de parkings publics payants et l\u2019absence de r\u00e9vision du sch\u00e9ma de circulation.<\/p>\n\n\n\n<p>Les opposants \u00e0 cette mesure attribuent la source du d\u00e9sordre \u00e0 la pr\u00e9sence de march\u00e9s hebdomadaires en centre-ville, qui perturbent la circulation et provoquent des bouchons. Ils sugg\u00e8rent de les d\u00e9placer en p\u00e9riph\u00e9rie et de transformer une partie de ces espaces en parkings payants, estimant que cela repr\u00e9senterait une solution adapt\u00e9e \u00e0 la situation actuelle du trafic.<\/p>\n\n\n\n<p><\/p>\n","protected":false},"excerpt":{"rendered":"<p>\u00c0 partir de ce mardi, les trois municipalit\u00e9s de l&rsquo;\u00eele de Djerba entament l\u2019application de la mesure de pose de sabots (ou \u00ab\u00a0kbalat\u00a0\u00bb) sur les v\u00e9hicules en infraction avec les r\u00e8gles de stationnement et d\u2019arr\u00eat. Cette d\u00e9cision s&rsquo;inscrit dans le cadre du programme \u00ab\u00a0Vacances en s\u00e9curit\u00e9\u00a0\u00bb, en pr\u00e9paration de la saison estivale, et vise \u00e0 [&hellip;]<\/p>\n","protected":false},"author":3184,"featured_media":348205,"comment_status":"open","ping_status":"open","sticky":false,"template":"","format":"standard","meta":{"footnotes":""},"categories":[2595],"tags":[3696,3751,2608],"class_list":["post-378742","post","type-post","status-publish","format-standard","has-post-thumbnail","hentry","category-regions","tag-djerba","tag-sabot","tag-tunisie"],"yoast_head":"<!-- This site is optimized with the Yoast SEO Premium plugin v27.4 (Yoast SEO v27.5) - https:\/\/yoast.com\/product\/yoast-seo-premium-wordpress\/ -->\n<title>Le sabot d\u00e9barque \u00e0 Djerba ! - webdo<\/title>\n<meta name=\"description\" content=\"D\u00e9couvrez les mesures de pose de sabots sur Djerba pour lutter contre le stationnement ill\u00e9gal et am\u00e9liorer la s\u00e9curit\u00e9 routi\u00e8re.\" \/>\n<link rel=\"canonical\" href=\"https:\/\/www.webdo.tn\/fr\/actualite\/regions\/le-sabot-debarque-a-djerba\/378742\/\" \/>\n<meta property=\"og:locale\" content=\"fr_FR\" \/>\n<meta property=\"og:type\" content=\"article\" \/>\n<meta property=\"og:title\" content=\"Le sabot d\u00e9barque \u00e0 Djerba !\" \/>\n<meta property=\"og:description\" content=\"D\u00e9couvrez les mesures de pose de sabots sur Djerba pour lutter contre le stationnement ill\u00e9gal et am\u00e9liorer la s\u00e9curit\u00e9 routi\u00e8re.\" \/>\n<meta property=\"og:url\" content=\"https:\/\/www.webdo.tn\/fr\/actualite\/regions\/le-sabot-debarque-a-djerba\/378742\/\" \/>\n<meta property=\"og:site_name\" content=\"webdo\" \/>\n<meta property=\"article:publisher\" content=\"https:\/\/www.facebook.com\/webdotn\" \/>\n<meta property=\"article:published_time\" content=\"2025-07-01T14:05:18+00:00\" \/>\n<meta property=\"article:modified_time\" content=\"2025-07-01T14:05:30+00:00\" \/>\n<meta property=\"og:image\" content=\"https:\/\/www.webdo.tn\/fr\/wp-content\/uploads\/2023\/01\/1f21a777de20a6b64d010640e1e18be2.jpg\" \/>\n\t<meta property=\"og:image:width\" content=\"750\" \/>\n\t<meta property=\"og:image:height\" content=\"400\" \/>\n\t<meta property=\"og:image:type\" content=\"image\/jpeg\" \/>\n<meta name=\"author\" content=\"Wided Belhaj\" \/>\n<meta name=\"twitter:card\" content=\"summary_large_image\" \/>\n<meta name=\"twitter:creator\" content=\"@webdo_tn\" \/>\n<meta name=\"twitter:site\" content=\"@webdo_tn\" \/>\n<meta name=\"twitter:label1\" content=\"\u00c9crit par\" \/>\n\t<meta name=\"twitter:data1\" content=\"Wided Belhaj\" \/>\n\t<meta name=\"twitter:label2\" content=\"Dur\u00e9e de lecture estim\u00e9e\" \/>\n\t<meta name=\"twitter:data2\" content=\"2 minutes\" \/>\n<script type=\"application\/ld+json\" class=\"yoast-schema-graph\">{\"@context\":\"https:\\\/\\\/schema.org\",\"@graph\":[{\"@type\":\"NewsArticle\",\"@id\":\"https:\\\/\\\/www.webdo.tn\\\/fr\\\/actualite\\\/regions\\\/le-sabot-debarque-a-djerba\\\/378742\\\/#article\",\"isPartOf\":{\"@id\":\"https:\\\/\\\/www.webdo.tn\\\/fr\\\/actualite\\\/regions\\\/le-sabot-debarque-a-djerba\\\/378742\\\/\"},\"author\":{\"name\":\"Wided Belhaj\",\"@id\":\"https:\\\/\\\/www.webdo.tn\\\/fr\\\/#\\\/schema\\\/person\\\/b9ecde7a5574cb4fcf4b496ea5fadb15\"},\"headline\":\"Le sabot d\u00e9barque \u00e0 Djerba !\",\"datePublished\":\"2025-07-01T14:05:18+00:00\",\"dateModified\":\"2025-07-01T14:05:30+00:00\",\"mainEntityOfPage\":{\"@id\":\"https:\\\/\\\/www.webdo.tn\\\/fr\\\/actualite\\\/regions\\\/le-sabot-debarque-a-djerba\\\/378742\\\/\"},\"wordCount\":253,\"commentCount\":0,\"publisher\":{\"@id\":\"https:\\\/\\\/www.webdo.tn\\\/fr\\\/#organization\"},\"image\":{\"@id\":\"https:\\\/\\\/www.webdo.tn\\\/fr\\\/actualite\\\/regions\\\/le-sabot-debarque-a-djerba\\\/378742\\\/#primaryimage\"},\"thumbnailUrl\":\"https:\\\/\\\/www.webdo.tn\\\/fr\\\/wp-content\\\/uploads\\\/2023\\\/01\\\/1f21a777de20a6b64d010640e1e18be2.jpg\",\"keywords\":[\"djerba\",\"sabot\",\"Tunisie\"],\"articleSection\":[\"regions\"],\"inLanguage\":\"fr-FR\"},{\"@type\":\"WebPage\",\"@id\":\"https:\\\/\\\/www.webdo.tn\\\/fr\\\/actualite\\\/regions\\\/le-sabot-debarque-a-djerba\\\/378742\\\/\",\"url\":\"https:\\\/\\\/www.webdo.tn\\\/fr\\\/actualite\\\/regions\\\/le-sabot-debarque-a-djerba\\\/378742\\\/\",\"name\":\"Le sabot d\u00e9barque \u00e0 Djerba ! - webdo\",\"isPartOf\":{\"@id\":\"https:\\\/\\\/www.webdo.tn\\\/fr\\\/#website\"},\"primaryImageOfPage\":{\"@id\":\"https:\\\/\\\/www.webdo.tn\\\/fr\\\/actualite\\\/regions\\\/le-sabot-debarque-a-djerba\\\/378742\\\/#primaryimage\"},\"image\":{\"@id\":\"https:\\\/\\\/www.webdo.tn\\\/fr\\\/actualite\\\/regions\\\/le-sabot-debarque-a-djerba\\\/378742\\\/#primaryimage\"},\"thumbnailUrl\":\"https:\\\/\\\/www.webdo.tn\\\/fr\\\/wp-content\\\/uploads\\\/2023\\\/01\\\/1f21a777de20a6b64d010640e1e18be2.jpg\",\"datePublished\":\"2025-07-01T14:05:18+00:00\",\"dateModified\":\"2025-07-01T14:05:30+00:00\",\"description\":\"D\u00e9couvrez les mesures de pose de sabots sur Djerba pour lutter contre le stationnement ill\u00e9gal et am\u00e9liorer la s\u00e9curit\u00e9 routi\u00e8re.\",\"breadcrumb\":{\"@id\":\"https:\\\/\\\/www.webdo.tn\\\/fr\\\/actualite\\\/regions\\\/le-sabot-debarque-a-djerba\\\/378742\\\/#breadcrumb\"},\"inLanguage\":\"fr-FR\",\"potentialAction\":[{\"@type\":\"ReadAction\",\"target\":[\"https:\\\/\\\/www.webdo.tn\\\/fr\\\/actualite\\\/regions\\\/le-sabot-debarque-a-djerba\\\/378742\\\/\"]}]},{\"@type\":\"ImageObject\",\"inLanguage\":\"fr-FR\",\"@id\":\"https:\\\/\\\/www.webdo.tn\\\/fr\\\/actualite\\\/regions\\\/le-sabot-debarque-a-djerba\\\/378742\\\/#primaryimage\",\"url\":\"https:\\\/\\\/www.webdo.tn\\\/fr\\\/wp-content\\\/uploads\\\/2023\\\/01\\\/1f21a777de20a6b64d010640e1e18be2.jpg\",\"contentUrl\":\"https:\\\/\\\/www.webdo.tn\\\/fr\\\/wp-content\\\/uploads\\\/2023\\\/01\\\/1f21a777de20a6b64d010640e1e18be2.jpg\",\"width\":750,\"height\":400,\"caption\":\"Les Libyens et les Alg\u00e9riens dispens\u00e9s de fourri\u00e8re, mais pas de sabot !\"},{\"@type\":\"BreadcrumbList\",\"@id\":\"https:\\\/\\\/www.webdo.tn\\\/fr\\\/actualite\\\/regions\\\/le-sabot-debarque-a-djerba\\\/378742\\\/#breadcrumb\",\"itemListElement\":[{\"@type\":\"ListItem\",\"position\":1,\"name\":\"Accueil\",\"item\":\"https:\\\/\\\/www.webdo.tn\\\/fr\\\/\"},{\"@type\":\"ListItem\",\"position\":2,\"name\":\"Le sabot d\u00e9barque \u00e0 Djerba !\"}]},{\"@type\":\"WebSite\",\"@id\":\"https:\\\/\\\/www.webdo.tn\\\/fr\\\/#website\",\"url\":\"https:\\\/\\\/www.webdo.tn\\\/fr\\\/\",\"name\":\"webdo\",\"description\":\"Tunisie - News en Tunisie et \u00e0 l&#039;international sur Webdo.tn\",\"publisher\":{\"@id\":\"https:\\\/\\\/www.webdo.tn\\\/fr\\\/#organization\"},\"potentialAction\":[{\"@type\":\"SearchAction\",\"target\":{\"@type\":\"EntryPoint\",\"urlTemplate\":\"https:\\\/\\\/www.webdo.tn\\\/fr\\\/?s={search_term_string}\"},\"query-input\":{\"@type\":\"PropertyValueSpecification\",\"valueRequired\":true,\"valueName\":\"search_term_string\"}}],\"inLanguage\":\"fr-FR\"},{\"@type\":\"Organization\",\"@id\":\"https:\\\/\\\/www.webdo.tn\\\/fr\\\/#organization\",\"name\":\"Webdo\",\"alternateName\":\"Webdo.tn\",\"url\":\"https:\\\/\\\/www.webdo.tn\\\/fr\\\/\",\"logo\":{\"@type\":\"ImageObject\",\"inLanguage\":\"fr-FR\",\"@id\":\"https:\\\/\\\/www.webdo.tn\\\/fr\\\/#\\\/schema\\\/logo\\\/image\\\/\",\"url\":\"https:\\\/\\\/www.webdo.tn\\\/fr\\\/wp-content\\\/uploads\\\/2025\\\/06\\\/Webdo-Tunisie_168377.jpg\",\"contentUrl\":\"https:\\\/\\\/www.webdo.tn\\\/fr\\\/wp-content\\\/uploads\\\/2025\\\/06\\\/Webdo-Tunisie_168377.jpg\",\"width\":301,\"height\":301,\"caption\":\"Webdo\"},\"image\":{\"@id\":\"https:\\\/\\\/www.webdo.tn\\\/fr\\\/#\\\/schema\\\/logo\\\/image\\\/\"},\"sameAs\":[\"https:\\\/\\\/www.facebook.com\\\/webdotn\",\"https:\\\/\\\/x.com\\\/webdo_tn\"],\"description\":\"Webdo est un m\u00e9dia num\u00e9rique tunisien fond\u00e9 en 2010, sp\u00e9cialis\u00e9 dans l\u2019actualit\u00e9 nationale et internationale, l\u2019\u00e9conomie, la soci\u00e9t\u00e9 et les analyses politiques. Le site s\u2019adresse \u00e0 un large public francophone et couvre l\u2019information tunisienne en temps r\u00e9el.\",\"email\":\"redac@webdo.tn\",\"legalName\":\"YNJ SARL\",\"foundingDate\":\"2010-09-06\",\"numberOfEmployees\":{\"@type\":\"QuantitativeValue\",\"minValue\":\"11\",\"maxValue\":\"50\"}},{\"@type\":\"Person\",\"@id\":\"https:\\\/\\\/www.webdo.tn\\\/fr\\\/#\\\/schema\\\/person\\\/b9ecde7a5574cb4fcf4b496ea5fadb15\",\"name\":\"Wided Belhaj\",\"image\":{\"@type\":\"ImageObject\",\"inLanguage\":\"fr-FR\",\"@id\":\"https:\\\/\\\/www.webdo.tn\\\/fr\\\/wp-content\\\/uploads\\\/2026\\\/04\\\/wided-belhaj_avatar-96x96.jpg\",\"url\":\"https:\\\/\\\/www.webdo.tn\\\/fr\\\/wp-content\\\/uploads\\\/2026\\\/04\\\/wided-belhaj_avatar-96x96.jpg\",\"contentUrl\":\"https:\\\/\\\/www.webdo.tn\\\/fr\\\/wp-content\\\/uploads\\\/2026\\\/04\\\/wided-belhaj_avatar-96x96.jpg\",\"caption\":\"Wided Belhaj\"},\"description\":\"Wided Belhaj est le pseudonyme \u00e9ditorial utilis\u00e9 par Khalil Jelassi, journaliste, ma\u00eetre-assistant \u00e0 l\u2019Institut de presse et des sciences de l\u2019information (IPSI) et chercheur en sciences de l\u2019information et de la communication. Cette signature est d\u00e9di\u00e9e \u00e0 l\u2019analyse des m\u00e9dias, des pratiques journalistiques et des mutations de l\u2019information \u00e0 l\u2019\u00e8re digitale. \u00c0 travers ses contributions, Wided Belhaj propose une lecture analytique de l\u2019actualit\u00e9, en croisant regard critique et expertise acad\u00e9mique.\",\"knowsAbout\":[\"m\u00e9dias\",\"journalisme\",\"communication\",\"information\",\"transformation num\u00e9rique\",\"analyse des m\u00e9dias\"],\"knowsLanguage\":[\"Fran\u00e7ais\",\"Arabe\"],\"jobTitle\":\"Webdo.tn\",\"worksFor\":\"Journaliste \u2013 Analyse des m\u00e9dias\",\"url\":\"https:\\\/\\\/www.webdo.tn\\\/fr\\\/actualite\\\/author\\\/wided-belhaj\\\/\"}]}<\/script>\n<!-- \/ Yoast SEO Premium plugin. -->","yoast_head_json":{"title":"Le sabot d\u00e9barque \u00e0 Djerba ! - webdo","description":"D\u00e9couvrez les mesures de pose de sabots sur Djerba pour lutter contre le stationnement ill\u00e9gal et am\u00e9liorer la s\u00e9curit\u00e9 routi\u00e8re.","canonical":"https:\/\/www.webdo.tn\/fr\/actualite\/regions\/le-sabot-debarque-a-djerba\/378742\/","og_locale":"fr_FR","og_type":"article","og_title":"Le sabot d\u00e9barque \u00e0 Djerba !","og_description":"D\u00e9couvrez les mesures de pose de sabots sur Djerba pour lutter contre le stationnement ill\u00e9gal et am\u00e9liorer la s\u00e9curit\u00e9 routi\u00e8re.","og_url":"https:\/\/www.webdo.tn\/fr\/actualite\/regions\/le-sabot-debarque-a-djerba\/378742\/","og_site_name":"webdo","article_publisher":"https:\/\/www.facebook.com\/webdotn","article_published_time":"2025-07-01T14:05:18+00:00","article_modified_time":"2025-07-01T14:05:30+00:00","og_image":[{"width":750,"height":400,"url":"https:\/\/www.webdo.tn\/fr\/wp-content\/uploads\/2023\/01\/1f21a777de20a6b64d010640e1e18be2.jpg","type":"image\/jpeg"}],"author":"Wided Belhaj","twitter_card":"summary_large_image","twitter_creator":"@webdo_tn","twitter_site":"@webdo_tn","twitter_misc":{"\u00c9crit par":"Wided Belhaj","Dur\u00e9e de lecture estim\u00e9e":"2 minutes"},"schema":{"@context":"https:\/\/schema.org","@graph":[{"@type":"NewsArticle","@id":"https:\/\/www.webdo.tn\/fr\/actualite\/regions\/le-sabot-debarque-a-djerba\/378742\/#article","isPartOf":{"@id":"https:\/\/www.webdo.tn\/fr\/actualite\/regions\/le-sabot-debarque-a-djerba\/378742\/"},"author":{"name":"Wided Belhaj","@id":"https:\/\/www.webdo.tn\/fr\/#\/schema\/person\/b9ecde7a5574cb4fcf4b496ea5fadb15"},"headline":"Le sabot d\u00e9barque \u00e0 Djerba !","datePublished":"2025-07-01T14:05:18+00:00","dateModified":"2025-07-01T14:05:30+00:00","mainEntityOfPage":{"@id":"https:\/\/www.webdo.tn\/fr\/actualite\/regions\/le-sabot-debarque-a-djerba\/378742\/"},"wordCount":253,"commentCount":0,"publisher":{"@id":"https:\/\/www.webdo.tn\/fr\/#organization"},"image":{"@id":"https:\/\/www.webdo.tn\/fr\/actualite\/regions\/le-sabot-debarque-a-djerba\/378742\/#primaryimage"},"thumbnailUrl":"https:\/\/www.webdo.tn\/fr\/wp-content\/uploads\/2023\/01\/1f21a777de20a6b64d010640e1e18be2.jpg","keywords":["djerba","sabot","Tunisie"],"articleSection":["regions"],"inLanguage":"fr-FR"},{"@type":"WebPage","@id":"https:\/\/www.webdo.tn\/fr\/actualite\/regions\/le-sabot-debarque-a-djerba\/378742\/","url":"https:\/\/www.webdo.tn\/fr\/actualite\/regions\/le-sabot-debarque-a-djerba\/378742\/","name":"Le sabot d\u00e9barque \u00e0 Djerba ! - webdo","isPartOf":{"@id":"https:\/\/www.webdo.tn\/fr\/#website"},"primaryImageOfPage":{"@id":"https:\/\/www.webdo.tn\/fr\/actualite\/regions\/le-sabot-debarque-a-djerba\/378742\/#primaryimage"},"image":{"@id":"https:\/\/www.webdo.tn\/fr\/actualite\/regions\/le-sabot-debarque-a-djerba\/378742\/#primaryimage"},"thumbnailUrl":"https:\/\/www.webdo.tn\/fr\/wp-content\/uploads\/2023\/01\/1f21a777de20a6b64d010640e1e18be2.jpg","datePublished":"2025-07-01T14:05:18+00:00","dateModified":"2025-07-01T14:05:30+00:00","description":"D\u00e9couvrez les mesures de pose de sabots sur Djerba pour lutter contre le stationnement ill\u00e9gal et am\u00e9liorer la s\u00e9curit\u00e9 routi\u00e8re.","breadcrumb":{"@id":"https:\/\/www.webdo.tn\/fr\/actualite\/regions\/le-sabot-debarque-a-djerba\/378742\/#breadcrumb"},"inLanguage":"fr-FR","potentialAction":[{"@type":"ReadAction","target":["https:\/\/www.webdo.tn\/fr\/actualite\/regions\/le-sabot-debarque-a-djerba\/378742\/"]}]},{"@type":"ImageObject","inLanguage":"fr-FR","@id":"https:\/\/www.webdo.tn\/fr\/actualite\/regions\/le-sabot-debarque-a-djerba\/378742\/#primaryimage","url":"https:\/\/www.webdo.tn\/fr\/wp-content\/uploads\/2023\/01\/1f21a777de20a6b64d010640e1e18be2.jpg","contentUrl":"https:\/\/www.webdo.tn\/fr\/wp-content\/uploads\/2023\/01\/1f21a777de20a6b64d010640e1e18be2.jpg","width":750,"height":400,"caption":"Les Libyens et les Alg\u00e9riens dispens\u00e9s de fourri\u00e8re, mais pas de sabot !"},{"@type":"BreadcrumbList","@id":"https:\/\/www.webdo.tn\/fr\/actualite\/regions\/le-sabot-debarque-a-djerba\/378742\/#breadcrumb","itemListElement":[{"@type":"ListItem","position":1,"name":"Accueil","item":"https:\/\/www.webdo.tn\/fr\/"},{"@type":"ListItem","position":2,"name":"Le sabot d\u00e9barque \u00e0 Djerba !"}]},{"@type":"WebSite","@id":"https:\/\/www.webdo.tn\/fr\/#website","url":"https:\/\/www.webdo.tn\/fr\/","name":"webdo","description":"Tunisie - News en Tunisie et \u00e0 l&#039;international sur Webdo.tn","publisher":{"@id":"https:\/\/www.webdo.tn\/fr\/#organization"},"potentialAction":[{"@type":"SearchAction","target":{"@type":"EntryPoint","urlTemplate":"https:\/\/www.webdo.tn\/fr\/?s={search_term_string}"},"query-input":{"@type":"PropertyValueSpecification","valueRequired":true,"valueName":"search_term_string"}}],"inLanguage":"fr-FR"},{"@type":"Organization","@id":"https:\/\/www.webdo.tn\/fr\/#organization","name":"Webdo","alternateName":"Webdo.tn","url":"https:\/\/www.webdo.tn\/fr\/","logo":{"@type":"ImageObject","inLanguage":"fr-FR","@id":"https:\/\/www.webdo.tn\/fr\/#\/schema\/logo\/image\/","url":"https:\/\/www.webdo.tn\/fr\/wp-content\/uploads\/2025\/06\/Webdo-Tunisie_168377.jpg","contentUrl":"https:\/\/www.webdo.tn\/fr\/wp-content\/uploads\/2025\/06\/Webdo-Tunisie_168377.jpg","width":301,"height":301,"caption":"Webdo"},"image":{"@id":"https:\/\/www.webdo.tn\/fr\/#\/schema\/logo\/image\/"},"sameAs":["https:\/\/www.facebook.com\/webdotn","https:\/\/x.com\/webdo_tn"],"description":"Webdo est un m\u00e9dia num\u00e9rique tunisien fond\u00e9 en 2010, sp\u00e9cialis\u00e9 dans l\u2019actualit\u00e9 nationale et internationale, l\u2019\u00e9conomie, la soci\u00e9t\u00e9 et les analyses politiques. Le site s\u2019adresse \u00e0 un large public francophone et couvre l\u2019information tunisienne en temps r\u00e9el.","email":"redac@webdo.tn","legalName":"YNJ SARL","foundingDate":"2010-09-06","numberOfEmployees":{"@type":"QuantitativeValue","minValue":"11","maxValue":"50"}},{"@type":"Person","@id":"https:\/\/www.webdo.tn\/fr\/#\/schema\/person\/b9ecde7a5574cb4fcf4b496ea5fadb15","name":"Wided Belhaj","image":{"@type":"ImageObject","inLanguage":"fr-FR","@id":"https:\/\/www.webdo.tn\/fr\/wp-content\/uploads\/2026\/04\/wided-belhaj_avatar-96x96.jpg","url":"https:\/\/www.webdo.tn\/fr\/wp-content\/uploads\/2026\/04\/wided-belhaj_avatar-96x96.jpg","contentUrl":"https:\/\/www.webdo.tn\/fr\/wp-content\/uploads\/2026\/04\/wided-belhaj_avatar-96x96.jpg","caption":"Wided Belhaj"},"description":"Wided Belhaj est le pseudonyme \u00e9ditorial utilis\u00e9 par Khalil Jelassi, journaliste, ma\u00eetre-assistant \u00e0 l\u2019Institut de presse et des sciences de l\u2019information (IPSI) et chercheur en sciences de l\u2019information et de la communication. Cette signature est d\u00e9di\u00e9e \u00e0 l\u2019analyse des m\u00e9dias, des pratiques journalistiques et des mutations de l\u2019information \u00e0 l\u2019\u00e8re digitale. \u00c0 travers ses contributions, Wided Belhaj propose une lecture analytique de l\u2019actualit\u00e9, en croisant regard critique et expertise acad\u00e9mique.","knowsAbout":["m\u00e9dias","journalisme","communication","information","transformation num\u00e9rique","analyse des m\u00e9dias"],"knowsLanguage":["Fran\u00e7ais","Arabe"],"jobTitle":"Webdo.tn","worksFor":"Journaliste \u2013 Analyse des m\u00e9dias","url":"https:\/\/www.webdo.tn\/fr\/actualite\/author\/wided-belhaj\/"}]}},"_links":{"self":[{"href":"https:\/\/www.webdo.tn\/fr\/wp-json\/wp\/v2\/posts\/378742","targetHints":{"allow":["GET"]}}],"collection":[{"href":"https:\/\/www.webdo.tn\/fr\/wp-json\/wp\/v2\/posts"}],"about":[{"href":"https:\/\/www.webdo.tn\/fr\/wp-json\/wp\/v2\/types\/post"}],"author":[{"embeddable":true,"href":"https:\/\/www.webdo.tn\/fr\/wp-json\/wp\/v2\/users\/3184"}],"replies":[{"embeddable":true,"href":"https:\/\/www.webdo.tn\/fr\/wp-json\/wp\/v2\/comments?post=378742"}],"version-history":[{"count":0,"href":"https:\/\/www.webdo.tn\/fr\/wp-json\/wp\/v2\/posts\/378742\/revisions"}],"wp:featuredmedia":[{"embeddable":true,"href":"https:\/\/www.webdo.tn\/fr\/wp-json\/wp\/v2\/media\/348205"}],"wp:attachment":[{"href":"https:\/\/www.webdo.tn\/fr\/wp-json\/wp\/v2\/media?parent=378742"}],"wp:term":[{"taxonomy":"category","embeddable":true,"href":"https:\/\/www.webdo.tn\/fr\/wp-json\/wp\/v2\/categories?post=378742"},{"taxonomy":"post_tag","embeddable":true,"href":"https:\/\/www.webdo.tn\/fr\/wp-json\/wp\/v2\/tags?post=378742"}],"curies":[{"name":"wp","href":"https:\/\/api.w.org\/{rel}","templated":true}]}}