{"id":378719,"date":"2025-07-01T12:46:58","date_gmt":"2025-07-01T11:46:58","guid":{"rendered":"https:\/\/www.webdo.tn\/fr\/?p=378719"},"modified":"2025-07-01T12:47:19","modified_gmt":"2025-07-01T11:47:19","slug":"tunisie-lancement-dune-consultation-publique-sur-les-conditions-dexercice-de-la-recharge-des-voitures-electriques","status":"publish","type":"post","link":"https:\/\/www.webdo.tn\/fr\/actualite\/national\/tunisie-lancement-dune-consultation-publique-sur-les-conditions-dexercice-de-la-recharge-des-voitures-electriques\/378719\/","title":{"rendered":"Tunisie : Lancement d&rsquo;une consultation publique sur les conditions d\u2019exercice de la recharge des voitures \u00e9lectriques"},"content":{"rendered":"\n<p><\/p>\n\n\n\n<p>Le minist\u00e8re de l\u2019Industrie, des Mines et de l\u2019\u00c9nergie a annonc\u00e9, dans un communiqu\u00e9 publi\u00e9 ce mardi 1er juillet 2025, le lancement d\u2019une consultation publique concernant le projet de cahier des charges relatif \u00e0 l\u2019exercice de l\u2019activit\u00e9 de service de recharge des v\u00e9hicules \u00e9lectriques.<\/p>\n\n\n\n<p>Le minist\u00e8re invite toutes les parties concern\u00e9es \u00e0 consulter le cahier des charges via le lien suivant : <a href=\"https:\/\/e-people.gov.tn\">https:\/\/e-people.gov.tn<\/a><\/p>\n\n\n\n<p>La consultation publique se poursuivra jusqu\u2019au 16 juillet courant, afin de recueillir les remarques et suggestions.<\/p>\n\n\n\n<p><\/p>\n","protected":false},"excerpt":{"rendered":"<p>Le minist\u00e8re de l\u2019Industrie, des Mines et de l\u2019\u00c9nergie a annonc\u00e9, dans un communiqu\u00e9 publi\u00e9 ce mardi 1er juillet 2025, le lancement d\u2019une consultation publique concernant le projet de cahier des charges relatif \u00e0 l\u2019exercice de l\u2019activit\u00e9 de service de recharge des v\u00e9hicules \u00e9lectriques. Le minist\u00e8re invite toutes les parties concern\u00e9es \u00e0 consulter le cahier [&hellip;]<\/p>\n","protected":false},"author":3184,"featured_media":366202,"comment_status":"open","ping_status":"open","sticky":false,"template":"","format":"standard","meta":{"footnotes":""},"categories":[44],"tags":[2608,6177],"class_list":["post-378719","post","type-post","status-publish","format-standard","has-post-thumbnail","hentry","category-national","tag-tunisie","tag-voiture-electrique"],"yoast_head":"<!-- This site is optimized with the Yoast SEO Premium plugin v27.4 (Yoast SEO v27.5) - https:\/\/yoast.com\/product\/yoast-seo-premium-wordpress\/ -->\n<title>Tunisie : Lancement d&#039;une consultation publique sur les conditions d\u2019exercice de la recharge des voitures \u00e9lectriques - webdo<\/title>\n<meta name=\"description\" content=\"Tunisie : Lancement d&#039;une consultation publique sur les conditions d\u2019exercice de la recharge des voitures \u00e9lectriques\" \/>\n<link rel=\"canonical\" href=\"https:\/\/www.webdo.tn\/fr\/actualite\/national\/tunisie-lancement-dune-consultation-publique-sur-les-conditions-dexercice-de-la-recharge-des-voitures-electriques\/378719\/\" \/>\n<meta property=\"og:locale\" content=\"fr_FR\" \/>\n<meta property=\"og:type\" content=\"article\" \/>\n<meta property=\"og:title\" content=\"Tunisie : Lancement d&#039;une consultation publique sur les conditions d\u2019exercice de la recharge des voitures \u00e9lectriques\" \/>\n<meta property=\"og:description\" content=\"Tunisie : Lancement d&#039;une consultation publique sur les conditions d\u2019exercice de la recharge des voitures \u00e9lectriques\" \/>\n<meta property=\"og:url\" content=\"https:\/\/www.webdo.tn\/fr\/actualite\/national\/tunisie-lancement-dune-consultation-publique-sur-les-conditions-dexercice-de-la-recharge-des-voitures-electriques\/378719\/\" \/>\n<meta property=\"og:site_name\" content=\"webdo\" \/>\n<meta property=\"article:publisher\" content=\"https:\/\/www.facebook.com\/webdotn\" \/>\n<meta property=\"article:published_time\" content=\"2025-07-01T11:46:58+00:00\" \/>\n<meta property=\"article:modified_time\" content=\"2025-07-01T11:47:19+00:00\" \/>\n<meta property=\"og:image\" content=\"https:\/\/www.webdo.tn\/fr\/wp-content\/uploads\/2025\/05\/74f6e0371251c5f05a11f7e9e140474a.webp\" \/>\n\t<meta property=\"og:image:width\" content=\"744\" \/>\n\t<meta property=\"og:image:height\" content=\"397\" \/>\n\t<meta property=\"og:image:type\" content=\"image\/webp\" \/>\n<meta name=\"author\" content=\"Wided Belhaj\" \/>\n<meta name=\"twitter:card\" content=\"summary_large_image\" \/>\n<meta name=\"twitter:creator\" content=\"@webdo_tn\" \/>\n<meta name=\"twitter:site\" content=\"@webdo_tn\" \/>\n<meta name=\"twitter:label1\" content=\"\u00c9crit par\" \/>\n\t<meta name=\"twitter:data1\" content=\"Wided Belhaj\" \/>\n\t<meta name=\"twitter:label2\" content=\"Dur\u00e9e de lecture estim\u00e9e\" \/>\n\t<meta name=\"twitter:data2\" content=\"1 minute\" \/>\n<script type=\"application\/ld+json\" class=\"yoast-schema-graph\">{\"@context\":\"https:\\\/\\\/schema.org\",\"@graph\":[{\"@type\":\"NewsArticle\",\"@id\":\"https:\\\/\\\/www.webdo.tn\\\/fr\\\/actualite\\\/national\\\/tunisie-lancement-dune-consultation-publique-sur-les-conditions-dexercice-de-la-recharge-des-voitures-electriques\\\/378719\\\/#article\",\"isPartOf\":{\"@id\":\"https:\\\/\\\/www.webdo.tn\\\/fr\\\/actualite\\\/national\\\/tunisie-lancement-dune-consultation-publique-sur-les-conditions-dexercice-de-la-recharge-des-voitures-electriques\\\/378719\\\/\"},\"author\":{\"name\":\"Wided Belhaj\",\"@id\":\"https:\\\/\\\/www.webdo.tn\\\/fr\\\/#\\\/schema\\\/person\\\/b9ecde7a5574cb4fcf4b496ea5fadb15\"},\"headline\":\"Tunisie : Lancement d&rsquo;une consultation publique sur les conditions d\u2019exercice de la recharge des voitures \u00e9lectriques\",\"datePublished\":\"2025-07-01T11:46:58+00:00\",\"dateModified\":\"2025-07-01T11:47:19+00:00\",\"mainEntityOfPage\":{\"@id\":\"https:\\\/\\\/www.webdo.tn\\\/fr\\\/actualite\\\/national\\\/tunisie-lancement-dune-consultation-publique-sur-les-conditions-dexercice-de-la-recharge-des-voitures-electriques\\\/378719\\\/\"},\"wordCount\":104,\"commentCount\":0,\"publisher\":{\"@id\":\"https:\\\/\\\/www.webdo.tn\\\/fr\\\/#organization\"},\"image\":{\"@id\":\"https:\\\/\\\/www.webdo.tn\\\/fr\\\/actualite\\\/national\\\/tunisie-lancement-dune-consultation-publique-sur-les-conditions-dexercice-de-la-recharge-des-voitures-electriques\\\/378719\\\/#primaryimage\"},\"thumbnailUrl\":\"https:\\\/\\\/www.webdo.tn\\\/fr\\\/wp-content\\\/uploads\\\/2025\\\/05\\\/74f6e0371251c5f05a11f7e9e140474a.webp\",\"keywords\":[\"Tunisie\",\"Voiture \u00e9lectrique\"],\"articleSection\":[\"National\"],\"inLanguage\":\"fr-FR\"},{\"@type\":\"WebPage\",\"@id\":\"https:\\\/\\\/www.webdo.tn\\\/fr\\\/actualite\\\/national\\\/tunisie-lancement-dune-consultation-publique-sur-les-conditions-dexercice-de-la-recharge-des-voitures-electriques\\\/378719\\\/\",\"url\":\"https:\\\/\\\/www.webdo.tn\\\/fr\\\/actualite\\\/national\\\/tunisie-lancement-dune-consultation-publique-sur-les-conditions-dexercice-de-la-recharge-des-voitures-electriques\\\/378719\\\/\",\"name\":\"Tunisie : Lancement d'une consultation publique sur les conditions d\u2019exercice de la recharge des voitures \u00e9lectriques - webdo\",\"isPartOf\":{\"@id\":\"https:\\\/\\\/www.webdo.tn\\\/fr\\\/#website\"},\"primaryImageOfPage\":{\"@id\":\"https:\\\/\\\/www.webdo.tn\\\/fr\\\/actualite\\\/national\\\/tunisie-lancement-dune-consultation-publique-sur-les-conditions-dexercice-de-la-recharge-des-voitures-electriques\\\/378719\\\/#primaryimage\"},\"image\":{\"@id\":\"https:\\\/\\\/www.webdo.tn\\\/fr\\\/actualite\\\/national\\\/tunisie-lancement-dune-consultation-publique-sur-les-conditions-dexercice-de-la-recharge-des-voitures-electriques\\\/378719\\\/#primaryimage\"},\"thumbnailUrl\":\"https:\\\/\\\/www.webdo.tn\\\/fr\\\/wp-content\\\/uploads\\\/2025\\\/05\\\/74f6e0371251c5f05a11f7e9e140474a.webp\",\"datePublished\":\"2025-07-01T11:46:58+00:00\",\"dateModified\":\"2025-07-01T11:47:19+00:00\",\"description\":\"Tunisie : Lancement d'une consultation publique sur les conditions d\u2019exercice de la recharge des voitures \u00e9lectriques\",\"breadcrumb\":{\"@id\":\"https:\\\/\\\/www.webdo.tn\\\/fr\\\/actualite\\\/national\\\/tunisie-lancement-dune-consultation-publique-sur-les-conditions-dexercice-de-la-recharge-des-voitures-electriques\\\/378719\\\/#breadcrumb\"},\"inLanguage\":\"fr-FR\",\"potentialAction\":[{\"@type\":\"ReadAction\",\"target\":[\"https:\\\/\\\/www.webdo.tn\\\/fr\\\/actualite\\\/national\\\/tunisie-lancement-dune-consultation-publique-sur-les-conditions-dexercice-de-la-recharge-des-voitures-electriques\\\/378719\\\/\"]}]},{\"@type\":\"ImageObject\",\"inLanguage\":\"fr-FR\",\"@id\":\"https:\\\/\\\/www.webdo.tn\\\/fr\\\/actualite\\\/national\\\/tunisie-lancement-dune-consultation-publique-sur-les-conditions-dexercice-de-la-recharge-des-voitures-electriques\\\/378719\\\/#primaryimage\",\"url\":\"https:\\\/\\\/www.webdo.tn\\\/fr\\\/wp-content\\\/uploads\\\/2025\\\/05\\\/74f6e0371251c5f05a11f7e9e140474a.webp\",\"contentUrl\":\"https:\\\/\\\/www.webdo.tn\\\/fr\\\/wp-content\\\/uploads\\\/2025\\\/05\\\/74f6e0371251c5f05a11f7e9e140474a.webp\",\"width\":744,\"height\":397,\"caption\":\"La Tunisie veut passer de 570 \u00e0 125.000 voitures \u00e9lectriques d'ici 2035\"},{\"@type\":\"BreadcrumbList\",\"@id\":\"https:\\\/\\\/www.webdo.tn\\\/fr\\\/actualite\\\/national\\\/tunisie-lancement-dune-consultation-publique-sur-les-conditions-dexercice-de-la-recharge-des-voitures-electriques\\\/378719\\\/#breadcrumb\",\"itemListElement\":[{\"@type\":\"ListItem\",\"position\":1,\"name\":\"Accueil\",\"item\":\"https:\\\/\\\/www.webdo.tn\\\/fr\\\/\"},{\"@type\":\"ListItem\",\"position\":2,\"name\":\"Tunisie : Lancement d&rsquo;une consultation publique sur les conditions d\u2019exercice de la recharge des voitures \u00e9lectriques\"}]},{\"@type\":\"WebSite\",\"@id\":\"https:\\\/\\\/www.webdo.tn\\\/fr\\\/#website\",\"url\":\"https:\\\/\\\/www.webdo.tn\\\/fr\\\/\",\"name\":\"webdo\",\"description\":\"Tunisie - News en Tunisie et \u00e0 l&#039;international sur Webdo.tn\",\"publisher\":{\"@id\":\"https:\\\/\\\/www.webdo.tn\\\/fr\\\/#organization\"},\"potentialAction\":[{\"@type\":\"SearchAction\",\"target\":{\"@type\":\"EntryPoint\",\"urlTemplate\":\"https:\\\/\\\/www.webdo.tn\\\/fr\\\/?s={search_term_string}\"},\"query-input\":{\"@type\":\"PropertyValueSpecification\",\"valueRequired\":true,\"valueName\":\"search_term_string\"}}],\"inLanguage\":\"fr-FR\"},{\"@type\":\"Organization\",\"@id\":\"https:\\\/\\\/www.webdo.tn\\\/fr\\\/#organization\",\"name\":\"Webdo\",\"alternateName\":\"Webdo.tn\",\"url\":\"https:\\\/\\\/www.webdo.tn\\\/fr\\\/\",\"logo\":{\"@type\":\"ImageObject\",\"inLanguage\":\"fr-FR\",\"@id\":\"https:\\\/\\\/www.webdo.tn\\\/fr\\\/#\\\/schema\\\/logo\\\/image\\\/\",\"url\":\"https:\\\/\\\/www.webdo.tn\\\/fr\\\/wp-content\\\/uploads\\\/2025\\\/06\\\/Webdo-Tunisie_168377.jpg\",\"contentUrl\":\"https:\\\/\\\/www.webdo.tn\\\/fr\\\/wp-content\\\/uploads\\\/2025\\\/06\\\/Webdo-Tunisie_168377.jpg\",\"width\":301,\"height\":301,\"caption\":\"Webdo\"},\"image\":{\"@id\":\"https:\\\/\\\/www.webdo.tn\\\/fr\\\/#\\\/schema\\\/logo\\\/image\\\/\"},\"sameAs\":[\"https:\\\/\\\/www.facebook.com\\\/webdotn\",\"https:\\\/\\\/x.com\\\/webdo_tn\"],\"description\":\"Webdo est un m\u00e9dia num\u00e9rique tunisien fond\u00e9 en 2010, sp\u00e9cialis\u00e9 dans l\u2019actualit\u00e9 nationale et internationale, l\u2019\u00e9conomie, la soci\u00e9t\u00e9 et les analyses politiques. Le site s\u2019adresse \u00e0 un large public francophone et couvre l\u2019information tunisienne en temps r\u00e9el.\",\"email\":\"redac@webdo.tn\",\"legalName\":\"YNJ SARL\",\"foundingDate\":\"2010-09-06\",\"numberOfEmployees\":{\"@type\":\"QuantitativeValue\",\"minValue\":\"11\",\"maxValue\":\"50\"}},{\"@type\":\"Person\",\"@id\":\"https:\\\/\\\/www.webdo.tn\\\/fr\\\/#\\\/schema\\\/person\\\/b9ecde7a5574cb4fcf4b496ea5fadb15\",\"name\":\"Wided Belhaj\",\"image\":{\"@type\":\"ImageObject\",\"inLanguage\":\"fr-FR\",\"@id\":\"https:\\\/\\\/www.webdo.tn\\\/fr\\\/wp-content\\\/uploads\\\/2026\\\/04\\\/wided-belhaj_avatar-96x96.jpg\",\"url\":\"https:\\\/\\\/www.webdo.tn\\\/fr\\\/wp-content\\\/uploads\\\/2026\\\/04\\\/wided-belhaj_avatar-96x96.jpg\",\"contentUrl\":\"https:\\\/\\\/www.webdo.tn\\\/fr\\\/wp-content\\\/uploads\\\/2026\\\/04\\\/wided-belhaj_avatar-96x96.jpg\",\"caption\":\"Wided Belhaj\"},\"description\":\"Wided Belhaj est le pseudonyme \u00e9ditorial utilis\u00e9 par Khalil Jelassi, journaliste, ma\u00eetre-assistant \u00e0 l\u2019Institut de presse et des sciences de l\u2019information (IPSI) et chercheur en sciences de l\u2019information et de la communication. Cette signature est d\u00e9di\u00e9e \u00e0 l\u2019analyse des m\u00e9dias, des pratiques journalistiques et des mutations de l\u2019information \u00e0 l\u2019\u00e8re digitale. \u00c0 travers ses contributions, Wided Belhaj propose une lecture analytique de l\u2019actualit\u00e9, en croisant regard critique et expertise acad\u00e9mique.\",\"knowsAbout\":[\"m\u00e9dias\",\"journalisme\",\"communication\",\"information\",\"transformation num\u00e9rique\",\"analyse des m\u00e9dias\"],\"knowsLanguage\":[\"Fran\u00e7ais\",\"Arabe\"],\"jobTitle\":\"Webdo.tn\",\"worksFor\":\"Journaliste \u2013 Analyse des m\u00e9dias\",\"url\":\"https:\\\/\\\/www.webdo.tn\\\/fr\\\/actualite\\\/author\\\/wided-belhaj\\\/\"}]}<\/script>\n<!-- \/ Yoast SEO Premium plugin. -->","yoast_head_json":{"title":"Tunisie : Lancement d'une consultation publique sur les conditions d\u2019exercice de la recharge des voitures \u00e9lectriques - webdo","description":"Tunisie : Lancement d'une consultation publique sur les conditions d\u2019exercice de la recharge des voitures \u00e9lectriques","canonical":"https:\/\/www.webdo.tn\/fr\/actualite\/national\/tunisie-lancement-dune-consultation-publique-sur-les-conditions-dexercice-de-la-recharge-des-voitures-electriques\/378719\/","og_locale":"fr_FR","og_type":"article","og_title":"Tunisie : Lancement d'une consultation publique sur les conditions d\u2019exercice de la recharge des voitures \u00e9lectriques","og_description":"Tunisie : Lancement d'une consultation publique sur les conditions d\u2019exercice de la recharge des voitures \u00e9lectriques","og_url":"https:\/\/www.webdo.tn\/fr\/actualite\/national\/tunisie-lancement-dune-consultation-publique-sur-les-conditions-dexercice-de-la-recharge-des-voitures-electriques\/378719\/","og_site_name":"webdo","article_publisher":"https:\/\/www.facebook.com\/webdotn","article_published_time":"2025-07-01T11:46:58+00:00","article_modified_time":"2025-07-01T11:47:19+00:00","og_image":[{"width":744,"height":397,"url":"https:\/\/www.webdo.tn\/fr\/wp-content\/uploads\/2025\/05\/74f6e0371251c5f05a11f7e9e140474a.webp","type":"image\/webp"}],"author":"Wided Belhaj","twitter_card":"summary_large_image","twitter_creator":"@webdo_tn","twitter_site":"@webdo_tn","twitter_misc":{"\u00c9crit par":"Wided Belhaj","Dur\u00e9e de lecture estim\u00e9e":"1 minute"},"schema":{"@context":"https:\/\/schema.org","@graph":[{"@type":"NewsArticle","@id":"https:\/\/www.webdo.tn\/fr\/actualite\/national\/tunisie-lancement-dune-consultation-publique-sur-les-conditions-dexercice-de-la-recharge-des-voitures-electriques\/378719\/#article","isPartOf":{"@id":"https:\/\/www.webdo.tn\/fr\/actualite\/national\/tunisie-lancement-dune-consultation-publique-sur-les-conditions-dexercice-de-la-recharge-des-voitures-electriques\/378719\/"},"author":{"name":"Wided Belhaj","@id":"https:\/\/www.webdo.tn\/fr\/#\/schema\/person\/b9ecde7a5574cb4fcf4b496ea5fadb15"},"headline":"Tunisie : Lancement d&rsquo;une consultation publique sur les conditions d\u2019exercice de la recharge des voitures \u00e9lectriques","datePublished":"2025-07-01T11:46:58+00:00","dateModified":"2025-07-01T11:47:19+00:00","mainEntityOfPage":{"@id":"https:\/\/www.webdo.tn\/fr\/actualite\/national\/tunisie-lancement-dune-consultation-publique-sur-les-conditions-dexercice-de-la-recharge-des-voitures-electriques\/378719\/"},"wordCount":104,"commentCount":0,"publisher":{"@id":"https:\/\/www.webdo.tn\/fr\/#organization"},"image":{"@id":"https:\/\/www.webdo.tn\/fr\/actualite\/national\/tunisie-lancement-dune-consultation-publique-sur-les-conditions-dexercice-de-la-recharge-des-voitures-electriques\/378719\/#primaryimage"},"thumbnailUrl":"https:\/\/www.webdo.tn\/fr\/wp-content\/uploads\/2025\/05\/74f6e0371251c5f05a11f7e9e140474a.webp","keywords":["Tunisie","Voiture \u00e9lectrique"],"articleSection":["National"],"inLanguage":"fr-FR"},{"@type":"WebPage","@id":"https:\/\/www.webdo.tn\/fr\/actualite\/national\/tunisie-lancement-dune-consultation-publique-sur-les-conditions-dexercice-de-la-recharge-des-voitures-electriques\/378719\/","url":"https:\/\/www.webdo.tn\/fr\/actualite\/national\/tunisie-lancement-dune-consultation-publique-sur-les-conditions-dexercice-de-la-recharge-des-voitures-electriques\/378719\/","name":"Tunisie : Lancement d'une consultation publique sur les conditions d\u2019exercice de la recharge des voitures \u00e9lectriques - webdo","isPartOf":{"@id":"https:\/\/www.webdo.tn\/fr\/#website"},"primaryImageOfPage":{"@id":"https:\/\/www.webdo.tn\/fr\/actualite\/national\/tunisie-lancement-dune-consultation-publique-sur-les-conditions-dexercice-de-la-recharge-des-voitures-electriques\/378719\/#primaryimage"},"image":{"@id":"https:\/\/www.webdo.tn\/fr\/actualite\/national\/tunisie-lancement-dune-consultation-publique-sur-les-conditions-dexercice-de-la-recharge-des-voitures-electriques\/378719\/#primaryimage"},"thumbnailUrl":"https:\/\/www.webdo.tn\/fr\/wp-content\/uploads\/2025\/05\/74f6e0371251c5f05a11f7e9e140474a.webp","datePublished":"2025-07-01T11:46:58+00:00","dateModified":"2025-07-01T11:47:19+00:00","description":"Tunisie : Lancement d'une consultation publique sur les conditions d\u2019exercice de la recharge des voitures \u00e9lectriques","breadcrumb":{"@id":"https:\/\/www.webdo.tn\/fr\/actualite\/national\/tunisie-lancement-dune-consultation-publique-sur-les-conditions-dexercice-de-la-recharge-des-voitures-electriques\/378719\/#breadcrumb"},"inLanguage":"fr-FR","potentialAction":[{"@type":"ReadAction","target":["https:\/\/www.webdo.tn\/fr\/actualite\/national\/tunisie-lancement-dune-consultation-publique-sur-les-conditions-dexercice-de-la-recharge-des-voitures-electriques\/378719\/"]}]},{"@type":"ImageObject","inLanguage":"fr-FR","@id":"https:\/\/www.webdo.tn\/fr\/actualite\/national\/tunisie-lancement-dune-consultation-publique-sur-les-conditions-dexercice-de-la-recharge-des-voitures-electriques\/378719\/#primaryimage","url":"https:\/\/www.webdo.tn\/fr\/wp-content\/uploads\/2025\/05\/74f6e0371251c5f05a11f7e9e140474a.webp","contentUrl":"https:\/\/www.webdo.tn\/fr\/wp-content\/uploads\/2025\/05\/74f6e0371251c5f05a11f7e9e140474a.webp","width":744,"height":397,"caption":"La Tunisie veut passer de 570 \u00e0 125.000 voitures \u00e9lectriques d'ici 2035"},{"@type":"BreadcrumbList","@id":"https:\/\/www.webdo.tn\/fr\/actualite\/national\/tunisie-lancement-dune-consultation-publique-sur-les-conditions-dexercice-de-la-recharge-des-voitures-electriques\/378719\/#breadcrumb","itemListElement":[{"@type":"ListItem","position":1,"name":"Accueil","item":"https:\/\/www.webdo.tn\/fr\/"},{"@type":"ListItem","position":2,"name":"Tunisie : Lancement d&rsquo;une consultation publique sur les conditions d\u2019exercice de la recharge des voitures \u00e9lectriques"}]},{"@type":"WebSite","@id":"https:\/\/www.webdo.tn\/fr\/#website","url":"https:\/\/www.webdo.tn\/fr\/","name":"webdo","description":"Tunisie - News en Tunisie et \u00e0 l&#039;international sur Webdo.tn","publisher":{"@id":"https:\/\/www.webdo.tn\/fr\/#organization"},"potentialAction":[{"@type":"SearchAction","target":{"@type":"EntryPoint","urlTemplate":"https:\/\/www.webdo.tn\/fr\/?s={search_term_string}"},"query-input":{"@type":"PropertyValueSpecification","valueRequired":true,"valueName":"search_term_string"}}],"inLanguage":"fr-FR"},{"@type":"Organization","@id":"https:\/\/www.webdo.tn\/fr\/#organization","name":"Webdo","alternateName":"Webdo.tn","url":"https:\/\/www.webdo.tn\/fr\/","logo":{"@type":"ImageObject","inLanguage":"fr-FR","@id":"https:\/\/www.webdo.tn\/fr\/#\/schema\/logo\/image\/","url":"https:\/\/www.webdo.tn\/fr\/wp-content\/uploads\/2025\/06\/Webdo-Tunisie_168377.jpg","contentUrl":"https:\/\/www.webdo.tn\/fr\/wp-content\/uploads\/2025\/06\/Webdo-Tunisie_168377.jpg","width":301,"height":301,"caption":"Webdo"},"image":{"@id":"https:\/\/www.webdo.tn\/fr\/#\/schema\/logo\/image\/"},"sameAs":["https:\/\/www.facebook.com\/webdotn","https:\/\/x.com\/webdo_tn"],"description":"Webdo est un m\u00e9dia num\u00e9rique tunisien fond\u00e9 en 2010, sp\u00e9cialis\u00e9 dans l\u2019actualit\u00e9 nationale et internationale, l\u2019\u00e9conomie, la soci\u00e9t\u00e9 et les analyses politiques. Le site s\u2019adresse \u00e0 un large public francophone et couvre l\u2019information tunisienne en temps r\u00e9el.","email":"redac@webdo.tn","legalName":"YNJ SARL","foundingDate":"2010-09-06","numberOfEmployees":{"@type":"QuantitativeValue","minValue":"11","maxValue":"50"}},{"@type":"Person","@id":"https:\/\/www.webdo.tn\/fr\/#\/schema\/person\/b9ecde7a5574cb4fcf4b496ea5fadb15","name":"Wided Belhaj","image":{"@type":"ImageObject","inLanguage":"fr-FR","@id":"https:\/\/www.webdo.tn\/fr\/wp-content\/uploads\/2026\/04\/wided-belhaj_avatar-96x96.jpg","url":"https:\/\/www.webdo.tn\/fr\/wp-content\/uploads\/2026\/04\/wided-belhaj_avatar-96x96.jpg","contentUrl":"https:\/\/www.webdo.tn\/fr\/wp-content\/uploads\/2026\/04\/wided-belhaj_avatar-96x96.jpg","caption":"Wided Belhaj"},"description":"Wided Belhaj est le pseudonyme \u00e9ditorial utilis\u00e9 par Khalil Jelassi, journaliste, ma\u00eetre-assistant \u00e0 l\u2019Institut de presse et des sciences de l\u2019information (IPSI) et chercheur en sciences de l\u2019information et de la communication. Cette signature est d\u00e9di\u00e9e \u00e0 l\u2019analyse des m\u00e9dias, des pratiques journalistiques et des mutations de l\u2019information \u00e0 l\u2019\u00e8re digitale. \u00c0 travers ses contributions, Wided Belhaj propose une lecture analytique de l\u2019actualit\u00e9, en croisant regard critique et expertise acad\u00e9mique.","knowsAbout":["m\u00e9dias","journalisme","communication","information","transformation num\u00e9rique","analyse des m\u00e9dias"],"knowsLanguage":["Fran\u00e7ais","Arabe"],"jobTitle":"Webdo.tn","worksFor":"Journaliste \u2013 Analyse des m\u00e9dias","url":"https:\/\/www.webdo.tn\/fr\/actualite\/author\/wided-belhaj\/"}]}},"_links":{"self":[{"href":"https:\/\/www.webdo.tn\/fr\/wp-json\/wp\/v2\/posts\/378719","targetHints":{"allow":["GET"]}}],"collection":[{"href":"https:\/\/www.webdo.tn\/fr\/wp-json\/wp\/v2\/posts"}],"about":[{"href":"https:\/\/www.webdo.tn\/fr\/wp-json\/wp\/v2\/types\/post"}],"author":[{"embeddable":true,"href":"https:\/\/www.webdo.tn\/fr\/wp-json\/wp\/v2\/users\/3184"}],"replies":[{"embeddable":true,"href":"https:\/\/www.webdo.tn\/fr\/wp-json\/wp\/v2\/comments?post=378719"}],"version-history":[{"count":0,"href":"https:\/\/www.webdo.tn\/fr\/wp-json\/wp\/v2\/posts\/378719\/revisions"}],"wp:featuredmedia":[{"embeddable":true,"href":"https:\/\/www.webdo.tn\/fr\/wp-json\/wp\/v2\/media\/366202"}],"wp:attachment":[{"href":"https:\/\/www.webdo.tn\/fr\/wp-json\/wp\/v2\/media?parent=378719"}],"wp:term":[{"taxonomy":"category","embeddable":true,"href":"https:\/\/www.webdo.tn\/fr\/wp-json\/wp\/v2\/categories?post=378719"},{"taxonomy":"post_tag","embeddable":true,"href":"https:\/\/www.webdo.tn\/fr\/wp-json\/wp\/v2\/tags?post=378719"}],"curies":[{"name":"wp","href":"https:\/\/api.w.org\/{rel}","templated":true}]}}