{"id":378715,"date":"2025-07-01T12:01:36","date_gmt":"2025-07-01T11:01:36","guid":{"rendered":"https:\/\/www.webdo.tn\/fr\/?p=378715"},"modified":"2025-07-01T20:57:22","modified_gmt":"2025-07-01T19:57:22","slug":"tunisie-mariem-retrouvee-a-30-km-du-rivage-le-temoignage-bouleversant-dun-plongeur","status":"publish","type":"post","link":"https:\/\/www.webdo.tn\/fr\/actualite\/national\/tunisie-mariem-retrouvee-a-30-km-du-rivage-le-temoignage-bouleversant-dun-plongeur\/378715\/","title":{"rendered":"Tunisie : Mariem retrouv\u00e9e \u00e0 30 km du rivage, le t\u00e9moignage bouleversant d\u2019un plongeur"},"content":{"rendered":"\n<p><strong>Khitam Nasser, l\u2019un des plongeurs b\u00e9n\u00e9voles ayant particip\u00e9 aux recherches de la fillette de trois ans, Mariem, dont le corps a \u00e9t\u00e9 rep\u00each\u00e9 lundi au large des c\u00f4tes de Korba, s\u2019est exprim\u00e9 ce mardi 1er juillet 2025 sur les ondes de Mosa\u00efque FM. <\/strong><\/p>\n\n\n\n<p>Il a r\u00e9v\u00e9l\u00e9 que l\u2019endroit o\u00f9 le corps de Mariem a \u00e9t\u00e9 retrouv\u00e9 se situe \u00e0 plus de 30 kilom\u00e8tres du lieu o\u00f9 elle se trouvait avec sa famille.<\/p>\n\n\n\n<p>\u00ab Son p\u00e8re a \u00e9t\u00e9 tr\u00e8s coop\u00e9ratif, mais ses mots \u00e9taient bouleversants\u2026 Je n\u2019ai pas pu les oublier tant ils m\u2019ont touch\u00e9 \u00bb, a-t-il confi\u00e9. \u00ab Il m\u2019a racont\u00e9 qu\u2019il n\u2019\u00e9tait qu\u2019\u00e0 trois m\u00e8tres de sa fille quand elle a \u00e9t\u00e9 emport\u00e9e. Il l\u2019appelait Mariem, n\u2019aie pas peur, je suis l\u00e0, et elle lui a r\u00e9pondu \u00e7a va, j\u2019ai pas peur, viens vite. \u00bb<\/p>\n\n\n\n<p><\/p>\n\n\n\n<p>Khitam Nasser a \u00e9galement indiqu\u00e9 que la bou\u00e9e en caoutchouc de la petite fille avait \u00e9t\u00e9 retrouv\u00e9e d\u00e8s les premi\u00e8res heures de la recherche, \u00e0 14 kilom\u00e8tres du rivage.<\/p>\n\n\n\n<p>Pour rappel, les \u00e9quipes de la Garde maritime de K\u00e9libia ont retrouv\u00e9 le corps de Mariem lundi vers 19h, d\u00e9rivant en pleine mer au large de Korba. La proc\u00e9dure de remise du corps \u00e0 son p\u00e8re a \u00e9t\u00e9 entam\u00e9e.<\/p>\n\n\n\n<p>La Direction g\u00e9n\u00e9rale de la Garde nationale a pr\u00e9cis\u00e9 que la d\u00e9pouille a \u00e9t\u00e9 transf\u00e9r\u00e9e \u00e0 l\u2019h\u00f4pital r\u00e9gional Tahar Maamouri de Nabeul pour les examens m\u00e9dico-l\u00e9gaux n\u00e9cessaires.<\/p>\n\n\n\n<p><\/p>\n","protected":false},"excerpt":{"rendered":"<p>Khitam Nasser, l\u2019un des plongeurs b\u00e9n\u00e9voles ayant particip\u00e9 aux recherches de la fillette de trois ans, Mariem, dont le corps a \u00e9t\u00e9 rep\u00each\u00e9 lundi au large des c\u00f4tes de Korba, s\u2019est exprim\u00e9 ce mardi 1er juillet 2025 sur les ondes de Mosa\u00efque FM. Il a r\u00e9v\u00e9l\u00e9 que l\u2019endroit o\u00f9 le corps de Mariem a \u00e9t\u00e9 [&hellip;]<\/p>\n","protected":false},"author":3184,"featured_media":378716,"comment_status":"open","ping_status":"open","sticky":false,"template":"","format":"standard","meta":{"footnotes":""},"categories":[44],"tags":[12076,2608],"class_list":["post-378715","post","type-post","status-publish","format-standard","has-post-thumbnail","hentry","category-national","tag-mariem","tag-tunisie"],"yoast_head":"<!-- This site is optimized with the Yoast SEO Premium plugin v27.5 (Yoast SEO v27.5) - https:\/\/yoast.com\/product\/yoast-seo-premium-wordpress\/ -->\n<title>Tunisie : Mariem retrouv\u00e9e \u00e0 30 km du rivage, le t\u00e9moignage bouleversant d\u2019un plongeur - webdo<\/title>\n<meta name=\"description\" content=\"D\u00e9couvrez l&#039;histoire tragique de Mariem, retrouv\u00e9e apr\u00e8s des recherches engag\u00e9es par des plongeurs b\u00e9n\u00e9voles.\" \/>\n<link rel=\"canonical\" href=\"https:\/\/www.webdo.tn\/fr\/actualite\/national\/tunisie-mariem-retrouvee-a-30-km-du-rivage-le-temoignage-bouleversant-dun-plongeur\/378715\/\" \/>\n<meta property=\"og:locale\" content=\"fr_FR\" \/>\n<meta property=\"og:type\" content=\"article\" \/>\n<meta property=\"og:title\" content=\"Tunisie : Mariem retrouv\u00e9e \u00e0 30 km du rivage, le t\u00e9moignage bouleversant d\u2019un plongeur\" \/>\n<meta property=\"og:description\" content=\"D\u00e9couvrez l&#039;histoire tragique de Mariem, retrouv\u00e9e apr\u00e8s des recherches engag\u00e9es par des plongeurs b\u00e9n\u00e9voles.\" \/>\n<meta property=\"og:url\" content=\"https:\/\/www.webdo.tn\/fr\/actualite\/national\/tunisie-mariem-retrouvee-a-30-km-du-rivage-le-temoignage-bouleversant-dun-plongeur\/378715\/\" \/>\n<meta property=\"og:site_name\" content=\"webdo\" \/>\n<meta property=\"article:publisher\" content=\"https:\/\/www.facebook.com\/webdotn\" \/>\n<meta property=\"article:published_time\" content=\"2025-07-01T11:01:36+00:00\" \/>\n<meta property=\"article:modified_time\" content=\"2025-07-01T19:57:22+00:00\" \/>\n<meta property=\"og:image\" content=\"https:\/\/www.webdo.tn\/fr\/wp-content\/uploads\/2025\/07\/plongeur-protection-civile.jpg\" \/>\n\t<meta property=\"og:image:width\" content=\"1200\" \/>\n\t<meta property=\"og:image:height\" content=\"630\" \/>\n\t<meta property=\"og:image:type\" content=\"image\/jpeg\" \/>\n<meta name=\"author\" content=\"Wided Belhaj\" \/>\n<meta name=\"twitter:card\" content=\"summary_large_image\" \/>\n<meta name=\"twitter:creator\" content=\"@webdo_tn\" \/>\n<meta name=\"twitter:site\" content=\"@webdo_tn\" \/>\n<meta name=\"twitter:label1\" content=\"\u00c9crit par\" \/>\n\t<meta name=\"twitter:data1\" content=\"Wided Belhaj\" \/>\n\t<meta name=\"twitter:label2\" content=\"Dur\u00e9e de lecture estim\u00e9e\" \/>\n\t<meta name=\"twitter:data2\" content=\"2 minutes\" \/>\n<script type=\"application\/ld+json\" class=\"yoast-schema-graph\">{\"@context\":\"https:\\\/\\\/schema.org\",\"@graph\":[{\"@type\":\"NewsArticle\",\"@id\":\"https:\\\/\\\/www.webdo.tn\\\/fr\\\/actualite\\\/national\\\/tunisie-mariem-retrouvee-a-30-km-du-rivage-le-temoignage-bouleversant-dun-plongeur\\\/378715\\\/#article\",\"isPartOf\":{\"@id\":\"https:\\\/\\\/www.webdo.tn\\\/fr\\\/actualite\\\/national\\\/tunisie-mariem-retrouvee-a-30-km-du-rivage-le-temoignage-bouleversant-dun-plongeur\\\/378715\\\/\"},\"author\":{\"name\":\"Wided Belhaj\",\"@id\":\"https:\\\/\\\/www.webdo.tn\\\/fr\\\/#\\\/schema\\\/person\\\/b9ecde7a5574cb4fcf4b496ea5fadb15\"},\"headline\":\"Tunisie : Mariem retrouv\u00e9e \u00e0 30 km du rivage, le t\u00e9moignage bouleversant d\u2019un plongeur\",\"datePublished\":\"2025-07-01T11:01:36+00:00\",\"dateModified\":\"2025-07-01T19:57:22+00:00\",\"mainEntityOfPage\":{\"@id\":\"https:\\\/\\\/www.webdo.tn\\\/fr\\\/actualite\\\/national\\\/tunisie-mariem-retrouvee-a-30-km-du-rivage-le-temoignage-bouleversant-dun-plongeur\\\/378715\\\/\"},\"wordCount\":281,\"commentCount\":0,\"publisher\":{\"@id\":\"https:\\\/\\\/www.webdo.tn\\\/fr\\\/#organization\"},\"image\":{\"@id\":\"https:\\\/\\\/www.webdo.tn\\\/fr\\\/actualite\\\/national\\\/tunisie-mariem-retrouvee-a-30-km-du-rivage-le-temoignage-bouleversant-dun-plongeur\\\/378715\\\/#primaryimage\"},\"thumbnailUrl\":\"https:\\\/\\\/www.webdo.tn\\\/fr\\\/wp-content\\\/uploads\\\/2025\\\/07\\\/plongeur-protection-civile.jpg\",\"keywords\":[\"mariem\",\"Tunisie\"],\"articleSection\":[\"National\"],\"inLanguage\":\"fr-FR\"},{\"@type\":\"WebPage\",\"@id\":\"https:\\\/\\\/www.webdo.tn\\\/fr\\\/actualite\\\/national\\\/tunisie-mariem-retrouvee-a-30-km-du-rivage-le-temoignage-bouleversant-dun-plongeur\\\/378715\\\/\",\"url\":\"https:\\\/\\\/www.webdo.tn\\\/fr\\\/actualite\\\/national\\\/tunisie-mariem-retrouvee-a-30-km-du-rivage-le-temoignage-bouleversant-dun-plongeur\\\/378715\\\/\",\"name\":\"Tunisie : Mariem retrouv\u00e9e \u00e0 30 km du rivage, le t\u00e9moignage bouleversant d\u2019un plongeur - webdo\",\"isPartOf\":{\"@id\":\"https:\\\/\\\/www.webdo.tn\\\/fr\\\/#website\"},\"primaryImageOfPage\":{\"@id\":\"https:\\\/\\\/www.webdo.tn\\\/fr\\\/actualite\\\/national\\\/tunisie-mariem-retrouvee-a-30-km-du-rivage-le-temoignage-bouleversant-dun-plongeur\\\/378715\\\/#primaryimage\"},\"image\":{\"@id\":\"https:\\\/\\\/www.webdo.tn\\\/fr\\\/actualite\\\/national\\\/tunisie-mariem-retrouvee-a-30-km-du-rivage-le-temoignage-bouleversant-dun-plongeur\\\/378715\\\/#primaryimage\"},\"thumbnailUrl\":\"https:\\\/\\\/www.webdo.tn\\\/fr\\\/wp-content\\\/uploads\\\/2025\\\/07\\\/plongeur-protection-civile.jpg\",\"datePublished\":\"2025-07-01T11:01:36+00:00\",\"dateModified\":\"2025-07-01T19:57:22+00:00\",\"description\":\"D\u00e9couvrez l'histoire tragique de Mariem, retrouv\u00e9e apr\u00e8s des recherches engag\u00e9es par des plongeurs b\u00e9n\u00e9voles.\",\"breadcrumb\":{\"@id\":\"https:\\\/\\\/www.webdo.tn\\\/fr\\\/actualite\\\/national\\\/tunisie-mariem-retrouvee-a-30-km-du-rivage-le-temoignage-bouleversant-dun-plongeur\\\/378715\\\/#breadcrumb\"},\"inLanguage\":\"fr-FR\",\"potentialAction\":[{\"@type\":\"ReadAction\",\"target\":[\"https:\\\/\\\/www.webdo.tn\\\/fr\\\/actualite\\\/national\\\/tunisie-mariem-retrouvee-a-30-km-du-rivage-le-temoignage-bouleversant-dun-plongeur\\\/378715\\\/\"]}]},{\"@type\":\"ImageObject\",\"inLanguage\":\"fr-FR\",\"@id\":\"https:\\\/\\\/www.webdo.tn\\\/fr\\\/actualite\\\/national\\\/tunisie-mariem-retrouvee-a-30-km-du-rivage-le-temoignage-bouleversant-dun-plongeur\\\/378715\\\/#primaryimage\",\"url\":\"https:\\\/\\\/www.webdo.tn\\\/fr\\\/wp-content\\\/uploads\\\/2025\\\/07\\\/plongeur-protection-civile.jpg\",\"contentUrl\":\"https:\\\/\\\/www.webdo.tn\\\/fr\\\/wp-content\\\/uploads\\\/2025\\\/07\\\/plongeur-protection-civile.jpg\",\"width\":1200,\"height\":630},{\"@type\":\"BreadcrumbList\",\"@id\":\"https:\\\/\\\/www.webdo.tn\\\/fr\\\/actualite\\\/national\\\/tunisie-mariem-retrouvee-a-30-km-du-rivage-le-temoignage-bouleversant-dun-plongeur\\\/378715\\\/#breadcrumb\",\"itemListElement\":[{\"@type\":\"ListItem\",\"position\":1,\"name\":\"Accueil\",\"item\":\"https:\\\/\\\/www.webdo.tn\\\/fr\\\/\"},{\"@type\":\"ListItem\",\"position\":2,\"name\":\"Tunisie : Mariem retrouv\u00e9e \u00e0 30 km du rivage, le t\u00e9moignage bouleversant d\u2019un plongeur\"}]},{\"@type\":\"WebSite\",\"@id\":\"https:\\\/\\\/www.webdo.tn\\\/fr\\\/#website\",\"url\":\"https:\\\/\\\/www.webdo.tn\\\/fr\\\/\",\"name\":\"webdo\",\"description\":\"Tunisie - News en Tunisie et \u00e0 l&#039;international sur Webdo.tn\",\"publisher\":{\"@id\":\"https:\\\/\\\/www.webdo.tn\\\/fr\\\/#organization\"},\"potentialAction\":[{\"@type\":\"SearchAction\",\"target\":{\"@type\":\"EntryPoint\",\"urlTemplate\":\"https:\\\/\\\/www.webdo.tn\\\/fr\\\/?s={search_term_string}\"},\"query-input\":{\"@type\":\"PropertyValueSpecification\",\"valueRequired\":true,\"valueName\":\"search_term_string\"}}],\"inLanguage\":\"fr-FR\"},{\"@type\":\"Organization\",\"@id\":\"https:\\\/\\\/www.webdo.tn\\\/fr\\\/#organization\",\"name\":\"Webdo\",\"alternateName\":\"Webdo.tn\",\"url\":\"https:\\\/\\\/www.webdo.tn\\\/fr\\\/\",\"logo\":{\"@type\":\"ImageObject\",\"inLanguage\":\"fr-FR\",\"@id\":\"https:\\\/\\\/www.webdo.tn\\\/fr\\\/#\\\/schema\\\/logo\\\/image\\\/\",\"url\":\"https:\\\/\\\/www.webdo.tn\\\/fr\\\/wp-content\\\/uploads\\\/2025\\\/06\\\/Webdo-Tunisie_168377.jpg\",\"contentUrl\":\"https:\\\/\\\/www.webdo.tn\\\/fr\\\/wp-content\\\/uploads\\\/2025\\\/06\\\/Webdo-Tunisie_168377.jpg\",\"width\":301,\"height\":301,\"caption\":\"Webdo\"},\"image\":{\"@id\":\"https:\\\/\\\/www.webdo.tn\\\/fr\\\/#\\\/schema\\\/logo\\\/image\\\/\"},\"sameAs\":[\"https:\\\/\\\/www.facebook.com\\\/webdotn\",\"https:\\\/\\\/x.com\\\/webdo_tn\"],\"description\":\"Webdo est un m\u00e9dia num\u00e9rique tunisien fond\u00e9 en 2010, sp\u00e9cialis\u00e9 dans l\u2019actualit\u00e9 nationale et internationale, l\u2019\u00e9conomie, la soci\u00e9t\u00e9 et les analyses politiques. Le site s\u2019adresse \u00e0 un large public francophone et couvre l\u2019information tunisienne en temps r\u00e9el.\",\"email\":\"redac@webdo.tn\",\"legalName\":\"YNJ SARL\",\"foundingDate\":\"2010-09-06\",\"numberOfEmployees\":{\"@type\":\"QuantitativeValue\",\"minValue\":\"11\",\"maxValue\":\"50\"}},{\"@type\":\"Person\",\"@id\":\"https:\\\/\\\/www.webdo.tn\\\/fr\\\/#\\\/schema\\\/person\\\/b9ecde7a5574cb4fcf4b496ea5fadb15\",\"name\":\"Wided Belhaj\",\"image\":{\"@type\":\"ImageObject\",\"inLanguage\":\"fr-FR\",\"@id\":\"https:\\\/\\\/www.webdo.tn\\\/fr\\\/wp-content\\\/uploads\\\/2026\\\/04\\\/wided-belhaj_avatar-96x96.jpg\",\"url\":\"https:\\\/\\\/www.webdo.tn\\\/fr\\\/wp-content\\\/uploads\\\/2026\\\/04\\\/wided-belhaj_avatar-96x96.jpg\",\"contentUrl\":\"https:\\\/\\\/www.webdo.tn\\\/fr\\\/wp-content\\\/uploads\\\/2026\\\/04\\\/wided-belhaj_avatar-96x96.jpg\",\"caption\":\"Wided Belhaj\"},\"description\":\"Wided Belhaj est le pseudonyme \u00e9ditorial utilis\u00e9 par Khalil Jelassi, journaliste, ma\u00eetre-assistant \u00e0 l\u2019Institut de presse et des sciences de l\u2019information (IPSI) et chercheur en sciences de l\u2019information et de la communication. Cette signature est d\u00e9di\u00e9e \u00e0 l\u2019analyse des m\u00e9dias, des pratiques journalistiques et des mutations de l\u2019information \u00e0 l\u2019\u00e8re digitale. \u00c0 travers ses contributions, Wided Belhaj propose une lecture analytique de l\u2019actualit\u00e9, en croisant regard critique et expertise acad\u00e9mique.\",\"knowsAbout\":[\"m\u00e9dias\",\"journalisme\",\"communication\",\"information\",\"transformation num\u00e9rique\",\"analyse des m\u00e9dias\"],\"knowsLanguage\":[\"Fran\u00e7ais\",\"Arabe\"],\"jobTitle\":\"Webdo.tn\",\"worksFor\":\"Journaliste \u2013 Analyse des m\u00e9dias\",\"url\":\"https:\\\/\\\/www.webdo.tn\\\/fr\\\/actualite\\\/author\\\/wided-belhaj\\\/\"}]}<\/script>\n<!-- \/ Yoast SEO Premium plugin. -->","yoast_head_json":{"title":"Tunisie : Mariem retrouv\u00e9e \u00e0 30 km du rivage, le t\u00e9moignage bouleversant d\u2019un plongeur - webdo","description":"D\u00e9couvrez l'histoire tragique de Mariem, retrouv\u00e9e apr\u00e8s des recherches engag\u00e9es par des plongeurs b\u00e9n\u00e9voles.","canonical":"https:\/\/www.webdo.tn\/fr\/actualite\/national\/tunisie-mariem-retrouvee-a-30-km-du-rivage-le-temoignage-bouleversant-dun-plongeur\/378715\/","og_locale":"fr_FR","og_type":"article","og_title":"Tunisie : Mariem retrouv\u00e9e \u00e0 30 km du rivage, le t\u00e9moignage bouleversant d\u2019un plongeur","og_description":"D\u00e9couvrez l'histoire tragique de Mariem, retrouv\u00e9e apr\u00e8s des recherches engag\u00e9es par des plongeurs b\u00e9n\u00e9voles.","og_url":"https:\/\/www.webdo.tn\/fr\/actualite\/national\/tunisie-mariem-retrouvee-a-30-km-du-rivage-le-temoignage-bouleversant-dun-plongeur\/378715\/","og_site_name":"webdo","article_publisher":"https:\/\/www.facebook.com\/webdotn","article_published_time":"2025-07-01T11:01:36+00:00","article_modified_time":"2025-07-01T19:57:22+00:00","og_image":[{"width":1200,"height":630,"url":"https:\/\/www.webdo.tn\/fr\/wp-content\/uploads\/2025\/07\/plongeur-protection-civile.jpg","type":"image\/jpeg"}],"author":"Wided Belhaj","twitter_card":"summary_large_image","twitter_creator":"@webdo_tn","twitter_site":"@webdo_tn","twitter_misc":{"\u00c9crit par":"Wided Belhaj","Dur\u00e9e de lecture estim\u00e9e":"2 minutes"},"schema":{"@context":"https:\/\/schema.org","@graph":[{"@type":"NewsArticle","@id":"https:\/\/www.webdo.tn\/fr\/actualite\/national\/tunisie-mariem-retrouvee-a-30-km-du-rivage-le-temoignage-bouleversant-dun-plongeur\/378715\/#article","isPartOf":{"@id":"https:\/\/www.webdo.tn\/fr\/actualite\/national\/tunisie-mariem-retrouvee-a-30-km-du-rivage-le-temoignage-bouleversant-dun-plongeur\/378715\/"},"author":{"name":"Wided Belhaj","@id":"https:\/\/www.webdo.tn\/fr\/#\/schema\/person\/b9ecde7a5574cb4fcf4b496ea5fadb15"},"headline":"Tunisie : Mariem retrouv\u00e9e \u00e0 30 km du rivage, le t\u00e9moignage bouleversant d\u2019un plongeur","datePublished":"2025-07-01T11:01:36+00:00","dateModified":"2025-07-01T19:57:22+00:00","mainEntityOfPage":{"@id":"https:\/\/www.webdo.tn\/fr\/actualite\/national\/tunisie-mariem-retrouvee-a-30-km-du-rivage-le-temoignage-bouleversant-dun-plongeur\/378715\/"},"wordCount":281,"commentCount":0,"publisher":{"@id":"https:\/\/www.webdo.tn\/fr\/#organization"},"image":{"@id":"https:\/\/www.webdo.tn\/fr\/actualite\/national\/tunisie-mariem-retrouvee-a-30-km-du-rivage-le-temoignage-bouleversant-dun-plongeur\/378715\/#primaryimage"},"thumbnailUrl":"https:\/\/www.webdo.tn\/fr\/wp-content\/uploads\/2025\/07\/plongeur-protection-civile.jpg","keywords":["mariem","Tunisie"],"articleSection":["National"],"inLanguage":"fr-FR"},{"@type":"WebPage","@id":"https:\/\/www.webdo.tn\/fr\/actualite\/national\/tunisie-mariem-retrouvee-a-30-km-du-rivage-le-temoignage-bouleversant-dun-plongeur\/378715\/","url":"https:\/\/www.webdo.tn\/fr\/actualite\/national\/tunisie-mariem-retrouvee-a-30-km-du-rivage-le-temoignage-bouleversant-dun-plongeur\/378715\/","name":"Tunisie : Mariem retrouv\u00e9e \u00e0 30 km du rivage, le t\u00e9moignage bouleversant d\u2019un plongeur - webdo","isPartOf":{"@id":"https:\/\/www.webdo.tn\/fr\/#website"},"primaryImageOfPage":{"@id":"https:\/\/www.webdo.tn\/fr\/actualite\/national\/tunisie-mariem-retrouvee-a-30-km-du-rivage-le-temoignage-bouleversant-dun-plongeur\/378715\/#primaryimage"},"image":{"@id":"https:\/\/www.webdo.tn\/fr\/actualite\/national\/tunisie-mariem-retrouvee-a-30-km-du-rivage-le-temoignage-bouleversant-dun-plongeur\/378715\/#primaryimage"},"thumbnailUrl":"https:\/\/www.webdo.tn\/fr\/wp-content\/uploads\/2025\/07\/plongeur-protection-civile.jpg","datePublished":"2025-07-01T11:01:36+00:00","dateModified":"2025-07-01T19:57:22+00:00","description":"D\u00e9couvrez l'histoire tragique de Mariem, retrouv\u00e9e apr\u00e8s des recherches engag\u00e9es par des plongeurs b\u00e9n\u00e9voles.","breadcrumb":{"@id":"https:\/\/www.webdo.tn\/fr\/actualite\/national\/tunisie-mariem-retrouvee-a-30-km-du-rivage-le-temoignage-bouleversant-dun-plongeur\/378715\/#breadcrumb"},"inLanguage":"fr-FR","potentialAction":[{"@type":"ReadAction","target":["https:\/\/www.webdo.tn\/fr\/actualite\/national\/tunisie-mariem-retrouvee-a-30-km-du-rivage-le-temoignage-bouleversant-dun-plongeur\/378715\/"]}]},{"@type":"ImageObject","inLanguage":"fr-FR","@id":"https:\/\/www.webdo.tn\/fr\/actualite\/national\/tunisie-mariem-retrouvee-a-30-km-du-rivage-le-temoignage-bouleversant-dun-plongeur\/378715\/#primaryimage","url":"https:\/\/www.webdo.tn\/fr\/wp-content\/uploads\/2025\/07\/plongeur-protection-civile.jpg","contentUrl":"https:\/\/www.webdo.tn\/fr\/wp-content\/uploads\/2025\/07\/plongeur-protection-civile.jpg","width":1200,"height":630},{"@type":"BreadcrumbList","@id":"https:\/\/www.webdo.tn\/fr\/actualite\/national\/tunisie-mariem-retrouvee-a-30-km-du-rivage-le-temoignage-bouleversant-dun-plongeur\/378715\/#breadcrumb","itemListElement":[{"@type":"ListItem","position":1,"name":"Accueil","item":"https:\/\/www.webdo.tn\/fr\/"},{"@type":"ListItem","position":2,"name":"Tunisie : Mariem retrouv\u00e9e \u00e0 30 km du rivage, le t\u00e9moignage bouleversant d\u2019un plongeur"}]},{"@type":"WebSite","@id":"https:\/\/www.webdo.tn\/fr\/#website","url":"https:\/\/www.webdo.tn\/fr\/","name":"webdo","description":"Tunisie - News en Tunisie et \u00e0 l&#039;international sur Webdo.tn","publisher":{"@id":"https:\/\/www.webdo.tn\/fr\/#organization"},"potentialAction":[{"@type":"SearchAction","target":{"@type":"EntryPoint","urlTemplate":"https:\/\/www.webdo.tn\/fr\/?s={search_term_string}"},"query-input":{"@type":"PropertyValueSpecification","valueRequired":true,"valueName":"search_term_string"}}],"inLanguage":"fr-FR"},{"@type":"Organization","@id":"https:\/\/www.webdo.tn\/fr\/#organization","name":"Webdo","alternateName":"Webdo.tn","url":"https:\/\/www.webdo.tn\/fr\/","logo":{"@type":"ImageObject","inLanguage":"fr-FR","@id":"https:\/\/www.webdo.tn\/fr\/#\/schema\/logo\/image\/","url":"https:\/\/www.webdo.tn\/fr\/wp-content\/uploads\/2025\/06\/Webdo-Tunisie_168377.jpg","contentUrl":"https:\/\/www.webdo.tn\/fr\/wp-content\/uploads\/2025\/06\/Webdo-Tunisie_168377.jpg","width":301,"height":301,"caption":"Webdo"},"image":{"@id":"https:\/\/www.webdo.tn\/fr\/#\/schema\/logo\/image\/"},"sameAs":["https:\/\/www.facebook.com\/webdotn","https:\/\/x.com\/webdo_tn"],"description":"Webdo est un m\u00e9dia num\u00e9rique tunisien fond\u00e9 en 2010, sp\u00e9cialis\u00e9 dans l\u2019actualit\u00e9 nationale et internationale, l\u2019\u00e9conomie, la soci\u00e9t\u00e9 et les analyses politiques. Le site s\u2019adresse \u00e0 un large public francophone et couvre l\u2019information tunisienne en temps r\u00e9el.","email":"redac@webdo.tn","legalName":"YNJ SARL","foundingDate":"2010-09-06","numberOfEmployees":{"@type":"QuantitativeValue","minValue":"11","maxValue":"50"}},{"@type":"Person","@id":"https:\/\/www.webdo.tn\/fr\/#\/schema\/person\/b9ecde7a5574cb4fcf4b496ea5fadb15","name":"Wided Belhaj","image":{"@type":"ImageObject","inLanguage":"fr-FR","@id":"https:\/\/www.webdo.tn\/fr\/wp-content\/uploads\/2026\/04\/wided-belhaj_avatar-96x96.jpg","url":"https:\/\/www.webdo.tn\/fr\/wp-content\/uploads\/2026\/04\/wided-belhaj_avatar-96x96.jpg","contentUrl":"https:\/\/www.webdo.tn\/fr\/wp-content\/uploads\/2026\/04\/wided-belhaj_avatar-96x96.jpg","caption":"Wided Belhaj"},"description":"Wided Belhaj est le pseudonyme \u00e9ditorial utilis\u00e9 par Khalil Jelassi, journaliste, ma\u00eetre-assistant \u00e0 l\u2019Institut de presse et des sciences de l\u2019information (IPSI) et chercheur en sciences de l\u2019information et de la communication. Cette signature est d\u00e9di\u00e9e \u00e0 l\u2019analyse des m\u00e9dias, des pratiques journalistiques et des mutations de l\u2019information \u00e0 l\u2019\u00e8re digitale. \u00c0 travers ses contributions, Wided Belhaj propose une lecture analytique de l\u2019actualit\u00e9, en croisant regard critique et expertise acad\u00e9mique.","knowsAbout":["m\u00e9dias","journalisme","communication","information","transformation num\u00e9rique","analyse des m\u00e9dias"],"knowsLanguage":["Fran\u00e7ais","Arabe"],"jobTitle":"Webdo.tn","worksFor":"Journaliste \u2013 Analyse des m\u00e9dias","url":"https:\/\/www.webdo.tn\/fr\/actualite\/author\/wided-belhaj\/"}]}},"_links":{"self":[{"href":"https:\/\/www.webdo.tn\/fr\/wp-json\/wp\/v2\/posts\/378715","targetHints":{"allow":["GET"]}}],"collection":[{"href":"https:\/\/www.webdo.tn\/fr\/wp-json\/wp\/v2\/posts"}],"about":[{"href":"https:\/\/www.webdo.tn\/fr\/wp-json\/wp\/v2\/types\/post"}],"author":[{"embeddable":true,"href":"https:\/\/www.webdo.tn\/fr\/wp-json\/wp\/v2\/users\/3184"}],"replies":[{"embeddable":true,"href":"https:\/\/www.webdo.tn\/fr\/wp-json\/wp\/v2\/comments?post=378715"}],"version-history":[{"count":0,"href":"https:\/\/www.webdo.tn\/fr\/wp-json\/wp\/v2\/posts\/378715\/revisions"}],"wp:featuredmedia":[{"embeddable":true,"href":"https:\/\/www.webdo.tn\/fr\/wp-json\/wp\/v2\/media\/378716"}],"wp:attachment":[{"href":"https:\/\/www.webdo.tn\/fr\/wp-json\/wp\/v2\/media?parent=378715"}],"wp:term":[{"taxonomy":"category","embeddable":true,"href":"https:\/\/www.webdo.tn\/fr\/wp-json\/wp\/v2\/categories?post=378715"},{"taxonomy":"post_tag","embeddable":true,"href":"https:\/\/www.webdo.tn\/fr\/wp-json\/wp\/v2\/tags?post=378715"}],"curies":[{"name":"wp","href":"https:\/\/api.w.org\/{rel}","templated":true}]}}