{"id":378684,"date":"2025-07-01T07:46:03","date_gmt":"2025-07-01T06:46:03","guid":{"rendered":"https:\/\/www.webdo.tn\/fr\/?p=378684"},"modified":"2025-07-01T08:35:18","modified_gmt":"2025-07-01T07:35:18","slug":"leurope-suffoque-sous-une-vague-de-chaleur-historique","status":"publish","type":"post","link":"https:\/\/www.webdo.tn\/fr\/actualite\/international\/leurope-suffoque-sous-une-vague-de-chaleur-historique\/378684\/","title":{"rendered":"L\u2019Europe suffoque sous une vague de chaleur historique"},"content":{"rendered":"\n<p><strong>L\u2019Europe est frapp\u00e9e depuis plusieurs jours par une vague de chaleur d\u2019une intensit\u00e9 rare, avec des temp\u00e9ratures atteignant les 46\u202f\u00b0C en Espagne et au Portugal. Ce ph\u00e9nom\u00e8ne m\u00e9t\u00e9orologique est caus\u00e9 par un d\u00f4me de chaleur, un syst\u00e8me de haute pression qui emprisonne l\u2019air chaud sur une vaste zone, emp\u00eachant tout rafra\u00eechissement. <\/strong><\/p>\n\n\n\n<p>La chaleur s\u2019est \u00e9tendue \u00e0 l\u2019Italie, la France, l\u2019Allemagne, la Turquie et jusqu\u2019aux Alpes, o\u00f9 la limite de gel a d\u00e9pass\u00e9 les 5\u202f000 m\u00e8tres, une situation in\u00e9dite.<\/p>\n\n\n\n<p>Face \u00e0 cette canicule pr\u00e9coce, les autorit\u00e9s de plusieurs pays europ\u00e9ens ont d\u00e9clench\u00e9 des alertes rouges. Les services de sant\u00e9 recommandent de rester \u00e0 l\u2019abri, de bien s\u2019hydrater et de surveiller les personnes vuln\u00e9rables. Les h\u00f4pitaux, d\u00e9j\u00e0 fragilis\u00e9s dans certaines r\u00e9gions, craignent une saturation due aux coups de chaleur. Les \u00e9coles, dans certaines zones, ont d\u00fb am\u00e9nager leurs horaires ou fermer temporairement.<\/p>\n\n\n\n<p>Au-del\u00e0 des risques sanitaires, la vague de chaleur fait planer une menace sur l\u2019environnement. Dans le sud de la France, en Gr\u00e8ce et au Portugal, les risques d\u2019incendies sont \u00e0 leur maximum. Plusieurs d\u00e9parts de feu ont d\u00e9j\u00e0 \u00e9t\u00e9 recens\u00e9s, poussant les autorit\u00e9s \u00e0 mobiliser des moyens de lutte accrus. La s\u00e9cheresse menace \u00e9galement les cultures agricoles, notamment dans les zones viticoles et c\u00e9r\u00e9ali\u00e8res.<\/p>\n\n\n\n<p>Ce nouvel \u00e9pisode caniculaire s\u2019inscrit dans une tendance inqui\u00e9tante li\u00e9e au changement climatique. Les vagues de chaleur deviennent plus fr\u00e9quentes, plus longues et plus intenses. Selon les climatologues, la multiplication de ces \u00e9v\u00e9nements extr\u00eames est un signal d\u2019alarme pour les d\u00e9cideurs politiques, appel\u00e9s \u00e0 renforcer les politiques d\u2019adaptation et de r\u00e9duction des \u00e9missions de gaz \u00e0 effet de serre.<\/p>\n\n\n\n<p>Pour les citoyens europ\u00e9ens, cette canicule sonne comme un rappel brutal que le d\u00e9r\u00e8glement climatique est d\u00e9j\u00e0 une r\u00e9alit\u00e9. Alors que l\u2019\u00e9t\u00e9 ne fait que commencer, la vigilance reste de mise, tant pour la sant\u00e9 publique que pour la protection de l\u2019environnement.<\/p>\n\n\n\n<p><\/p>\n","protected":false},"excerpt":{"rendered":"<p>L\u2019Europe est frapp\u00e9e depuis plusieurs jours par une vague de chaleur d\u2019une intensit\u00e9 rare, avec des temp\u00e9ratures atteignant les 46\u202f\u00b0C en Espagne et au Portugal. Ce ph\u00e9nom\u00e8ne m\u00e9t\u00e9orologique est caus\u00e9 par un d\u00f4me de chaleur, un syst\u00e8me de haute pression qui emprisonne l\u2019air chaud sur une vaste zone, emp\u00eachant tout rafra\u00eechissement. La chaleur s\u2019est \u00e9tendue [&hellip;]<\/p>\n","protected":false},"author":3184,"featured_media":378685,"comment_status":"open","ping_status":"open","sticky":false,"template":"","format":"standard","meta":{"footnotes":""},"categories":[2598],"tags":[5930,3319,3725],"class_list":["post-378684","post","type-post","status-publish","format-standard","has-post-thumbnail","hentry","category-international","tag-canicule","tag-chaleur","tag-europe"],"yoast_head":"<!-- This site is optimized with the Yoast SEO Premium plugin v27.4 (Yoast SEO v27.5) - https:\/\/yoast.com\/product\/yoast-seo-premium-wordpress\/ -->\n<title>L\u2019Europe suffoque sous une vague de chaleur historique - webdo<\/title>\n<meta name=\"description\" content=\"D\u00e9couvrez les impacts de la vague de chaleur en Europe, avec des temp\u00e9ratures atteignant 46 \u00b0C en Espagne et au Portugal.\" \/>\n<link rel=\"canonical\" href=\"https:\/\/www.webdo.tn\/fr\/actualite\/international\/leurope-suffoque-sous-une-vague-de-chaleur-historique\/378684\/\" \/>\n<meta property=\"og:locale\" content=\"fr_FR\" \/>\n<meta property=\"og:type\" content=\"article\" \/>\n<meta property=\"og:title\" content=\"L\u2019Europe suffoque sous une vague de chaleur historique\" \/>\n<meta property=\"og:description\" content=\"D\u00e9couvrez les impacts de la vague de chaleur en Europe, avec des temp\u00e9ratures atteignant 46 \u00b0C en Espagne et au Portugal.\" \/>\n<meta property=\"og:url\" content=\"https:\/\/www.webdo.tn\/fr\/actualite\/international\/leurope-suffoque-sous-une-vague-de-chaleur-historique\/378684\/\" \/>\n<meta property=\"og:site_name\" content=\"webdo\" \/>\n<meta property=\"article:publisher\" content=\"https:\/\/www.facebook.com\/webdotn\" \/>\n<meta property=\"article:published_time\" content=\"2025-07-01T06:46:03+00:00\" \/>\n<meta property=\"article:modified_time\" content=\"2025-07-01T07:35:18+00:00\" \/>\n<meta property=\"og:image\" content=\"https:\/\/www.webdo.tn\/fr\/wp-content\/uploads\/2025\/07\/MjAyNTA2MDc5YjgwZjk0ODU2NTM0NmU1ZDM3NTc0YzMzMGVjNTA.jpeg\" \/>\n\t<meta property=\"og:image:width\" content=\"1260\" \/>\n\t<meta property=\"og:image:height\" content=\"708\" \/>\n\t<meta property=\"og:image:type\" content=\"image\/jpeg\" \/>\n<meta name=\"author\" content=\"Wided Belhaj\" \/>\n<meta name=\"twitter:card\" content=\"summary_large_image\" \/>\n<meta name=\"twitter:creator\" content=\"@webdo_tn\" \/>\n<meta name=\"twitter:site\" content=\"@webdo_tn\" \/>\n<meta name=\"twitter:label1\" content=\"\u00c9crit par\" \/>\n\t<meta name=\"twitter:data1\" content=\"Wided Belhaj\" \/>\n\t<meta name=\"twitter:label2\" content=\"Dur\u00e9e de lecture estim\u00e9e\" \/>\n\t<meta name=\"twitter:data2\" content=\"2 minutes\" \/>\n<script type=\"application\/ld+json\" class=\"yoast-schema-graph\">{\"@context\":\"https:\\\/\\\/schema.org\",\"@graph\":[{\"@type\":\"NewsArticle\",\"@id\":\"https:\\\/\\\/www.webdo.tn\\\/fr\\\/actualite\\\/international\\\/leurope-suffoque-sous-une-vague-de-chaleur-historique\\\/378684\\\/#article\",\"isPartOf\":{\"@id\":\"https:\\\/\\\/www.webdo.tn\\\/fr\\\/actualite\\\/international\\\/leurope-suffoque-sous-une-vague-de-chaleur-historique\\\/378684\\\/\"},\"author\":{\"name\":\"Wided Belhaj\",\"@id\":\"https:\\\/\\\/www.webdo.tn\\\/fr\\\/#\\\/schema\\\/person\\\/b9ecde7a5574cb4fcf4b496ea5fadb15\"},\"headline\":\"L\u2019Europe suffoque sous une vague de chaleur historique\",\"datePublished\":\"2025-07-01T06:46:03+00:00\",\"dateModified\":\"2025-07-01T07:35:18+00:00\",\"mainEntityOfPage\":{\"@id\":\"https:\\\/\\\/www.webdo.tn\\\/fr\\\/actualite\\\/international\\\/leurope-suffoque-sous-une-vague-de-chaleur-historique\\\/378684\\\/\"},\"wordCount\":367,\"commentCount\":0,\"publisher\":{\"@id\":\"https:\\\/\\\/www.webdo.tn\\\/fr\\\/#organization\"},\"image\":{\"@id\":\"https:\\\/\\\/www.webdo.tn\\\/fr\\\/actualite\\\/international\\\/leurope-suffoque-sous-une-vague-de-chaleur-historique\\\/378684\\\/#primaryimage\"},\"thumbnailUrl\":\"https:\\\/\\\/www.webdo.tn\\\/fr\\\/wp-content\\\/uploads\\\/2025\\\/07\\\/MjAyNTA2MDc5YjgwZjk0ODU2NTM0NmU1ZDM3NTc0YzMzMGVjNTA.jpeg\",\"keywords\":[\"Canicule\",\"chaleur\",\"europe\"],\"articleSection\":[\"International\"],\"inLanguage\":\"fr-FR\"},{\"@type\":\"WebPage\",\"@id\":\"https:\\\/\\\/www.webdo.tn\\\/fr\\\/actualite\\\/international\\\/leurope-suffoque-sous-une-vague-de-chaleur-historique\\\/378684\\\/\",\"url\":\"https:\\\/\\\/www.webdo.tn\\\/fr\\\/actualite\\\/international\\\/leurope-suffoque-sous-une-vague-de-chaleur-historique\\\/378684\\\/\",\"name\":\"L\u2019Europe suffoque sous une vague de chaleur historique - webdo\",\"isPartOf\":{\"@id\":\"https:\\\/\\\/www.webdo.tn\\\/fr\\\/#website\"},\"primaryImageOfPage\":{\"@id\":\"https:\\\/\\\/www.webdo.tn\\\/fr\\\/actualite\\\/international\\\/leurope-suffoque-sous-une-vague-de-chaleur-historique\\\/378684\\\/#primaryimage\"},\"image\":{\"@id\":\"https:\\\/\\\/www.webdo.tn\\\/fr\\\/actualite\\\/international\\\/leurope-suffoque-sous-une-vague-de-chaleur-historique\\\/378684\\\/#primaryimage\"},\"thumbnailUrl\":\"https:\\\/\\\/www.webdo.tn\\\/fr\\\/wp-content\\\/uploads\\\/2025\\\/07\\\/MjAyNTA2MDc5YjgwZjk0ODU2NTM0NmU1ZDM3NTc0YzMzMGVjNTA.jpeg\",\"datePublished\":\"2025-07-01T06:46:03+00:00\",\"dateModified\":\"2025-07-01T07:35:18+00:00\",\"description\":\"D\u00e9couvrez les impacts de la vague de chaleur en Europe, avec des temp\u00e9ratures atteignant 46 \u00b0C en Espagne et au Portugal.\",\"breadcrumb\":{\"@id\":\"https:\\\/\\\/www.webdo.tn\\\/fr\\\/actualite\\\/international\\\/leurope-suffoque-sous-une-vague-de-chaleur-historique\\\/378684\\\/#breadcrumb\"},\"inLanguage\":\"fr-FR\",\"potentialAction\":[{\"@type\":\"ReadAction\",\"target\":[\"https:\\\/\\\/www.webdo.tn\\\/fr\\\/actualite\\\/international\\\/leurope-suffoque-sous-une-vague-de-chaleur-historique\\\/378684\\\/\"]}]},{\"@type\":\"ImageObject\",\"inLanguage\":\"fr-FR\",\"@id\":\"https:\\\/\\\/www.webdo.tn\\\/fr\\\/actualite\\\/international\\\/leurope-suffoque-sous-une-vague-de-chaleur-historique\\\/378684\\\/#primaryimage\",\"url\":\"https:\\\/\\\/www.webdo.tn\\\/fr\\\/wp-content\\\/uploads\\\/2025\\\/07\\\/MjAyNTA2MDc5YjgwZjk0ODU2NTM0NmU1ZDM3NTc0YzMzMGVjNTA.jpeg\",\"contentUrl\":\"https:\\\/\\\/www.webdo.tn\\\/fr\\\/wp-content\\\/uploads\\\/2025\\\/07\\\/MjAyNTA2MDc5YjgwZjk0ODU2NTM0NmU1ZDM3NTc0YzMzMGVjNTA.jpeg\",\"width\":1260,\"height\":708},{\"@type\":\"BreadcrumbList\",\"@id\":\"https:\\\/\\\/www.webdo.tn\\\/fr\\\/actualite\\\/international\\\/leurope-suffoque-sous-une-vague-de-chaleur-historique\\\/378684\\\/#breadcrumb\",\"itemListElement\":[{\"@type\":\"ListItem\",\"position\":1,\"name\":\"Accueil\",\"item\":\"https:\\\/\\\/www.webdo.tn\\\/fr\\\/\"},{\"@type\":\"ListItem\",\"position\":2,\"name\":\"L\u2019Europe suffoque sous une vague de chaleur historique\"}]},{\"@type\":\"WebSite\",\"@id\":\"https:\\\/\\\/www.webdo.tn\\\/fr\\\/#website\",\"url\":\"https:\\\/\\\/www.webdo.tn\\\/fr\\\/\",\"name\":\"webdo\",\"description\":\"Tunisie - News en Tunisie et \u00e0 l&#039;international sur Webdo.tn\",\"publisher\":{\"@id\":\"https:\\\/\\\/www.webdo.tn\\\/fr\\\/#organization\"},\"potentialAction\":[{\"@type\":\"SearchAction\",\"target\":{\"@type\":\"EntryPoint\",\"urlTemplate\":\"https:\\\/\\\/www.webdo.tn\\\/fr\\\/?s={search_term_string}\"},\"query-input\":{\"@type\":\"PropertyValueSpecification\",\"valueRequired\":true,\"valueName\":\"search_term_string\"}}],\"inLanguage\":\"fr-FR\"},{\"@type\":\"Organization\",\"@id\":\"https:\\\/\\\/www.webdo.tn\\\/fr\\\/#organization\",\"name\":\"Webdo\",\"alternateName\":\"Webdo.tn\",\"url\":\"https:\\\/\\\/www.webdo.tn\\\/fr\\\/\",\"logo\":{\"@type\":\"ImageObject\",\"inLanguage\":\"fr-FR\",\"@id\":\"https:\\\/\\\/www.webdo.tn\\\/fr\\\/#\\\/schema\\\/logo\\\/image\\\/\",\"url\":\"https:\\\/\\\/www.webdo.tn\\\/fr\\\/wp-content\\\/uploads\\\/2025\\\/06\\\/Webdo-Tunisie_168377.jpg\",\"contentUrl\":\"https:\\\/\\\/www.webdo.tn\\\/fr\\\/wp-content\\\/uploads\\\/2025\\\/06\\\/Webdo-Tunisie_168377.jpg\",\"width\":301,\"height\":301,\"caption\":\"Webdo\"},\"image\":{\"@id\":\"https:\\\/\\\/www.webdo.tn\\\/fr\\\/#\\\/schema\\\/logo\\\/image\\\/\"},\"sameAs\":[\"https:\\\/\\\/www.facebook.com\\\/webdotn\",\"https:\\\/\\\/x.com\\\/webdo_tn\"],\"description\":\"Webdo est un m\u00e9dia num\u00e9rique tunisien fond\u00e9 en 2010, sp\u00e9cialis\u00e9 dans l\u2019actualit\u00e9 nationale et internationale, l\u2019\u00e9conomie, la soci\u00e9t\u00e9 et les analyses politiques. Le site s\u2019adresse \u00e0 un large public francophone et couvre l\u2019information tunisienne en temps r\u00e9el.\",\"email\":\"redac@webdo.tn\",\"legalName\":\"YNJ SARL\",\"foundingDate\":\"2010-09-06\",\"numberOfEmployees\":{\"@type\":\"QuantitativeValue\",\"minValue\":\"11\",\"maxValue\":\"50\"}},{\"@type\":\"Person\",\"@id\":\"https:\\\/\\\/www.webdo.tn\\\/fr\\\/#\\\/schema\\\/person\\\/b9ecde7a5574cb4fcf4b496ea5fadb15\",\"name\":\"Wided Belhaj\",\"image\":{\"@type\":\"ImageObject\",\"inLanguage\":\"fr-FR\",\"@id\":\"https:\\\/\\\/www.webdo.tn\\\/fr\\\/wp-content\\\/uploads\\\/2026\\\/04\\\/wided-belhaj_avatar-96x96.jpg\",\"url\":\"https:\\\/\\\/www.webdo.tn\\\/fr\\\/wp-content\\\/uploads\\\/2026\\\/04\\\/wided-belhaj_avatar-96x96.jpg\",\"contentUrl\":\"https:\\\/\\\/www.webdo.tn\\\/fr\\\/wp-content\\\/uploads\\\/2026\\\/04\\\/wided-belhaj_avatar-96x96.jpg\",\"caption\":\"Wided Belhaj\"},\"description\":\"Wided Belhaj est le pseudonyme \u00e9ditorial utilis\u00e9 par Khalil Jelassi, journaliste, ma\u00eetre-assistant \u00e0 l\u2019Institut de presse et des sciences de l\u2019information (IPSI) et chercheur en sciences de l\u2019information et de la communication. Cette signature est d\u00e9di\u00e9e \u00e0 l\u2019analyse des m\u00e9dias, des pratiques journalistiques et des mutations de l\u2019information \u00e0 l\u2019\u00e8re digitale. \u00c0 travers ses contributions, Wided Belhaj propose une lecture analytique de l\u2019actualit\u00e9, en croisant regard critique et expertise acad\u00e9mique.\",\"knowsAbout\":[\"m\u00e9dias\",\"journalisme\",\"communication\",\"information\",\"transformation num\u00e9rique\",\"analyse des m\u00e9dias\"],\"knowsLanguage\":[\"Fran\u00e7ais\",\"Arabe\"],\"jobTitle\":\"Webdo.tn\",\"worksFor\":\"Journaliste \u2013 Analyse des m\u00e9dias\",\"url\":\"https:\\\/\\\/www.webdo.tn\\\/fr\\\/actualite\\\/author\\\/wided-belhaj\\\/\"}]}<\/script>\n<!-- \/ Yoast SEO Premium plugin. -->","yoast_head_json":{"title":"L\u2019Europe suffoque sous une vague de chaleur historique - webdo","description":"D\u00e9couvrez les impacts de la vague de chaleur en Europe, avec des temp\u00e9ratures atteignant 46 \u00b0C en Espagne et au Portugal.","canonical":"https:\/\/www.webdo.tn\/fr\/actualite\/international\/leurope-suffoque-sous-une-vague-de-chaleur-historique\/378684\/","og_locale":"fr_FR","og_type":"article","og_title":"L\u2019Europe suffoque sous une vague de chaleur historique","og_description":"D\u00e9couvrez les impacts de la vague de chaleur en Europe, avec des temp\u00e9ratures atteignant 46 \u00b0C en Espagne et au Portugal.","og_url":"https:\/\/www.webdo.tn\/fr\/actualite\/international\/leurope-suffoque-sous-une-vague-de-chaleur-historique\/378684\/","og_site_name":"webdo","article_publisher":"https:\/\/www.facebook.com\/webdotn","article_published_time":"2025-07-01T06:46:03+00:00","article_modified_time":"2025-07-01T07:35:18+00:00","og_image":[{"width":1260,"height":708,"url":"https:\/\/www.webdo.tn\/fr\/wp-content\/uploads\/2025\/07\/MjAyNTA2MDc5YjgwZjk0ODU2NTM0NmU1ZDM3NTc0YzMzMGVjNTA.jpeg","type":"image\/jpeg"}],"author":"Wided Belhaj","twitter_card":"summary_large_image","twitter_creator":"@webdo_tn","twitter_site":"@webdo_tn","twitter_misc":{"\u00c9crit par":"Wided Belhaj","Dur\u00e9e de lecture estim\u00e9e":"2 minutes"},"schema":{"@context":"https:\/\/schema.org","@graph":[{"@type":"NewsArticle","@id":"https:\/\/www.webdo.tn\/fr\/actualite\/international\/leurope-suffoque-sous-une-vague-de-chaleur-historique\/378684\/#article","isPartOf":{"@id":"https:\/\/www.webdo.tn\/fr\/actualite\/international\/leurope-suffoque-sous-une-vague-de-chaleur-historique\/378684\/"},"author":{"name":"Wided Belhaj","@id":"https:\/\/www.webdo.tn\/fr\/#\/schema\/person\/b9ecde7a5574cb4fcf4b496ea5fadb15"},"headline":"L\u2019Europe suffoque sous une vague de chaleur historique","datePublished":"2025-07-01T06:46:03+00:00","dateModified":"2025-07-01T07:35:18+00:00","mainEntityOfPage":{"@id":"https:\/\/www.webdo.tn\/fr\/actualite\/international\/leurope-suffoque-sous-une-vague-de-chaleur-historique\/378684\/"},"wordCount":367,"commentCount":0,"publisher":{"@id":"https:\/\/www.webdo.tn\/fr\/#organization"},"image":{"@id":"https:\/\/www.webdo.tn\/fr\/actualite\/international\/leurope-suffoque-sous-une-vague-de-chaleur-historique\/378684\/#primaryimage"},"thumbnailUrl":"https:\/\/www.webdo.tn\/fr\/wp-content\/uploads\/2025\/07\/MjAyNTA2MDc5YjgwZjk0ODU2NTM0NmU1ZDM3NTc0YzMzMGVjNTA.jpeg","keywords":["Canicule","chaleur","europe"],"articleSection":["International"],"inLanguage":"fr-FR"},{"@type":"WebPage","@id":"https:\/\/www.webdo.tn\/fr\/actualite\/international\/leurope-suffoque-sous-une-vague-de-chaleur-historique\/378684\/","url":"https:\/\/www.webdo.tn\/fr\/actualite\/international\/leurope-suffoque-sous-une-vague-de-chaleur-historique\/378684\/","name":"L\u2019Europe suffoque sous une vague de chaleur historique - webdo","isPartOf":{"@id":"https:\/\/www.webdo.tn\/fr\/#website"},"primaryImageOfPage":{"@id":"https:\/\/www.webdo.tn\/fr\/actualite\/international\/leurope-suffoque-sous-une-vague-de-chaleur-historique\/378684\/#primaryimage"},"image":{"@id":"https:\/\/www.webdo.tn\/fr\/actualite\/international\/leurope-suffoque-sous-une-vague-de-chaleur-historique\/378684\/#primaryimage"},"thumbnailUrl":"https:\/\/www.webdo.tn\/fr\/wp-content\/uploads\/2025\/07\/MjAyNTA2MDc5YjgwZjk0ODU2NTM0NmU1ZDM3NTc0YzMzMGVjNTA.jpeg","datePublished":"2025-07-01T06:46:03+00:00","dateModified":"2025-07-01T07:35:18+00:00","description":"D\u00e9couvrez les impacts de la vague de chaleur en Europe, avec des temp\u00e9ratures atteignant 46 \u00b0C en Espagne et au Portugal.","breadcrumb":{"@id":"https:\/\/www.webdo.tn\/fr\/actualite\/international\/leurope-suffoque-sous-une-vague-de-chaleur-historique\/378684\/#breadcrumb"},"inLanguage":"fr-FR","potentialAction":[{"@type":"ReadAction","target":["https:\/\/www.webdo.tn\/fr\/actualite\/international\/leurope-suffoque-sous-une-vague-de-chaleur-historique\/378684\/"]}]},{"@type":"ImageObject","inLanguage":"fr-FR","@id":"https:\/\/www.webdo.tn\/fr\/actualite\/international\/leurope-suffoque-sous-une-vague-de-chaleur-historique\/378684\/#primaryimage","url":"https:\/\/www.webdo.tn\/fr\/wp-content\/uploads\/2025\/07\/MjAyNTA2MDc5YjgwZjk0ODU2NTM0NmU1ZDM3NTc0YzMzMGVjNTA.jpeg","contentUrl":"https:\/\/www.webdo.tn\/fr\/wp-content\/uploads\/2025\/07\/MjAyNTA2MDc5YjgwZjk0ODU2NTM0NmU1ZDM3NTc0YzMzMGVjNTA.jpeg","width":1260,"height":708},{"@type":"BreadcrumbList","@id":"https:\/\/www.webdo.tn\/fr\/actualite\/international\/leurope-suffoque-sous-une-vague-de-chaleur-historique\/378684\/#breadcrumb","itemListElement":[{"@type":"ListItem","position":1,"name":"Accueil","item":"https:\/\/www.webdo.tn\/fr\/"},{"@type":"ListItem","position":2,"name":"L\u2019Europe suffoque sous une vague de chaleur historique"}]},{"@type":"WebSite","@id":"https:\/\/www.webdo.tn\/fr\/#website","url":"https:\/\/www.webdo.tn\/fr\/","name":"webdo","description":"Tunisie - News en Tunisie et \u00e0 l&#039;international sur Webdo.tn","publisher":{"@id":"https:\/\/www.webdo.tn\/fr\/#organization"},"potentialAction":[{"@type":"SearchAction","target":{"@type":"EntryPoint","urlTemplate":"https:\/\/www.webdo.tn\/fr\/?s={search_term_string}"},"query-input":{"@type":"PropertyValueSpecification","valueRequired":true,"valueName":"search_term_string"}}],"inLanguage":"fr-FR"},{"@type":"Organization","@id":"https:\/\/www.webdo.tn\/fr\/#organization","name":"Webdo","alternateName":"Webdo.tn","url":"https:\/\/www.webdo.tn\/fr\/","logo":{"@type":"ImageObject","inLanguage":"fr-FR","@id":"https:\/\/www.webdo.tn\/fr\/#\/schema\/logo\/image\/","url":"https:\/\/www.webdo.tn\/fr\/wp-content\/uploads\/2025\/06\/Webdo-Tunisie_168377.jpg","contentUrl":"https:\/\/www.webdo.tn\/fr\/wp-content\/uploads\/2025\/06\/Webdo-Tunisie_168377.jpg","width":301,"height":301,"caption":"Webdo"},"image":{"@id":"https:\/\/www.webdo.tn\/fr\/#\/schema\/logo\/image\/"},"sameAs":["https:\/\/www.facebook.com\/webdotn","https:\/\/x.com\/webdo_tn"],"description":"Webdo est un m\u00e9dia num\u00e9rique tunisien fond\u00e9 en 2010, sp\u00e9cialis\u00e9 dans l\u2019actualit\u00e9 nationale et internationale, l\u2019\u00e9conomie, la soci\u00e9t\u00e9 et les analyses politiques. Le site s\u2019adresse \u00e0 un large public francophone et couvre l\u2019information tunisienne en temps r\u00e9el.","email":"redac@webdo.tn","legalName":"YNJ SARL","foundingDate":"2010-09-06","numberOfEmployees":{"@type":"QuantitativeValue","minValue":"11","maxValue":"50"}},{"@type":"Person","@id":"https:\/\/www.webdo.tn\/fr\/#\/schema\/person\/b9ecde7a5574cb4fcf4b496ea5fadb15","name":"Wided Belhaj","image":{"@type":"ImageObject","inLanguage":"fr-FR","@id":"https:\/\/www.webdo.tn\/fr\/wp-content\/uploads\/2026\/04\/wided-belhaj_avatar-96x96.jpg","url":"https:\/\/www.webdo.tn\/fr\/wp-content\/uploads\/2026\/04\/wided-belhaj_avatar-96x96.jpg","contentUrl":"https:\/\/www.webdo.tn\/fr\/wp-content\/uploads\/2026\/04\/wided-belhaj_avatar-96x96.jpg","caption":"Wided Belhaj"},"description":"Wided Belhaj est le pseudonyme \u00e9ditorial utilis\u00e9 par Khalil Jelassi, journaliste, ma\u00eetre-assistant \u00e0 l\u2019Institut de presse et des sciences de l\u2019information (IPSI) et chercheur en sciences de l\u2019information et de la communication. Cette signature est d\u00e9di\u00e9e \u00e0 l\u2019analyse des m\u00e9dias, des pratiques journalistiques et des mutations de l\u2019information \u00e0 l\u2019\u00e8re digitale. \u00c0 travers ses contributions, Wided Belhaj propose une lecture analytique de l\u2019actualit\u00e9, en croisant regard critique et expertise acad\u00e9mique.","knowsAbout":["m\u00e9dias","journalisme","communication","information","transformation num\u00e9rique","analyse des m\u00e9dias"],"knowsLanguage":["Fran\u00e7ais","Arabe"],"jobTitle":"Webdo.tn","worksFor":"Journaliste \u2013 Analyse des m\u00e9dias","url":"https:\/\/www.webdo.tn\/fr\/actualite\/author\/wided-belhaj\/"}]}},"_links":{"self":[{"href":"https:\/\/www.webdo.tn\/fr\/wp-json\/wp\/v2\/posts\/378684","targetHints":{"allow":["GET"]}}],"collection":[{"href":"https:\/\/www.webdo.tn\/fr\/wp-json\/wp\/v2\/posts"}],"about":[{"href":"https:\/\/www.webdo.tn\/fr\/wp-json\/wp\/v2\/types\/post"}],"author":[{"embeddable":true,"href":"https:\/\/www.webdo.tn\/fr\/wp-json\/wp\/v2\/users\/3184"}],"replies":[{"embeddable":true,"href":"https:\/\/www.webdo.tn\/fr\/wp-json\/wp\/v2\/comments?post=378684"}],"version-history":[{"count":0,"href":"https:\/\/www.webdo.tn\/fr\/wp-json\/wp\/v2\/posts\/378684\/revisions"}],"wp:featuredmedia":[{"embeddable":true,"href":"https:\/\/www.webdo.tn\/fr\/wp-json\/wp\/v2\/media\/378685"}],"wp:attachment":[{"href":"https:\/\/www.webdo.tn\/fr\/wp-json\/wp\/v2\/media?parent=378684"}],"wp:term":[{"taxonomy":"category","embeddable":true,"href":"https:\/\/www.webdo.tn\/fr\/wp-json\/wp\/v2\/categories?post=378684"},{"taxonomy":"post_tag","embeddable":true,"href":"https:\/\/www.webdo.tn\/fr\/wp-json\/wp\/v2\/tags?post=378684"}],"curies":[{"name":"wp","href":"https:\/\/api.w.org\/{rel}","templated":true}]}}