{"id":378678,"date":"2025-07-01T07:17:50","date_gmt":"2025-07-01T06:17:50","guid":{"rendered":"https:\/\/www.webdo.tn\/fr\/?p=378678"},"modified":"2025-07-01T10:40:51","modified_gmt":"2025-07-01T09:40:51","slug":"feu-de-foret-a-la-manouba-sept-hectares-ravages-huit-maisons-sauvees-de-justesse","status":"publish","type":"post","link":"https:\/\/www.webdo.tn\/fr\/actualite\/regions\/feu-de-foret-a-la-manouba-sept-hectares-ravages-huit-maisons-sauvees-de-justesse\/378678\/","title":{"rendered":"Feu de for\u00eat \u00e0 La Manouba : sept hectares ravag\u00e9s, huit maisons sauv\u00e9es de justesse"},"content":{"rendered":"\n<p><strong>Les agents de la circonscription des for\u00eats de Manouba, \u00e9paul\u00e9s par la protection civile, sont parvenus dans la soir\u00e9e du lundi 30 juin 2025 \u00e0 ma\u00eetriser un incendie qui s\u2019\u00e9tait d\u00e9clar\u00e9 sur les hauteurs de Jebel Ammar. <\/strong><\/p>\n\n\n\n<p>Le feu a ravag\u00e9 environ sept hectares de v\u00e9g\u00e9tation, dont six hectares de for\u00eat secondaire et de broussailles, ainsi qu\u2019un hectare de jeunes pins d\u2019Alep, selon les d\u00e9clarations de Karim Saad, chef de la circonscription, \u00e0 l\u2019agence TAP.<\/p>\n\n\n\n<p>La rapidit\u00e9 d\u2019intervention des \u00e9quipes foresti\u00e8res et des unit\u00e9s de la protection civile, appuy\u00e9es par des renforts de la Direction g\u00e9n\u00e9rale des for\u00eats, de la protection civile de Rad\u00e8s et de l\u2019Ariana ainsi que de l\u2019arm\u00e9e nationale, a permis de circonscrire l\u2019incendie \u00e0 temps. Malgr\u00e9 la pr\u00e9sence de vents qui risquaient de propager les flammes, les pompiers ont r\u00e9ussi \u00e0 limiter les d\u00e9g\u00e2ts et \u00e0 prot\u00e9ger un ensemble de huit habitations situ\u00e9es \u00e0 proximit\u00e9 imm\u00e9diate du feu, gr\u00e2ce \u00e0 la mobilisation de dix camions-citernes.<\/p>\n\n\n\n<p>Ce n\u2019est pas le seul sinistre survenu r\u00e9cemment dans la r\u00e9gion. La semaine derni\u00e8re, un autre incendie a d\u00e9vor\u00e9 40 hectares de chaume dans la zone de Borj Ennour, \u00e0 Borj El Amri. Gr\u00e2ce \u00e0 une intervention rapide, un quartier r\u00e9sidentiel proche a pu \u00eatre \u00e9pargn\u00e9. Par ailleurs, un feu s\u2019est \u00e9galement d\u00e9clar\u00e9 dans un d\u00e9p\u00f4t de foin situ\u00e9 dans une zone habit\u00e9e \u00e0 Bouhanach, dans la d\u00e9l\u00e9gation de Mornaguia, d\u00e9truisant environ 3000 bottes, d\u2019apr\u00e8s le m\u00eame responsable.<\/p>\n\n\n\n<p><\/p>\n","protected":false},"excerpt":{"rendered":"<p>Les agents de la circonscription des for\u00eats de Manouba, \u00e9paul\u00e9s par la protection civile, sont parvenus dans la soir\u00e9e du lundi 30 juin 2025 \u00e0 ma\u00eetriser un incendie qui s\u2019\u00e9tait d\u00e9clar\u00e9 sur les hauteurs de Jebel Ammar. Le feu a ravag\u00e9 environ sept hectares de v\u00e9g\u00e9tation, dont six hectares de for\u00eat secondaire et de broussailles, [&hellip;]<\/p>\n","protected":false},"author":3184,"featured_media":348962,"comment_status":"open","ping_status":"open","sticky":false,"template":"","format":"standard","meta":{"footnotes":""},"categories":[2595],"tags":[3404,2857,2608],"class_list":["post-378678","post","type-post","status-publish","format-standard","has-post-thumbnail","hentry","category-regions","tag-feu","tag-manouba","tag-tunisie"],"yoast_head":"<!-- This site is optimized with the Yoast SEO Premium plugin v27.5 (Yoast SEO v27.5) - https:\/\/yoast.com\/product\/yoast-seo-premium-wordpress\/ -->\n<title>Feu de for\u00eat \u00e0 La Manouba : sept hectares ravag\u00e9s, huit maisons sauv\u00e9es de justesse - webdo<\/title>\n<meta name=\"description\" content=\"Les agents de la circonscription des for\u00eats de Manouba ont r\u00e9ussi \u00e0 circonscrire un incendie sur Jebel Ammar. D\u00e9couvrez les d\u00e9tails.\" \/>\n<link rel=\"canonical\" href=\"https:\/\/www.webdo.tn\/fr\/actualite\/regions\/feu-de-foret-a-la-manouba-sept-hectares-ravages-huit-maisons-sauvees-de-justesse\/378678\/\" \/>\n<meta property=\"og:locale\" content=\"fr_FR\" \/>\n<meta property=\"og:type\" content=\"article\" \/>\n<meta property=\"og:title\" content=\"Feu de for\u00eat \u00e0 La Manouba : sept hectares ravag\u00e9s, huit maisons sauv\u00e9es de justesse\" \/>\n<meta property=\"og:description\" content=\"Les agents de la circonscription des for\u00eats de Manouba ont r\u00e9ussi \u00e0 circonscrire un incendie sur Jebel Ammar. D\u00e9couvrez les d\u00e9tails.\" \/>\n<meta property=\"og:url\" content=\"https:\/\/www.webdo.tn\/fr\/actualite\/regions\/feu-de-foret-a-la-manouba-sept-hectares-ravages-huit-maisons-sauvees-de-justesse\/378678\/\" \/>\n<meta property=\"og:site_name\" content=\"webdo\" \/>\n<meta property=\"article:publisher\" content=\"https:\/\/www.facebook.com\/webdotn\" \/>\n<meta property=\"article:published_time\" content=\"2025-07-01T06:17:50+00:00\" \/>\n<meta property=\"article:modified_time\" content=\"2025-07-01T09:40:51+00:00\" \/>\n<meta property=\"og:image\" content=\"https:\/\/www.webdo.tn\/fr\/wp-content\/uploads\/2022\/09\/Incendies-tunisie-l-economiste-maghrebin-1200x680-1.jpeg\" \/>\n\t<meta property=\"og:image:width\" content=\"1200\" \/>\n\t<meta property=\"og:image:height\" content=\"680\" \/>\n\t<meta property=\"og:image:type\" content=\"image\/jpeg\" \/>\n<meta name=\"author\" content=\"Wided Belhaj\" \/>\n<meta name=\"twitter:card\" content=\"summary_large_image\" \/>\n<meta name=\"twitter:creator\" content=\"@webdo_tn\" \/>\n<meta name=\"twitter:site\" content=\"@webdo_tn\" \/>\n<meta name=\"twitter:label1\" content=\"\u00c9crit par\" \/>\n\t<meta name=\"twitter:data1\" content=\"Wided Belhaj\" \/>\n\t<meta name=\"twitter:label2\" content=\"Dur\u00e9e de lecture estim\u00e9e\" \/>\n\t<meta name=\"twitter:data2\" content=\"2 minutes\" \/>\n<script type=\"application\/ld+json\" class=\"yoast-schema-graph\">{\"@context\":\"https:\\\/\\\/schema.org\",\"@graph\":[{\"@type\":\"NewsArticle\",\"@id\":\"https:\\\/\\\/www.webdo.tn\\\/fr\\\/actualite\\\/regions\\\/feu-de-foret-a-la-manouba-sept-hectares-ravages-huit-maisons-sauvees-de-justesse\\\/378678\\\/#article\",\"isPartOf\":{\"@id\":\"https:\\\/\\\/www.webdo.tn\\\/fr\\\/actualite\\\/regions\\\/feu-de-foret-a-la-manouba-sept-hectares-ravages-huit-maisons-sauvees-de-justesse\\\/378678\\\/\"},\"author\":{\"name\":\"Wided Belhaj\",\"@id\":\"https:\\\/\\\/www.webdo.tn\\\/fr\\\/#\\\/schema\\\/person\\\/b9ecde7a5574cb4fcf4b496ea5fadb15\"},\"headline\":\"Feu de for\u00eat \u00e0 La Manouba : sept hectares ravag\u00e9s, huit maisons sauv\u00e9es de justesse\",\"datePublished\":\"2025-07-01T06:17:50+00:00\",\"dateModified\":\"2025-07-01T09:40:51+00:00\",\"mainEntityOfPage\":{\"@id\":\"https:\\\/\\\/www.webdo.tn\\\/fr\\\/actualite\\\/regions\\\/feu-de-foret-a-la-manouba-sept-hectares-ravages-huit-maisons-sauvees-de-justesse\\\/378678\\\/\"},\"wordCount\":290,\"commentCount\":0,\"publisher\":{\"@id\":\"https:\\\/\\\/www.webdo.tn\\\/fr\\\/#organization\"},\"image\":{\"@id\":\"https:\\\/\\\/www.webdo.tn\\\/fr\\\/actualite\\\/regions\\\/feu-de-foret-a-la-manouba-sept-hectares-ravages-huit-maisons-sauvees-de-justesse\\\/378678\\\/#primaryimage\"},\"thumbnailUrl\":\"https:\\\/\\\/www.webdo.tn\\\/fr\\\/wp-content\\\/uploads\\\/2022\\\/09\\\/Incendies-tunisie-l-economiste-maghrebin-1200x680-1.jpeg\",\"keywords\":[\"feu\",\"Manouba\",\"Tunisie\"],\"articleSection\":[\"regions\"],\"inLanguage\":\"fr-FR\"},{\"@type\":\"WebPage\",\"@id\":\"https:\\\/\\\/www.webdo.tn\\\/fr\\\/actualite\\\/regions\\\/feu-de-foret-a-la-manouba-sept-hectares-ravages-huit-maisons-sauvees-de-justesse\\\/378678\\\/\",\"url\":\"https:\\\/\\\/www.webdo.tn\\\/fr\\\/actualite\\\/regions\\\/feu-de-foret-a-la-manouba-sept-hectares-ravages-huit-maisons-sauvees-de-justesse\\\/378678\\\/\",\"name\":\"Feu de for\u00eat \u00e0 La Manouba : sept hectares ravag\u00e9s, huit maisons sauv\u00e9es de justesse - webdo\",\"isPartOf\":{\"@id\":\"https:\\\/\\\/www.webdo.tn\\\/fr\\\/#website\"},\"primaryImageOfPage\":{\"@id\":\"https:\\\/\\\/www.webdo.tn\\\/fr\\\/actualite\\\/regions\\\/feu-de-foret-a-la-manouba-sept-hectares-ravages-huit-maisons-sauvees-de-justesse\\\/378678\\\/#primaryimage\"},\"image\":{\"@id\":\"https:\\\/\\\/www.webdo.tn\\\/fr\\\/actualite\\\/regions\\\/feu-de-foret-a-la-manouba-sept-hectares-ravages-huit-maisons-sauvees-de-justesse\\\/378678\\\/#primaryimage\"},\"thumbnailUrl\":\"https:\\\/\\\/www.webdo.tn\\\/fr\\\/wp-content\\\/uploads\\\/2022\\\/09\\\/Incendies-tunisie-l-economiste-maghrebin-1200x680-1.jpeg\",\"datePublished\":\"2025-07-01T06:17:50+00:00\",\"dateModified\":\"2025-07-01T09:40:51+00:00\",\"description\":\"Les agents de la circonscription des for\u00eats de Manouba ont r\u00e9ussi \u00e0 circonscrire un incendie sur Jebel Ammar. D\u00e9couvrez les d\u00e9tails.\",\"breadcrumb\":{\"@id\":\"https:\\\/\\\/www.webdo.tn\\\/fr\\\/actualite\\\/regions\\\/feu-de-foret-a-la-manouba-sept-hectares-ravages-huit-maisons-sauvees-de-justesse\\\/378678\\\/#breadcrumb\"},\"inLanguage\":\"fr-FR\",\"potentialAction\":[{\"@type\":\"ReadAction\",\"target\":[\"https:\\\/\\\/www.webdo.tn\\\/fr\\\/actualite\\\/regions\\\/feu-de-foret-a-la-manouba-sept-hectares-ravages-huit-maisons-sauvees-de-justesse\\\/378678\\\/\"]}]},{\"@type\":\"ImageObject\",\"inLanguage\":\"fr-FR\",\"@id\":\"https:\\\/\\\/www.webdo.tn\\\/fr\\\/actualite\\\/regions\\\/feu-de-foret-a-la-manouba-sept-hectares-ravages-huit-maisons-sauvees-de-justesse\\\/378678\\\/#primaryimage\",\"url\":\"https:\\\/\\\/www.webdo.tn\\\/fr\\\/wp-content\\\/uploads\\\/2022\\\/09\\\/Incendies-tunisie-l-economiste-maghrebin-1200x680-1.jpeg\",\"contentUrl\":\"https:\\\/\\\/www.webdo.tn\\\/fr\\\/wp-content\\\/uploads\\\/2022\\\/09\\\/Incendies-tunisie-l-economiste-maghrebin-1200x680-1.jpeg\",\"width\":1200,\"height\":680,\"caption\":\"Tunisie : 143 feux ma\u00eetris\u00e9s en 24 heures par la Protection civile\"},{\"@type\":\"BreadcrumbList\",\"@id\":\"https:\\\/\\\/www.webdo.tn\\\/fr\\\/actualite\\\/regions\\\/feu-de-foret-a-la-manouba-sept-hectares-ravages-huit-maisons-sauvees-de-justesse\\\/378678\\\/#breadcrumb\",\"itemListElement\":[{\"@type\":\"ListItem\",\"position\":1,\"name\":\"Accueil\",\"item\":\"https:\\\/\\\/www.webdo.tn\\\/fr\\\/\"},{\"@type\":\"ListItem\",\"position\":2,\"name\":\"Feu de for\u00eat \u00e0 La Manouba : sept hectares ravag\u00e9s, huit maisons sauv\u00e9es de justesse\"}]},{\"@type\":\"WebSite\",\"@id\":\"https:\\\/\\\/www.webdo.tn\\\/fr\\\/#website\",\"url\":\"https:\\\/\\\/www.webdo.tn\\\/fr\\\/\",\"name\":\"webdo\",\"description\":\"Tunisie - News en Tunisie et \u00e0 l&#039;international sur Webdo.tn\",\"publisher\":{\"@id\":\"https:\\\/\\\/www.webdo.tn\\\/fr\\\/#organization\"},\"potentialAction\":[{\"@type\":\"SearchAction\",\"target\":{\"@type\":\"EntryPoint\",\"urlTemplate\":\"https:\\\/\\\/www.webdo.tn\\\/fr\\\/?s={search_term_string}\"},\"query-input\":{\"@type\":\"PropertyValueSpecification\",\"valueRequired\":true,\"valueName\":\"search_term_string\"}}],\"inLanguage\":\"fr-FR\"},{\"@type\":\"Organization\",\"@id\":\"https:\\\/\\\/www.webdo.tn\\\/fr\\\/#organization\",\"name\":\"Webdo\",\"alternateName\":\"Webdo.tn\",\"url\":\"https:\\\/\\\/www.webdo.tn\\\/fr\\\/\",\"logo\":{\"@type\":\"ImageObject\",\"inLanguage\":\"fr-FR\",\"@id\":\"https:\\\/\\\/www.webdo.tn\\\/fr\\\/#\\\/schema\\\/logo\\\/image\\\/\",\"url\":\"https:\\\/\\\/www.webdo.tn\\\/fr\\\/wp-content\\\/uploads\\\/2025\\\/06\\\/Webdo-Tunisie_168377.jpg\",\"contentUrl\":\"https:\\\/\\\/www.webdo.tn\\\/fr\\\/wp-content\\\/uploads\\\/2025\\\/06\\\/Webdo-Tunisie_168377.jpg\",\"width\":301,\"height\":301,\"caption\":\"Webdo\"},\"image\":{\"@id\":\"https:\\\/\\\/www.webdo.tn\\\/fr\\\/#\\\/schema\\\/logo\\\/image\\\/\"},\"sameAs\":[\"https:\\\/\\\/www.facebook.com\\\/webdotn\",\"https:\\\/\\\/x.com\\\/webdo_tn\"],\"description\":\"Webdo est un m\u00e9dia num\u00e9rique tunisien fond\u00e9 en 2010, sp\u00e9cialis\u00e9 dans l\u2019actualit\u00e9 nationale et internationale, l\u2019\u00e9conomie, la soci\u00e9t\u00e9 et les analyses politiques. Le site s\u2019adresse \u00e0 un large public francophone et couvre l\u2019information tunisienne en temps r\u00e9el.\",\"email\":\"redac@webdo.tn\",\"legalName\":\"YNJ SARL\",\"foundingDate\":\"2010-09-06\",\"numberOfEmployees\":{\"@type\":\"QuantitativeValue\",\"minValue\":\"11\",\"maxValue\":\"50\"}},{\"@type\":\"Person\",\"@id\":\"https:\\\/\\\/www.webdo.tn\\\/fr\\\/#\\\/schema\\\/person\\\/b9ecde7a5574cb4fcf4b496ea5fadb15\",\"name\":\"Wided Belhaj\",\"image\":{\"@type\":\"ImageObject\",\"inLanguage\":\"fr-FR\",\"@id\":\"https:\\\/\\\/www.webdo.tn\\\/fr\\\/wp-content\\\/uploads\\\/2026\\\/04\\\/wided-belhaj_avatar-96x96.jpg\",\"url\":\"https:\\\/\\\/www.webdo.tn\\\/fr\\\/wp-content\\\/uploads\\\/2026\\\/04\\\/wided-belhaj_avatar-96x96.jpg\",\"contentUrl\":\"https:\\\/\\\/www.webdo.tn\\\/fr\\\/wp-content\\\/uploads\\\/2026\\\/04\\\/wided-belhaj_avatar-96x96.jpg\",\"caption\":\"Wided Belhaj\"},\"description\":\"Wided Belhaj est le pseudonyme \u00e9ditorial utilis\u00e9 par Khalil Jelassi, journaliste, ma\u00eetre-assistant \u00e0 l\u2019Institut de presse et des sciences de l\u2019information (IPSI) et chercheur en sciences de l\u2019information et de la communication. Cette signature est d\u00e9di\u00e9e \u00e0 l\u2019analyse des m\u00e9dias, des pratiques journalistiques et des mutations de l\u2019information \u00e0 l\u2019\u00e8re digitale. \u00c0 travers ses contributions, Wided Belhaj propose une lecture analytique de l\u2019actualit\u00e9, en croisant regard critique et expertise acad\u00e9mique.\",\"knowsAbout\":[\"m\u00e9dias\",\"journalisme\",\"communication\",\"information\",\"transformation num\u00e9rique\",\"analyse des m\u00e9dias\"],\"knowsLanguage\":[\"Fran\u00e7ais\",\"Arabe\"],\"jobTitle\":\"Webdo.tn\",\"worksFor\":\"Journaliste \u2013 Analyse des m\u00e9dias\",\"url\":\"https:\\\/\\\/www.webdo.tn\\\/fr\\\/actualite\\\/author\\\/wided-belhaj\\\/\"}]}<\/script>\n<!-- \/ Yoast SEO Premium plugin. -->","yoast_head_json":{"title":"Feu de for\u00eat \u00e0 La Manouba : sept hectares ravag\u00e9s, huit maisons sauv\u00e9es de justesse - webdo","description":"Les agents de la circonscription des for\u00eats de Manouba ont r\u00e9ussi \u00e0 circonscrire un incendie sur Jebel Ammar. D\u00e9couvrez les d\u00e9tails.","canonical":"https:\/\/www.webdo.tn\/fr\/actualite\/regions\/feu-de-foret-a-la-manouba-sept-hectares-ravages-huit-maisons-sauvees-de-justesse\/378678\/","og_locale":"fr_FR","og_type":"article","og_title":"Feu de for\u00eat \u00e0 La Manouba : sept hectares ravag\u00e9s, huit maisons sauv\u00e9es de justesse","og_description":"Les agents de la circonscription des for\u00eats de Manouba ont r\u00e9ussi \u00e0 circonscrire un incendie sur Jebel Ammar. D\u00e9couvrez les d\u00e9tails.","og_url":"https:\/\/www.webdo.tn\/fr\/actualite\/regions\/feu-de-foret-a-la-manouba-sept-hectares-ravages-huit-maisons-sauvees-de-justesse\/378678\/","og_site_name":"webdo","article_publisher":"https:\/\/www.facebook.com\/webdotn","article_published_time":"2025-07-01T06:17:50+00:00","article_modified_time":"2025-07-01T09:40:51+00:00","og_image":[{"width":1200,"height":680,"url":"https:\/\/www.webdo.tn\/fr\/wp-content\/uploads\/2022\/09\/Incendies-tunisie-l-economiste-maghrebin-1200x680-1.jpeg","type":"image\/jpeg"}],"author":"Wided Belhaj","twitter_card":"summary_large_image","twitter_creator":"@webdo_tn","twitter_site":"@webdo_tn","twitter_misc":{"\u00c9crit par":"Wided Belhaj","Dur\u00e9e de lecture estim\u00e9e":"2 minutes"},"schema":{"@context":"https:\/\/schema.org","@graph":[{"@type":"NewsArticle","@id":"https:\/\/www.webdo.tn\/fr\/actualite\/regions\/feu-de-foret-a-la-manouba-sept-hectares-ravages-huit-maisons-sauvees-de-justesse\/378678\/#article","isPartOf":{"@id":"https:\/\/www.webdo.tn\/fr\/actualite\/regions\/feu-de-foret-a-la-manouba-sept-hectares-ravages-huit-maisons-sauvees-de-justesse\/378678\/"},"author":{"name":"Wided Belhaj","@id":"https:\/\/www.webdo.tn\/fr\/#\/schema\/person\/b9ecde7a5574cb4fcf4b496ea5fadb15"},"headline":"Feu de for\u00eat \u00e0 La Manouba : sept hectares ravag\u00e9s, huit maisons sauv\u00e9es de justesse","datePublished":"2025-07-01T06:17:50+00:00","dateModified":"2025-07-01T09:40:51+00:00","mainEntityOfPage":{"@id":"https:\/\/www.webdo.tn\/fr\/actualite\/regions\/feu-de-foret-a-la-manouba-sept-hectares-ravages-huit-maisons-sauvees-de-justesse\/378678\/"},"wordCount":290,"commentCount":0,"publisher":{"@id":"https:\/\/www.webdo.tn\/fr\/#organization"},"image":{"@id":"https:\/\/www.webdo.tn\/fr\/actualite\/regions\/feu-de-foret-a-la-manouba-sept-hectares-ravages-huit-maisons-sauvees-de-justesse\/378678\/#primaryimage"},"thumbnailUrl":"https:\/\/www.webdo.tn\/fr\/wp-content\/uploads\/2022\/09\/Incendies-tunisie-l-economiste-maghrebin-1200x680-1.jpeg","keywords":["feu","Manouba","Tunisie"],"articleSection":["regions"],"inLanguage":"fr-FR"},{"@type":"WebPage","@id":"https:\/\/www.webdo.tn\/fr\/actualite\/regions\/feu-de-foret-a-la-manouba-sept-hectares-ravages-huit-maisons-sauvees-de-justesse\/378678\/","url":"https:\/\/www.webdo.tn\/fr\/actualite\/regions\/feu-de-foret-a-la-manouba-sept-hectares-ravages-huit-maisons-sauvees-de-justesse\/378678\/","name":"Feu de for\u00eat \u00e0 La Manouba : sept hectares ravag\u00e9s, huit maisons sauv\u00e9es de justesse - webdo","isPartOf":{"@id":"https:\/\/www.webdo.tn\/fr\/#website"},"primaryImageOfPage":{"@id":"https:\/\/www.webdo.tn\/fr\/actualite\/regions\/feu-de-foret-a-la-manouba-sept-hectares-ravages-huit-maisons-sauvees-de-justesse\/378678\/#primaryimage"},"image":{"@id":"https:\/\/www.webdo.tn\/fr\/actualite\/regions\/feu-de-foret-a-la-manouba-sept-hectares-ravages-huit-maisons-sauvees-de-justesse\/378678\/#primaryimage"},"thumbnailUrl":"https:\/\/www.webdo.tn\/fr\/wp-content\/uploads\/2022\/09\/Incendies-tunisie-l-economiste-maghrebin-1200x680-1.jpeg","datePublished":"2025-07-01T06:17:50+00:00","dateModified":"2025-07-01T09:40:51+00:00","description":"Les agents de la circonscription des for\u00eats de Manouba ont r\u00e9ussi \u00e0 circonscrire un incendie sur Jebel Ammar. D\u00e9couvrez les d\u00e9tails.","breadcrumb":{"@id":"https:\/\/www.webdo.tn\/fr\/actualite\/regions\/feu-de-foret-a-la-manouba-sept-hectares-ravages-huit-maisons-sauvees-de-justesse\/378678\/#breadcrumb"},"inLanguage":"fr-FR","potentialAction":[{"@type":"ReadAction","target":["https:\/\/www.webdo.tn\/fr\/actualite\/regions\/feu-de-foret-a-la-manouba-sept-hectares-ravages-huit-maisons-sauvees-de-justesse\/378678\/"]}]},{"@type":"ImageObject","inLanguage":"fr-FR","@id":"https:\/\/www.webdo.tn\/fr\/actualite\/regions\/feu-de-foret-a-la-manouba-sept-hectares-ravages-huit-maisons-sauvees-de-justesse\/378678\/#primaryimage","url":"https:\/\/www.webdo.tn\/fr\/wp-content\/uploads\/2022\/09\/Incendies-tunisie-l-economiste-maghrebin-1200x680-1.jpeg","contentUrl":"https:\/\/www.webdo.tn\/fr\/wp-content\/uploads\/2022\/09\/Incendies-tunisie-l-economiste-maghrebin-1200x680-1.jpeg","width":1200,"height":680,"caption":"Tunisie : 143 feux ma\u00eetris\u00e9s en 24 heures par la Protection civile"},{"@type":"BreadcrumbList","@id":"https:\/\/www.webdo.tn\/fr\/actualite\/regions\/feu-de-foret-a-la-manouba-sept-hectares-ravages-huit-maisons-sauvees-de-justesse\/378678\/#breadcrumb","itemListElement":[{"@type":"ListItem","position":1,"name":"Accueil","item":"https:\/\/www.webdo.tn\/fr\/"},{"@type":"ListItem","position":2,"name":"Feu de for\u00eat \u00e0 La Manouba : sept hectares ravag\u00e9s, huit maisons sauv\u00e9es de justesse"}]},{"@type":"WebSite","@id":"https:\/\/www.webdo.tn\/fr\/#website","url":"https:\/\/www.webdo.tn\/fr\/","name":"webdo","description":"Tunisie - News en Tunisie et \u00e0 l&#039;international sur Webdo.tn","publisher":{"@id":"https:\/\/www.webdo.tn\/fr\/#organization"},"potentialAction":[{"@type":"SearchAction","target":{"@type":"EntryPoint","urlTemplate":"https:\/\/www.webdo.tn\/fr\/?s={search_term_string}"},"query-input":{"@type":"PropertyValueSpecification","valueRequired":true,"valueName":"search_term_string"}}],"inLanguage":"fr-FR"},{"@type":"Organization","@id":"https:\/\/www.webdo.tn\/fr\/#organization","name":"Webdo","alternateName":"Webdo.tn","url":"https:\/\/www.webdo.tn\/fr\/","logo":{"@type":"ImageObject","inLanguage":"fr-FR","@id":"https:\/\/www.webdo.tn\/fr\/#\/schema\/logo\/image\/","url":"https:\/\/www.webdo.tn\/fr\/wp-content\/uploads\/2025\/06\/Webdo-Tunisie_168377.jpg","contentUrl":"https:\/\/www.webdo.tn\/fr\/wp-content\/uploads\/2025\/06\/Webdo-Tunisie_168377.jpg","width":301,"height":301,"caption":"Webdo"},"image":{"@id":"https:\/\/www.webdo.tn\/fr\/#\/schema\/logo\/image\/"},"sameAs":["https:\/\/www.facebook.com\/webdotn","https:\/\/x.com\/webdo_tn"],"description":"Webdo est un m\u00e9dia num\u00e9rique tunisien fond\u00e9 en 2010, sp\u00e9cialis\u00e9 dans l\u2019actualit\u00e9 nationale et internationale, l\u2019\u00e9conomie, la soci\u00e9t\u00e9 et les analyses politiques. Le site s\u2019adresse \u00e0 un large public francophone et couvre l\u2019information tunisienne en temps r\u00e9el.","email":"redac@webdo.tn","legalName":"YNJ SARL","foundingDate":"2010-09-06","numberOfEmployees":{"@type":"QuantitativeValue","minValue":"11","maxValue":"50"}},{"@type":"Person","@id":"https:\/\/www.webdo.tn\/fr\/#\/schema\/person\/b9ecde7a5574cb4fcf4b496ea5fadb15","name":"Wided Belhaj","image":{"@type":"ImageObject","inLanguage":"fr-FR","@id":"https:\/\/www.webdo.tn\/fr\/wp-content\/uploads\/2026\/04\/wided-belhaj_avatar-96x96.jpg","url":"https:\/\/www.webdo.tn\/fr\/wp-content\/uploads\/2026\/04\/wided-belhaj_avatar-96x96.jpg","contentUrl":"https:\/\/www.webdo.tn\/fr\/wp-content\/uploads\/2026\/04\/wided-belhaj_avatar-96x96.jpg","caption":"Wided Belhaj"},"description":"Wided Belhaj est le pseudonyme \u00e9ditorial utilis\u00e9 par Khalil Jelassi, journaliste, ma\u00eetre-assistant \u00e0 l\u2019Institut de presse et des sciences de l\u2019information (IPSI) et chercheur en sciences de l\u2019information et de la communication. Cette signature est d\u00e9di\u00e9e \u00e0 l\u2019analyse des m\u00e9dias, des pratiques journalistiques et des mutations de l\u2019information \u00e0 l\u2019\u00e8re digitale. \u00c0 travers ses contributions, Wided Belhaj propose une lecture analytique de l\u2019actualit\u00e9, en croisant regard critique et expertise acad\u00e9mique.","knowsAbout":["m\u00e9dias","journalisme","communication","information","transformation num\u00e9rique","analyse des m\u00e9dias"],"knowsLanguage":["Fran\u00e7ais","Arabe"],"jobTitle":"Webdo.tn","worksFor":"Journaliste \u2013 Analyse des m\u00e9dias","url":"https:\/\/www.webdo.tn\/fr\/actualite\/author\/wided-belhaj\/"}]}},"_links":{"self":[{"href":"https:\/\/www.webdo.tn\/fr\/wp-json\/wp\/v2\/posts\/378678","targetHints":{"allow":["GET"]}}],"collection":[{"href":"https:\/\/www.webdo.tn\/fr\/wp-json\/wp\/v2\/posts"}],"about":[{"href":"https:\/\/www.webdo.tn\/fr\/wp-json\/wp\/v2\/types\/post"}],"author":[{"embeddable":true,"href":"https:\/\/www.webdo.tn\/fr\/wp-json\/wp\/v2\/users\/3184"}],"replies":[{"embeddable":true,"href":"https:\/\/www.webdo.tn\/fr\/wp-json\/wp\/v2\/comments?post=378678"}],"version-history":[{"count":0,"href":"https:\/\/www.webdo.tn\/fr\/wp-json\/wp\/v2\/posts\/378678\/revisions"}],"wp:featuredmedia":[{"embeddable":true,"href":"https:\/\/www.webdo.tn\/fr\/wp-json\/wp\/v2\/media\/348962"}],"wp:attachment":[{"href":"https:\/\/www.webdo.tn\/fr\/wp-json\/wp\/v2\/media?parent=378678"}],"wp:term":[{"taxonomy":"category","embeddable":true,"href":"https:\/\/www.webdo.tn\/fr\/wp-json\/wp\/v2\/categories?post=378678"},{"taxonomy":"post_tag","embeddable":true,"href":"https:\/\/www.webdo.tn\/fr\/wp-json\/wp\/v2\/tags?post=378678"}],"curies":[{"name":"wp","href":"https:\/\/api.w.org\/{rel}","templated":true}]}}