{"id":378674,"date":"2025-06-30T19:30:05","date_gmt":"2025-06-30T18:30:05","guid":{"rendered":"https:\/\/www.webdo.tn\/fr\/?p=378674"},"modified":"2025-07-01T09:41:37","modified_gmt":"2025-07-01T08:41:37","slug":"tunisie-le-corps-sans-vie-de-la-petite-mariem-retrouve-en-mer","status":"publish","type":"post","link":"https:\/\/www.webdo.tn\/fr\/actualite\/regions\/tunisie-le-corps-sans-vie-de-la-petite-mariem-retrouve-en-mer\/378674\/","title":{"rendered":"Tunisie : Le corps sans vie de la petite Mariem retrouv\u00e9 en mer"},"content":{"rendered":"\n<p><strong>Un responsable de la Garde maritime de Nabeul a indiqu\u00e9 que les \u00e9quipes de recherche relevant de la zone de la Garde maritime de K\u00e9libia ont retrouv\u00e9, vers 19h ce soir, le corps de la petite Mariem, d\u00e9rivant au large de la mer au niveau de Beni Khiar, rapporte Mosa\u00efque FM. <\/strong><\/p>\n\n\n\n<p>La m\u00eame source a confirm\u00e9 que les proc\u00e9dures de remise du corps \u00e0 son p\u00e8re ont \u00e9t\u00e9 entam\u00e9es.<\/p>\n\n\n\n<p>Il est \u00e0 rappeler que l\u2019ensemble des agents de la Garde maritime de K\u00e9libia s\u2019\u00e9taient mobilis\u00e9s, avec toutes leurs unit\u00e9s, pour rechercher la fillette port\u00e9e disparue depuis dimanche soir. <\/p>\n\n\n\n<p>L\u2019op\u00e9ration de recherche a \u00e9t\u00e9 renforc\u00e9e par la participation d\u2019agents de la protection civile, de la marine nationale, ainsi que par l\u2019appui d\u2019un h\u00e9licopt\u00e8re, sans oublier les efforts de plongeurs et de p\u00eacheurs b\u00e9n\u00e9voles.<\/p>\n\n\n\n<p><\/p>\n","protected":false},"excerpt":{"rendered":"<p>Un responsable de la Garde maritime de Nabeul a indiqu\u00e9 que les \u00e9quipes de recherche relevant de la zone de la Garde maritime de K\u00e9libia ont retrouv\u00e9, vers 19h ce soir, le corps de la petite Mariem, d\u00e9rivant au large de la mer au niveau de Beni Khiar, rapporte Mosa\u00efque FM. La m\u00eame source a [&hellip;]<\/p>\n","protected":false},"author":3184,"featured_media":378677,"comment_status":"open","ping_status":"open","sticky":false,"template":"","format":"standard","meta":{"footnotes":""},"categories":[2595],"tags":[4687,3713,2608],"class_list":["post-378674","post","type-post","status-publish","format-standard","has-post-thumbnail","hentry","category-regions","tag-corps","tag-mer","tag-tunisie"],"yoast_head":"<!-- This site is optimized with the Yoast SEO Premium plugin v27.5 (Yoast SEO v27.5) - https:\/\/yoast.com\/product\/yoast-seo-premium-wordpress\/ -->\n<title>Tunisie : Le corps sans vie de la petite Mariem retrouv\u00e9 en mer - webdo<\/title>\n<meta name=\"description\" content=\"Les \u00e9quipes de recherche ont retrouv\u00e9 Mariem mer, une trag\u00e9die qui a mobilis\u00e9 la Garde maritime de K\u00e9libia et les b\u00e9n\u00e9voles.\" \/>\n<link rel=\"canonical\" href=\"https:\/\/www.webdo.tn\/fr\/actualite\/regions\/tunisie-le-corps-sans-vie-de-la-petite-mariem-retrouve-en-mer\/378674\/\" \/>\n<meta property=\"og:locale\" content=\"fr_FR\" \/>\n<meta property=\"og:type\" content=\"article\" \/>\n<meta property=\"og:title\" content=\"Tunisie : Le corps sans vie de la petite Mariem retrouv\u00e9 en mer\" \/>\n<meta property=\"og:description\" content=\"Les \u00e9quipes de recherche ont retrouv\u00e9 Mariem mer, une trag\u00e9die qui a mobilis\u00e9 la Garde maritime de K\u00e9libia et les b\u00e9n\u00e9voles.\" \/>\n<meta property=\"og:url\" content=\"https:\/\/www.webdo.tn\/fr\/actualite\/regions\/tunisie-le-corps-sans-vie-de-la-petite-mariem-retrouve-en-mer\/378674\/\" \/>\n<meta property=\"og:site_name\" content=\"webdo\" \/>\n<meta property=\"article:publisher\" content=\"https:\/\/www.facebook.com\/webdotn\" \/>\n<meta property=\"article:published_time\" content=\"2025-06-30T18:30:05+00:00\" \/>\n<meta property=\"article:modified_time\" content=\"2025-07-01T08:41:37+00:00\" \/>\n<meta property=\"og:image\" content=\"https:\/\/www.webdo.tn\/fr\/wp-content\/uploads\/2025\/06\/thumbs_b_c_40ece3fbc73692055f9104fb4467a803.jpg\" \/>\n\t<meta property=\"og:image:width\" content=\"864\" \/>\n\t<meta property=\"og:image:height\" content=\"486\" \/>\n\t<meta property=\"og:image:type\" content=\"image\/jpeg\" \/>\n<meta name=\"author\" content=\"Wided Belhaj\" \/>\n<meta name=\"twitter:card\" content=\"summary_large_image\" \/>\n<meta name=\"twitter:creator\" content=\"@webdo_tn\" \/>\n<meta name=\"twitter:site\" content=\"@webdo_tn\" \/>\n<meta name=\"twitter:label1\" content=\"\u00c9crit par\" \/>\n\t<meta name=\"twitter:data1\" content=\"Wided Belhaj\" \/>\n\t<meta name=\"twitter:label2\" content=\"Dur\u00e9e de lecture estim\u00e9e\" \/>\n\t<meta name=\"twitter:data2\" content=\"1 minute\" \/>\n<script type=\"application\/ld+json\" class=\"yoast-schema-graph\">{\"@context\":\"https:\\\/\\\/schema.org\",\"@graph\":[{\"@type\":\"NewsArticle\",\"@id\":\"https:\\\/\\\/www.webdo.tn\\\/fr\\\/actualite\\\/regions\\\/tunisie-le-corps-sans-vie-de-la-petite-mariem-retrouve-en-mer\\\/378674\\\/#article\",\"isPartOf\":{\"@id\":\"https:\\\/\\\/www.webdo.tn\\\/fr\\\/actualite\\\/regions\\\/tunisie-le-corps-sans-vie-de-la-petite-mariem-retrouve-en-mer\\\/378674\\\/\"},\"author\":{\"name\":\"Wided Belhaj\",\"@id\":\"https:\\\/\\\/www.webdo.tn\\\/fr\\\/#\\\/schema\\\/person\\\/b9ecde7a5574cb4fcf4b496ea5fadb15\"},\"headline\":\"Tunisie : Le corps sans vie de la petite Mariem retrouv\u00e9 en mer\",\"datePublished\":\"2025-06-30T18:30:05+00:00\",\"dateModified\":\"2025-07-01T08:41:37+00:00\",\"mainEntityOfPage\":{\"@id\":\"https:\\\/\\\/www.webdo.tn\\\/fr\\\/actualite\\\/regions\\\/tunisie-le-corps-sans-vie-de-la-petite-mariem-retrouve-en-mer\\\/378674\\\/\"},\"wordCount\":166,\"commentCount\":0,\"publisher\":{\"@id\":\"https:\\\/\\\/www.webdo.tn\\\/fr\\\/#organization\"},\"image\":{\"@id\":\"https:\\\/\\\/www.webdo.tn\\\/fr\\\/actualite\\\/regions\\\/tunisie-le-corps-sans-vie-de-la-petite-mariem-retrouve-en-mer\\\/378674\\\/#primaryimage\"},\"thumbnailUrl\":\"https:\\\/\\\/www.webdo.tn\\\/fr\\\/wp-content\\\/uploads\\\/2025\\\/06\\\/thumbs_b_c_40ece3fbc73692055f9104fb4467a803.jpg\",\"keywords\":[\"corps\",\"Mer\",\"Tunisie\"],\"articleSection\":[\"regions\"],\"inLanguage\":\"fr-FR\"},{\"@type\":\"WebPage\",\"@id\":\"https:\\\/\\\/www.webdo.tn\\\/fr\\\/actualite\\\/regions\\\/tunisie-le-corps-sans-vie-de-la-petite-mariem-retrouve-en-mer\\\/378674\\\/\",\"url\":\"https:\\\/\\\/www.webdo.tn\\\/fr\\\/actualite\\\/regions\\\/tunisie-le-corps-sans-vie-de-la-petite-mariem-retrouve-en-mer\\\/378674\\\/\",\"name\":\"Tunisie : Le corps sans vie de la petite Mariem retrouv\u00e9 en mer - webdo\",\"isPartOf\":{\"@id\":\"https:\\\/\\\/www.webdo.tn\\\/fr\\\/#website\"},\"primaryImageOfPage\":{\"@id\":\"https:\\\/\\\/www.webdo.tn\\\/fr\\\/actualite\\\/regions\\\/tunisie-le-corps-sans-vie-de-la-petite-mariem-retrouve-en-mer\\\/378674\\\/#primaryimage\"},\"image\":{\"@id\":\"https:\\\/\\\/www.webdo.tn\\\/fr\\\/actualite\\\/regions\\\/tunisie-le-corps-sans-vie-de-la-petite-mariem-retrouve-en-mer\\\/378674\\\/#primaryimage\"},\"thumbnailUrl\":\"https:\\\/\\\/www.webdo.tn\\\/fr\\\/wp-content\\\/uploads\\\/2025\\\/06\\\/thumbs_b_c_40ece3fbc73692055f9104fb4467a803.jpg\",\"datePublished\":\"2025-06-30T18:30:05+00:00\",\"dateModified\":\"2025-07-01T08:41:37+00:00\",\"description\":\"Les \u00e9quipes de recherche ont retrouv\u00e9 Mariem mer, une trag\u00e9die qui a mobilis\u00e9 la Garde maritime de K\u00e9libia et les b\u00e9n\u00e9voles.\",\"breadcrumb\":{\"@id\":\"https:\\\/\\\/www.webdo.tn\\\/fr\\\/actualite\\\/regions\\\/tunisie-le-corps-sans-vie-de-la-petite-mariem-retrouve-en-mer\\\/378674\\\/#breadcrumb\"},\"inLanguage\":\"fr-FR\",\"potentialAction\":[{\"@type\":\"ReadAction\",\"target\":[\"https:\\\/\\\/www.webdo.tn\\\/fr\\\/actualite\\\/regions\\\/tunisie-le-corps-sans-vie-de-la-petite-mariem-retrouve-en-mer\\\/378674\\\/\"]}]},{\"@type\":\"ImageObject\",\"inLanguage\":\"fr-FR\",\"@id\":\"https:\\\/\\\/www.webdo.tn\\\/fr\\\/actualite\\\/regions\\\/tunisie-le-corps-sans-vie-de-la-petite-mariem-retrouve-en-mer\\\/378674\\\/#primaryimage\",\"url\":\"https:\\\/\\\/www.webdo.tn\\\/fr\\\/wp-content\\\/uploads\\\/2025\\\/06\\\/thumbs_b_c_40ece3fbc73692055f9104fb4467a803.jpg\",\"contentUrl\":\"https:\\\/\\\/www.webdo.tn\\\/fr\\\/wp-content\\\/uploads\\\/2025\\\/06\\\/thumbs_b_c_40ece3fbc73692055f9104fb4467a803.jpg\",\"width\":864,\"height\":486},{\"@type\":\"BreadcrumbList\",\"@id\":\"https:\\\/\\\/www.webdo.tn\\\/fr\\\/actualite\\\/regions\\\/tunisie-le-corps-sans-vie-de-la-petite-mariem-retrouve-en-mer\\\/378674\\\/#breadcrumb\",\"itemListElement\":[{\"@type\":\"ListItem\",\"position\":1,\"name\":\"Accueil\",\"item\":\"https:\\\/\\\/www.webdo.tn\\\/fr\\\/\"},{\"@type\":\"ListItem\",\"position\":2,\"name\":\"Tunisie : Le corps sans vie de la petite Mariem retrouv\u00e9 en mer\"}]},{\"@type\":\"WebSite\",\"@id\":\"https:\\\/\\\/www.webdo.tn\\\/fr\\\/#website\",\"url\":\"https:\\\/\\\/www.webdo.tn\\\/fr\\\/\",\"name\":\"webdo\",\"description\":\"Tunisie - News en Tunisie et \u00e0 l&#039;international sur Webdo.tn\",\"publisher\":{\"@id\":\"https:\\\/\\\/www.webdo.tn\\\/fr\\\/#organization\"},\"potentialAction\":[{\"@type\":\"SearchAction\",\"target\":{\"@type\":\"EntryPoint\",\"urlTemplate\":\"https:\\\/\\\/www.webdo.tn\\\/fr\\\/?s={search_term_string}\"},\"query-input\":{\"@type\":\"PropertyValueSpecification\",\"valueRequired\":true,\"valueName\":\"search_term_string\"}}],\"inLanguage\":\"fr-FR\"},{\"@type\":\"Organization\",\"@id\":\"https:\\\/\\\/www.webdo.tn\\\/fr\\\/#organization\",\"name\":\"Webdo\",\"alternateName\":\"Webdo.tn\",\"url\":\"https:\\\/\\\/www.webdo.tn\\\/fr\\\/\",\"logo\":{\"@type\":\"ImageObject\",\"inLanguage\":\"fr-FR\",\"@id\":\"https:\\\/\\\/www.webdo.tn\\\/fr\\\/#\\\/schema\\\/logo\\\/image\\\/\",\"url\":\"https:\\\/\\\/www.webdo.tn\\\/fr\\\/wp-content\\\/uploads\\\/2025\\\/06\\\/Webdo-Tunisie_168377.jpg\",\"contentUrl\":\"https:\\\/\\\/www.webdo.tn\\\/fr\\\/wp-content\\\/uploads\\\/2025\\\/06\\\/Webdo-Tunisie_168377.jpg\",\"width\":301,\"height\":301,\"caption\":\"Webdo\"},\"image\":{\"@id\":\"https:\\\/\\\/www.webdo.tn\\\/fr\\\/#\\\/schema\\\/logo\\\/image\\\/\"},\"sameAs\":[\"https:\\\/\\\/www.facebook.com\\\/webdotn\",\"https:\\\/\\\/x.com\\\/webdo_tn\"],\"description\":\"Webdo est un m\u00e9dia num\u00e9rique tunisien fond\u00e9 en 2010, sp\u00e9cialis\u00e9 dans l\u2019actualit\u00e9 nationale et internationale, l\u2019\u00e9conomie, la soci\u00e9t\u00e9 et les analyses politiques. Le site s\u2019adresse \u00e0 un large public francophone et couvre l\u2019information tunisienne en temps r\u00e9el.\",\"email\":\"redac@webdo.tn\",\"legalName\":\"YNJ SARL\",\"foundingDate\":\"2010-09-06\",\"numberOfEmployees\":{\"@type\":\"QuantitativeValue\",\"minValue\":\"11\",\"maxValue\":\"50\"}},{\"@type\":\"Person\",\"@id\":\"https:\\\/\\\/www.webdo.tn\\\/fr\\\/#\\\/schema\\\/person\\\/b9ecde7a5574cb4fcf4b496ea5fadb15\",\"name\":\"Wided Belhaj\",\"image\":{\"@type\":\"ImageObject\",\"inLanguage\":\"fr-FR\",\"@id\":\"https:\\\/\\\/www.webdo.tn\\\/fr\\\/wp-content\\\/uploads\\\/2026\\\/04\\\/wided-belhaj_avatar-96x96.jpg\",\"url\":\"https:\\\/\\\/www.webdo.tn\\\/fr\\\/wp-content\\\/uploads\\\/2026\\\/04\\\/wided-belhaj_avatar-96x96.jpg\",\"contentUrl\":\"https:\\\/\\\/www.webdo.tn\\\/fr\\\/wp-content\\\/uploads\\\/2026\\\/04\\\/wided-belhaj_avatar-96x96.jpg\",\"caption\":\"Wided Belhaj\"},\"description\":\"Wided Belhaj est le pseudonyme \u00e9ditorial utilis\u00e9 par Khalil Jelassi, journaliste, ma\u00eetre-assistant \u00e0 l\u2019Institut de presse et des sciences de l\u2019information (IPSI) et chercheur en sciences de l\u2019information et de la communication. Cette signature est d\u00e9di\u00e9e \u00e0 l\u2019analyse des m\u00e9dias, des pratiques journalistiques et des mutations de l\u2019information \u00e0 l\u2019\u00e8re digitale. \u00c0 travers ses contributions, Wided Belhaj propose une lecture analytique de l\u2019actualit\u00e9, en croisant regard critique et expertise acad\u00e9mique.\",\"knowsAbout\":[\"m\u00e9dias\",\"journalisme\",\"communication\",\"information\",\"transformation num\u00e9rique\",\"analyse des m\u00e9dias\"],\"knowsLanguage\":[\"Fran\u00e7ais\",\"Arabe\"],\"jobTitle\":\"Webdo.tn\",\"worksFor\":\"Journaliste \u2013 Analyse des m\u00e9dias\",\"url\":\"https:\\\/\\\/www.webdo.tn\\\/fr\\\/actualite\\\/author\\\/wided-belhaj\\\/\"}]}<\/script>\n<!-- \/ Yoast SEO Premium plugin. -->","yoast_head_json":{"title":"Tunisie : Le corps sans vie de la petite Mariem retrouv\u00e9 en mer - webdo","description":"Les \u00e9quipes de recherche ont retrouv\u00e9 Mariem mer, une trag\u00e9die qui a mobilis\u00e9 la Garde maritime de K\u00e9libia et les b\u00e9n\u00e9voles.","canonical":"https:\/\/www.webdo.tn\/fr\/actualite\/regions\/tunisie-le-corps-sans-vie-de-la-petite-mariem-retrouve-en-mer\/378674\/","og_locale":"fr_FR","og_type":"article","og_title":"Tunisie : Le corps sans vie de la petite Mariem retrouv\u00e9 en mer","og_description":"Les \u00e9quipes de recherche ont retrouv\u00e9 Mariem mer, une trag\u00e9die qui a mobilis\u00e9 la Garde maritime de K\u00e9libia et les b\u00e9n\u00e9voles.","og_url":"https:\/\/www.webdo.tn\/fr\/actualite\/regions\/tunisie-le-corps-sans-vie-de-la-petite-mariem-retrouve-en-mer\/378674\/","og_site_name":"webdo","article_publisher":"https:\/\/www.facebook.com\/webdotn","article_published_time":"2025-06-30T18:30:05+00:00","article_modified_time":"2025-07-01T08:41:37+00:00","og_image":[{"width":864,"height":486,"url":"https:\/\/www.webdo.tn\/fr\/wp-content\/uploads\/2025\/06\/thumbs_b_c_40ece3fbc73692055f9104fb4467a803.jpg","type":"image\/jpeg"}],"author":"Wided Belhaj","twitter_card":"summary_large_image","twitter_creator":"@webdo_tn","twitter_site":"@webdo_tn","twitter_misc":{"\u00c9crit par":"Wided Belhaj","Dur\u00e9e de lecture estim\u00e9e":"1 minute"},"schema":{"@context":"https:\/\/schema.org","@graph":[{"@type":"NewsArticle","@id":"https:\/\/www.webdo.tn\/fr\/actualite\/regions\/tunisie-le-corps-sans-vie-de-la-petite-mariem-retrouve-en-mer\/378674\/#article","isPartOf":{"@id":"https:\/\/www.webdo.tn\/fr\/actualite\/regions\/tunisie-le-corps-sans-vie-de-la-petite-mariem-retrouve-en-mer\/378674\/"},"author":{"name":"Wided Belhaj","@id":"https:\/\/www.webdo.tn\/fr\/#\/schema\/person\/b9ecde7a5574cb4fcf4b496ea5fadb15"},"headline":"Tunisie : Le corps sans vie de la petite Mariem retrouv\u00e9 en mer","datePublished":"2025-06-30T18:30:05+00:00","dateModified":"2025-07-01T08:41:37+00:00","mainEntityOfPage":{"@id":"https:\/\/www.webdo.tn\/fr\/actualite\/regions\/tunisie-le-corps-sans-vie-de-la-petite-mariem-retrouve-en-mer\/378674\/"},"wordCount":166,"commentCount":0,"publisher":{"@id":"https:\/\/www.webdo.tn\/fr\/#organization"},"image":{"@id":"https:\/\/www.webdo.tn\/fr\/actualite\/regions\/tunisie-le-corps-sans-vie-de-la-petite-mariem-retrouve-en-mer\/378674\/#primaryimage"},"thumbnailUrl":"https:\/\/www.webdo.tn\/fr\/wp-content\/uploads\/2025\/06\/thumbs_b_c_40ece3fbc73692055f9104fb4467a803.jpg","keywords":["corps","Mer","Tunisie"],"articleSection":["regions"],"inLanguage":"fr-FR"},{"@type":"WebPage","@id":"https:\/\/www.webdo.tn\/fr\/actualite\/regions\/tunisie-le-corps-sans-vie-de-la-petite-mariem-retrouve-en-mer\/378674\/","url":"https:\/\/www.webdo.tn\/fr\/actualite\/regions\/tunisie-le-corps-sans-vie-de-la-petite-mariem-retrouve-en-mer\/378674\/","name":"Tunisie : Le corps sans vie de la petite Mariem retrouv\u00e9 en mer - webdo","isPartOf":{"@id":"https:\/\/www.webdo.tn\/fr\/#website"},"primaryImageOfPage":{"@id":"https:\/\/www.webdo.tn\/fr\/actualite\/regions\/tunisie-le-corps-sans-vie-de-la-petite-mariem-retrouve-en-mer\/378674\/#primaryimage"},"image":{"@id":"https:\/\/www.webdo.tn\/fr\/actualite\/regions\/tunisie-le-corps-sans-vie-de-la-petite-mariem-retrouve-en-mer\/378674\/#primaryimage"},"thumbnailUrl":"https:\/\/www.webdo.tn\/fr\/wp-content\/uploads\/2025\/06\/thumbs_b_c_40ece3fbc73692055f9104fb4467a803.jpg","datePublished":"2025-06-30T18:30:05+00:00","dateModified":"2025-07-01T08:41:37+00:00","description":"Les \u00e9quipes de recherche ont retrouv\u00e9 Mariem mer, une trag\u00e9die qui a mobilis\u00e9 la Garde maritime de K\u00e9libia et les b\u00e9n\u00e9voles.","breadcrumb":{"@id":"https:\/\/www.webdo.tn\/fr\/actualite\/regions\/tunisie-le-corps-sans-vie-de-la-petite-mariem-retrouve-en-mer\/378674\/#breadcrumb"},"inLanguage":"fr-FR","potentialAction":[{"@type":"ReadAction","target":["https:\/\/www.webdo.tn\/fr\/actualite\/regions\/tunisie-le-corps-sans-vie-de-la-petite-mariem-retrouve-en-mer\/378674\/"]}]},{"@type":"ImageObject","inLanguage":"fr-FR","@id":"https:\/\/www.webdo.tn\/fr\/actualite\/regions\/tunisie-le-corps-sans-vie-de-la-petite-mariem-retrouve-en-mer\/378674\/#primaryimage","url":"https:\/\/www.webdo.tn\/fr\/wp-content\/uploads\/2025\/06\/thumbs_b_c_40ece3fbc73692055f9104fb4467a803.jpg","contentUrl":"https:\/\/www.webdo.tn\/fr\/wp-content\/uploads\/2025\/06\/thumbs_b_c_40ece3fbc73692055f9104fb4467a803.jpg","width":864,"height":486},{"@type":"BreadcrumbList","@id":"https:\/\/www.webdo.tn\/fr\/actualite\/regions\/tunisie-le-corps-sans-vie-de-la-petite-mariem-retrouve-en-mer\/378674\/#breadcrumb","itemListElement":[{"@type":"ListItem","position":1,"name":"Accueil","item":"https:\/\/www.webdo.tn\/fr\/"},{"@type":"ListItem","position":2,"name":"Tunisie : Le corps sans vie de la petite Mariem retrouv\u00e9 en mer"}]},{"@type":"WebSite","@id":"https:\/\/www.webdo.tn\/fr\/#website","url":"https:\/\/www.webdo.tn\/fr\/","name":"webdo","description":"Tunisie - News en Tunisie et \u00e0 l&#039;international sur Webdo.tn","publisher":{"@id":"https:\/\/www.webdo.tn\/fr\/#organization"},"potentialAction":[{"@type":"SearchAction","target":{"@type":"EntryPoint","urlTemplate":"https:\/\/www.webdo.tn\/fr\/?s={search_term_string}"},"query-input":{"@type":"PropertyValueSpecification","valueRequired":true,"valueName":"search_term_string"}}],"inLanguage":"fr-FR"},{"@type":"Organization","@id":"https:\/\/www.webdo.tn\/fr\/#organization","name":"Webdo","alternateName":"Webdo.tn","url":"https:\/\/www.webdo.tn\/fr\/","logo":{"@type":"ImageObject","inLanguage":"fr-FR","@id":"https:\/\/www.webdo.tn\/fr\/#\/schema\/logo\/image\/","url":"https:\/\/www.webdo.tn\/fr\/wp-content\/uploads\/2025\/06\/Webdo-Tunisie_168377.jpg","contentUrl":"https:\/\/www.webdo.tn\/fr\/wp-content\/uploads\/2025\/06\/Webdo-Tunisie_168377.jpg","width":301,"height":301,"caption":"Webdo"},"image":{"@id":"https:\/\/www.webdo.tn\/fr\/#\/schema\/logo\/image\/"},"sameAs":["https:\/\/www.facebook.com\/webdotn","https:\/\/x.com\/webdo_tn"],"description":"Webdo est un m\u00e9dia num\u00e9rique tunisien fond\u00e9 en 2010, sp\u00e9cialis\u00e9 dans l\u2019actualit\u00e9 nationale et internationale, l\u2019\u00e9conomie, la soci\u00e9t\u00e9 et les analyses politiques. Le site s\u2019adresse \u00e0 un large public francophone et couvre l\u2019information tunisienne en temps r\u00e9el.","email":"redac@webdo.tn","legalName":"YNJ SARL","foundingDate":"2010-09-06","numberOfEmployees":{"@type":"QuantitativeValue","minValue":"11","maxValue":"50"}},{"@type":"Person","@id":"https:\/\/www.webdo.tn\/fr\/#\/schema\/person\/b9ecde7a5574cb4fcf4b496ea5fadb15","name":"Wided Belhaj","image":{"@type":"ImageObject","inLanguage":"fr-FR","@id":"https:\/\/www.webdo.tn\/fr\/wp-content\/uploads\/2026\/04\/wided-belhaj_avatar-96x96.jpg","url":"https:\/\/www.webdo.tn\/fr\/wp-content\/uploads\/2026\/04\/wided-belhaj_avatar-96x96.jpg","contentUrl":"https:\/\/www.webdo.tn\/fr\/wp-content\/uploads\/2026\/04\/wided-belhaj_avatar-96x96.jpg","caption":"Wided Belhaj"},"description":"Wided Belhaj est le pseudonyme \u00e9ditorial utilis\u00e9 par Khalil Jelassi, journaliste, ma\u00eetre-assistant \u00e0 l\u2019Institut de presse et des sciences de l\u2019information (IPSI) et chercheur en sciences de l\u2019information et de la communication. Cette signature est d\u00e9di\u00e9e \u00e0 l\u2019analyse des m\u00e9dias, des pratiques journalistiques et des mutations de l\u2019information \u00e0 l\u2019\u00e8re digitale. \u00c0 travers ses contributions, Wided Belhaj propose une lecture analytique de l\u2019actualit\u00e9, en croisant regard critique et expertise acad\u00e9mique.","knowsAbout":["m\u00e9dias","journalisme","communication","information","transformation num\u00e9rique","analyse des m\u00e9dias"],"knowsLanguage":["Fran\u00e7ais","Arabe"],"jobTitle":"Webdo.tn","worksFor":"Journaliste \u2013 Analyse des m\u00e9dias","url":"https:\/\/www.webdo.tn\/fr\/actualite\/author\/wided-belhaj\/"}]}},"_links":{"self":[{"href":"https:\/\/www.webdo.tn\/fr\/wp-json\/wp\/v2\/posts\/378674","targetHints":{"allow":["GET"]}}],"collection":[{"href":"https:\/\/www.webdo.tn\/fr\/wp-json\/wp\/v2\/posts"}],"about":[{"href":"https:\/\/www.webdo.tn\/fr\/wp-json\/wp\/v2\/types\/post"}],"author":[{"embeddable":true,"href":"https:\/\/www.webdo.tn\/fr\/wp-json\/wp\/v2\/users\/3184"}],"replies":[{"embeddable":true,"href":"https:\/\/www.webdo.tn\/fr\/wp-json\/wp\/v2\/comments?post=378674"}],"version-history":[{"count":0,"href":"https:\/\/www.webdo.tn\/fr\/wp-json\/wp\/v2\/posts\/378674\/revisions"}],"wp:featuredmedia":[{"embeddable":true,"href":"https:\/\/www.webdo.tn\/fr\/wp-json\/wp\/v2\/media\/378677"}],"wp:attachment":[{"href":"https:\/\/www.webdo.tn\/fr\/wp-json\/wp\/v2\/media?parent=378674"}],"wp:term":[{"taxonomy":"category","embeddable":true,"href":"https:\/\/www.webdo.tn\/fr\/wp-json\/wp\/v2\/categories?post=378674"},{"taxonomy":"post_tag","embeddable":true,"href":"https:\/\/www.webdo.tn\/fr\/wp-json\/wp\/v2\/tags?post=378674"}],"curies":[{"name":"wp","href":"https:\/\/api.w.org\/{rel}","templated":true}]}}