{"id":378670,"date":"2025-06-30T18:28:47","date_gmt":"2025-06-30T17:28:47","guid":{"rendered":"https:\/\/www.webdo.tn\/fr\/?p=378670"},"modified":"2025-07-01T08:37:15","modified_gmt":"2025-07-01T07:37:15","slug":"tunisie-mehrez-ghannouchi-ou-quand-les-likes-ne-suffisent-pas","status":"publish","type":"post","link":"https:\/\/www.webdo.tn\/fr\/actualite\/national\/tunisie-mehrez-ghannouchi-ou-quand-les-likes-ne-suffisent-pas\/378670\/","title":{"rendered":"Tunisie : Mehrez Ghannouchi, ou quand les likes ne suffisent pas !"},"content":{"rendered":"\n<p><strong>Il pensait que sa notori\u00e9t\u00e9 m\u00e9diatique suffirait. Suivi par des milliers de Tunisiens pour ses bulletins m\u00e9t\u00e9orologiques pr\u00e9cis et ses interventions p\u00e9dagogiques, Mehrez Ghannouchi, plus connu sous le surnom de \u00ab Monsieur M\u00e9t\u00e9o \u00bb, a tent\u00e9 de transformer son aura num\u00e9rique en succ\u00e8s politique. <\/strong><\/p>\n\n\n\n<p>Candidat aux \u00e9lections l\u00e9gislatives partielles dans la circonscription de Bizerte-Nord, il n\u2019a pourtant pas r\u00e9ussi \u00e0 convaincre les \u00e9lecteurs. Son \u00e9chec rappelle une v\u00e9rit\u00e9 politique implacable : la popularit\u00e9 virtuelle ne garantit pas les voix dans les urnes.<\/p>\n\n\n\n<p><br>Ing\u00e9nieur \u00e0 l\u2019Institut national de la m\u00e9t\u00e9orologie (INM) et ancien visage familier des bulletins m\u00e9t\u00e9o \u00e0 la t\u00e9l\u00e9vision, Mehrez Ghannouchi jouit d\u2019une image publique positive. Sur Facebook ses vid\u00e9os explicatives sur les vagues de chaleur ou les ph\u00e9nom\u00e8nes climatiques extr\u00eames sont largement partag\u00e9es. En avril dernier, il surprend en annon\u00e7ant sa candidature pour succ\u00e9der au d\u00e9put\u00e9 d\u00e9c\u00e9d\u00e9 Sami Essa\u00efed \u00e0 Bizerte-Nord, esp\u00e9rant porter un \u00ab souffle nouveau \u00bb \u00e0 la vie politique locale.<\/p>\n\n\n\n<p>Une campagne trop connect\u00e9e, pas assez enracin\u00e9e<br><\/p>\n\n\n\n<p>Durant la campagne \u00e9lectorale, Mehrez Ghannouchi mise largement sur les r\u00e9seaux sociaux pour faire passer son message. Lives sur Facebook, vid\u00e9os bien produites, publications interactives : sa strat\u00e9gie est moderne, mais elle peine \u00e0 s\u2019ancrer dans les r\u00e9alit\u00e9s locales. \u00c0 Bizerte, les attentes sont concr\u00e8tes : emploi, environnement, services publics, mobilit\u00e9. Face \u00e0 des candidats mieux implant\u00e9s sur le terrain, avec des r\u00e9seaux associatifs ou militants solides, la communication num\u00e9rique ne suffit pas.<\/p>\n\n\n\n<p><br>Les r\u00e9sultats tombent : Ghannouchi ne franchit pas le seuil n\u00e9cessaire pour remporter les \u00e9lections. Il est devanc\u00e9 par des profils moins connus au niveau national, mais bien plus enracin\u00e9s localement. Une claque \u00e9lectorale, mais aussi une le\u00e7on. La visibilit\u00e9 ne remplace ni le contact direct avec les \u00e9lecteurs, ni l\u2019\u00e9laboration d\u2019un programme clair et adapt\u00e9 aux sp\u00e9cificit\u00e9s du territoire.<\/p>\n\n\n\n<p><br>Ce revers illustre un d\u00e9calage de plus en plus visible entre influence num\u00e9rique et influence \u00e9lectorale. \u00c0 l\u2019heure o\u00f9 de nombreux candidats misent sur leur image en ligne, l\u2019\u00e9chec de \u00ab Monsieur M\u00e9t\u00e9o \u00bb montre que les \u00e9lecteurs cherchent encore autre chose : de la proximit\u00e9, de l\u2019\u00e9coute et des solutions concr\u00e8tes.<\/p>\n\n\n\n<p><\/p>\n","protected":false},"excerpt":{"rendered":"<p>Il pensait que sa notori\u00e9t\u00e9 m\u00e9diatique suffirait. Suivi par des milliers de Tunisiens pour ses bulletins m\u00e9t\u00e9orologiques pr\u00e9cis et ses interventions p\u00e9dagogiques, Mehrez Ghannouchi, plus connu sous le surnom de \u00ab Monsieur M\u00e9t\u00e9o \u00bb, a tent\u00e9 de transformer son aura num\u00e9rique en succ\u00e8s politique. Candidat aux \u00e9lections l\u00e9gislatives partielles dans la circonscription de Bizerte-Nord, il [&hellip;]<\/p>\n","protected":false},"author":3184,"featured_media":378671,"comment_status":"open","ping_status":"open","sticky":false,"template":"","format":"standard","meta":{"footnotes":""},"categories":[44],"tags":[3923,2670,2836],"class_list":["post-378670","post","type-post","status-publish","format-standard","has-post-thumbnail","hentry","category-national","tag-elections","tag-meteo","tag-reseaux-sociaux"],"yoast_head":"<!-- This site is optimized with the Yoast SEO Premium plugin v27.5 (Yoast SEO v27.5) - https:\/\/yoast.com\/product\/yoast-seo-premium-wordpress\/ -->\n<title>Tunisie : Mehrez Ghannouchi, ou quand les likes ne suffisent pas ! - webdo<\/title>\n<meta name=\"description\" content=\"D\u00e9couvrez Mehrez Ghannouchi, connu comme Monsieur M\u00e9t\u00e9o, et son parcours vers la politique dans la circonscription de Bizerte-Nord.\" \/>\n<link rel=\"canonical\" href=\"https:\/\/www.webdo.tn\/fr\/actualite\/national\/tunisie-mehrez-ghannouchi-ou-quand-les-likes-ne-suffisent-pas\/378670\/\" \/>\n<meta property=\"og:locale\" content=\"fr_FR\" \/>\n<meta property=\"og:type\" content=\"article\" \/>\n<meta property=\"og:title\" content=\"Tunisie : Mehrez Ghannouchi, ou quand les likes ne suffisent pas !\" \/>\n<meta property=\"og:description\" content=\"D\u00e9couvrez Mehrez Ghannouchi, connu comme Monsieur M\u00e9t\u00e9o, et son parcours vers la politique dans la circonscription de Bizerte-Nord.\" \/>\n<meta property=\"og:url\" content=\"https:\/\/www.webdo.tn\/fr\/actualite\/national\/tunisie-mehrez-ghannouchi-ou-quand-les-likes-ne-suffisent-pas\/378670\/\" \/>\n<meta property=\"og:site_name\" content=\"webdo\" \/>\n<meta property=\"article:publisher\" content=\"https:\/\/www.facebook.com\/webdotn\" \/>\n<meta property=\"article:published_time\" content=\"2025-06-30T17:28:47+00:00\" \/>\n<meta property=\"article:modified_time\" content=\"2025-07-01T07:37:15+00:00\" \/>\n<meta property=\"og:image\" content=\"https:\/\/www.webdo.tn\/fr\/wp-content\/uploads\/2025\/06\/Capture-decran-2025-06-30-182752.png\" \/>\n\t<meta property=\"og:image:width\" content=\"617\" \/>\n\t<meta property=\"og:image:height\" content=\"502\" \/>\n\t<meta property=\"og:image:type\" content=\"image\/png\" \/>\n<meta name=\"author\" content=\"Wided Belhaj\" \/>\n<meta name=\"twitter:card\" content=\"summary_large_image\" \/>\n<meta name=\"twitter:creator\" content=\"@webdo_tn\" \/>\n<meta name=\"twitter:site\" content=\"@webdo_tn\" \/>\n<meta name=\"twitter:label1\" content=\"\u00c9crit par\" \/>\n\t<meta name=\"twitter:data1\" content=\"Wided Belhaj\" \/>\n\t<meta name=\"twitter:label2\" content=\"Dur\u00e9e de lecture estim\u00e9e\" \/>\n\t<meta name=\"twitter:data2\" content=\"2 minutes\" \/>\n<script type=\"application\/ld+json\" class=\"yoast-schema-graph\">{\"@context\":\"https:\\\/\\\/schema.org\",\"@graph\":[{\"@type\":\"NewsArticle\",\"@id\":\"https:\\\/\\\/www.webdo.tn\\\/fr\\\/actualite\\\/national\\\/tunisie-mehrez-ghannouchi-ou-quand-les-likes-ne-suffisent-pas\\\/378670\\\/#article\",\"isPartOf\":{\"@id\":\"https:\\\/\\\/www.webdo.tn\\\/fr\\\/actualite\\\/national\\\/tunisie-mehrez-ghannouchi-ou-quand-les-likes-ne-suffisent-pas\\\/378670\\\/\"},\"author\":{\"name\":\"Wided Belhaj\",\"@id\":\"https:\\\/\\\/www.webdo.tn\\\/fr\\\/#\\\/schema\\\/person\\\/b9ecde7a5574cb4fcf4b496ea5fadb15\"},\"headline\":\"Tunisie : Mehrez Ghannouchi, ou quand les likes ne suffisent pas !\",\"datePublished\":\"2025-06-30T17:28:47+00:00\",\"dateModified\":\"2025-07-01T07:37:15+00:00\",\"mainEntityOfPage\":{\"@id\":\"https:\\\/\\\/www.webdo.tn\\\/fr\\\/actualite\\\/national\\\/tunisie-mehrez-ghannouchi-ou-quand-les-likes-ne-suffisent-pas\\\/378670\\\/\"},\"wordCount\":400,\"commentCount\":0,\"publisher\":{\"@id\":\"https:\\\/\\\/www.webdo.tn\\\/fr\\\/#organization\"},\"image\":{\"@id\":\"https:\\\/\\\/www.webdo.tn\\\/fr\\\/actualite\\\/national\\\/tunisie-mehrez-ghannouchi-ou-quand-les-likes-ne-suffisent-pas\\\/378670\\\/#primaryimage\"},\"thumbnailUrl\":\"https:\\\/\\\/www.webdo.tn\\\/fr\\\/wp-content\\\/uploads\\\/2025\\\/06\\\/Capture-decran-2025-06-30-182752.png\",\"keywords\":[\"\u00e9lections\",\"m\u00e9t\u00e9o\",\"r\u00e9seaux sociaux\"],\"articleSection\":[\"National\"],\"inLanguage\":\"fr-FR\"},{\"@type\":\"WebPage\",\"@id\":\"https:\\\/\\\/www.webdo.tn\\\/fr\\\/actualite\\\/national\\\/tunisie-mehrez-ghannouchi-ou-quand-les-likes-ne-suffisent-pas\\\/378670\\\/\",\"url\":\"https:\\\/\\\/www.webdo.tn\\\/fr\\\/actualite\\\/national\\\/tunisie-mehrez-ghannouchi-ou-quand-les-likes-ne-suffisent-pas\\\/378670\\\/\",\"name\":\"Tunisie : Mehrez Ghannouchi, ou quand les likes ne suffisent pas ! - webdo\",\"isPartOf\":{\"@id\":\"https:\\\/\\\/www.webdo.tn\\\/fr\\\/#website\"},\"primaryImageOfPage\":{\"@id\":\"https:\\\/\\\/www.webdo.tn\\\/fr\\\/actualite\\\/national\\\/tunisie-mehrez-ghannouchi-ou-quand-les-likes-ne-suffisent-pas\\\/378670\\\/#primaryimage\"},\"image\":{\"@id\":\"https:\\\/\\\/www.webdo.tn\\\/fr\\\/actualite\\\/national\\\/tunisie-mehrez-ghannouchi-ou-quand-les-likes-ne-suffisent-pas\\\/378670\\\/#primaryimage\"},\"thumbnailUrl\":\"https:\\\/\\\/www.webdo.tn\\\/fr\\\/wp-content\\\/uploads\\\/2025\\\/06\\\/Capture-decran-2025-06-30-182752.png\",\"datePublished\":\"2025-06-30T17:28:47+00:00\",\"dateModified\":\"2025-07-01T07:37:15+00:00\",\"description\":\"D\u00e9couvrez Mehrez Ghannouchi, connu comme Monsieur M\u00e9t\u00e9o, et son parcours vers la politique dans la circonscription de Bizerte-Nord.\",\"breadcrumb\":{\"@id\":\"https:\\\/\\\/www.webdo.tn\\\/fr\\\/actualite\\\/national\\\/tunisie-mehrez-ghannouchi-ou-quand-les-likes-ne-suffisent-pas\\\/378670\\\/#breadcrumb\"},\"inLanguage\":\"fr-FR\",\"potentialAction\":[{\"@type\":\"ReadAction\",\"target\":[\"https:\\\/\\\/www.webdo.tn\\\/fr\\\/actualite\\\/national\\\/tunisie-mehrez-ghannouchi-ou-quand-les-likes-ne-suffisent-pas\\\/378670\\\/\"]}]},{\"@type\":\"ImageObject\",\"inLanguage\":\"fr-FR\",\"@id\":\"https:\\\/\\\/www.webdo.tn\\\/fr\\\/actualite\\\/national\\\/tunisie-mehrez-ghannouchi-ou-quand-les-likes-ne-suffisent-pas\\\/378670\\\/#primaryimage\",\"url\":\"https:\\\/\\\/www.webdo.tn\\\/fr\\\/wp-content\\\/uploads\\\/2025\\\/06\\\/Capture-decran-2025-06-30-182752.png\",\"contentUrl\":\"https:\\\/\\\/www.webdo.tn\\\/fr\\\/wp-content\\\/uploads\\\/2025\\\/06\\\/Capture-decran-2025-06-30-182752.png\",\"width\":617,\"height\":502},{\"@type\":\"BreadcrumbList\",\"@id\":\"https:\\\/\\\/www.webdo.tn\\\/fr\\\/actualite\\\/national\\\/tunisie-mehrez-ghannouchi-ou-quand-les-likes-ne-suffisent-pas\\\/378670\\\/#breadcrumb\",\"itemListElement\":[{\"@type\":\"ListItem\",\"position\":1,\"name\":\"Accueil\",\"item\":\"https:\\\/\\\/www.webdo.tn\\\/fr\\\/\"},{\"@type\":\"ListItem\",\"position\":2,\"name\":\"Tunisie : Mehrez Ghannouchi, ou quand les likes ne suffisent pas !\"}]},{\"@type\":\"WebSite\",\"@id\":\"https:\\\/\\\/www.webdo.tn\\\/fr\\\/#website\",\"url\":\"https:\\\/\\\/www.webdo.tn\\\/fr\\\/\",\"name\":\"webdo\",\"description\":\"Tunisie - News en Tunisie et \u00e0 l&#039;international sur Webdo.tn\",\"publisher\":{\"@id\":\"https:\\\/\\\/www.webdo.tn\\\/fr\\\/#organization\"},\"potentialAction\":[{\"@type\":\"SearchAction\",\"target\":{\"@type\":\"EntryPoint\",\"urlTemplate\":\"https:\\\/\\\/www.webdo.tn\\\/fr\\\/?s={search_term_string}\"},\"query-input\":{\"@type\":\"PropertyValueSpecification\",\"valueRequired\":true,\"valueName\":\"search_term_string\"}}],\"inLanguage\":\"fr-FR\"},{\"@type\":\"Organization\",\"@id\":\"https:\\\/\\\/www.webdo.tn\\\/fr\\\/#organization\",\"name\":\"Webdo\",\"alternateName\":\"Webdo.tn\",\"url\":\"https:\\\/\\\/www.webdo.tn\\\/fr\\\/\",\"logo\":{\"@type\":\"ImageObject\",\"inLanguage\":\"fr-FR\",\"@id\":\"https:\\\/\\\/www.webdo.tn\\\/fr\\\/#\\\/schema\\\/logo\\\/image\\\/\",\"url\":\"https:\\\/\\\/www.webdo.tn\\\/fr\\\/wp-content\\\/uploads\\\/2025\\\/06\\\/Webdo-Tunisie_168377.jpg\",\"contentUrl\":\"https:\\\/\\\/www.webdo.tn\\\/fr\\\/wp-content\\\/uploads\\\/2025\\\/06\\\/Webdo-Tunisie_168377.jpg\",\"width\":301,\"height\":301,\"caption\":\"Webdo\"},\"image\":{\"@id\":\"https:\\\/\\\/www.webdo.tn\\\/fr\\\/#\\\/schema\\\/logo\\\/image\\\/\"},\"sameAs\":[\"https:\\\/\\\/www.facebook.com\\\/webdotn\",\"https:\\\/\\\/x.com\\\/webdo_tn\"],\"description\":\"Webdo est un m\u00e9dia num\u00e9rique tunisien fond\u00e9 en 2010, sp\u00e9cialis\u00e9 dans l\u2019actualit\u00e9 nationale et internationale, l\u2019\u00e9conomie, la soci\u00e9t\u00e9 et les analyses politiques. Le site s\u2019adresse \u00e0 un large public francophone et couvre l\u2019information tunisienne en temps r\u00e9el.\",\"email\":\"redac@webdo.tn\",\"legalName\":\"YNJ SARL\",\"foundingDate\":\"2010-09-06\",\"numberOfEmployees\":{\"@type\":\"QuantitativeValue\",\"minValue\":\"11\",\"maxValue\":\"50\"}},{\"@type\":\"Person\",\"@id\":\"https:\\\/\\\/www.webdo.tn\\\/fr\\\/#\\\/schema\\\/person\\\/b9ecde7a5574cb4fcf4b496ea5fadb15\",\"name\":\"Wided Belhaj\",\"image\":{\"@type\":\"ImageObject\",\"inLanguage\":\"fr-FR\",\"@id\":\"https:\\\/\\\/www.webdo.tn\\\/fr\\\/wp-content\\\/uploads\\\/2026\\\/04\\\/wided-belhaj_avatar-96x96.jpg\",\"url\":\"https:\\\/\\\/www.webdo.tn\\\/fr\\\/wp-content\\\/uploads\\\/2026\\\/04\\\/wided-belhaj_avatar-96x96.jpg\",\"contentUrl\":\"https:\\\/\\\/www.webdo.tn\\\/fr\\\/wp-content\\\/uploads\\\/2026\\\/04\\\/wided-belhaj_avatar-96x96.jpg\",\"caption\":\"Wided Belhaj\"},\"description\":\"Wided Belhaj est le pseudonyme \u00e9ditorial utilis\u00e9 par Khalil Jelassi, journaliste, ma\u00eetre-assistant \u00e0 l\u2019Institut de presse et des sciences de l\u2019information (IPSI) et chercheur en sciences de l\u2019information et de la communication. Cette signature est d\u00e9di\u00e9e \u00e0 l\u2019analyse des m\u00e9dias, des pratiques journalistiques et des mutations de l\u2019information \u00e0 l\u2019\u00e8re digitale. \u00c0 travers ses contributions, Wided Belhaj propose une lecture analytique de l\u2019actualit\u00e9, en croisant regard critique et expertise acad\u00e9mique.\",\"knowsAbout\":[\"m\u00e9dias\",\"journalisme\",\"communication\",\"information\",\"transformation num\u00e9rique\",\"analyse des m\u00e9dias\"],\"knowsLanguage\":[\"Fran\u00e7ais\",\"Arabe\"],\"jobTitle\":\"Webdo.tn\",\"worksFor\":\"Journaliste \u2013 Analyse des m\u00e9dias\",\"url\":\"https:\\\/\\\/www.webdo.tn\\\/fr\\\/actualite\\\/author\\\/wided-belhaj\\\/\"}]}<\/script>\n<!-- \/ Yoast SEO Premium plugin. -->","yoast_head_json":{"title":"Tunisie : Mehrez Ghannouchi, ou quand les likes ne suffisent pas ! - webdo","description":"D\u00e9couvrez Mehrez Ghannouchi, connu comme Monsieur M\u00e9t\u00e9o, et son parcours vers la politique dans la circonscription de Bizerte-Nord.","canonical":"https:\/\/www.webdo.tn\/fr\/actualite\/national\/tunisie-mehrez-ghannouchi-ou-quand-les-likes-ne-suffisent-pas\/378670\/","og_locale":"fr_FR","og_type":"article","og_title":"Tunisie : Mehrez Ghannouchi, ou quand les likes ne suffisent pas !","og_description":"D\u00e9couvrez Mehrez Ghannouchi, connu comme Monsieur M\u00e9t\u00e9o, et son parcours vers la politique dans la circonscription de Bizerte-Nord.","og_url":"https:\/\/www.webdo.tn\/fr\/actualite\/national\/tunisie-mehrez-ghannouchi-ou-quand-les-likes-ne-suffisent-pas\/378670\/","og_site_name":"webdo","article_publisher":"https:\/\/www.facebook.com\/webdotn","article_published_time":"2025-06-30T17:28:47+00:00","article_modified_time":"2025-07-01T07:37:15+00:00","og_image":[{"width":617,"height":502,"url":"https:\/\/www.webdo.tn\/fr\/wp-content\/uploads\/2025\/06\/Capture-decran-2025-06-30-182752.png","type":"image\/png"}],"author":"Wided Belhaj","twitter_card":"summary_large_image","twitter_creator":"@webdo_tn","twitter_site":"@webdo_tn","twitter_misc":{"\u00c9crit par":"Wided Belhaj","Dur\u00e9e de lecture estim\u00e9e":"2 minutes"},"schema":{"@context":"https:\/\/schema.org","@graph":[{"@type":"NewsArticle","@id":"https:\/\/www.webdo.tn\/fr\/actualite\/national\/tunisie-mehrez-ghannouchi-ou-quand-les-likes-ne-suffisent-pas\/378670\/#article","isPartOf":{"@id":"https:\/\/www.webdo.tn\/fr\/actualite\/national\/tunisie-mehrez-ghannouchi-ou-quand-les-likes-ne-suffisent-pas\/378670\/"},"author":{"name":"Wided Belhaj","@id":"https:\/\/www.webdo.tn\/fr\/#\/schema\/person\/b9ecde7a5574cb4fcf4b496ea5fadb15"},"headline":"Tunisie : Mehrez Ghannouchi, ou quand les likes ne suffisent pas !","datePublished":"2025-06-30T17:28:47+00:00","dateModified":"2025-07-01T07:37:15+00:00","mainEntityOfPage":{"@id":"https:\/\/www.webdo.tn\/fr\/actualite\/national\/tunisie-mehrez-ghannouchi-ou-quand-les-likes-ne-suffisent-pas\/378670\/"},"wordCount":400,"commentCount":0,"publisher":{"@id":"https:\/\/www.webdo.tn\/fr\/#organization"},"image":{"@id":"https:\/\/www.webdo.tn\/fr\/actualite\/national\/tunisie-mehrez-ghannouchi-ou-quand-les-likes-ne-suffisent-pas\/378670\/#primaryimage"},"thumbnailUrl":"https:\/\/www.webdo.tn\/fr\/wp-content\/uploads\/2025\/06\/Capture-decran-2025-06-30-182752.png","keywords":["\u00e9lections","m\u00e9t\u00e9o","r\u00e9seaux sociaux"],"articleSection":["National"],"inLanguage":"fr-FR"},{"@type":"WebPage","@id":"https:\/\/www.webdo.tn\/fr\/actualite\/national\/tunisie-mehrez-ghannouchi-ou-quand-les-likes-ne-suffisent-pas\/378670\/","url":"https:\/\/www.webdo.tn\/fr\/actualite\/national\/tunisie-mehrez-ghannouchi-ou-quand-les-likes-ne-suffisent-pas\/378670\/","name":"Tunisie : Mehrez Ghannouchi, ou quand les likes ne suffisent pas ! - webdo","isPartOf":{"@id":"https:\/\/www.webdo.tn\/fr\/#website"},"primaryImageOfPage":{"@id":"https:\/\/www.webdo.tn\/fr\/actualite\/national\/tunisie-mehrez-ghannouchi-ou-quand-les-likes-ne-suffisent-pas\/378670\/#primaryimage"},"image":{"@id":"https:\/\/www.webdo.tn\/fr\/actualite\/national\/tunisie-mehrez-ghannouchi-ou-quand-les-likes-ne-suffisent-pas\/378670\/#primaryimage"},"thumbnailUrl":"https:\/\/www.webdo.tn\/fr\/wp-content\/uploads\/2025\/06\/Capture-decran-2025-06-30-182752.png","datePublished":"2025-06-30T17:28:47+00:00","dateModified":"2025-07-01T07:37:15+00:00","description":"D\u00e9couvrez Mehrez Ghannouchi, connu comme Monsieur M\u00e9t\u00e9o, et son parcours vers la politique dans la circonscription de Bizerte-Nord.","breadcrumb":{"@id":"https:\/\/www.webdo.tn\/fr\/actualite\/national\/tunisie-mehrez-ghannouchi-ou-quand-les-likes-ne-suffisent-pas\/378670\/#breadcrumb"},"inLanguage":"fr-FR","potentialAction":[{"@type":"ReadAction","target":["https:\/\/www.webdo.tn\/fr\/actualite\/national\/tunisie-mehrez-ghannouchi-ou-quand-les-likes-ne-suffisent-pas\/378670\/"]}]},{"@type":"ImageObject","inLanguage":"fr-FR","@id":"https:\/\/www.webdo.tn\/fr\/actualite\/national\/tunisie-mehrez-ghannouchi-ou-quand-les-likes-ne-suffisent-pas\/378670\/#primaryimage","url":"https:\/\/www.webdo.tn\/fr\/wp-content\/uploads\/2025\/06\/Capture-decran-2025-06-30-182752.png","contentUrl":"https:\/\/www.webdo.tn\/fr\/wp-content\/uploads\/2025\/06\/Capture-decran-2025-06-30-182752.png","width":617,"height":502},{"@type":"BreadcrumbList","@id":"https:\/\/www.webdo.tn\/fr\/actualite\/national\/tunisie-mehrez-ghannouchi-ou-quand-les-likes-ne-suffisent-pas\/378670\/#breadcrumb","itemListElement":[{"@type":"ListItem","position":1,"name":"Accueil","item":"https:\/\/www.webdo.tn\/fr\/"},{"@type":"ListItem","position":2,"name":"Tunisie : Mehrez Ghannouchi, ou quand les likes ne suffisent pas !"}]},{"@type":"WebSite","@id":"https:\/\/www.webdo.tn\/fr\/#website","url":"https:\/\/www.webdo.tn\/fr\/","name":"webdo","description":"Tunisie - News en Tunisie et \u00e0 l&#039;international sur Webdo.tn","publisher":{"@id":"https:\/\/www.webdo.tn\/fr\/#organization"},"potentialAction":[{"@type":"SearchAction","target":{"@type":"EntryPoint","urlTemplate":"https:\/\/www.webdo.tn\/fr\/?s={search_term_string}"},"query-input":{"@type":"PropertyValueSpecification","valueRequired":true,"valueName":"search_term_string"}}],"inLanguage":"fr-FR"},{"@type":"Organization","@id":"https:\/\/www.webdo.tn\/fr\/#organization","name":"Webdo","alternateName":"Webdo.tn","url":"https:\/\/www.webdo.tn\/fr\/","logo":{"@type":"ImageObject","inLanguage":"fr-FR","@id":"https:\/\/www.webdo.tn\/fr\/#\/schema\/logo\/image\/","url":"https:\/\/www.webdo.tn\/fr\/wp-content\/uploads\/2025\/06\/Webdo-Tunisie_168377.jpg","contentUrl":"https:\/\/www.webdo.tn\/fr\/wp-content\/uploads\/2025\/06\/Webdo-Tunisie_168377.jpg","width":301,"height":301,"caption":"Webdo"},"image":{"@id":"https:\/\/www.webdo.tn\/fr\/#\/schema\/logo\/image\/"},"sameAs":["https:\/\/www.facebook.com\/webdotn","https:\/\/x.com\/webdo_tn"],"description":"Webdo est un m\u00e9dia num\u00e9rique tunisien fond\u00e9 en 2010, sp\u00e9cialis\u00e9 dans l\u2019actualit\u00e9 nationale et internationale, l\u2019\u00e9conomie, la soci\u00e9t\u00e9 et les analyses politiques. Le site s\u2019adresse \u00e0 un large public francophone et couvre l\u2019information tunisienne en temps r\u00e9el.","email":"redac@webdo.tn","legalName":"YNJ SARL","foundingDate":"2010-09-06","numberOfEmployees":{"@type":"QuantitativeValue","minValue":"11","maxValue":"50"}},{"@type":"Person","@id":"https:\/\/www.webdo.tn\/fr\/#\/schema\/person\/b9ecde7a5574cb4fcf4b496ea5fadb15","name":"Wided Belhaj","image":{"@type":"ImageObject","inLanguage":"fr-FR","@id":"https:\/\/www.webdo.tn\/fr\/wp-content\/uploads\/2026\/04\/wided-belhaj_avatar-96x96.jpg","url":"https:\/\/www.webdo.tn\/fr\/wp-content\/uploads\/2026\/04\/wided-belhaj_avatar-96x96.jpg","contentUrl":"https:\/\/www.webdo.tn\/fr\/wp-content\/uploads\/2026\/04\/wided-belhaj_avatar-96x96.jpg","caption":"Wided Belhaj"},"description":"Wided Belhaj est le pseudonyme \u00e9ditorial utilis\u00e9 par Khalil Jelassi, journaliste, ma\u00eetre-assistant \u00e0 l\u2019Institut de presse et des sciences de l\u2019information (IPSI) et chercheur en sciences de l\u2019information et de la communication. Cette signature est d\u00e9di\u00e9e \u00e0 l\u2019analyse des m\u00e9dias, des pratiques journalistiques et des mutations de l\u2019information \u00e0 l\u2019\u00e8re digitale. \u00c0 travers ses contributions, Wided Belhaj propose une lecture analytique de l\u2019actualit\u00e9, en croisant regard critique et expertise acad\u00e9mique.","knowsAbout":["m\u00e9dias","journalisme","communication","information","transformation num\u00e9rique","analyse des m\u00e9dias"],"knowsLanguage":["Fran\u00e7ais","Arabe"],"jobTitle":"Webdo.tn","worksFor":"Journaliste \u2013 Analyse des m\u00e9dias","url":"https:\/\/www.webdo.tn\/fr\/actualite\/author\/wided-belhaj\/"}]}},"_links":{"self":[{"href":"https:\/\/www.webdo.tn\/fr\/wp-json\/wp\/v2\/posts\/378670","targetHints":{"allow":["GET"]}}],"collection":[{"href":"https:\/\/www.webdo.tn\/fr\/wp-json\/wp\/v2\/posts"}],"about":[{"href":"https:\/\/www.webdo.tn\/fr\/wp-json\/wp\/v2\/types\/post"}],"author":[{"embeddable":true,"href":"https:\/\/www.webdo.tn\/fr\/wp-json\/wp\/v2\/users\/3184"}],"replies":[{"embeddable":true,"href":"https:\/\/www.webdo.tn\/fr\/wp-json\/wp\/v2\/comments?post=378670"}],"version-history":[{"count":0,"href":"https:\/\/www.webdo.tn\/fr\/wp-json\/wp\/v2\/posts\/378670\/revisions"}],"wp:featuredmedia":[{"embeddable":true,"href":"https:\/\/www.webdo.tn\/fr\/wp-json\/wp\/v2\/media\/378671"}],"wp:attachment":[{"href":"https:\/\/www.webdo.tn\/fr\/wp-json\/wp\/v2\/media?parent=378670"}],"wp:term":[{"taxonomy":"category","embeddable":true,"href":"https:\/\/www.webdo.tn\/fr\/wp-json\/wp\/v2\/categories?post=378670"},{"taxonomy":"post_tag","embeddable":true,"href":"https:\/\/www.webdo.tn\/fr\/wp-json\/wp\/v2\/tags?post=378670"}],"curies":[{"name":"wp","href":"https:\/\/api.w.org\/{rel}","templated":true}]}}