{"id":378665,"date":"2025-06-30T18:03:45","date_gmt":"2025-06-30T17:03:45","guid":{"rendered":"https:\/\/www.webdo.tn\/fr\/?p=378665"},"modified":"2025-07-01T08:41:55","modified_gmt":"2025-07-01T07:41:55","slug":"la-tunisie-prete-a-contribuer-a-la-reconstruction-de-gaza","status":"publish","type":"post","link":"https:\/\/www.webdo.tn\/fr\/actualite\/international\/la-tunisie-prete-a-contribuer-a-la-reconstruction-de-gaza\/378665\/","title":{"rendered":"La Tunisie pr\u00eate \u00e0 contribuer \u00e0 la reconstruction de Gaza"},"content":{"rendered":"\n<p><strong>La cheffe du gouvernement, Sarra Za\u00e2frani Zenzri, s\u2019est entretenue ce lundi apr\u00e8s-midi au centre des conf\u00e9rences de S\u00e9ville avec le Premier ministre palestinien, Dr Mohammad Mustafa, en marge des travaux de la 4e Conf\u00e9rence internationale sur le financement du d\u00e9veloppement.<\/strong><\/p>\n\n\n\n<p>La cheffe du gouvernement a rappel\u00e9 les positions de principe constantes du pr\u00e9sident de la R\u00e9publique, Ka\u00efs Sa\u00efed, en soutien \u00e0 la cause palestinienne et aux droits l\u00e9gitimes du peuple palestinien \u00e0 \u00e9tablir son \u00c9tat ind\u00e9pendant sur l\u2019ensemble de ses territoires, avec J\u00e9rusalem pour capitale, comme l\u2019a indiqu\u00e9 la page officielle de la pr\u00e9sidence du gouvernement.<\/p>\n\n\n\n<p>Elle a \u00e9galement r\u00e9affirm\u00e9 la pleine disposition de la Tunisie \u00e0 contribuer \u00e0 la reconstruction de Gaza, mettant toutes ses comp\u00e9tences au service du peuple palestinien fr\u00e8re, \u00e0 la suite des destructions massives caus\u00e9es par l\u2019agression de l\u2019entit\u00e9 sioniste et son entreprise d\u2019extermination du peuple palestinien.<\/p>\n\n\n\n<p>De son c\u00f4t\u00e9, le Premier ministre palestinien, Dr Mohammad Mustafa, a salu\u00e9 la position ferme du pr\u00e9sident Ka\u00efs Sa\u00efed ainsi que le soutien constant du peuple tunisien au peuple palestinien.<\/p>\n\n\n\n<p><\/p>\n","protected":false},"excerpt":{"rendered":"<p>La cheffe du gouvernement, Sarra Za\u00e2frani Zenzri, s\u2019est entretenue ce lundi apr\u00e8s-midi au centre des conf\u00e9rences de S\u00e9ville avec le Premier ministre palestinien, Dr Mohammad Mustafa, en marge des travaux de la 4e Conf\u00e9rence internationale sur le financement du d\u00e9veloppement. La cheffe du gouvernement a rappel\u00e9 les positions de principe constantes du pr\u00e9sident de la [&hellip;]<\/p>\n","protected":false},"author":3184,"featured_media":378666,"comment_status":"open","ping_status":"open","sticky":false,"template":"","format":"standard","meta":{"footnotes":""},"categories":[2598],"tags":[2689,2608],"class_list":["post-378665","post","type-post","status-publish","format-standard","has-post-thumbnail","hentry","category-international","tag-gaza","tag-tunisie"],"yoast_head":"<!-- This site is optimized with the Yoast SEO Premium plugin v27.5 (Yoast SEO v27.5) - https:\/\/yoast.com\/product\/yoast-seo-premium-wordpress\/ -->\n<title>La Tunisie pr\u00eate \u00e0 contribuer \u00e0 la reconstruction de Gaza - webdo<\/title>\n<meta name=\"description\" content=\"D\u00e9couvrez l&#039;engagement de la Tunisie dans la reconstruction de Gaza et le soutien au peuple palestinien.\" \/>\n<link rel=\"canonical\" href=\"https:\/\/www.webdo.tn\/fr\/actualite\/international\/la-tunisie-prete-a-contribuer-a-la-reconstruction-de-gaza\/378665\/\" \/>\n<meta property=\"og:locale\" content=\"fr_FR\" \/>\n<meta property=\"og:type\" content=\"article\" \/>\n<meta property=\"og:title\" content=\"La Tunisie pr\u00eate \u00e0 contribuer \u00e0 la reconstruction de Gaza\" \/>\n<meta property=\"og:description\" content=\"D\u00e9couvrez l&#039;engagement de la Tunisie dans la reconstruction de Gaza et le soutien au peuple palestinien.\" \/>\n<meta property=\"og:url\" content=\"https:\/\/www.webdo.tn\/fr\/actualite\/international\/la-tunisie-prete-a-contribuer-a-la-reconstruction-de-gaza\/378665\/\" \/>\n<meta property=\"og:site_name\" content=\"webdo\" \/>\n<meta property=\"article:publisher\" content=\"https:\/\/www.facebook.com\/webdotn\" \/>\n<meta property=\"article:published_time\" content=\"2025-06-30T17:03:45+00:00\" \/>\n<meta property=\"article:modified_time\" content=\"2025-07-01T07:41:55+00:00\" \/>\n<meta property=\"og:image\" content=\"https:\/\/www.webdo.tn\/fr\/wp-content\/uploads\/2025\/06\/\u0631\u0626\u064a\u0633\u0629-\u0627\u0644\u062d\u0643\u0648\u0645\u0629-\u062a\u0624\u0643\u062f-\u0627\u0633\u062a\u0639\u062f\u0627\u062f-\u062a\u0648\u0646\u0633-\u0644\u0644\u0645\u0633\u0627\u0647\u0645\u0629-\u0641\u064a-\u0625\u0639\u0627\u062f\u0629-\u0625\u0639\u0645\u0627\u0631-\u0627\u0644\u0642\u0637\u0627\u0639.jpg\" \/>\n\t<meta property=\"og:image:width\" content=\"630\" \/>\n\t<meta property=\"og:image:height\" content=\"353\" \/>\n\t<meta property=\"og:image:type\" content=\"image\/jpeg\" \/>\n<meta name=\"author\" content=\"Wided Belhaj\" \/>\n<meta name=\"twitter:card\" content=\"summary_large_image\" \/>\n<meta name=\"twitter:creator\" content=\"@webdo_tn\" \/>\n<meta name=\"twitter:site\" content=\"@webdo_tn\" \/>\n<meta name=\"twitter:label1\" content=\"\u00c9crit par\" \/>\n\t<meta name=\"twitter:data1\" content=\"Wided Belhaj\" \/>\n\t<meta name=\"twitter:label2\" content=\"Dur\u00e9e de lecture estim\u00e9e\" \/>\n\t<meta name=\"twitter:data2\" content=\"2 minutes\" \/>\n<script type=\"application\/ld+json\" class=\"yoast-schema-graph\">{\"@context\":\"https:\\\/\\\/schema.org\",\"@graph\":[{\"@type\":\"NewsArticle\",\"@id\":\"https:\\\/\\\/www.webdo.tn\\\/fr\\\/actualite\\\/international\\\/la-tunisie-prete-a-contribuer-a-la-reconstruction-de-gaza\\\/378665\\\/#article\",\"isPartOf\":{\"@id\":\"https:\\\/\\\/www.webdo.tn\\\/fr\\\/actualite\\\/international\\\/la-tunisie-prete-a-contribuer-a-la-reconstruction-de-gaza\\\/378665\\\/\"},\"author\":{\"name\":\"Wided Belhaj\",\"@id\":\"https:\\\/\\\/www.webdo.tn\\\/fr\\\/#\\\/schema\\\/person\\\/b9ecde7a5574cb4fcf4b496ea5fadb15\"},\"headline\":\"La Tunisie pr\u00eate \u00e0 contribuer \u00e0 la reconstruction de Gaza\",\"datePublished\":\"2025-06-30T17:03:45+00:00\",\"dateModified\":\"2025-07-01T07:41:55+00:00\",\"mainEntityOfPage\":{\"@id\":\"https:\\\/\\\/www.webdo.tn\\\/fr\\\/actualite\\\/international\\\/la-tunisie-prete-a-contribuer-a-la-reconstruction-de-gaza\\\/378665\\\/\"},\"wordCount\":204,\"commentCount\":0,\"publisher\":{\"@id\":\"https:\\\/\\\/www.webdo.tn\\\/fr\\\/#organization\"},\"image\":{\"@id\":\"https:\\\/\\\/www.webdo.tn\\\/fr\\\/actualite\\\/international\\\/la-tunisie-prete-a-contribuer-a-la-reconstruction-de-gaza\\\/378665\\\/#primaryimage\"},\"thumbnailUrl\":\"https:\\\/\\\/www.webdo.tn\\\/fr\\\/wp-content\\\/uploads\\\/2025\\\/06\\\/\u0631\u0626\u064a\u0633\u0629-\u0627\u0644\u062d\u0643\u0648\u0645\u0629-\u062a\u0624\u0643\u062f-\u0627\u0633\u062a\u0639\u062f\u0627\u062f-\u062a\u0648\u0646\u0633-\u0644\u0644\u0645\u0633\u0627\u0647\u0645\u0629-\u0641\u064a-\u0625\u0639\u0627\u062f\u0629-\u0625\u0639\u0645\u0627\u0631-\u0627\u0644\u0642\u0637\u0627\u0639.jpg\",\"keywords\":[\"Gaza\",\"Tunisie\"],\"articleSection\":[\"International\"],\"inLanguage\":\"fr-FR\"},{\"@type\":\"WebPage\",\"@id\":\"https:\\\/\\\/www.webdo.tn\\\/fr\\\/actualite\\\/international\\\/la-tunisie-prete-a-contribuer-a-la-reconstruction-de-gaza\\\/378665\\\/\",\"url\":\"https:\\\/\\\/www.webdo.tn\\\/fr\\\/actualite\\\/international\\\/la-tunisie-prete-a-contribuer-a-la-reconstruction-de-gaza\\\/378665\\\/\",\"name\":\"La Tunisie pr\u00eate \u00e0 contribuer \u00e0 la reconstruction de Gaza - webdo\",\"isPartOf\":{\"@id\":\"https:\\\/\\\/www.webdo.tn\\\/fr\\\/#website\"},\"primaryImageOfPage\":{\"@id\":\"https:\\\/\\\/www.webdo.tn\\\/fr\\\/actualite\\\/international\\\/la-tunisie-prete-a-contribuer-a-la-reconstruction-de-gaza\\\/378665\\\/#primaryimage\"},\"image\":{\"@id\":\"https:\\\/\\\/www.webdo.tn\\\/fr\\\/actualite\\\/international\\\/la-tunisie-prete-a-contribuer-a-la-reconstruction-de-gaza\\\/378665\\\/#primaryimage\"},\"thumbnailUrl\":\"https:\\\/\\\/www.webdo.tn\\\/fr\\\/wp-content\\\/uploads\\\/2025\\\/06\\\/\u0631\u0626\u064a\u0633\u0629-\u0627\u0644\u062d\u0643\u0648\u0645\u0629-\u062a\u0624\u0643\u062f-\u0627\u0633\u062a\u0639\u062f\u0627\u062f-\u062a\u0648\u0646\u0633-\u0644\u0644\u0645\u0633\u0627\u0647\u0645\u0629-\u0641\u064a-\u0625\u0639\u0627\u062f\u0629-\u0625\u0639\u0645\u0627\u0631-\u0627\u0644\u0642\u0637\u0627\u0639.jpg\",\"datePublished\":\"2025-06-30T17:03:45+00:00\",\"dateModified\":\"2025-07-01T07:41:55+00:00\",\"description\":\"D\u00e9couvrez l'engagement de la Tunisie dans la reconstruction de Gaza et le soutien au peuple palestinien.\",\"breadcrumb\":{\"@id\":\"https:\\\/\\\/www.webdo.tn\\\/fr\\\/actualite\\\/international\\\/la-tunisie-prete-a-contribuer-a-la-reconstruction-de-gaza\\\/378665\\\/#breadcrumb\"},\"inLanguage\":\"fr-FR\",\"potentialAction\":[{\"@type\":\"ReadAction\",\"target\":[\"https:\\\/\\\/www.webdo.tn\\\/fr\\\/actualite\\\/international\\\/la-tunisie-prete-a-contribuer-a-la-reconstruction-de-gaza\\\/378665\\\/\"]}]},{\"@type\":\"ImageObject\",\"inLanguage\":\"fr-FR\",\"@id\":\"https:\\\/\\\/www.webdo.tn\\\/fr\\\/actualite\\\/international\\\/la-tunisie-prete-a-contribuer-a-la-reconstruction-de-gaza\\\/378665\\\/#primaryimage\",\"url\":\"https:\\\/\\\/www.webdo.tn\\\/fr\\\/wp-content\\\/uploads\\\/2025\\\/06\\\/\u0631\u0626\u064a\u0633\u0629-\u0627\u0644\u062d\u0643\u0648\u0645\u0629-\u062a\u0624\u0643\u062f-\u0627\u0633\u062a\u0639\u062f\u0627\u062f-\u062a\u0648\u0646\u0633-\u0644\u0644\u0645\u0633\u0627\u0647\u0645\u0629-\u0641\u064a-\u0625\u0639\u0627\u062f\u0629-\u0625\u0639\u0645\u0627\u0631-\u0627\u0644\u0642\u0637\u0627\u0639.jpg\",\"contentUrl\":\"https:\\\/\\\/www.webdo.tn\\\/fr\\\/wp-content\\\/uploads\\\/2025\\\/06\\\/\u0631\u0626\u064a\u0633\u0629-\u0627\u0644\u062d\u0643\u0648\u0645\u0629-\u062a\u0624\u0643\u062f-\u0627\u0633\u062a\u0639\u062f\u0627\u062f-\u062a\u0648\u0646\u0633-\u0644\u0644\u0645\u0633\u0627\u0647\u0645\u0629-\u0641\u064a-\u0625\u0639\u0627\u062f\u0629-\u0625\u0639\u0645\u0627\u0631-\u0627\u0644\u0642\u0637\u0627\u0639.jpg\",\"width\":630,\"height\":353},{\"@type\":\"BreadcrumbList\",\"@id\":\"https:\\\/\\\/www.webdo.tn\\\/fr\\\/actualite\\\/international\\\/la-tunisie-prete-a-contribuer-a-la-reconstruction-de-gaza\\\/378665\\\/#breadcrumb\",\"itemListElement\":[{\"@type\":\"ListItem\",\"position\":1,\"name\":\"Accueil\",\"item\":\"https:\\\/\\\/www.webdo.tn\\\/fr\\\/\"},{\"@type\":\"ListItem\",\"position\":2,\"name\":\"La Tunisie pr\u00eate \u00e0 contribuer \u00e0 la reconstruction de Gaza\"}]},{\"@type\":\"WebSite\",\"@id\":\"https:\\\/\\\/www.webdo.tn\\\/fr\\\/#website\",\"url\":\"https:\\\/\\\/www.webdo.tn\\\/fr\\\/\",\"name\":\"webdo\",\"description\":\"Tunisie - News en Tunisie et \u00e0 l&#039;international sur Webdo.tn\",\"publisher\":{\"@id\":\"https:\\\/\\\/www.webdo.tn\\\/fr\\\/#organization\"},\"potentialAction\":[{\"@type\":\"SearchAction\",\"target\":{\"@type\":\"EntryPoint\",\"urlTemplate\":\"https:\\\/\\\/www.webdo.tn\\\/fr\\\/?s={search_term_string}\"},\"query-input\":{\"@type\":\"PropertyValueSpecification\",\"valueRequired\":true,\"valueName\":\"search_term_string\"}}],\"inLanguage\":\"fr-FR\"},{\"@type\":\"Organization\",\"@id\":\"https:\\\/\\\/www.webdo.tn\\\/fr\\\/#organization\",\"name\":\"Webdo\",\"alternateName\":\"Webdo.tn\",\"url\":\"https:\\\/\\\/www.webdo.tn\\\/fr\\\/\",\"logo\":{\"@type\":\"ImageObject\",\"inLanguage\":\"fr-FR\",\"@id\":\"https:\\\/\\\/www.webdo.tn\\\/fr\\\/#\\\/schema\\\/logo\\\/image\\\/\",\"url\":\"https:\\\/\\\/www.webdo.tn\\\/fr\\\/wp-content\\\/uploads\\\/2025\\\/06\\\/Webdo-Tunisie_168377.jpg\",\"contentUrl\":\"https:\\\/\\\/www.webdo.tn\\\/fr\\\/wp-content\\\/uploads\\\/2025\\\/06\\\/Webdo-Tunisie_168377.jpg\",\"width\":301,\"height\":301,\"caption\":\"Webdo\"},\"image\":{\"@id\":\"https:\\\/\\\/www.webdo.tn\\\/fr\\\/#\\\/schema\\\/logo\\\/image\\\/\"},\"sameAs\":[\"https:\\\/\\\/www.facebook.com\\\/webdotn\",\"https:\\\/\\\/x.com\\\/webdo_tn\"],\"description\":\"Webdo est un m\u00e9dia num\u00e9rique tunisien fond\u00e9 en 2010, sp\u00e9cialis\u00e9 dans l\u2019actualit\u00e9 nationale et internationale, l\u2019\u00e9conomie, la soci\u00e9t\u00e9 et les analyses politiques. Le site s\u2019adresse \u00e0 un large public francophone et couvre l\u2019information tunisienne en temps r\u00e9el.\",\"email\":\"redac@webdo.tn\",\"legalName\":\"YNJ SARL\",\"foundingDate\":\"2010-09-06\",\"numberOfEmployees\":{\"@type\":\"QuantitativeValue\",\"minValue\":\"11\",\"maxValue\":\"50\"}},{\"@type\":\"Person\",\"@id\":\"https:\\\/\\\/www.webdo.tn\\\/fr\\\/#\\\/schema\\\/person\\\/b9ecde7a5574cb4fcf4b496ea5fadb15\",\"name\":\"Wided Belhaj\",\"image\":{\"@type\":\"ImageObject\",\"inLanguage\":\"fr-FR\",\"@id\":\"https:\\\/\\\/www.webdo.tn\\\/fr\\\/wp-content\\\/uploads\\\/2026\\\/04\\\/wided-belhaj_avatar-96x96.jpg\",\"url\":\"https:\\\/\\\/www.webdo.tn\\\/fr\\\/wp-content\\\/uploads\\\/2026\\\/04\\\/wided-belhaj_avatar-96x96.jpg\",\"contentUrl\":\"https:\\\/\\\/www.webdo.tn\\\/fr\\\/wp-content\\\/uploads\\\/2026\\\/04\\\/wided-belhaj_avatar-96x96.jpg\",\"caption\":\"Wided Belhaj\"},\"description\":\"Wided Belhaj est le pseudonyme \u00e9ditorial utilis\u00e9 par Khalil Jelassi, journaliste, ma\u00eetre-assistant \u00e0 l\u2019Institut de presse et des sciences de l\u2019information (IPSI) et chercheur en sciences de l\u2019information et de la communication. Cette signature est d\u00e9di\u00e9e \u00e0 l\u2019analyse des m\u00e9dias, des pratiques journalistiques et des mutations de l\u2019information \u00e0 l\u2019\u00e8re digitale. \u00c0 travers ses contributions, Wided Belhaj propose une lecture analytique de l\u2019actualit\u00e9, en croisant regard critique et expertise acad\u00e9mique.\",\"knowsAbout\":[\"m\u00e9dias\",\"journalisme\",\"communication\",\"information\",\"transformation num\u00e9rique\",\"analyse des m\u00e9dias\"],\"knowsLanguage\":[\"Fran\u00e7ais\",\"Arabe\"],\"jobTitle\":\"Webdo.tn\",\"worksFor\":\"Journaliste \u2013 Analyse des m\u00e9dias\",\"url\":\"https:\\\/\\\/www.webdo.tn\\\/fr\\\/actualite\\\/author\\\/wided-belhaj\\\/\"}]}<\/script>\n<!-- \/ Yoast SEO Premium plugin. -->","yoast_head_json":{"title":"La Tunisie pr\u00eate \u00e0 contribuer \u00e0 la reconstruction de Gaza - webdo","description":"D\u00e9couvrez l'engagement de la Tunisie dans la reconstruction de Gaza et le soutien au peuple palestinien.","canonical":"https:\/\/www.webdo.tn\/fr\/actualite\/international\/la-tunisie-prete-a-contribuer-a-la-reconstruction-de-gaza\/378665\/","og_locale":"fr_FR","og_type":"article","og_title":"La Tunisie pr\u00eate \u00e0 contribuer \u00e0 la reconstruction de Gaza","og_description":"D\u00e9couvrez l'engagement de la Tunisie dans la reconstruction de Gaza et le soutien au peuple palestinien.","og_url":"https:\/\/www.webdo.tn\/fr\/actualite\/international\/la-tunisie-prete-a-contribuer-a-la-reconstruction-de-gaza\/378665\/","og_site_name":"webdo","article_publisher":"https:\/\/www.facebook.com\/webdotn","article_published_time":"2025-06-30T17:03:45+00:00","article_modified_time":"2025-07-01T07:41:55+00:00","og_image":[{"width":630,"height":353,"url":"https:\/\/www.webdo.tn\/fr\/wp-content\/uploads\/2025\/06\/\u0631\u0626\u064a\u0633\u0629-\u0627\u0644\u062d\u0643\u0648\u0645\u0629-\u062a\u0624\u0643\u062f-\u0627\u0633\u062a\u0639\u062f\u0627\u062f-\u062a\u0648\u0646\u0633-\u0644\u0644\u0645\u0633\u0627\u0647\u0645\u0629-\u0641\u064a-\u0625\u0639\u0627\u062f\u0629-\u0625\u0639\u0645\u0627\u0631-\u0627\u0644\u0642\u0637\u0627\u0639.jpg","type":"image\/jpeg"}],"author":"Wided Belhaj","twitter_card":"summary_large_image","twitter_creator":"@webdo_tn","twitter_site":"@webdo_tn","twitter_misc":{"\u00c9crit par":"Wided Belhaj","Dur\u00e9e de lecture estim\u00e9e":"2 minutes"},"schema":{"@context":"https:\/\/schema.org","@graph":[{"@type":"NewsArticle","@id":"https:\/\/www.webdo.tn\/fr\/actualite\/international\/la-tunisie-prete-a-contribuer-a-la-reconstruction-de-gaza\/378665\/#article","isPartOf":{"@id":"https:\/\/www.webdo.tn\/fr\/actualite\/international\/la-tunisie-prete-a-contribuer-a-la-reconstruction-de-gaza\/378665\/"},"author":{"name":"Wided Belhaj","@id":"https:\/\/www.webdo.tn\/fr\/#\/schema\/person\/b9ecde7a5574cb4fcf4b496ea5fadb15"},"headline":"La Tunisie pr\u00eate \u00e0 contribuer \u00e0 la reconstruction de Gaza","datePublished":"2025-06-30T17:03:45+00:00","dateModified":"2025-07-01T07:41:55+00:00","mainEntityOfPage":{"@id":"https:\/\/www.webdo.tn\/fr\/actualite\/international\/la-tunisie-prete-a-contribuer-a-la-reconstruction-de-gaza\/378665\/"},"wordCount":204,"commentCount":0,"publisher":{"@id":"https:\/\/www.webdo.tn\/fr\/#organization"},"image":{"@id":"https:\/\/www.webdo.tn\/fr\/actualite\/international\/la-tunisie-prete-a-contribuer-a-la-reconstruction-de-gaza\/378665\/#primaryimage"},"thumbnailUrl":"https:\/\/www.webdo.tn\/fr\/wp-content\/uploads\/2025\/06\/\u0631\u0626\u064a\u0633\u0629-\u0627\u0644\u062d\u0643\u0648\u0645\u0629-\u062a\u0624\u0643\u062f-\u0627\u0633\u062a\u0639\u062f\u0627\u062f-\u062a\u0648\u0646\u0633-\u0644\u0644\u0645\u0633\u0627\u0647\u0645\u0629-\u0641\u064a-\u0625\u0639\u0627\u062f\u0629-\u0625\u0639\u0645\u0627\u0631-\u0627\u0644\u0642\u0637\u0627\u0639.jpg","keywords":["Gaza","Tunisie"],"articleSection":["International"],"inLanguage":"fr-FR"},{"@type":"WebPage","@id":"https:\/\/www.webdo.tn\/fr\/actualite\/international\/la-tunisie-prete-a-contribuer-a-la-reconstruction-de-gaza\/378665\/","url":"https:\/\/www.webdo.tn\/fr\/actualite\/international\/la-tunisie-prete-a-contribuer-a-la-reconstruction-de-gaza\/378665\/","name":"La Tunisie pr\u00eate \u00e0 contribuer \u00e0 la reconstruction de Gaza - webdo","isPartOf":{"@id":"https:\/\/www.webdo.tn\/fr\/#website"},"primaryImageOfPage":{"@id":"https:\/\/www.webdo.tn\/fr\/actualite\/international\/la-tunisie-prete-a-contribuer-a-la-reconstruction-de-gaza\/378665\/#primaryimage"},"image":{"@id":"https:\/\/www.webdo.tn\/fr\/actualite\/international\/la-tunisie-prete-a-contribuer-a-la-reconstruction-de-gaza\/378665\/#primaryimage"},"thumbnailUrl":"https:\/\/www.webdo.tn\/fr\/wp-content\/uploads\/2025\/06\/\u0631\u0626\u064a\u0633\u0629-\u0627\u0644\u062d\u0643\u0648\u0645\u0629-\u062a\u0624\u0643\u062f-\u0627\u0633\u062a\u0639\u062f\u0627\u062f-\u062a\u0648\u0646\u0633-\u0644\u0644\u0645\u0633\u0627\u0647\u0645\u0629-\u0641\u064a-\u0625\u0639\u0627\u062f\u0629-\u0625\u0639\u0645\u0627\u0631-\u0627\u0644\u0642\u0637\u0627\u0639.jpg","datePublished":"2025-06-30T17:03:45+00:00","dateModified":"2025-07-01T07:41:55+00:00","description":"D\u00e9couvrez l'engagement de la Tunisie dans la reconstruction de Gaza et le soutien au peuple palestinien.","breadcrumb":{"@id":"https:\/\/www.webdo.tn\/fr\/actualite\/international\/la-tunisie-prete-a-contribuer-a-la-reconstruction-de-gaza\/378665\/#breadcrumb"},"inLanguage":"fr-FR","potentialAction":[{"@type":"ReadAction","target":["https:\/\/www.webdo.tn\/fr\/actualite\/international\/la-tunisie-prete-a-contribuer-a-la-reconstruction-de-gaza\/378665\/"]}]},{"@type":"ImageObject","inLanguage":"fr-FR","@id":"https:\/\/www.webdo.tn\/fr\/actualite\/international\/la-tunisie-prete-a-contribuer-a-la-reconstruction-de-gaza\/378665\/#primaryimage","url":"https:\/\/www.webdo.tn\/fr\/wp-content\/uploads\/2025\/06\/\u0631\u0626\u064a\u0633\u0629-\u0627\u0644\u062d\u0643\u0648\u0645\u0629-\u062a\u0624\u0643\u062f-\u0627\u0633\u062a\u0639\u062f\u0627\u062f-\u062a\u0648\u0646\u0633-\u0644\u0644\u0645\u0633\u0627\u0647\u0645\u0629-\u0641\u064a-\u0625\u0639\u0627\u062f\u0629-\u0625\u0639\u0645\u0627\u0631-\u0627\u0644\u0642\u0637\u0627\u0639.jpg","contentUrl":"https:\/\/www.webdo.tn\/fr\/wp-content\/uploads\/2025\/06\/\u0631\u0626\u064a\u0633\u0629-\u0627\u0644\u062d\u0643\u0648\u0645\u0629-\u062a\u0624\u0643\u062f-\u0627\u0633\u062a\u0639\u062f\u0627\u062f-\u062a\u0648\u0646\u0633-\u0644\u0644\u0645\u0633\u0627\u0647\u0645\u0629-\u0641\u064a-\u0625\u0639\u0627\u062f\u0629-\u0625\u0639\u0645\u0627\u0631-\u0627\u0644\u0642\u0637\u0627\u0639.jpg","width":630,"height":353},{"@type":"BreadcrumbList","@id":"https:\/\/www.webdo.tn\/fr\/actualite\/international\/la-tunisie-prete-a-contribuer-a-la-reconstruction-de-gaza\/378665\/#breadcrumb","itemListElement":[{"@type":"ListItem","position":1,"name":"Accueil","item":"https:\/\/www.webdo.tn\/fr\/"},{"@type":"ListItem","position":2,"name":"La Tunisie pr\u00eate \u00e0 contribuer \u00e0 la reconstruction de Gaza"}]},{"@type":"WebSite","@id":"https:\/\/www.webdo.tn\/fr\/#website","url":"https:\/\/www.webdo.tn\/fr\/","name":"webdo","description":"Tunisie - News en Tunisie et \u00e0 l&#039;international sur Webdo.tn","publisher":{"@id":"https:\/\/www.webdo.tn\/fr\/#organization"},"potentialAction":[{"@type":"SearchAction","target":{"@type":"EntryPoint","urlTemplate":"https:\/\/www.webdo.tn\/fr\/?s={search_term_string}"},"query-input":{"@type":"PropertyValueSpecification","valueRequired":true,"valueName":"search_term_string"}}],"inLanguage":"fr-FR"},{"@type":"Organization","@id":"https:\/\/www.webdo.tn\/fr\/#organization","name":"Webdo","alternateName":"Webdo.tn","url":"https:\/\/www.webdo.tn\/fr\/","logo":{"@type":"ImageObject","inLanguage":"fr-FR","@id":"https:\/\/www.webdo.tn\/fr\/#\/schema\/logo\/image\/","url":"https:\/\/www.webdo.tn\/fr\/wp-content\/uploads\/2025\/06\/Webdo-Tunisie_168377.jpg","contentUrl":"https:\/\/www.webdo.tn\/fr\/wp-content\/uploads\/2025\/06\/Webdo-Tunisie_168377.jpg","width":301,"height":301,"caption":"Webdo"},"image":{"@id":"https:\/\/www.webdo.tn\/fr\/#\/schema\/logo\/image\/"},"sameAs":["https:\/\/www.facebook.com\/webdotn","https:\/\/x.com\/webdo_tn"],"description":"Webdo est un m\u00e9dia num\u00e9rique tunisien fond\u00e9 en 2010, sp\u00e9cialis\u00e9 dans l\u2019actualit\u00e9 nationale et internationale, l\u2019\u00e9conomie, la soci\u00e9t\u00e9 et les analyses politiques. Le site s\u2019adresse \u00e0 un large public francophone et couvre l\u2019information tunisienne en temps r\u00e9el.","email":"redac@webdo.tn","legalName":"YNJ SARL","foundingDate":"2010-09-06","numberOfEmployees":{"@type":"QuantitativeValue","minValue":"11","maxValue":"50"}},{"@type":"Person","@id":"https:\/\/www.webdo.tn\/fr\/#\/schema\/person\/b9ecde7a5574cb4fcf4b496ea5fadb15","name":"Wided Belhaj","image":{"@type":"ImageObject","inLanguage":"fr-FR","@id":"https:\/\/www.webdo.tn\/fr\/wp-content\/uploads\/2026\/04\/wided-belhaj_avatar-96x96.jpg","url":"https:\/\/www.webdo.tn\/fr\/wp-content\/uploads\/2026\/04\/wided-belhaj_avatar-96x96.jpg","contentUrl":"https:\/\/www.webdo.tn\/fr\/wp-content\/uploads\/2026\/04\/wided-belhaj_avatar-96x96.jpg","caption":"Wided Belhaj"},"description":"Wided Belhaj est le pseudonyme \u00e9ditorial utilis\u00e9 par Khalil Jelassi, journaliste, ma\u00eetre-assistant \u00e0 l\u2019Institut de presse et des sciences de l\u2019information (IPSI) et chercheur en sciences de l\u2019information et de la communication. Cette signature est d\u00e9di\u00e9e \u00e0 l\u2019analyse des m\u00e9dias, des pratiques journalistiques et des mutations de l\u2019information \u00e0 l\u2019\u00e8re digitale. \u00c0 travers ses contributions, Wided Belhaj propose une lecture analytique de l\u2019actualit\u00e9, en croisant regard critique et expertise acad\u00e9mique.","knowsAbout":["m\u00e9dias","journalisme","communication","information","transformation num\u00e9rique","analyse des m\u00e9dias"],"knowsLanguage":["Fran\u00e7ais","Arabe"],"jobTitle":"Webdo.tn","worksFor":"Journaliste \u2013 Analyse des m\u00e9dias","url":"https:\/\/www.webdo.tn\/fr\/actualite\/author\/wided-belhaj\/"}]}},"_links":{"self":[{"href":"https:\/\/www.webdo.tn\/fr\/wp-json\/wp\/v2\/posts\/378665","targetHints":{"allow":["GET"]}}],"collection":[{"href":"https:\/\/www.webdo.tn\/fr\/wp-json\/wp\/v2\/posts"}],"about":[{"href":"https:\/\/www.webdo.tn\/fr\/wp-json\/wp\/v2\/types\/post"}],"author":[{"embeddable":true,"href":"https:\/\/www.webdo.tn\/fr\/wp-json\/wp\/v2\/users\/3184"}],"replies":[{"embeddable":true,"href":"https:\/\/www.webdo.tn\/fr\/wp-json\/wp\/v2\/comments?post=378665"}],"version-history":[{"count":0,"href":"https:\/\/www.webdo.tn\/fr\/wp-json\/wp\/v2\/posts\/378665\/revisions"}],"wp:featuredmedia":[{"embeddable":true,"href":"https:\/\/www.webdo.tn\/fr\/wp-json\/wp\/v2\/media\/378666"}],"wp:attachment":[{"href":"https:\/\/www.webdo.tn\/fr\/wp-json\/wp\/v2\/media?parent=378665"}],"wp:term":[{"taxonomy":"category","embeddable":true,"href":"https:\/\/www.webdo.tn\/fr\/wp-json\/wp\/v2\/categories?post=378665"},{"taxonomy":"post_tag","embeddable":true,"href":"https:\/\/www.webdo.tn\/fr\/wp-json\/wp\/v2\/tags?post=378665"}],"curies":[{"name":"wp","href":"https:\/\/api.w.org\/{rel}","templated":true}]}}