{"id":378646,"date":"2025-06-30T14:12:49","date_gmt":"2025-06-30T13:12:49","guid":{"rendered":"https:\/\/www.webdo.tn\/fr\/?p=378646"},"modified":"2025-07-01T08:38:59","modified_gmt":"2025-07-01T07:38:59","slug":"wimbledon-la-detresse-dons-jabeur-contrainte-a-labandon-des-son-entree-en-lice","status":"publish","type":"post","link":"https:\/\/www.webdo.tn\/fr\/actualite\/sport\/wimbledon-la-detresse-dons-jabeur-contrainte-a-labandon-des-son-entree-en-lice\/378646\/","title":{"rendered":"Wimbledon : La d\u00e9tresse d\u2019Ons Jabeur, contrainte \u00e0 l\u2019abandon d\u00e8s son entr\u00e9e en lice"},"content":{"rendered":"\n<p>La m\u00e9saventure continue pour Ons Jabeur. La joueuse tunisienne, double finaliste \u00e0 Wimbledon, a \u00e9t\u00e9 contrainte \u00e0 l\u2019abandon ce lundi lors de son premier match face \u00e0 la Bulgare Viktoriya Tomova.<\/p>\n\n\n\n<p>Visiblement diminu\u00e9e physiquement, Jabeur a sollicit\u00e9 un temps mort m\u00e9dical au d\u00e9but du deuxi\u00e8me set, alors qu\u2019elle venait de perdre la premi\u00e8re manche au tie-break (6-7) et \u00e9tait men\u00e9e 0-2. En larmes, elle a quitt\u00e9 le court sous les applaudissements, incapable de poursuivre.<\/p>\n\n\n\n<p>Ce nouveau coup dur intervient alors qu\u2019elle peine \u00e0 retrouver son meilleur niveau depuis une blessure \u00e0 l\u2019\u00e9paule contract\u00e9e \u00e0 la veille de l\u2019US Open 2024. Un abandon lourd de sens dans un tournoi qu\u2019elle affectionne tant, et qui laisse planer le doute sur la suite de sa saison.<\/p>\n\n\n<div class=\"wp-block-image\">\n<figure class=\"aligncenter size-large\"><img decoding=\"async\" width=\"1024\" height=\"557\" src=\"https:\/\/www.webdo.tn\/fr\/wp-content\/uploads\/2025\/06\/Ons-Jabeur-7-1024x557.jpg\" alt=\"\" class=\"wp-image-378652\" srcset=\"https:\/\/www.webdo.tn\/fr\/wp-content\/uploads\/2025\/06\/Ons-Jabeur-7-1024x557.jpg 1024w, https:\/\/www.webdo.tn\/fr\/wp-content\/uploads\/2025\/06\/Ons-Jabeur-7-300x163.jpg 300w, https:\/\/www.webdo.tn\/fr\/wp-content\/uploads\/2025\/06\/Ons-Jabeur-7-768x418.jpg 768w, https:\/\/www.webdo.tn\/fr\/wp-content\/uploads\/2025\/06\/Ons-Jabeur-7-750x408.jpg 750w, https:\/\/www.webdo.tn\/fr\/wp-content\/uploads\/2025\/06\/Ons-Jabeur-7-1140x620.jpg 1140w, https:\/\/www.webdo.tn\/fr\/wp-content\/uploads\/2025\/06\/Ons-Jabeur-7.jpg 1269w\" sizes=\"(max-width: 1024px) 100vw, 1024px\" \/><\/figure>\n<\/div>","protected":false},"excerpt":{"rendered":"<p>La m\u00e9saventure continue pour Ons Jabeur. La joueuse tunisienne, double finaliste \u00e0 Wimbledon, a \u00e9t\u00e9 contrainte \u00e0 l\u2019abandon ce lundi lors de son premier match face \u00e0 la Bulgare Viktoriya Tomova. Visiblement diminu\u00e9e physiquement, Jabeur a sollicit\u00e9 un temps mort m\u00e9dical au d\u00e9but du deuxi\u00e8me set, alors qu\u2019elle venait de perdre la premi\u00e8re manche au [&hellip;]<\/p>\n","protected":false},"author":3191,"featured_media":378651,"comment_status":"open","ping_status":"open","sticky":false,"template":"","format":"standard","meta":{"footnotes":""},"categories":[2593],"tags":[2604,2605,2608,6200],"class_list":["post-378646","post","type-post","status-publish","format-standard","has-post-thumbnail","hentry","category-sport","tag-ons-jabeur","tag-tennis","tag-tunisie","tag-wimbledon"],"yoast_head":"<!-- This site is optimized with the Yoast SEO Premium plugin v27.4 (Yoast SEO v27.5) - https:\/\/yoast.com\/product\/yoast-seo-premium-wordpress\/ -->\n<title>Wimbledon : La d\u00e9tresse d\u2019Ons Jabeur, contrainte \u00e0 l\u2019abandon d\u00e8s son entr\u00e9e en lice - webdo<\/title>\n<meta name=\"description\" content=\"Ons Jabeur, en larmes, quitte le court apr\u00e8s une blessure. Son abandon soul\u00e8ve des questions sur son avenir sportif.\" \/>\n<link rel=\"canonical\" href=\"https:\/\/www.webdo.tn\/fr\/actualite\/sport\/wimbledon-la-detresse-dons-jabeur-contrainte-a-labandon-des-son-entree-en-lice\/378646\/\" \/>\n<meta property=\"og:locale\" content=\"fr_FR\" \/>\n<meta property=\"og:type\" content=\"article\" \/>\n<meta property=\"og:title\" content=\"Wimbledon : La d\u00e9tresse d\u2019Ons Jabeur, contrainte \u00e0 l\u2019abandon d\u00e8s son entr\u00e9e en lice\" \/>\n<meta property=\"og:description\" content=\"Ons Jabeur, en larmes, quitte le court apr\u00e8s une blessure. Son abandon soul\u00e8ve des questions sur son avenir sportif.\" \/>\n<meta property=\"og:url\" content=\"https:\/\/www.webdo.tn\/fr\/actualite\/sport\/wimbledon-la-detresse-dons-jabeur-contrainte-a-labandon-des-son-entree-en-lice\/378646\/\" \/>\n<meta property=\"og:site_name\" content=\"webdo\" \/>\n<meta property=\"article:publisher\" content=\"https:\/\/www.facebook.com\/webdotn\" \/>\n<meta property=\"article:published_time\" content=\"2025-06-30T13:12:49+00:00\" \/>\n<meta property=\"article:modified_time\" content=\"2025-07-01T07:38:59+00:00\" \/>\n<meta property=\"og:image\" content=\"https:\/\/www.webdo.tn\/fr\/wp-content\/uploads\/2025\/06\/Ons-Jabeur-1-2.jpg\" \/>\n\t<meta property=\"og:image:width\" content=\"1179\" \/>\n\t<meta property=\"og:image:height\" content=\"701\" \/>\n\t<meta property=\"og:image:type\" content=\"image\/jpeg\" \/>\n<meta name=\"author\" content=\"Mohamed Hedi Touati\" \/>\n<meta name=\"twitter:card\" content=\"summary_large_image\" \/>\n<meta name=\"twitter:creator\" content=\"@webdo_tn\" \/>\n<meta name=\"twitter:site\" content=\"@webdo_tn\" \/>\n<meta name=\"twitter:label1\" content=\"\u00c9crit par\" \/>\n\t<meta name=\"twitter:data1\" content=\"Mohamed Hedi Touati\" \/>\n\t<meta name=\"twitter:label2\" content=\"Dur\u00e9e de lecture estim\u00e9e\" \/>\n\t<meta name=\"twitter:data2\" content=\"2 minutes\" \/>\n<script type=\"application\/ld+json\" class=\"yoast-schema-graph\">{\"@context\":\"https:\\\/\\\/schema.org\",\"@graph\":[{\"@type\":\"NewsArticle\",\"@id\":\"https:\\\/\\\/www.webdo.tn\\\/fr\\\/actualite\\\/sport\\\/wimbledon-la-detresse-dons-jabeur-contrainte-a-labandon-des-son-entree-en-lice\\\/378646\\\/#article\",\"isPartOf\":{\"@id\":\"https:\\\/\\\/www.webdo.tn\\\/fr\\\/actualite\\\/sport\\\/wimbledon-la-detresse-dons-jabeur-contrainte-a-labandon-des-son-entree-en-lice\\\/378646\\\/\"},\"author\":{\"name\":\"Mohamed Hedi Touati\",\"@id\":\"https:\\\/\\\/www.webdo.tn\\\/fr\\\/#\\\/schema\\\/person\\\/c652cd8fc2b1b44412b5ffb48c5a911d\"},\"headline\":\"Wimbledon : La d\u00e9tresse d\u2019Ons Jabeur, contrainte \u00e0 l\u2019abandon d\u00e8s son entr\u00e9e en lice\",\"datePublished\":\"2025-06-30T13:12:49+00:00\",\"dateModified\":\"2025-07-01T07:38:59+00:00\",\"mainEntityOfPage\":{\"@id\":\"https:\\\/\\\/www.webdo.tn\\\/fr\\\/actualite\\\/sport\\\/wimbledon-la-detresse-dons-jabeur-contrainte-a-labandon-des-son-entree-en-lice\\\/378646\\\/\"},\"wordCount\":147,\"commentCount\":0,\"publisher\":{\"@id\":\"https:\\\/\\\/www.webdo.tn\\\/fr\\\/#organization\"},\"image\":{\"@id\":\"https:\\\/\\\/www.webdo.tn\\\/fr\\\/actualite\\\/sport\\\/wimbledon-la-detresse-dons-jabeur-contrainte-a-labandon-des-son-entree-en-lice\\\/378646\\\/#primaryimage\"},\"thumbnailUrl\":\"https:\\\/\\\/www.webdo.tn\\\/fr\\\/wp-content\\\/uploads\\\/2025\\\/06\\\/Ons-Jabeur-1-2.jpg\",\"keywords\":[\"Ons Jabeur\",\"tennis\",\"Tunisie\",\"wimbledon\"],\"articleSection\":[\"Sport\"],\"inLanguage\":\"fr-FR\"},{\"@type\":\"WebPage\",\"@id\":\"https:\\\/\\\/www.webdo.tn\\\/fr\\\/actualite\\\/sport\\\/wimbledon-la-detresse-dons-jabeur-contrainte-a-labandon-des-son-entree-en-lice\\\/378646\\\/\",\"url\":\"https:\\\/\\\/www.webdo.tn\\\/fr\\\/actualite\\\/sport\\\/wimbledon-la-detresse-dons-jabeur-contrainte-a-labandon-des-son-entree-en-lice\\\/378646\\\/\",\"name\":\"Wimbledon : La d\u00e9tresse d\u2019Ons Jabeur, contrainte \u00e0 l\u2019abandon d\u00e8s son entr\u00e9e en lice - webdo\",\"isPartOf\":{\"@id\":\"https:\\\/\\\/www.webdo.tn\\\/fr\\\/#website\"},\"primaryImageOfPage\":{\"@id\":\"https:\\\/\\\/www.webdo.tn\\\/fr\\\/actualite\\\/sport\\\/wimbledon-la-detresse-dons-jabeur-contrainte-a-labandon-des-son-entree-en-lice\\\/378646\\\/#primaryimage\"},\"image\":{\"@id\":\"https:\\\/\\\/www.webdo.tn\\\/fr\\\/actualite\\\/sport\\\/wimbledon-la-detresse-dons-jabeur-contrainte-a-labandon-des-son-entree-en-lice\\\/378646\\\/#primaryimage\"},\"thumbnailUrl\":\"https:\\\/\\\/www.webdo.tn\\\/fr\\\/wp-content\\\/uploads\\\/2025\\\/06\\\/Ons-Jabeur-1-2.jpg\",\"datePublished\":\"2025-06-30T13:12:49+00:00\",\"dateModified\":\"2025-07-01T07:38:59+00:00\",\"description\":\"Ons Jabeur, en larmes, quitte le court apr\u00e8s une blessure. Son abandon soul\u00e8ve des questions sur son avenir sportif.\",\"breadcrumb\":{\"@id\":\"https:\\\/\\\/www.webdo.tn\\\/fr\\\/actualite\\\/sport\\\/wimbledon-la-detresse-dons-jabeur-contrainte-a-labandon-des-son-entree-en-lice\\\/378646\\\/#breadcrumb\"},\"inLanguage\":\"fr-FR\",\"potentialAction\":[{\"@type\":\"ReadAction\",\"target\":[\"https:\\\/\\\/www.webdo.tn\\\/fr\\\/actualite\\\/sport\\\/wimbledon-la-detresse-dons-jabeur-contrainte-a-labandon-des-son-entree-en-lice\\\/378646\\\/\"]}]},{\"@type\":\"ImageObject\",\"inLanguage\":\"fr-FR\",\"@id\":\"https:\\\/\\\/www.webdo.tn\\\/fr\\\/actualite\\\/sport\\\/wimbledon-la-detresse-dons-jabeur-contrainte-a-labandon-des-son-entree-en-lice\\\/378646\\\/#primaryimage\",\"url\":\"https:\\\/\\\/www.webdo.tn\\\/fr\\\/wp-content\\\/uploads\\\/2025\\\/06\\\/Ons-Jabeur-1-2.jpg\",\"contentUrl\":\"https:\\\/\\\/www.webdo.tn\\\/fr\\\/wp-content\\\/uploads\\\/2025\\\/06\\\/Ons-Jabeur-1-2.jpg\",\"width\":1179,\"height\":701,\"caption\":\"La d\u00e9tresse d\u2019Ons Jabeur\"},{\"@type\":\"BreadcrumbList\",\"@id\":\"https:\\\/\\\/www.webdo.tn\\\/fr\\\/actualite\\\/sport\\\/wimbledon-la-detresse-dons-jabeur-contrainte-a-labandon-des-son-entree-en-lice\\\/378646\\\/#breadcrumb\",\"itemListElement\":[{\"@type\":\"ListItem\",\"position\":1,\"name\":\"Accueil\",\"item\":\"https:\\\/\\\/www.webdo.tn\\\/fr\\\/\"},{\"@type\":\"ListItem\",\"position\":2,\"name\":\"Wimbledon : La d\u00e9tresse d\u2019Ons Jabeur, contrainte \u00e0 l\u2019abandon d\u00e8s son entr\u00e9e en lice\"}]},{\"@type\":\"WebSite\",\"@id\":\"https:\\\/\\\/www.webdo.tn\\\/fr\\\/#website\",\"url\":\"https:\\\/\\\/www.webdo.tn\\\/fr\\\/\",\"name\":\"webdo\",\"description\":\"Tunisie - News en Tunisie et \u00e0 l&#039;international sur Webdo.tn\",\"publisher\":{\"@id\":\"https:\\\/\\\/www.webdo.tn\\\/fr\\\/#organization\"},\"potentialAction\":[{\"@type\":\"SearchAction\",\"target\":{\"@type\":\"EntryPoint\",\"urlTemplate\":\"https:\\\/\\\/www.webdo.tn\\\/fr\\\/?s={search_term_string}\"},\"query-input\":{\"@type\":\"PropertyValueSpecification\",\"valueRequired\":true,\"valueName\":\"search_term_string\"}}],\"inLanguage\":\"fr-FR\"},{\"@type\":\"Organization\",\"@id\":\"https:\\\/\\\/www.webdo.tn\\\/fr\\\/#organization\",\"name\":\"Webdo\",\"alternateName\":\"Webdo.tn\",\"url\":\"https:\\\/\\\/www.webdo.tn\\\/fr\\\/\",\"logo\":{\"@type\":\"ImageObject\",\"inLanguage\":\"fr-FR\",\"@id\":\"https:\\\/\\\/www.webdo.tn\\\/fr\\\/#\\\/schema\\\/logo\\\/image\\\/\",\"url\":\"https:\\\/\\\/www.webdo.tn\\\/fr\\\/wp-content\\\/uploads\\\/2025\\\/06\\\/Webdo-Tunisie_168377.jpg\",\"contentUrl\":\"https:\\\/\\\/www.webdo.tn\\\/fr\\\/wp-content\\\/uploads\\\/2025\\\/06\\\/Webdo-Tunisie_168377.jpg\",\"width\":301,\"height\":301,\"caption\":\"Webdo\"},\"image\":{\"@id\":\"https:\\\/\\\/www.webdo.tn\\\/fr\\\/#\\\/schema\\\/logo\\\/image\\\/\"},\"sameAs\":[\"https:\\\/\\\/www.facebook.com\\\/webdotn\",\"https:\\\/\\\/x.com\\\/webdo_tn\"],\"description\":\"Webdo est un m\u00e9dia num\u00e9rique tunisien fond\u00e9 en 2010, sp\u00e9cialis\u00e9 dans l\u2019actualit\u00e9 nationale et internationale, l\u2019\u00e9conomie, la soci\u00e9t\u00e9 et les analyses politiques. Le site s\u2019adresse \u00e0 un large public francophone et couvre l\u2019information tunisienne en temps r\u00e9el.\",\"email\":\"redac@webdo.tn\",\"legalName\":\"YNJ SARL\",\"foundingDate\":\"2010-09-06\",\"numberOfEmployees\":{\"@type\":\"QuantitativeValue\",\"minValue\":\"11\",\"maxValue\":\"50\"}},{\"@type\":\"Person\",\"@id\":\"https:\\\/\\\/www.webdo.tn\\\/fr\\\/#\\\/schema\\\/person\\\/c652cd8fc2b1b44412b5ffb48c5a911d\",\"name\":\"Mohamed Hedi Touati\",\"image\":{\"@type\":\"ImageObject\",\"inLanguage\":\"fr-FR\",\"@id\":\"https:\\\/\\\/secure.gravatar.com\\\/avatar\\\/9cfd402c745b7a685f13eed0ea6e59d2144a3c2fc50a3db6fd5ed451f6cddf1a?s=96&d=mm&r=g\",\"url\":\"https:\\\/\\\/secure.gravatar.com\\\/avatar\\\/9cfd402c745b7a685f13eed0ea6e59d2144a3c2fc50a3db6fd5ed451f6cddf1a?s=96&d=mm&r=g\",\"contentUrl\":\"https:\\\/\\\/secure.gravatar.com\\\/avatar\\\/9cfd402c745b7a685f13eed0ea6e59d2144a3c2fc50a3db6fd5ed451f6cddf1a?s=96&d=mm&r=g\",\"caption\":\"Mohamed Hedi Touati\"},\"url\":\"https:\\\/\\\/www.webdo.tn\\\/fr\\\/actualite\\\/author\\\/mohamed-hedi-touati\\\/\"}]}<\/script>\n<!-- \/ Yoast SEO Premium plugin. -->","yoast_head_json":{"title":"Wimbledon : La d\u00e9tresse d\u2019Ons Jabeur, contrainte \u00e0 l\u2019abandon d\u00e8s son entr\u00e9e en lice - webdo","description":"Ons Jabeur, en larmes, quitte le court apr\u00e8s une blessure. Son abandon soul\u00e8ve des questions sur son avenir sportif.","canonical":"https:\/\/www.webdo.tn\/fr\/actualite\/sport\/wimbledon-la-detresse-dons-jabeur-contrainte-a-labandon-des-son-entree-en-lice\/378646\/","og_locale":"fr_FR","og_type":"article","og_title":"Wimbledon : La d\u00e9tresse d\u2019Ons Jabeur, contrainte \u00e0 l\u2019abandon d\u00e8s son entr\u00e9e en lice","og_description":"Ons Jabeur, en larmes, quitte le court apr\u00e8s une blessure. Son abandon soul\u00e8ve des questions sur son avenir sportif.","og_url":"https:\/\/www.webdo.tn\/fr\/actualite\/sport\/wimbledon-la-detresse-dons-jabeur-contrainte-a-labandon-des-son-entree-en-lice\/378646\/","og_site_name":"webdo","article_publisher":"https:\/\/www.facebook.com\/webdotn","article_published_time":"2025-06-30T13:12:49+00:00","article_modified_time":"2025-07-01T07:38:59+00:00","og_image":[{"width":1179,"height":701,"url":"https:\/\/www.webdo.tn\/fr\/wp-content\/uploads\/2025\/06\/Ons-Jabeur-1-2.jpg","type":"image\/jpeg"}],"author":"Mohamed Hedi Touati","twitter_card":"summary_large_image","twitter_creator":"@webdo_tn","twitter_site":"@webdo_tn","twitter_misc":{"\u00c9crit par":"Mohamed Hedi Touati","Dur\u00e9e de lecture estim\u00e9e":"2 minutes"},"schema":{"@context":"https:\/\/schema.org","@graph":[{"@type":"NewsArticle","@id":"https:\/\/www.webdo.tn\/fr\/actualite\/sport\/wimbledon-la-detresse-dons-jabeur-contrainte-a-labandon-des-son-entree-en-lice\/378646\/#article","isPartOf":{"@id":"https:\/\/www.webdo.tn\/fr\/actualite\/sport\/wimbledon-la-detresse-dons-jabeur-contrainte-a-labandon-des-son-entree-en-lice\/378646\/"},"author":{"name":"Mohamed Hedi Touati","@id":"https:\/\/www.webdo.tn\/fr\/#\/schema\/person\/c652cd8fc2b1b44412b5ffb48c5a911d"},"headline":"Wimbledon : La d\u00e9tresse d\u2019Ons Jabeur, contrainte \u00e0 l\u2019abandon d\u00e8s son entr\u00e9e en lice","datePublished":"2025-06-30T13:12:49+00:00","dateModified":"2025-07-01T07:38:59+00:00","mainEntityOfPage":{"@id":"https:\/\/www.webdo.tn\/fr\/actualite\/sport\/wimbledon-la-detresse-dons-jabeur-contrainte-a-labandon-des-son-entree-en-lice\/378646\/"},"wordCount":147,"commentCount":0,"publisher":{"@id":"https:\/\/www.webdo.tn\/fr\/#organization"},"image":{"@id":"https:\/\/www.webdo.tn\/fr\/actualite\/sport\/wimbledon-la-detresse-dons-jabeur-contrainte-a-labandon-des-son-entree-en-lice\/378646\/#primaryimage"},"thumbnailUrl":"https:\/\/www.webdo.tn\/fr\/wp-content\/uploads\/2025\/06\/Ons-Jabeur-1-2.jpg","keywords":["Ons Jabeur","tennis","Tunisie","wimbledon"],"articleSection":["Sport"],"inLanguage":"fr-FR"},{"@type":"WebPage","@id":"https:\/\/www.webdo.tn\/fr\/actualite\/sport\/wimbledon-la-detresse-dons-jabeur-contrainte-a-labandon-des-son-entree-en-lice\/378646\/","url":"https:\/\/www.webdo.tn\/fr\/actualite\/sport\/wimbledon-la-detresse-dons-jabeur-contrainte-a-labandon-des-son-entree-en-lice\/378646\/","name":"Wimbledon : La d\u00e9tresse d\u2019Ons Jabeur, contrainte \u00e0 l\u2019abandon d\u00e8s son entr\u00e9e en lice - webdo","isPartOf":{"@id":"https:\/\/www.webdo.tn\/fr\/#website"},"primaryImageOfPage":{"@id":"https:\/\/www.webdo.tn\/fr\/actualite\/sport\/wimbledon-la-detresse-dons-jabeur-contrainte-a-labandon-des-son-entree-en-lice\/378646\/#primaryimage"},"image":{"@id":"https:\/\/www.webdo.tn\/fr\/actualite\/sport\/wimbledon-la-detresse-dons-jabeur-contrainte-a-labandon-des-son-entree-en-lice\/378646\/#primaryimage"},"thumbnailUrl":"https:\/\/www.webdo.tn\/fr\/wp-content\/uploads\/2025\/06\/Ons-Jabeur-1-2.jpg","datePublished":"2025-06-30T13:12:49+00:00","dateModified":"2025-07-01T07:38:59+00:00","description":"Ons Jabeur, en larmes, quitte le court apr\u00e8s une blessure. Son abandon soul\u00e8ve des questions sur son avenir sportif.","breadcrumb":{"@id":"https:\/\/www.webdo.tn\/fr\/actualite\/sport\/wimbledon-la-detresse-dons-jabeur-contrainte-a-labandon-des-son-entree-en-lice\/378646\/#breadcrumb"},"inLanguage":"fr-FR","potentialAction":[{"@type":"ReadAction","target":["https:\/\/www.webdo.tn\/fr\/actualite\/sport\/wimbledon-la-detresse-dons-jabeur-contrainte-a-labandon-des-son-entree-en-lice\/378646\/"]}]},{"@type":"ImageObject","inLanguage":"fr-FR","@id":"https:\/\/www.webdo.tn\/fr\/actualite\/sport\/wimbledon-la-detresse-dons-jabeur-contrainte-a-labandon-des-son-entree-en-lice\/378646\/#primaryimage","url":"https:\/\/www.webdo.tn\/fr\/wp-content\/uploads\/2025\/06\/Ons-Jabeur-1-2.jpg","contentUrl":"https:\/\/www.webdo.tn\/fr\/wp-content\/uploads\/2025\/06\/Ons-Jabeur-1-2.jpg","width":1179,"height":701,"caption":"La d\u00e9tresse d\u2019Ons Jabeur"},{"@type":"BreadcrumbList","@id":"https:\/\/www.webdo.tn\/fr\/actualite\/sport\/wimbledon-la-detresse-dons-jabeur-contrainte-a-labandon-des-son-entree-en-lice\/378646\/#breadcrumb","itemListElement":[{"@type":"ListItem","position":1,"name":"Accueil","item":"https:\/\/www.webdo.tn\/fr\/"},{"@type":"ListItem","position":2,"name":"Wimbledon : La d\u00e9tresse d\u2019Ons Jabeur, contrainte \u00e0 l\u2019abandon d\u00e8s son entr\u00e9e en lice"}]},{"@type":"WebSite","@id":"https:\/\/www.webdo.tn\/fr\/#website","url":"https:\/\/www.webdo.tn\/fr\/","name":"webdo","description":"Tunisie - News en Tunisie et \u00e0 l&#039;international sur Webdo.tn","publisher":{"@id":"https:\/\/www.webdo.tn\/fr\/#organization"},"potentialAction":[{"@type":"SearchAction","target":{"@type":"EntryPoint","urlTemplate":"https:\/\/www.webdo.tn\/fr\/?s={search_term_string}"},"query-input":{"@type":"PropertyValueSpecification","valueRequired":true,"valueName":"search_term_string"}}],"inLanguage":"fr-FR"},{"@type":"Organization","@id":"https:\/\/www.webdo.tn\/fr\/#organization","name":"Webdo","alternateName":"Webdo.tn","url":"https:\/\/www.webdo.tn\/fr\/","logo":{"@type":"ImageObject","inLanguage":"fr-FR","@id":"https:\/\/www.webdo.tn\/fr\/#\/schema\/logo\/image\/","url":"https:\/\/www.webdo.tn\/fr\/wp-content\/uploads\/2025\/06\/Webdo-Tunisie_168377.jpg","contentUrl":"https:\/\/www.webdo.tn\/fr\/wp-content\/uploads\/2025\/06\/Webdo-Tunisie_168377.jpg","width":301,"height":301,"caption":"Webdo"},"image":{"@id":"https:\/\/www.webdo.tn\/fr\/#\/schema\/logo\/image\/"},"sameAs":["https:\/\/www.facebook.com\/webdotn","https:\/\/x.com\/webdo_tn"],"description":"Webdo est un m\u00e9dia num\u00e9rique tunisien fond\u00e9 en 2010, sp\u00e9cialis\u00e9 dans l\u2019actualit\u00e9 nationale et internationale, l\u2019\u00e9conomie, la soci\u00e9t\u00e9 et les analyses politiques. Le site s\u2019adresse \u00e0 un large public francophone et couvre l\u2019information tunisienne en temps r\u00e9el.","email":"redac@webdo.tn","legalName":"YNJ SARL","foundingDate":"2010-09-06","numberOfEmployees":{"@type":"QuantitativeValue","minValue":"11","maxValue":"50"}},{"@type":"Person","@id":"https:\/\/www.webdo.tn\/fr\/#\/schema\/person\/c652cd8fc2b1b44412b5ffb48c5a911d","name":"Mohamed Hedi Touati","image":{"@type":"ImageObject","inLanguage":"fr-FR","@id":"https:\/\/secure.gravatar.com\/avatar\/9cfd402c745b7a685f13eed0ea6e59d2144a3c2fc50a3db6fd5ed451f6cddf1a?s=96&d=mm&r=g","url":"https:\/\/secure.gravatar.com\/avatar\/9cfd402c745b7a685f13eed0ea6e59d2144a3c2fc50a3db6fd5ed451f6cddf1a?s=96&d=mm&r=g","contentUrl":"https:\/\/secure.gravatar.com\/avatar\/9cfd402c745b7a685f13eed0ea6e59d2144a3c2fc50a3db6fd5ed451f6cddf1a?s=96&d=mm&r=g","caption":"Mohamed Hedi Touati"},"url":"https:\/\/www.webdo.tn\/fr\/actualite\/author\/mohamed-hedi-touati\/"}]}},"_links":{"self":[{"href":"https:\/\/www.webdo.tn\/fr\/wp-json\/wp\/v2\/posts\/378646","targetHints":{"allow":["GET"]}}],"collection":[{"href":"https:\/\/www.webdo.tn\/fr\/wp-json\/wp\/v2\/posts"}],"about":[{"href":"https:\/\/www.webdo.tn\/fr\/wp-json\/wp\/v2\/types\/post"}],"author":[{"embeddable":true,"href":"https:\/\/www.webdo.tn\/fr\/wp-json\/wp\/v2\/users\/3191"}],"replies":[{"embeddable":true,"href":"https:\/\/www.webdo.tn\/fr\/wp-json\/wp\/v2\/comments?post=378646"}],"version-history":[{"count":0,"href":"https:\/\/www.webdo.tn\/fr\/wp-json\/wp\/v2\/posts\/378646\/revisions"}],"wp:featuredmedia":[{"embeddable":true,"href":"https:\/\/www.webdo.tn\/fr\/wp-json\/wp\/v2\/media\/378651"}],"wp:attachment":[{"href":"https:\/\/www.webdo.tn\/fr\/wp-json\/wp\/v2\/media?parent=378646"}],"wp:term":[{"taxonomy":"category","embeddable":true,"href":"https:\/\/www.webdo.tn\/fr\/wp-json\/wp\/v2\/categories?post=378646"},{"taxonomy":"post_tag","embeddable":true,"href":"https:\/\/www.webdo.tn\/fr\/wp-json\/wp\/v2\/tags?post=378646"}],"curies":[{"name":"wp","href":"https:\/\/api.w.org\/{rel}","templated":true}]}}