{"id":378631,"date":"2025-06-30T10:09:52","date_gmt":"2025-06-30T09:09:52","guid":{"rendered":"https:\/\/www.webdo.tn\/fr\/?p=378631"},"modified":"2025-06-30T10:12:51","modified_gmt":"2025-06-30T09:12:51","slug":"para-aviron-ahlem-jeddi-decroche-le-bronze-au-championnat-du-monde-a-lucerne","status":"publish","type":"post","link":"https:\/\/www.webdo.tn\/fr\/actualite\/sport\/para-aviron-ahlem-jeddi-decroche-le-bronze-au-championnat-du-monde-a-lucerne\/378631\/","title":{"rendered":"Para-aviron : Ahlem Jeddi d\u00e9croche le bronze au Championnat du monde \u00e0 Lucerne"},"content":{"rendered":"\n<p>Lors de la Coupe du monde de para-aviron qui s\u2019est tenue du 27 au 29 juin \u00e0 Lucerne, en Suisse, la Tunisienne Ahlem Jeddi a remport\u00e9 la m\u00e9daille de bronze en individuel dans la cat\u00e9gorie PR1W1x.<\/p>\n\n\n\n<p>Pour sa toute premi\u00e8re comp\u00e9tition internationale, l\u2019avironneuse paralympique tunisienne signe ainsi un exploit prometteur, qui ouvre la voie \u00e0 sa pr\u00e9paration en vue des Jeux paralympiques de Los Angeles 2028.<\/p>\n","protected":false},"excerpt":{"rendered":"<p>Lors de la Coupe du monde de para-aviron qui s\u2019est tenue du 27 au 29 juin \u00e0 Lucerne, en Suisse, la Tunisienne Ahlem Jeddi a remport\u00e9 la m\u00e9daille de bronze en individuel dans la cat\u00e9gorie PR1W1x. Pour sa toute premi\u00e8re comp\u00e9tition internationale, l\u2019avironneuse paralympique tunisienne signe ainsi un exploit prometteur, qui ouvre la voie \u00e0 [&hellip;]<\/p>\n","protected":false},"author":3191,"featured_media":378634,"comment_status":"open","ping_status":"open","sticky":false,"template":"","format":"standard","meta":{"footnotes":""},"categories":[2593],"tags":[12064,6451,3518,12065,3155,2608],"class_list":["post-378631","post","type-post","status-publish","format-standard","has-post-thumbnail","hentry","category-sport","tag-ahlem-jeddi","tag-championnats-du-monde","tag-medaille-de-bronze","tag-para-aviron","tag-suisse","tag-tunisie"],"yoast_head":"<!-- This site is optimized with the Yoast SEO Premium plugin v27.4 (Yoast SEO v27.5) - https:\/\/yoast.com\/product\/yoast-seo-premium-wordpress\/ -->\n<title>Para-aviron : Ahlem Jeddi d\u00e9croche le bronze au Championnat du monde \u00e0 Lucerne - webdo<\/title>\n<meta name=\"description\" content=\"Ahlem Jeddi a remport\u00e9 la m\u00e9daille de bronze en individuel au Championnat du monde de para-aviron \u00e0 Lucerne.\" \/>\n<link rel=\"canonical\" href=\"https:\/\/www.webdo.tn\/fr\/actualite\/sport\/para-aviron-ahlem-jeddi-decroche-le-bronze-au-championnat-du-monde-a-lucerne\/378631\/\" \/>\n<meta property=\"og:locale\" content=\"fr_FR\" \/>\n<meta property=\"og:type\" content=\"article\" \/>\n<meta property=\"og:title\" content=\"Para-aviron : Ahlem Jeddi d\u00e9croche le bronze au Championnat du monde \u00e0 Lucerne\" \/>\n<meta property=\"og:description\" content=\"Ahlem Jeddi a remport\u00e9 la m\u00e9daille de bronze en individuel au Championnat du monde de para-aviron \u00e0 Lucerne.\" \/>\n<meta property=\"og:url\" content=\"https:\/\/www.webdo.tn\/fr\/actualite\/sport\/para-aviron-ahlem-jeddi-decroche-le-bronze-au-championnat-du-monde-a-lucerne\/378631\/\" \/>\n<meta property=\"og:site_name\" content=\"webdo\" \/>\n<meta property=\"article:publisher\" content=\"https:\/\/www.facebook.com\/webdotn\" \/>\n<meta property=\"article:published_time\" content=\"2025-06-30T09:09:52+00:00\" \/>\n<meta property=\"article:modified_time\" content=\"2025-06-30T09:12:51+00:00\" \/>\n<meta property=\"og:image\" content=\"https:\/\/www.webdo.tn\/fr\/wp-content\/uploads\/2025\/06\/Ahlem-Jeddi-1.jpg\" \/>\n\t<meta property=\"og:image:width\" content=\"1204\" \/>\n\t<meta property=\"og:image:height\" content=\"799\" \/>\n\t<meta property=\"og:image:type\" content=\"image\/jpeg\" \/>\n<meta name=\"author\" content=\"Mohamed Hedi Touati\" \/>\n<meta name=\"twitter:card\" content=\"summary_large_image\" \/>\n<meta name=\"twitter:creator\" content=\"@webdo_tn\" \/>\n<meta name=\"twitter:site\" content=\"@webdo_tn\" \/>\n<meta name=\"twitter:label1\" content=\"\u00c9crit par\" \/>\n\t<meta name=\"twitter:data1\" content=\"Mohamed Hedi Touati\" \/>\n\t<meta name=\"twitter:label2\" content=\"Dur\u00e9e de lecture estim\u00e9e\" \/>\n\t<meta name=\"twitter:data2\" content=\"1 minute\" \/>\n<script type=\"application\/ld+json\" class=\"yoast-schema-graph\">{\"@context\":\"https:\\\/\\\/schema.org\",\"@graph\":[{\"@type\":\"NewsArticle\",\"@id\":\"https:\\\/\\\/www.webdo.tn\\\/fr\\\/actualite\\\/sport\\\/para-aviron-ahlem-jeddi-decroche-le-bronze-au-championnat-du-monde-a-lucerne\\\/378631\\\/#article\",\"isPartOf\":{\"@id\":\"https:\\\/\\\/www.webdo.tn\\\/fr\\\/actualite\\\/sport\\\/para-aviron-ahlem-jeddi-decroche-le-bronze-au-championnat-du-monde-a-lucerne\\\/378631\\\/\"},\"author\":{\"name\":\"Mohamed Hedi Touati\",\"@id\":\"https:\\\/\\\/www.webdo.tn\\\/fr\\\/#\\\/schema\\\/person\\\/c652cd8fc2b1b44412b5ffb48c5a911d\"},\"headline\":\"Para-aviron : Ahlem Jeddi d\u00e9croche le bronze au Championnat du monde \u00e0 Lucerne\",\"datePublished\":\"2025-06-30T09:09:52+00:00\",\"dateModified\":\"2025-06-30T09:12:51+00:00\",\"mainEntityOfPage\":{\"@id\":\"https:\\\/\\\/www.webdo.tn\\\/fr\\\/actualite\\\/sport\\\/para-aviron-ahlem-jeddi-decroche-le-bronze-au-championnat-du-monde-a-lucerne\\\/378631\\\/\"},\"wordCount\":82,\"commentCount\":0,\"publisher\":{\"@id\":\"https:\\\/\\\/www.webdo.tn\\\/fr\\\/#organization\"},\"image\":{\"@id\":\"https:\\\/\\\/www.webdo.tn\\\/fr\\\/actualite\\\/sport\\\/para-aviron-ahlem-jeddi-decroche-le-bronze-au-championnat-du-monde-a-lucerne\\\/378631\\\/#primaryimage\"},\"thumbnailUrl\":\"https:\\\/\\\/www.webdo.tn\\\/fr\\\/wp-content\\\/uploads\\\/2025\\\/06\\\/Ahlem-Jeddi-1.jpg\",\"keywords\":[\"Ahlem Jeddi\",\"championnats du monde\",\"m\u00e9daille de bronze\",\"para-aviron\",\"suisse\",\"Tunisie\"],\"articleSection\":[\"Sport\"],\"inLanguage\":\"fr-FR\"},{\"@type\":\"WebPage\",\"@id\":\"https:\\\/\\\/www.webdo.tn\\\/fr\\\/actualite\\\/sport\\\/para-aviron-ahlem-jeddi-decroche-le-bronze-au-championnat-du-monde-a-lucerne\\\/378631\\\/\",\"url\":\"https:\\\/\\\/www.webdo.tn\\\/fr\\\/actualite\\\/sport\\\/para-aviron-ahlem-jeddi-decroche-le-bronze-au-championnat-du-monde-a-lucerne\\\/378631\\\/\",\"name\":\"Para-aviron : Ahlem Jeddi d\u00e9croche le bronze au Championnat du monde \u00e0 Lucerne - webdo\",\"isPartOf\":{\"@id\":\"https:\\\/\\\/www.webdo.tn\\\/fr\\\/#website\"},\"primaryImageOfPage\":{\"@id\":\"https:\\\/\\\/www.webdo.tn\\\/fr\\\/actualite\\\/sport\\\/para-aviron-ahlem-jeddi-decroche-le-bronze-au-championnat-du-monde-a-lucerne\\\/378631\\\/#primaryimage\"},\"image\":{\"@id\":\"https:\\\/\\\/www.webdo.tn\\\/fr\\\/actualite\\\/sport\\\/para-aviron-ahlem-jeddi-decroche-le-bronze-au-championnat-du-monde-a-lucerne\\\/378631\\\/#primaryimage\"},\"thumbnailUrl\":\"https:\\\/\\\/www.webdo.tn\\\/fr\\\/wp-content\\\/uploads\\\/2025\\\/06\\\/Ahlem-Jeddi-1.jpg\",\"datePublished\":\"2025-06-30T09:09:52+00:00\",\"dateModified\":\"2025-06-30T09:12:51+00:00\",\"description\":\"Ahlem Jeddi a remport\u00e9 la m\u00e9daille de bronze en individuel au Championnat du monde de para-aviron \u00e0 Lucerne.\",\"breadcrumb\":{\"@id\":\"https:\\\/\\\/www.webdo.tn\\\/fr\\\/actualite\\\/sport\\\/para-aviron-ahlem-jeddi-decroche-le-bronze-au-championnat-du-monde-a-lucerne\\\/378631\\\/#breadcrumb\"},\"inLanguage\":\"fr-FR\",\"potentialAction\":[{\"@type\":\"ReadAction\",\"target\":[\"https:\\\/\\\/www.webdo.tn\\\/fr\\\/actualite\\\/sport\\\/para-aviron-ahlem-jeddi-decroche-le-bronze-au-championnat-du-monde-a-lucerne\\\/378631\\\/\"]}]},{\"@type\":\"ImageObject\",\"inLanguage\":\"fr-FR\",\"@id\":\"https:\\\/\\\/www.webdo.tn\\\/fr\\\/actualite\\\/sport\\\/para-aviron-ahlem-jeddi-decroche-le-bronze-au-championnat-du-monde-a-lucerne\\\/378631\\\/#primaryimage\",\"url\":\"https:\\\/\\\/www.webdo.tn\\\/fr\\\/wp-content\\\/uploads\\\/2025\\\/06\\\/Ahlem-Jeddi-1.jpg\",\"contentUrl\":\"https:\\\/\\\/www.webdo.tn\\\/fr\\\/wp-content\\\/uploads\\\/2025\\\/06\\\/Ahlem-Jeddi-1.jpg\",\"width\":1204,\"height\":799,\"caption\":\"Ahlem Jeddi d\u00e9croche le bronze\"},{\"@type\":\"BreadcrumbList\",\"@id\":\"https:\\\/\\\/www.webdo.tn\\\/fr\\\/actualite\\\/sport\\\/para-aviron-ahlem-jeddi-decroche-le-bronze-au-championnat-du-monde-a-lucerne\\\/378631\\\/#breadcrumb\",\"itemListElement\":[{\"@type\":\"ListItem\",\"position\":1,\"name\":\"Accueil\",\"item\":\"https:\\\/\\\/www.webdo.tn\\\/fr\\\/\"},{\"@type\":\"ListItem\",\"position\":2,\"name\":\"Para-aviron : Ahlem Jeddi d\u00e9croche le bronze au Championnat du monde \u00e0 Lucerne\"}]},{\"@type\":\"WebSite\",\"@id\":\"https:\\\/\\\/www.webdo.tn\\\/fr\\\/#website\",\"url\":\"https:\\\/\\\/www.webdo.tn\\\/fr\\\/\",\"name\":\"webdo\",\"description\":\"Tunisie - News en Tunisie et \u00e0 l&#039;international sur Webdo.tn\",\"publisher\":{\"@id\":\"https:\\\/\\\/www.webdo.tn\\\/fr\\\/#organization\"},\"potentialAction\":[{\"@type\":\"SearchAction\",\"target\":{\"@type\":\"EntryPoint\",\"urlTemplate\":\"https:\\\/\\\/www.webdo.tn\\\/fr\\\/?s={search_term_string}\"},\"query-input\":{\"@type\":\"PropertyValueSpecification\",\"valueRequired\":true,\"valueName\":\"search_term_string\"}}],\"inLanguage\":\"fr-FR\"},{\"@type\":\"Organization\",\"@id\":\"https:\\\/\\\/www.webdo.tn\\\/fr\\\/#organization\",\"name\":\"Webdo\",\"alternateName\":\"Webdo.tn\",\"url\":\"https:\\\/\\\/www.webdo.tn\\\/fr\\\/\",\"logo\":{\"@type\":\"ImageObject\",\"inLanguage\":\"fr-FR\",\"@id\":\"https:\\\/\\\/www.webdo.tn\\\/fr\\\/#\\\/schema\\\/logo\\\/image\\\/\",\"url\":\"https:\\\/\\\/www.webdo.tn\\\/fr\\\/wp-content\\\/uploads\\\/2025\\\/06\\\/Webdo-Tunisie_168377.jpg\",\"contentUrl\":\"https:\\\/\\\/www.webdo.tn\\\/fr\\\/wp-content\\\/uploads\\\/2025\\\/06\\\/Webdo-Tunisie_168377.jpg\",\"width\":301,\"height\":301,\"caption\":\"Webdo\"},\"image\":{\"@id\":\"https:\\\/\\\/www.webdo.tn\\\/fr\\\/#\\\/schema\\\/logo\\\/image\\\/\"},\"sameAs\":[\"https:\\\/\\\/www.facebook.com\\\/webdotn\",\"https:\\\/\\\/x.com\\\/webdo_tn\"],\"description\":\"Webdo est un m\u00e9dia num\u00e9rique tunisien fond\u00e9 en 2010, sp\u00e9cialis\u00e9 dans l\u2019actualit\u00e9 nationale et internationale, l\u2019\u00e9conomie, la soci\u00e9t\u00e9 et les analyses politiques. Le site s\u2019adresse \u00e0 un large public francophone et couvre l\u2019information tunisienne en temps r\u00e9el.\",\"email\":\"redac@webdo.tn\",\"legalName\":\"YNJ SARL\",\"foundingDate\":\"2010-09-06\",\"numberOfEmployees\":{\"@type\":\"QuantitativeValue\",\"minValue\":\"11\",\"maxValue\":\"50\"}},{\"@type\":\"Person\",\"@id\":\"https:\\\/\\\/www.webdo.tn\\\/fr\\\/#\\\/schema\\\/person\\\/c652cd8fc2b1b44412b5ffb48c5a911d\",\"name\":\"Mohamed Hedi Touati\",\"image\":{\"@type\":\"ImageObject\",\"inLanguage\":\"fr-FR\",\"@id\":\"https:\\\/\\\/secure.gravatar.com\\\/avatar\\\/9cfd402c745b7a685f13eed0ea6e59d2144a3c2fc50a3db6fd5ed451f6cddf1a?s=96&d=mm&r=g\",\"url\":\"https:\\\/\\\/secure.gravatar.com\\\/avatar\\\/9cfd402c745b7a685f13eed0ea6e59d2144a3c2fc50a3db6fd5ed451f6cddf1a?s=96&d=mm&r=g\",\"contentUrl\":\"https:\\\/\\\/secure.gravatar.com\\\/avatar\\\/9cfd402c745b7a685f13eed0ea6e59d2144a3c2fc50a3db6fd5ed451f6cddf1a?s=96&d=mm&r=g\",\"caption\":\"Mohamed Hedi Touati\"},\"url\":\"https:\\\/\\\/www.webdo.tn\\\/fr\\\/actualite\\\/author\\\/mohamed-hedi-touati\\\/\"}]}<\/script>\n<!-- \/ Yoast SEO Premium plugin. -->","yoast_head_json":{"title":"Para-aviron : Ahlem Jeddi d\u00e9croche le bronze au Championnat du monde \u00e0 Lucerne - webdo","description":"Ahlem Jeddi a remport\u00e9 la m\u00e9daille de bronze en individuel au Championnat du monde de para-aviron \u00e0 Lucerne.","canonical":"https:\/\/www.webdo.tn\/fr\/actualite\/sport\/para-aviron-ahlem-jeddi-decroche-le-bronze-au-championnat-du-monde-a-lucerne\/378631\/","og_locale":"fr_FR","og_type":"article","og_title":"Para-aviron : Ahlem Jeddi d\u00e9croche le bronze au Championnat du monde \u00e0 Lucerne","og_description":"Ahlem Jeddi a remport\u00e9 la m\u00e9daille de bronze en individuel au Championnat du monde de para-aviron \u00e0 Lucerne.","og_url":"https:\/\/www.webdo.tn\/fr\/actualite\/sport\/para-aviron-ahlem-jeddi-decroche-le-bronze-au-championnat-du-monde-a-lucerne\/378631\/","og_site_name":"webdo","article_publisher":"https:\/\/www.facebook.com\/webdotn","article_published_time":"2025-06-30T09:09:52+00:00","article_modified_time":"2025-06-30T09:12:51+00:00","og_image":[{"width":1204,"height":799,"url":"https:\/\/www.webdo.tn\/fr\/wp-content\/uploads\/2025\/06\/Ahlem-Jeddi-1.jpg","type":"image\/jpeg"}],"author":"Mohamed Hedi Touati","twitter_card":"summary_large_image","twitter_creator":"@webdo_tn","twitter_site":"@webdo_tn","twitter_misc":{"\u00c9crit par":"Mohamed Hedi Touati","Dur\u00e9e de lecture estim\u00e9e":"1 minute"},"schema":{"@context":"https:\/\/schema.org","@graph":[{"@type":"NewsArticle","@id":"https:\/\/www.webdo.tn\/fr\/actualite\/sport\/para-aviron-ahlem-jeddi-decroche-le-bronze-au-championnat-du-monde-a-lucerne\/378631\/#article","isPartOf":{"@id":"https:\/\/www.webdo.tn\/fr\/actualite\/sport\/para-aviron-ahlem-jeddi-decroche-le-bronze-au-championnat-du-monde-a-lucerne\/378631\/"},"author":{"name":"Mohamed Hedi Touati","@id":"https:\/\/www.webdo.tn\/fr\/#\/schema\/person\/c652cd8fc2b1b44412b5ffb48c5a911d"},"headline":"Para-aviron : Ahlem Jeddi d\u00e9croche le bronze au Championnat du monde \u00e0 Lucerne","datePublished":"2025-06-30T09:09:52+00:00","dateModified":"2025-06-30T09:12:51+00:00","mainEntityOfPage":{"@id":"https:\/\/www.webdo.tn\/fr\/actualite\/sport\/para-aviron-ahlem-jeddi-decroche-le-bronze-au-championnat-du-monde-a-lucerne\/378631\/"},"wordCount":82,"commentCount":0,"publisher":{"@id":"https:\/\/www.webdo.tn\/fr\/#organization"},"image":{"@id":"https:\/\/www.webdo.tn\/fr\/actualite\/sport\/para-aviron-ahlem-jeddi-decroche-le-bronze-au-championnat-du-monde-a-lucerne\/378631\/#primaryimage"},"thumbnailUrl":"https:\/\/www.webdo.tn\/fr\/wp-content\/uploads\/2025\/06\/Ahlem-Jeddi-1.jpg","keywords":["Ahlem Jeddi","championnats du monde","m\u00e9daille de bronze","para-aviron","suisse","Tunisie"],"articleSection":["Sport"],"inLanguage":"fr-FR"},{"@type":"WebPage","@id":"https:\/\/www.webdo.tn\/fr\/actualite\/sport\/para-aviron-ahlem-jeddi-decroche-le-bronze-au-championnat-du-monde-a-lucerne\/378631\/","url":"https:\/\/www.webdo.tn\/fr\/actualite\/sport\/para-aviron-ahlem-jeddi-decroche-le-bronze-au-championnat-du-monde-a-lucerne\/378631\/","name":"Para-aviron : Ahlem Jeddi d\u00e9croche le bronze au Championnat du monde \u00e0 Lucerne - webdo","isPartOf":{"@id":"https:\/\/www.webdo.tn\/fr\/#website"},"primaryImageOfPage":{"@id":"https:\/\/www.webdo.tn\/fr\/actualite\/sport\/para-aviron-ahlem-jeddi-decroche-le-bronze-au-championnat-du-monde-a-lucerne\/378631\/#primaryimage"},"image":{"@id":"https:\/\/www.webdo.tn\/fr\/actualite\/sport\/para-aviron-ahlem-jeddi-decroche-le-bronze-au-championnat-du-monde-a-lucerne\/378631\/#primaryimage"},"thumbnailUrl":"https:\/\/www.webdo.tn\/fr\/wp-content\/uploads\/2025\/06\/Ahlem-Jeddi-1.jpg","datePublished":"2025-06-30T09:09:52+00:00","dateModified":"2025-06-30T09:12:51+00:00","description":"Ahlem Jeddi a remport\u00e9 la m\u00e9daille de bronze en individuel au Championnat du monde de para-aviron \u00e0 Lucerne.","breadcrumb":{"@id":"https:\/\/www.webdo.tn\/fr\/actualite\/sport\/para-aviron-ahlem-jeddi-decroche-le-bronze-au-championnat-du-monde-a-lucerne\/378631\/#breadcrumb"},"inLanguage":"fr-FR","potentialAction":[{"@type":"ReadAction","target":["https:\/\/www.webdo.tn\/fr\/actualite\/sport\/para-aviron-ahlem-jeddi-decroche-le-bronze-au-championnat-du-monde-a-lucerne\/378631\/"]}]},{"@type":"ImageObject","inLanguage":"fr-FR","@id":"https:\/\/www.webdo.tn\/fr\/actualite\/sport\/para-aviron-ahlem-jeddi-decroche-le-bronze-au-championnat-du-monde-a-lucerne\/378631\/#primaryimage","url":"https:\/\/www.webdo.tn\/fr\/wp-content\/uploads\/2025\/06\/Ahlem-Jeddi-1.jpg","contentUrl":"https:\/\/www.webdo.tn\/fr\/wp-content\/uploads\/2025\/06\/Ahlem-Jeddi-1.jpg","width":1204,"height":799,"caption":"Ahlem Jeddi d\u00e9croche le bronze"},{"@type":"BreadcrumbList","@id":"https:\/\/www.webdo.tn\/fr\/actualite\/sport\/para-aviron-ahlem-jeddi-decroche-le-bronze-au-championnat-du-monde-a-lucerne\/378631\/#breadcrumb","itemListElement":[{"@type":"ListItem","position":1,"name":"Accueil","item":"https:\/\/www.webdo.tn\/fr\/"},{"@type":"ListItem","position":2,"name":"Para-aviron : Ahlem Jeddi d\u00e9croche le bronze au Championnat du monde \u00e0 Lucerne"}]},{"@type":"WebSite","@id":"https:\/\/www.webdo.tn\/fr\/#website","url":"https:\/\/www.webdo.tn\/fr\/","name":"webdo","description":"Tunisie - News en Tunisie et \u00e0 l&#039;international sur Webdo.tn","publisher":{"@id":"https:\/\/www.webdo.tn\/fr\/#organization"},"potentialAction":[{"@type":"SearchAction","target":{"@type":"EntryPoint","urlTemplate":"https:\/\/www.webdo.tn\/fr\/?s={search_term_string}"},"query-input":{"@type":"PropertyValueSpecification","valueRequired":true,"valueName":"search_term_string"}}],"inLanguage":"fr-FR"},{"@type":"Organization","@id":"https:\/\/www.webdo.tn\/fr\/#organization","name":"Webdo","alternateName":"Webdo.tn","url":"https:\/\/www.webdo.tn\/fr\/","logo":{"@type":"ImageObject","inLanguage":"fr-FR","@id":"https:\/\/www.webdo.tn\/fr\/#\/schema\/logo\/image\/","url":"https:\/\/www.webdo.tn\/fr\/wp-content\/uploads\/2025\/06\/Webdo-Tunisie_168377.jpg","contentUrl":"https:\/\/www.webdo.tn\/fr\/wp-content\/uploads\/2025\/06\/Webdo-Tunisie_168377.jpg","width":301,"height":301,"caption":"Webdo"},"image":{"@id":"https:\/\/www.webdo.tn\/fr\/#\/schema\/logo\/image\/"},"sameAs":["https:\/\/www.facebook.com\/webdotn","https:\/\/x.com\/webdo_tn"],"description":"Webdo est un m\u00e9dia num\u00e9rique tunisien fond\u00e9 en 2010, sp\u00e9cialis\u00e9 dans l\u2019actualit\u00e9 nationale et internationale, l\u2019\u00e9conomie, la soci\u00e9t\u00e9 et les analyses politiques. Le site s\u2019adresse \u00e0 un large public francophone et couvre l\u2019information tunisienne en temps r\u00e9el.","email":"redac@webdo.tn","legalName":"YNJ SARL","foundingDate":"2010-09-06","numberOfEmployees":{"@type":"QuantitativeValue","minValue":"11","maxValue":"50"}},{"@type":"Person","@id":"https:\/\/www.webdo.tn\/fr\/#\/schema\/person\/c652cd8fc2b1b44412b5ffb48c5a911d","name":"Mohamed Hedi Touati","image":{"@type":"ImageObject","inLanguage":"fr-FR","@id":"https:\/\/secure.gravatar.com\/avatar\/9cfd402c745b7a685f13eed0ea6e59d2144a3c2fc50a3db6fd5ed451f6cddf1a?s=96&d=mm&r=g","url":"https:\/\/secure.gravatar.com\/avatar\/9cfd402c745b7a685f13eed0ea6e59d2144a3c2fc50a3db6fd5ed451f6cddf1a?s=96&d=mm&r=g","contentUrl":"https:\/\/secure.gravatar.com\/avatar\/9cfd402c745b7a685f13eed0ea6e59d2144a3c2fc50a3db6fd5ed451f6cddf1a?s=96&d=mm&r=g","caption":"Mohamed Hedi Touati"},"url":"https:\/\/www.webdo.tn\/fr\/actualite\/author\/mohamed-hedi-touati\/"}]}},"_links":{"self":[{"href":"https:\/\/www.webdo.tn\/fr\/wp-json\/wp\/v2\/posts\/378631","targetHints":{"allow":["GET"]}}],"collection":[{"href":"https:\/\/www.webdo.tn\/fr\/wp-json\/wp\/v2\/posts"}],"about":[{"href":"https:\/\/www.webdo.tn\/fr\/wp-json\/wp\/v2\/types\/post"}],"author":[{"embeddable":true,"href":"https:\/\/www.webdo.tn\/fr\/wp-json\/wp\/v2\/users\/3191"}],"replies":[{"embeddable":true,"href":"https:\/\/www.webdo.tn\/fr\/wp-json\/wp\/v2\/comments?post=378631"}],"version-history":[{"count":0,"href":"https:\/\/www.webdo.tn\/fr\/wp-json\/wp\/v2\/posts\/378631\/revisions"}],"wp:featuredmedia":[{"embeddable":true,"href":"https:\/\/www.webdo.tn\/fr\/wp-json\/wp\/v2\/media\/378634"}],"wp:attachment":[{"href":"https:\/\/www.webdo.tn\/fr\/wp-json\/wp\/v2\/media?parent=378631"}],"wp:term":[{"taxonomy":"category","embeddable":true,"href":"https:\/\/www.webdo.tn\/fr\/wp-json\/wp\/v2\/categories?post=378631"},{"taxonomy":"post_tag","embeddable":true,"href":"https:\/\/www.webdo.tn\/fr\/wp-json\/wp\/v2\/tags?post=378631"}],"curies":[{"name":"wp","href":"https:\/\/api.w.org\/{rel}","templated":true}]}}