{"id":378606,"date":"2025-06-29T12:51:54","date_gmt":"2025-06-29T11:51:54","guid":{"rendered":"https:\/\/www.webdo.tn\/fr\/?p=378606"},"modified":"2025-06-30T09:51:03","modified_gmt":"2025-06-30T08:51:03","slug":"tunisie-bac-2025-la-session-de-controle-demarre-ce-lundi","status":"publish","type":"post","link":"https:\/\/www.webdo.tn\/fr\/actualite\/national\/tunisie-bac-2025-la-session-de-controle-demarre-ce-lundi\/378606\/","title":{"rendered":"Tunisie &#8211; Bac 2025 : La session de contr\u00f4le d\u00e9marre ce lundi"},"content":{"rendered":"\n<p>La session de contr\u00f4le de l\u2019examen national du baccalaur\u00e9at 2025 d\u00e9bute ce lundi 30 juin et se poursuivra jusqu\u2019au jeudi 3 juillet, a annonc\u00e9 le minist\u00e8re de l\u2019\u00c9ducation nationale. Les r\u00e9sultats officiels de cette session seront publi\u00e9s le 13 juillet.<\/p>\n\n\n\n<p>La session principale, tenue au d\u00e9but du mois de juin, a enregistr\u00e9 un taux de r\u00e9ussite national de 37,08% pour 53.721 admis sur un total de 151.779 candidats. Les ajourn\u00e9s, au nombre de 46.282, qui passeront la session de contr\u00f4le, repr\u00e9sentent 31,95% des candidats, tandis que 30,52% (44.213 candidats) ont \u00e9t\u00e9 refus\u00e9s.<\/p>\n\n\n\n<p>Pour la section Math\u00e9matiques, qui a enregistr\u00e9 un taux de r\u00e9ussite de 74,93% \u00e0 la premi\u00e8re session avec 5980 admis sur 8224 candidats, l\u2019ajournement a concern\u00e9 1391 candidats.<\/p>\n\n\n\n<p>Pour les Sciences exp\u00e9rimentales, 8328 candidats sont concern\u00e9s par la deuxi\u00e8me session sur un total de 30.481 candidats pour 13.331 admis (45,83% de taux de r\u00e9ussite).<\/p>\n\n\n\n<p>En Sciences de l\u2019informatique, 4271 ajourn\u00e9s sont \u00e9galement concern\u00e9s sur les 14.593 candidats dont 6843 admis (48,47% de r\u00e9ussite).<\/p>\n\n\n\n<p>En Sciences techniques, 6885 sur les 20.453 candidats ont r\u00e9ussi d\u00e8s la premi\u00e8re session&nbsp;(taux de r\u00e9ussite de 35,02%)&nbsp;; 7097 ont \u00e9t\u00e9 ajourn\u00e9s \u00e0 la deuxi\u00e8me session qui d\u00e9marre demain.<\/p>\n\n\n\n<p>Sur les 49.225 candidats en \u00c9conomie et gestion, 13.584 ont \u00e9t\u00e9 admis (28,95%) et 13.611 ajourn\u00e9s pour 22.030 refus\u00e9s.<\/p>\n\n\n\n<p>La section Lettres a enregistr\u00e9 un taux de r\u00e9ussite de 23,02% (5884 admis) pour 27.079 candidats dont 11.116 ont \u00e9t\u00e9 ajourn\u00e9s.<\/p>\n\n\n\n<p>Enfin, sur les 1724 candidats de la section Sport, 1254 ont \u00e9t\u00e9 admis, 52 refus\u00e9s et 418 ajourn\u00e9s.<\/p>\n","protected":false},"excerpt":{"rendered":"<p>La session de contr\u00f4le de l\u2019examen national du baccalaur\u00e9at 2025 d\u00e9bute ce lundi 30 juin et se poursuivra jusqu\u2019au jeudi 3 juillet, a annonc\u00e9 le minist\u00e8re de l\u2019\u00c9ducation nationale. Les r\u00e9sultats officiels de cette session seront publi\u00e9s le 13 juillet. La session principale, tenue au d\u00e9but du mois de juin, a enregistr\u00e9 un taux de [&hellip;]<\/p>\n","protected":false},"author":3191,"featured_media":378607,"comment_status":"open","ping_status":"open","sticky":false,"template":"","format":"standard","meta":{"footnotes":""},"categories":[44],"tags":[4508,11597,8211,2608],"class_list":["post-378606","post","type-post","status-publish","format-standard","has-post-thumbnail","hentry","category-national","tag-bac-2025","tag-baccalaureat-2025","tag-session-de-controle","tag-tunisie"],"yoast_head":"<!-- This site is optimized with the Yoast SEO Premium plugin v27.4 (Yoast SEO v27.5) - https:\/\/yoast.com\/product\/yoast-seo-premium-wordpress\/ -->\n<title>Tunisie - Bac 2025 : La session de contr\u00f4le d\u00e9marre ce lundi - webdo<\/title>\n<meta name=\"description\" content=\"Tout savoir sur le Bac 2025 : dates de la session de contr\u00f4le et taux de r\u00e9ussite des candidats.\" \/>\n<link rel=\"canonical\" href=\"https:\/\/www.webdo.tn\/fr\/actualite\/national\/tunisie-bac-2025-la-session-de-controle-demarre-ce-lundi\/378606\/\" \/>\n<meta property=\"og:locale\" content=\"fr_FR\" \/>\n<meta property=\"og:type\" content=\"article\" \/>\n<meta property=\"og:title\" content=\"Tunisie - Bac 2025 : La session de contr\u00f4le d\u00e9marre ce lundi\" \/>\n<meta property=\"og:description\" content=\"Tout savoir sur le Bac 2025 : dates de la session de contr\u00f4le et taux de r\u00e9ussite des candidats.\" \/>\n<meta property=\"og:url\" content=\"https:\/\/www.webdo.tn\/fr\/actualite\/national\/tunisie-bac-2025-la-session-de-controle-demarre-ce-lundi\/378606\/\" \/>\n<meta property=\"og:site_name\" content=\"webdo\" \/>\n<meta property=\"article:publisher\" content=\"https:\/\/www.facebook.com\/webdotn\" \/>\n<meta property=\"article:published_time\" content=\"2025-06-29T11:51:54+00:00\" \/>\n<meta property=\"article:modified_time\" content=\"2025-06-30T08:51:03+00:00\" \/>\n<meta property=\"og:image\" content=\"https:\/\/www.webdo.tn\/fr\/wp-content\/uploads\/2025\/06\/bac-1.jpg\" \/>\n\t<meta property=\"og:image:width\" content=\"1200\" \/>\n\t<meta property=\"og:image:height\" content=\"600\" \/>\n\t<meta property=\"og:image:type\" content=\"image\/jpeg\" \/>\n<meta name=\"author\" content=\"Mohamed Hedi Touati\" \/>\n<meta name=\"twitter:card\" content=\"summary_large_image\" \/>\n<meta name=\"twitter:creator\" content=\"@webdo_tn\" \/>\n<meta name=\"twitter:site\" content=\"@webdo_tn\" \/>\n<meta name=\"twitter:label1\" content=\"\u00c9crit par\" \/>\n\t<meta name=\"twitter:data1\" content=\"Mohamed Hedi Touati\" \/>\n\t<meta name=\"twitter:label2\" content=\"Dur\u00e9e de lecture estim\u00e9e\" \/>\n\t<meta name=\"twitter:data2\" content=\"2 minutes\" \/>\n<script type=\"application\/ld+json\" class=\"yoast-schema-graph\">{\"@context\":\"https:\\\/\\\/schema.org\",\"@graph\":[{\"@type\":\"NewsArticle\",\"@id\":\"https:\\\/\\\/www.webdo.tn\\\/fr\\\/actualite\\\/national\\\/tunisie-bac-2025-la-session-de-controle-demarre-ce-lundi\\\/378606\\\/#article\",\"isPartOf\":{\"@id\":\"https:\\\/\\\/www.webdo.tn\\\/fr\\\/actualite\\\/national\\\/tunisie-bac-2025-la-session-de-controle-demarre-ce-lundi\\\/378606\\\/\"},\"author\":{\"name\":\"Mohamed Hedi Touati\",\"@id\":\"https:\\\/\\\/www.webdo.tn\\\/fr\\\/#\\\/schema\\\/person\\\/c652cd8fc2b1b44412b5ffb48c5a911d\"},\"headline\":\"Tunisie &#8211; Bac 2025 : La session de contr\u00f4le d\u00e9marre ce lundi\",\"datePublished\":\"2025-06-29T11:51:54+00:00\",\"dateModified\":\"2025-06-30T08:51:03+00:00\",\"mainEntityOfPage\":{\"@id\":\"https:\\\/\\\/www.webdo.tn\\\/fr\\\/actualite\\\/national\\\/tunisie-bac-2025-la-session-de-controle-demarre-ce-lundi\\\/378606\\\/\"},\"wordCount\":265,\"commentCount\":0,\"publisher\":{\"@id\":\"https:\\\/\\\/www.webdo.tn\\\/fr\\\/#organization\"},\"image\":{\"@id\":\"https:\\\/\\\/www.webdo.tn\\\/fr\\\/actualite\\\/national\\\/tunisie-bac-2025-la-session-de-controle-demarre-ce-lundi\\\/378606\\\/#primaryimage\"},\"thumbnailUrl\":\"https:\\\/\\\/www.webdo.tn\\\/fr\\\/wp-content\\\/uploads\\\/2025\\\/06\\\/bac-1.jpg\",\"keywords\":[\"bac 2025\",\"baccalaur\u00e9at 2025\",\"session de contr\u00f4le\",\"Tunisie\"],\"articleSection\":[\"National\"],\"inLanguage\":\"fr-FR\"},{\"@type\":\"WebPage\",\"@id\":\"https:\\\/\\\/www.webdo.tn\\\/fr\\\/actualite\\\/national\\\/tunisie-bac-2025-la-session-de-controle-demarre-ce-lundi\\\/378606\\\/\",\"url\":\"https:\\\/\\\/www.webdo.tn\\\/fr\\\/actualite\\\/national\\\/tunisie-bac-2025-la-session-de-controle-demarre-ce-lundi\\\/378606\\\/\",\"name\":\"Tunisie - Bac 2025 : La session de contr\u00f4le d\u00e9marre ce lundi - webdo\",\"isPartOf\":{\"@id\":\"https:\\\/\\\/www.webdo.tn\\\/fr\\\/#website\"},\"primaryImageOfPage\":{\"@id\":\"https:\\\/\\\/www.webdo.tn\\\/fr\\\/actualite\\\/national\\\/tunisie-bac-2025-la-session-de-controle-demarre-ce-lundi\\\/378606\\\/#primaryimage\"},\"image\":{\"@id\":\"https:\\\/\\\/www.webdo.tn\\\/fr\\\/actualite\\\/national\\\/tunisie-bac-2025-la-session-de-controle-demarre-ce-lundi\\\/378606\\\/#primaryimage\"},\"thumbnailUrl\":\"https:\\\/\\\/www.webdo.tn\\\/fr\\\/wp-content\\\/uploads\\\/2025\\\/06\\\/bac-1.jpg\",\"datePublished\":\"2025-06-29T11:51:54+00:00\",\"dateModified\":\"2025-06-30T08:51:03+00:00\",\"description\":\"Tout savoir sur le Bac 2025 : dates de la session de contr\u00f4le et taux de r\u00e9ussite des candidats.\",\"breadcrumb\":{\"@id\":\"https:\\\/\\\/www.webdo.tn\\\/fr\\\/actualite\\\/national\\\/tunisie-bac-2025-la-session-de-controle-demarre-ce-lundi\\\/378606\\\/#breadcrumb\"},\"inLanguage\":\"fr-FR\",\"potentialAction\":[{\"@type\":\"ReadAction\",\"target\":[\"https:\\\/\\\/www.webdo.tn\\\/fr\\\/actualite\\\/national\\\/tunisie-bac-2025-la-session-de-controle-demarre-ce-lundi\\\/378606\\\/\"]}]},{\"@type\":\"ImageObject\",\"inLanguage\":\"fr-FR\",\"@id\":\"https:\\\/\\\/www.webdo.tn\\\/fr\\\/actualite\\\/national\\\/tunisie-bac-2025-la-session-de-controle-demarre-ce-lundi\\\/378606\\\/#primaryimage\",\"url\":\"https:\\\/\\\/www.webdo.tn\\\/fr\\\/wp-content\\\/uploads\\\/2025\\\/06\\\/bac-1.jpg\",\"contentUrl\":\"https:\\\/\\\/www.webdo.tn\\\/fr\\\/wp-content\\\/uploads\\\/2025\\\/06\\\/bac-1.jpg\",\"width\":1200,\"height\":600,\"caption\":\"Baccalaur\u00e9at 2026 : Dispositif renforc\u00e9 pour les candidats en situation de handicap\"},{\"@type\":\"BreadcrumbList\",\"@id\":\"https:\\\/\\\/www.webdo.tn\\\/fr\\\/actualite\\\/national\\\/tunisie-bac-2025-la-session-de-controle-demarre-ce-lundi\\\/378606\\\/#breadcrumb\",\"itemListElement\":[{\"@type\":\"ListItem\",\"position\":1,\"name\":\"Accueil\",\"item\":\"https:\\\/\\\/www.webdo.tn\\\/fr\\\/\"},{\"@type\":\"ListItem\",\"position\":2,\"name\":\"Tunisie &#8211; Bac 2025 : La session de contr\u00f4le d\u00e9marre ce lundi\"}]},{\"@type\":\"WebSite\",\"@id\":\"https:\\\/\\\/www.webdo.tn\\\/fr\\\/#website\",\"url\":\"https:\\\/\\\/www.webdo.tn\\\/fr\\\/\",\"name\":\"webdo\",\"description\":\"Tunisie - News en Tunisie et \u00e0 l&#039;international sur Webdo.tn\",\"publisher\":{\"@id\":\"https:\\\/\\\/www.webdo.tn\\\/fr\\\/#organization\"},\"potentialAction\":[{\"@type\":\"SearchAction\",\"target\":{\"@type\":\"EntryPoint\",\"urlTemplate\":\"https:\\\/\\\/www.webdo.tn\\\/fr\\\/?s={search_term_string}\"},\"query-input\":{\"@type\":\"PropertyValueSpecification\",\"valueRequired\":true,\"valueName\":\"search_term_string\"}}],\"inLanguage\":\"fr-FR\"},{\"@type\":\"Organization\",\"@id\":\"https:\\\/\\\/www.webdo.tn\\\/fr\\\/#organization\",\"name\":\"Webdo\",\"alternateName\":\"Webdo.tn\",\"url\":\"https:\\\/\\\/www.webdo.tn\\\/fr\\\/\",\"logo\":{\"@type\":\"ImageObject\",\"inLanguage\":\"fr-FR\",\"@id\":\"https:\\\/\\\/www.webdo.tn\\\/fr\\\/#\\\/schema\\\/logo\\\/image\\\/\",\"url\":\"https:\\\/\\\/www.webdo.tn\\\/fr\\\/wp-content\\\/uploads\\\/2025\\\/06\\\/Webdo-Tunisie_168377.jpg\",\"contentUrl\":\"https:\\\/\\\/www.webdo.tn\\\/fr\\\/wp-content\\\/uploads\\\/2025\\\/06\\\/Webdo-Tunisie_168377.jpg\",\"width\":301,\"height\":301,\"caption\":\"Webdo\"},\"image\":{\"@id\":\"https:\\\/\\\/www.webdo.tn\\\/fr\\\/#\\\/schema\\\/logo\\\/image\\\/\"},\"sameAs\":[\"https:\\\/\\\/www.facebook.com\\\/webdotn\",\"https:\\\/\\\/x.com\\\/webdo_tn\"],\"description\":\"Webdo est un m\u00e9dia num\u00e9rique tunisien fond\u00e9 en 2010, sp\u00e9cialis\u00e9 dans l\u2019actualit\u00e9 nationale et internationale, l\u2019\u00e9conomie, la soci\u00e9t\u00e9 et les analyses politiques. Le site s\u2019adresse \u00e0 un large public francophone et couvre l\u2019information tunisienne en temps r\u00e9el.\",\"email\":\"redac@webdo.tn\",\"legalName\":\"YNJ SARL\",\"foundingDate\":\"2010-09-06\",\"numberOfEmployees\":{\"@type\":\"QuantitativeValue\",\"minValue\":\"11\",\"maxValue\":\"50\"}},{\"@type\":\"Person\",\"@id\":\"https:\\\/\\\/www.webdo.tn\\\/fr\\\/#\\\/schema\\\/person\\\/c652cd8fc2b1b44412b5ffb48c5a911d\",\"name\":\"Mohamed Hedi Touati\",\"image\":{\"@type\":\"ImageObject\",\"inLanguage\":\"fr-FR\",\"@id\":\"https:\\\/\\\/secure.gravatar.com\\\/avatar\\\/9cfd402c745b7a685f13eed0ea6e59d2144a3c2fc50a3db6fd5ed451f6cddf1a?s=96&d=mm&r=g\",\"url\":\"https:\\\/\\\/secure.gravatar.com\\\/avatar\\\/9cfd402c745b7a685f13eed0ea6e59d2144a3c2fc50a3db6fd5ed451f6cddf1a?s=96&d=mm&r=g\",\"contentUrl\":\"https:\\\/\\\/secure.gravatar.com\\\/avatar\\\/9cfd402c745b7a685f13eed0ea6e59d2144a3c2fc50a3db6fd5ed451f6cddf1a?s=96&d=mm&r=g\",\"caption\":\"Mohamed Hedi Touati\"},\"url\":\"https:\\\/\\\/www.webdo.tn\\\/fr\\\/actualite\\\/author\\\/mohamed-hedi-touati\\\/\"}]}<\/script>\n<!-- \/ Yoast SEO Premium plugin. -->","yoast_head_json":{"title":"Tunisie - Bac 2025 : La session de contr\u00f4le d\u00e9marre ce lundi - webdo","description":"Tout savoir sur le Bac 2025 : dates de la session de contr\u00f4le et taux de r\u00e9ussite des candidats.","canonical":"https:\/\/www.webdo.tn\/fr\/actualite\/national\/tunisie-bac-2025-la-session-de-controle-demarre-ce-lundi\/378606\/","og_locale":"fr_FR","og_type":"article","og_title":"Tunisie - Bac 2025 : La session de contr\u00f4le d\u00e9marre ce lundi","og_description":"Tout savoir sur le Bac 2025 : dates de la session de contr\u00f4le et taux de r\u00e9ussite des candidats.","og_url":"https:\/\/www.webdo.tn\/fr\/actualite\/national\/tunisie-bac-2025-la-session-de-controle-demarre-ce-lundi\/378606\/","og_site_name":"webdo","article_publisher":"https:\/\/www.facebook.com\/webdotn","article_published_time":"2025-06-29T11:51:54+00:00","article_modified_time":"2025-06-30T08:51:03+00:00","og_image":[{"width":1200,"height":600,"url":"https:\/\/www.webdo.tn\/fr\/wp-content\/uploads\/2025\/06\/bac-1.jpg","type":"image\/jpeg"}],"author":"Mohamed Hedi Touati","twitter_card":"summary_large_image","twitter_creator":"@webdo_tn","twitter_site":"@webdo_tn","twitter_misc":{"\u00c9crit par":"Mohamed Hedi Touati","Dur\u00e9e de lecture estim\u00e9e":"2 minutes"},"schema":{"@context":"https:\/\/schema.org","@graph":[{"@type":"NewsArticle","@id":"https:\/\/www.webdo.tn\/fr\/actualite\/national\/tunisie-bac-2025-la-session-de-controle-demarre-ce-lundi\/378606\/#article","isPartOf":{"@id":"https:\/\/www.webdo.tn\/fr\/actualite\/national\/tunisie-bac-2025-la-session-de-controle-demarre-ce-lundi\/378606\/"},"author":{"name":"Mohamed Hedi Touati","@id":"https:\/\/www.webdo.tn\/fr\/#\/schema\/person\/c652cd8fc2b1b44412b5ffb48c5a911d"},"headline":"Tunisie &#8211; Bac 2025 : La session de contr\u00f4le d\u00e9marre ce lundi","datePublished":"2025-06-29T11:51:54+00:00","dateModified":"2025-06-30T08:51:03+00:00","mainEntityOfPage":{"@id":"https:\/\/www.webdo.tn\/fr\/actualite\/national\/tunisie-bac-2025-la-session-de-controle-demarre-ce-lundi\/378606\/"},"wordCount":265,"commentCount":0,"publisher":{"@id":"https:\/\/www.webdo.tn\/fr\/#organization"},"image":{"@id":"https:\/\/www.webdo.tn\/fr\/actualite\/national\/tunisie-bac-2025-la-session-de-controle-demarre-ce-lundi\/378606\/#primaryimage"},"thumbnailUrl":"https:\/\/www.webdo.tn\/fr\/wp-content\/uploads\/2025\/06\/bac-1.jpg","keywords":["bac 2025","baccalaur\u00e9at 2025","session de contr\u00f4le","Tunisie"],"articleSection":["National"],"inLanguage":"fr-FR"},{"@type":"WebPage","@id":"https:\/\/www.webdo.tn\/fr\/actualite\/national\/tunisie-bac-2025-la-session-de-controle-demarre-ce-lundi\/378606\/","url":"https:\/\/www.webdo.tn\/fr\/actualite\/national\/tunisie-bac-2025-la-session-de-controle-demarre-ce-lundi\/378606\/","name":"Tunisie - Bac 2025 : La session de contr\u00f4le d\u00e9marre ce lundi - webdo","isPartOf":{"@id":"https:\/\/www.webdo.tn\/fr\/#website"},"primaryImageOfPage":{"@id":"https:\/\/www.webdo.tn\/fr\/actualite\/national\/tunisie-bac-2025-la-session-de-controle-demarre-ce-lundi\/378606\/#primaryimage"},"image":{"@id":"https:\/\/www.webdo.tn\/fr\/actualite\/national\/tunisie-bac-2025-la-session-de-controle-demarre-ce-lundi\/378606\/#primaryimage"},"thumbnailUrl":"https:\/\/www.webdo.tn\/fr\/wp-content\/uploads\/2025\/06\/bac-1.jpg","datePublished":"2025-06-29T11:51:54+00:00","dateModified":"2025-06-30T08:51:03+00:00","description":"Tout savoir sur le Bac 2025 : dates de la session de contr\u00f4le et taux de r\u00e9ussite des candidats.","breadcrumb":{"@id":"https:\/\/www.webdo.tn\/fr\/actualite\/national\/tunisie-bac-2025-la-session-de-controle-demarre-ce-lundi\/378606\/#breadcrumb"},"inLanguage":"fr-FR","potentialAction":[{"@type":"ReadAction","target":["https:\/\/www.webdo.tn\/fr\/actualite\/national\/tunisie-bac-2025-la-session-de-controle-demarre-ce-lundi\/378606\/"]}]},{"@type":"ImageObject","inLanguage":"fr-FR","@id":"https:\/\/www.webdo.tn\/fr\/actualite\/national\/tunisie-bac-2025-la-session-de-controle-demarre-ce-lundi\/378606\/#primaryimage","url":"https:\/\/www.webdo.tn\/fr\/wp-content\/uploads\/2025\/06\/bac-1.jpg","contentUrl":"https:\/\/www.webdo.tn\/fr\/wp-content\/uploads\/2025\/06\/bac-1.jpg","width":1200,"height":600,"caption":"Baccalaur\u00e9at 2026 : Dispositif renforc\u00e9 pour les candidats en situation de handicap"},{"@type":"BreadcrumbList","@id":"https:\/\/www.webdo.tn\/fr\/actualite\/national\/tunisie-bac-2025-la-session-de-controle-demarre-ce-lundi\/378606\/#breadcrumb","itemListElement":[{"@type":"ListItem","position":1,"name":"Accueil","item":"https:\/\/www.webdo.tn\/fr\/"},{"@type":"ListItem","position":2,"name":"Tunisie &#8211; Bac 2025 : La session de contr\u00f4le d\u00e9marre ce lundi"}]},{"@type":"WebSite","@id":"https:\/\/www.webdo.tn\/fr\/#website","url":"https:\/\/www.webdo.tn\/fr\/","name":"webdo","description":"Tunisie - News en Tunisie et \u00e0 l&#039;international sur Webdo.tn","publisher":{"@id":"https:\/\/www.webdo.tn\/fr\/#organization"},"potentialAction":[{"@type":"SearchAction","target":{"@type":"EntryPoint","urlTemplate":"https:\/\/www.webdo.tn\/fr\/?s={search_term_string}"},"query-input":{"@type":"PropertyValueSpecification","valueRequired":true,"valueName":"search_term_string"}}],"inLanguage":"fr-FR"},{"@type":"Organization","@id":"https:\/\/www.webdo.tn\/fr\/#organization","name":"Webdo","alternateName":"Webdo.tn","url":"https:\/\/www.webdo.tn\/fr\/","logo":{"@type":"ImageObject","inLanguage":"fr-FR","@id":"https:\/\/www.webdo.tn\/fr\/#\/schema\/logo\/image\/","url":"https:\/\/www.webdo.tn\/fr\/wp-content\/uploads\/2025\/06\/Webdo-Tunisie_168377.jpg","contentUrl":"https:\/\/www.webdo.tn\/fr\/wp-content\/uploads\/2025\/06\/Webdo-Tunisie_168377.jpg","width":301,"height":301,"caption":"Webdo"},"image":{"@id":"https:\/\/www.webdo.tn\/fr\/#\/schema\/logo\/image\/"},"sameAs":["https:\/\/www.facebook.com\/webdotn","https:\/\/x.com\/webdo_tn"],"description":"Webdo est un m\u00e9dia num\u00e9rique tunisien fond\u00e9 en 2010, sp\u00e9cialis\u00e9 dans l\u2019actualit\u00e9 nationale et internationale, l\u2019\u00e9conomie, la soci\u00e9t\u00e9 et les analyses politiques. Le site s\u2019adresse \u00e0 un large public francophone et couvre l\u2019information tunisienne en temps r\u00e9el.","email":"redac@webdo.tn","legalName":"YNJ SARL","foundingDate":"2010-09-06","numberOfEmployees":{"@type":"QuantitativeValue","minValue":"11","maxValue":"50"}},{"@type":"Person","@id":"https:\/\/www.webdo.tn\/fr\/#\/schema\/person\/c652cd8fc2b1b44412b5ffb48c5a911d","name":"Mohamed Hedi Touati","image":{"@type":"ImageObject","inLanguage":"fr-FR","@id":"https:\/\/secure.gravatar.com\/avatar\/9cfd402c745b7a685f13eed0ea6e59d2144a3c2fc50a3db6fd5ed451f6cddf1a?s=96&d=mm&r=g","url":"https:\/\/secure.gravatar.com\/avatar\/9cfd402c745b7a685f13eed0ea6e59d2144a3c2fc50a3db6fd5ed451f6cddf1a?s=96&d=mm&r=g","contentUrl":"https:\/\/secure.gravatar.com\/avatar\/9cfd402c745b7a685f13eed0ea6e59d2144a3c2fc50a3db6fd5ed451f6cddf1a?s=96&d=mm&r=g","caption":"Mohamed Hedi Touati"},"url":"https:\/\/www.webdo.tn\/fr\/actualite\/author\/mohamed-hedi-touati\/"}]}},"_links":{"self":[{"href":"https:\/\/www.webdo.tn\/fr\/wp-json\/wp\/v2\/posts\/378606","targetHints":{"allow":["GET"]}}],"collection":[{"href":"https:\/\/www.webdo.tn\/fr\/wp-json\/wp\/v2\/posts"}],"about":[{"href":"https:\/\/www.webdo.tn\/fr\/wp-json\/wp\/v2\/types\/post"}],"author":[{"embeddable":true,"href":"https:\/\/www.webdo.tn\/fr\/wp-json\/wp\/v2\/users\/3191"}],"replies":[{"embeddable":true,"href":"https:\/\/www.webdo.tn\/fr\/wp-json\/wp\/v2\/comments?post=378606"}],"version-history":[{"count":0,"href":"https:\/\/www.webdo.tn\/fr\/wp-json\/wp\/v2\/posts\/378606\/revisions"}],"wp:featuredmedia":[{"embeddable":true,"href":"https:\/\/www.webdo.tn\/fr\/wp-json\/wp\/v2\/media\/378607"}],"wp:attachment":[{"href":"https:\/\/www.webdo.tn\/fr\/wp-json\/wp\/v2\/media?parent=378606"}],"wp:term":[{"taxonomy":"category","embeddable":true,"href":"https:\/\/www.webdo.tn\/fr\/wp-json\/wp\/v2\/categories?post=378606"},{"taxonomy":"post_tag","embeddable":true,"href":"https:\/\/www.webdo.tn\/fr\/wp-json\/wp\/v2\/tags?post=378606"}],"curies":[{"name":"wp","href":"https:\/\/api.w.org\/{rel}","templated":true}]}}