{"id":378603,"date":"2025-06-29T11:22:28","date_gmt":"2025-06-29T10:22:28","guid":{"rendered":"https:\/\/www.webdo.tn\/fr\/?p=378603"},"modified":"2025-06-30T09:36:05","modified_gmt":"2025-06-30T08:36:05","slug":"tunisie-7000-jeunes-medecins-en-greve-a-partir-du-1er-juillet","status":"publish","type":"post","link":"https:\/\/www.webdo.tn\/fr\/actualite\/national\/tunisie-7000-jeunes-medecins-en-greve-a-partir-du-1er-juillet\/378603\/","title":{"rendered":"Tunisie\u00a0: 7000 jeunes m\u00e9decins en gr\u00e8ve \u00e0 partir du 1er juillet"},"content":{"rendered":"\n<p>La tension monte dans le secteur de la sant\u00e9 publique. \u00c0 partir du 1er juillet 2025, quelque 7000 m\u00e9decins r\u00e9sidents et internes entameront une gr\u00e8ve nationale, paralysant les services dans les h\u00f4pitaux publics. Cette nouvelle mobilisation fait suite \u00e0 une s\u00e9rie de protestations entam\u00e9es depuis avril, face \u00e0 des revendications professionnelles rest\u00e9es sans r\u00e9ponse.<\/p>\n\n\n\n<p>Selon Baha Eddine Rabei, vice-pr\u00e9sident de l\u2019Organisation tunisienne des jeunes m\u00e9decins, cette gr\u00e8ve s\u2019inscrit dans une dynamique de contestation croissante, aliment\u00e9e par l\u2019inaction du minist\u00e8re de la Sant\u00e9. Au c\u0153ur des revendications : une r\u00e9vision de la r\u00e9mun\u00e9ration des gardes de nuit, l\u2019exon\u00e9ration du service civil obligatoire, ainsi qu\u2019une revalorisation de la bourse mensuelle, jug\u00e9e d\u00e9risoire au regard de la charge de travail.<\/p>\n\n\n\n<p>La col\u00e8re s\u2019est accentu\u00e9e apr\u00e8s le boycott massif (\u00e0 plus de 95%) par pr\u00e8s de 6200 jeunes m\u00e9decins des choix de centres de stages propos\u00e9s \u00e0 cinq reprises par les autorit\u00e9s. Un geste fort que l\u2019organisation interpr\u00e8te comme une r\u00e9ponse \u00e0 l\u2019absence de dialogue s\u00e9rieux avec le minist\u00e8re.<\/p>\n\n\n\n<p>\u00ab Ces convocations r\u00e9p\u00e9t\u00e9es sont per\u00e7ues comme une tentative de diviser le mouvement \u00bb, explique Rabei, rappelant que la derni\u00e8re r\u00e9union tenue le 12 juin avec les repr\u00e9sentants de l\u2019\u00c9tat n\u2019a d\u00e9bouch\u00e9 sur aucun accord concret.<\/p>\n\n\n\n<p>Dans une publication en date du 26 juin, le pr\u00e9sident de l\u2019organisation, Wajih Dhokkar, a d\u00e9nonc\u00e9 sur Facebook la pr\u00e9carit\u00e9 mat\u00e9rielle des jeunes praticiens. Il \u00e9voque notamment une r\u00e9mun\u00e9ration horaire de 1 dinar pour les gardes, un salaire mensuel plafonn\u00e9 \u00e0 1500 dinars, et des frais de logement pouvant atteindre 700 dinars par mois, particuli\u00e8rement dans les villes c\u00f4ti\u00e8res o\u00f9 les jeunes m\u00e9decins sont r\u00e9guli\u00e8rement affect\u00e9s.<\/p>\n\n\n\n<p>Depuis plusieurs mois, les jeunes m\u00e9decins multiplient les actions : gr\u00e8ve le 21 avril, marche nationale le 2 mai, puis cinq jours de gr\u00e8ve en juin. La gr\u00e8ve annonc\u00e9e pour juillet s\u2019inscrit dans cette escalade et pourrait avoir un impact significatif sur le fonctionnement des h\u00f4pitaux publics si aucune solution rapide n\u2019est trouv\u00e9e.<\/p>\n","protected":false},"excerpt":{"rendered":"<p>La tension monte dans le secteur de la sant\u00e9 publique. \u00c0 partir du 1er juillet 2025, quelque 7000 m\u00e9decins r\u00e9sidents et internes entameront une gr\u00e8ve nationale, paralysant les services dans les h\u00f4pitaux publics. Cette nouvelle mobilisation fait suite \u00e0 une s\u00e9rie de protestations entam\u00e9es depuis avril, face \u00e0 des revendications professionnelles rest\u00e9es sans r\u00e9ponse. Selon [&hellip;]<\/p>\n","protected":false},"author":3191,"featured_media":378604,"comment_status":"open","ping_status":"open","sticky":false,"template":"","format":"standard","meta":{"footnotes":""},"categories":[44],"tags":[2647,2783,2608],"class_list":["post-378603","post","type-post","status-publish","format-standard","has-post-thumbnail","hentry","category-national","tag-greve","tag-jeunes-medecins","tag-tunisie"],"yoast_head":"<!-- This site is optimized with the Yoast SEO Premium plugin v27.4 (Yoast SEO v27.4) - https:\/\/yoast.com\/product\/yoast-seo-premium-wordpress\/ -->\n<title>Tunisie\u00a0: 7000 jeunes m\u00e9decins en gr\u00e8ve \u00e0 partir du 1er juillet - webdo<\/title>\n<meta name=\"description\" content=\"Les jeunes m\u00e9decins en gr\u00e8ve pour de meilleures conditions. Analyse des motivations derri\u00e8re ce mouvement de contestation.\" \/>\n<link rel=\"canonical\" href=\"https:\/\/www.webdo.tn\/fr\/actualite\/national\/tunisie-7000-jeunes-medecins-en-greve-a-partir-du-1er-juillet\/378603\/\" \/>\n<meta property=\"og:locale\" content=\"fr_FR\" \/>\n<meta property=\"og:type\" content=\"article\" \/>\n<meta property=\"og:title\" content=\"Tunisie\u00a0: 7000 jeunes m\u00e9decins en gr\u00e8ve \u00e0 partir du 1er juillet\" \/>\n<meta property=\"og:description\" content=\"Les jeunes m\u00e9decins en gr\u00e8ve pour de meilleures conditions. Analyse des motivations derri\u00e8re ce mouvement de contestation.\" \/>\n<meta property=\"og:url\" content=\"https:\/\/www.webdo.tn\/fr\/actualite\/national\/tunisie-7000-jeunes-medecins-en-greve-a-partir-du-1er-juillet\/378603\/\" \/>\n<meta property=\"og:site_name\" content=\"webdo\" \/>\n<meta property=\"article:publisher\" content=\"https:\/\/www.facebook.com\/webdotn\" \/>\n<meta property=\"article:published_time\" content=\"2025-06-29T10:22:28+00:00\" \/>\n<meta property=\"article:modified_time\" content=\"2025-06-30T08:36:05+00:00\" \/>\n<meta property=\"og:image\" content=\"https:\/\/www.webdo.tn\/fr\/wp-content\/uploads\/2025\/06\/Jeunes-medecins-1.jpg\" \/>\n\t<meta property=\"og:image:width\" content=\"750\" \/>\n\t<meta property=\"og:image:height\" content=\"400\" \/>\n\t<meta property=\"og:image:type\" content=\"image\/jpeg\" \/>\n<meta name=\"author\" content=\"Mohamed Hedi Touati\" \/>\n<meta name=\"twitter:card\" content=\"summary_large_image\" \/>\n<meta name=\"twitter:creator\" content=\"@webdo_tn\" \/>\n<meta name=\"twitter:site\" content=\"@webdo_tn\" \/>\n<meta name=\"twitter:label1\" content=\"\u00c9crit par\" \/>\n\t<meta name=\"twitter:data1\" content=\"Mohamed Hedi Touati\" \/>\n\t<meta name=\"twitter:label2\" content=\"Dur\u00e9e de lecture estim\u00e9e\" \/>\n\t<meta name=\"twitter:data2\" content=\"2 minutes\" \/>\n<script type=\"application\/ld+json\" class=\"yoast-schema-graph\">{\"@context\":\"https:\\\/\\\/schema.org\",\"@graph\":[{\"@type\":\"NewsArticle\",\"@id\":\"https:\\\/\\\/www.webdo.tn\\\/fr\\\/actualite\\\/national\\\/tunisie-7000-jeunes-medecins-en-greve-a-partir-du-1er-juillet\\\/378603\\\/#article\",\"isPartOf\":{\"@id\":\"https:\\\/\\\/www.webdo.tn\\\/fr\\\/actualite\\\/national\\\/tunisie-7000-jeunes-medecins-en-greve-a-partir-du-1er-juillet\\\/378603\\\/\"},\"author\":{\"name\":\"Mohamed Hedi Touati\",\"@id\":\"https:\\\/\\\/www.webdo.tn\\\/fr\\\/#\\\/schema\\\/person\\\/c652cd8fc2b1b44412b5ffb48c5a911d\"},\"headline\":\"Tunisie\u00a0: 7000 jeunes m\u00e9decins en gr\u00e8ve \u00e0 partir du 1er juillet\",\"datePublished\":\"2025-06-29T10:22:28+00:00\",\"dateModified\":\"2025-06-30T08:36:05+00:00\",\"mainEntityOfPage\":{\"@id\":\"https:\\\/\\\/www.webdo.tn\\\/fr\\\/actualite\\\/national\\\/tunisie-7000-jeunes-medecins-en-greve-a-partir-du-1er-juillet\\\/378603\\\/\"},\"wordCount\":381,\"commentCount\":0,\"publisher\":{\"@id\":\"https:\\\/\\\/www.webdo.tn\\\/fr\\\/#organization\"},\"image\":{\"@id\":\"https:\\\/\\\/www.webdo.tn\\\/fr\\\/actualite\\\/national\\\/tunisie-7000-jeunes-medecins-en-greve-a-partir-du-1er-juillet\\\/378603\\\/#primaryimage\"},\"thumbnailUrl\":\"https:\\\/\\\/www.webdo.tn\\\/fr\\\/wp-content\\\/uploads\\\/2025\\\/06\\\/Jeunes-medecins-1.jpg\",\"keywords\":[\"Gr\u00e8ve\",\"jeunes m\u00e9decins\",\"Tunisie\"],\"articleSection\":[\"National\"],\"inLanguage\":\"fr-FR\"},{\"@type\":\"WebPage\",\"@id\":\"https:\\\/\\\/www.webdo.tn\\\/fr\\\/actualite\\\/national\\\/tunisie-7000-jeunes-medecins-en-greve-a-partir-du-1er-juillet\\\/378603\\\/\",\"url\":\"https:\\\/\\\/www.webdo.tn\\\/fr\\\/actualite\\\/national\\\/tunisie-7000-jeunes-medecins-en-greve-a-partir-du-1er-juillet\\\/378603\\\/\",\"name\":\"Tunisie\u00a0: 7000 jeunes m\u00e9decins en gr\u00e8ve \u00e0 partir du 1er juillet - webdo\",\"isPartOf\":{\"@id\":\"https:\\\/\\\/www.webdo.tn\\\/fr\\\/#website\"},\"primaryImageOfPage\":{\"@id\":\"https:\\\/\\\/www.webdo.tn\\\/fr\\\/actualite\\\/national\\\/tunisie-7000-jeunes-medecins-en-greve-a-partir-du-1er-juillet\\\/378603\\\/#primaryimage\"},\"image\":{\"@id\":\"https:\\\/\\\/www.webdo.tn\\\/fr\\\/actualite\\\/national\\\/tunisie-7000-jeunes-medecins-en-greve-a-partir-du-1er-juillet\\\/378603\\\/#primaryimage\"},\"thumbnailUrl\":\"https:\\\/\\\/www.webdo.tn\\\/fr\\\/wp-content\\\/uploads\\\/2025\\\/06\\\/Jeunes-medecins-1.jpg\",\"datePublished\":\"2025-06-29T10:22:28+00:00\",\"dateModified\":\"2025-06-30T08:36:05+00:00\",\"description\":\"Les jeunes m\u00e9decins en gr\u00e8ve pour de meilleures conditions. Analyse des motivations derri\u00e8re ce mouvement de contestation.\",\"breadcrumb\":{\"@id\":\"https:\\\/\\\/www.webdo.tn\\\/fr\\\/actualite\\\/national\\\/tunisie-7000-jeunes-medecins-en-greve-a-partir-du-1er-juillet\\\/378603\\\/#breadcrumb\"},\"inLanguage\":\"fr-FR\",\"potentialAction\":[{\"@type\":\"ReadAction\",\"target\":[\"https:\\\/\\\/www.webdo.tn\\\/fr\\\/actualite\\\/national\\\/tunisie-7000-jeunes-medecins-en-greve-a-partir-du-1er-juillet\\\/378603\\\/\"]}]},{\"@type\":\"ImageObject\",\"inLanguage\":\"fr-FR\",\"@id\":\"https:\\\/\\\/www.webdo.tn\\\/fr\\\/actualite\\\/national\\\/tunisie-7000-jeunes-medecins-en-greve-a-partir-du-1er-juillet\\\/378603\\\/#primaryimage\",\"url\":\"https:\\\/\\\/www.webdo.tn\\\/fr\\\/wp-content\\\/uploads\\\/2025\\\/06\\\/Jeunes-medecins-1.jpg\",\"contentUrl\":\"https:\\\/\\\/www.webdo.tn\\\/fr\\\/wp-content\\\/uploads\\\/2025\\\/06\\\/Jeunes-medecins-1.jpg\",\"width\":750,\"height\":400,\"caption\":\"Tunisie : 7000 jeunes m\u00e9decins en gr\u00e8ve \u00e0 partir du 1er juillet\"},{\"@type\":\"BreadcrumbList\",\"@id\":\"https:\\\/\\\/www.webdo.tn\\\/fr\\\/actualite\\\/national\\\/tunisie-7000-jeunes-medecins-en-greve-a-partir-du-1er-juillet\\\/378603\\\/#breadcrumb\",\"itemListElement\":[{\"@type\":\"ListItem\",\"position\":1,\"name\":\"Accueil\",\"item\":\"https:\\\/\\\/www.webdo.tn\\\/fr\\\/\"},{\"@type\":\"ListItem\",\"position\":2,\"name\":\"Tunisie\u00a0: 7000 jeunes m\u00e9decins en gr\u00e8ve \u00e0 partir du 1er juillet\"}]},{\"@type\":\"WebSite\",\"@id\":\"https:\\\/\\\/www.webdo.tn\\\/fr\\\/#website\",\"url\":\"https:\\\/\\\/www.webdo.tn\\\/fr\\\/\",\"name\":\"webdo\",\"description\":\"Tunisie - News en Tunisie et \u00e0 l&#039;international sur Webdo.tn\",\"publisher\":{\"@id\":\"https:\\\/\\\/www.webdo.tn\\\/fr\\\/#organization\"},\"potentialAction\":[{\"@type\":\"SearchAction\",\"target\":{\"@type\":\"EntryPoint\",\"urlTemplate\":\"https:\\\/\\\/www.webdo.tn\\\/fr\\\/?s={search_term_string}\"},\"query-input\":{\"@type\":\"PropertyValueSpecification\",\"valueRequired\":true,\"valueName\":\"search_term_string\"}}],\"inLanguage\":\"fr-FR\"},{\"@type\":\"Organization\",\"@id\":\"https:\\\/\\\/www.webdo.tn\\\/fr\\\/#organization\",\"name\":\"Webdo\",\"alternateName\":\"Webdo.tn\",\"url\":\"https:\\\/\\\/www.webdo.tn\\\/fr\\\/\",\"logo\":{\"@type\":\"ImageObject\",\"inLanguage\":\"fr-FR\",\"@id\":\"https:\\\/\\\/www.webdo.tn\\\/fr\\\/#\\\/schema\\\/logo\\\/image\\\/\",\"url\":\"https:\\\/\\\/www.webdo.tn\\\/fr\\\/wp-content\\\/uploads\\\/2025\\\/06\\\/Webdo-Tunisie_168377.jpg\",\"contentUrl\":\"https:\\\/\\\/www.webdo.tn\\\/fr\\\/wp-content\\\/uploads\\\/2025\\\/06\\\/Webdo-Tunisie_168377.jpg\",\"width\":301,\"height\":301,\"caption\":\"Webdo\"},\"image\":{\"@id\":\"https:\\\/\\\/www.webdo.tn\\\/fr\\\/#\\\/schema\\\/logo\\\/image\\\/\"},\"sameAs\":[\"https:\\\/\\\/www.facebook.com\\\/webdotn\",\"https:\\\/\\\/x.com\\\/webdo_tn\"],\"description\":\"Webdo est un m\u00e9dia num\u00e9rique tunisien fond\u00e9 en 2010, sp\u00e9cialis\u00e9 dans l\u2019actualit\u00e9 nationale et internationale, l\u2019\u00e9conomie, la soci\u00e9t\u00e9 et les analyses politiques. Le site s\u2019adresse \u00e0 un large public francophone et couvre l\u2019information tunisienne en temps r\u00e9el.\",\"email\":\"redac@webdo.tn\",\"legalName\":\"YNJ SARL\",\"foundingDate\":\"2010-09-06\",\"numberOfEmployees\":{\"@type\":\"QuantitativeValue\",\"minValue\":\"11\",\"maxValue\":\"50\"}},{\"@type\":\"Person\",\"@id\":\"https:\\\/\\\/www.webdo.tn\\\/fr\\\/#\\\/schema\\\/person\\\/c652cd8fc2b1b44412b5ffb48c5a911d\",\"name\":\"Mohamed Hedi Touati\",\"image\":{\"@type\":\"ImageObject\",\"inLanguage\":\"fr-FR\",\"@id\":\"https:\\\/\\\/secure.gravatar.com\\\/avatar\\\/9cfd402c745b7a685f13eed0ea6e59d2144a3c2fc50a3db6fd5ed451f6cddf1a?s=96&d=mm&r=g\",\"url\":\"https:\\\/\\\/secure.gravatar.com\\\/avatar\\\/9cfd402c745b7a685f13eed0ea6e59d2144a3c2fc50a3db6fd5ed451f6cddf1a?s=96&d=mm&r=g\",\"contentUrl\":\"https:\\\/\\\/secure.gravatar.com\\\/avatar\\\/9cfd402c745b7a685f13eed0ea6e59d2144a3c2fc50a3db6fd5ed451f6cddf1a?s=96&d=mm&r=g\",\"caption\":\"Mohamed Hedi Touati\"},\"url\":\"https:\\\/\\\/www.webdo.tn\\\/fr\\\/actualite\\\/author\\\/mohamed-hedi-touati\\\/\"}]}<\/script>\n<!-- \/ Yoast SEO Premium plugin. -->","yoast_head_json":{"title":"Tunisie\u00a0: 7000 jeunes m\u00e9decins en gr\u00e8ve \u00e0 partir du 1er juillet - webdo","description":"Les jeunes m\u00e9decins en gr\u00e8ve pour de meilleures conditions. Analyse des motivations derri\u00e8re ce mouvement de contestation.","canonical":"https:\/\/www.webdo.tn\/fr\/actualite\/national\/tunisie-7000-jeunes-medecins-en-greve-a-partir-du-1er-juillet\/378603\/","og_locale":"fr_FR","og_type":"article","og_title":"Tunisie\u00a0: 7000 jeunes m\u00e9decins en gr\u00e8ve \u00e0 partir du 1er juillet","og_description":"Les jeunes m\u00e9decins en gr\u00e8ve pour de meilleures conditions. Analyse des motivations derri\u00e8re ce mouvement de contestation.","og_url":"https:\/\/www.webdo.tn\/fr\/actualite\/national\/tunisie-7000-jeunes-medecins-en-greve-a-partir-du-1er-juillet\/378603\/","og_site_name":"webdo","article_publisher":"https:\/\/www.facebook.com\/webdotn","article_published_time":"2025-06-29T10:22:28+00:00","article_modified_time":"2025-06-30T08:36:05+00:00","og_image":[{"width":750,"height":400,"url":"https:\/\/www.webdo.tn\/fr\/wp-content\/uploads\/2025\/06\/Jeunes-medecins-1.jpg","type":"image\/jpeg"}],"author":"Mohamed Hedi Touati","twitter_card":"summary_large_image","twitter_creator":"@webdo_tn","twitter_site":"@webdo_tn","twitter_misc":{"\u00c9crit par":"Mohamed Hedi Touati","Dur\u00e9e de lecture estim\u00e9e":"2 minutes"},"schema":{"@context":"https:\/\/schema.org","@graph":[{"@type":"NewsArticle","@id":"https:\/\/www.webdo.tn\/fr\/actualite\/national\/tunisie-7000-jeunes-medecins-en-greve-a-partir-du-1er-juillet\/378603\/#article","isPartOf":{"@id":"https:\/\/www.webdo.tn\/fr\/actualite\/national\/tunisie-7000-jeunes-medecins-en-greve-a-partir-du-1er-juillet\/378603\/"},"author":{"name":"Mohamed Hedi Touati","@id":"https:\/\/www.webdo.tn\/fr\/#\/schema\/person\/c652cd8fc2b1b44412b5ffb48c5a911d"},"headline":"Tunisie\u00a0: 7000 jeunes m\u00e9decins en gr\u00e8ve \u00e0 partir du 1er juillet","datePublished":"2025-06-29T10:22:28+00:00","dateModified":"2025-06-30T08:36:05+00:00","mainEntityOfPage":{"@id":"https:\/\/www.webdo.tn\/fr\/actualite\/national\/tunisie-7000-jeunes-medecins-en-greve-a-partir-du-1er-juillet\/378603\/"},"wordCount":381,"commentCount":0,"publisher":{"@id":"https:\/\/www.webdo.tn\/fr\/#organization"},"image":{"@id":"https:\/\/www.webdo.tn\/fr\/actualite\/national\/tunisie-7000-jeunes-medecins-en-greve-a-partir-du-1er-juillet\/378603\/#primaryimage"},"thumbnailUrl":"https:\/\/www.webdo.tn\/fr\/wp-content\/uploads\/2025\/06\/Jeunes-medecins-1.jpg","keywords":["Gr\u00e8ve","jeunes m\u00e9decins","Tunisie"],"articleSection":["National"],"inLanguage":"fr-FR"},{"@type":"WebPage","@id":"https:\/\/www.webdo.tn\/fr\/actualite\/national\/tunisie-7000-jeunes-medecins-en-greve-a-partir-du-1er-juillet\/378603\/","url":"https:\/\/www.webdo.tn\/fr\/actualite\/national\/tunisie-7000-jeunes-medecins-en-greve-a-partir-du-1er-juillet\/378603\/","name":"Tunisie\u00a0: 7000 jeunes m\u00e9decins en gr\u00e8ve \u00e0 partir du 1er juillet - webdo","isPartOf":{"@id":"https:\/\/www.webdo.tn\/fr\/#website"},"primaryImageOfPage":{"@id":"https:\/\/www.webdo.tn\/fr\/actualite\/national\/tunisie-7000-jeunes-medecins-en-greve-a-partir-du-1er-juillet\/378603\/#primaryimage"},"image":{"@id":"https:\/\/www.webdo.tn\/fr\/actualite\/national\/tunisie-7000-jeunes-medecins-en-greve-a-partir-du-1er-juillet\/378603\/#primaryimage"},"thumbnailUrl":"https:\/\/www.webdo.tn\/fr\/wp-content\/uploads\/2025\/06\/Jeunes-medecins-1.jpg","datePublished":"2025-06-29T10:22:28+00:00","dateModified":"2025-06-30T08:36:05+00:00","description":"Les jeunes m\u00e9decins en gr\u00e8ve pour de meilleures conditions. Analyse des motivations derri\u00e8re ce mouvement de contestation.","breadcrumb":{"@id":"https:\/\/www.webdo.tn\/fr\/actualite\/national\/tunisie-7000-jeunes-medecins-en-greve-a-partir-du-1er-juillet\/378603\/#breadcrumb"},"inLanguage":"fr-FR","potentialAction":[{"@type":"ReadAction","target":["https:\/\/www.webdo.tn\/fr\/actualite\/national\/tunisie-7000-jeunes-medecins-en-greve-a-partir-du-1er-juillet\/378603\/"]}]},{"@type":"ImageObject","inLanguage":"fr-FR","@id":"https:\/\/www.webdo.tn\/fr\/actualite\/national\/tunisie-7000-jeunes-medecins-en-greve-a-partir-du-1er-juillet\/378603\/#primaryimage","url":"https:\/\/www.webdo.tn\/fr\/wp-content\/uploads\/2025\/06\/Jeunes-medecins-1.jpg","contentUrl":"https:\/\/www.webdo.tn\/fr\/wp-content\/uploads\/2025\/06\/Jeunes-medecins-1.jpg","width":750,"height":400,"caption":"Tunisie : 7000 jeunes m\u00e9decins en gr\u00e8ve \u00e0 partir du 1er juillet"},{"@type":"BreadcrumbList","@id":"https:\/\/www.webdo.tn\/fr\/actualite\/national\/tunisie-7000-jeunes-medecins-en-greve-a-partir-du-1er-juillet\/378603\/#breadcrumb","itemListElement":[{"@type":"ListItem","position":1,"name":"Accueil","item":"https:\/\/www.webdo.tn\/fr\/"},{"@type":"ListItem","position":2,"name":"Tunisie\u00a0: 7000 jeunes m\u00e9decins en gr\u00e8ve \u00e0 partir du 1er juillet"}]},{"@type":"WebSite","@id":"https:\/\/www.webdo.tn\/fr\/#website","url":"https:\/\/www.webdo.tn\/fr\/","name":"webdo","description":"Tunisie - News en Tunisie et \u00e0 l&#039;international sur Webdo.tn","publisher":{"@id":"https:\/\/www.webdo.tn\/fr\/#organization"},"potentialAction":[{"@type":"SearchAction","target":{"@type":"EntryPoint","urlTemplate":"https:\/\/www.webdo.tn\/fr\/?s={search_term_string}"},"query-input":{"@type":"PropertyValueSpecification","valueRequired":true,"valueName":"search_term_string"}}],"inLanguage":"fr-FR"},{"@type":"Organization","@id":"https:\/\/www.webdo.tn\/fr\/#organization","name":"Webdo","alternateName":"Webdo.tn","url":"https:\/\/www.webdo.tn\/fr\/","logo":{"@type":"ImageObject","inLanguage":"fr-FR","@id":"https:\/\/www.webdo.tn\/fr\/#\/schema\/logo\/image\/","url":"https:\/\/www.webdo.tn\/fr\/wp-content\/uploads\/2025\/06\/Webdo-Tunisie_168377.jpg","contentUrl":"https:\/\/www.webdo.tn\/fr\/wp-content\/uploads\/2025\/06\/Webdo-Tunisie_168377.jpg","width":301,"height":301,"caption":"Webdo"},"image":{"@id":"https:\/\/www.webdo.tn\/fr\/#\/schema\/logo\/image\/"},"sameAs":["https:\/\/www.facebook.com\/webdotn","https:\/\/x.com\/webdo_tn"],"description":"Webdo est un m\u00e9dia num\u00e9rique tunisien fond\u00e9 en 2010, sp\u00e9cialis\u00e9 dans l\u2019actualit\u00e9 nationale et internationale, l\u2019\u00e9conomie, la soci\u00e9t\u00e9 et les analyses politiques. Le site s\u2019adresse \u00e0 un large public francophone et couvre l\u2019information tunisienne en temps r\u00e9el.","email":"redac@webdo.tn","legalName":"YNJ SARL","foundingDate":"2010-09-06","numberOfEmployees":{"@type":"QuantitativeValue","minValue":"11","maxValue":"50"}},{"@type":"Person","@id":"https:\/\/www.webdo.tn\/fr\/#\/schema\/person\/c652cd8fc2b1b44412b5ffb48c5a911d","name":"Mohamed Hedi Touati","image":{"@type":"ImageObject","inLanguage":"fr-FR","@id":"https:\/\/secure.gravatar.com\/avatar\/9cfd402c745b7a685f13eed0ea6e59d2144a3c2fc50a3db6fd5ed451f6cddf1a?s=96&d=mm&r=g","url":"https:\/\/secure.gravatar.com\/avatar\/9cfd402c745b7a685f13eed0ea6e59d2144a3c2fc50a3db6fd5ed451f6cddf1a?s=96&d=mm&r=g","contentUrl":"https:\/\/secure.gravatar.com\/avatar\/9cfd402c745b7a685f13eed0ea6e59d2144a3c2fc50a3db6fd5ed451f6cddf1a?s=96&d=mm&r=g","caption":"Mohamed Hedi Touati"},"url":"https:\/\/www.webdo.tn\/fr\/actualite\/author\/mohamed-hedi-touati\/"}]}},"_links":{"self":[{"href":"https:\/\/www.webdo.tn\/fr\/wp-json\/wp\/v2\/posts\/378603","targetHints":{"allow":["GET"]}}],"collection":[{"href":"https:\/\/www.webdo.tn\/fr\/wp-json\/wp\/v2\/posts"}],"about":[{"href":"https:\/\/www.webdo.tn\/fr\/wp-json\/wp\/v2\/types\/post"}],"author":[{"embeddable":true,"href":"https:\/\/www.webdo.tn\/fr\/wp-json\/wp\/v2\/users\/3191"}],"replies":[{"embeddable":true,"href":"https:\/\/www.webdo.tn\/fr\/wp-json\/wp\/v2\/comments?post=378603"}],"version-history":[{"count":0,"href":"https:\/\/www.webdo.tn\/fr\/wp-json\/wp\/v2\/posts\/378603\/revisions"}],"wp:featuredmedia":[{"embeddable":true,"href":"https:\/\/www.webdo.tn\/fr\/wp-json\/wp\/v2\/media\/378604"}],"wp:attachment":[{"href":"https:\/\/www.webdo.tn\/fr\/wp-json\/wp\/v2\/media?parent=378603"}],"wp:term":[{"taxonomy":"category","embeddable":true,"href":"https:\/\/www.webdo.tn\/fr\/wp-json\/wp\/v2\/categories?post=378603"},{"taxonomy":"post_tag","embeddable":true,"href":"https:\/\/www.webdo.tn\/fr\/wp-json\/wp\/v2\/tags?post=378603"}],"curies":[{"name":"wp","href":"https:\/\/api.w.org\/{rel}","templated":true}]}}