{"id":378596,"date":"2025-06-29T10:35:44","date_gmt":"2025-06-29T09:35:44","guid":{"rendered":"https:\/\/www.webdo.tn\/fr\/?p=378596"},"modified":"2025-06-30T09:08:24","modified_gmt":"2025-06-30T08:08:24","slug":"hammamet-sapprete-a-vibrer-36-spectacles-33-soirees-15-pays-a-lhonneur","status":"publish","type":"post","link":"https:\/\/www.webdo.tn\/fr\/actualite\/culture\/hammamet-sapprete-a-vibrer-36-spectacles-33-soirees-15-pays-a-lhonneur\/378596\/","title":{"rendered":"Hammamet s\u2019appr\u00eate \u00e0 vibrer : 36 spectacles, 33 soir\u00e9es, 15 pays \u00e0 l\u2019honneur"},"content":{"rendered":"\n<p><strong>Le rideau se l\u00e8vera le 11 juillet 2025 sur la 59e \u00e9dition du Festival International de Hammamet (FIH), qui se tiendra jusqu\u2019au 13 ao\u00fbt au Centre Culturel International de Hammamet. Plac\u00e9e sous le signe de la diversit\u00e9 et de la cr\u00e9ation, cette \u00e9dition \u2013 organis\u00e9e sous le slogan \u00ab Continuous Vibes \u00bb \u2013 proposera 36 spectacles r\u00e9partis sur 33 soir\u00e9es, avec des artistes venus de 15 pays des cinq continents.<\/strong><\/p>\n\n\n\n<p>La soir\u00e9e d\u2019ouverture sera marqu\u00e9e par la pr\u00e9sentation de \u00ab Ragouj \u00bb, adaptation sc\u00e9nique de la s\u00e9rie t\u00e9l\u00e9vis\u00e9e ramadanesque \u00e9ponyme. Mise en sc\u00e8ne par Abdelhamid Bouchnak, sur une composition musicale de Hamza Bouchnak, la com\u00e9die musicale r\u00e9unira un orchestre de 40 musiciens et des chor\u00e9graphies sign\u00e9es Oumaima Mana\u00ef. Cette premi\u00e8re soir\u00e9e rendra hommage au rappeur Kafon (Ahmed Laabidi), figure embl\u00e9matique de la sc\u00e8ne musicale tunisienne, r\u00e9cemment disparu.<\/p>\n\n\n\n<p>Le FIH 2025 promet une programmation musicale \u00e9clectique, m\u00ealant tarab classique, jazz, ra\u00ef, flamenco, gnawa, \u00e9lectro, salsa, musiques africaines, symphonique et pop urbaine. Le public pourra retrouver de grands noms comme Lotfi Bouchnak, Saber Rebai, Balti, Ghazi Ayadi (Tunisie), Wael Jassar (Liban), Cheb Mami (Alg\u00e9rie), Nass El Ghiwane (Maroc), Noel Kharman (Palestine), Na\u00efka (Ha\u00efti-France), Yuri Buenaventura (Colombie) ou encore Bassekou Kouyat\u00e9 (Mali).<\/p>\n\n\n\n<p>Le th\u00e9\u00e2tre tunisien occupera une place de choix avec quatre cr\u00e9ations majeures, dont \u00ab M\u00e8re des pays \u00bb de Hafedh Khalifa, une fresque historique sur Abou Zakaria El Hafsi, \u00ab Ad Vitam \u00bb de Leila Toubel, \u00ab Au violon \u00bb de Fadhel Jaziri, et \u00ab La Dame de Kerkoine \u00bb de Wajdi Gaidi et Houssem Sahli, qui revisite l\u2019histoire punique en langue ph\u00e9nicienne.<\/p>\n\n\n\n<p>Le spectacle \u00ab Arboune \u00bb d\u2019Imed Jemaa viendra explorer la condition de l\u2019artiste dans l\u2019apr\u00e8s-Covid. D\u2019autres projets contemporains novateurs, comme \u00ab Sinouj Odyssey \u00bb de Benjemy, \u00ab Osool \u00bb de Yacine Boular\u00e8s, et \u00ab 24 Parfums \u2013 Les \u00c9toiles Symphoniques \u00bb de Mohamed Ali Kammoun, illustrent l\u2019ouverture du festival \u00e0 l\u2019innovation artistique.<\/p>\n\n\n\n<p>Une soir\u00e9e sp\u00e9ciale intitul\u00e9e \u00ab Symphonica \u00bb rendra hommage \u00e0 des ic\u00f4nes de la chanson fran\u00e7aise telles que Dalida, Aznavour et \u00c9dith Piaf, avec les voix de la Tunisienne Zeineb Oueslati et du Fran\u00e7ais Philippe Cavaill\u00e9.<\/p>\n\n\n\n<p>Le festival s\u2019ach\u00e8vera le 13 ao\u00fbt, date symbolique de la Journ\u00e9e nationale de la femme tunisienne, avec un concert de Nabiha Karaouli en hommage \u00e0 la femme, dans un esprit tarabique et engag\u00e9.<\/p>\n\n\n\n<p>Cette ann\u00e9e, les billets sont exclusivement disponibles en ligne, via le site officiel du festival : <a href=\"https:\/\/festivaldehammamet.com\/\">festivaldehammamet.com<\/a><\/p>\n\n\n\n<p><strong>PROGRAMME<\/strong><\/p>\n\n\n\n<ul class=\"wp-block-list\">\n<li>11 juillet : \u00ab Ragouj \u2013 Le Spectacle \u00bb &#8211; Abdelhamid Bouchnak et Hamza Bouchnak<br>(Tunisie)<\/li>\n\n\n\n<li>12 juillet : \u00ab\u00a0La Nuit Des Chefs\u00a0\u00bb &#8211; Th\u00e9\u00e2tre de l\u2019Op\u00e9ra de Tunis &#8211; P\u00f4le Musique et Op\u00e9ra &#8211; L&rsquo;Orchestre Symphonique Tunisien (Tunisie)<\/li>\n\n\n\n<li>13 juillet : Hind Ennaira (Maroc) &#8211; Djazia Satour (Alg\u00e9rie)<\/li>\n\n\n\n<li>14 juillet : Na\u00efka (Ha\u00efti &#8211; France)<\/li>\n\n\n\n<li>15 juillet : RUST (Syrie \/ Liban) &#8211; Alsarah and The Nubatones (Soudan)<\/li>\n\n\n\n<li>16 juillet : \u00a0\u00bb M\u00e8re des pays\u00a0\u00bb &#8211; Hafedh Khalifa (Tunisie)<\/li>\n\n\n\n<li>17 juillet : \u00ab\u00a0Jathb\u00a0\u00bb (Tunisie) &#8211; Soudeni (Tunisie)<\/li>\n\n\n\n<li>18 juillet : \u00ab\u00a0Ad Vitam\u00a0\u00bb de Leila Toubel (Tunisie)<\/li>\n\n\n\n<li>19 juillet : Yuri Buenaventura (Colombie)<\/li>\n\n\n\n<li>20 juillet : No\u00ebl Kharman (Palestine)<\/li>\n\n\n\n<li>21 juillet : \u00ab\u00a0Sinouj &#8211; Odyssey\u00a0\u00bb Benjemy (Tunisie)<\/li>\n\n\n\n<li>22 juillet : \u00ab\u00a0Dialogue des cordes 2\u00a0\u00bb Kamel Ferjani (Tunisie)<\/li>\n\n\n\n<li>23 juillet : Addict Ameba (Italie)<\/li>\n\n\n\n<li>24 juillet : Siilawy (Jordanie)<\/li>\n\n\n\n<li>25 juillet : \u00ab\u00a024 Parfums \u2013 Les Etoiles Symphoniques\u00a0\u00bb Mohamed Ali Kammoun (Tunisie)<\/li>\n\n\n\n<li>26 juillet : Wael Jassar (Liban)<\/li>\n\n\n\n<li>27 juillet :\u00a0 Nass El Ghiwane (Maroc)<\/li>\n\n\n\n<li>28 juillet : \u00ab\u00a0La Dame de Kerkoine\u00a0\u00bb Wajdi Gaidi et Houssem Sahli (Tunisie)<\/li>\n\n\n\n<li>29 juillet : Al Shami (Syrie)<\/li>\n\n\n\n<li>30 Juillet : Las Migas (Espagne)<\/li>\n\n\n\n<li>31 juillet : Lotfi Bouchnak (Tunisie)<\/li>\n\n\n\n<li>1 er Ao\u00fbt : \u00ab\u00a0Habit Zamani\u00a0\u00bb Ghazi Ayadi (Tunisie)<\/li>\n\n\n\n<li>2 ao\u00fbt : Saber Rebai (Tunisie)<\/li>\n\n\n\n<li>3 ao\u00fbt : Robyn Bennett (USA \/ France)<\/li>\n\n\n\n<li>4 ao\u00fbt : Balti (Tunisie)<\/li>\n\n\n\n<li>5 ao\u00fbt : Koum Tara (Alg\u00e9rie \/ France)<\/li>\n\n\n\n<li>6 ao\u00fbt : \u00ab\u00a0Arboune\u00a0\u00bb Imed Jemaa (Tunisie)<\/li>\n\n\n\n<li>8 ao\u00fbt : Cheb Mami (Alg\u00e9rie)<\/li>\n\n\n\n<li>9 ao\u00fbt : Sinfonica &#8211; Sp\u00e9cial Tubes Fran\u00e7ais (Tunisie \/ France)<\/li>\n\n\n\n<li>10 ao\u00fbt : \u00ab\u00a0Au violon\u00a0\u00bb Fadhel Jaziri (Tunisie)<\/li>\n\n\n\n<li>11 ao\u00fbt : Bassekou Kouyat\u00e9 and Ngoni Ba (Mali)<\/li>\n\n\n\n<li>12 ao\u00fbt : \u00ab\u00a0Osool\u00a0\u00bb (Tunisie \/ France)<\/li>\n\n\n\n<li>13 ao\u00fbt : Nabiha Karaouli (Tunisie)<\/li>\n<\/ul>\n","protected":false},"excerpt":{"rendered":"<p>Le rideau se l\u00e8vera le 11 juillet 2025 sur la 59e \u00e9dition du Festival International de Hammamet (FIH), qui se tiendra jusqu\u2019au 13 ao\u00fbt au Centre Culturel International de Hammamet. Plac\u00e9e sous le signe de la diversit\u00e9 et de la cr\u00e9ation, cette \u00e9dition \u2013 organis\u00e9e sous le slogan \u00ab Continuous Vibes \u00bb \u2013 proposera 36 [&hellip;]<\/p>\n","protected":false},"author":3191,"featured_media":378597,"comment_status":"open","ping_status":"open","sticky":false,"template":"","format":"standard","meta":{"footnotes":""},"categories":[2594],"tags":[6198,6272,2608],"class_list":["post-378596","post","type-post","status-publish","format-standard","has-post-thumbnail","hentry","category-culture","tag-festival-international-de-hammamet","tag-programmation","tag-tunisie"],"yoast_head":"<!-- This site is optimized with the Yoast SEO Premium plugin v27.4 (Yoast SEO v27.4) - https:\/\/yoast.com\/product\/yoast-seo-premium-wordpress\/ -->\n<title>Hammamet s\u2019appr\u00eate \u00e0 vibrer : 36 spectacles, 33 soir\u00e9es, 15 pays \u00e0 l\u2019honneur - webdo<\/title>\n<meta name=\"description\" content=\"Ne manquez pas le Festival International de Hammamet, une rencontre de cultures et de cr\u00e9ativit\u00e9 du 11 juillet au 13 ao\u00fbt 2025.\" \/>\n<link rel=\"canonical\" href=\"https:\/\/www.webdo.tn\/fr\/actualite\/culture\/hammamet-sapprete-a-vibrer-36-spectacles-33-soirees-15-pays-a-lhonneur\/378596\/\" \/>\n<meta property=\"og:locale\" content=\"fr_FR\" \/>\n<meta property=\"og:type\" content=\"article\" \/>\n<meta property=\"og:title\" content=\"Hammamet s\u2019appr\u00eate \u00e0 vibrer : 36 spectacles, 33 soir\u00e9es, 15 pays \u00e0 l\u2019honneur\" \/>\n<meta property=\"og:description\" content=\"Ne manquez pas le Festival International de Hammamet, une rencontre de cultures et de cr\u00e9ativit\u00e9 du 11 juillet au 13 ao\u00fbt 2025.\" \/>\n<meta property=\"og:url\" content=\"https:\/\/www.webdo.tn\/fr\/actualite\/culture\/hammamet-sapprete-a-vibrer-36-spectacles-33-soirees-15-pays-a-lhonneur\/378596\/\" \/>\n<meta property=\"og:site_name\" content=\"webdo\" \/>\n<meta property=\"article:publisher\" content=\"https:\/\/www.facebook.com\/webdotn\" \/>\n<meta property=\"article:published_time\" content=\"2025-06-29T09:35:44+00:00\" \/>\n<meta property=\"article:modified_time\" content=\"2025-06-30T08:08:24+00:00\" \/>\n<meta property=\"og:image\" content=\"https:\/\/www.webdo.tn\/fr\/wp-content\/uploads\/2025\/06\/festival_international_hammamet_237_big.jpg\" \/>\n\t<meta property=\"og:image:width\" content=\"740\" \/>\n\t<meta property=\"og:image:height\" content=\"492\" \/>\n\t<meta property=\"og:image:type\" content=\"image\/jpeg\" \/>\n<meta name=\"author\" content=\"Mohamed Hedi Touati\" \/>\n<meta name=\"twitter:card\" content=\"summary_large_image\" \/>\n<meta name=\"twitter:creator\" content=\"@webdo_tn\" \/>\n<meta name=\"twitter:site\" content=\"@webdo_tn\" \/>\n<meta name=\"twitter:label1\" content=\"\u00c9crit par\" \/>\n\t<meta name=\"twitter:data1\" content=\"Mohamed Hedi Touati\" \/>\n\t<meta name=\"twitter:label2\" content=\"Dur\u00e9e de lecture estim\u00e9e\" \/>\n\t<meta name=\"twitter:data2\" content=\"4 minutes\" \/>\n<script type=\"application\/ld+json\" class=\"yoast-schema-graph\">{\"@context\":\"https:\\\/\\\/schema.org\",\"@graph\":[{\"@type\":\"NewsArticle\",\"@id\":\"https:\\\/\\\/www.webdo.tn\\\/fr\\\/actualite\\\/culture\\\/hammamet-sapprete-a-vibrer-36-spectacles-33-soirees-15-pays-a-lhonneur\\\/378596\\\/#article\",\"isPartOf\":{\"@id\":\"https:\\\/\\\/www.webdo.tn\\\/fr\\\/actualite\\\/culture\\\/hammamet-sapprete-a-vibrer-36-spectacles-33-soirees-15-pays-a-lhonneur\\\/378596\\\/\"},\"author\":{\"name\":\"Mohamed Hedi Touati\",\"@id\":\"https:\\\/\\\/www.webdo.tn\\\/fr\\\/#\\\/schema\\\/person\\\/c652cd8fc2b1b44412b5ffb48c5a911d\"},\"headline\":\"Hammamet s\u2019appr\u00eate \u00e0 vibrer : 36 spectacles, 33 soir\u00e9es, 15 pays \u00e0 l\u2019honneur\",\"datePublished\":\"2025-06-29T09:35:44+00:00\",\"dateModified\":\"2025-06-30T08:08:24+00:00\",\"mainEntityOfPage\":{\"@id\":\"https:\\\/\\\/www.webdo.tn\\\/fr\\\/actualite\\\/culture\\\/hammamet-sapprete-a-vibrer-36-spectacles-33-soirees-15-pays-a-lhonneur\\\/378596\\\/\"},\"wordCount\":663,\"commentCount\":0,\"publisher\":{\"@id\":\"https:\\\/\\\/www.webdo.tn\\\/fr\\\/#organization\"},\"image\":{\"@id\":\"https:\\\/\\\/www.webdo.tn\\\/fr\\\/actualite\\\/culture\\\/hammamet-sapprete-a-vibrer-36-spectacles-33-soirees-15-pays-a-lhonneur\\\/378596\\\/#primaryimage\"},\"thumbnailUrl\":\"https:\\\/\\\/www.webdo.tn\\\/fr\\\/wp-content\\\/uploads\\\/2025\\\/06\\\/festival_international_hammamet_237_big.jpg\",\"keywords\":[\"Festival international de Hammamet\",\"programmation\",\"Tunisie\"],\"articleSection\":[\"Culture\"],\"inLanguage\":\"fr-FR\"},{\"@type\":\"WebPage\",\"@id\":\"https:\\\/\\\/www.webdo.tn\\\/fr\\\/actualite\\\/culture\\\/hammamet-sapprete-a-vibrer-36-spectacles-33-soirees-15-pays-a-lhonneur\\\/378596\\\/\",\"url\":\"https:\\\/\\\/www.webdo.tn\\\/fr\\\/actualite\\\/culture\\\/hammamet-sapprete-a-vibrer-36-spectacles-33-soirees-15-pays-a-lhonneur\\\/378596\\\/\",\"name\":\"Hammamet s\u2019appr\u00eate \u00e0 vibrer : 36 spectacles, 33 soir\u00e9es, 15 pays \u00e0 l\u2019honneur - webdo\",\"isPartOf\":{\"@id\":\"https:\\\/\\\/www.webdo.tn\\\/fr\\\/#website\"},\"primaryImageOfPage\":{\"@id\":\"https:\\\/\\\/www.webdo.tn\\\/fr\\\/actualite\\\/culture\\\/hammamet-sapprete-a-vibrer-36-spectacles-33-soirees-15-pays-a-lhonneur\\\/378596\\\/#primaryimage\"},\"image\":{\"@id\":\"https:\\\/\\\/www.webdo.tn\\\/fr\\\/actualite\\\/culture\\\/hammamet-sapprete-a-vibrer-36-spectacles-33-soirees-15-pays-a-lhonneur\\\/378596\\\/#primaryimage\"},\"thumbnailUrl\":\"https:\\\/\\\/www.webdo.tn\\\/fr\\\/wp-content\\\/uploads\\\/2025\\\/06\\\/festival_international_hammamet_237_big.jpg\",\"datePublished\":\"2025-06-29T09:35:44+00:00\",\"dateModified\":\"2025-06-30T08:08:24+00:00\",\"description\":\"Ne manquez pas le Festival International de Hammamet, une rencontre de cultures et de cr\u00e9ativit\u00e9 du 11 juillet au 13 ao\u00fbt 2025.\",\"breadcrumb\":{\"@id\":\"https:\\\/\\\/www.webdo.tn\\\/fr\\\/actualite\\\/culture\\\/hammamet-sapprete-a-vibrer-36-spectacles-33-soirees-15-pays-a-lhonneur\\\/378596\\\/#breadcrumb\"},\"inLanguage\":\"fr-FR\",\"potentialAction\":[{\"@type\":\"ReadAction\",\"target\":[\"https:\\\/\\\/www.webdo.tn\\\/fr\\\/actualite\\\/culture\\\/hammamet-sapprete-a-vibrer-36-spectacles-33-soirees-15-pays-a-lhonneur\\\/378596\\\/\"]}]},{\"@type\":\"ImageObject\",\"inLanguage\":\"fr-FR\",\"@id\":\"https:\\\/\\\/www.webdo.tn\\\/fr\\\/actualite\\\/culture\\\/hammamet-sapprete-a-vibrer-36-spectacles-33-soirees-15-pays-a-lhonneur\\\/378596\\\/#primaryimage\",\"url\":\"https:\\\/\\\/www.webdo.tn\\\/fr\\\/wp-content\\\/uploads\\\/2025\\\/06\\\/festival_international_hammamet_237_big.jpg\",\"contentUrl\":\"https:\\\/\\\/www.webdo.tn\\\/fr\\\/wp-content\\\/uploads\\\/2025\\\/06\\\/festival_international_hammamet_237_big.jpg\",\"width\":740,\"height\":492,\"caption\":\"Hammamet s\u2019appr\u00eate \u00e0 vibrer au rythme du monde : 36 spectacles, 33 soir\u00e9es\"},{\"@type\":\"BreadcrumbList\",\"@id\":\"https:\\\/\\\/www.webdo.tn\\\/fr\\\/actualite\\\/culture\\\/hammamet-sapprete-a-vibrer-36-spectacles-33-soirees-15-pays-a-lhonneur\\\/378596\\\/#breadcrumb\",\"itemListElement\":[{\"@type\":\"ListItem\",\"position\":1,\"name\":\"Accueil\",\"item\":\"https:\\\/\\\/www.webdo.tn\\\/fr\\\/\"},{\"@type\":\"ListItem\",\"position\":2,\"name\":\"Hammamet s\u2019appr\u00eate \u00e0 vibrer : 36 spectacles, 33 soir\u00e9es, 15 pays \u00e0 l\u2019honneur\"}]},{\"@type\":\"WebSite\",\"@id\":\"https:\\\/\\\/www.webdo.tn\\\/fr\\\/#website\",\"url\":\"https:\\\/\\\/www.webdo.tn\\\/fr\\\/\",\"name\":\"webdo\",\"description\":\"Tunisie - News en Tunisie et \u00e0 l&#039;international sur Webdo.tn\",\"publisher\":{\"@id\":\"https:\\\/\\\/www.webdo.tn\\\/fr\\\/#organization\"},\"potentialAction\":[{\"@type\":\"SearchAction\",\"target\":{\"@type\":\"EntryPoint\",\"urlTemplate\":\"https:\\\/\\\/www.webdo.tn\\\/fr\\\/?s={search_term_string}\"},\"query-input\":{\"@type\":\"PropertyValueSpecification\",\"valueRequired\":true,\"valueName\":\"search_term_string\"}}],\"inLanguage\":\"fr-FR\"},{\"@type\":\"Organization\",\"@id\":\"https:\\\/\\\/www.webdo.tn\\\/fr\\\/#organization\",\"name\":\"Webdo\",\"alternateName\":\"Webdo.tn\",\"url\":\"https:\\\/\\\/www.webdo.tn\\\/fr\\\/\",\"logo\":{\"@type\":\"ImageObject\",\"inLanguage\":\"fr-FR\",\"@id\":\"https:\\\/\\\/www.webdo.tn\\\/fr\\\/#\\\/schema\\\/logo\\\/image\\\/\",\"url\":\"https:\\\/\\\/www.webdo.tn\\\/fr\\\/wp-content\\\/uploads\\\/2025\\\/06\\\/Webdo-Tunisie_168377.jpg\",\"contentUrl\":\"https:\\\/\\\/www.webdo.tn\\\/fr\\\/wp-content\\\/uploads\\\/2025\\\/06\\\/Webdo-Tunisie_168377.jpg\",\"width\":301,\"height\":301,\"caption\":\"Webdo\"},\"image\":{\"@id\":\"https:\\\/\\\/www.webdo.tn\\\/fr\\\/#\\\/schema\\\/logo\\\/image\\\/\"},\"sameAs\":[\"https:\\\/\\\/www.facebook.com\\\/webdotn\",\"https:\\\/\\\/x.com\\\/webdo_tn\"],\"description\":\"Webdo est un m\u00e9dia num\u00e9rique tunisien fond\u00e9 en 2010, sp\u00e9cialis\u00e9 dans l\u2019actualit\u00e9 nationale et internationale, l\u2019\u00e9conomie, la soci\u00e9t\u00e9 et les analyses politiques. Le site s\u2019adresse \u00e0 un large public francophone et couvre l\u2019information tunisienne en temps r\u00e9el.\",\"email\":\"redac@webdo.tn\",\"legalName\":\"YNJ SARL\",\"foundingDate\":\"2010-09-06\",\"numberOfEmployees\":{\"@type\":\"QuantitativeValue\",\"minValue\":\"11\",\"maxValue\":\"50\"}},{\"@type\":\"Person\",\"@id\":\"https:\\\/\\\/www.webdo.tn\\\/fr\\\/#\\\/schema\\\/person\\\/c652cd8fc2b1b44412b5ffb48c5a911d\",\"name\":\"Mohamed Hedi Touati\",\"image\":{\"@type\":\"ImageObject\",\"inLanguage\":\"fr-FR\",\"@id\":\"https:\\\/\\\/secure.gravatar.com\\\/avatar\\\/9cfd402c745b7a685f13eed0ea6e59d2144a3c2fc50a3db6fd5ed451f6cddf1a?s=96&d=mm&r=g\",\"url\":\"https:\\\/\\\/secure.gravatar.com\\\/avatar\\\/9cfd402c745b7a685f13eed0ea6e59d2144a3c2fc50a3db6fd5ed451f6cddf1a?s=96&d=mm&r=g\",\"contentUrl\":\"https:\\\/\\\/secure.gravatar.com\\\/avatar\\\/9cfd402c745b7a685f13eed0ea6e59d2144a3c2fc50a3db6fd5ed451f6cddf1a?s=96&d=mm&r=g\",\"caption\":\"Mohamed Hedi Touati\"},\"url\":\"https:\\\/\\\/www.webdo.tn\\\/fr\\\/actualite\\\/author\\\/mohamed-hedi-touati\\\/\"}]}<\/script>\n<!-- \/ Yoast SEO Premium plugin. -->","yoast_head_json":{"title":"Hammamet s\u2019appr\u00eate \u00e0 vibrer : 36 spectacles, 33 soir\u00e9es, 15 pays \u00e0 l\u2019honneur - webdo","description":"Ne manquez pas le Festival International de Hammamet, une rencontre de cultures et de cr\u00e9ativit\u00e9 du 11 juillet au 13 ao\u00fbt 2025.","canonical":"https:\/\/www.webdo.tn\/fr\/actualite\/culture\/hammamet-sapprete-a-vibrer-36-spectacles-33-soirees-15-pays-a-lhonneur\/378596\/","og_locale":"fr_FR","og_type":"article","og_title":"Hammamet s\u2019appr\u00eate \u00e0 vibrer : 36 spectacles, 33 soir\u00e9es, 15 pays \u00e0 l\u2019honneur","og_description":"Ne manquez pas le Festival International de Hammamet, une rencontre de cultures et de cr\u00e9ativit\u00e9 du 11 juillet au 13 ao\u00fbt 2025.","og_url":"https:\/\/www.webdo.tn\/fr\/actualite\/culture\/hammamet-sapprete-a-vibrer-36-spectacles-33-soirees-15-pays-a-lhonneur\/378596\/","og_site_name":"webdo","article_publisher":"https:\/\/www.facebook.com\/webdotn","article_published_time":"2025-06-29T09:35:44+00:00","article_modified_time":"2025-06-30T08:08:24+00:00","og_image":[{"width":740,"height":492,"url":"https:\/\/www.webdo.tn\/fr\/wp-content\/uploads\/2025\/06\/festival_international_hammamet_237_big.jpg","type":"image\/jpeg"}],"author":"Mohamed Hedi Touati","twitter_card":"summary_large_image","twitter_creator":"@webdo_tn","twitter_site":"@webdo_tn","twitter_misc":{"\u00c9crit par":"Mohamed Hedi Touati","Dur\u00e9e de lecture estim\u00e9e":"4 minutes"},"schema":{"@context":"https:\/\/schema.org","@graph":[{"@type":"NewsArticle","@id":"https:\/\/www.webdo.tn\/fr\/actualite\/culture\/hammamet-sapprete-a-vibrer-36-spectacles-33-soirees-15-pays-a-lhonneur\/378596\/#article","isPartOf":{"@id":"https:\/\/www.webdo.tn\/fr\/actualite\/culture\/hammamet-sapprete-a-vibrer-36-spectacles-33-soirees-15-pays-a-lhonneur\/378596\/"},"author":{"name":"Mohamed Hedi Touati","@id":"https:\/\/www.webdo.tn\/fr\/#\/schema\/person\/c652cd8fc2b1b44412b5ffb48c5a911d"},"headline":"Hammamet s\u2019appr\u00eate \u00e0 vibrer : 36 spectacles, 33 soir\u00e9es, 15 pays \u00e0 l\u2019honneur","datePublished":"2025-06-29T09:35:44+00:00","dateModified":"2025-06-30T08:08:24+00:00","mainEntityOfPage":{"@id":"https:\/\/www.webdo.tn\/fr\/actualite\/culture\/hammamet-sapprete-a-vibrer-36-spectacles-33-soirees-15-pays-a-lhonneur\/378596\/"},"wordCount":663,"commentCount":0,"publisher":{"@id":"https:\/\/www.webdo.tn\/fr\/#organization"},"image":{"@id":"https:\/\/www.webdo.tn\/fr\/actualite\/culture\/hammamet-sapprete-a-vibrer-36-spectacles-33-soirees-15-pays-a-lhonneur\/378596\/#primaryimage"},"thumbnailUrl":"https:\/\/www.webdo.tn\/fr\/wp-content\/uploads\/2025\/06\/festival_international_hammamet_237_big.jpg","keywords":["Festival international de Hammamet","programmation","Tunisie"],"articleSection":["Culture"],"inLanguage":"fr-FR"},{"@type":"WebPage","@id":"https:\/\/www.webdo.tn\/fr\/actualite\/culture\/hammamet-sapprete-a-vibrer-36-spectacles-33-soirees-15-pays-a-lhonneur\/378596\/","url":"https:\/\/www.webdo.tn\/fr\/actualite\/culture\/hammamet-sapprete-a-vibrer-36-spectacles-33-soirees-15-pays-a-lhonneur\/378596\/","name":"Hammamet s\u2019appr\u00eate \u00e0 vibrer : 36 spectacles, 33 soir\u00e9es, 15 pays \u00e0 l\u2019honneur - webdo","isPartOf":{"@id":"https:\/\/www.webdo.tn\/fr\/#website"},"primaryImageOfPage":{"@id":"https:\/\/www.webdo.tn\/fr\/actualite\/culture\/hammamet-sapprete-a-vibrer-36-spectacles-33-soirees-15-pays-a-lhonneur\/378596\/#primaryimage"},"image":{"@id":"https:\/\/www.webdo.tn\/fr\/actualite\/culture\/hammamet-sapprete-a-vibrer-36-spectacles-33-soirees-15-pays-a-lhonneur\/378596\/#primaryimage"},"thumbnailUrl":"https:\/\/www.webdo.tn\/fr\/wp-content\/uploads\/2025\/06\/festival_international_hammamet_237_big.jpg","datePublished":"2025-06-29T09:35:44+00:00","dateModified":"2025-06-30T08:08:24+00:00","description":"Ne manquez pas le Festival International de Hammamet, une rencontre de cultures et de cr\u00e9ativit\u00e9 du 11 juillet au 13 ao\u00fbt 2025.","breadcrumb":{"@id":"https:\/\/www.webdo.tn\/fr\/actualite\/culture\/hammamet-sapprete-a-vibrer-36-spectacles-33-soirees-15-pays-a-lhonneur\/378596\/#breadcrumb"},"inLanguage":"fr-FR","potentialAction":[{"@type":"ReadAction","target":["https:\/\/www.webdo.tn\/fr\/actualite\/culture\/hammamet-sapprete-a-vibrer-36-spectacles-33-soirees-15-pays-a-lhonneur\/378596\/"]}]},{"@type":"ImageObject","inLanguage":"fr-FR","@id":"https:\/\/www.webdo.tn\/fr\/actualite\/culture\/hammamet-sapprete-a-vibrer-36-spectacles-33-soirees-15-pays-a-lhonneur\/378596\/#primaryimage","url":"https:\/\/www.webdo.tn\/fr\/wp-content\/uploads\/2025\/06\/festival_international_hammamet_237_big.jpg","contentUrl":"https:\/\/www.webdo.tn\/fr\/wp-content\/uploads\/2025\/06\/festival_international_hammamet_237_big.jpg","width":740,"height":492,"caption":"Hammamet s\u2019appr\u00eate \u00e0 vibrer au rythme du monde : 36 spectacles, 33 soir\u00e9es"},{"@type":"BreadcrumbList","@id":"https:\/\/www.webdo.tn\/fr\/actualite\/culture\/hammamet-sapprete-a-vibrer-36-spectacles-33-soirees-15-pays-a-lhonneur\/378596\/#breadcrumb","itemListElement":[{"@type":"ListItem","position":1,"name":"Accueil","item":"https:\/\/www.webdo.tn\/fr\/"},{"@type":"ListItem","position":2,"name":"Hammamet s\u2019appr\u00eate \u00e0 vibrer : 36 spectacles, 33 soir\u00e9es, 15 pays \u00e0 l\u2019honneur"}]},{"@type":"WebSite","@id":"https:\/\/www.webdo.tn\/fr\/#website","url":"https:\/\/www.webdo.tn\/fr\/","name":"webdo","description":"Tunisie - News en Tunisie et \u00e0 l&#039;international sur Webdo.tn","publisher":{"@id":"https:\/\/www.webdo.tn\/fr\/#organization"},"potentialAction":[{"@type":"SearchAction","target":{"@type":"EntryPoint","urlTemplate":"https:\/\/www.webdo.tn\/fr\/?s={search_term_string}"},"query-input":{"@type":"PropertyValueSpecification","valueRequired":true,"valueName":"search_term_string"}}],"inLanguage":"fr-FR"},{"@type":"Organization","@id":"https:\/\/www.webdo.tn\/fr\/#organization","name":"Webdo","alternateName":"Webdo.tn","url":"https:\/\/www.webdo.tn\/fr\/","logo":{"@type":"ImageObject","inLanguage":"fr-FR","@id":"https:\/\/www.webdo.tn\/fr\/#\/schema\/logo\/image\/","url":"https:\/\/www.webdo.tn\/fr\/wp-content\/uploads\/2025\/06\/Webdo-Tunisie_168377.jpg","contentUrl":"https:\/\/www.webdo.tn\/fr\/wp-content\/uploads\/2025\/06\/Webdo-Tunisie_168377.jpg","width":301,"height":301,"caption":"Webdo"},"image":{"@id":"https:\/\/www.webdo.tn\/fr\/#\/schema\/logo\/image\/"},"sameAs":["https:\/\/www.facebook.com\/webdotn","https:\/\/x.com\/webdo_tn"],"description":"Webdo est un m\u00e9dia num\u00e9rique tunisien fond\u00e9 en 2010, sp\u00e9cialis\u00e9 dans l\u2019actualit\u00e9 nationale et internationale, l\u2019\u00e9conomie, la soci\u00e9t\u00e9 et les analyses politiques. Le site s\u2019adresse \u00e0 un large public francophone et couvre l\u2019information tunisienne en temps r\u00e9el.","email":"redac@webdo.tn","legalName":"YNJ SARL","foundingDate":"2010-09-06","numberOfEmployees":{"@type":"QuantitativeValue","minValue":"11","maxValue":"50"}},{"@type":"Person","@id":"https:\/\/www.webdo.tn\/fr\/#\/schema\/person\/c652cd8fc2b1b44412b5ffb48c5a911d","name":"Mohamed Hedi Touati","image":{"@type":"ImageObject","inLanguage":"fr-FR","@id":"https:\/\/secure.gravatar.com\/avatar\/9cfd402c745b7a685f13eed0ea6e59d2144a3c2fc50a3db6fd5ed451f6cddf1a?s=96&d=mm&r=g","url":"https:\/\/secure.gravatar.com\/avatar\/9cfd402c745b7a685f13eed0ea6e59d2144a3c2fc50a3db6fd5ed451f6cddf1a?s=96&d=mm&r=g","contentUrl":"https:\/\/secure.gravatar.com\/avatar\/9cfd402c745b7a685f13eed0ea6e59d2144a3c2fc50a3db6fd5ed451f6cddf1a?s=96&d=mm&r=g","caption":"Mohamed Hedi Touati"},"url":"https:\/\/www.webdo.tn\/fr\/actualite\/author\/mohamed-hedi-touati\/"}]}},"_links":{"self":[{"href":"https:\/\/www.webdo.tn\/fr\/wp-json\/wp\/v2\/posts\/378596","targetHints":{"allow":["GET"]}}],"collection":[{"href":"https:\/\/www.webdo.tn\/fr\/wp-json\/wp\/v2\/posts"}],"about":[{"href":"https:\/\/www.webdo.tn\/fr\/wp-json\/wp\/v2\/types\/post"}],"author":[{"embeddable":true,"href":"https:\/\/www.webdo.tn\/fr\/wp-json\/wp\/v2\/users\/3191"}],"replies":[{"embeddable":true,"href":"https:\/\/www.webdo.tn\/fr\/wp-json\/wp\/v2\/comments?post=378596"}],"version-history":[{"count":0,"href":"https:\/\/www.webdo.tn\/fr\/wp-json\/wp\/v2\/posts\/378596\/revisions"}],"wp:featuredmedia":[{"embeddable":true,"href":"https:\/\/www.webdo.tn\/fr\/wp-json\/wp\/v2\/media\/378597"}],"wp:attachment":[{"href":"https:\/\/www.webdo.tn\/fr\/wp-json\/wp\/v2\/media?parent=378596"}],"wp:term":[{"taxonomy":"category","embeddable":true,"href":"https:\/\/www.webdo.tn\/fr\/wp-json\/wp\/v2\/categories?post=378596"},{"taxonomy":"post_tag","embeddable":true,"href":"https:\/\/www.webdo.tn\/fr\/wp-json\/wp\/v2\/tags?post=378596"}],"curies":[{"name":"wp","href":"https:\/\/api.w.org\/{rel}","templated":true}]}}