{"id":378561,"date":"2025-06-28T10:30:00","date_gmt":"2025-06-28T09:30:00","guid":{"rendered":"https:\/\/www.webdo.tn\/fr\/?p=378561"},"modified":"2025-06-29T12:53:14","modified_gmt":"2025-06-29T11:53:14","slug":"la-marsa-des-operations-de-demolition-contre-les-constructions-illegales-a-gammarth","status":"publish","type":"post","link":"https:\/\/www.webdo.tn\/fr\/actualite\/national\/la-marsa-des-operations-de-demolition-contre-les-constructions-illegales-a-gammarth\/378561\/","title":{"rendered":"La Marsa : Des op\u00e9rations de d\u00e9molition contre les constructions ill\u00e9gales \u00e0 Gammarth"},"content":{"rendered":"\n<p>Le samedi 28 juin 2025, la municipalit\u00e9 de La Marsa, en coordination avec la police municipale, la direction r\u00e9gionale de la police nationale et la police technique, a proc\u00e9d\u00e9 \u00e0 la d\u00e9molition de plusieurs constructions ill\u00e9gales sur la route kilom\u00e9trique 5 \u00e0 Gammarth. Sous la supervision de Mme Olfa Zahrouni, d\u00e9l\u00e9gu\u00e9e de La Marsa, trois murs et un entrep\u00f4t b\u00e2tis sans autorisation ont \u00e9t\u00e9 retir\u00e9s conform\u00e9ment aux d\u00e9cisions municipales visant \u00e0 faire respecter la r\u00e9glementation urbanistique en vigueur.<\/p>\n\n\n\n<p>Cette op\u00e9ration s\u2019inscrit dans une s\u00e9rie d\u2019interventions r\u00e9guli\u00e8res men\u00e9es depuis plusieurs ann\u00e9es par la municipalit\u00e9 afin de lutter contre l\u2019occupation anarchique du domaine maritime et les constructions non autoris\u00e9es dans la r\u00e9gion, notamment \u00e0 Gammarth. Ces actions comprennent la d\u00e9molition de beach bars et autres structures ill\u00e9gales, visant \u00e0 pr\u00e9server le littoral et le domaine public maritime.<\/p>\n\n\n\n<p>Les autorit\u00e9s locales r\u00e9affirment leur engagement \u00e0 maintenir ces campagnes de contr\u00f4le et de d\u00e9molition pour assurer la s\u00e9curit\u00e9, pr\u00e9server l\u2019environnement urbain et faire respecter les lois en mati\u00e8re d\u2019urbanisme.<\/p>\n","protected":false},"excerpt":{"rendered":"<p>Le samedi 28 juin 2025, la municipalit\u00e9 de La Marsa, en coordination avec la police municipale, la direction r\u00e9gionale de la police nationale et la police technique, a proc\u00e9d\u00e9 \u00e0 la d\u00e9molition de plusieurs constructions ill\u00e9gales sur la route kilom\u00e9trique 5 \u00e0 Gammarth. Sous la supervision de Mme Olfa Zahrouni, d\u00e9l\u00e9gu\u00e9e de La Marsa, trois [&hellip;]<\/p>\n","protected":false},"author":4779,"featured_media":378563,"comment_status":"open","ping_status":"open","sticky":false,"template":"","format":"standard","meta":{"footnotes":""},"categories":[44],"tags":[2822,4043,2608],"class_list":["post-378561","post","type-post","status-publish","format-standard","has-post-thumbnail","hentry","category-national","tag-gammarth","tag-la-marsa","tag-tunisie"],"yoast_head":"<!-- This site is optimized with the Yoast SEO Premium plugin v27.5 (Yoast SEO v27.5) - https:\/\/yoast.com\/product\/yoast-seo-premium-wordpress\/ -->\n<title>La Marsa : Des op\u00e9rations de d\u00e9molition contre les constructions ill\u00e9gales \u00e0 Gammarth - webdo<\/title>\n<meta name=\"description\" content=\"La Marsa a d\u00e9moli des constructions ill\u00e9gales \u00e0 Gammarth pour respecter la r\u00e9glementation urbanistique et prot\u00e9ger le littoral.\" \/>\n<link rel=\"canonical\" href=\"https:\/\/www.webdo.tn\/fr\/actualite\/national\/la-marsa-des-operations-de-demolition-contre-les-constructions-illegales-a-gammarth\/378561\/\" \/>\n<meta property=\"og:locale\" content=\"fr_FR\" \/>\n<meta property=\"og:type\" content=\"article\" \/>\n<meta property=\"og:title\" content=\"La Marsa : Des op\u00e9rations de d\u00e9molition contre les constructions ill\u00e9gales \u00e0 Gammarth\" \/>\n<meta property=\"og:description\" content=\"La Marsa a d\u00e9moli des constructions ill\u00e9gales \u00e0 Gammarth pour respecter la r\u00e9glementation urbanistique et prot\u00e9ger le littoral.\" \/>\n<meta property=\"og:url\" content=\"https:\/\/www.webdo.tn\/fr\/actualite\/national\/la-marsa-des-operations-de-demolition-contre-les-constructions-illegales-a-gammarth\/378561\/\" \/>\n<meta property=\"og:site_name\" content=\"webdo\" \/>\n<meta property=\"article:publisher\" content=\"https:\/\/www.facebook.com\/webdotn\" \/>\n<meta property=\"article:published_time\" content=\"2025-06-28T09:30:00+00:00\" \/>\n<meta property=\"article:modified_time\" content=\"2025-06-29T11:53:14+00:00\" \/>\n<meta property=\"og:image\" content=\"https:\/\/www.webdo.tn\/fr\/wp-content\/uploads\/2025\/06\/Marsa-demolition.jpg\" \/>\n\t<meta property=\"og:image:width\" content=\"1149\" \/>\n\t<meta property=\"og:image:height\" content=\"656\" \/>\n\t<meta property=\"og:image:type\" content=\"image\/jpeg\" \/>\n<meta name=\"author\" content=\"Firas Ben Abdeltif\" \/>\n<meta name=\"twitter:card\" content=\"summary_large_image\" \/>\n<meta name=\"twitter:creator\" content=\"@webdo_tn\" \/>\n<meta name=\"twitter:site\" content=\"@webdo_tn\" \/>\n<meta name=\"twitter:label1\" content=\"\u00c9crit par\" \/>\n\t<meta name=\"twitter:data1\" content=\"Firas Ben Abdeltif\" \/>\n\t<meta name=\"twitter:label2\" content=\"Dur\u00e9e de lecture estim\u00e9e\" \/>\n\t<meta name=\"twitter:data2\" content=\"2 minutes\" \/>\n<script type=\"application\/ld+json\" class=\"yoast-schema-graph\">{\"@context\":\"https:\\\/\\\/schema.org\",\"@graph\":[{\"@type\":\"NewsArticle\",\"@id\":\"https:\\\/\\\/www.webdo.tn\\\/fr\\\/actualite\\\/national\\\/la-marsa-des-operations-de-demolition-contre-les-constructions-illegales-a-gammarth\\\/378561\\\/#article\",\"isPartOf\":{\"@id\":\"https:\\\/\\\/www.webdo.tn\\\/fr\\\/actualite\\\/national\\\/la-marsa-des-operations-de-demolition-contre-les-constructions-illegales-a-gammarth\\\/378561\\\/\"},\"author\":{\"name\":\"Firas Ben Abdeltif\",\"@id\":\"https:\\\/\\\/www.webdo.tn\\\/fr\\\/#\\\/schema\\\/person\\\/19664196c9bfdcda126f3c27709f7d11\"},\"headline\":\"La Marsa : Des op\u00e9rations de d\u00e9molition contre les constructions ill\u00e9gales \u00e0 Gammarth\",\"datePublished\":\"2025-06-28T09:30:00+00:00\",\"dateModified\":\"2025-06-29T11:53:14+00:00\",\"mainEntityOfPage\":{\"@id\":\"https:\\\/\\\/www.webdo.tn\\\/fr\\\/actualite\\\/national\\\/la-marsa-des-operations-de-demolition-contre-les-constructions-illegales-a-gammarth\\\/378561\\\/\"},\"wordCount\":207,\"commentCount\":0,\"publisher\":{\"@id\":\"https:\\\/\\\/www.webdo.tn\\\/fr\\\/#organization\"},\"image\":{\"@id\":\"https:\\\/\\\/www.webdo.tn\\\/fr\\\/actualite\\\/national\\\/la-marsa-des-operations-de-demolition-contre-les-constructions-illegales-a-gammarth\\\/378561\\\/#primaryimage\"},\"thumbnailUrl\":\"https:\\\/\\\/www.webdo.tn\\\/fr\\\/wp-content\\\/uploads\\\/2025\\\/06\\\/Marsa-demolition.jpg\",\"keywords\":[\"Gammarth\",\"La Marsa\",\"Tunisie\"],\"articleSection\":[\"National\"],\"inLanguage\":\"fr-FR\"},{\"@type\":\"WebPage\",\"@id\":\"https:\\\/\\\/www.webdo.tn\\\/fr\\\/actualite\\\/national\\\/la-marsa-des-operations-de-demolition-contre-les-constructions-illegales-a-gammarth\\\/378561\\\/\",\"url\":\"https:\\\/\\\/www.webdo.tn\\\/fr\\\/actualite\\\/national\\\/la-marsa-des-operations-de-demolition-contre-les-constructions-illegales-a-gammarth\\\/378561\\\/\",\"name\":\"La Marsa : Des op\u00e9rations de d\u00e9molition contre les constructions ill\u00e9gales \u00e0 Gammarth - webdo\",\"isPartOf\":{\"@id\":\"https:\\\/\\\/www.webdo.tn\\\/fr\\\/#website\"},\"primaryImageOfPage\":{\"@id\":\"https:\\\/\\\/www.webdo.tn\\\/fr\\\/actualite\\\/national\\\/la-marsa-des-operations-de-demolition-contre-les-constructions-illegales-a-gammarth\\\/378561\\\/#primaryimage\"},\"image\":{\"@id\":\"https:\\\/\\\/www.webdo.tn\\\/fr\\\/actualite\\\/national\\\/la-marsa-des-operations-de-demolition-contre-les-constructions-illegales-a-gammarth\\\/378561\\\/#primaryimage\"},\"thumbnailUrl\":\"https:\\\/\\\/www.webdo.tn\\\/fr\\\/wp-content\\\/uploads\\\/2025\\\/06\\\/Marsa-demolition.jpg\",\"datePublished\":\"2025-06-28T09:30:00+00:00\",\"dateModified\":\"2025-06-29T11:53:14+00:00\",\"description\":\"La Marsa a d\u00e9moli des constructions ill\u00e9gales \u00e0 Gammarth pour respecter la r\u00e9glementation urbanistique et prot\u00e9ger le littoral.\",\"breadcrumb\":{\"@id\":\"https:\\\/\\\/www.webdo.tn\\\/fr\\\/actualite\\\/national\\\/la-marsa-des-operations-de-demolition-contre-les-constructions-illegales-a-gammarth\\\/378561\\\/#breadcrumb\"},\"inLanguage\":\"fr-FR\",\"potentialAction\":[{\"@type\":\"ReadAction\",\"target\":[\"https:\\\/\\\/www.webdo.tn\\\/fr\\\/actualite\\\/national\\\/la-marsa-des-operations-de-demolition-contre-les-constructions-illegales-a-gammarth\\\/378561\\\/\"]}]},{\"@type\":\"ImageObject\",\"inLanguage\":\"fr-FR\",\"@id\":\"https:\\\/\\\/www.webdo.tn\\\/fr\\\/actualite\\\/national\\\/la-marsa-des-operations-de-demolition-contre-les-constructions-illegales-a-gammarth\\\/378561\\\/#primaryimage\",\"url\":\"https:\\\/\\\/www.webdo.tn\\\/fr\\\/wp-content\\\/uploads\\\/2025\\\/06\\\/Marsa-demolition.jpg\",\"contentUrl\":\"https:\\\/\\\/www.webdo.tn\\\/fr\\\/wp-content\\\/uploads\\\/2025\\\/06\\\/Marsa-demolition.jpg\",\"width\":1149,\"height\":656,\"caption\":\"D\u00e9molition de constructions ill\u00e9gales \u00e0 Gammarth lors d\u2019une op\u00e9ration municipale de lutte contre l\u2019urbanisme sauvage.\"},{\"@type\":\"BreadcrumbList\",\"@id\":\"https:\\\/\\\/www.webdo.tn\\\/fr\\\/actualite\\\/national\\\/la-marsa-des-operations-de-demolition-contre-les-constructions-illegales-a-gammarth\\\/378561\\\/#breadcrumb\",\"itemListElement\":[{\"@type\":\"ListItem\",\"position\":1,\"name\":\"Accueil\",\"item\":\"https:\\\/\\\/www.webdo.tn\\\/fr\\\/\"},{\"@type\":\"ListItem\",\"position\":2,\"name\":\"La Marsa : Des op\u00e9rations de d\u00e9molition contre les constructions ill\u00e9gales \u00e0 Gammarth\"}]},{\"@type\":\"WebSite\",\"@id\":\"https:\\\/\\\/www.webdo.tn\\\/fr\\\/#website\",\"url\":\"https:\\\/\\\/www.webdo.tn\\\/fr\\\/\",\"name\":\"webdo\",\"description\":\"Tunisie - News en Tunisie et \u00e0 l&#039;international sur Webdo.tn\",\"publisher\":{\"@id\":\"https:\\\/\\\/www.webdo.tn\\\/fr\\\/#organization\"},\"potentialAction\":[{\"@type\":\"SearchAction\",\"target\":{\"@type\":\"EntryPoint\",\"urlTemplate\":\"https:\\\/\\\/www.webdo.tn\\\/fr\\\/?s={search_term_string}\"},\"query-input\":{\"@type\":\"PropertyValueSpecification\",\"valueRequired\":true,\"valueName\":\"search_term_string\"}}],\"inLanguage\":\"fr-FR\"},{\"@type\":\"Organization\",\"@id\":\"https:\\\/\\\/www.webdo.tn\\\/fr\\\/#organization\",\"name\":\"Webdo\",\"alternateName\":\"Webdo.tn\",\"url\":\"https:\\\/\\\/www.webdo.tn\\\/fr\\\/\",\"logo\":{\"@type\":\"ImageObject\",\"inLanguage\":\"fr-FR\",\"@id\":\"https:\\\/\\\/www.webdo.tn\\\/fr\\\/#\\\/schema\\\/logo\\\/image\\\/\",\"url\":\"https:\\\/\\\/www.webdo.tn\\\/fr\\\/wp-content\\\/uploads\\\/2025\\\/06\\\/Webdo-Tunisie_168377.jpg\",\"contentUrl\":\"https:\\\/\\\/www.webdo.tn\\\/fr\\\/wp-content\\\/uploads\\\/2025\\\/06\\\/Webdo-Tunisie_168377.jpg\",\"width\":301,\"height\":301,\"caption\":\"Webdo\"},\"image\":{\"@id\":\"https:\\\/\\\/www.webdo.tn\\\/fr\\\/#\\\/schema\\\/logo\\\/image\\\/\"},\"sameAs\":[\"https:\\\/\\\/www.facebook.com\\\/webdotn\",\"https:\\\/\\\/x.com\\\/webdo_tn\"],\"description\":\"Webdo est un m\u00e9dia num\u00e9rique tunisien fond\u00e9 en 2010, sp\u00e9cialis\u00e9 dans l\u2019actualit\u00e9 nationale et internationale, l\u2019\u00e9conomie, la soci\u00e9t\u00e9 et les analyses politiques. Le site s\u2019adresse \u00e0 un large public francophone et couvre l\u2019information tunisienne en temps r\u00e9el.\",\"email\":\"redac@webdo.tn\",\"legalName\":\"YNJ SARL\",\"foundingDate\":\"2010-09-06\",\"numberOfEmployees\":{\"@type\":\"QuantitativeValue\",\"minValue\":\"11\",\"maxValue\":\"50\"}},{\"@type\":\"Person\",\"@id\":\"https:\\\/\\\/www.webdo.tn\\\/fr\\\/#\\\/schema\\\/person\\\/19664196c9bfdcda126f3c27709f7d11\",\"name\":\"Firas Ben Abdeltif\",\"image\":{\"@type\":\"ImageObject\",\"inLanguage\":\"fr-FR\",\"@id\":\"https:\\\/\\\/secure.gravatar.com\\\/avatar\\\/161a347d40df098a084778c52ed133dbd85f14df003867067c5948081241ec55?s=96&d=mm&r=g\",\"url\":\"https:\\\/\\\/secure.gravatar.com\\\/avatar\\\/161a347d40df098a084778c52ed133dbd85f14df003867067c5948081241ec55?s=96&d=mm&r=g\",\"contentUrl\":\"https:\\\/\\\/secure.gravatar.com\\\/avatar\\\/161a347d40df098a084778c52ed133dbd85f14df003867067c5948081241ec55?s=96&d=mm&r=g\",\"caption\":\"Firas Ben Abdeltif\"},\"url\":\"https:\\\/\\\/www.webdo.tn\\\/fr\\\/actualite\\\/author\\\/firas-ben-abdeltif\\\/\"}]}<\/script>\n<!-- \/ Yoast SEO Premium plugin. -->","yoast_head_json":{"title":"La Marsa : Des op\u00e9rations de d\u00e9molition contre les constructions ill\u00e9gales \u00e0 Gammarth - webdo","description":"La Marsa a d\u00e9moli des constructions ill\u00e9gales \u00e0 Gammarth pour respecter la r\u00e9glementation urbanistique et prot\u00e9ger le littoral.","canonical":"https:\/\/www.webdo.tn\/fr\/actualite\/national\/la-marsa-des-operations-de-demolition-contre-les-constructions-illegales-a-gammarth\/378561\/","og_locale":"fr_FR","og_type":"article","og_title":"La Marsa : Des op\u00e9rations de d\u00e9molition contre les constructions ill\u00e9gales \u00e0 Gammarth","og_description":"La Marsa a d\u00e9moli des constructions ill\u00e9gales \u00e0 Gammarth pour respecter la r\u00e9glementation urbanistique et prot\u00e9ger le littoral.","og_url":"https:\/\/www.webdo.tn\/fr\/actualite\/national\/la-marsa-des-operations-de-demolition-contre-les-constructions-illegales-a-gammarth\/378561\/","og_site_name":"webdo","article_publisher":"https:\/\/www.facebook.com\/webdotn","article_published_time":"2025-06-28T09:30:00+00:00","article_modified_time":"2025-06-29T11:53:14+00:00","og_image":[{"width":1149,"height":656,"url":"https:\/\/www.webdo.tn\/fr\/wp-content\/uploads\/2025\/06\/Marsa-demolition.jpg","type":"image\/jpeg"}],"author":"Firas Ben Abdeltif","twitter_card":"summary_large_image","twitter_creator":"@webdo_tn","twitter_site":"@webdo_tn","twitter_misc":{"\u00c9crit par":"Firas Ben Abdeltif","Dur\u00e9e de lecture estim\u00e9e":"2 minutes"},"schema":{"@context":"https:\/\/schema.org","@graph":[{"@type":"NewsArticle","@id":"https:\/\/www.webdo.tn\/fr\/actualite\/national\/la-marsa-des-operations-de-demolition-contre-les-constructions-illegales-a-gammarth\/378561\/#article","isPartOf":{"@id":"https:\/\/www.webdo.tn\/fr\/actualite\/national\/la-marsa-des-operations-de-demolition-contre-les-constructions-illegales-a-gammarth\/378561\/"},"author":{"name":"Firas Ben Abdeltif","@id":"https:\/\/www.webdo.tn\/fr\/#\/schema\/person\/19664196c9bfdcda126f3c27709f7d11"},"headline":"La Marsa : Des op\u00e9rations de d\u00e9molition contre les constructions ill\u00e9gales \u00e0 Gammarth","datePublished":"2025-06-28T09:30:00+00:00","dateModified":"2025-06-29T11:53:14+00:00","mainEntityOfPage":{"@id":"https:\/\/www.webdo.tn\/fr\/actualite\/national\/la-marsa-des-operations-de-demolition-contre-les-constructions-illegales-a-gammarth\/378561\/"},"wordCount":207,"commentCount":0,"publisher":{"@id":"https:\/\/www.webdo.tn\/fr\/#organization"},"image":{"@id":"https:\/\/www.webdo.tn\/fr\/actualite\/national\/la-marsa-des-operations-de-demolition-contre-les-constructions-illegales-a-gammarth\/378561\/#primaryimage"},"thumbnailUrl":"https:\/\/www.webdo.tn\/fr\/wp-content\/uploads\/2025\/06\/Marsa-demolition.jpg","keywords":["Gammarth","La Marsa","Tunisie"],"articleSection":["National"],"inLanguage":"fr-FR"},{"@type":"WebPage","@id":"https:\/\/www.webdo.tn\/fr\/actualite\/national\/la-marsa-des-operations-de-demolition-contre-les-constructions-illegales-a-gammarth\/378561\/","url":"https:\/\/www.webdo.tn\/fr\/actualite\/national\/la-marsa-des-operations-de-demolition-contre-les-constructions-illegales-a-gammarth\/378561\/","name":"La Marsa : Des op\u00e9rations de d\u00e9molition contre les constructions ill\u00e9gales \u00e0 Gammarth - webdo","isPartOf":{"@id":"https:\/\/www.webdo.tn\/fr\/#website"},"primaryImageOfPage":{"@id":"https:\/\/www.webdo.tn\/fr\/actualite\/national\/la-marsa-des-operations-de-demolition-contre-les-constructions-illegales-a-gammarth\/378561\/#primaryimage"},"image":{"@id":"https:\/\/www.webdo.tn\/fr\/actualite\/national\/la-marsa-des-operations-de-demolition-contre-les-constructions-illegales-a-gammarth\/378561\/#primaryimage"},"thumbnailUrl":"https:\/\/www.webdo.tn\/fr\/wp-content\/uploads\/2025\/06\/Marsa-demolition.jpg","datePublished":"2025-06-28T09:30:00+00:00","dateModified":"2025-06-29T11:53:14+00:00","description":"La Marsa a d\u00e9moli des constructions ill\u00e9gales \u00e0 Gammarth pour respecter la r\u00e9glementation urbanistique et prot\u00e9ger le littoral.","breadcrumb":{"@id":"https:\/\/www.webdo.tn\/fr\/actualite\/national\/la-marsa-des-operations-de-demolition-contre-les-constructions-illegales-a-gammarth\/378561\/#breadcrumb"},"inLanguage":"fr-FR","potentialAction":[{"@type":"ReadAction","target":["https:\/\/www.webdo.tn\/fr\/actualite\/national\/la-marsa-des-operations-de-demolition-contre-les-constructions-illegales-a-gammarth\/378561\/"]}]},{"@type":"ImageObject","inLanguage":"fr-FR","@id":"https:\/\/www.webdo.tn\/fr\/actualite\/national\/la-marsa-des-operations-de-demolition-contre-les-constructions-illegales-a-gammarth\/378561\/#primaryimage","url":"https:\/\/www.webdo.tn\/fr\/wp-content\/uploads\/2025\/06\/Marsa-demolition.jpg","contentUrl":"https:\/\/www.webdo.tn\/fr\/wp-content\/uploads\/2025\/06\/Marsa-demolition.jpg","width":1149,"height":656,"caption":"D\u00e9molition de constructions ill\u00e9gales \u00e0 Gammarth lors d\u2019une op\u00e9ration municipale de lutte contre l\u2019urbanisme sauvage."},{"@type":"BreadcrumbList","@id":"https:\/\/www.webdo.tn\/fr\/actualite\/national\/la-marsa-des-operations-de-demolition-contre-les-constructions-illegales-a-gammarth\/378561\/#breadcrumb","itemListElement":[{"@type":"ListItem","position":1,"name":"Accueil","item":"https:\/\/www.webdo.tn\/fr\/"},{"@type":"ListItem","position":2,"name":"La Marsa : Des op\u00e9rations de d\u00e9molition contre les constructions ill\u00e9gales \u00e0 Gammarth"}]},{"@type":"WebSite","@id":"https:\/\/www.webdo.tn\/fr\/#website","url":"https:\/\/www.webdo.tn\/fr\/","name":"webdo","description":"Tunisie - News en Tunisie et \u00e0 l&#039;international sur Webdo.tn","publisher":{"@id":"https:\/\/www.webdo.tn\/fr\/#organization"},"potentialAction":[{"@type":"SearchAction","target":{"@type":"EntryPoint","urlTemplate":"https:\/\/www.webdo.tn\/fr\/?s={search_term_string}"},"query-input":{"@type":"PropertyValueSpecification","valueRequired":true,"valueName":"search_term_string"}}],"inLanguage":"fr-FR"},{"@type":"Organization","@id":"https:\/\/www.webdo.tn\/fr\/#organization","name":"Webdo","alternateName":"Webdo.tn","url":"https:\/\/www.webdo.tn\/fr\/","logo":{"@type":"ImageObject","inLanguage":"fr-FR","@id":"https:\/\/www.webdo.tn\/fr\/#\/schema\/logo\/image\/","url":"https:\/\/www.webdo.tn\/fr\/wp-content\/uploads\/2025\/06\/Webdo-Tunisie_168377.jpg","contentUrl":"https:\/\/www.webdo.tn\/fr\/wp-content\/uploads\/2025\/06\/Webdo-Tunisie_168377.jpg","width":301,"height":301,"caption":"Webdo"},"image":{"@id":"https:\/\/www.webdo.tn\/fr\/#\/schema\/logo\/image\/"},"sameAs":["https:\/\/www.facebook.com\/webdotn","https:\/\/x.com\/webdo_tn"],"description":"Webdo est un m\u00e9dia num\u00e9rique tunisien fond\u00e9 en 2010, sp\u00e9cialis\u00e9 dans l\u2019actualit\u00e9 nationale et internationale, l\u2019\u00e9conomie, la soci\u00e9t\u00e9 et les analyses politiques. Le site s\u2019adresse \u00e0 un large public francophone et couvre l\u2019information tunisienne en temps r\u00e9el.","email":"redac@webdo.tn","legalName":"YNJ SARL","foundingDate":"2010-09-06","numberOfEmployees":{"@type":"QuantitativeValue","minValue":"11","maxValue":"50"}},{"@type":"Person","@id":"https:\/\/www.webdo.tn\/fr\/#\/schema\/person\/19664196c9bfdcda126f3c27709f7d11","name":"Firas Ben Abdeltif","image":{"@type":"ImageObject","inLanguage":"fr-FR","@id":"https:\/\/secure.gravatar.com\/avatar\/161a347d40df098a084778c52ed133dbd85f14df003867067c5948081241ec55?s=96&d=mm&r=g","url":"https:\/\/secure.gravatar.com\/avatar\/161a347d40df098a084778c52ed133dbd85f14df003867067c5948081241ec55?s=96&d=mm&r=g","contentUrl":"https:\/\/secure.gravatar.com\/avatar\/161a347d40df098a084778c52ed133dbd85f14df003867067c5948081241ec55?s=96&d=mm&r=g","caption":"Firas Ben Abdeltif"},"url":"https:\/\/www.webdo.tn\/fr\/actualite\/author\/firas-ben-abdeltif\/"}]}},"_links":{"self":[{"href":"https:\/\/www.webdo.tn\/fr\/wp-json\/wp\/v2\/posts\/378561","targetHints":{"allow":["GET"]}}],"collection":[{"href":"https:\/\/www.webdo.tn\/fr\/wp-json\/wp\/v2\/posts"}],"about":[{"href":"https:\/\/www.webdo.tn\/fr\/wp-json\/wp\/v2\/types\/post"}],"author":[{"embeddable":true,"href":"https:\/\/www.webdo.tn\/fr\/wp-json\/wp\/v2\/users\/4779"}],"replies":[{"embeddable":true,"href":"https:\/\/www.webdo.tn\/fr\/wp-json\/wp\/v2\/comments?post=378561"}],"version-history":[{"count":0,"href":"https:\/\/www.webdo.tn\/fr\/wp-json\/wp\/v2\/posts\/378561\/revisions"}],"wp:featuredmedia":[{"embeddable":true,"href":"https:\/\/www.webdo.tn\/fr\/wp-json\/wp\/v2\/media\/378563"}],"wp:attachment":[{"href":"https:\/\/www.webdo.tn\/fr\/wp-json\/wp\/v2\/media?parent=378561"}],"wp:term":[{"taxonomy":"category","embeddable":true,"href":"https:\/\/www.webdo.tn\/fr\/wp-json\/wp\/v2\/categories?post=378561"},{"taxonomy":"post_tag","embeddable":true,"href":"https:\/\/www.webdo.tn\/fr\/wp-json\/wp\/v2\/tags?post=378561"}],"curies":[{"name":"wp","href":"https:\/\/api.w.org\/{rel}","templated":true}]}}