{"id":378556,"date":"2025-06-28T10:08:08","date_gmt":"2025-06-28T09:08:08","guid":{"rendered":"https:\/\/www.webdo.tn\/fr\/?p=378556"},"modified":"2025-06-28T10:11:01","modified_gmt":"2025-06-28T09:11:01","slug":"un-grave-incident-marque-louverture-du-festival-de-saf-a-el-haouaria","status":"publish","type":"post","link":"https:\/\/www.webdo.tn\/fr\/actualite\/divers\/un-grave-incident-marque-louverture-du-festival-de-saf-a-el-haouaria\/378556\/","title":{"rendered":"Un grave incident marque l\u2019ouverture du Festival de S\u00e2f \u00e0 Haouaria"},"content":{"rendered":"\n<p>Ce qui devait \u00eatre une f\u00eate populaire traditionnelle s\u2019est malheureusement achev\u00e9 dans la douleur. Le spectacle d\u2019ouverture du <strong>Festival de S\u00e2f<\/strong> \u00e0 Haouaria, \u00e9galement appel\u00e9 <strong>Festival de l\u2019\u00c9pervier<\/strong>, a \u00e9t\u00e9 marqu\u00e9 par un grave incident lorsqu\u2019une arme traditionnelle a explos\u00e9 entre les mains d\u2019un participant.<\/p>\n\n\n\n<p>Lors du d\u00e9fil\u00e9, l\u2019homme bless\u00e9 manipulait une <strong>bandoqia<\/strong>, une arme artisanale traditionnelle utilis\u00e9e dans les spectacles folkloriques, lorsque celle-ci a explos\u00e9, causant une blessure grave entra\u00eenant l\u2019amputation de sa main. L\u2019explosion a \u00e9galement bless\u00e9 gri\u00e8vement une femme parmi le public, touch\u00e9e par des \u00e9clats de chevrotine.<\/p>\n\n\n\n<p>Transport\u00e9e en urgence vers un h\u00f4pital de la capitale, la victime demeure dans un \u00e9tat critique. Cet accident a provoqu\u00e9 une panique importante parmi les nombreux spectateurs pr\u00e9sents pour cette ouverture.<\/p>\n\n\n\n<p>Les forces de l\u2019ordre et la protection civile sont rapidement intervenues pour s\u00e9curiser les lieux, tandis qu\u2019une enqu\u00eate a \u00e9t\u00e9 ouverte afin de faire la lumi\u00e8re sur les circonstances exactes du drame.<\/p>\n\n\n\n<p>Ce festival, symbole fort des traditions populaires du Cap Bon et de la Tunisie, est d\u00e9sormais assombri par ce tragique \u00e9v\u00e9nement.<\/p>\n\n\n\n<iframe src=\"https:\/\/www.facebook.com\/plugins\/video.php?height=476&#038;href=https%3A%2F%2Fwww.facebook.com%2Fanis.dridi.28088%2Fvideos%2F24615517784717433%2F&#038;show_text=false&#038;width=263&#038;t=0\" width=\"263\" height=\"476\" style=\"border:none;overflow:hidden\" scrolling=\"no\" frameborder=\"0\" allowfullscreen=\"true\" allow=\"autoplay; clipboard-write; encrypted-media; picture-in-picture; web-share\" allowFullScreen=\"true\"><\/iframe>\n","protected":false},"excerpt":{"rendered":"<p>Ce qui devait \u00eatre une f\u00eate populaire traditionnelle s\u2019est malheureusement achev\u00e9 dans la douleur. Le spectacle d\u2019ouverture du Festival de S\u00e2f \u00e0 Haouaria, \u00e9galement appel\u00e9 Festival de l\u2019\u00c9pervier, a \u00e9t\u00e9 marqu\u00e9 par un grave incident lorsqu\u2019une arme traditionnelle a explos\u00e9 entre les mains d\u2019un participant. Lors du d\u00e9fil\u00e9, l\u2019homme bless\u00e9 manipulait une bandoqia, une arme [&hellip;]<\/p>\n","protected":false},"author":4779,"featured_media":378558,"comment_status":"open","ping_status":"open","sticky":false,"template":"","format":"standard","meta":{"footnotes":""},"categories":[2839],"tags":[2628,8088,2608],"class_list":["post-378556","post","type-post","status-publish","format-standard","has-post-thumbnail","hentry","category-divers","tag-festival","tag-haouaria","tag-tunisie"],"yoast_head":"<!-- This site is optimized with the Yoast SEO Premium plugin v27.4 (Yoast SEO v27.5) - https:\/\/yoast.com\/product\/yoast-seo-premium-wordpress\/ -->\n<title>Un grave incident marque l\u2019ouverture du Festival de S\u00e2f \u00e0 Haouaria - webdo<\/title>\n<meta name=\"description\" content=\"Un grave incident marque l\u2019ouverture du Festival de S\u00e2f \u00e0 El Haouaria, causant blessures et panique parmi les spectateurs.\" \/>\n<link rel=\"canonical\" href=\"https:\/\/www.webdo.tn\/fr\/actualite\/divers\/un-grave-incident-marque-louverture-du-festival-de-saf-a-el-haouaria\/378556\/\" \/>\n<meta property=\"og:locale\" content=\"fr_FR\" \/>\n<meta property=\"og:type\" content=\"article\" \/>\n<meta property=\"og:title\" content=\"Un grave incident marque l\u2019ouverture du Festival de S\u00e2f \u00e0 Haouaria\" \/>\n<meta property=\"og:description\" content=\"Un grave incident marque l\u2019ouverture du Festival de S\u00e2f \u00e0 El Haouaria, causant blessures et panique parmi les spectateurs.\" \/>\n<meta property=\"og:url\" content=\"https:\/\/www.webdo.tn\/fr\/actualite\/divers\/un-grave-incident-marque-louverture-du-festival-de-saf-a-el-haouaria\/378556\/\" \/>\n<meta property=\"og:site_name\" content=\"webdo\" \/>\n<meta property=\"article:publisher\" content=\"https:\/\/www.facebook.com\/webdotn\" \/>\n<meta property=\"article:published_time\" content=\"2025-06-28T09:08:08+00:00\" \/>\n<meta property=\"article:modified_time\" content=\"2025-06-28T09:11:01+00:00\" \/>\n<meta property=\"og:image\" content=\"https:\/\/www.webdo.tn\/fr\/wp-content\/uploads\/2025\/06\/festival-saf.jpg\" \/>\n\t<meta property=\"og:image:width\" content=\"1002\" \/>\n\t<meta property=\"og:image:height\" content=\"621\" \/>\n\t<meta property=\"og:image:type\" content=\"image\/jpeg\" \/>\n<meta name=\"author\" content=\"Firas Ben Abdeltif\" \/>\n<meta name=\"twitter:card\" content=\"summary_large_image\" \/>\n<meta name=\"twitter:creator\" content=\"@webdo_tn\" \/>\n<meta name=\"twitter:site\" content=\"@webdo_tn\" \/>\n<meta name=\"twitter:label1\" content=\"\u00c9crit par\" \/>\n\t<meta name=\"twitter:data1\" content=\"Firas Ben Abdeltif\" \/>\n\t<meta name=\"twitter:label2\" content=\"Dur\u00e9e de lecture estim\u00e9e\" \/>\n\t<meta name=\"twitter:data2\" content=\"2 minutes\" \/>\n<script type=\"application\/ld+json\" class=\"yoast-schema-graph\">{\"@context\":\"https:\\\/\\\/schema.org\",\"@graph\":[{\"@type\":\"NewsArticle\",\"@id\":\"https:\\\/\\\/www.webdo.tn\\\/fr\\\/actualite\\\/divers\\\/un-grave-incident-marque-louverture-du-festival-de-saf-a-el-haouaria\\\/378556\\\/#article\",\"isPartOf\":{\"@id\":\"https:\\\/\\\/www.webdo.tn\\\/fr\\\/actualite\\\/divers\\\/un-grave-incident-marque-louverture-du-festival-de-saf-a-el-haouaria\\\/378556\\\/\"},\"author\":{\"name\":\"Firas Ben Abdeltif\",\"@id\":\"https:\\\/\\\/www.webdo.tn\\\/fr\\\/#\\\/schema\\\/person\\\/19664196c9bfdcda126f3c27709f7d11\"},\"headline\":\"Un grave incident marque l\u2019ouverture du Festival de S\u00e2f \u00e0 Haouaria\",\"datePublished\":\"2025-06-28T09:08:08+00:00\",\"dateModified\":\"2025-06-28T09:11:01+00:00\",\"mainEntityOfPage\":{\"@id\":\"https:\\\/\\\/www.webdo.tn\\\/fr\\\/actualite\\\/divers\\\/un-grave-incident-marque-louverture-du-festival-de-saf-a-el-haouaria\\\/378556\\\/\"},\"wordCount\":211,\"commentCount\":0,\"publisher\":{\"@id\":\"https:\\\/\\\/www.webdo.tn\\\/fr\\\/#organization\"},\"image\":{\"@id\":\"https:\\\/\\\/www.webdo.tn\\\/fr\\\/actualite\\\/divers\\\/un-grave-incident-marque-louverture-du-festival-de-saf-a-el-haouaria\\\/378556\\\/#primaryimage\"},\"thumbnailUrl\":\"https:\\\/\\\/www.webdo.tn\\\/fr\\\/wp-content\\\/uploads\\\/2025\\\/06\\\/festival-saf.jpg\",\"keywords\":[\"Festival\",\"Haouaria\",\"Tunisie\"],\"articleSection\":[\"Divers\"],\"inLanguage\":\"fr-FR\"},{\"@type\":\"WebPage\",\"@id\":\"https:\\\/\\\/www.webdo.tn\\\/fr\\\/actualite\\\/divers\\\/un-grave-incident-marque-louverture-du-festival-de-saf-a-el-haouaria\\\/378556\\\/\",\"url\":\"https:\\\/\\\/www.webdo.tn\\\/fr\\\/actualite\\\/divers\\\/un-grave-incident-marque-louverture-du-festival-de-saf-a-el-haouaria\\\/378556\\\/\",\"name\":\"Un grave incident marque l\u2019ouverture du Festival de S\u00e2f \u00e0 Haouaria - webdo\",\"isPartOf\":{\"@id\":\"https:\\\/\\\/www.webdo.tn\\\/fr\\\/#website\"},\"primaryImageOfPage\":{\"@id\":\"https:\\\/\\\/www.webdo.tn\\\/fr\\\/actualite\\\/divers\\\/un-grave-incident-marque-louverture-du-festival-de-saf-a-el-haouaria\\\/378556\\\/#primaryimage\"},\"image\":{\"@id\":\"https:\\\/\\\/www.webdo.tn\\\/fr\\\/actualite\\\/divers\\\/un-grave-incident-marque-louverture-du-festival-de-saf-a-el-haouaria\\\/378556\\\/#primaryimage\"},\"thumbnailUrl\":\"https:\\\/\\\/www.webdo.tn\\\/fr\\\/wp-content\\\/uploads\\\/2025\\\/06\\\/festival-saf.jpg\",\"datePublished\":\"2025-06-28T09:08:08+00:00\",\"dateModified\":\"2025-06-28T09:11:01+00:00\",\"description\":\"Un grave incident marque l\u2019ouverture du Festival de S\u00e2f \u00e0 El Haouaria, causant blessures et panique parmi les spectateurs.\",\"breadcrumb\":{\"@id\":\"https:\\\/\\\/www.webdo.tn\\\/fr\\\/actualite\\\/divers\\\/un-grave-incident-marque-louverture-du-festival-de-saf-a-el-haouaria\\\/378556\\\/#breadcrumb\"},\"inLanguage\":\"fr-FR\",\"potentialAction\":[{\"@type\":\"ReadAction\",\"target\":[\"https:\\\/\\\/www.webdo.tn\\\/fr\\\/actualite\\\/divers\\\/un-grave-incident-marque-louverture-du-festival-de-saf-a-el-haouaria\\\/378556\\\/\"]}]},{\"@type\":\"ImageObject\",\"inLanguage\":\"fr-FR\",\"@id\":\"https:\\\/\\\/www.webdo.tn\\\/fr\\\/actualite\\\/divers\\\/un-grave-incident-marque-louverture-du-festival-de-saf-a-el-haouaria\\\/378556\\\/#primaryimage\",\"url\":\"https:\\\/\\\/www.webdo.tn\\\/fr\\\/wp-content\\\/uploads\\\/2025\\\/06\\\/festival-saf.jpg\",\"contentUrl\":\"https:\\\/\\\/www.webdo.tn\\\/fr\\\/wp-content\\\/uploads\\\/2025\\\/06\\\/festival-saf.jpg\",\"width\":1002,\"height\":621,\"caption\":\"Sc\u00e8ne du spectacle d\u2019ouverture du Festival de S\u00e2f \u00e0 El Haouaria, o\u00f9 un grave accident s\u2019est produit vendredi soir, causant la blessure s\u00e9v\u00e8re d\u2019un participant et d\u2019une spectatrice.\"},{\"@type\":\"BreadcrumbList\",\"@id\":\"https:\\\/\\\/www.webdo.tn\\\/fr\\\/actualite\\\/divers\\\/un-grave-incident-marque-louverture-du-festival-de-saf-a-el-haouaria\\\/378556\\\/#breadcrumb\",\"itemListElement\":[{\"@type\":\"ListItem\",\"position\":1,\"name\":\"Accueil\",\"item\":\"https:\\\/\\\/www.webdo.tn\\\/fr\\\/\"},{\"@type\":\"ListItem\",\"position\":2,\"name\":\"Un grave incident marque l\u2019ouverture du Festival de S\u00e2f \u00e0 Haouaria\"}]},{\"@type\":\"WebSite\",\"@id\":\"https:\\\/\\\/www.webdo.tn\\\/fr\\\/#website\",\"url\":\"https:\\\/\\\/www.webdo.tn\\\/fr\\\/\",\"name\":\"webdo\",\"description\":\"Tunisie - News en Tunisie et \u00e0 l&#039;international sur Webdo.tn\",\"publisher\":{\"@id\":\"https:\\\/\\\/www.webdo.tn\\\/fr\\\/#organization\"},\"potentialAction\":[{\"@type\":\"SearchAction\",\"target\":{\"@type\":\"EntryPoint\",\"urlTemplate\":\"https:\\\/\\\/www.webdo.tn\\\/fr\\\/?s={search_term_string}\"},\"query-input\":{\"@type\":\"PropertyValueSpecification\",\"valueRequired\":true,\"valueName\":\"search_term_string\"}}],\"inLanguage\":\"fr-FR\"},{\"@type\":\"Organization\",\"@id\":\"https:\\\/\\\/www.webdo.tn\\\/fr\\\/#organization\",\"name\":\"Webdo\",\"alternateName\":\"Webdo.tn\",\"url\":\"https:\\\/\\\/www.webdo.tn\\\/fr\\\/\",\"logo\":{\"@type\":\"ImageObject\",\"inLanguage\":\"fr-FR\",\"@id\":\"https:\\\/\\\/www.webdo.tn\\\/fr\\\/#\\\/schema\\\/logo\\\/image\\\/\",\"url\":\"https:\\\/\\\/www.webdo.tn\\\/fr\\\/wp-content\\\/uploads\\\/2025\\\/06\\\/Webdo-Tunisie_168377.jpg\",\"contentUrl\":\"https:\\\/\\\/www.webdo.tn\\\/fr\\\/wp-content\\\/uploads\\\/2025\\\/06\\\/Webdo-Tunisie_168377.jpg\",\"width\":301,\"height\":301,\"caption\":\"Webdo\"},\"image\":{\"@id\":\"https:\\\/\\\/www.webdo.tn\\\/fr\\\/#\\\/schema\\\/logo\\\/image\\\/\"},\"sameAs\":[\"https:\\\/\\\/www.facebook.com\\\/webdotn\",\"https:\\\/\\\/x.com\\\/webdo_tn\"],\"description\":\"Webdo est un m\u00e9dia num\u00e9rique tunisien fond\u00e9 en 2010, sp\u00e9cialis\u00e9 dans l\u2019actualit\u00e9 nationale et internationale, l\u2019\u00e9conomie, la soci\u00e9t\u00e9 et les analyses politiques. Le site s\u2019adresse \u00e0 un large public francophone et couvre l\u2019information tunisienne en temps r\u00e9el.\",\"email\":\"redac@webdo.tn\",\"legalName\":\"YNJ SARL\",\"foundingDate\":\"2010-09-06\",\"numberOfEmployees\":{\"@type\":\"QuantitativeValue\",\"minValue\":\"11\",\"maxValue\":\"50\"}},{\"@type\":\"Person\",\"@id\":\"https:\\\/\\\/www.webdo.tn\\\/fr\\\/#\\\/schema\\\/person\\\/19664196c9bfdcda126f3c27709f7d11\",\"name\":\"Firas Ben Abdeltif\",\"image\":{\"@type\":\"ImageObject\",\"inLanguage\":\"fr-FR\",\"@id\":\"https:\\\/\\\/secure.gravatar.com\\\/avatar\\\/161a347d40df098a084778c52ed133dbd85f14df003867067c5948081241ec55?s=96&d=mm&r=g\",\"url\":\"https:\\\/\\\/secure.gravatar.com\\\/avatar\\\/161a347d40df098a084778c52ed133dbd85f14df003867067c5948081241ec55?s=96&d=mm&r=g\",\"contentUrl\":\"https:\\\/\\\/secure.gravatar.com\\\/avatar\\\/161a347d40df098a084778c52ed133dbd85f14df003867067c5948081241ec55?s=96&d=mm&r=g\",\"caption\":\"Firas Ben Abdeltif\"},\"url\":\"https:\\\/\\\/www.webdo.tn\\\/fr\\\/actualite\\\/author\\\/firas-ben-abdeltif\\\/\"}]}<\/script>\n<!-- \/ Yoast SEO Premium plugin. -->","yoast_head_json":{"title":"Un grave incident marque l\u2019ouverture du Festival de S\u00e2f \u00e0 Haouaria - webdo","description":"Un grave incident marque l\u2019ouverture du Festival de S\u00e2f \u00e0 El Haouaria, causant blessures et panique parmi les spectateurs.","canonical":"https:\/\/www.webdo.tn\/fr\/actualite\/divers\/un-grave-incident-marque-louverture-du-festival-de-saf-a-el-haouaria\/378556\/","og_locale":"fr_FR","og_type":"article","og_title":"Un grave incident marque l\u2019ouverture du Festival de S\u00e2f \u00e0 Haouaria","og_description":"Un grave incident marque l\u2019ouverture du Festival de S\u00e2f \u00e0 El Haouaria, causant blessures et panique parmi les spectateurs.","og_url":"https:\/\/www.webdo.tn\/fr\/actualite\/divers\/un-grave-incident-marque-louverture-du-festival-de-saf-a-el-haouaria\/378556\/","og_site_name":"webdo","article_publisher":"https:\/\/www.facebook.com\/webdotn","article_published_time":"2025-06-28T09:08:08+00:00","article_modified_time":"2025-06-28T09:11:01+00:00","og_image":[{"width":1002,"height":621,"url":"https:\/\/www.webdo.tn\/fr\/wp-content\/uploads\/2025\/06\/festival-saf.jpg","type":"image\/jpeg"}],"author":"Firas Ben Abdeltif","twitter_card":"summary_large_image","twitter_creator":"@webdo_tn","twitter_site":"@webdo_tn","twitter_misc":{"\u00c9crit par":"Firas Ben Abdeltif","Dur\u00e9e de lecture estim\u00e9e":"2 minutes"},"schema":{"@context":"https:\/\/schema.org","@graph":[{"@type":"NewsArticle","@id":"https:\/\/www.webdo.tn\/fr\/actualite\/divers\/un-grave-incident-marque-louverture-du-festival-de-saf-a-el-haouaria\/378556\/#article","isPartOf":{"@id":"https:\/\/www.webdo.tn\/fr\/actualite\/divers\/un-grave-incident-marque-louverture-du-festival-de-saf-a-el-haouaria\/378556\/"},"author":{"name":"Firas Ben Abdeltif","@id":"https:\/\/www.webdo.tn\/fr\/#\/schema\/person\/19664196c9bfdcda126f3c27709f7d11"},"headline":"Un grave incident marque l\u2019ouverture du Festival de S\u00e2f \u00e0 Haouaria","datePublished":"2025-06-28T09:08:08+00:00","dateModified":"2025-06-28T09:11:01+00:00","mainEntityOfPage":{"@id":"https:\/\/www.webdo.tn\/fr\/actualite\/divers\/un-grave-incident-marque-louverture-du-festival-de-saf-a-el-haouaria\/378556\/"},"wordCount":211,"commentCount":0,"publisher":{"@id":"https:\/\/www.webdo.tn\/fr\/#organization"},"image":{"@id":"https:\/\/www.webdo.tn\/fr\/actualite\/divers\/un-grave-incident-marque-louverture-du-festival-de-saf-a-el-haouaria\/378556\/#primaryimage"},"thumbnailUrl":"https:\/\/www.webdo.tn\/fr\/wp-content\/uploads\/2025\/06\/festival-saf.jpg","keywords":["Festival","Haouaria","Tunisie"],"articleSection":["Divers"],"inLanguage":"fr-FR"},{"@type":"WebPage","@id":"https:\/\/www.webdo.tn\/fr\/actualite\/divers\/un-grave-incident-marque-louverture-du-festival-de-saf-a-el-haouaria\/378556\/","url":"https:\/\/www.webdo.tn\/fr\/actualite\/divers\/un-grave-incident-marque-louverture-du-festival-de-saf-a-el-haouaria\/378556\/","name":"Un grave incident marque l\u2019ouverture du Festival de S\u00e2f \u00e0 Haouaria - webdo","isPartOf":{"@id":"https:\/\/www.webdo.tn\/fr\/#website"},"primaryImageOfPage":{"@id":"https:\/\/www.webdo.tn\/fr\/actualite\/divers\/un-grave-incident-marque-louverture-du-festival-de-saf-a-el-haouaria\/378556\/#primaryimage"},"image":{"@id":"https:\/\/www.webdo.tn\/fr\/actualite\/divers\/un-grave-incident-marque-louverture-du-festival-de-saf-a-el-haouaria\/378556\/#primaryimage"},"thumbnailUrl":"https:\/\/www.webdo.tn\/fr\/wp-content\/uploads\/2025\/06\/festival-saf.jpg","datePublished":"2025-06-28T09:08:08+00:00","dateModified":"2025-06-28T09:11:01+00:00","description":"Un grave incident marque l\u2019ouverture du Festival de S\u00e2f \u00e0 El Haouaria, causant blessures et panique parmi les spectateurs.","breadcrumb":{"@id":"https:\/\/www.webdo.tn\/fr\/actualite\/divers\/un-grave-incident-marque-louverture-du-festival-de-saf-a-el-haouaria\/378556\/#breadcrumb"},"inLanguage":"fr-FR","potentialAction":[{"@type":"ReadAction","target":["https:\/\/www.webdo.tn\/fr\/actualite\/divers\/un-grave-incident-marque-louverture-du-festival-de-saf-a-el-haouaria\/378556\/"]}]},{"@type":"ImageObject","inLanguage":"fr-FR","@id":"https:\/\/www.webdo.tn\/fr\/actualite\/divers\/un-grave-incident-marque-louverture-du-festival-de-saf-a-el-haouaria\/378556\/#primaryimage","url":"https:\/\/www.webdo.tn\/fr\/wp-content\/uploads\/2025\/06\/festival-saf.jpg","contentUrl":"https:\/\/www.webdo.tn\/fr\/wp-content\/uploads\/2025\/06\/festival-saf.jpg","width":1002,"height":621,"caption":"Sc\u00e8ne du spectacle d\u2019ouverture du Festival de S\u00e2f \u00e0 El Haouaria, o\u00f9 un grave accident s\u2019est produit vendredi soir, causant la blessure s\u00e9v\u00e8re d\u2019un participant et d\u2019une spectatrice."},{"@type":"BreadcrumbList","@id":"https:\/\/www.webdo.tn\/fr\/actualite\/divers\/un-grave-incident-marque-louverture-du-festival-de-saf-a-el-haouaria\/378556\/#breadcrumb","itemListElement":[{"@type":"ListItem","position":1,"name":"Accueil","item":"https:\/\/www.webdo.tn\/fr\/"},{"@type":"ListItem","position":2,"name":"Un grave incident marque l\u2019ouverture du Festival de S\u00e2f \u00e0 Haouaria"}]},{"@type":"WebSite","@id":"https:\/\/www.webdo.tn\/fr\/#website","url":"https:\/\/www.webdo.tn\/fr\/","name":"webdo","description":"Tunisie - News en Tunisie et \u00e0 l&#039;international sur Webdo.tn","publisher":{"@id":"https:\/\/www.webdo.tn\/fr\/#organization"},"potentialAction":[{"@type":"SearchAction","target":{"@type":"EntryPoint","urlTemplate":"https:\/\/www.webdo.tn\/fr\/?s={search_term_string}"},"query-input":{"@type":"PropertyValueSpecification","valueRequired":true,"valueName":"search_term_string"}}],"inLanguage":"fr-FR"},{"@type":"Organization","@id":"https:\/\/www.webdo.tn\/fr\/#organization","name":"Webdo","alternateName":"Webdo.tn","url":"https:\/\/www.webdo.tn\/fr\/","logo":{"@type":"ImageObject","inLanguage":"fr-FR","@id":"https:\/\/www.webdo.tn\/fr\/#\/schema\/logo\/image\/","url":"https:\/\/www.webdo.tn\/fr\/wp-content\/uploads\/2025\/06\/Webdo-Tunisie_168377.jpg","contentUrl":"https:\/\/www.webdo.tn\/fr\/wp-content\/uploads\/2025\/06\/Webdo-Tunisie_168377.jpg","width":301,"height":301,"caption":"Webdo"},"image":{"@id":"https:\/\/www.webdo.tn\/fr\/#\/schema\/logo\/image\/"},"sameAs":["https:\/\/www.facebook.com\/webdotn","https:\/\/x.com\/webdo_tn"],"description":"Webdo est un m\u00e9dia num\u00e9rique tunisien fond\u00e9 en 2010, sp\u00e9cialis\u00e9 dans l\u2019actualit\u00e9 nationale et internationale, l\u2019\u00e9conomie, la soci\u00e9t\u00e9 et les analyses politiques. Le site s\u2019adresse \u00e0 un large public francophone et couvre l\u2019information tunisienne en temps r\u00e9el.","email":"redac@webdo.tn","legalName":"YNJ SARL","foundingDate":"2010-09-06","numberOfEmployees":{"@type":"QuantitativeValue","minValue":"11","maxValue":"50"}},{"@type":"Person","@id":"https:\/\/www.webdo.tn\/fr\/#\/schema\/person\/19664196c9bfdcda126f3c27709f7d11","name":"Firas Ben Abdeltif","image":{"@type":"ImageObject","inLanguage":"fr-FR","@id":"https:\/\/secure.gravatar.com\/avatar\/161a347d40df098a084778c52ed133dbd85f14df003867067c5948081241ec55?s=96&d=mm&r=g","url":"https:\/\/secure.gravatar.com\/avatar\/161a347d40df098a084778c52ed133dbd85f14df003867067c5948081241ec55?s=96&d=mm&r=g","contentUrl":"https:\/\/secure.gravatar.com\/avatar\/161a347d40df098a084778c52ed133dbd85f14df003867067c5948081241ec55?s=96&d=mm&r=g","caption":"Firas Ben Abdeltif"},"url":"https:\/\/www.webdo.tn\/fr\/actualite\/author\/firas-ben-abdeltif\/"}]}},"_links":{"self":[{"href":"https:\/\/www.webdo.tn\/fr\/wp-json\/wp\/v2\/posts\/378556","targetHints":{"allow":["GET"]}}],"collection":[{"href":"https:\/\/www.webdo.tn\/fr\/wp-json\/wp\/v2\/posts"}],"about":[{"href":"https:\/\/www.webdo.tn\/fr\/wp-json\/wp\/v2\/types\/post"}],"author":[{"embeddable":true,"href":"https:\/\/www.webdo.tn\/fr\/wp-json\/wp\/v2\/users\/4779"}],"replies":[{"embeddable":true,"href":"https:\/\/www.webdo.tn\/fr\/wp-json\/wp\/v2\/comments?post=378556"}],"version-history":[{"count":0,"href":"https:\/\/www.webdo.tn\/fr\/wp-json\/wp\/v2\/posts\/378556\/revisions"}],"wp:featuredmedia":[{"embeddable":true,"href":"https:\/\/www.webdo.tn\/fr\/wp-json\/wp\/v2\/media\/378558"}],"wp:attachment":[{"href":"https:\/\/www.webdo.tn\/fr\/wp-json\/wp\/v2\/media?parent=378556"}],"wp:term":[{"taxonomy":"category","embeddable":true,"href":"https:\/\/www.webdo.tn\/fr\/wp-json\/wp\/v2\/categories?post=378556"},{"taxonomy":"post_tag","embeddable":true,"href":"https:\/\/www.webdo.tn\/fr\/wp-json\/wp\/v2\/tags?post=378556"}],"curies":[{"name":"wp","href":"https:\/\/api.w.org\/{rel}","templated":true}]}}