{"id":378546,"date":"2025-06-27T18:26:19","date_gmt":"2025-06-27T17:26:19","guid":{"rendered":"https:\/\/www.webdo.tn\/fr\/?p=378546"},"modified":"2025-06-29T10:12:47","modified_gmt":"2025-06-29T09:12:47","slug":"bechir-akermi-renvoye-devant-la-chambre-criminelle","status":"publish","type":"post","link":"https:\/\/www.webdo.tn\/fr\/actualite\/national\/bechir-akermi-renvoye-devant-la-chambre-criminelle\/378546\/","title":{"rendered":"B\u00e9chir Akermi renvoy\u00e9 devant la chambre criminelle"},"content":{"rendered":"\n<p>La Chambre d&rsquo;accusation pr\u00e8s la Cour d&rsquo;appel de Tunis a d\u00e9cid\u00e9 de renvoyer l&rsquo;ancien magistrat B\u00e9chir Akermi devant la chambre criminelle du Tribunal de premi\u00e8re instance de Tunis, a indiqu\u00e9 vendredi \u00e0 l\u2019agence TAP l\u2019avocat Hamadi Zafraani, membre du collectif de d\u00e9fense.<\/p>\n\n\n\n<p>Le juge d&rsquo;instruction et ex-procureur de la R\u00e9publique, r\u00e9voqu\u00e9 en 2021, sera poursuivi pour des faits pr\u00e9sum\u00e9s de \u00ab falsification, d\u00e9tention et usage de documents falsifi\u00e9s \u00bb.<\/p>\n\n\n\n<p>Akermi est notamment connu pour avoir dirig\u00e9 l\u2019enqu\u00eate sur les assassinats des opposants Chokri Bela\u00efd et Mohamed Brahmi, deux figures majeures de la sc\u00e8ne politique tunisienne tu\u00e9es en 2013.<\/p>\n\n\n\n<p>Cette nouvelle d\u00e9cision intervient quelques mois apr\u00e8s l\u2019arr\u00eat de la Cour de cassation du 26 f\u00e9vrier 2025, qui avait annul\u00e9 une pr\u00e9c\u00e9dente d\u00e9cision de renvoi prise par la Chambre d\u2019accusation de la Cour d\u2019appel, ordonnant un r\u00e9examen du dossier.<\/p>\n\n\n\n<p>Le magistrat d\u00e9chu est vis\u00e9 depuis plusieurs ann\u00e9es par des plaintes du Parti des Patriotes D\u00e9mocrates Unis et des proches des deux martyrs. Un mandat de d\u00e9p\u00f4t avait \u00e9t\u00e9 \u00e9mis \u00e0 son encontre en 2023, ainsi que deux mandats d\u2019arr\u00eat successifs dans le cadre de ces affaires non \u00e9lucid\u00e9es.<\/p>\n","protected":false},"excerpt":{"rendered":"<p>La Chambre d&rsquo;accusation pr\u00e8s la Cour d&rsquo;appel de Tunis a d\u00e9cid\u00e9 de renvoyer l&rsquo;ancien magistrat B\u00e9chir Akermi devant la chambre criminelle du Tribunal de premi\u00e8re instance de Tunis, a indiqu\u00e9 vendredi \u00e0 l\u2019agence TAP l\u2019avocat Hamadi Zafraani, membre du collectif de d\u00e9fense. Le juge d&rsquo;instruction et ex-procureur de la R\u00e9publique, r\u00e9voqu\u00e9 en 2021, sera poursuivi [&hellip;]<\/p>\n","protected":false},"author":3203,"featured_media":350113,"comment_status":"open","ping_status":"open","sticky":false,"template":"","format":"standard","meta":{"footnotes":""},"categories":[44],"tags":[5457,3262,2619,2608],"class_list":["post-378546","post","type-post","status-publish","format-standard","has-post-thumbnail","hentry","category-national","tag-bechir-akremi","tag-chokri-belaid","tag-justice","tag-tunisie"],"yoast_head":"<!-- This site is optimized with the Yoast SEO Premium plugin v27.4 (Yoast SEO v27.5) - https:\/\/yoast.com\/product\/yoast-seo-premium-wordpress\/ -->\n<title>B\u00e9chir Akermi renvoy\u00e9 devant la chambre criminelle - webdo<\/title>\n<meta name=\"description\" content=\"B\u00e9chir Akermi renvoy\u00e9 devant la chambre criminelle pour falsification de documents. D\u00e9couvrez les d\u00e9tails de cette affaire.\" \/>\n<link rel=\"canonical\" href=\"https:\/\/www.webdo.tn\/fr\/actualite\/national\/bechir-akermi-renvoye-devant-la-chambre-criminelle\/378546\/\" \/>\n<meta property=\"og:locale\" content=\"fr_FR\" \/>\n<meta property=\"og:type\" content=\"article\" \/>\n<meta property=\"og:title\" content=\"B\u00e9chir Akermi renvoy\u00e9 devant la chambre criminelle\" \/>\n<meta property=\"og:description\" content=\"B\u00e9chir Akermi renvoy\u00e9 devant la chambre criminelle pour falsification de documents. D\u00e9couvrez les d\u00e9tails de cette affaire.\" \/>\n<meta property=\"og:url\" content=\"https:\/\/www.webdo.tn\/fr\/actualite\/national\/bechir-akermi-renvoye-devant-la-chambre-criminelle\/378546\/\" \/>\n<meta property=\"og:site_name\" content=\"webdo\" \/>\n<meta property=\"article:publisher\" content=\"https:\/\/www.facebook.com\/webdotn\" \/>\n<meta property=\"article:published_time\" content=\"2025-06-27T17:26:19+00:00\" \/>\n<meta property=\"article:modified_time\" content=\"2025-06-29T09:12:47+00:00\" \/>\n<meta property=\"og:image\" content=\"https:\/\/www.webdo.tn\/fr\/wp-content\/uploads\/2022\/02\/Bechir-Akremi-1.jpg\" \/>\n\t<meta property=\"og:image:width\" content=\"572\" \/>\n\t<meta property=\"og:image:height\" content=\"347\" \/>\n\t<meta property=\"og:image:type\" content=\"image\/jpeg\" \/>\n<meta name=\"author\" content=\"Ramzi Haddad\" \/>\n<meta name=\"twitter:card\" content=\"summary_large_image\" \/>\n<meta name=\"twitter:creator\" content=\"@webdo_tn\" \/>\n<meta name=\"twitter:site\" content=\"@webdo_tn\" \/>\n<meta name=\"twitter:label1\" content=\"\u00c9crit par\" \/>\n\t<meta name=\"twitter:data1\" content=\"Ramzi Haddad\" \/>\n\t<meta name=\"twitter:label2\" content=\"Dur\u00e9e de lecture estim\u00e9e\" \/>\n\t<meta name=\"twitter:data2\" content=\"2 minutes\" \/>\n<script type=\"application\/ld+json\" class=\"yoast-schema-graph\">{\"@context\":\"https:\\\/\\\/schema.org\",\"@graph\":[{\"@type\":\"NewsArticle\",\"@id\":\"https:\\\/\\\/www.webdo.tn\\\/fr\\\/actualite\\\/national\\\/bechir-akermi-renvoye-devant-la-chambre-criminelle\\\/378546\\\/#article\",\"isPartOf\":{\"@id\":\"https:\\\/\\\/www.webdo.tn\\\/fr\\\/actualite\\\/national\\\/bechir-akermi-renvoye-devant-la-chambre-criminelle\\\/378546\\\/\"},\"author\":{\"name\":\"Ramzi Haddad\",\"@id\":\"https:\\\/\\\/www.webdo.tn\\\/fr\\\/#\\\/schema\\\/person\\\/5663044c25eb36d8f88ba5b653f12f8c\"},\"headline\":\"B\u00e9chir Akermi renvoy\u00e9 devant la chambre criminelle\",\"datePublished\":\"2025-06-27T17:26:19+00:00\",\"dateModified\":\"2025-06-29T09:12:47+00:00\",\"mainEntityOfPage\":{\"@id\":\"https:\\\/\\\/www.webdo.tn\\\/fr\\\/actualite\\\/national\\\/bechir-akermi-renvoye-devant-la-chambre-criminelle\\\/378546\\\/\"},\"wordCount\":226,\"commentCount\":0,\"publisher\":{\"@id\":\"https:\\\/\\\/www.webdo.tn\\\/fr\\\/#organization\"},\"image\":{\"@id\":\"https:\\\/\\\/www.webdo.tn\\\/fr\\\/actualite\\\/national\\\/bechir-akermi-renvoye-devant-la-chambre-criminelle\\\/378546\\\/#primaryimage\"},\"thumbnailUrl\":\"https:\\\/\\\/www.webdo.tn\\\/fr\\\/wp-content\\\/uploads\\\/2022\\\/02\\\/Bechir-Akremi-1.jpg\",\"keywords\":[\"bechir akremi\",\"chokri belaid\",\"justice\",\"Tunisie\"],\"articleSection\":[\"National\"],\"inLanguage\":\"fr-FR\"},{\"@type\":\"WebPage\",\"@id\":\"https:\\\/\\\/www.webdo.tn\\\/fr\\\/actualite\\\/national\\\/bechir-akermi-renvoye-devant-la-chambre-criminelle\\\/378546\\\/\",\"url\":\"https:\\\/\\\/www.webdo.tn\\\/fr\\\/actualite\\\/national\\\/bechir-akermi-renvoye-devant-la-chambre-criminelle\\\/378546\\\/\",\"name\":\"B\u00e9chir Akermi renvoy\u00e9 devant la chambre criminelle - webdo\",\"isPartOf\":{\"@id\":\"https:\\\/\\\/www.webdo.tn\\\/fr\\\/#website\"},\"primaryImageOfPage\":{\"@id\":\"https:\\\/\\\/www.webdo.tn\\\/fr\\\/actualite\\\/national\\\/bechir-akermi-renvoye-devant-la-chambre-criminelle\\\/378546\\\/#primaryimage\"},\"image\":{\"@id\":\"https:\\\/\\\/www.webdo.tn\\\/fr\\\/actualite\\\/national\\\/bechir-akermi-renvoye-devant-la-chambre-criminelle\\\/378546\\\/#primaryimage\"},\"thumbnailUrl\":\"https:\\\/\\\/www.webdo.tn\\\/fr\\\/wp-content\\\/uploads\\\/2022\\\/02\\\/Bechir-Akremi-1.jpg\",\"datePublished\":\"2025-06-27T17:26:19+00:00\",\"dateModified\":\"2025-06-29T09:12:47+00:00\",\"description\":\"B\u00e9chir Akermi renvoy\u00e9 devant la chambre criminelle pour falsification de documents. D\u00e9couvrez les d\u00e9tails de cette affaire.\",\"breadcrumb\":{\"@id\":\"https:\\\/\\\/www.webdo.tn\\\/fr\\\/actualite\\\/national\\\/bechir-akermi-renvoye-devant-la-chambre-criminelle\\\/378546\\\/#breadcrumb\"},\"inLanguage\":\"fr-FR\",\"potentialAction\":[{\"@type\":\"ReadAction\",\"target\":[\"https:\\\/\\\/www.webdo.tn\\\/fr\\\/actualite\\\/national\\\/bechir-akermi-renvoye-devant-la-chambre-criminelle\\\/378546\\\/\"]}]},{\"@type\":\"ImageObject\",\"inLanguage\":\"fr-FR\",\"@id\":\"https:\\\/\\\/www.webdo.tn\\\/fr\\\/actualite\\\/national\\\/bechir-akermi-renvoye-devant-la-chambre-criminelle\\\/378546\\\/#primaryimage\",\"url\":\"https:\\\/\\\/www.webdo.tn\\\/fr\\\/wp-content\\\/uploads\\\/2022\\\/02\\\/Bechir-Akremi-1.jpg\",\"contentUrl\":\"https:\\\/\\\/www.webdo.tn\\\/fr\\\/wp-content\\\/uploads\\\/2022\\\/02\\\/Bechir-Akremi-1.jpg\",\"width\":572,\"height\":347,\"caption\":\"Affaire Belaid-Brahmi : Bechir Akremi dans le collimateur de la justice\"},{\"@type\":\"BreadcrumbList\",\"@id\":\"https:\\\/\\\/www.webdo.tn\\\/fr\\\/actualite\\\/national\\\/bechir-akermi-renvoye-devant-la-chambre-criminelle\\\/378546\\\/#breadcrumb\",\"itemListElement\":[{\"@type\":\"ListItem\",\"position\":1,\"name\":\"Accueil\",\"item\":\"https:\\\/\\\/www.webdo.tn\\\/fr\\\/\"},{\"@type\":\"ListItem\",\"position\":2,\"name\":\"B\u00e9chir Akermi renvoy\u00e9 devant la chambre criminelle\"}]},{\"@type\":\"WebSite\",\"@id\":\"https:\\\/\\\/www.webdo.tn\\\/fr\\\/#website\",\"url\":\"https:\\\/\\\/www.webdo.tn\\\/fr\\\/\",\"name\":\"webdo\",\"description\":\"Tunisie - News en Tunisie et \u00e0 l&#039;international sur Webdo.tn\",\"publisher\":{\"@id\":\"https:\\\/\\\/www.webdo.tn\\\/fr\\\/#organization\"},\"potentialAction\":[{\"@type\":\"SearchAction\",\"target\":{\"@type\":\"EntryPoint\",\"urlTemplate\":\"https:\\\/\\\/www.webdo.tn\\\/fr\\\/?s={search_term_string}\"},\"query-input\":{\"@type\":\"PropertyValueSpecification\",\"valueRequired\":true,\"valueName\":\"search_term_string\"}}],\"inLanguage\":\"fr-FR\"},{\"@type\":\"Organization\",\"@id\":\"https:\\\/\\\/www.webdo.tn\\\/fr\\\/#organization\",\"name\":\"Webdo\",\"alternateName\":\"Webdo.tn\",\"url\":\"https:\\\/\\\/www.webdo.tn\\\/fr\\\/\",\"logo\":{\"@type\":\"ImageObject\",\"inLanguage\":\"fr-FR\",\"@id\":\"https:\\\/\\\/www.webdo.tn\\\/fr\\\/#\\\/schema\\\/logo\\\/image\\\/\",\"url\":\"https:\\\/\\\/www.webdo.tn\\\/fr\\\/wp-content\\\/uploads\\\/2025\\\/06\\\/Webdo-Tunisie_168377.jpg\",\"contentUrl\":\"https:\\\/\\\/www.webdo.tn\\\/fr\\\/wp-content\\\/uploads\\\/2025\\\/06\\\/Webdo-Tunisie_168377.jpg\",\"width\":301,\"height\":301,\"caption\":\"Webdo\"},\"image\":{\"@id\":\"https:\\\/\\\/www.webdo.tn\\\/fr\\\/#\\\/schema\\\/logo\\\/image\\\/\"},\"sameAs\":[\"https:\\\/\\\/www.facebook.com\\\/webdotn\",\"https:\\\/\\\/x.com\\\/webdo_tn\"],\"description\":\"Webdo est un m\u00e9dia num\u00e9rique tunisien fond\u00e9 en 2010, sp\u00e9cialis\u00e9 dans l\u2019actualit\u00e9 nationale et internationale, l\u2019\u00e9conomie, la soci\u00e9t\u00e9 et les analyses politiques. Le site s\u2019adresse \u00e0 un large public francophone et couvre l\u2019information tunisienne en temps r\u00e9el.\",\"email\":\"redac@webdo.tn\",\"legalName\":\"YNJ SARL\",\"foundingDate\":\"2010-09-06\",\"numberOfEmployees\":{\"@type\":\"QuantitativeValue\",\"minValue\":\"11\",\"maxValue\":\"50\"}},{\"@type\":\"Person\",\"@id\":\"https:\\\/\\\/www.webdo.tn\\\/fr\\\/#\\\/schema\\\/person\\\/5663044c25eb36d8f88ba5b653f12f8c\",\"name\":\"Ramzi Haddad\",\"image\":{\"@type\":\"ImageObject\",\"inLanguage\":\"fr-FR\",\"@id\":\"https:\\\/\\\/www.webdo.tn\\\/fr\\\/wp-content\\\/uploads\\\/2026\\\/04\\\/ramzi-haddad_avatar-96x96.jpg\",\"url\":\"https:\\\/\\\/www.webdo.tn\\\/fr\\\/wp-content\\\/uploads\\\/2026\\\/04\\\/ramzi-haddad_avatar-96x96.jpg\",\"contentUrl\":\"https:\\\/\\\/www.webdo.tn\\\/fr\\\/wp-content\\\/uploads\\\/2026\\\/04\\\/ramzi-haddad_avatar-96x96.jpg\",\"caption\":\"Ramzi Haddad\"},\"description\":\"Signature \u00e9ditoriale de Walid Ben Youssef Ramzi Haddad est le pseudonyme \u00e9ditorial de Walid Ben Youssef, fondateur et g\u00e9rant de Webdo.tn. Cette signature est d\u00e9di\u00e9e \u00e0 la couverture de l'actualit\u00e9 nationale et internationale, ainsi qu'aux analyses des dynamiques num\u00e9riques. Ce profil b\u00e9n\u00e9ficie de l'expertise de Walid Ben Youssef, pionnier du web en Tunisie depuis 2000 et dipl\u00f4m\u00e9 en Math\u00e9matiques pures de l'Universit\u00e9 d'Oregon. \u00c0 travers cette signature, la r\u00e9daction de Webdo garantit une information structur\u00e9e et v\u00e9rifi\u00e9e, fid\u00e8le aux standards journalistiques du m\u00e9dia.\",\"url\":\"https:\\\/\\\/www.webdo.tn\\\/fr\\\/actualite\\\/author\\\/ramzi-haddad\\\/\"}]}<\/script>\n<!-- \/ Yoast SEO Premium plugin. -->","yoast_head_json":{"title":"B\u00e9chir Akermi renvoy\u00e9 devant la chambre criminelle - webdo","description":"B\u00e9chir Akermi renvoy\u00e9 devant la chambre criminelle pour falsification de documents. D\u00e9couvrez les d\u00e9tails de cette affaire.","canonical":"https:\/\/www.webdo.tn\/fr\/actualite\/national\/bechir-akermi-renvoye-devant-la-chambre-criminelle\/378546\/","og_locale":"fr_FR","og_type":"article","og_title":"B\u00e9chir Akermi renvoy\u00e9 devant la chambre criminelle","og_description":"B\u00e9chir Akermi renvoy\u00e9 devant la chambre criminelle pour falsification de documents. D\u00e9couvrez les d\u00e9tails de cette affaire.","og_url":"https:\/\/www.webdo.tn\/fr\/actualite\/national\/bechir-akermi-renvoye-devant-la-chambre-criminelle\/378546\/","og_site_name":"webdo","article_publisher":"https:\/\/www.facebook.com\/webdotn","article_published_time":"2025-06-27T17:26:19+00:00","article_modified_time":"2025-06-29T09:12:47+00:00","og_image":[{"width":572,"height":347,"url":"https:\/\/www.webdo.tn\/fr\/wp-content\/uploads\/2022\/02\/Bechir-Akremi-1.jpg","type":"image\/jpeg"}],"author":"Ramzi Haddad","twitter_card":"summary_large_image","twitter_creator":"@webdo_tn","twitter_site":"@webdo_tn","twitter_misc":{"\u00c9crit par":"Ramzi Haddad","Dur\u00e9e de lecture estim\u00e9e":"2 minutes"},"schema":{"@context":"https:\/\/schema.org","@graph":[{"@type":"NewsArticle","@id":"https:\/\/www.webdo.tn\/fr\/actualite\/national\/bechir-akermi-renvoye-devant-la-chambre-criminelle\/378546\/#article","isPartOf":{"@id":"https:\/\/www.webdo.tn\/fr\/actualite\/national\/bechir-akermi-renvoye-devant-la-chambre-criminelle\/378546\/"},"author":{"name":"Ramzi Haddad","@id":"https:\/\/www.webdo.tn\/fr\/#\/schema\/person\/5663044c25eb36d8f88ba5b653f12f8c"},"headline":"B\u00e9chir Akermi renvoy\u00e9 devant la chambre criminelle","datePublished":"2025-06-27T17:26:19+00:00","dateModified":"2025-06-29T09:12:47+00:00","mainEntityOfPage":{"@id":"https:\/\/www.webdo.tn\/fr\/actualite\/national\/bechir-akermi-renvoye-devant-la-chambre-criminelle\/378546\/"},"wordCount":226,"commentCount":0,"publisher":{"@id":"https:\/\/www.webdo.tn\/fr\/#organization"},"image":{"@id":"https:\/\/www.webdo.tn\/fr\/actualite\/national\/bechir-akermi-renvoye-devant-la-chambre-criminelle\/378546\/#primaryimage"},"thumbnailUrl":"https:\/\/www.webdo.tn\/fr\/wp-content\/uploads\/2022\/02\/Bechir-Akremi-1.jpg","keywords":["bechir akremi","chokri belaid","justice","Tunisie"],"articleSection":["National"],"inLanguage":"fr-FR"},{"@type":"WebPage","@id":"https:\/\/www.webdo.tn\/fr\/actualite\/national\/bechir-akermi-renvoye-devant-la-chambre-criminelle\/378546\/","url":"https:\/\/www.webdo.tn\/fr\/actualite\/national\/bechir-akermi-renvoye-devant-la-chambre-criminelle\/378546\/","name":"B\u00e9chir Akermi renvoy\u00e9 devant la chambre criminelle - webdo","isPartOf":{"@id":"https:\/\/www.webdo.tn\/fr\/#website"},"primaryImageOfPage":{"@id":"https:\/\/www.webdo.tn\/fr\/actualite\/national\/bechir-akermi-renvoye-devant-la-chambre-criminelle\/378546\/#primaryimage"},"image":{"@id":"https:\/\/www.webdo.tn\/fr\/actualite\/national\/bechir-akermi-renvoye-devant-la-chambre-criminelle\/378546\/#primaryimage"},"thumbnailUrl":"https:\/\/www.webdo.tn\/fr\/wp-content\/uploads\/2022\/02\/Bechir-Akremi-1.jpg","datePublished":"2025-06-27T17:26:19+00:00","dateModified":"2025-06-29T09:12:47+00:00","description":"B\u00e9chir Akermi renvoy\u00e9 devant la chambre criminelle pour falsification de documents. D\u00e9couvrez les d\u00e9tails de cette affaire.","breadcrumb":{"@id":"https:\/\/www.webdo.tn\/fr\/actualite\/national\/bechir-akermi-renvoye-devant-la-chambre-criminelle\/378546\/#breadcrumb"},"inLanguage":"fr-FR","potentialAction":[{"@type":"ReadAction","target":["https:\/\/www.webdo.tn\/fr\/actualite\/national\/bechir-akermi-renvoye-devant-la-chambre-criminelle\/378546\/"]}]},{"@type":"ImageObject","inLanguage":"fr-FR","@id":"https:\/\/www.webdo.tn\/fr\/actualite\/national\/bechir-akermi-renvoye-devant-la-chambre-criminelle\/378546\/#primaryimage","url":"https:\/\/www.webdo.tn\/fr\/wp-content\/uploads\/2022\/02\/Bechir-Akremi-1.jpg","contentUrl":"https:\/\/www.webdo.tn\/fr\/wp-content\/uploads\/2022\/02\/Bechir-Akremi-1.jpg","width":572,"height":347,"caption":"Affaire Belaid-Brahmi : Bechir Akremi dans le collimateur de la justice"},{"@type":"BreadcrumbList","@id":"https:\/\/www.webdo.tn\/fr\/actualite\/national\/bechir-akermi-renvoye-devant-la-chambre-criminelle\/378546\/#breadcrumb","itemListElement":[{"@type":"ListItem","position":1,"name":"Accueil","item":"https:\/\/www.webdo.tn\/fr\/"},{"@type":"ListItem","position":2,"name":"B\u00e9chir Akermi renvoy\u00e9 devant la chambre criminelle"}]},{"@type":"WebSite","@id":"https:\/\/www.webdo.tn\/fr\/#website","url":"https:\/\/www.webdo.tn\/fr\/","name":"webdo","description":"Tunisie - News en Tunisie et \u00e0 l&#039;international sur Webdo.tn","publisher":{"@id":"https:\/\/www.webdo.tn\/fr\/#organization"},"potentialAction":[{"@type":"SearchAction","target":{"@type":"EntryPoint","urlTemplate":"https:\/\/www.webdo.tn\/fr\/?s={search_term_string}"},"query-input":{"@type":"PropertyValueSpecification","valueRequired":true,"valueName":"search_term_string"}}],"inLanguage":"fr-FR"},{"@type":"Organization","@id":"https:\/\/www.webdo.tn\/fr\/#organization","name":"Webdo","alternateName":"Webdo.tn","url":"https:\/\/www.webdo.tn\/fr\/","logo":{"@type":"ImageObject","inLanguage":"fr-FR","@id":"https:\/\/www.webdo.tn\/fr\/#\/schema\/logo\/image\/","url":"https:\/\/www.webdo.tn\/fr\/wp-content\/uploads\/2025\/06\/Webdo-Tunisie_168377.jpg","contentUrl":"https:\/\/www.webdo.tn\/fr\/wp-content\/uploads\/2025\/06\/Webdo-Tunisie_168377.jpg","width":301,"height":301,"caption":"Webdo"},"image":{"@id":"https:\/\/www.webdo.tn\/fr\/#\/schema\/logo\/image\/"},"sameAs":["https:\/\/www.facebook.com\/webdotn","https:\/\/x.com\/webdo_tn"],"description":"Webdo est un m\u00e9dia num\u00e9rique tunisien fond\u00e9 en 2010, sp\u00e9cialis\u00e9 dans l\u2019actualit\u00e9 nationale et internationale, l\u2019\u00e9conomie, la soci\u00e9t\u00e9 et les analyses politiques. Le site s\u2019adresse \u00e0 un large public francophone et couvre l\u2019information tunisienne en temps r\u00e9el.","email":"redac@webdo.tn","legalName":"YNJ SARL","foundingDate":"2010-09-06","numberOfEmployees":{"@type":"QuantitativeValue","minValue":"11","maxValue":"50"}},{"@type":"Person","@id":"https:\/\/www.webdo.tn\/fr\/#\/schema\/person\/5663044c25eb36d8f88ba5b653f12f8c","name":"Ramzi Haddad","image":{"@type":"ImageObject","inLanguage":"fr-FR","@id":"https:\/\/www.webdo.tn\/fr\/wp-content\/uploads\/2026\/04\/ramzi-haddad_avatar-96x96.jpg","url":"https:\/\/www.webdo.tn\/fr\/wp-content\/uploads\/2026\/04\/ramzi-haddad_avatar-96x96.jpg","contentUrl":"https:\/\/www.webdo.tn\/fr\/wp-content\/uploads\/2026\/04\/ramzi-haddad_avatar-96x96.jpg","caption":"Ramzi Haddad"},"description":"Signature \u00e9ditoriale de Walid Ben Youssef Ramzi Haddad est le pseudonyme \u00e9ditorial de Walid Ben Youssef, fondateur et g\u00e9rant de Webdo.tn. Cette signature est d\u00e9di\u00e9e \u00e0 la couverture de l'actualit\u00e9 nationale et internationale, ainsi qu'aux analyses des dynamiques num\u00e9riques. Ce profil b\u00e9n\u00e9ficie de l'expertise de Walid Ben Youssef, pionnier du web en Tunisie depuis 2000 et dipl\u00f4m\u00e9 en Math\u00e9matiques pures de l'Universit\u00e9 d'Oregon. \u00c0 travers cette signature, la r\u00e9daction de Webdo garantit une information structur\u00e9e et v\u00e9rifi\u00e9e, fid\u00e8le aux standards journalistiques du m\u00e9dia.","url":"https:\/\/www.webdo.tn\/fr\/actualite\/author\/ramzi-haddad\/"}]}},"_links":{"self":[{"href":"https:\/\/www.webdo.tn\/fr\/wp-json\/wp\/v2\/posts\/378546","targetHints":{"allow":["GET"]}}],"collection":[{"href":"https:\/\/www.webdo.tn\/fr\/wp-json\/wp\/v2\/posts"}],"about":[{"href":"https:\/\/www.webdo.tn\/fr\/wp-json\/wp\/v2\/types\/post"}],"author":[{"embeddable":true,"href":"https:\/\/www.webdo.tn\/fr\/wp-json\/wp\/v2\/users\/3203"}],"replies":[{"embeddable":true,"href":"https:\/\/www.webdo.tn\/fr\/wp-json\/wp\/v2\/comments?post=378546"}],"version-history":[{"count":0,"href":"https:\/\/www.webdo.tn\/fr\/wp-json\/wp\/v2\/posts\/378546\/revisions"}],"wp:featuredmedia":[{"embeddable":true,"href":"https:\/\/www.webdo.tn\/fr\/wp-json\/wp\/v2\/media\/350113"}],"wp:attachment":[{"href":"https:\/\/www.webdo.tn\/fr\/wp-json\/wp\/v2\/media?parent=378546"}],"wp:term":[{"taxonomy":"category","embeddable":true,"href":"https:\/\/www.webdo.tn\/fr\/wp-json\/wp\/v2\/categories?post=378546"},{"taxonomy":"post_tag","embeddable":true,"href":"https:\/\/www.webdo.tn\/fr\/wp-json\/wp\/v2\/tags?post=378546"}],"curies":[{"name":"wp","href":"https:\/\/api.w.org\/{rel}","templated":true}]}}