{"id":378539,"date":"2025-06-27T15:37:28","date_gmt":"2025-06-27T14:37:28","guid":{"rendered":"https:\/\/www.webdo.tn\/fr\/?p=378539"},"modified":"2025-06-27T15:42:44","modified_gmt":"2025-06-27T14:42:44","slug":"internet-pour-tous-letat-relance-la-couverture-des-zones-blanches","status":"publish","type":"post","link":"https:\/\/www.webdo.tn\/fr\/actualite\/national\/internet-pour-tous-letat-relance-la-couverture-des-zones-blanches\/378539\/","title":{"rendered":"Tunisie &#8211; Internet pour tous : L\u2019\u00c9tat relance la couverture des zones blanches"},"content":{"rendered":"\n<p>Le minist\u00e8re des Technologies de la communication a annonc\u00e9 le lancement d\u2019un deuxi\u00e8me appel d\u2019offres national (n\u00b002\/2025) pour \u00e9tendre la couverture en t\u00e9l\u00e9communications et en Internet haut d\u00e9bit \u00e0 103 zones blanches r\u00e9parties dans 15 gouvernorats du pays.<\/p>\n\n\n\n<p>Ces zones r\u00e9sidentielles, aujourd\u2019hui encore priv\u00e9es de connectivit\u00e9, se caract\u00e9risent par une faible densit\u00e9 de population, ce qui rend peu attractif leur raccordement pour les op\u00e9rateurs priv\u00e9s. L\u2019objectif de ce projet est de r\u00e9duire les in\u00e9galit\u00e9s d\u2019acc\u00e8s au num\u00e9rique et de garantir une couverture \u00e9quitable sur l\u2019ensemble du territoire, en particulier dans les r\u00e9gions d\u00e9favoris\u00e9es.<\/p>\n\n\n\n<p>Ce nouvel appel d\u2019offres s\u2019inscrit dans la continuit\u00e9 d\u2019un premier projet lanc\u00e9 en 2017, qui avait permis, gr\u00e2ce \u00e0 la participation exclusive de Tunisie Telecom, de connecter 94 zones blanches, ainsi que 164 \u00e9coles et 59 centres de sant\u00e9 de base, au profit de plus de 180 000 citoyens, dont 13 000 \u00e9l\u00e8ves.<\/p>\n\n\n\n<p>Le minist\u00e8re esp\u00e8re ainsi acc\u00e9l\u00e9rer la r\u00e9duction de la fracture num\u00e9rique et renforcer l\u2019inclusion digitale, notamment dans les zones rurales et isol\u00e9es. Les d\u00e9tails de la proc\u00e9dure et l&rsquo;identit\u00e9 des op\u00e9rateurs int\u00e9ress\u00e9s seront connus dans les prochaines semaines.<\/p>\n","protected":false},"excerpt":{"rendered":"<p>Le minist\u00e8re des Technologies de la communication a annonc\u00e9 le lancement d\u2019un deuxi\u00e8me appel d\u2019offres national (n\u00b002\/2025) pour \u00e9tendre la couverture en t\u00e9l\u00e9communications et en Internet haut d\u00e9bit \u00e0 103 zones blanches r\u00e9parties dans 15 gouvernorats du pays. Ces zones r\u00e9sidentielles, aujourd\u2019hui encore priv\u00e9es de connectivit\u00e9, se caract\u00e9risent par une faible densit\u00e9 de population, ce [&hellip;]<\/p>\n","protected":false},"author":4780,"featured_media":378540,"comment_status":"open","ping_status":"open","sticky":false,"template":"","format":"standard","meta":{"footnotes":""},"categories":[44],"tags":[3628,4822,2608,2931,8828],"class_list":["post-378539","post","type-post","status-publish","format-standard","has-post-thumbnail","hentry","category-national","tag-appel-doffres","tag-ministere-des-technologies-de-la-communication","tag-tunisie","tag-tunisie-telecom","tag-zones-blanches"],"yoast_head":"<!-- This site is optimized with the Yoast SEO Premium plugin v27.4 (Yoast SEO v27.5) - https:\/\/yoast.com\/product\/yoast-seo-premium-wordpress\/ -->\n<title>Tunisie - Internet pour tous : L\u2019\u00c9tat relance la couverture des zones blanches - webdo<\/title>\n<meta name=\"description\" content=\"Lancement d&#039;un appel d&#039;offres pour \u00e9tendre la couverture Internet dans 103 zones blanches. En savoir plus sur ce projet vital.\" \/>\n<link rel=\"canonical\" href=\"https:\/\/www.webdo.tn\/fr\/actualite\/national\/internet-pour-tous-letat-relance-la-couverture-des-zones-blanches\/378539\/\" \/>\n<meta property=\"og:locale\" content=\"fr_FR\" \/>\n<meta property=\"og:type\" content=\"article\" \/>\n<meta property=\"og:title\" content=\"Tunisie - Internet pour tous : L\u2019\u00c9tat relance la couverture des zones blanches\" \/>\n<meta property=\"og:description\" content=\"Lancement d&#039;un appel d&#039;offres pour \u00e9tendre la couverture Internet dans 103 zones blanches. En savoir plus sur ce projet vital.\" \/>\n<meta property=\"og:url\" content=\"https:\/\/www.webdo.tn\/fr\/actualite\/national\/internet-pour-tous-letat-relance-la-couverture-des-zones-blanches\/378539\/\" \/>\n<meta property=\"og:site_name\" content=\"webdo\" \/>\n<meta property=\"article:publisher\" content=\"https:\/\/www.facebook.com\/webdotn\" \/>\n<meta property=\"article:published_time\" content=\"2025-06-27T14:37:28+00:00\" \/>\n<meta property=\"article:modified_time\" content=\"2025-06-27T14:42:44+00:00\" \/>\n<meta property=\"og:image\" content=\"https:\/\/www.webdo.tn\/fr\/wp-content\/uploads\/2025\/06\/tt-siege-lac.jpg\" \/>\n\t<meta property=\"og:image:width\" content=\"680\" \/>\n\t<meta property=\"og:image:height\" content=\"400\" \/>\n\t<meta property=\"og:image:type\" content=\"image\/jpeg\" \/>\n<meta name=\"author\" content=\"Monia Bamri\" \/>\n<meta name=\"twitter:card\" content=\"summary_large_image\" \/>\n<meta name=\"twitter:creator\" content=\"@webdo_tn\" \/>\n<meta name=\"twitter:site\" content=\"@webdo_tn\" \/>\n<meta name=\"twitter:label1\" content=\"\u00c9crit par\" \/>\n\t<meta name=\"twitter:data1\" content=\"Monia Bamri\" \/>\n\t<meta name=\"twitter:label2\" content=\"Dur\u00e9e de lecture estim\u00e9e\" \/>\n\t<meta name=\"twitter:data2\" content=\"2 minutes\" \/>\n<script type=\"application\/ld+json\" class=\"yoast-schema-graph\">{\"@context\":\"https:\\\/\\\/schema.org\",\"@graph\":[{\"@type\":\"NewsArticle\",\"@id\":\"https:\\\/\\\/www.webdo.tn\\\/fr\\\/actualite\\\/national\\\/internet-pour-tous-letat-relance-la-couverture-des-zones-blanches\\\/378539\\\/#article\",\"isPartOf\":{\"@id\":\"https:\\\/\\\/www.webdo.tn\\\/fr\\\/actualite\\\/national\\\/internet-pour-tous-letat-relance-la-couverture-des-zones-blanches\\\/378539\\\/\"},\"author\":{\"name\":\"Monia Bamri\",\"@id\":\"https:\\\/\\\/www.webdo.tn\\\/fr\\\/#\\\/schema\\\/person\\\/d1da0176a9d8f1249ef4e693c4b29d76\"},\"headline\":\"Tunisie &#8211; Internet pour tous : L\u2019\u00c9tat relance la couverture des zones blanches\",\"datePublished\":\"2025-06-27T14:37:28+00:00\",\"dateModified\":\"2025-06-27T14:42:44+00:00\",\"mainEntityOfPage\":{\"@id\":\"https:\\\/\\\/www.webdo.tn\\\/fr\\\/actualite\\\/national\\\/internet-pour-tous-letat-relance-la-couverture-des-zones-blanches\\\/378539\\\/\"},\"wordCount\":229,\"commentCount\":0,\"publisher\":{\"@id\":\"https:\\\/\\\/www.webdo.tn\\\/fr\\\/#organization\"},\"image\":{\"@id\":\"https:\\\/\\\/www.webdo.tn\\\/fr\\\/actualite\\\/national\\\/internet-pour-tous-letat-relance-la-couverture-des-zones-blanches\\\/378539\\\/#primaryimage\"},\"thumbnailUrl\":\"https:\\\/\\\/www.webdo.tn\\\/fr\\\/wp-content\\\/uploads\\\/2025\\\/06\\\/tt-siege-lac.jpg\",\"keywords\":[\"appel d'offres\",\"minist\u00e8re des Technologies de la communication\",\"Tunisie\",\"Tunisie Telecom\",\"zones blanches\"],\"articleSection\":[\"National\"],\"inLanguage\":\"fr-FR\"},{\"@type\":\"WebPage\",\"@id\":\"https:\\\/\\\/www.webdo.tn\\\/fr\\\/actualite\\\/national\\\/internet-pour-tous-letat-relance-la-couverture-des-zones-blanches\\\/378539\\\/\",\"url\":\"https:\\\/\\\/www.webdo.tn\\\/fr\\\/actualite\\\/national\\\/internet-pour-tous-letat-relance-la-couverture-des-zones-blanches\\\/378539\\\/\",\"name\":\"Tunisie - Internet pour tous : L\u2019\u00c9tat relance la couverture des zones blanches - webdo\",\"isPartOf\":{\"@id\":\"https:\\\/\\\/www.webdo.tn\\\/fr\\\/#website\"},\"primaryImageOfPage\":{\"@id\":\"https:\\\/\\\/www.webdo.tn\\\/fr\\\/actualite\\\/national\\\/internet-pour-tous-letat-relance-la-couverture-des-zones-blanches\\\/378539\\\/#primaryimage\"},\"image\":{\"@id\":\"https:\\\/\\\/www.webdo.tn\\\/fr\\\/actualite\\\/national\\\/internet-pour-tous-letat-relance-la-couverture-des-zones-blanches\\\/378539\\\/#primaryimage\"},\"thumbnailUrl\":\"https:\\\/\\\/www.webdo.tn\\\/fr\\\/wp-content\\\/uploads\\\/2025\\\/06\\\/tt-siege-lac.jpg\",\"datePublished\":\"2025-06-27T14:37:28+00:00\",\"dateModified\":\"2025-06-27T14:42:44+00:00\",\"description\":\"Lancement d'un appel d'offres pour \u00e9tendre la couverture Internet dans 103 zones blanches. En savoir plus sur ce projet vital.\",\"breadcrumb\":{\"@id\":\"https:\\\/\\\/www.webdo.tn\\\/fr\\\/actualite\\\/national\\\/internet-pour-tous-letat-relance-la-couverture-des-zones-blanches\\\/378539\\\/#breadcrumb\"},\"inLanguage\":\"fr-FR\",\"potentialAction\":[{\"@type\":\"ReadAction\",\"target\":[\"https:\\\/\\\/www.webdo.tn\\\/fr\\\/actualite\\\/national\\\/internet-pour-tous-letat-relance-la-couverture-des-zones-blanches\\\/378539\\\/\"]}]},{\"@type\":\"ImageObject\",\"inLanguage\":\"fr-FR\",\"@id\":\"https:\\\/\\\/www.webdo.tn\\\/fr\\\/actualite\\\/national\\\/internet-pour-tous-letat-relance-la-couverture-des-zones-blanches\\\/378539\\\/#primaryimage\",\"url\":\"https:\\\/\\\/www.webdo.tn\\\/fr\\\/wp-content\\\/uploads\\\/2025\\\/06\\\/tt-siege-lac.jpg\",\"contentUrl\":\"https:\\\/\\\/www.webdo.tn\\\/fr\\\/wp-content\\\/uploads\\\/2025\\\/06\\\/tt-siege-lac.jpg\",\"width\":680,\"height\":400,\"caption\":\"Tunisie Telecom amorce l\u2019int\u00e9gration des agents d\u2019El Itissalia Services\"},{\"@type\":\"BreadcrumbList\",\"@id\":\"https:\\\/\\\/www.webdo.tn\\\/fr\\\/actualite\\\/national\\\/internet-pour-tous-letat-relance-la-couverture-des-zones-blanches\\\/378539\\\/#breadcrumb\",\"itemListElement\":[{\"@type\":\"ListItem\",\"position\":1,\"name\":\"Accueil\",\"item\":\"https:\\\/\\\/www.webdo.tn\\\/fr\\\/\"},{\"@type\":\"ListItem\",\"position\":2,\"name\":\"Tunisie &#8211; Internet pour tous : L\u2019\u00c9tat relance la couverture des zones blanches\"}]},{\"@type\":\"WebSite\",\"@id\":\"https:\\\/\\\/www.webdo.tn\\\/fr\\\/#website\",\"url\":\"https:\\\/\\\/www.webdo.tn\\\/fr\\\/\",\"name\":\"webdo\",\"description\":\"Tunisie - News en Tunisie et \u00e0 l&#039;international sur Webdo.tn\",\"publisher\":{\"@id\":\"https:\\\/\\\/www.webdo.tn\\\/fr\\\/#organization\"},\"potentialAction\":[{\"@type\":\"SearchAction\",\"target\":{\"@type\":\"EntryPoint\",\"urlTemplate\":\"https:\\\/\\\/www.webdo.tn\\\/fr\\\/?s={search_term_string}\"},\"query-input\":{\"@type\":\"PropertyValueSpecification\",\"valueRequired\":true,\"valueName\":\"search_term_string\"}}],\"inLanguage\":\"fr-FR\"},{\"@type\":\"Organization\",\"@id\":\"https:\\\/\\\/www.webdo.tn\\\/fr\\\/#organization\",\"name\":\"Webdo\",\"alternateName\":\"Webdo.tn\",\"url\":\"https:\\\/\\\/www.webdo.tn\\\/fr\\\/\",\"logo\":{\"@type\":\"ImageObject\",\"inLanguage\":\"fr-FR\",\"@id\":\"https:\\\/\\\/www.webdo.tn\\\/fr\\\/#\\\/schema\\\/logo\\\/image\\\/\",\"url\":\"https:\\\/\\\/www.webdo.tn\\\/fr\\\/wp-content\\\/uploads\\\/2025\\\/06\\\/Webdo-Tunisie_168377.jpg\",\"contentUrl\":\"https:\\\/\\\/www.webdo.tn\\\/fr\\\/wp-content\\\/uploads\\\/2025\\\/06\\\/Webdo-Tunisie_168377.jpg\",\"width\":301,\"height\":301,\"caption\":\"Webdo\"},\"image\":{\"@id\":\"https:\\\/\\\/www.webdo.tn\\\/fr\\\/#\\\/schema\\\/logo\\\/image\\\/\"},\"sameAs\":[\"https:\\\/\\\/www.facebook.com\\\/webdotn\",\"https:\\\/\\\/x.com\\\/webdo_tn\"],\"description\":\"Webdo est un m\u00e9dia num\u00e9rique tunisien fond\u00e9 en 2010, sp\u00e9cialis\u00e9 dans l\u2019actualit\u00e9 nationale et internationale, l\u2019\u00e9conomie, la soci\u00e9t\u00e9 et les analyses politiques. Le site s\u2019adresse \u00e0 un large public francophone et couvre l\u2019information tunisienne en temps r\u00e9el.\",\"email\":\"redac@webdo.tn\",\"legalName\":\"YNJ SARL\",\"foundingDate\":\"2010-09-06\",\"numberOfEmployees\":{\"@type\":\"QuantitativeValue\",\"minValue\":\"11\",\"maxValue\":\"50\"}},{\"@type\":\"Person\",\"@id\":\"https:\\\/\\\/www.webdo.tn\\\/fr\\\/#\\\/schema\\\/person\\\/d1da0176a9d8f1249ef4e693c4b29d76\",\"name\":\"Monia Bamri\",\"image\":{\"@type\":\"ImageObject\",\"inLanguage\":\"fr-FR\",\"@id\":\"https:\\\/\\\/secure.gravatar.com\\\/avatar\\\/c58780455a919732b490d5fecdfd7a031f652d4d8fc4a988ed16599fe2e07b0c?s=96&d=mm&r=g\",\"url\":\"https:\\\/\\\/secure.gravatar.com\\\/avatar\\\/c58780455a919732b490d5fecdfd7a031f652d4d8fc4a988ed16599fe2e07b0c?s=96&d=mm&r=g\",\"contentUrl\":\"https:\\\/\\\/secure.gravatar.com\\\/avatar\\\/c58780455a919732b490d5fecdfd7a031f652d4d8fc4a988ed16599fe2e07b0c?s=96&d=mm&r=g\",\"caption\":\"Monia Bamri\"},\"url\":\"https:\\\/\\\/www.webdo.tn\\\/fr\\\/actualite\\\/author\\\/monia-bamri\\\/\"}]}<\/script>\n<!-- \/ Yoast SEO Premium plugin. -->","yoast_head_json":{"title":"Tunisie - Internet pour tous : L\u2019\u00c9tat relance la couverture des zones blanches - webdo","description":"Lancement d'un appel d'offres pour \u00e9tendre la couverture Internet dans 103 zones blanches. En savoir plus sur ce projet vital.","canonical":"https:\/\/www.webdo.tn\/fr\/actualite\/national\/internet-pour-tous-letat-relance-la-couverture-des-zones-blanches\/378539\/","og_locale":"fr_FR","og_type":"article","og_title":"Tunisie - Internet pour tous : L\u2019\u00c9tat relance la couverture des zones blanches","og_description":"Lancement d'un appel d'offres pour \u00e9tendre la couverture Internet dans 103 zones blanches. En savoir plus sur ce projet vital.","og_url":"https:\/\/www.webdo.tn\/fr\/actualite\/national\/internet-pour-tous-letat-relance-la-couverture-des-zones-blanches\/378539\/","og_site_name":"webdo","article_publisher":"https:\/\/www.facebook.com\/webdotn","article_published_time":"2025-06-27T14:37:28+00:00","article_modified_time":"2025-06-27T14:42:44+00:00","og_image":[{"width":680,"height":400,"url":"https:\/\/www.webdo.tn\/fr\/wp-content\/uploads\/2025\/06\/tt-siege-lac.jpg","type":"image\/jpeg"}],"author":"Monia Bamri","twitter_card":"summary_large_image","twitter_creator":"@webdo_tn","twitter_site":"@webdo_tn","twitter_misc":{"\u00c9crit par":"Monia Bamri","Dur\u00e9e de lecture estim\u00e9e":"2 minutes"},"schema":{"@context":"https:\/\/schema.org","@graph":[{"@type":"NewsArticle","@id":"https:\/\/www.webdo.tn\/fr\/actualite\/national\/internet-pour-tous-letat-relance-la-couverture-des-zones-blanches\/378539\/#article","isPartOf":{"@id":"https:\/\/www.webdo.tn\/fr\/actualite\/national\/internet-pour-tous-letat-relance-la-couverture-des-zones-blanches\/378539\/"},"author":{"name":"Monia Bamri","@id":"https:\/\/www.webdo.tn\/fr\/#\/schema\/person\/d1da0176a9d8f1249ef4e693c4b29d76"},"headline":"Tunisie &#8211; Internet pour tous : L\u2019\u00c9tat relance la couverture des zones blanches","datePublished":"2025-06-27T14:37:28+00:00","dateModified":"2025-06-27T14:42:44+00:00","mainEntityOfPage":{"@id":"https:\/\/www.webdo.tn\/fr\/actualite\/national\/internet-pour-tous-letat-relance-la-couverture-des-zones-blanches\/378539\/"},"wordCount":229,"commentCount":0,"publisher":{"@id":"https:\/\/www.webdo.tn\/fr\/#organization"},"image":{"@id":"https:\/\/www.webdo.tn\/fr\/actualite\/national\/internet-pour-tous-letat-relance-la-couverture-des-zones-blanches\/378539\/#primaryimage"},"thumbnailUrl":"https:\/\/www.webdo.tn\/fr\/wp-content\/uploads\/2025\/06\/tt-siege-lac.jpg","keywords":["appel d'offres","minist\u00e8re des Technologies de la communication","Tunisie","Tunisie Telecom","zones blanches"],"articleSection":["National"],"inLanguage":"fr-FR"},{"@type":"WebPage","@id":"https:\/\/www.webdo.tn\/fr\/actualite\/national\/internet-pour-tous-letat-relance-la-couverture-des-zones-blanches\/378539\/","url":"https:\/\/www.webdo.tn\/fr\/actualite\/national\/internet-pour-tous-letat-relance-la-couverture-des-zones-blanches\/378539\/","name":"Tunisie - Internet pour tous : L\u2019\u00c9tat relance la couverture des zones blanches - webdo","isPartOf":{"@id":"https:\/\/www.webdo.tn\/fr\/#website"},"primaryImageOfPage":{"@id":"https:\/\/www.webdo.tn\/fr\/actualite\/national\/internet-pour-tous-letat-relance-la-couverture-des-zones-blanches\/378539\/#primaryimage"},"image":{"@id":"https:\/\/www.webdo.tn\/fr\/actualite\/national\/internet-pour-tous-letat-relance-la-couverture-des-zones-blanches\/378539\/#primaryimage"},"thumbnailUrl":"https:\/\/www.webdo.tn\/fr\/wp-content\/uploads\/2025\/06\/tt-siege-lac.jpg","datePublished":"2025-06-27T14:37:28+00:00","dateModified":"2025-06-27T14:42:44+00:00","description":"Lancement d'un appel d'offres pour \u00e9tendre la couverture Internet dans 103 zones blanches. En savoir plus sur ce projet vital.","breadcrumb":{"@id":"https:\/\/www.webdo.tn\/fr\/actualite\/national\/internet-pour-tous-letat-relance-la-couverture-des-zones-blanches\/378539\/#breadcrumb"},"inLanguage":"fr-FR","potentialAction":[{"@type":"ReadAction","target":["https:\/\/www.webdo.tn\/fr\/actualite\/national\/internet-pour-tous-letat-relance-la-couverture-des-zones-blanches\/378539\/"]}]},{"@type":"ImageObject","inLanguage":"fr-FR","@id":"https:\/\/www.webdo.tn\/fr\/actualite\/national\/internet-pour-tous-letat-relance-la-couverture-des-zones-blanches\/378539\/#primaryimage","url":"https:\/\/www.webdo.tn\/fr\/wp-content\/uploads\/2025\/06\/tt-siege-lac.jpg","contentUrl":"https:\/\/www.webdo.tn\/fr\/wp-content\/uploads\/2025\/06\/tt-siege-lac.jpg","width":680,"height":400,"caption":"Tunisie Telecom amorce l\u2019int\u00e9gration des agents d\u2019El Itissalia Services"},{"@type":"BreadcrumbList","@id":"https:\/\/www.webdo.tn\/fr\/actualite\/national\/internet-pour-tous-letat-relance-la-couverture-des-zones-blanches\/378539\/#breadcrumb","itemListElement":[{"@type":"ListItem","position":1,"name":"Accueil","item":"https:\/\/www.webdo.tn\/fr\/"},{"@type":"ListItem","position":2,"name":"Tunisie &#8211; Internet pour tous : L\u2019\u00c9tat relance la couverture des zones blanches"}]},{"@type":"WebSite","@id":"https:\/\/www.webdo.tn\/fr\/#website","url":"https:\/\/www.webdo.tn\/fr\/","name":"webdo","description":"Tunisie - News en Tunisie et \u00e0 l&#039;international sur Webdo.tn","publisher":{"@id":"https:\/\/www.webdo.tn\/fr\/#organization"},"potentialAction":[{"@type":"SearchAction","target":{"@type":"EntryPoint","urlTemplate":"https:\/\/www.webdo.tn\/fr\/?s={search_term_string}"},"query-input":{"@type":"PropertyValueSpecification","valueRequired":true,"valueName":"search_term_string"}}],"inLanguage":"fr-FR"},{"@type":"Organization","@id":"https:\/\/www.webdo.tn\/fr\/#organization","name":"Webdo","alternateName":"Webdo.tn","url":"https:\/\/www.webdo.tn\/fr\/","logo":{"@type":"ImageObject","inLanguage":"fr-FR","@id":"https:\/\/www.webdo.tn\/fr\/#\/schema\/logo\/image\/","url":"https:\/\/www.webdo.tn\/fr\/wp-content\/uploads\/2025\/06\/Webdo-Tunisie_168377.jpg","contentUrl":"https:\/\/www.webdo.tn\/fr\/wp-content\/uploads\/2025\/06\/Webdo-Tunisie_168377.jpg","width":301,"height":301,"caption":"Webdo"},"image":{"@id":"https:\/\/www.webdo.tn\/fr\/#\/schema\/logo\/image\/"},"sameAs":["https:\/\/www.facebook.com\/webdotn","https:\/\/x.com\/webdo_tn"],"description":"Webdo est un m\u00e9dia num\u00e9rique tunisien fond\u00e9 en 2010, sp\u00e9cialis\u00e9 dans l\u2019actualit\u00e9 nationale et internationale, l\u2019\u00e9conomie, la soci\u00e9t\u00e9 et les analyses politiques. Le site s\u2019adresse \u00e0 un large public francophone et couvre l\u2019information tunisienne en temps r\u00e9el.","email":"redac@webdo.tn","legalName":"YNJ SARL","foundingDate":"2010-09-06","numberOfEmployees":{"@type":"QuantitativeValue","minValue":"11","maxValue":"50"}},{"@type":"Person","@id":"https:\/\/www.webdo.tn\/fr\/#\/schema\/person\/d1da0176a9d8f1249ef4e693c4b29d76","name":"Monia Bamri","image":{"@type":"ImageObject","inLanguage":"fr-FR","@id":"https:\/\/secure.gravatar.com\/avatar\/c58780455a919732b490d5fecdfd7a031f652d4d8fc4a988ed16599fe2e07b0c?s=96&d=mm&r=g","url":"https:\/\/secure.gravatar.com\/avatar\/c58780455a919732b490d5fecdfd7a031f652d4d8fc4a988ed16599fe2e07b0c?s=96&d=mm&r=g","contentUrl":"https:\/\/secure.gravatar.com\/avatar\/c58780455a919732b490d5fecdfd7a031f652d4d8fc4a988ed16599fe2e07b0c?s=96&d=mm&r=g","caption":"Monia Bamri"},"url":"https:\/\/www.webdo.tn\/fr\/actualite\/author\/monia-bamri\/"}]}},"_links":{"self":[{"href":"https:\/\/www.webdo.tn\/fr\/wp-json\/wp\/v2\/posts\/378539","targetHints":{"allow":["GET"]}}],"collection":[{"href":"https:\/\/www.webdo.tn\/fr\/wp-json\/wp\/v2\/posts"}],"about":[{"href":"https:\/\/www.webdo.tn\/fr\/wp-json\/wp\/v2\/types\/post"}],"author":[{"embeddable":true,"href":"https:\/\/www.webdo.tn\/fr\/wp-json\/wp\/v2\/users\/4780"}],"replies":[{"embeddable":true,"href":"https:\/\/www.webdo.tn\/fr\/wp-json\/wp\/v2\/comments?post=378539"}],"version-history":[{"count":0,"href":"https:\/\/www.webdo.tn\/fr\/wp-json\/wp\/v2\/posts\/378539\/revisions"}],"wp:featuredmedia":[{"embeddable":true,"href":"https:\/\/www.webdo.tn\/fr\/wp-json\/wp\/v2\/media\/378540"}],"wp:attachment":[{"href":"https:\/\/www.webdo.tn\/fr\/wp-json\/wp\/v2\/media?parent=378539"}],"wp:term":[{"taxonomy":"category","embeddable":true,"href":"https:\/\/www.webdo.tn\/fr\/wp-json\/wp\/v2\/categories?post=378539"},{"taxonomy":"post_tag","embeddable":true,"href":"https:\/\/www.webdo.tn\/fr\/wp-json\/wp\/v2\/tags?post=378539"}],"curies":[{"name":"wp","href":"https:\/\/api.w.org\/{rel}","templated":true}]}}