{"id":378526,"date":"2025-06-27T14:33:01","date_gmt":"2025-06-27T13:33:01","guid":{"rendered":"https:\/\/www.webdo.tn\/fr\/?p=378526"},"modified":"2025-06-29T10:12:15","modified_gmt":"2025-06-29T09:12:15","slug":"tunisie-controle-des-vehicules-administratifs-des-operations-renforcees-pour-la-saison-estivale","status":"publish","type":"post","link":"https:\/\/www.webdo.tn\/fr\/actualite\/national\/tunisie-controle-des-vehicules-administratifs-des-operations-renforcees-pour-la-saison-estivale\/378526\/","title":{"rendered":"Tunisie &#8211; Contr\u00f4le des v\u00e9hicules administratifs : Des op\u00e9rations renforc\u00e9es pour la saison estivale"},"content":{"rendered":"\n<p>\u00c0 l\u2019approche de la saison estivale, le minist\u00e8re des Domaines de l\u2019\u00c9tat et des Affaires fonci\u00e8res entend renforcer les op\u00e9rations de contr\u00f4le des v\u00e9hicules administratifs afin de lutter contre les abus et garantir une utilisation conforme des voitures de service. C\u2019est ce qu\u2019a affirm\u00e9 le ministre Wajdi Hedhili, vendredi 27 juin, lors d\u2019une s\u00e9ance de dialogue au Conseil national des r\u00e9gions et des districts.<\/p>\n\n\n\n<p>Le ministre a soulign\u00e9 que son d\u00e9partement s\u2019emploie activement \u00e0 pr\u00e9server les biens publics et \u00e0 rationaliser leur gestion. \u00c0 ce titre, la g\u00e9n\u00e9ralisation du syst\u00e8me GPS sur les v\u00e9hicules administratifs a \u00e9t\u00e9 engag\u00e9e pour optimiser la gestion des d\u00e9placements et de la consommation de carburant. Ce dispositif s&rsquo;accompagne d\u2019un renforcement des \u00e9quipes de contr\u00f4le sur le terrain, en collaboration avec les autorit\u00e9s r\u00e9gionales.<\/p>\n\n\n\n<p>Trois \u00e9quipes de contr\u00f4le ont ainsi \u00e9t\u00e9 mises en place depuis mai 2025 dans les gouvernorats de Sidi Bouzid, Kasserine et Kairouan, en application de d\u00e9cisions \u00e9manant du minist\u00e8re.<\/p>\n\n\n\n<p>Entre janvier et mai 2025, pas moins de 288 missions de contr\u00f4le ont \u00e9t\u00e9 men\u00e9es sur un total de 8 410 v\u00e9hicules, d\u00e9bouchant sur l\u2019\u00e9tablissement de 187 proc\u00e8s-verbaux. \u00c0 titre de comparaison, l\u2019ann\u00e9e 2024 avait enregistr\u00e9 875 op\u00e9rations de contr\u00f4le sur 23 900 v\u00e9hicules administratifs, ayant permis de relever 784 infractions.<\/p>\n","protected":false},"excerpt":{"rendered":"<p>\u00c0 l\u2019approche de la saison estivale, le minist\u00e8re des Domaines de l\u2019\u00c9tat et des Affaires fonci\u00e8res entend renforcer les op\u00e9rations de contr\u00f4le des v\u00e9hicules administratifs afin de lutter contre les abus et garantir une utilisation conforme des voitures de service. C\u2019est ce qu\u2019a affirm\u00e9 le ministre Wajdi Hedhili, vendredi 27 juin, lors d\u2019une s\u00e9ance de [&hellip;]<\/p>\n","protected":false},"author":3191,"featured_media":378527,"comment_status":"open","ping_status":"open","sticky":false,"template":"","format":"standard","meta":{"footnotes":""},"categories":[44],"tags":[10526,2608,12056],"class_list":["post-378526","post","type-post","status-publish","format-standard","has-post-thumbnail","hentry","category-national","tag-vehicules-administratifs","tag-tunisie","tag-voiture-administrative"],"yoast_head":"<!-- This site is optimized with the Yoast SEO Premium plugin v27.4 (Yoast SEO v27.5) - https:\/\/yoast.com\/product\/yoast-seo-premium-wordpress\/ -->\n<title>Tunisie - Contr\u00f4le des v\u00e9hicules administratifs : Des op\u00e9rations renforc\u00e9es pour la saison estivale - webdo<\/title>\n<meta name=\"description\" content=\"Les v\u00e9hicules administratifs seront sous contr\u00f4le renforc\u00e9 cet \u00e9t\u00e9. Lisez-en plus sur les initiatives du minist\u00e8re des Domaines de l&#039;\u00c9tat.\" \/>\n<link rel=\"canonical\" href=\"https:\/\/www.webdo.tn\/fr\/actualite\/national\/tunisie-controle-des-vehicules-administratifs-des-operations-renforcees-pour-la-saison-estivale\/378526\/\" \/>\n<meta property=\"og:locale\" content=\"fr_FR\" \/>\n<meta property=\"og:type\" content=\"article\" \/>\n<meta property=\"og:title\" content=\"Tunisie - Contr\u00f4le des v\u00e9hicules administratifs : Des op\u00e9rations renforc\u00e9es pour la saison estivale\" \/>\n<meta property=\"og:description\" content=\"Les v\u00e9hicules administratifs seront sous contr\u00f4le renforc\u00e9 cet \u00e9t\u00e9. Lisez-en plus sur les initiatives du minist\u00e8re des Domaines de l&#039;\u00c9tat.\" \/>\n<meta property=\"og:url\" content=\"https:\/\/www.webdo.tn\/fr\/actualite\/national\/tunisie-controle-des-vehicules-administratifs-des-operations-renforcees-pour-la-saison-estivale\/378526\/\" \/>\n<meta property=\"og:site_name\" content=\"webdo\" \/>\n<meta property=\"article:publisher\" content=\"https:\/\/www.facebook.com\/webdotn\" \/>\n<meta property=\"article:published_time\" content=\"2025-06-27T13:33:01+00:00\" \/>\n<meta property=\"article:modified_time\" content=\"2025-06-29T09:12:15+00:00\" \/>\n<meta property=\"og:image\" content=\"https:\/\/www.webdo.tn\/fr\/wp-content\/uploads\/2025\/06\/voiture-administrative.jpg\" \/>\n\t<meta property=\"og:image:width\" content=\"850\" \/>\n\t<meta property=\"og:image:height\" content=\"491\" \/>\n\t<meta property=\"og:image:type\" content=\"image\/jpeg\" \/>\n<meta name=\"author\" content=\"Mohamed Hedi Touati\" \/>\n<meta name=\"twitter:card\" content=\"summary_large_image\" \/>\n<meta name=\"twitter:creator\" content=\"@webdo_tn\" \/>\n<meta name=\"twitter:site\" content=\"@webdo_tn\" \/>\n<meta name=\"twitter:label1\" content=\"\u00c9crit par\" \/>\n\t<meta name=\"twitter:data1\" content=\"Mohamed Hedi Touati\" \/>\n\t<meta name=\"twitter:label2\" content=\"Dur\u00e9e de lecture estim\u00e9e\" \/>\n\t<meta name=\"twitter:data2\" content=\"2 minutes\" \/>\n<script type=\"application\/ld+json\" class=\"yoast-schema-graph\">{\"@context\":\"https:\\\/\\\/schema.org\",\"@graph\":[{\"@type\":\"NewsArticle\",\"@id\":\"https:\\\/\\\/www.webdo.tn\\\/fr\\\/actualite\\\/national\\\/tunisie-controle-des-vehicules-administratifs-des-operations-renforcees-pour-la-saison-estivale\\\/378526\\\/#article\",\"isPartOf\":{\"@id\":\"https:\\\/\\\/www.webdo.tn\\\/fr\\\/actualite\\\/national\\\/tunisie-controle-des-vehicules-administratifs-des-operations-renforcees-pour-la-saison-estivale\\\/378526\\\/\"},\"author\":{\"name\":\"Mohamed Hedi Touati\",\"@id\":\"https:\\\/\\\/www.webdo.tn\\\/fr\\\/#\\\/schema\\\/person\\\/c652cd8fc2b1b44412b5ffb48c5a911d\"},\"headline\":\"Tunisie &#8211; Contr\u00f4le des v\u00e9hicules administratifs : Des op\u00e9rations renforc\u00e9es pour la saison estivale\",\"datePublished\":\"2025-06-27T13:33:01+00:00\",\"dateModified\":\"2025-06-29T09:12:15+00:00\",\"mainEntityOfPage\":{\"@id\":\"https:\\\/\\\/www.webdo.tn\\\/fr\\\/actualite\\\/national\\\/tunisie-controle-des-vehicules-administratifs-des-operations-renforcees-pour-la-saison-estivale\\\/378526\\\/\"},\"wordCount\":248,\"commentCount\":0,\"publisher\":{\"@id\":\"https:\\\/\\\/www.webdo.tn\\\/fr\\\/#organization\"},\"image\":{\"@id\":\"https:\\\/\\\/www.webdo.tn\\\/fr\\\/actualite\\\/national\\\/tunisie-controle-des-vehicules-administratifs-des-operations-renforcees-pour-la-saison-estivale\\\/378526\\\/#primaryimage\"},\"thumbnailUrl\":\"https:\\\/\\\/www.webdo.tn\\\/fr\\\/wp-content\\\/uploads\\\/2025\\\/06\\\/voiture-administrative.jpg\",\"keywords\":[\"'V\u00e9hicules administratifs']\",\"Tunisie\",\"voiture administrative\"],\"articleSection\":[\"National\"],\"inLanguage\":\"fr-FR\"},{\"@type\":\"WebPage\",\"@id\":\"https:\\\/\\\/www.webdo.tn\\\/fr\\\/actualite\\\/national\\\/tunisie-controle-des-vehicules-administratifs-des-operations-renforcees-pour-la-saison-estivale\\\/378526\\\/\",\"url\":\"https:\\\/\\\/www.webdo.tn\\\/fr\\\/actualite\\\/national\\\/tunisie-controle-des-vehicules-administratifs-des-operations-renforcees-pour-la-saison-estivale\\\/378526\\\/\",\"name\":\"Tunisie - Contr\u00f4le des v\u00e9hicules administratifs : Des op\u00e9rations renforc\u00e9es pour la saison estivale - webdo\",\"isPartOf\":{\"@id\":\"https:\\\/\\\/www.webdo.tn\\\/fr\\\/#website\"},\"primaryImageOfPage\":{\"@id\":\"https:\\\/\\\/www.webdo.tn\\\/fr\\\/actualite\\\/national\\\/tunisie-controle-des-vehicules-administratifs-des-operations-renforcees-pour-la-saison-estivale\\\/378526\\\/#primaryimage\"},\"image\":{\"@id\":\"https:\\\/\\\/www.webdo.tn\\\/fr\\\/actualite\\\/national\\\/tunisie-controle-des-vehicules-administratifs-des-operations-renforcees-pour-la-saison-estivale\\\/378526\\\/#primaryimage\"},\"thumbnailUrl\":\"https:\\\/\\\/www.webdo.tn\\\/fr\\\/wp-content\\\/uploads\\\/2025\\\/06\\\/voiture-administrative.jpg\",\"datePublished\":\"2025-06-27T13:33:01+00:00\",\"dateModified\":\"2025-06-29T09:12:15+00:00\",\"description\":\"Les v\u00e9hicules administratifs seront sous contr\u00f4le renforc\u00e9 cet \u00e9t\u00e9. Lisez-en plus sur les initiatives du minist\u00e8re des Domaines de l'\u00c9tat.\",\"breadcrumb\":{\"@id\":\"https:\\\/\\\/www.webdo.tn\\\/fr\\\/actualite\\\/national\\\/tunisie-controle-des-vehicules-administratifs-des-operations-renforcees-pour-la-saison-estivale\\\/378526\\\/#breadcrumb\"},\"inLanguage\":\"fr-FR\",\"potentialAction\":[{\"@type\":\"ReadAction\",\"target\":[\"https:\\\/\\\/www.webdo.tn\\\/fr\\\/actualite\\\/national\\\/tunisie-controle-des-vehicules-administratifs-des-operations-renforcees-pour-la-saison-estivale\\\/378526\\\/\"]}]},{\"@type\":\"ImageObject\",\"inLanguage\":\"fr-FR\",\"@id\":\"https:\\\/\\\/www.webdo.tn\\\/fr\\\/actualite\\\/national\\\/tunisie-controle-des-vehicules-administratifs-des-operations-renforcees-pour-la-saison-estivale\\\/378526\\\/#primaryimage\",\"url\":\"https:\\\/\\\/www.webdo.tn\\\/fr\\\/wp-content\\\/uploads\\\/2025\\\/06\\\/voiture-administrative.jpg\",\"contentUrl\":\"https:\\\/\\\/www.webdo.tn\\\/fr\\\/wp-content\\\/uploads\\\/2025\\\/06\\\/voiture-administrative.jpg\",\"width\":850,\"height\":491,\"caption\":\"Contr\u00f4le des v\u00e9hicules administratifs\"},{\"@type\":\"BreadcrumbList\",\"@id\":\"https:\\\/\\\/www.webdo.tn\\\/fr\\\/actualite\\\/national\\\/tunisie-controle-des-vehicules-administratifs-des-operations-renforcees-pour-la-saison-estivale\\\/378526\\\/#breadcrumb\",\"itemListElement\":[{\"@type\":\"ListItem\",\"position\":1,\"name\":\"Accueil\",\"item\":\"https:\\\/\\\/www.webdo.tn\\\/fr\\\/\"},{\"@type\":\"ListItem\",\"position\":2,\"name\":\"Tunisie &#8211; Contr\u00f4le des v\u00e9hicules administratifs : Des op\u00e9rations renforc\u00e9es pour la saison estivale\"}]},{\"@type\":\"WebSite\",\"@id\":\"https:\\\/\\\/www.webdo.tn\\\/fr\\\/#website\",\"url\":\"https:\\\/\\\/www.webdo.tn\\\/fr\\\/\",\"name\":\"webdo\",\"description\":\"Tunisie - News en Tunisie et \u00e0 l&#039;international sur Webdo.tn\",\"publisher\":{\"@id\":\"https:\\\/\\\/www.webdo.tn\\\/fr\\\/#organization\"},\"potentialAction\":[{\"@type\":\"SearchAction\",\"target\":{\"@type\":\"EntryPoint\",\"urlTemplate\":\"https:\\\/\\\/www.webdo.tn\\\/fr\\\/?s={search_term_string}\"},\"query-input\":{\"@type\":\"PropertyValueSpecification\",\"valueRequired\":true,\"valueName\":\"search_term_string\"}}],\"inLanguage\":\"fr-FR\"},{\"@type\":\"Organization\",\"@id\":\"https:\\\/\\\/www.webdo.tn\\\/fr\\\/#organization\",\"name\":\"Webdo\",\"alternateName\":\"Webdo.tn\",\"url\":\"https:\\\/\\\/www.webdo.tn\\\/fr\\\/\",\"logo\":{\"@type\":\"ImageObject\",\"inLanguage\":\"fr-FR\",\"@id\":\"https:\\\/\\\/www.webdo.tn\\\/fr\\\/#\\\/schema\\\/logo\\\/image\\\/\",\"url\":\"https:\\\/\\\/www.webdo.tn\\\/fr\\\/wp-content\\\/uploads\\\/2025\\\/06\\\/Webdo-Tunisie_168377.jpg\",\"contentUrl\":\"https:\\\/\\\/www.webdo.tn\\\/fr\\\/wp-content\\\/uploads\\\/2025\\\/06\\\/Webdo-Tunisie_168377.jpg\",\"width\":301,\"height\":301,\"caption\":\"Webdo\"},\"image\":{\"@id\":\"https:\\\/\\\/www.webdo.tn\\\/fr\\\/#\\\/schema\\\/logo\\\/image\\\/\"},\"sameAs\":[\"https:\\\/\\\/www.facebook.com\\\/webdotn\",\"https:\\\/\\\/x.com\\\/webdo_tn\"],\"description\":\"Webdo est un m\u00e9dia num\u00e9rique tunisien fond\u00e9 en 2010, sp\u00e9cialis\u00e9 dans l\u2019actualit\u00e9 nationale et internationale, l\u2019\u00e9conomie, la soci\u00e9t\u00e9 et les analyses politiques. Le site s\u2019adresse \u00e0 un large public francophone et couvre l\u2019information tunisienne en temps r\u00e9el.\",\"email\":\"redac@webdo.tn\",\"legalName\":\"YNJ SARL\",\"foundingDate\":\"2010-09-06\",\"numberOfEmployees\":{\"@type\":\"QuantitativeValue\",\"minValue\":\"11\",\"maxValue\":\"50\"}},{\"@type\":\"Person\",\"@id\":\"https:\\\/\\\/www.webdo.tn\\\/fr\\\/#\\\/schema\\\/person\\\/c652cd8fc2b1b44412b5ffb48c5a911d\",\"name\":\"Mohamed Hedi Touati\",\"image\":{\"@type\":\"ImageObject\",\"inLanguage\":\"fr-FR\",\"@id\":\"https:\\\/\\\/secure.gravatar.com\\\/avatar\\\/9cfd402c745b7a685f13eed0ea6e59d2144a3c2fc50a3db6fd5ed451f6cddf1a?s=96&d=mm&r=g\",\"url\":\"https:\\\/\\\/secure.gravatar.com\\\/avatar\\\/9cfd402c745b7a685f13eed0ea6e59d2144a3c2fc50a3db6fd5ed451f6cddf1a?s=96&d=mm&r=g\",\"contentUrl\":\"https:\\\/\\\/secure.gravatar.com\\\/avatar\\\/9cfd402c745b7a685f13eed0ea6e59d2144a3c2fc50a3db6fd5ed451f6cddf1a?s=96&d=mm&r=g\",\"caption\":\"Mohamed Hedi Touati\"},\"url\":\"https:\\\/\\\/www.webdo.tn\\\/fr\\\/actualite\\\/author\\\/mohamed-hedi-touati\\\/\"}]}<\/script>\n<!-- \/ Yoast SEO Premium plugin. -->","yoast_head_json":{"title":"Tunisie - Contr\u00f4le des v\u00e9hicules administratifs : Des op\u00e9rations renforc\u00e9es pour la saison estivale - webdo","description":"Les v\u00e9hicules administratifs seront sous contr\u00f4le renforc\u00e9 cet \u00e9t\u00e9. Lisez-en plus sur les initiatives du minist\u00e8re des Domaines de l'\u00c9tat.","canonical":"https:\/\/www.webdo.tn\/fr\/actualite\/national\/tunisie-controle-des-vehicules-administratifs-des-operations-renforcees-pour-la-saison-estivale\/378526\/","og_locale":"fr_FR","og_type":"article","og_title":"Tunisie - Contr\u00f4le des v\u00e9hicules administratifs : Des op\u00e9rations renforc\u00e9es pour la saison estivale","og_description":"Les v\u00e9hicules administratifs seront sous contr\u00f4le renforc\u00e9 cet \u00e9t\u00e9. Lisez-en plus sur les initiatives du minist\u00e8re des Domaines de l'\u00c9tat.","og_url":"https:\/\/www.webdo.tn\/fr\/actualite\/national\/tunisie-controle-des-vehicules-administratifs-des-operations-renforcees-pour-la-saison-estivale\/378526\/","og_site_name":"webdo","article_publisher":"https:\/\/www.facebook.com\/webdotn","article_published_time":"2025-06-27T13:33:01+00:00","article_modified_time":"2025-06-29T09:12:15+00:00","og_image":[{"width":850,"height":491,"url":"https:\/\/www.webdo.tn\/fr\/wp-content\/uploads\/2025\/06\/voiture-administrative.jpg","type":"image\/jpeg"}],"author":"Mohamed Hedi Touati","twitter_card":"summary_large_image","twitter_creator":"@webdo_tn","twitter_site":"@webdo_tn","twitter_misc":{"\u00c9crit par":"Mohamed Hedi Touati","Dur\u00e9e de lecture estim\u00e9e":"2 minutes"},"schema":{"@context":"https:\/\/schema.org","@graph":[{"@type":"NewsArticle","@id":"https:\/\/www.webdo.tn\/fr\/actualite\/national\/tunisie-controle-des-vehicules-administratifs-des-operations-renforcees-pour-la-saison-estivale\/378526\/#article","isPartOf":{"@id":"https:\/\/www.webdo.tn\/fr\/actualite\/national\/tunisie-controle-des-vehicules-administratifs-des-operations-renforcees-pour-la-saison-estivale\/378526\/"},"author":{"name":"Mohamed Hedi Touati","@id":"https:\/\/www.webdo.tn\/fr\/#\/schema\/person\/c652cd8fc2b1b44412b5ffb48c5a911d"},"headline":"Tunisie &#8211; Contr\u00f4le des v\u00e9hicules administratifs : Des op\u00e9rations renforc\u00e9es pour la saison estivale","datePublished":"2025-06-27T13:33:01+00:00","dateModified":"2025-06-29T09:12:15+00:00","mainEntityOfPage":{"@id":"https:\/\/www.webdo.tn\/fr\/actualite\/national\/tunisie-controle-des-vehicules-administratifs-des-operations-renforcees-pour-la-saison-estivale\/378526\/"},"wordCount":248,"commentCount":0,"publisher":{"@id":"https:\/\/www.webdo.tn\/fr\/#organization"},"image":{"@id":"https:\/\/www.webdo.tn\/fr\/actualite\/national\/tunisie-controle-des-vehicules-administratifs-des-operations-renforcees-pour-la-saison-estivale\/378526\/#primaryimage"},"thumbnailUrl":"https:\/\/www.webdo.tn\/fr\/wp-content\/uploads\/2025\/06\/voiture-administrative.jpg","keywords":["'V\u00e9hicules administratifs']","Tunisie","voiture administrative"],"articleSection":["National"],"inLanguage":"fr-FR"},{"@type":"WebPage","@id":"https:\/\/www.webdo.tn\/fr\/actualite\/national\/tunisie-controle-des-vehicules-administratifs-des-operations-renforcees-pour-la-saison-estivale\/378526\/","url":"https:\/\/www.webdo.tn\/fr\/actualite\/national\/tunisie-controle-des-vehicules-administratifs-des-operations-renforcees-pour-la-saison-estivale\/378526\/","name":"Tunisie - Contr\u00f4le des v\u00e9hicules administratifs : Des op\u00e9rations renforc\u00e9es pour la saison estivale - webdo","isPartOf":{"@id":"https:\/\/www.webdo.tn\/fr\/#website"},"primaryImageOfPage":{"@id":"https:\/\/www.webdo.tn\/fr\/actualite\/national\/tunisie-controle-des-vehicules-administratifs-des-operations-renforcees-pour-la-saison-estivale\/378526\/#primaryimage"},"image":{"@id":"https:\/\/www.webdo.tn\/fr\/actualite\/national\/tunisie-controle-des-vehicules-administratifs-des-operations-renforcees-pour-la-saison-estivale\/378526\/#primaryimage"},"thumbnailUrl":"https:\/\/www.webdo.tn\/fr\/wp-content\/uploads\/2025\/06\/voiture-administrative.jpg","datePublished":"2025-06-27T13:33:01+00:00","dateModified":"2025-06-29T09:12:15+00:00","description":"Les v\u00e9hicules administratifs seront sous contr\u00f4le renforc\u00e9 cet \u00e9t\u00e9. Lisez-en plus sur les initiatives du minist\u00e8re des Domaines de l'\u00c9tat.","breadcrumb":{"@id":"https:\/\/www.webdo.tn\/fr\/actualite\/national\/tunisie-controle-des-vehicules-administratifs-des-operations-renforcees-pour-la-saison-estivale\/378526\/#breadcrumb"},"inLanguage":"fr-FR","potentialAction":[{"@type":"ReadAction","target":["https:\/\/www.webdo.tn\/fr\/actualite\/national\/tunisie-controle-des-vehicules-administratifs-des-operations-renforcees-pour-la-saison-estivale\/378526\/"]}]},{"@type":"ImageObject","inLanguage":"fr-FR","@id":"https:\/\/www.webdo.tn\/fr\/actualite\/national\/tunisie-controle-des-vehicules-administratifs-des-operations-renforcees-pour-la-saison-estivale\/378526\/#primaryimage","url":"https:\/\/www.webdo.tn\/fr\/wp-content\/uploads\/2025\/06\/voiture-administrative.jpg","contentUrl":"https:\/\/www.webdo.tn\/fr\/wp-content\/uploads\/2025\/06\/voiture-administrative.jpg","width":850,"height":491,"caption":"Contr\u00f4le des v\u00e9hicules administratifs"},{"@type":"BreadcrumbList","@id":"https:\/\/www.webdo.tn\/fr\/actualite\/national\/tunisie-controle-des-vehicules-administratifs-des-operations-renforcees-pour-la-saison-estivale\/378526\/#breadcrumb","itemListElement":[{"@type":"ListItem","position":1,"name":"Accueil","item":"https:\/\/www.webdo.tn\/fr\/"},{"@type":"ListItem","position":2,"name":"Tunisie &#8211; Contr\u00f4le des v\u00e9hicules administratifs : Des op\u00e9rations renforc\u00e9es pour la saison estivale"}]},{"@type":"WebSite","@id":"https:\/\/www.webdo.tn\/fr\/#website","url":"https:\/\/www.webdo.tn\/fr\/","name":"webdo","description":"Tunisie - News en Tunisie et \u00e0 l&#039;international sur Webdo.tn","publisher":{"@id":"https:\/\/www.webdo.tn\/fr\/#organization"},"potentialAction":[{"@type":"SearchAction","target":{"@type":"EntryPoint","urlTemplate":"https:\/\/www.webdo.tn\/fr\/?s={search_term_string}"},"query-input":{"@type":"PropertyValueSpecification","valueRequired":true,"valueName":"search_term_string"}}],"inLanguage":"fr-FR"},{"@type":"Organization","@id":"https:\/\/www.webdo.tn\/fr\/#organization","name":"Webdo","alternateName":"Webdo.tn","url":"https:\/\/www.webdo.tn\/fr\/","logo":{"@type":"ImageObject","inLanguage":"fr-FR","@id":"https:\/\/www.webdo.tn\/fr\/#\/schema\/logo\/image\/","url":"https:\/\/www.webdo.tn\/fr\/wp-content\/uploads\/2025\/06\/Webdo-Tunisie_168377.jpg","contentUrl":"https:\/\/www.webdo.tn\/fr\/wp-content\/uploads\/2025\/06\/Webdo-Tunisie_168377.jpg","width":301,"height":301,"caption":"Webdo"},"image":{"@id":"https:\/\/www.webdo.tn\/fr\/#\/schema\/logo\/image\/"},"sameAs":["https:\/\/www.facebook.com\/webdotn","https:\/\/x.com\/webdo_tn"],"description":"Webdo est un m\u00e9dia num\u00e9rique tunisien fond\u00e9 en 2010, sp\u00e9cialis\u00e9 dans l\u2019actualit\u00e9 nationale et internationale, l\u2019\u00e9conomie, la soci\u00e9t\u00e9 et les analyses politiques. Le site s\u2019adresse \u00e0 un large public francophone et couvre l\u2019information tunisienne en temps r\u00e9el.","email":"redac@webdo.tn","legalName":"YNJ SARL","foundingDate":"2010-09-06","numberOfEmployees":{"@type":"QuantitativeValue","minValue":"11","maxValue":"50"}},{"@type":"Person","@id":"https:\/\/www.webdo.tn\/fr\/#\/schema\/person\/c652cd8fc2b1b44412b5ffb48c5a911d","name":"Mohamed Hedi Touati","image":{"@type":"ImageObject","inLanguage":"fr-FR","@id":"https:\/\/secure.gravatar.com\/avatar\/9cfd402c745b7a685f13eed0ea6e59d2144a3c2fc50a3db6fd5ed451f6cddf1a?s=96&d=mm&r=g","url":"https:\/\/secure.gravatar.com\/avatar\/9cfd402c745b7a685f13eed0ea6e59d2144a3c2fc50a3db6fd5ed451f6cddf1a?s=96&d=mm&r=g","contentUrl":"https:\/\/secure.gravatar.com\/avatar\/9cfd402c745b7a685f13eed0ea6e59d2144a3c2fc50a3db6fd5ed451f6cddf1a?s=96&d=mm&r=g","caption":"Mohamed Hedi Touati"},"url":"https:\/\/www.webdo.tn\/fr\/actualite\/author\/mohamed-hedi-touati\/"}]}},"_links":{"self":[{"href":"https:\/\/www.webdo.tn\/fr\/wp-json\/wp\/v2\/posts\/378526","targetHints":{"allow":["GET"]}}],"collection":[{"href":"https:\/\/www.webdo.tn\/fr\/wp-json\/wp\/v2\/posts"}],"about":[{"href":"https:\/\/www.webdo.tn\/fr\/wp-json\/wp\/v2\/types\/post"}],"author":[{"embeddable":true,"href":"https:\/\/www.webdo.tn\/fr\/wp-json\/wp\/v2\/users\/3191"}],"replies":[{"embeddable":true,"href":"https:\/\/www.webdo.tn\/fr\/wp-json\/wp\/v2\/comments?post=378526"}],"version-history":[{"count":0,"href":"https:\/\/www.webdo.tn\/fr\/wp-json\/wp\/v2\/posts\/378526\/revisions"}],"wp:featuredmedia":[{"embeddable":true,"href":"https:\/\/www.webdo.tn\/fr\/wp-json\/wp\/v2\/media\/378527"}],"wp:attachment":[{"href":"https:\/\/www.webdo.tn\/fr\/wp-json\/wp\/v2\/media?parent=378526"}],"wp:term":[{"taxonomy":"category","embeddable":true,"href":"https:\/\/www.webdo.tn\/fr\/wp-json\/wp\/v2\/categories?post=378526"},{"taxonomy":"post_tag","embeddable":true,"href":"https:\/\/www.webdo.tn\/fr\/wp-json\/wp\/v2\/tags?post=378526"}],"curies":[{"name":"wp","href":"https:\/\/api.w.org\/{rel}","templated":true}]}}