{"id":378471,"date":"2025-06-27T10:05:39","date_gmt":"2025-06-27T09:05:39","guid":{"rendered":"https:\/\/www.webdo.tn\/fr\/?p=378471"},"modified":"2025-06-27T12:13:28","modified_gmt":"2025-06-27T11:13:28","slug":"seat-sinteresse-a-la-tunisie-vers-un-partenariat-industriel-strategique","status":"publish","type":"post","link":"https:\/\/www.webdo.tn\/fr\/actualite\/national\/seat-sinteresse-a-la-tunisie-vers-un-partenariat-industriel-strategique\/378471\/","title":{"rendered":"SEAT s\u2019int\u00e9resse \u00e0 la Tunisie : vers un partenariat industriel strat\u00e9gique ?"},"content":{"rendered":"\n<p><strong>Une d\u00e9l\u00e9gation de haut niveau du constructeur automobile espagnol SEAT s\u2019est rendue \u00e0 Tunis pour explorer les perspectives de coop\u00e9ration industrielle avec la Tunisie. \u00c0 la cl\u00e9 : des opportunit\u00e9s concr\u00e8tes d\u2019int\u00e9gration dans la cha\u00eene de valeur automobile mondiale.<\/strong><\/p>\n\n\n\n<p>Le constructeur automobile espagnol SEAT, filiale du groupe Volkswagen, pourrait bient\u00f4t renforcer sa pr\u00e9sence industrielle en Tunisie. Une rencontre strat\u00e9gique a \u00e9t\u00e9 tenue \u00e0 Tunis entre le Directeur g\u00e9n\u00e9ral de la FIPA (Agence de Promotion de l\u2019Investissement Ext\u00e9rieur) et une d\u00e9l\u00e9gation de SEAT conduite par Marc Riera Sch\u00f6ngarth, Vice-Pr\u00e9sident des achats de la marque.<\/p>\n\n\n\n<p>La visite marque une \u00e9tape importante dans les efforts visant \u00e0 consolider les relations industrielles entre SEAT et la Tunisie, en particulier dans le domaine des composants automobiles, secteur en plein essor dans le pays.<\/p>\n\n\n\n<p><strong>Un secteur tunisien aux capacit\u00e9s reconnues<\/strong><\/p>\n\n\n\n<p>Au c\u0153ur des \u00e9changes : l\u2019examen des opportunit\u00e9s de collaboration, notamment via une int\u00e9gration plus pouss\u00e9e de la Tunisie dans la cha\u00eene d\u2019approvisionnement du constructeur espagnol. La FIPA a mis en avant les atouts du pays : un cadre r\u00e9glementaire attractif, une main-d\u2019\u0153uvre qualifi\u00e9e, et un \u00e9cosyst\u00e8me industriel diversifi\u00e9.<\/p>\n\n\n\n<p>Le secteur des composants automobiles en Tunisie compte aujourd\u2019hui plus de 280 entreprises, qui emploient pr\u00e8s de 100 000 personnes. En 2023, ce secteur a g\u00e9n\u00e9r\u00e9 un chiffre d\u2019affaires \u00e0 l\u2019export avoisinant les trois milliards d\u2019euros, ce qui confirme sa capacit\u00e9 \u00e0 r\u00e9pondre aux standards internationaux en mati\u00e8re de qualit\u00e9, de co\u00fbt et de d\u00e9lai.<\/p>\n\n\n\n<p><strong>Une d\u00e9l\u00e9gation conjointe avec ENNAKL Automobiles<\/strong><\/p>\n\n\n\n<p>La d\u00e9l\u00e9gation de SEAT \u00e9tait accompagn\u00e9e de responsables d\u2019ENNAKL Automobiles, distributeur officiel de la marque en Tunisie. \u00c9taient pr\u00e9sents : Abdellatif Hmam (Pr\u00e9sident du Conseil d\u2019Administration), Anouar Ben Ammar (Directeur G\u00e9n\u00e9ral) et Habib Lasram (Directeur G\u00e9n\u00e9ral Adjoint).<\/p>\n\n\n\n<p>Cette collaboration strat\u00e9gique pourrait ouvrir la voie \u00e0 des investissements industriels directs de la part de SEAT ou de ses sous-traitants en Tunisie, notamment dans la fabrication de composants \u00e9lectroniques, de syst\u00e8mes m\u00e9caniques ou encore d\u2019accessoires embarqu\u00e9s.<\/p>\n\n\n\n<p>Cette d\u00e9marche s\u2019inscrit dans une logique de diversification g\u00e9ographique des fournisseurs et de rapprochement des sites de production des march\u00e9s europ\u00e9ens, \u00e0 l\u2019heure o\u00f9 les cha\u00eenes d\u2019approvisionnement mondiales cherchent \u00e0 r\u00e9duire les risques li\u00e9s aux tensions internationales et aux co\u00fbts logistiques.<\/p>\n\n\n\n<p>La Tunisie, avec sa proximit\u00e9 g\u00e9ographique avec l\u2019Europe, ses accords de libre-\u00e9change et sa sp\u00e9cialisation croissante dans les m\u00e9tiers de l\u2019automobile, appara\u00eet comme un partenaire strat\u00e9gique naturel.<\/p>\n\n\n\n<p><strong>Une dynamique \u00e0 suivre<\/strong><\/p>\n\n\n\n<p>Si aucune annonce concr\u00e8te n\u2019a encore \u00e9t\u00e9 faite, cette r\u00e9union t\u00e9moigne d\u2019un int\u00e9r\u00eat croissant des grands groupes automobiles pour l&rsquo;\u00e9cosyst\u00e8me industriel tunisien, en qu\u00eate de comp\u00e9titivit\u00e9 et de r\u00e9silience.<\/p>\n\n\n\n<p>Les prochains mois seront d\u00e9cisifs pour \u00e9valuer la suite donn\u00e9e \u00e0 ces \u00e9changes. Mais le signal est clair : la Tunisie se positionne comme une plateforme de production cr\u00e9dible, capable d\u2019attirer des acteurs majeurs du secteur automobile mondial.<\/p>\n","protected":false},"excerpt":{"rendered":"<p>Une d\u00e9l\u00e9gation de haut niveau du constructeur automobile espagnol SEAT s\u2019est rendue \u00e0 Tunis pour explorer les perspectives de coop\u00e9ration industrielle avec la Tunisie. \u00c0 la cl\u00e9 : des opportunit\u00e9s concr\u00e8tes d\u2019int\u00e9gration dans la cha\u00eene de valeur automobile mondiale. Le constructeur automobile espagnol SEAT, filiale du groupe Volkswagen, pourrait bient\u00f4t renforcer sa pr\u00e9sence industrielle en [&hellip;]<\/p>\n","protected":false},"author":3191,"featured_media":378472,"comment_status":"open","ping_status":"open","sticky":false,"template":"","format":"standard","meta":{"footnotes":""},"categories":[44],"tags":[12051,12050,12049],"class_list":["post-378471","post","type-post","status-publish","format-standard","has-post-thumbnail","hentry","category-national","tag-ennakl","tag-seat","tag-secteur-automobile-2"],"yoast_head":"<!-- This site is optimized with the Yoast SEO Premium plugin v27.5 (Yoast SEO v27.5) - https:\/\/yoast.com\/product\/yoast-seo-premium-wordpress\/ -->\n<title>SEAT s\u2019int\u00e9resse \u00e0 la Tunisie : vers un partenariat industriel strat\u00e9gique ? - webdo<\/title>\n<meta name=\"description\" content=\"SEAT explore des opportunit\u00e9s en Tunisie pour renforcer son industrie automobile et l&#039;int\u00e9gration dans la cha\u00eene de valeur mondiale.\" \/>\n<link rel=\"canonical\" href=\"https:\/\/www.webdo.tn\/fr\/actualite\/national\/seat-sinteresse-a-la-tunisie-vers-un-partenariat-industriel-strategique\/378471\/\" \/>\n<meta property=\"og:locale\" content=\"fr_FR\" \/>\n<meta property=\"og:type\" content=\"article\" \/>\n<meta property=\"og:title\" content=\"SEAT s\u2019int\u00e9resse \u00e0 la Tunisie : vers un partenariat industriel strat\u00e9gique ?\" \/>\n<meta property=\"og:description\" content=\"SEAT explore des opportunit\u00e9s en Tunisie pour renforcer son industrie automobile et l&#039;int\u00e9gration dans la cha\u00eene de valeur mondiale.\" \/>\n<meta property=\"og:url\" content=\"https:\/\/www.webdo.tn\/fr\/actualite\/national\/seat-sinteresse-a-la-tunisie-vers-un-partenariat-industriel-strategique\/378471\/\" \/>\n<meta property=\"og:site_name\" content=\"webdo\" \/>\n<meta property=\"article:publisher\" content=\"https:\/\/www.facebook.com\/webdotn\" \/>\n<meta property=\"article:published_time\" content=\"2025-06-27T09:05:39+00:00\" \/>\n<meta property=\"article:modified_time\" content=\"2025-06-27T11:13:28+00:00\" \/>\n<meta property=\"og:image\" content=\"https:\/\/www.webdo.tn\/fr\/wp-content\/uploads\/2025\/06\/Seat.jpg\" \/>\n\t<meta property=\"og:image:width\" content=\"850\" \/>\n\t<meta property=\"og:image:height\" content=\"491\" \/>\n\t<meta property=\"og:image:type\" content=\"image\/jpeg\" \/>\n<meta name=\"author\" content=\"Mohamed Hedi Touati\" \/>\n<meta name=\"twitter:card\" content=\"summary_large_image\" \/>\n<meta name=\"twitter:creator\" content=\"@webdo_tn\" \/>\n<meta name=\"twitter:site\" content=\"@webdo_tn\" \/>\n<meta name=\"twitter:label1\" content=\"\u00c9crit par\" \/>\n\t<meta name=\"twitter:data1\" content=\"Mohamed Hedi Touati\" \/>\n\t<meta name=\"twitter:label2\" content=\"Dur\u00e9e de lecture estim\u00e9e\" \/>\n\t<meta name=\"twitter:data2\" content=\"3 minutes\" \/>\n<script type=\"application\/ld+json\" class=\"yoast-schema-graph\">{\"@context\":\"https:\\\/\\\/schema.org\",\"@graph\":[{\"@type\":\"NewsArticle\",\"@id\":\"https:\\\/\\\/www.webdo.tn\\\/fr\\\/actualite\\\/national\\\/seat-sinteresse-a-la-tunisie-vers-un-partenariat-industriel-strategique\\\/378471\\\/#article\",\"isPartOf\":{\"@id\":\"https:\\\/\\\/www.webdo.tn\\\/fr\\\/actualite\\\/national\\\/seat-sinteresse-a-la-tunisie-vers-un-partenariat-industriel-strategique\\\/378471\\\/\"},\"author\":{\"name\":\"Mohamed Hedi Touati\",\"@id\":\"https:\\\/\\\/www.webdo.tn\\\/fr\\\/#\\\/schema\\\/person\\\/c652cd8fc2b1b44412b5ffb48c5a911d\"},\"headline\":\"SEAT s\u2019int\u00e9resse \u00e0 la Tunisie : vers un partenariat industriel strat\u00e9gique ?\",\"datePublished\":\"2025-06-27T09:05:39+00:00\",\"dateModified\":\"2025-06-27T11:13:28+00:00\",\"mainEntityOfPage\":{\"@id\":\"https:\\\/\\\/www.webdo.tn\\\/fr\\\/actualite\\\/national\\\/seat-sinteresse-a-la-tunisie-vers-un-partenariat-industriel-strategique\\\/378471\\\/\"},\"wordCount\":545,\"commentCount\":0,\"publisher\":{\"@id\":\"https:\\\/\\\/www.webdo.tn\\\/fr\\\/#organization\"},\"image\":{\"@id\":\"https:\\\/\\\/www.webdo.tn\\\/fr\\\/actualite\\\/national\\\/seat-sinteresse-a-la-tunisie-vers-un-partenariat-industriel-strategique\\\/378471\\\/#primaryimage\"},\"thumbnailUrl\":\"https:\\\/\\\/www.webdo.tn\\\/fr\\\/wp-content\\\/uploads\\\/2025\\\/06\\\/Seat.jpg\",\"keywords\":[\"Ennakl\",\"Seat\",\"secteur automobile\"],\"articleSection\":[\"National\"],\"inLanguage\":\"fr-FR\"},{\"@type\":\"WebPage\",\"@id\":\"https:\\\/\\\/www.webdo.tn\\\/fr\\\/actualite\\\/national\\\/seat-sinteresse-a-la-tunisie-vers-un-partenariat-industriel-strategique\\\/378471\\\/\",\"url\":\"https:\\\/\\\/www.webdo.tn\\\/fr\\\/actualite\\\/national\\\/seat-sinteresse-a-la-tunisie-vers-un-partenariat-industriel-strategique\\\/378471\\\/\",\"name\":\"SEAT s\u2019int\u00e9resse \u00e0 la Tunisie : vers un partenariat industriel strat\u00e9gique ? - webdo\",\"isPartOf\":{\"@id\":\"https:\\\/\\\/www.webdo.tn\\\/fr\\\/#website\"},\"primaryImageOfPage\":{\"@id\":\"https:\\\/\\\/www.webdo.tn\\\/fr\\\/actualite\\\/national\\\/seat-sinteresse-a-la-tunisie-vers-un-partenariat-industriel-strategique\\\/378471\\\/#primaryimage\"},\"image\":{\"@id\":\"https:\\\/\\\/www.webdo.tn\\\/fr\\\/actualite\\\/national\\\/seat-sinteresse-a-la-tunisie-vers-un-partenariat-industriel-strategique\\\/378471\\\/#primaryimage\"},\"thumbnailUrl\":\"https:\\\/\\\/www.webdo.tn\\\/fr\\\/wp-content\\\/uploads\\\/2025\\\/06\\\/Seat.jpg\",\"datePublished\":\"2025-06-27T09:05:39+00:00\",\"dateModified\":\"2025-06-27T11:13:28+00:00\",\"description\":\"SEAT explore des opportunit\u00e9s en Tunisie pour renforcer son industrie automobile et l'int\u00e9gration dans la cha\u00eene de valeur mondiale.\",\"breadcrumb\":{\"@id\":\"https:\\\/\\\/www.webdo.tn\\\/fr\\\/actualite\\\/national\\\/seat-sinteresse-a-la-tunisie-vers-un-partenariat-industriel-strategique\\\/378471\\\/#breadcrumb\"},\"inLanguage\":\"fr-FR\",\"potentialAction\":[{\"@type\":\"ReadAction\",\"target\":[\"https:\\\/\\\/www.webdo.tn\\\/fr\\\/actualite\\\/national\\\/seat-sinteresse-a-la-tunisie-vers-un-partenariat-industriel-strategique\\\/378471\\\/\"]}]},{\"@type\":\"ImageObject\",\"inLanguage\":\"fr-FR\",\"@id\":\"https:\\\/\\\/www.webdo.tn\\\/fr\\\/actualite\\\/national\\\/seat-sinteresse-a-la-tunisie-vers-un-partenariat-industriel-strategique\\\/378471\\\/#primaryimage\",\"url\":\"https:\\\/\\\/www.webdo.tn\\\/fr\\\/wp-content\\\/uploads\\\/2025\\\/06\\\/Seat.jpg\",\"contentUrl\":\"https:\\\/\\\/www.webdo.tn\\\/fr\\\/wp-content\\\/uploads\\\/2025\\\/06\\\/Seat.jpg\",\"width\":850,\"height\":491,\"caption\":\"SEAT s\u2019int\u00e9resse \u00e0 la Tunisie\"},{\"@type\":\"BreadcrumbList\",\"@id\":\"https:\\\/\\\/www.webdo.tn\\\/fr\\\/actualite\\\/national\\\/seat-sinteresse-a-la-tunisie-vers-un-partenariat-industriel-strategique\\\/378471\\\/#breadcrumb\",\"itemListElement\":[{\"@type\":\"ListItem\",\"position\":1,\"name\":\"Accueil\",\"item\":\"https:\\\/\\\/www.webdo.tn\\\/fr\\\/\"},{\"@type\":\"ListItem\",\"position\":2,\"name\":\"SEAT s\u2019int\u00e9resse \u00e0 la Tunisie : vers un partenariat industriel strat\u00e9gique ?\"}]},{\"@type\":\"WebSite\",\"@id\":\"https:\\\/\\\/www.webdo.tn\\\/fr\\\/#website\",\"url\":\"https:\\\/\\\/www.webdo.tn\\\/fr\\\/\",\"name\":\"webdo\",\"description\":\"Tunisie - News en Tunisie et \u00e0 l&#039;international sur Webdo.tn\",\"publisher\":{\"@id\":\"https:\\\/\\\/www.webdo.tn\\\/fr\\\/#organization\"},\"potentialAction\":[{\"@type\":\"SearchAction\",\"target\":{\"@type\":\"EntryPoint\",\"urlTemplate\":\"https:\\\/\\\/www.webdo.tn\\\/fr\\\/?s={search_term_string}\"},\"query-input\":{\"@type\":\"PropertyValueSpecification\",\"valueRequired\":true,\"valueName\":\"search_term_string\"}}],\"inLanguage\":\"fr-FR\"},{\"@type\":\"Organization\",\"@id\":\"https:\\\/\\\/www.webdo.tn\\\/fr\\\/#organization\",\"name\":\"Webdo\",\"alternateName\":\"Webdo.tn\",\"url\":\"https:\\\/\\\/www.webdo.tn\\\/fr\\\/\",\"logo\":{\"@type\":\"ImageObject\",\"inLanguage\":\"fr-FR\",\"@id\":\"https:\\\/\\\/www.webdo.tn\\\/fr\\\/#\\\/schema\\\/logo\\\/image\\\/\",\"url\":\"https:\\\/\\\/www.webdo.tn\\\/fr\\\/wp-content\\\/uploads\\\/2025\\\/06\\\/Webdo-Tunisie_168377.jpg\",\"contentUrl\":\"https:\\\/\\\/www.webdo.tn\\\/fr\\\/wp-content\\\/uploads\\\/2025\\\/06\\\/Webdo-Tunisie_168377.jpg\",\"width\":301,\"height\":301,\"caption\":\"Webdo\"},\"image\":{\"@id\":\"https:\\\/\\\/www.webdo.tn\\\/fr\\\/#\\\/schema\\\/logo\\\/image\\\/\"},\"sameAs\":[\"https:\\\/\\\/www.facebook.com\\\/webdotn\",\"https:\\\/\\\/x.com\\\/webdo_tn\"],\"description\":\"Webdo est un m\u00e9dia num\u00e9rique tunisien fond\u00e9 en 2010, sp\u00e9cialis\u00e9 dans l\u2019actualit\u00e9 nationale et internationale, l\u2019\u00e9conomie, la soci\u00e9t\u00e9 et les analyses politiques. Le site s\u2019adresse \u00e0 un large public francophone et couvre l\u2019information tunisienne en temps r\u00e9el.\",\"email\":\"redac@webdo.tn\",\"legalName\":\"YNJ SARL\",\"foundingDate\":\"2010-09-06\",\"numberOfEmployees\":{\"@type\":\"QuantitativeValue\",\"minValue\":\"11\",\"maxValue\":\"50\"}},{\"@type\":\"Person\",\"@id\":\"https:\\\/\\\/www.webdo.tn\\\/fr\\\/#\\\/schema\\\/person\\\/c652cd8fc2b1b44412b5ffb48c5a911d\",\"name\":\"Mohamed Hedi Touati\",\"image\":{\"@type\":\"ImageObject\",\"inLanguage\":\"fr-FR\",\"@id\":\"https:\\\/\\\/secure.gravatar.com\\\/avatar\\\/9cfd402c745b7a685f13eed0ea6e59d2144a3c2fc50a3db6fd5ed451f6cddf1a?s=96&d=mm&r=g\",\"url\":\"https:\\\/\\\/secure.gravatar.com\\\/avatar\\\/9cfd402c745b7a685f13eed0ea6e59d2144a3c2fc50a3db6fd5ed451f6cddf1a?s=96&d=mm&r=g\",\"contentUrl\":\"https:\\\/\\\/secure.gravatar.com\\\/avatar\\\/9cfd402c745b7a685f13eed0ea6e59d2144a3c2fc50a3db6fd5ed451f6cddf1a?s=96&d=mm&r=g\",\"caption\":\"Mohamed Hedi Touati\"},\"url\":\"https:\\\/\\\/www.webdo.tn\\\/fr\\\/actualite\\\/author\\\/mohamed-hedi-touati\\\/\"}]}<\/script>\n<!-- \/ Yoast SEO Premium plugin. -->","yoast_head_json":{"title":"SEAT s\u2019int\u00e9resse \u00e0 la Tunisie : vers un partenariat industriel strat\u00e9gique ? - webdo","description":"SEAT explore des opportunit\u00e9s en Tunisie pour renforcer son industrie automobile et l'int\u00e9gration dans la cha\u00eene de valeur mondiale.","canonical":"https:\/\/www.webdo.tn\/fr\/actualite\/national\/seat-sinteresse-a-la-tunisie-vers-un-partenariat-industriel-strategique\/378471\/","og_locale":"fr_FR","og_type":"article","og_title":"SEAT s\u2019int\u00e9resse \u00e0 la Tunisie : vers un partenariat industriel strat\u00e9gique ?","og_description":"SEAT explore des opportunit\u00e9s en Tunisie pour renforcer son industrie automobile et l'int\u00e9gration dans la cha\u00eene de valeur mondiale.","og_url":"https:\/\/www.webdo.tn\/fr\/actualite\/national\/seat-sinteresse-a-la-tunisie-vers-un-partenariat-industriel-strategique\/378471\/","og_site_name":"webdo","article_publisher":"https:\/\/www.facebook.com\/webdotn","article_published_time":"2025-06-27T09:05:39+00:00","article_modified_time":"2025-06-27T11:13:28+00:00","og_image":[{"width":850,"height":491,"url":"https:\/\/www.webdo.tn\/fr\/wp-content\/uploads\/2025\/06\/Seat.jpg","type":"image\/jpeg"}],"author":"Mohamed Hedi Touati","twitter_card":"summary_large_image","twitter_creator":"@webdo_tn","twitter_site":"@webdo_tn","twitter_misc":{"\u00c9crit par":"Mohamed Hedi Touati","Dur\u00e9e de lecture estim\u00e9e":"3 minutes"},"schema":{"@context":"https:\/\/schema.org","@graph":[{"@type":"NewsArticle","@id":"https:\/\/www.webdo.tn\/fr\/actualite\/national\/seat-sinteresse-a-la-tunisie-vers-un-partenariat-industriel-strategique\/378471\/#article","isPartOf":{"@id":"https:\/\/www.webdo.tn\/fr\/actualite\/national\/seat-sinteresse-a-la-tunisie-vers-un-partenariat-industriel-strategique\/378471\/"},"author":{"name":"Mohamed Hedi Touati","@id":"https:\/\/www.webdo.tn\/fr\/#\/schema\/person\/c652cd8fc2b1b44412b5ffb48c5a911d"},"headline":"SEAT s\u2019int\u00e9resse \u00e0 la Tunisie : vers un partenariat industriel strat\u00e9gique ?","datePublished":"2025-06-27T09:05:39+00:00","dateModified":"2025-06-27T11:13:28+00:00","mainEntityOfPage":{"@id":"https:\/\/www.webdo.tn\/fr\/actualite\/national\/seat-sinteresse-a-la-tunisie-vers-un-partenariat-industriel-strategique\/378471\/"},"wordCount":545,"commentCount":0,"publisher":{"@id":"https:\/\/www.webdo.tn\/fr\/#organization"},"image":{"@id":"https:\/\/www.webdo.tn\/fr\/actualite\/national\/seat-sinteresse-a-la-tunisie-vers-un-partenariat-industriel-strategique\/378471\/#primaryimage"},"thumbnailUrl":"https:\/\/www.webdo.tn\/fr\/wp-content\/uploads\/2025\/06\/Seat.jpg","keywords":["Ennakl","Seat","secteur automobile"],"articleSection":["National"],"inLanguage":"fr-FR"},{"@type":"WebPage","@id":"https:\/\/www.webdo.tn\/fr\/actualite\/national\/seat-sinteresse-a-la-tunisie-vers-un-partenariat-industriel-strategique\/378471\/","url":"https:\/\/www.webdo.tn\/fr\/actualite\/national\/seat-sinteresse-a-la-tunisie-vers-un-partenariat-industriel-strategique\/378471\/","name":"SEAT s\u2019int\u00e9resse \u00e0 la Tunisie : vers un partenariat industriel strat\u00e9gique ? - webdo","isPartOf":{"@id":"https:\/\/www.webdo.tn\/fr\/#website"},"primaryImageOfPage":{"@id":"https:\/\/www.webdo.tn\/fr\/actualite\/national\/seat-sinteresse-a-la-tunisie-vers-un-partenariat-industriel-strategique\/378471\/#primaryimage"},"image":{"@id":"https:\/\/www.webdo.tn\/fr\/actualite\/national\/seat-sinteresse-a-la-tunisie-vers-un-partenariat-industriel-strategique\/378471\/#primaryimage"},"thumbnailUrl":"https:\/\/www.webdo.tn\/fr\/wp-content\/uploads\/2025\/06\/Seat.jpg","datePublished":"2025-06-27T09:05:39+00:00","dateModified":"2025-06-27T11:13:28+00:00","description":"SEAT explore des opportunit\u00e9s en Tunisie pour renforcer son industrie automobile et l'int\u00e9gration dans la cha\u00eene de valeur mondiale.","breadcrumb":{"@id":"https:\/\/www.webdo.tn\/fr\/actualite\/national\/seat-sinteresse-a-la-tunisie-vers-un-partenariat-industriel-strategique\/378471\/#breadcrumb"},"inLanguage":"fr-FR","potentialAction":[{"@type":"ReadAction","target":["https:\/\/www.webdo.tn\/fr\/actualite\/national\/seat-sinteresse-a-la-tunisie-vers-un-partenariat-industriel-strategique\/378471\/"]}]},{"@type":"ImageObject","inLanguage":"fr-FR","@id":"https:\/\/www.webdo.tn\/fr\/actualite\/national\/seat-sinteresse-a-la-tunisie-vers-un-partenariat-industriel-strategique\/378471\/#primaryimage","url":"https:\/\/www.webdo.tn\/fr\/wp-content\/uploads\/2025\/06\/Seat.jpg","contentUrl":"https:\/\/www.webdo.tn\/fr\/wp-content\/uploads\/2025\/06\/Seat.jpg","width":850,"height":491,"caption":"SEAT s\u2019int\u00e9resse \u00e0 la Tunisie"},{"@type":"BreadcrumbList","@id":"https:\/\/www.webdo.tn\/fr\/actualite\/national\/seat-sinteresse-a-la-tunisie-vers-un-partenariat-industriel-strategique\/378471\/#breadcrumb","itemListElement":[{"@type":"ListItem","position":1,"name":"Accueil","item":"https:\/\/www.webdo.tn\/fr\/"},{"@type":"ListItem","position":2,"name":"SEAT s\u2019int\u00e9resse \u00e0 la Tunisie : vers un partenariat industriel strat\u00e9gique ?"}]},{"@type":"WebSite","@id":"https:\/\/www.webdo.tn\/fr\/#website","url":"https:\/\/www.webdo.tn\/fr\/","name":"webdo","description":"Tunisie - News en Tunisie et \u00e0 l&#039;international sur Webdo.tn","publisher":{"@id":"https:\/\/www.webdo.tn\/fr\/#organization"},"potentialAction":[{"@type":"SearchAction","target":{"@type":"EntryPoint","urlTemplate":"https:\/\/www.webdo.tn\/fr\/?s={search_term_string}"},"query-input":{"@type":"PropertyValueSpecification","valueRequired":true,"valueName":"search_term_string"}}],"inLanguage":"fr-FR"},{"@type":"Organization","@id":"https:\/\/www.webdo.tn\/fr\/#organization","name":"Webdo","alternateName":"Webdo.tn","url":"https:\/\/www.webdo.tn\/fr\/","logo":{"@type":"ImageObject","inLanguage":"fr-FR","@id":"https:\/\/www.webdo.tn\/fr\/#\/schema\/logo\/image\/","url":"https:\/\/www.webdo.tn\/fr\/wp-content\/uploads\/2025\/06\/Webdo-Tunisie_168377.jpg","contentUrl":"https:\/\/www.webdo.tn\/fr\/wp-content\/uploads\/2025\/06\/Webdo-Tunisie_168377.jpg","width":301,"height":301,"caption":"Webdo"},"image":{"@id":"https:\/\/www.webdo.tn\/fr\/#\/schema\/logo\/image\/"},"sameAs":["https:\/\/www.facebook.com\/webdotn","https:\/\/x.com\/webdo_tn"],"description":"Webdo est un m\u00e9dia num\u00e9rique tunisien fond\u00e9 en 2010, sp\u00e9cialis\u00e9 dans l\u2019actualit\u00e9 nationale et internationale, l\u2019\u00e9conomie, la soci\u00e9t\u00e9 et les analyses politiques. Le site s\u2019adresse \u00e0 un large public francophone et couvre l\u2019information tunisienne en temps r\u00e9el.","email":"redac@webdo.tn","legalName":"YNJ SARL","foundingDate":"2010-09-06","numberOfEmployees":{"@type":"QuantitativeValue","minValue":"11","maxValue":"50"}},{"@type":"Person","@id":"https:\/\/www.webdo.tn\/fr\/#\/schema\/person\/c652cd8fc2b1b44412b5ffb48c5a911d","name":"Mohamed Hedi Touati","image":{"@type":"ImageObject","inLanguage":"fr-FR","@id":"https:\/\/secure.gravatar.com\/avatar\/9cfd402c745b7a685f13eed0ea6e59d2144a3c2fc50a3db6fd5ed451f6cddf1a?s=96&d=mm&r=g","url":"https:\/\/secure.gravatar.com\/avatar\/9cfd402c745b7a685f13eed0ea6e59d2144a3c2fc50a3db6fd5ed451f6cddf1a?s=96&d=mm&r=g","contentUrl":"https:\/\/secure.gravatar.com\/avatar\/9cfd402c745b7a685f13eed0ea6e59d2144a3c2fc50a3db6fd5ed451f6cddf1a?s=96&d=mm&r=g","caption":"Mohamed Hedi Touati"},"url":"https:\/\/www.webdo.tn\/fr\/actualite\/author\/mohamed-hedi-touati\/"}]}},"_links":{"self":[{"href":"https:\/\/www.webdo.tn\/fr\/wp-json\/wp\/v2\/posts\/378471","targetHints":{"allow":["GET"]}}],"collection":[{"href":"https:\/\/www.webdo.tn\/fr\/wp-json\/wp\/v2\/posts"}],"about":[{"href":"https:\/\/www.webdo.tn\/fr\/wp-json\/wp\/v2\/types\/post"}],"author":[{"embeddable":true,"href":"https:\/\/www.webdo.tn\/fr\/wp-json\/wp\/v2\/users\/3191"}],"replies":[{"embeddable":true,"href":"https:\/\/www.webdo.tn\/fr\/wp-json\/wp\/v2\/comments?post=378471"}],"version-history":[{"count":0,"href":"https:\/\/www.webdo.tn\/fr\/wp-json\/wp\/v2\/posts\/378471\/revisions"}],"wp:featuredmedia":[{"embeddable":true,"href":"https:\/\/www.webdo.tn\/fr\/wp-json\/wp\/v2\/media\/378472"}],"wp:attachment":[{"href":"https:\/\/www.webdo.tn\/fr\/wp-json\/wp\/v2\/media?parent=378471"}],"wp:term":[{"taxonomy":"category","embeddable":true,"href":"https:\/\/www.webdo.tn\/fr\/wp-json\/wp\/v2\/categories?post=378471"},{"taxonomy":"post_tag","embeddable":true,"href":"https:\/\/www.webdo.tn\/fr\/wp-json\/wp\/v2\/tags?post=378471"}],"curies":[{"name":"wp","href":"https:\/\/api.w.org\/{rel}","templated":true}]}}