{"id":378456,"date":"2025-06-26T13:47:01","date_gmt":"2025-06-26T12:47:01","guid":{"rendered":"https:\/\/www.webdo.tn\/fr\/?p=378456"},"modified":"2025-06-27T11:04:12","modified_gmt":"2025-06-27T10:04:12","slug":"khamenei-sexprime-apres-le-cessez-le-feu-entre-triomphalisme-et-mise-en-garde","status":"publish","type":"post","link":"https:\/\/www.webdo.tn\/fr\/actualite\/international\/khamenei-sexprime-apres-le-cessez-le-feu-entre-triomphalisme-et-mise-en-garde\/378456\/","title":{"rendered":"Khamenei s\u2019exprime apr\u00e8s le cessez-le-feu : Entre triomphalisme et mise en garde"},"content":{"rendered":"\n<p><\/p>\n\n\n\n<p><strong>L\u2019ayatollah Ali Khamenei est sorti de son silence ce jeudi 26 juin 2025, une semaine apr\u00e8s l\u2019entr\u00e9e en vigueur de la tr\u00eave entre l\u2019Iran et Isra\u00ebl. Dans un message vid\u00e9o largement diffus\u00e9 \u00e0 travers les m\u00e9dias d&rsquo;\u00c9tat, le guide supr\u00eame iranien a salu\u00e9 ce qu\u2019il qualifie de \u00ab victoire \u00bb de la R\u00e9publique islamique, tout en adressant des menaces voil\u00e9es mais fermes aux \u00c9tats-Unis.<\/strong><\/p>\n\n\n\n<p>Dans une posture r\u00e9solument triomphaliste, Khamenei a affirm\u00e9 que l\u2019Iran avait inflig\u00e9 \u00ab une gifle au visage de l\u2019Am\u00e9rique \u00bb et que le r\u00e9gime isra\u00e9lien avait \u00e9t\u00e9 \u00ab humili\u00e9 \u00bb par la r\u00e9sistance iranienne. Il n\u2019a pas h\u00e9sit\u00e9 \u00e0 pr\u00e9senter la fin des affrontements comme une d\u00e9monstration de la puissance strat\u00e9gique de l\u2019Iran dans la r\u00e9gion. Selon lui, ni les frappes ni les sanctions am\u00e9ricaines n\u2019ont pu freiner les capacit\u00e9s militaires du pays.<\/p>\n\n\n\n<p>Mais derri\u00e8re ces d\u00e9clarations, le discours du guide supr\u00eame s\u2019inscrit aussi dans une logique de dissuasion. Khamenei a averti que l\u2019Iran ne resterait pas passif face \u00e0 d\u2019\u00e9ventuelles nouvelles attaques. Il a rappel\u00e9 que son pays garde l\u2019\u0153il sur les bases am\u00e9ricaines dans la r\u00e9gion et que toute action hostile serait suivie de repr\u00e9sailles \u00ab douloureuses \u00bb. Ce ton martial s\u2019adresse autant \u00e0 la communaut\u00e9 internationale qu\u2019\u00e0 l\u2019opinion publique iranienne, dans un contexte de tensions persistantes malgr\u00e9 l\u2019accalmie apparente.<\/p>\n\n\n\n<p>Ce message survient alors que l\u2019Iran sort d\u2019un \u00e9pisode militaire intense ayant mobilis\u00e9 son appareil s\u00e9curitaire et diplomatique. La tr\u00eave obtenue gr\u00e2ce \u00e0 une m\u00e9diation r\u00e9gionale a permis une d\u00e9sescalade, mais la situation demeure fragile. Si les \u00c9tats-Unis n\u2019ont pas officiellement r\u00e9agi aux propos de Khamenei, les chancelleries occidentales redoutent une nouvelle phase d\u2019instabilit\u00e9.<\/p>\n\n\n\n<p>Dans ce contexte tendu, les d\u00e9clarations du guide supr\u00eame marquent un tournant : elles referment provisoirement un cycle de confrontation directe, tout en laissant planer une menace explicite en cas de regain de tension. Un \u00e9quilibre instable, dans lequel la parole du leader iranien continue de peser lourd.<\/p>\n\n\n\n<p><\/p>\n","protected":false},"excerpt":{"rendered":"<p>L\u2019ayatollah Ali Khamenei est sorti de son silence ce jeudi 26 juin 2025, une semaine apr\u00e8s l\u2019entr\u00e9e en vigueur de la tr\u00eave entre l\u2019Iran et Isra\u00ebl. Dans un message vid\u00e9o largement diffus\u00e9 \u00e0 travers les m\u00e9dias d&rsquo;\u00c9tat, le guide supr\u00eame iranien a salu\u00e9 ce qu\u2019il qualifie de \u00ab victoire \u00bb de la R\u00e9publique islamique, tout [&hellip;]<\/p>\n","protected":false},"author":3184,"featured_media":377802,"comment_status":"open","ping_status":"open","sticky":false,"template":"","format":"standard","meta":{"footnotes":""},"categories":[2598],"tags":[2600,2912,2636],"class_list":["post-378456","post","type-post","status-publish","format-standard","has-post-thumbnail","hentry","category-international","tag-guerre","tag-iran","tag-israel"],"yoast_head":"<!-- This site is optimized with the Yoast SEO Premium plugin v27.5 (Yoast SEO v27.5) - https:\/\/yoast.com\/product\/yoast-seo-premium-wordpress\/ -->\n<title>Khamenei s\u2019exprime apr\u00e8s le cessez-le-feu : Entre triomphalisme et mise en garde - webdo<\/title>\n<meta name=\"description\" content=\"Khamenei d\u00e9clare une victoire de l&#039;Iran apr\u00e8s la tr\u00eave avec Isra\u00ebl, affirmant une puissance strat\u00e9gique renforc\u00e9e dans la r\u00e9gion.\" \/>\n<link rel=\"canonical\" href=\"https:\/\/www.webdo.tn\/fr\/actualite\/international\/khamenei-sexprime-apres-le-cessez-le-feu-entre-triomphalisme-et-mise-en-garde\/378456\/\" \/>\n<meta property=\"og:locale\" content=\"fr_FR\" \/>\n<meta property=\"og:type\" content=\"article\" \/>\n<meta property=\"og:title\" content=\"Khamenei s\u2019exprime apr\u00e8s le cessez-le-feu : Entre triomphalisme et mise en garde\" \/>\n<meta property=\"og:description\" content=\"Khamenei d\u00e9clare une victoire de l&#039;Iran apr\u00e8s la tr\u00eave avec Isra\u00ebl, affirmant une puissance strat\u00e9gique renforc\u00e9e dans la r\u00e9gion.\" \/>\n<meta property=\"og:url\" content=\"https:\/\/www.webdo.tn\/fr\/actualite\/international\/khamenei-sexprime-apres-le-cessez-le-feu-entre-triomphalisme-et-mise-en-garde\/378456\/\" \/>\n<meta property=\"og:site_name\" content=\"webdo\" \/>\n<meta property=\"article:publisher\" content=\"https:\/\/www.facebook.com\/webdotn\" \/>\n<meta property=\"article:published_time\" content=\"2025-06-26T12:47:01+00:00\" \/>\n<meta property=\"article:modified_time\" content=\"2025-06-27T10:04:12+00:00\" \/>\n<meta property=\"og:image\" content=\"https:\/\/www.webdo.tn\/fr\/wp-content\/uploads\/2025\/06\/trump-khamenei-netanyahu.webp\" \/>\n\t<meta property=\"og:image:width\" content=\"770\" \/>\n\t<meta property=\"og:image:height\" content=\"513\" \/>\n\t<meta property=\"og:image:type\" content=\"image\/webp\" \/>\n<meta name=\"author\" content=\"Wided Belhaj\" \/>\n<meta name=\"twitter:card\" content=\"summary_large_image\" \/>\n<meta name=\"twitter:creator\" content=\"@webdo_tn\" \/>\n<meta name=\"twitter:site\" content=\"@webdo_tn\" \/>\n<meta name=\"twitter:label1\" content=\"\u00c9crit par\" \/>\n\t<meta name=\"twitter:data1\" content=\"Wided Belhaj\" \/>\n\t<meta name=\"twitter:label2\" content=\"Dur\u00e9e de lecture estim\u00e9e\" \/>\n\t<meta name=\"twitter:data2\" content=\"2 minutes\" \/>\n<script type=\"application\/ld+json\" class=\"yoast-schema-graph\">{\"@context\":\"https:\\\/\\\/schema.org\",\"@graph\":[{\"@type\":\"NewsArticle\",\"@id\":\"https:\\\/\\\/www.webdo.tn\\\/fr\\\/actualite\\\/international\\\/khamenei-sexprime-apres-le-cessez-le-feu-entre-triomphalisme-et-mise-en-garde\\\/378456\\\/#article\",\"isPartOf\":{\"@id\":\"https:\\\/\\\/www.webdo.tn\\\/fr\\\/actualite\\\/international\\\/khamenei-sexprime-apres-le-cessez-le-feu-entre-triomphalisme-et-mise-en-garde\\\/378456\\\/\"},\"author\":{\"name\":\"Wided Belhaj\",\"@id\":\"https:\\\/\\\/www.webdo.tn\\\/fr\\\/#\\\/schema\\\/person\\\/b9ecde7a5574cb4fcf4b496ea5fadb15\"},\"headline\":\"Khamenei s\u2019exprime apr\u00e8s le cessez-le-feu : Entre triomphalisme et mise en garde\",\"datePublished\":\"2025-06-26T12:47:01+00:00\",\"dateModified\":\"2025-06-27T10:04:12+00:00\",\"mainEntityOfPage\":{\"@id\":\"https:\\\/\\\/www.webdo.tn\\\/fr\\\/actualite\\\/international\\\/khamenei-sexprime-apres-le-cessez-le-feu-entre-triomphalisme-et-mise-en-garde\\\/378456\\\/\"},\"wordCount\":372,\"commentCount\":0,\"publisher\":{\"@id\":\"https:\\\/\\\/www.webdo.tn\\\/fr\\\/#organization\"},\"image\":{\"@id\":\"https:\\\/\\\/www.webdo.tn\\\/fr\\\/actualite\\\/international\\\/khamenei-sexprime-apres-le-cessez-le-feu-entre-triomphalisme-et-mise-en-garde\\\/378456\\\/#primaryimage\"},\"thumbnailUrl\":\"https:\\\/\\\/www.webdo.tn\\\/fr\\\/wp-content\\\/uploads\\\/2025\\\/06\\\/trump-khamenei-netanyahu.webp\",\"keywords\":[\"guerre\",\"Iran\",\"isra\u00ebl\"],\"articleSection\":[\"International\"],\"inLanguage\":\"fr-FR\"},{\"@type\":\"WebPage\",\"@id\":\"https:\\\/\\\/www.webdo.tn\\\/fr\\\/actualite\\\/international\\\/khamenei-sexprime-apres-le-cessez-le-feu-entre-triomphalisme-et-mise-en-garde\\\/378456\\\/\",\"url\":\"https:\\\/\\\/www.webdo.tn\\\/fr\\\/actualite\\\/international\\\/khamenei-sexprime-apres-le-cessez-le-feu-entre-triomphalisme-et-mise-en-garde\\\/378456\\\/\",\"name\":\"Khamenei s\u2019exprime apr\u00e8s le cessez-le-feu : Entre triomphalisme et mise en garde - webdo\",\"isPartOf\":{\"@id\":\"https:\\\/\\\/www.webdo.tn\\\/fr\\\/#website\"},\"primaryImageOfPage\":{\"@id\":\"https:\\\/\\\/www.webdo.tn\\\/fr\\\/actualite\\\/international\\\/khamenei-sexprime-apres-le-cessez-le-feu-entre-triomphalisme-et-mise-en-garde\\\/378456\\\/#primaryimage\"},\"image\":{\"@id\":\"https:\\\/\\\/www.webdo.tn\\\/fr\\\/actualite\\\/international\\\/khamenei-sexprime-apres-le-cessez-le-feu-entre-triomphalisme-et-mise-en-garde\\\/378456\\\/#primaryimage\"},\"thumbnailUrl\":\"https:\\\/\\\/www.webdo.tn\\\/fr\\\/wp-content\\\/uploads\\\/2025\\\/06\\\/trump-khamenei-netanyahu.webp\",\"datePublished\":\"2025-06-26T12:47:01+00:00\",\"dateModified\":\"2025-06-27T10:04:12+00:00\",\"description\":\"Khamenei d\u00e9clare une victoire de l'Iran apr\u00e8s la tr\u00eave avec Isra\u00ebl, affirmant une puissance strat\u00e9gique renforc\u00e9e dans la r\u00e9gion.\",\"breadcrumb\":{\"@id\":\"https:\\\/\\\/www.webdo.tn\\\/fr\\\/actualite\\\/international\\\/khamenei-sexprime-apres-le-cessez-le-feu-entre-triomphalisme-et-mise-en-garde\\\/378456\\\/#breadcrumb\"},\"inLanguage\":\"fr-FR\",\"potentialAction\":[{\"@type\":\"ReadAction\",\"target\":[\"https:\\\/\\\/www.webdo.tn\\\/fr\\\/actualite\\\/international\\\/khamenei-sexprime-apres-le-cessez-le-feu-entre-triomphalisme-et-mise-en-garde\\\/378456\\\/\"]}]},{\"@type\":\"ImageObject\",\"inLanguage\":\"fr-FR\",\"@id\":\"https:\\\/\\\/www.webdo.tn\\\/fr\\\/actualite\\\/international\\\/khamenei-sexprime-apres-le-cessez-le-feu-entre-triomphalisme-et-mise-en-garde\\\/378456\\\/#primaryimage\",\"url\":\"https:\\\/\\\/www.webdo.tn\\\/fr\\\/wp-content\\\/uploads\\\/2025\\\/06\\\/trump-khamenei-netanyahu.webp\",\"contentUrl\":\"https:\\\/\\\/www.webdo.tn\\\/fr\\\/wp-content\\\/uploads\\\/2025\\\/06\\\/trump-khamenei-netanyahu.webp\",\"width\":770,\"height\":513},{\"@type\":\"BreadcrumbList\",\"@id\":\"https:\\\/\\\/www.webdo.tn\\\/fr\\\/actualite\\\/international\\\/khamenei-sexprime-apres-le-cessez-le-feu-entre-triomphalisme-et-mise-en-garde\\\/378456\\\/#breadcrumb\",\"itemListElement\":[{\"@type\":\"ListItem\",\"position\":1,\"name\":\"Accueil\",\"item\":\"https:\\\/\\\/www.webdo.tn\\\/fr\\\/\"},{\"@type\":\"ListItem\",\"position\":2,\"name\":\"Khamenei s\u2019exprime apr\u00e8s le cessez-le-feu : Entre triomphalisme et mise en garde\"}]},{\"@type\":\"WebSite\",\"@id\":\"https:\\\/\\\/www.webdo.tn\\\/fr\\\/#website\",\"url\":\"https:\\\/\\\/www.webdo.tn\\\/fr\\\/\",\"name\":\"webdo\",\"description\":\"Tunisie - News en Tunisie et \u00e0 l&#039;international sur Webdo.tn\",\"publisher\":{\"@id\":\"https:\\\/\\\/www.webdo.tn\\\/fr\\\/#organization\"},\"potentialAction\":[{\"@type\":\"SearchAction\",\"target\":{\"@type\":\"EntryPoint\",\"urlTemplate\":\"https:\\\/\\\/www.webdo.tn\\\/fr\\\/?s={search_term_string}\"},\"query-input\":{\"@type\":\"PropertyValueSpecification\",\"valueRequired\":true,\"valueName\":\"search_term_string\"}}],\"inLanguage\":\"fr-FR\"},{\"@type\":\"Organization\",\"@id\":\"https:\\\/\\\/www.webdo.tn\\\/fr\\\/#organization\",\"name\":\"Webdo\",\"alternateName\":\"Webdo.tn\",\"url\":\"https:\\\/\\\/www.webdo.tn\\\/fr\\\/\",\"logo\":{\"@type\":\"ImageObject\",\"inLanguage\":\"fr-FR\",\"@id\":\"https:\\\/\\\/www.webdo.tn\\\/fr\\\/#\\\/schema\\\/logo\\\/image\\\/\",\"url\":\"https:\\\/\\\/www.webdo.tn\\\/fr\\\/wp-content\\\/uploads\\\/2025\\\/06\\\/Webdo-Tunisie_168377.jpg\",\"contentUrl\":\"https:\\\/\\\/www.webdo.tn\\\/fr\\\/wp-content\\\/uploads\\\/2025\\\/06\\\/Webdo-Tunisie_168377.jpg\",\"width\":301,\"height\":301,\"caption\":\"Webdo\"},\"image\":{\"@id\":\"https:\\\/\\\/www.webdo.tn\\\/fr\\\/#\\\/schema\\\/logo\\\/image\\\/\"},\"sameAs\":[\"https:\\\/\\\/www.facebook.com\\\/webdotn\",\"https:\\\/\\\/x.com\\\/webdo_tn\"],\"description\":\"Webdo est un m\u00e9dia num\u00e9rique tunisien fond\u00e9 en 2010, sp\u00e9cialis\u00e9 dans l\u2019actualit\u00e9 nationale et internationale, l\u2019\u00e9conomie, la soci\u00e9t\u00e9 et les analyses politiques. Le site s\u2019adresse \u00e0 un large public francophone et couvre l\u2019information tunisienne en temps r\u00e9el.\",\"email\":\"redac@webdo.tn\",\"legalName\":\"YNJ SARL\",\"foundingDate\":\"2010-09-06\",\"numberOfEmployees\":{\"@type\":\"QuantitativeValue\",\"minValue\":\"11\",\"maxValue\":\"50\"}},{\"@type\":\"Person\",\"@id\":\"https:\\\/\\\/www.webdo.tn\\\/fr\\\/#\\\/schema\\\/person\\\/b9ecde7a5574cb4fcf4b496ea5fadb15\",\"name\":\"Wided Belhaj\",\"image\":{\"@type\":\"ImageObject\",\"inLanguage\":\"fr-FR\",\"@id\":\"https:\\\/\\\/www.webdo.tn\\\/fr\\\/wp-content\\\/uploads\\\/2026\\\/04\\\/wided-belhaj_avatar-96x96.jpg\",\"url\":\"https:\\\/\\\/www.webdo.tn\\\/fr\\\/wp-content\\\/uploads\\\/2026\\\/04\\\/wided-belhaj_avatar-96x96.jpg\",\"contentUrl\":\"https:\\\/\\\/www.webdo.tn\\\/fr\\\/wp-content\\\/uploads\\\/2026\\\/04\\\/wided-belhaj_avatar-96x96.jpg\",\"caption\":\"Wided Belhaj\"},\"description\":\"Wided Belhaj est le pseudonyme \u00e9ditorial utilis\u00e9 par Khalil Jelassi, journaliste, ma\u00eetre-assistant \u00e0 l\u2019Institut de presse et des sciences de l\u2019information (IPSI) et chercheur en sciences de l\u2019information et de la communication. Cette signature est d\u00e9di\u00e9e \u00e0 l\u2019analyse des m\u00e9dias, des pratiques journalistiques et des mutations de l\u2019information \u00e0 l\u2019\u00e8re digitale. \u00c0 travers ses contributions, Wided Belhaj propose une lecture analytique de l\u2019actualit\u00e9, en croisant regard critique et expertise acad\u00e9mique.\",\"knowsAbout\":[\"m\u00e9dias\",\"journalisme\",\"communication\",\"information\",\"transformation num\u00e9rique\",\"analyse des m\u00e9dias\"],\"knowsLanguage\":[\"Fran\u00e7ais\",\"Arabe\"],\"jobTitle\":\"Webdo.tn\",\"worksFor\":\"Journaliste \u2013 Analyse des m\u00e9dias\",\"url\":\"https:\\\/\\\/www.webdo.tn\\\/fr\\\/actualite\\\/author\\\/wided-belhaj\\\/\"}]}<\/script>\n<!-- \/ Yoast SEO Premium plugin. -->","yoast_head_json":{"title":"Khamenei s\u2019exprime apr\u00e8s le cessez-le-feu : Entre triomphalisme et mise en garde - webdo","description":"Khamenei d\u00e9clare une victoire de l'Iran apr\u00e8s la tr\u00eave avec Isra\u00ebl, affirmant une puissance strat\u00e9gique renforc\u00e9e dans la r\u00e9gion.","canonical":"https:\/\/www.webdo.tn\/fr\/actualite\/international\/khamenei-sexprime-apres-le-cessez-le-feu-entre-triomphalisme-et-mise-en-garde\/378456\/","og_locale":"fr_FR","og_type":"article","og_title":"Khamenei s\u2019exprime apr\u00e8s le cessez-le-feu : Entre triomphalisme et mise en garde","og_description":"Khamenei d\u00e9clare une victoire de l'Iran apr\u00e8s la tr\u00eave avec Isra\u00ebl, affirmant une puissance strat\u00e9gique renforc\u00e9e dans la r\u00e9gion.","og_url":"https:\/\/www.webdo.tn\/fr\/actualite\/international\/khamenei-sexprime-apres-le-cessez-le-feu-entre-triomphalisme-et-mise-en-garde\/378456\/","og_site_name":"webdo","article_publisher":"https:\/\/www.facebook.com\/webdotn","article_published_time":"2025-06-26T12:47:01+00:00","article_modified_time":"2025-06-27T10:04:12+00:00","og_image":[{"width":770,"height":513,"url":"https:\/\/www.webdo.tn\/fr\/wp-content\/uploads\/2025\/06\/trump-khamenei-netanyahu.webp","type":"image\/webp"}],"author":"Wided Belhaj","twitter_card":"summary_large_image","twitter_creator":"@webdo_tn","twitter_site":"@webdo_tn","twitter_misc":{"\u00c9crit par":"Wided Belhaj","Dur\u00e9e de lecture estim\u00e9e":"2 minutes"},"schema":{"@context":"https:\/\/schema.org","@graph":[{"@type":"NewsArticle","@id":"https:\/\/www.webdo.tn\/fr\/actualite\/international\/khamenei-sexprime-apres-le-cessez-le-feu-entre-triomphalisme-et-mise-en-garde\/378456\/#article","isPartOf":{"@id":"https:\/\/www.webdo.tn\/fr\/actualite\/international\/khamenei-sexprime-apres-le-cessez-le-feu-entre-triomphalisme-et-mise-en-garde\/378456\/"},"author":{"name":"Wided Belhaj","@id":"https:\/\/www.webdo.tn\/fr\/#\/schema\/person\/b9ecde7a5574cb4fcf4b496ea5fadb15"},"headline":"Khamenei s\u2019exprime apr\u00e8s le cessez-le-feu : Entre triomphalisme et mise en garde","datePublished":"2025-06-26T12:47:01+00:00","dateModified":"2025-06-27T10:04:12+00:00","mainEntityOfPage":{"@id":"https:\/\/www.webdo.tn\/fr\/actualite\/international\/khamenei-sexprime-apres-le-cessez-le-feu-entre-triomphalisme-et-mise-en-garde\/378456\/"},"wordCount":372,"commentCount":0,"publisher":{"@id":"https:\/\/www.webdo.tn\/fr\/#organization"},"image":{"@id":"https:\/\/www.webdo.tn\/fr\/actualite\/international\/khamenei-sexprime-apres-le-cessez-le-feu-entre-triomphalisme-et-mise-en-garde\/378456\/#primaryimage"},"thumbnailUrl":"https:\/\/www.webdo.tn\/fr\/wp-content\/uploads\/2025\/06\/trump-khamenei-netanyahu.webp","keywords":["guerre","Iran","isra\u00ebl"],"articleSection":["International"],"inLanguage":"fr-FR"},{"@type":"WebPage","@id":"https:\/\/www.webdo.tn\/fr\/actualite\/international\/khamenei-sexprime-apres-le-cessez-le-feu-entre-triomphalisme-et-mise-en-garde\/378456\/","url":"https:\/\/www.webdo.tn\/fr\/actualite\/international\/khamenei-sexprime-apres-le-cessez-le-feu-entre-triomphalisme-et-mise-en-garde\/378456\/","name":"Khamenei s\u2019exprime apr\u00e8s le cessez-le-feu : Entre triomphalisme et mise en garde - webdo","isPartOf":{"@id":"https:\/\/www.webdo.tn\/fr\/#website"},"primaryImageOfPage":{"@id":"https:\/\/www.webdo.tn\/fr\/actualite\/international\/khamenei-sexprime-apres-le-cessez-le-feu-entre-triomphalisme-et-mise-en-garde\/378456\/#primaryimage"},"image":{"@id":"https:\/\/www.webdo.tn\/fr\/actualite\/international\/khamenei-sexprime-apres-le-cessez-le-feu-entre-triomphalisme-et-mise-en-garde\/378456\/#primaryimage"},"thumbnailUrl":"https:\/\/www.webdo.tn\/fr\/wp-content\/uploads\/2025\/06\/trump-khamenei-netanyahu.webp","datePublished":"2025-06-26T12:47:01+00:00","dateModified":"2025-06-27T10:04:12+00:00","description":"Khamenei d\u00e9clare une victoire de l'Iran apr\u00e8s la tr\u00eave avec Isra\u00ebl, affirmant une puissance strat\u00e9gique renforc\u00e9e dans la r\u00e9gion.","breadcrumb":{"@id":"https:\/\/www.webdo.tn\/fr\/actualite\/international\/khamenei-sexprime-apres-le-cessez-le-feu-entre-triomphalisme-et-mise-en-garde\/378456\/#breadcrumb"},"inLanguage":"fr-FR","potentialAction":[{"@type":"ReadAction","target":["https:\/\/www.webdo.tn\/fr\/actualite\/international\/khamenei-sexprime-apres-le-cessez-le-feu-entre-triomphalisme-et-mise-en-garde\/378456\/"]}]},{"@type":"ImageObject","inLanguage":"fr-FR","@id":"https:\/\/www.webdo.tn\/fr\/actualite\/international\/khamenei-sexprime-apres-le-cessez-le-feu-entre-triomphalisme-et-mise-en-garde\/378456\/#primaryimage","url":"https:\/\/www.webdo.tn\/fr\/wp-content\/uploads\/2025\/06\/trump-khamenei-netanyahu.webp","contentUrl":"https:\/\/www.webdo.tn\/fr\/wp-content\/uploads\/2025\/06\/trump-khamenei-netanyahu.webp","width":770,"height":513},{"@type":"BreadcrumbList","@id":"https:\/\/www.webdo.tn\/fr\/actualite\/international\/khamenei-sexprime-apres-le-cessez-le-feu-entre-triomphalisme-et-mise-en-garde\/378456\/#breadcrumb","itemListElement":[{"@type":"ListItem","position":1,"name":"Accueil","item":"https:\/\/www.webdo.tn\/fr\/"},{"@type":"ListItem","position":2,"name":"Khamenei s\u2019exprime apr\u00e8s le cessez-le-feu : Entre triomphalisme et mise en garde"}]},{"@type":"WebSite","@id":"https:\/\/www.webdo.tn\/fr\/#website","url":"https:\/\/www.webdo.tn\/fr\/","name":"webdo","description":"Tunisie - News en Tunisie et \u00e0 l&#039;international sur Webdo.tn","publisher":{"@id":"https:\/\/www.webdo.tn\/fr\/#organization"},"potentialAction":[{"@type":"SearchAction","target":{"@type":"EntryPoint","urlTemplate":"https:\/\/www.webdo.tn\/fr\/?s={search_term_string}"},"query-input":{"@type":"PropertyValueSpecification","valueRequired":true,"valueName":"search_term_string"}}],"inLanguage":"fr-FR"},{"@type":"Organization","@id":"https:\/\/www.webdo.tn\/fr\/#organization","name":"Webdo","alternateName":"Webdo.tn","url":"https:\/\/www.webdo.tn\/fr\/","logo":{"@type":"ImageObject","inLanguage":"fr-FR","@id":"https:\/\/www.webdo.tn\/fr\/#\/schema\/logo\/image\/","url":"https:\/\/www.webdo.tn\/fr\/wp-content\/uploads\/2025\/06\/Webdo-Tunisie_168377.jpg","contentUrl":"https:\/\/www.webdo.tn\/fr\/wp-content\/uploads\/2025\/06\/Webdo-Tunisie_168377.jpg","width":301,"height":301,"caption":"Webdo"},"image":{"@id":"https:\/\/www.webdo.tn\/fr\/#\/schema\/logo\/image\/"},"sameAs":["https:\/\/www.facebook.com\/webdotn","https:\/\/x.com\/webdo_tn"],"description":"Webdo est un m\u00e9dia num\u00e9rique tunisien fond\u00e9 en 2010, sp\u00e9cialis\u00e9 dans l\u2019actualit\u00e9 nationale et internationale, l\u2019\u00e9conomie, la soci\u00e9t\u00e9 et les analyses politiques. Le site s\u2019adresse \u00e0 un large public francophone et couvre l\u2019information tunisienne en temps r\u00e9el.","email":"redac@webdo.tn","legalName":"YNJ SARL","foundingDate":"2010-09-06","numberOfEmployees":{"@type":"QuantitativeValue","minValue":"11","maxValue":"50"}},{"@type":"Person","@id":"https:\/\/www.webdo.tn\/fr\/#\/schema\/person\/b9ecde7a5574cb4fcf4b496ea5fadb15","name":"Wided Belhaj","image":{"@type":"ImageObject","inLanguage":"fr-FR","@id":"https:\/\/www.webdo.tn\/fr\/wp-content\/uploads\/2026\/04\/wided-belhaj_avatar-96x96.jpg","url":"https:\/\/www.webdo.tn\/fr\/wp-content\/uploads\/2026\/04\/wided-belhaj_avatar-96x96.jpg","contentUrl":"https:\/\/www.webdo.tn\/fr\/wp-content\/uploads\/2026\/04\/wided-belhaj_avatar-96x96.jpg","caption":"Wided Belhaj"},"description":"Wided Belhaj est le pseudonyme \u00e9ditorial utilis\u00e9 par Khalil Jelassi, journaliste, ma\u00eetre-assistant \u00e0 l\u2019Institut de presse et des sciences de l\u2019information (IPSI) et chercheur en sciences de l\u2019information et de la communication. Cette signature est d\u00e9di\u00e9e \u00e0 l\u2019analyse des m\u00e9dias, des pratiques journalistiques et des mutations de l\u2019information \u00e0 l\u2019\u00e8re digitale. \u00c0 travers ses contributions, Wided Belhaj propose une lecture analytique de l\u2019actualit\u00e9, en croisant regard critique et expertise acad\u00e9mique.","knowsAbout":["m\u00e9dias","journalisme","communication","information","transformation num\u00e9rique","analyse des m\u00e9dias"],"knowsLanguage":["Fran\u00e7ais","Arabe"],"jobTitle":"Webdo.tn","worksFor":"Journaliste \u2013 Analyse des m\u00e9dias","url":"https:\/\/www.webdo.tn\/fr\/actualite\/author\/wided-belhaj\/"}]}},"_links":{"self":[{"href":"https:\/\/www.webdo.tn\/fr\/wp-json\/wp\/v2\/posts\/378456","targetHints":{"allow":["GET"]}}],"collection":[{"href":"https:\/\/www.webdo.tn\/fr\/wp-json\/wp\/v2\/posts"}],"about":[{"href":"https:\/\/www.webdo.tn\/fr\/wp-json\/wp\/v2\/types\/post"}],"author":[{"embeddable":true,"href":"https:\/\/www.webdo.tn\/fr\/wp-json\/wp\/v2\/users\/3184"}],"replies":[{"embeddable":true,"href":"https:\/\/www.webdo.tn\/fr\/wp-json\/wp\/v2\/comments?post=378456"}],"version-history":[{"count":0,"href":"https:\/\/www.webdo.tn\/fr\/wp-json\/wp\/v2\/posts\/378456\/revisions"}],"wp:featuredmedia":[{"embeddable":true,"href":"https:\/\/www.webdo.tn\/fr\/wp-json\/wp\/v2\/media\/377802"}],"wp:attachment":[{"href":"https:\/\/www.webdo.tn\/fr\/wp-json\/wp\/v2\/media?parent=378456"}],"wp:term":[{"taxonomy":"category","embeddable":true,"href":"https:\/\/www.webdo.tn\/fr\/wp-json\/wp\/v2\/categories?post=378456"},{"taxonomy":"post_tag","embeddable":true,"href":"https:\/\/www.webdo.tn\/fr\/wp-json\/wp\/v2\/tags?post=378456"}],"curies":[{"name":"wp","href":"https:\/\/api.w.org\/{rel}","templated":true}]}}