{"id":378447,"date":"2025-06-26T09:18:05","date_gmt":"2025-06-26T08:18:05","guid":{"rendered":"https:\/\/www.webdo.tn\/fr\/?p=378447"},"modified":"2025-06-27T08:30:57","modified_gmt":"2025-06-27T07:30:57","slug":"france-une-nuit-dorages-meurtriers-secoue-le-pays","status":"publish","type":"post","link":"https:\/\/www.webdo.tn\/fr\/actualite\/international\/france-une-nuit-dorages-meurtriers-secoue-le-pays\/378447\/","title":{"rendered":"France : Une nuit d\u2019orages meurtriers secoue le pays"},"content":{"rendered":"\n<p><strong>Dans la nuit du mercredi 25 au jeudi 26 juin, de violents orages ont travers\u00e9 une grande partie du territoire fran\u00e7ais, pla\u00e7ant plus de quarante d\u00e9partements en vigilance orange. <\/strong><\/p>\n\n\n\n<p>Des rafales de vent allant jusqu\u2019\u00e0 140\u202fkm\/h ont \u00e9t\u00e9 enregistr\u00e9es dans l\u2019Oise, et la Tour Eiffel a subi des vents soufflant \u00e0 plus de 110\u202fkm\/h. Ces conditions extr\u00eames ont \u00e9t\u00e9 accompagn\u00e9es de pluies intenses, d\u2019\u00e9clairs continus et parfois m\u00eame de gr\u00eale, provoquant un chaos m\u00e9t\u00e9orologique dans plusieurs r\u00e9gions, notamment en \u00cele-de-France.<\/p>\n\n\n\n<p><br>Le bilan humain est tragique : deux personnes ont perdu la vie. En Mayenne, un homme de 59 ans a \u00e9t\u00e9 tu\u00e9 alors qu\u2019il circulait en quad, percut\u00e9 par un arbre d\u00e9racin\u00e9. Dans le Tarn-et-Garonne, un adolescent de 12 ans est mort apr\u00e8s avoir \u00e9t\u00e9 touch\u00e9 par un arbre tomb\u00e9 dans un camping. Outre ces drames, les d\u00e9g\u00e2ts mat\u00e9riels sont consid\u00e9rables. Environ 110\u202f000 foyers ont \u00e9t\u00e9 priv\u00e9s d\u2019\u00e9lectricit\u00e9, principalement en \u00cele-de-France, dans le Centre et dans l\u2019ouest du pays.<\/p>\n\n\n\n<p><br>Les orages ont \u00e9galement fortement perturb\u00e9 les r\u00e9seaux de transport. Des lignes de m\u00e9tro, de RER et des trains r\u00e9gionaux ont \u00e9t\u00e9 suspendues ou retard\u00e9es \u00e0 cause d\u2019arbres tomb\u00e9s sur les voies et de l\u2019inondation de certains tunnels. Les sapeurs-pompiers sont intervenus \u00e0 plus de 2\u202f500 reprises durant la nuit, pour des inondations, des chutes d\u2019arbres, des toitures arrach\u00e9es ou des v\u00e9hicules endommag\u00e9s. La mobilisation a \u00e9t\u00e9 imm\u00e9diate et massive dans les zones touch\u00e9es.<\/p>\n\n\n\n<p><br>Ce jeudi matin, la vigilance orange a \u00e9t\u00e9 lev\u00e9e dans la majorit\u00e9 des d\u00e9partements. Les \u00e9quipes d\u2019Enedis s\u2019affairent \u00e0 r\u00e9tablir l\u2019\u00e9lectricit\u00e9 dans les foyers encore priv\u00e9s de courant, tandis que les services de voirie d\u00e9gagent les routes et s\u00e9curisent les zones sinistr\u00e9es. Si le calme semble revenir, les autorit\u00e9s appellent \u00e0 la prudence dans les prochaines heures, certaines r\u00e9gions restant fragilis\u00e9es. Une enqu\u00eate est en cours pour \u00e9valuer pr\u00e9cis\u00e9ment l\u2019ampleur des d\u00e9g\u00e2ts et tirer les le\u00e7ons de cet \u00e9pisode m\u00e9t\u00e9orologique extr\u00eame.<\/p>\n","protected":false},"excerpt":{"rendered":"<p>Dans la nuit du mercredi 25 au jeudi 26 juin, de violents orages ont travers\u00e9 une grande partie du territoire fran\u00e7ais, pla\u00e7ant plus de quarante d\u00e9partements en vigilance orange. Des rafales de vent allant jusqu\u2019\u00e0 140\u202fkm\/h ont \u00e9t\u00e9 enregistr\u00e9es dans l\u2019Oise, et la Tour Eiffel a subi des vents soufflant \u00e0 plus de 110\u202fkm\/h. Ces [&hellip;]<\/p>\n","protected":false},"author":3184,"featured_media":378448,"comment_status":"open","ping_status":"open","sticky":false,"template":"","format":"standard","meta":{"footnotes":""},"categories":[2598],"tags":[],"class_list":["post-378447","post","type-post","status-publish","format-standard","has-post-thumbnail","hentry","category-international"],"yoast_head":"<!-- This site is optimized with the Yoast SEO Premium plugin v27.5 (Yoast SEO v27.5) - https:\/\/yoast.com\/product\/yoast-seo-premium-wordpress\/ -->\n<title>France : Une nuit d\u2019orages meurtriers secoue le pays - webdo<\/title>\n<meta name=\"description\" content=\"D\u00e9couvrez les impacts des violents orages en France qui ont caus\u00e9 des d\u00e9g\u00e2ts et des trag\u00e9dies sur le territoire fran\u00e7ais.\" \/>\n<link rel=\"canonical\" href=\"https:\/\/www.webdo.tn\/fr\/actualite\/international\/france-une-nuit-dorages-meurtriers-secoue-le-pays\/378447\/\" \/>\n<meta property=\"og:locale\" content=\"fr_FR\" \/>\n<meta property=\"og:type\" content=\"article\" \/>\n<meta property=\"og:title\" content=\"France : Une nuit d\u2019orages meurtriers secoue le pays\" \/>\n<meta property=\"og:description\" content=\"D\u00e9couvrez les impacts des violents orages en France qui ont caus\u00e9 des d\u00e9g\u00e2ts et des trag\u00e9dies sur le territoire fran\u00e7ais.\" \/>\n<meta property=\"og:url\" content=\"https:\/\/www.webdo.tn\/fr\/actualite\/international\/france-une-nuit-dorages-meurtriers-secoue-le-pays\/378447\/\" \/>\n<meta property=\"og:site_name\" content=\"webdo\" \/>\n<meta property=\"article:publisher\" content=\"https:\/\/www.facebook.com\/webdotn\" \/>\n<meta property=\"article:published_time\" content=\"2025-06-26T08:18:05+00:00\" \/>\n<meta property=\"article:modified_time\" content=\"2025-06-27T07:30:57+00:00\" \/>\n<meta property=\"og:image\" content=\"https:\/\/www.webdo.tn\/fr\/wp-content\/uploads\/2025\/06\/VigilanceorangeParis-YY8jLtSX.webp\" \/>\n\t<meta property=\"og:image:width\" content=\"480\" \/>\n\t<meta property=\"og:image:height\" content=\"320\" \/>\n\t<meta property=\"og:image:type\" content=\"image\/webp\" \/>\n<meta name=\"author\" content=\"Wided Belhaj\" \/>\n<meta name=\"twitter:card\" content=\"summary_large_image\" \/>\n<meta name=\"twitter:creator\" content=\"@webdo_tn\" \/>\n<meta name=\"twitter:site\" content=\"@webdo_tn\" \/>\n<meta name=\"twitter:label1\" content=\"\u00c9crit par\" \/>\n\t<meta name=\"twitter:data1\" content=\"Wided Belhaj\" \/>\n\t<meta name=\"twitter:label2\" content=\"Dur\u00e9e de lecture estim\u00e9e\" \/>\n\t<meta name=\"twitter:data2\" content=\"2 minutes\" \/>\n<script type=\"application\/ld+json\" class=\"yoast-schema-graph\">{\"@context\":\"https:\\\/\\\/schema.org\",\"@graph\":[{\"@type\":\"NewsArticle\",\"@id\":\"https:\\\/\\\/www.webdo.tn\\\/fr\\\/actualite\\\/international\\\/france-une-nuit-dorages-meurtriers-secoue-le-pays\\\/378447\\\/#article\",\"isPartOf\":{\"@id\":\"https:\\\/\\\/www.webdo.tn\\\/fr\\\/actualite\\\/international\\\/france-une-nuit-dorages-meurtriers-secoue-le-pays\\\/378447\\\/\"},\"author\":{\"name\":\"Wided Belhaj\",\"@id\":\"https:\\\/\\\/www.webdo.tn\\\/fr\\\/#\\\/schema\\\/person\\\/b9ecde7a5574cb4fcf4b496ea5fadb15\"},\"headline\":\"France : Une nuit d\u2019orages meurtriers secoue le pays\",\"datePublished\":\"2025-06-26T08:18:05+00:00\",\"dateModified\":\"2025-06-27T07:30:57+00:00\",\"mainEntityOfPage\":{\"@id\":\"https:\\\/\\\/www.webdo.tn\\\/fr\\\/actualite\\\/international\\\/france-une-nuit-dorages-meurtriers-secoue-le-pays\\\/378447\\\/\"},\"wordCount\":372,\"commentCount\":0,\"publisher\":{\"@id\":\"https:\\\/\\\/www.webdo.tn\\\/fr\\\/#organization\"},\"image\":{\"@id\":\"https:\\\/\\\/www.webdo.tn\\\/fr\\\/actualite\\\/international\\\/france-une-nuit-dorages-meurtriers-secoue-le-pays\\\/378447\\\/#primaryimage\"},\"thumbnailUrl\":\"https:\\\/\\\/www.webdo.tn\\\/fr\\\/wp-content\\\/uploads\\\/2025\\\/06\\\/VigilanceorangeParis-YY8jLtSX.webp\",\"articleSection\":[\"International\"],\"inLanguage\":\"fr-FR\"},{\"@type\":\"WebPage\",\"@id\":\"https:\\\/\\\/www.webdo.tn\\\/fr\\\/actualite\\\/international\\\/france-une-nuit-dorages-meurtriers-secoue-le-pays\\\/378447\\\/\",\"url\":\"https:\\\/\\\/www.webdo.tn\\\/fr\\\/actualite\\\/international\\\/france-une-nuit-dorages-meurtriers-secoue-le-pays\\\/378447\\\/\",\"name\":\"France : Une nuit d\u2019orages meurtriers secoue le pays - webdo\",\"isPartOf\":{\"@id\":\"https:\\\/\\\/www.webdo.tn\\\/fr\\\/#website\"},\"primaryImageOfPage\":{\"@id\":\"https:\\\/\\\/www.webdo.tn\\\/fr\\\/actualite\\\/international\\\/france-une-nuit-dorages-meurtriers-secoue-le-pays\\\/378447\\\/#primaryimage\"},\"image\":{\"@id\":\"https:\\\/\\\/www.webdo.tn\\\/fr\\\/actualite\\\/international\\\/france-une-nuit-dorages-meurtriers-secoue-le-pays\\\/378447\\\/#primaryimage\"},\"thumbnailUrl\":\"https:\\\/\\\/www.webdo.tn\\\/fr\\\/wp-content\\\/uploads\\\/2025\\\/06\\\/VigilanceorangeParis-YY8jLtSX.webp\",\"datePublished\":\"2025-06-26T08:18:05+00:00\",\"dateModified\":\"2025-06-27T07:30:57+00:00\",\"description\":\"D\u00e9couvrez les impacts des violents orages en France qui ont caus\u00e9 des d\u00e9g\u00e2ts et des trag\u00e9dies sur le territoire fran\u00e7ais.\",\"breadcrumb\":{\"@id\":\"https:\\\/\\\/www.webdo.tn\\\/fr\\\/actualite\\\/international\\\/france-une-nuit-dorages-meurtriers-secoue-le-pays\\\/378447\\\/#breadcrumb\"},\"inLanguage\":\"fr-FR\",\"potentialAction\":[{\"@type\":\"ReadAction\",\"target\":[\"https:\\\/\\\/www.webdo.tn\\\/fr\\\/actualite\\\/international\\\/france-une-nuit-dorages-meurtriers-secoue-le-pays\\\/378447\\\/\"]}]},{\"@type\":\"ImageObject\",\"inLanguage\":\"fr-FR\",\"@id\":\"https:\\\/\\\/www.webdo.tn\\\/fr\\\/actualite\\\/international\\\/france-une-nuit-dorages-meurtriers-secoue-le-pays\\\/378447\\\/#primaryimage\",\"url\":\"https:\\\/\\\/www.webdo.tn\\\/fr\\\/wp-content\\\/uploads\\\/2025\\\/06\\\/VigilanceorangeParis-YY8jLtSX.webp\",\"contentUrl\":\"https:\\\/\\\/www.webdo.tn\\\/fr\\\/wp-content\\\/uploads\\\/2025\\\/06\\\/VigilanceorangeParis-YY8jLtSX.webp\",\"width\":480,\"height\":320},{\"@type\":\"BreadcrumbList\",\"@id\":\"https:\\\/\\\/www.webdo.tn\\\/fr\\\/actualite\\\/international\\\/france-une-nuit-dorages-meurtriers-secoue-le-pays\\\/378447\\\/#breadcrumb\",\"itemListElement\":[{\"@type\":\"ListItem\",\"position\":1,\"name\":\"Accueil\",\"item\":\"https:\\\/\\\/www.webdo.tn\\\/fr\\\/\"},{\"@type\":\"ListItem\",\"position\":2,\"name\":\"France : Une nuit d\u2019orages meurtriers secoue le pays\"}]},{\"@type\":\"WebSite\",\"@id\":\"https:\\\/\\\/www.webdo.tn\\\/fr\\\/#website\",\"url\":\"https:\\\/\\\/www.webdo.tn\\\/fr\\\/\",\"name\":\"webdo\",\"description\":\"Tunisie - News en Tunisie et \u00e0 l&#039;international sur Webdo.tn\",\"publisher\":{\"@id\":\"https:\\\/\\\/www.webdo.tn\\\/fr\\\/#organization\"},\"potentialAction\":[{\"@type\":\"SearchAction\",\"target\":{\"@type\":\"EntryPoint\",\"urlTemplate\":\"https:\\\/\\\/www.webdo.tn\\\/fr\\\/?s={search_term_string}\"},\"query-input\":{\"@type\":\"PropertyValueSpecification\",\"valueRequired\":true,\"valueName\":\"search_term_string\"}}],\"inLanguage\":\"fr-FR\"},{\"@type\":\"Organization\",\"@id\":\"https:\\\/\\\/www.webdo.tn\\\/fr\\\/#organization\",\"name\":\"Webdo\",\"alternateName\":\"Webdo.tn\",\"url\":\"https:\\\/\\\/www.webdo.tn\\\/fr\\\/\",\"logo\":{\"@type\":\"ImageObject\",\"inLanguage\":\"fr-FR\",\"@id\":\"https:\\\/\\\/www.webdo.tn\\\/fr\\\/#\\\/schema\\\/logo\\\/image\\\/\",\"url\":\"https:\\\/\\\/www.webdo.tn\\\/fr\\\/wp-content\\\/uploads\\\/2025\\\/06\\\/Webdo-Tunisie_168377.jpg\",\"contentUrl\":\"https:\\\/\\\/www.webdo.tn\\\/fr\\\/wp-content\\\/uploads\\\/2025\\\/06\\\/Webdo-Tunisie_168377.jpg\",\"width\":301,\"height\":301,\"caption\":\"Webdo\"},\"image\":{\"@id\":\"https:\\\/\\\/www.webdo.tn\\\/fr\\\/#\\\/schema\\\/logo\\\/image\\\/\"},\"sameAs\":[\"https:\\\/\\\/www.facebook.com\\\/webdotn\",\"https:\\\/\\\/x.com\\\/webdo_tn\"],\"description\":\"Webdo est un m\u00e9dia num\u00e9rique tunisien fond\u00e9 en 2010, sp\u00e9cialis\u00e9 dans l\u2019actualit\u00e9 nationale et internationale, l\u2019\u00e9conomie, la soci\u00e9t\u00e9 et les analyses politiques. Le site s\u2019adresse \u00e0 un large public francophone et couvre l\u2019information tunisienne en temps r\u00e9el.\",\"email\":\"redac@webdo.tn\",\"legalName\":\"YNJ SARL\",\"foundingDate\":\"2010-09-06\",\"numberOfEmployees\":{\"@type\":\"QuantitativeValue\",\"minValue\":\"11\",\"maxValue\":\"50\"}},{\"@type\":\"Person\",\"@id\":\"https:\\\/\\\/www.webdo.tn\\\/fr\\\/#\\\/schema\\\/person\\\/b9ecde7a5574cb4fcf4b496ea5fadb15\",\"name\":\"Wided Belhaj\",\"image\":{\"@type\":\"ImageObject\",\"inLanguage\":\"fr-FR\",\"@id\":\"https:\\\/\\\/www.webdo.tn\\\/fr\\\/wp-content\\\/uploads\\\/2026\\\/04\\\/wided-belhaj_avatar-96x96.jpg\",\"url\":\"https:\\\/\\\/www.webdo.tn\\\/fr\\\/wp-content\\\/uploads\\\/2026\\\/04\\\/wided-belhaj_avatar-96x96.jpg\",\"contentUrl\":\"https:\\\/\\\/www.webdo.tn\\\/fr\\\/wp-content\\\/uploads\\\/2026\\\/04\\\/wided-belhaj_avatar-96x96.jpg\",\"caption\":\"Wided Belhaj\"},\"description\":\"Wided Belhaj est le pseudonyme \u00e9ditorial utilis\u00e9 par Khalil Jelassi, journaliste, ma\u00eetre-assistant \u00e0 l\u2019Institut de presse et des sciences de l\u2019information (IPSI) et chercheur en sciences de l\u2019information et de la communication. Cette signature est d\u00e9di\u00e9e \u00e0 l\u2019analyse des m\u00e9dias, des pratiques journalistiques et des mutations de l\u2019information \u00e0 l\u2019\u00e8re digitale. \u00c0 travers ses contributions, Wided Belhaj propose une lecture analytique de l\u2019actualit\u00e9, en croisant regard critique et expertise acad\u00e9mique.\",\"knowsAbout\":[\"m\u00e9dias\",\"journalisme\",\"communication\",\"information\",\"transformation num\u00e9rique\",\"analyse des m\u00e9dias\"],\"knowsLanguage\":[\"Fran\u00e7ais\",\"Arabe\"],\"jobTitle\":\"Webdo.tn\",\"worksFor\":\"Journaliste \u2013 Analyse des m\u00e9dias\",\"url\":\"https:\\\/\\\/www.webdo.tn\\\/fr\\\/actualite\\\/author\\\/wided-belhaj\\\/\"}]}<\/script>\n<!-- \/ Yoast SEO Premium plugin. -->","yoast_head_json":{"title":"France : Une nuit d\u2019orages meurtriers secoue le pays - webdo","description":"D\u00e9couvrez les impacts des violents orages en France qui ont caus\u00e9 des d\u00e9g\u00e2ts et des trag\u00e9dies sur le territoire fran\u00e7ais.","canonical":"https:\/\/www.webdo.tn\/fr\/actualite\/international\/france-une-nuit-dorages-meurtriers-secoue-le-pays\/378447\/","og_locale":"fr_FR","og_type":"article","og_title":"France : Une nuit d\u2019orages meurtriers secoue le pays","og_description":"D\u00e9couvrez les impacts des violents orages en France qui ont caus\u00e9 des d\u00e9g\u00e2ts et des trag\u00e9dies sur le territoire fran\u00e7ais.","og_url":"https:\/\/www.webdo.tn\/fr\/actualite\/international\/france-une-nuit-dorages-meurtriers-secoue-le-pays\/378447\/","og_site_name":"webdo","article_publisher":"https:\/\/www.facebook.com\/webdotn","article_published_time":"2025-06-26T08:18:05+00:00","article_modified_time":"2025-06-27T07:30:57+00:00","og_image":[{"width":480,"height":320,"url":"https:\/\/www.webdo.tn\/fr\/wp-content\/uploads\/2025\/06\/VigilanceorangeParis-YY8jLtSX.webp","type":"image\/webp"}],"author":"Wided Belhaj","twitter_card":"summary_large_image","twitter_creator":"@webdo_tn","twitter_site":"@webdo_tn","twitter_misc":{"\u00c9crit par":"Wided Belhaj","Dur\u00e9e de lecture estim\u00e9e":"2 minutes"},"schema":{"@context":"https:\/\/schema.org","@graph":[{"@type":"NewsArticle","@id":"https:\/\/www.webdo.tn\/fr\/actualite\/international\/france-une-nuit-dorages-meurtriers-secoue-le-pays\/378447\/#article","isPartOf":{"@id":"https:\/\/www.webdo.tn\/fr\/actualite\/international\/france-une-nuit-dorages-meurtriers-secoue-le-pays\/378447\/"},"author":{"name":"Wided Belhaj","@id":"https:\/\/www.webdo.tn\/fr\/#\/schema\/person\/b9ecde7a5574cb4fcf4b496ea5fadb15"},"headline":"France : Une nuit d\u2019orages meurtriers secoue le pays","datePublished":"2025-06-26T08:18:05+00:00","dateModified":"2025-06-27T07:30:57+00:00","mainEntityOfPage":{"@id":"https:\/\/www.webdo.tn\/fr\/actualite\/international\/france-une-nuit-dorages-meurtriers-secoue-le-pays\/378447\/"},"wordCount":372,"commentCount":0,"publisher":{"@id":"https:\/\/www.webdo.tn\/fr\/#organization"},"image":{"@id":"https:\/\/www.webdo.tn\/fr\/actualite\/international\/france-une-nuit-dorages-meurtriers-secoue-le-pays\/378447\/#primaryimage"},"thumbnailUrl":"https:\/\/www.webdo.tn\/fr\/wp-content\/uploads\/2025\/06\/VigilanceorangeParis-YY8jLtSX.webp","articleSection":["International"],"inLanguage":"fr-FR"},{"@type":"WebPage","@id":"https:\/\/www.webdo.tn\/fr\/actualite\/international\/france-une-nuit-dorages-meurtriers-secoue-le-pays\/378447\/","url":"https:\/\/www.webdo.tn\/fr\/actualite\/international\/france-une-nuit-dorages-meurtriers-secoue-le-pays\/378447\/","name":"France : Une nuit d\u2019orages meurtriers secoue le pays - webdo","isPartOf":{"@id":"https:\/\/www.webdo.tn\/fr\/#website"},"primaryImageOfPage":{"@id":"https:\/\/www.webdo.tn\/fr\/actualite\/international\/france-une-nuit-dorages-meurtriers-secoue-le-pays\/378447\/#primaryimage"},"image":{"@id":"https:\/\/www.webdo.tn\/fr\/actualite\/international\/france-une-nuit-dorages-meurtriers-secoue-le-pays\/378447\/#primaryimage"},"thumbnailUrl":"https:\/\/www.webdo.tn\/fr\/wp-content\/uploads\/2025\/06\/VigilanceorangeParis-YY8jLtSX.webp","datePublished":"2025-06-26T08:18:05+00:00","dateModified":"2025-06-27T07:30:57+00:00","description":"D\u00e9couvrez les impacts des violents orages en France qui ont caus\u00e9 des d\u00e9g\u00e2ts et des trag\u00e9dies sur le territoire fran\u00e7ais.","breadcrumb":{"@id":"https:\/\/www.webdo.tn\/fr\/actualite\/international\/france-une-nuit-dorages-meurtriers-secoue-le-pays\/378447\/#breadcrumb"},"inLanguage":"fr-FR","potentialAction":[{"@type":"ReadAction","target":["https:\/\/www.webdo.tn\/fr\/actualite\/international\/france-une-nuit-dorages-meurtriers-secoue-le-pays\/378447\/"]}]},{"@type":"ImageObject","inLanguage":"fr-FR","@id":"https:\/\/www.webdo.tn\/fr\/actualite\/international\/france-une-nuit-dorages-meurtriers-secoue-le-pays\/378447\/#primaryimage","url":"https:\/\/www.webdo.tn\/fr\/wp-content\/uploads\/2025\/06\/VigilanceorangeParis-YY8jLtSX.webp","contentUrl":"https:\/\/www.webdo.tn\/fr\/wp-content\/uploads\/2025\/06\/VigilanceorangeParis-YY8jLtSX.webp","width":480,"height":320},{"@type":"BreadcrumbList","@id":"https:\/\/www.webdo.tn\/fr\/actualite\/international\/france-une-nuit-dorages-meurtriers-secoue-le-pays\/378447\/#breadcrumb","itemListElement":[{"@type":"ListItem","position":1,"name":"Accueil","item":"https:\/\/www.webdo.tn\/fr\/"},{"@type":"ListItem","position":2,"name":"France : Une nuit d\u2019orages meurtriers secoue le pays"}]},{"@type":"WebSite","@id":"https:\/\/www.webdo.tn\/fr\/#website","url":"https:\/\/www.webdo.tn\/fr\/","name":"webdo","description":"Tunisie - News en Tunisie et \u00e0 l&#039;international sur Webdo.tn","publisher":{"@id":"https:\/\/www.webdo.tn\/fr\/#organization"},"potentialAction":[{"@type":"SearchAction","target":{"@type":"EntryPoint","urlTemplate":"https:\/\/www.webdo.tn\/fr\/?s={search_term_string}"},"query-input":{"@type":"PropertyValueSpecification","valueRequired":true,"valueName":"search_term_string"}}],"inLanguage":"fr-FR"},{"@type":"Organization","@id":"https:\/\/www.webdo.tn\/fr\/#organization","name":"Webdo","alternateName":"Webdo.tn","url":"https:\/\/www.webdo.tn\/fr\/","logo":{"@type":"ImageObject","inLanguage":"fr-FR","@id":"https:\/\/www.webdo.tn\/fr\/#\/schema\/logo\/image\/","url":"https:\/\/www.webdo.tn\/fr\/wp-content\/uploads\/2025\/06\/Webdo-Tunisie_168377.jpg","contentUrl":"https:\/\/www.webdo.tn\/fr\/wp-content\/uploads\/2025\/06\/Webdo-Tunisie_168377.jpg","width":301,"height":301,"caption":"Webdo"},"image":{"@id":"https:\/\/www.webdo.tn\/fr\/#\/schema\/logo\/image\/"},"sameAs":["https:\/\/www.facebook.com\/webdotn","https:\/\/x.com\/webdo_tn"],"description":"Webdo est un m\u00e9dia num\u00e9rique tunisien fond\u00e9 en 2010, sp\u00e9cialis\u00e9 dans l\u2019actualit\u00e9 nationale et internationale, l\u2019\u00e9conomie, la soci\u00e9t\u00e9 et les analyses politiques. Le site s\u2019adresse \u00e0 un large public francophone et couvre l\u2019information tunisienne en temps r\u00e9el.","email":"redac@webdo.tn","legalName":"YNJ SARL","foundingDate":"2010-09-06","numberOfEmployees":{"@type":"QuantitativeValue","minValue":"11","maxValue":"50"}},{"@type":"Person","@id":"https:\/\/www.webdo.tn\/fr\/#\/schema\/person\/b9ecde7a5574cb4fcf4b496ea5fadb15","name":"Wided Belhaj","image":{"@type":"ImageObject","inLanguage":"fr-FR","@id":"https:\/\/www.webdo.tn\/fr\/wp-content\/uploads\/2026\/04\/wided-belhaj_avatar-96x96.jpg","url":"https:\/\/www.webdo.tn\/fr\/wp-content\/uploads\/2026\/04\/wided-belhaj_avatar-96x96.jpg","contentUrl":"https:\/\/www.webdo.tn\/fr\/wp-content\/uploads\/2026\/04\/wided-belhaj_avatar-96x96.jpg","caption":"Wided Belhaj"},"description":"Wided Belhaj est le pseudonyme \u00e9ditorial utilis\u00e9 par Khalil Jelassi, journaliste, ma\u00eetre-assistant \u00e0 l\u2019Institut de presse et des sciences de l\u2019information (IPSI) et chercheur en sciences de l\u2019information et de la communication. Cette signature est d\u00e9di\u00e9e \u00e0 l\u2019analyse des m\u00e9dias, des pratiques journalistiques et des mutations de l\u2019information \u00e0 l\u2019\u00e8re digitale. \u00c0 travers ses contributions, Wided Belhaj propose une lecture analytique de l\u2019actualit\u00e9, en croisant regard critique et expertise acad\u00e9mique.","knowsAbout":["m\u00e9dias","journalisme","communication","information","transformation num\u00e9rique","analyse des m\u00e9dias"],"knowsLanguage":["Fran\u00e7ais","Arabe"],"jobTitle":"Webdo.tn","worksFor":"Journaliste \u2013 Analyse des m\u00e9dias","url":"https:\/\/www.webdo.tn\/fr\/actualite\/author\/wided-belhaj\/"}]}},"_links":{"self":[{"href":"https:\/\/www.webdo.tn\/fr\/wp-json\/wp\/v2\/posts\/378447","targetHints":{"allow":["GET"]}}],"collection":[{"href":"https:\/\/www.webdo.tn\/fr\/wp-json\/wp\/v2\/posts"}],"about":[{"href":"https:\/\/www.webdo.tn\/fr\/wp-json\/wp\/v2\/types\/post"}],"author":[{"embeddable":true,"href":"https:\/\/www.webdo.tn\/fr\/wp-json\/wp\/v2\/users\/3184"}],"replies":[{"embeddable":true,"href":"https:\/\/www.webdo.tn\/fr\/wp-json\/wp\/v2\/comments?post=378447"}],"version-history":[{"count":0,"href":"https:\/\/www.webdo.tn\/fr\/wp-json\/wp\/v2\/posts\/378447\/revisions"}],"wp:featuredmedia":[{"embeddable":true,"href":"https:\/\/www.webdo.tn\/fr\/wp-json\/wp\/v2\/media\/378448"}],"wp:attachment":[{"href":"https:\/\/www.webdo.tn\/fr\/wp-json\/wp\/v2\/media?parent=378447"}],"wp:term":[{"taxonomy":"category","embeddable":true,"href":"https:\/\/www.webdo.tn\/fr\/wp-json\/wp\/v2\/categories?post=378447"},{"taxonomy":"post_tag","embeddable":true,"href":"https:\/\/www.webdo.tn\/fr\/wp-json\/wp\/v2\/tags?post=378447"}],"curies":[{"name":"wp","href":"https:\/\/api.w.org\/{rel}","templated":true}]}}