{"id":378403,"date":"2025-06-25T14:28:05","date_gmt":"2025-06-25T13:28:05","guid":{"rendered":"https:\/\/www.webdo.tn\/fr\/?p=378403"},"modified":"2025-06-27T08:31:53","modified_gmt":"2025-06-27T07:31:53","slug":"tourisme-des-offres-sur-mesure-pour-les-tunisiens","status":"publish","type":"post","link":"https:\/\/www.webdo.tn\/fr\/actualite\/national\/tourisme-des-offres-sur-mesure-pour-les-tunisiens\/378403\/","title":{"rendered":"Tourisme : Des offres sur mesure pour les Tunisiens"},"content":{"rendered":"\n<p>Alors que la saison estivale bat son plein, le ministre du Tourisme, Sofiene Tekaya, a tenu \u00e0 rappeler l&rsquo;importance strat\u00e9gique du tourisme int\u00e9rieur, soulignant son r\u00f4le dans le d\u00e9veloppement \u00e9conomique et social du pays.<\/p>\n\n\n\n<p>Intervenant mercredi 25 juin lors d\u2019une journ\u00e9e d&rsquo;information consacr\u00e9e \u00e0 la valorisation du tourisme local, il a mis en lumi\u00e8re le poids croissant des Tunisiens dans l\u2019activit\u00e9 h\u00f4teli\u00e8re.<\/p>\n\n\n\n<p>Selon les donn\u00e9es communiqu\u00e9es par le ministre, environ 2,5 millions de Tunisiens ont s\u00e9journ\u00e9 dans les \u00e9tablissements touristiques du pays, g\u00e9n\u00e9rant pr\u00e8s de 6 millions de nuit\u00e9es. Ce chiffre repr\u00e9sente 38 % de l\u2019ensemble des clients des h\u00f4tels, preuve de l\u2019attachement croissant des citoyens au produit touristique national.<\/p>\n\n\n\n<p>\u00ab Ces indicateurs t\u00e9moignent de l\u2019int\u00e9r\u00eat grandissant des Tunisiens pour les vacances locales et de la n\u00e9cessit\u00e9 d\u2019y r\u00e9pondre par des offres compl\u00e8tes, de qualit\u00e9 et accessibles \u00bb, a d\u00e9clar\u00e9 Sofiene Tekaya.<\/p>\n\n\n\n<p>Pour r\u00e9pondre \u00e0 cette demande, le minist\u00e8re a organis\u00e9 deux ateliers de r\u00e9flexion r\u00e9unissant professionnels du secteur, experts et institutionnels. Objectifs : adapter l\u2019offre touristique aux besoins des touristes locaux, garantir un haut niveau de qualit\u00e9 des services et d\u00e9finir de nouvelles perspectives de promotion.<\/p>\n\n\n\n<p>Le ministre a notamment plaid\u00e9 pour une meilleure num\u00e9risation du secteur, avec le d\u00e9veloppement de plateformes \u00e9lectroniques destin\u00e9es \u00e0 simplifier l\u2019acc\u00e8s \u00e0 l\u2019information, favoriser les r\u00e9servations en ligne et offrir des tarifs pr\u00e9f\u00e9rentiels via des agences de voyages agr\u00e9\u00e9es.<\/p>\n\n\n\n<p>Autre axe fort : la valorisation des voyages organis\u00e9s, pr\u00e9sent\u00e9s comme un levier essentiel pour structurer l\u2019offre et faciliter l\u2019acc\u00e8s des familles tunisiennes aux s\u00e9jours touristiques. \u00ab Ces formules permettent de d\u00e9mocratiser l\u2019acc\u00e8s aux vacances, tout en stimulant les circuits \u00e9conomiques r\u00e9gionaux \u00bb, a soulign\u00e9 le ministre.<\/p>\n","protected":false},"excerpt":{"rendered":"<p>Alors que la saison estivale bat son plein, le ministre du Tourisme, Sofiene Tekaya, a tenu \u00e0 rappeler l&rsquo;importance strat\u00e9gique du tourisme int\u00e9rieur, soulignant son r\u00f4le dans le d\u00e9veloppement \u00e9conomique et social du pays. Intervenant mercredi 25 juin lors d\u2019une journ\u00e9e d&rsquo;information consacr\u00e9e \u00e0 la valorisation du tourisme local, il a mis en lumi\u00e8re le [&hellip;]<\/p>\n","protected":false},"author":3191,"featured_media":378404,"comment_status":"open","ping_status":"open","sticky":false,"template":"","format":"standard","meta":{"footnotes":""},"categories":[44],"tags":[6555,2798,9553,2608],"class_list":["post-378403","post","type-post","status-publish","format-standard","has-post-thumbnail","hentry","category-national","tag-hotel","tag-tourisme","tag-tourisme-local","tag-tunisie"],"yoast_head":"<!-- This site is optimized with the Yoast SEO Premium plugin v27.4 (Yoast SEO v27.5) - https:\/\/yoast.com\/product\/yoast-seo-premium-wordpress\/ -->\n<title>Tourisme : Des offres sur mesure pour les Tunisiens - webdo<\/title>\n<link rel=\"canonical\" href=\"https:\/\/www.webdo.tn\/fr\/actualite\/national\/tourisme-des-offres-sur-mesure-pour-les-tunisiens\/378403\/\" \/>\n<meta property=\"og:locale\" content=\"fr_FR\" \/>\n<meta property=\"og:type\" content=\"article\" \/>\n<meta property=\"og:title\" content=\"Tourisme : Des offres sur mesure pour les Tunisiens\" \/>\n<meta property=\"og:description\" content=\"Alors que la saison estivale bat son plein, le ministre du Tourisme, Sofiene Tekaya, a tenu \u00e0 rappeler l&rsquo;importance strat\u00e9gique du tourisme int\u00e9rieur, soulignant son r\u00f4le dans le d\u00e9veloppement \u00e9conomique et social du pays. Intervenant mercredi 25 juin lors d\u2019une journ\u00e9e d&rsquo;information consacr\u00e9e \u00e0 la valorisation du tourisme local, il a mis en lumi\u00e8re le [&hellip;]\" \/>\n<meta property=\"og:url\" content=\"https:\/\/www.webdo.tn\/fr\/actualite\/national\/tourisme-des-offres-sur-mesure-pour-les-tunisiens\/378403\/\" \/>\n<meta property=\"og:site_name\" content=\"webdo\" \/>\n<meta property=\"article:publisher\" content=\"https:\/\/www.facebook.com\/webdotn\" \/>\n<meta property=\"article:published_time\" content=\"2025-06-25T13:28:05+00:00\" \/>\n<meta property=\"article:modified_time\" content=\"2025-06-27T07:31:53+00:00\" \/>\n<meta property=\"og:image\" content=\"https:\/\/www.webdo.tn\/fr\/wp-content\/uploads\/2025\/06\/hotel.jpg\" \/>\n\t<meta property=\"og:image:width\" content=\"1280\" \/>\n\t<meta property=\"og:image:height\" content=\"720\" \/>\n\t<meta property=\"og:image:type\" content=\"image\/jpeg\" \/>\n<meta name=\"author\" content=\"Mohamed Hedi Touati\" \/>\n<meta name=\"twitter:card\" content=\"summary_large_image\" \/>\n<meta name=\"twitter:creator\" content=\"@webdo_tn\" \/>\n<meta name=\"twitter:site\" content=\"@webdo_tn\" \/>\n<meta name=\"twitter:label1\" content=\"\u00c9crit par\" \/>\n\t<meta name=\"twitter:data1\" content=\"Mohamed Hedi Touati\" \/>\n\t<meta name=\"twitter:label2\" content=\"Dur\u00e9e de lecture estim\u00e9e\" \/>\n\t<meta name=\"twitter:data2\" content=\"2 minutes\" \/>\n<script type=\"application\/ld+json\" class=\"yoast-schema-graph\">{\"@context\":\"https:\\\/\\\/schema.org\",\"@graph\":[{\"@type\":\"NewsArticle\",\"@id\":\"https:\\\/\\\/www.webdo.tn\\\/fr\\\/actualite\\\/national\\\/tourisme-des-offres-sur-mesure-pour-les-tunisiens\\\/378403\\\/#article\",\"isPartOf\":{\"@id\":\"https:\\\/\\\/www.webdo.tn\\\/fr\\\/actualite\\\/national\\\/tourisme-des-offres-sur-mesure-pour-les-tunisiens\\\/378403\\\/\"},\"author\":{\"name\":\"Mohamed Hedi Touati\",\"@id\":\"https:\\\/\\\/www.webdo.tn\\\/fr\\\/#\\\/schema\\\/person\\\/c652cd8fc2b1b44412b5ffb48c5a911d\"},\"headline\":\"Tourisme : Des offres sur mesure pour les Tunisiens\",\"datePublished\":\"2025-06-25T13:28:05+00:00\",\"dateModified\":\"2025-06-27T07:31:53+00:00\",\"mainEntityOfPage\":{\"@id\":\"https:\\\/\\\/www.webdo.tn\\\/fr\\\/actualite\\\/national\\\/tourisme-des-offres-sur-mesure-pour-les-tunisiens\\\/378403\\\/\"},\"wordCount\":325,\"commentCount\":0,\"publisher\":{\"@id\":\"https:\\\/\\\/www.webdo.tn\\\/fr\\\/#organization\"},\"image\":{\"@id\":\"https:\\\/\\\/www.webdo.tn\\\/fr\\\/actualite\\\/national\\\/tourisme-des-offres-sur-mesure-pour-les-tunisiens\\\/378403\\\/#primaryimage\"},\"thumbnailUrl\":\"https:\\\/\\\/www.webdo.tn\\\/fr\\\/wp-content\\\/uploads\\\/2025\\\/06\\\/hotel.jpg\",\"keywords\":[\"h\u00f4tel\",\"Tourisme\",\"Tourisme local\",\"Tunisie\"],\"articleSection\":[\"National\"],\"inLanguage\":\"fr-FR\"},{\"@type\":\"WebPage\",\"@id\":\"https:\\\/\\\/www.webdo.tn\\\/fr\\\/actualite\\\/national\\\/tourisme-des-offres-sur-mesure-pour-les-tunisiens\\\/378403\\\/\",\"url\":\"https:\\\/\\\/www.webdo.tn\\\/fr\\\/actualite\\\/national\\\/tourisme-des-offres-sur-mesure-pour-les-tunisiens\\\/378403\\\/\",\"name\":\"Tourisme : Des offres sur mesure pour les Tunisiens - webdo\",\"isPartOf\":{\"@id\":\"https:\\\/\\\/www.webdo.tn\\\/fr\\\/#website\"},\"primaryImageOfPage\":{\"@id\":\"https:\\\/\\\/www.webdo.tn\\\/fr\\\/actualite\\\/national\\\/tourisme-des-offres-sur-mesure-pour-les-tunisiens\\\/378403\\\/#primaryimage\"},\"image\":{\"@id\":\"https:\\\/\\\/www.webdo.tn\\\/fr\\\/actualite\\\/national\\\/tourisme-des-offres-sur-mesure-pour-les-tunisiens\\\/378403\\\/#primaryimage\"},\"thumbnailUrl\":\"https:\\\/\\\/www.webdo.tn\\\/fr\\\/wp-content\\\/uploads\\\/2025\\\/06\\\/hotel.jpg\",\"datePublished\":\"2025-06-25T13:28:05+00:00\",\"dateModified\":\"2025-06-27T07:31:53+00:00\",\"breadcrumb\":{\"@id\":\"https:\\\/\\\/www.webdo.tn\\\/fr\\\/actualite\\\/national\\\/tourisme-des-offres-sur-mesure-pour-les-tunisiens\\\/378403\\\/#breadcrumb\"},\"inLanguage\":\"fr-FR\",\"potentialAction\":[{\"@type\":\"ReadAction\",\"target\":[\"https:\\\/\\\/www.webdo.tn\\\/fr\\\/actualite\\\/national\\\/tourisme-des-offres-sur-mesure-pour-les-tunisiens\\\/378403\\\/\"]}]},{\"@type\":\"ImageObject\",\"inLanguage\":\"fr-FR\",\"@id\":\"https:\\\/\\\/www.webdo.tn\\\/fr\\\/actualite\\\/national\\\/tourisme-des-offres-sur-mesure-pour-les-tunisiens\\\/378403\\\/#primaryimage\",\"url\":\"https:\\\/\\\/www.webdo.tn\\\/fr\\\/wp-content\\\/uploads\\\/2025\\\/06\\\/hotel.jpg\",\"contentUrl\":\"https:\\\/\\\/www.webdo.tn\\\/fr\\\/wp-content\\\/uploads\\\/2025\\\/06\\\/hotel.jpg\",\"width\":1280,\"height\":720,\"caption\":\"le poids croissant des Tunisiens dans l\u2019activit\u00e9 h\u00f4teli\u00e8re\"},{\"@type\":\"BreadcrumbList\",\"@id\":\"https:\\\/\\\/www.webdo.tn\\\/fr\\\/actualite\\\/national\\\/tourisme-des-offres-sur-mesure-pour-les-tunisiens\\\/378403\\\/#breadcrumb\",\"itemListElement\":[{\"@type\":\"ListItem\",\"position\":1,\"name\":\"Accueil\",\"item\":\"https:\\\/\\\/www.webdo.tn\\\/fr\\\/\"},{\"@type\":\"ListItem\",\"position\":2,\"name\":\"Tourisme : Des offres sur mesure pour les Tunisiens\"}]},{\"@type\":\"WebSite\",\"@id\":\"https:\\\/\\\/www.webdo.tn\\\/fr\\\/#website\",\"url\":\"https:\\\/\\\/www.webdo.tn\\\/fr\\\/\",\"name\":\"webdo\",\"description\":\"Tunisie - News en Tunisie et \u00e0 l&#039;international sur Webdo.tn\",\"publisher\":{\"@id\":\"https:\\\/\\\/www.webdo.tn\\\/fr\\\/#organization\"},\"potentialAction\":[{\"@type\":\"SearchAction\",\"target\":{\"@type\":\"EntryPoint\",\"urlTemplate\":\"https:\\\/\\\/www.webdo.tn\\\/fr\\\/?s={search_term_string}\"},\"query-input\":{\"@type\":\"PropertyValueSpecification\",\"valueRequired\":true,\"valueName\":\"search_term_string\"}}],\"inLanguage\":\"fr-FR\"},{\"@type\":\"Organization\",\"@id\":\"https:\\\/\\\/www.webdo.tn\\\/fr\\\/#organization\",\"name\":\"Webdo\",\"alternateName\":\"Webdo.tn\",\"url\":\"https:\\\/\\\/www.webdo.tn\\\/fr\\\/\",\"logo\":{\"@type\":\"ImageObject\",\"inLanguage\":\"fr-FR\",\"@id\":\"https:\\\/\\\/www.webdo.tn\\\/fr\\\/#\\\/schema\\\/logo\\\/image\\\/\",\"url\":\"https:\\\/\\\/www.webdo.tn\\\/fr\\\/wp-content\\\/uploads\\\/2025\\\/06\\\/Webdo-Tunisie_168377.jpg\",\"contentUrl\":\"https:\\\/\\\/www.webdo.tn\\\/fr\\\/wp-content\\\/uploads\\\/2025\\\/06\\\/Webdo-Tunisie_168377.jpg\",\"width\":301,\"height\":301,\"caption\":\"Webdo\"},\"image\":{\"@id\":\"https:\\\/\\\/www.webdo.tn\\\/fr\\\/#\\\/schema\\\/logo\\\/image\\\/\"},\"sameAs\":[\"https:\\\/\\\/www.facebook.com\\\/webdotn\",\"https:\\\/\\\/x.com\\\/webdo_tn\"],\"description\":\"Webdo est un m\u00e9dia num\u00e9rique tunisien fond\u00e9 en 2010, sp\u00e9cialis\u00e9 dans l\u2019actualit\u00e9 nationale et internationale, l\u2019\u00e9conomie, la soci\u00e9t\u00e9 et les analyses politiques. Le site s\u2019adresse \u00e0 un large public francophone et couvre l\u2019information tunisienne en temps r\u00e9el.\",\"email\":\"redac@webdo.tn\",\"legalName\":\"YNJ SARL\",\"foundingDate\":\"2010-09-06\",\"numberOfEmployees\":{\"@type\":\"QuantitativeValue\",\"minValue\":\"11\",\"maxValue\":\"50\"}},{\"@type\":\"Person\",\"@id\":\"https:\\\/\\\/www.webdo.tn\\\/fr\\\/#\\\/schema\\\/person\\\/c652cd8fc2b1b44412b5ffb48c5a911d\",\"name\":\"Mohamed Hedi Touati\",\"image\":{\"@type\":\"ImageObject\",\"inLanguage\":\"fr-FR\",\"@id\":\"https:\\\/\\\/secure.gravatar.com\\\/avatar\\\/9cfd402c745b7a685f13eed0ea6e59d2144a3c2fc50a3db6fd5ed451f6cddf1a?s=96&d=mm&r=g\",\"url\":\"https:\\\/\\\/secure.gravatar.com\\\/avatar\\\/9cfd402c745b7a685f13eed0ea6e59d2144a3c2fc50a3db6fd5ed451f6cddf1a?s=96&d=mm&r=g\",\"contentUrl\":\"https:\\\/\\\/secure.gravatar.com\\\/avatar\\\/9cfd402c745b7a685f13eed0ea6e59d2144a3c2fc50a3db6fd5ed451f6cddf1a?s=96&d=mm&r=g\",\"caption\":\"Mohamed Hedi Touati\"},\"url\":\"https:\\\/\\\/www.webdo.tn\\\/fr\\\/actualite\\\/author\\\/mohamed-hedi-touati\\\/\"}]}<\/script>\n<!-- \/ Yoast SEO Premium plugin. -->","yoast_head_json":{"title":"Tourisme : Des offres sur mesure pour les Tunisiens - webdo","canonical":"https:\/\/www.webdo.tn\/fr\/actualite\/national\/tourisme-des-offres-sur-mesure-pour-les-tunisiens\/378403\/","og_locale":"fr_FR","og_type":"article","og_title":"Tourisme : Des offres sur mesure pour les Tunisiens","og_description":"Alors que la saison estivale bat son plein, le ministre du Tourisme, Sofiene Tekaya, a tenu \u00e0 rappeler l&rsquo;importance strat\u00e9gique du tourisme int\u00e9rieur, soulignant son r\u00f4le dans le d\u00e9veloppement \u00e9conomique et social du pays. Intervenant mercredi 25 juin lors d\u2019une journ\u00e9e d&rsquo;information consacr\u00e9e \u00e0 la valorisation du tourisme local, il a mis en lumi\u00e8re le [&hellip;]","og_url":"https:\/\/www.webdo.tn\/fr\/actualite\/national\/tourisme-des-offres-sur-mesure-pour-les-tunisiens\/378403\/","og_site_name":"webdo","article_publisher":"https:\/\/www.facebook.com\/webdotn","article_published_time":"2025-06-25T13:28:05+00:00","article_modified_time":"2025-06-27T07:31:53+00:00","og_image":[{"width":1280,"height":720,"url":"https:\/\/www.webdo.tn\/fr\/wp-content\/uploads\/2025\/06\/hotel.jpg","type":"image\/jpeg"}],"author":"Mohamed Hedi Touati","twitter_card":"summary_large_image","twitter_creator":"@webdo_tn","twitter_site":"@webdo_tn","twitter_misc":{"\u00c9crit par":"Mohamed Hedi Touati","Dur\u00e9e de lecture estim\u00e9e":"2 minutes"},"schema":{"@context":"https:\/\/schema.org","@graph":[{"@type":"NewsArticle","@id":"https:\/\/www.webdo.tn\/fr\/actualite\/national\/tourisme-des-offres-sur-mesure-pour-les-tunisiens\/378403\/#article","isPartOf":{"@id":"https:\/\/www.webdo.tn\/fr\/actualite\/national\/tourisme-des-offres-sur-mesure-pour-les-tunisiens\/378403\/"},"author":{"name":"Mohamed Hedi Touati","@id":"https:\/\/www.webdo.tn\/fr\/#\/schema\/person\/c652cd8fc2b1b44412b5ffb48c5a911d"},"headline":"Tourisme : Des offres sur mesure pour les Tunisiens","datePublished":"2025-06-25T13:28:05+00:00","dateModified":"2025-06-27T07:31:53+00:00","mainEntityOfPage":{"@id":"https:\/\/www.webdo.tn\/fr\/actualite\/national\/tourisme-des-offres-sur-mesure-pour-les-tunisiens\/378403\/"},"wordCount":325,"commentCount":0,"publisher":{"@id":"https:\/\/www.webdo.tn\/fr\/#organization"},"image":{"@id":"https:\/\/www.webdo.tn\/fr\/actualite\/national\/tourisme-des-offres-sur-mesure-pour-les-tunisiens\/378403\/#primaryimage"},"thumbnailUrl":"https:\/\/www.webdo.tn\/fr\/wp-content\/uploads\/2025\/06\/hotel.jpg","keywords":["h\u00f4tel","Tourisme","Tourisme local","Tunisie"],"articleSection":["National"],"inLanguage":"fr-FR"},{"@type":"WebPage","@id":"https:\/\/www.webdo.tn\/fr\/actualite\/national\/tourisme-des-offres-sur-mesure-pour-les-tunisiens\/378403\/","url":"https:\/\/www.webdo.tn\/fr\/actualite\/national\/tourisme-des-offres-sur-mesure-pour-les-tunisiens\/378403\/","name":"Tourisme : Des offres sur mesure pour les Tunisiens - webdo","isPartOf":{"@id":"https:\/\/www.webdo.tn\/fr\/#website"},"primaryImageOfPage":{"@id":"https:\/\/www.webdo.tn\/fr\/actualite\/national\/tourisme-des-offres-sur-mesure-pour-les-tunisiens\/378403\/#primaryimage"},"image":{"@id":"https:\/\/www.webdo.tn\/fr\/actualite\/national\/tourisme-des-offres-sur-mesure-pour-les-tunisiens\/378403\/#primaryimage"},"thumbnailUrl":"https:\/\/www.webdo.tn\/fr\/wp-content\/uploads\/2025\/06\/hotel.jpg","datePublished":"2025-06-25T13:28:05+00:00","dateModified":"2025-06-27T07:31:53+00:00","breadcrumb":{"@id":"https:\/\/www.webdo.tn\/fr\/actualite\/national\/tourisme-des-offres-sur-mesure-pour-les-tunisiens\/378403\/#breadcrumb"},"inLanguage":"fr-FR","potentialAction":[{"@type":"ReadAction","target":["https:\/\/www.webdo.tn\/fr\/actualite\/national\/tourisme-des-offres-sur-mesure-pour-les-tunisiens\/378403\/"]}]},{"@type":"ImageObject","inLanguage":"fr-FR","@id":"https:\/\/www.webdo.tn\/fr\/actualite\/national\/tourisme-des-offres-sur-mesure-pour-les-tunisiens\/378403\/#primaryimage","url":"https:\/\/www.webdo.tn\/fr\/wp-content\/uploads\/2025\/06\/hotel.jpg","contentUrl":"https:\/\/www.webdo.tn\/fr\/wp-content\/uploads\/2025\/06\/hotel.jpg","width":1280,"height":720,"caption":"le poids croissant des Tunisiens dans l\u2019activit\u00e9 h\u00f4teli\u00e8re"},{"@type":"BreadcrumbList","@id":"https:\/\/www.webdo.tn\/fr\/actualite\/national\/tourisme-des-offres-sur-mesure-pour-les-tunisiens\/378403\/#breadcrumb","itemListElement":[{"@type":"ListItem","position":1,"name":"Accueil","item":"https:\/\/www.webdo.tn\/fr\/"},{"@type":"ListItem","position":2,"name":"Tourisme : Des offres sur mesure pour les Tunisiens"}]},{"@type":"WebSite","@id":"https:\/\/www.webdo.tn\/fr\/#website","url":"https:\/\/www.webdo.tn\/fr\/","name":"webdo","description":"Tunisie - News en Tunisie et \u00e0 l&#039;international sur Webdo.tn","publisher":{"@id":"https:\/\/www.webdo.tn\/fr\/#organization"},"potentialAction":[{"@type":"SearchAction","target":{"@type":"EntryPoint","urlTemplate":"https:\/\/www.webdo.tn\/fr\/?s={search_term_string}"},"query-input":{"@type":"PropertyValueSpecification","valueRequired":true,"valueName":"search_term_string"}}],"inLanguage":"fr-FR"},{"@type":"Organization","@id":"https:\/\/www.webdo.tn\/fr\/#organization","name":"Webdo","alternateName":"Webdo.tn","url":"https:\/\/www.webdo.tn\/fr\/","logo":{"@type":"ImageObject","inLanguage":"fr-FR","@id":"https:\/\/www.webdo.tn\/fr\/#\/schema\/logo\/image\/","url":"https:\/\/www.webdo.tn\/fr\/wp-content\/uploads\/2025\/06\/Webdo-Tunisie_168377.jpg","contentUrl":"https:\/\/www.webdo.tn\/fr\/wp-content\/uploads\/2025\/06\/Webdo-Tunisie_168377.jpg","width":301,"height":301,"caption":"Webdo"},"image":{"@id":"https:\/\/www.webdo.tn\/fr\/#\/schema\/logo\/image\/"},"sameAs":["https:\/\/www.facebook.com\/webdotn","https:\/\/x.com\/webdo_tn"],"description":"Webdo est un m\u00e9dia num\u00e9rique tunisien fond\u00e9 en 2010, sp\u00e9cialis\u00e9 dans l\u2019actualit\u00e9 nationale et internationale, l\u2019\u00e9conomie, la soci\u00e9t\u00e9 et les analyses politiques. Le site s\u2019adresse \u00e0 un large public francophone et couvre l\u2019information tunisienne en temps r\u00e9el.","email":"redac@webdo.tn","legalName":"YNJ SARL","foundingDate":"2010-09-06","numberOfEmployees":{"@type":"QuantitativeValue","minValue":"11","maxValue":"50"}},{"@type":"Person","@id":"https:\/\/www.webdo.tn\/fr\/#\/schema\/person\/c652cd8fc2b1b44412b5ffb48c5a911d","name":"Mohamed Hedi Touati","image":{"@type":"ImageObject","inLanguage":"fr-FR","@id":"https:\/\/secure.gravatar.com\/avatar\/9cfd402c745b7a685f13eed0ea6e59d2144a3c2fc50a3db6fd5ed451f6cddf1a?s=96&d=mm&r=g","url":"https:\/\/secure.gravatar.com\/avatar\/9cfd402c745b7a685f13eed0ea6e59d2144a3c2fc50a3db6fd5ed451f6cddf1a?s=96&d=mm&r=g","contentUrl":"https:\/\/secure.gravatar.com\/avatar\/9cfd402c745b7a685f13eed0ea6e59d2144a3c2fc50a3db6fd5ed451f6cddf1a?s=96&d=mm&r=g","caption":"Mohamed Hedi Touati"},"url":"https:\/\/www.webdo.tn\/fr\/actualite\/author\/mohamed-hedi-touati\/"}]}},"_links":{"self":[{"href":"https:\/\/www.webdo.tn\/fr\/wp-json\/wp\/v2\/posts\/378403","targetHints":{"allow":["GET"]}}],"collection":[{"href":"https:\/\/www.webdo.tn\/fr\/wp-json\/wp\/v2\/posts"}],"about":[{"href":"https:\/\/www.webdo.tn\/fr\/wp-json\/wp\/v2\/types\/post"}],"author":[{"embeddable":true,"href":"https:\/\/www.webdo.tn\/fr\/wp-json\/wp\/v2\/users\/3191"}],"replies":[{"embeddable":true,"href":"https:\/\/www.webdo.tn\/fr\/wp-json\/wp\/v2\/comments?post=378403"}],"version-history":[{"count":0,"href":"https:\/\/www.webdo.tn\/fr\/wp-json\/wp\/v2\/posts\/378403\/revisions"}],"wp:featuredmedia":[{"embeddable":true,"href":"https:\/\/www.webdo.tn\/fr\/wp-json\/wp\/v2\/media\/378404"}],"wp:attachment":[{"href":"https:\/\/www.webdo.tn\/fr\/wp-json\/wp\/v2\/media?parent=378403"}],"wp:term":[{"taxonomy":"category","embeddable":true,"href":"https:\/\/www.webdo.tn\/fr\/wp-json\/wp\/v2\/categories?post=378403"},{"taxonomy":"post_tag","embeddable":true,"href":"https:\/\/www.webdo.tn\/fr\/wp-json\/wp\/v2\/tags?post=378403"}],"curies":[{"name":"wp","href":"https:\/\/api.w.org\/{rel}","templated":true}]}}