{"id":378400,"date":"2025-06-25T14:06:14","date_gmt":"2025-06-25T13:06:14","guid":{"rendered":"https:\/\/www.webdo.tn\/fr\/?p=378400"},"modified":"2025-06-25T14:06:47","modified_gmt":"2025-06-25T13:06:47","slug":"orange-tunisie-celebre-la-creativite-de-la-generation-z-avec-la-2e-edition-du-challenge-pfe","status":"publish","type":"post","link":"https:\/\/www.webdo.tn\/fr\/actualite\/national\/orange-tunisie-celebre-la-creativite-de-la-generation-z-avec-la-2e-edition-du-challenge-pfe\/378400\/","title":{"rendered":"Orange Tunisie c\u00e9l\u00e8bre la cr\u00e9ativit\u00e9 de la g\u00e9n\u00e9ration Z avec la 2e \u00e9dition du Challenge PFE"},"content":{"rendered":"\n<p>Apr\u00e8s une premi\u00e8re \u00e9dition couronn\u00e9e de succ\u00e8s, Orange Tunisie confirme son engagement aupr\u00e8s des jeunes talents tunisiens en lan\u00e7ant, pour la deuxi\u00e8me ann\u00e9e cons\u00e9cutive, le <strong>Challenge PFE 2025<\/strong> (Projet de Fin d\u2019\u00c9tudes). Ce concours, d\u00e9di\u00e9 aux \u00e9tudiants de la <strong>g\u00e9n\u00e9ration Z<\/strong>, vise \u00e0 encourager l\u2019innovation, la cr\u00e9ativit\u00e9 et l\u2019esprit entrepreneurial des futurs dipl\u00f4m\u00e9s.<\/p>\n\n\n\n<p>Le coup d\u2019envoi de cette nouvelle \u00e9dition a \u00e9t\u00e9 donn\u00e9 fin 2024 avec la publication du <em>PFE Book<\/em>, une s\u00e9lection de projets innovants diffus\u00e9e sur LinkedIn et partag\u00e9e avec les universit\u00e9s partenaires. Sur les <strong>2 538 candidatures re\u00e7ues<\/strong>, <strong>120 \u00e9tudiants<\/strong> ont \u00e9t\u00e9 retenus pour int\u00e9grer les \u00e9quipes d\u2019Orange Tunisie et participer \u00e0 un parcours d\u2019accompagnement sur mesure.<\/p>\n\n\n\n<h3 class=\"wp-block-heading\" id=\"h-un-parcours-enrichi-entre-innovation-et-soft-skills\">Un parcours enrichi entre innovation et soft skills<\/h3>\n\n\n\n<p>D\u00e8s leur int\u00e9gration, les stagiaires ont \u00e9t\u00e9 accueillis lors des journ\u00e9es \u00ab Welcome Day \u00bb pour s\u2019impr\u00e9gner de la culture d\u2019entreprise d\u2019Orange Tunisie. En avril 2025, ils ont ensuite pris part \u00e0 un <strong>bootcamp ax\u00e9 sur les soft skills<\/strong>, avec des ateliers autour de la prise de parole en public, du pitch, de la communication interpersonnelle et de la pr\u00e9paration aux entretiens de recrutement.<\/p>\n\n\n\n<p>Apr\u00e8s une phase de pr\u00e9s\u00e9lection, <strong>26 finalistes<\/strong> ont d\u00e9fendu leurs projets devant des comit\u00e9s d\u2019experts. Huit projets ont \u00e9t\u00e9 retenus pour la <strong>grande finale<\/strong>, marqu\u00e9e par une c\u00e9r\u00e9monie de cl\u00f4ture durant laquelle les \u00e9tudiants ont pr\u00e9sent\u00e9 leurs travaux devant le <strong>Directeur g\u00e9n\u00e9ral<\/strong>, des membres du <strong>COMEX<\/strong>, des collaborateurs d\u2019Orange Tunisie et leurs coll\u00e8gues.<\/p>\n\n\n\n<h3 class=\"wp-block-heading\" id=\"h-trois-laureats-recompenses\">Trois laur\u00e9ats r\u00e9compens\u00e9s<\/h3>\n\n\n\n<p>Au terme de cette finale, <strong>trois laur\u00e9ats<\/strong> ont \u00e9t\u00e9 distingu\u00e9s pour l\u2019originalit\u00e9, la pertinence et la qualit\u00e9 de leurs projets. Une mani\u00e8re pour l\u2019op\u00e9rateur de mettre en lumi\u00e8re non seulement les comp\u00e9tences techniques des \u00e9tudiants, mais aussi leur capacit\u00e9 \u00e0 innover dans un environnement professionnel exigeant.<\/p>\n\n\n\n<p>\u00ab Avec cette deuxi\u00e8me \u00e9dition du Challenge PFE, nous avons eu l&rsquo;opportunit\u00e9 de c\u00e9l\u00e9brer la cr\u00e9ativit\u00e9 et l\u2019innovation de nos jeunes talents, tout en r\u00e9affirmant notre engagement en tant qu\u2019entreprise humaine et responsable, tourn\u00e9e vers l\u2019avenir et au service de la g\u00e9n\u00e9ration Z \u00bb, a d\u00e9clar\u00e9 <strong>Habib Latrech<\/strong>, Directeur des Ressources Humaines d\u2019Orange Tunisie.<\/p>\n\n\n\n<h3 class=\"wp-block-heading\" id=\"h-cap-sur-la-3e-edition\">Cap sur la 3e \u00e9dition<\/h3>\n\n\n\n<p>Forte de cette dynamique, Orange Tunisie donne d\u2019ores et d\u00e9j\u00e0 rendez-vous pour une <strong>troisi\u00e8me \u00e9dition<\/strong> du Challenge PFE, confirmant ainsi son r\u00f4le d\u2019acteur engag\u00e9 dans l\u2019insertion professionnelle et la valorisation des jeunes comp\u00e9tences tunisiennes.<\/p>\n","protected":false},"excerpt":{"rendered":"<p>Apr\u00e8s une premi\u00e8re \u00e9dition couronn\u00e9e de succ\u00e8s, Orange Tunisie confirme son engagement aupr\u00e8s des jeunes talents tunisiens en lan\u00e7ant, pour la deuxi\u00e8me ann\u00e9e cons\u00e9cutive, le Challenge PFE 2025 (Projet de Fin d\u2019\u00c9tudes). Ce concours, d\u00e9di\u00e9 aux \u00e9tudiants de la g\u00e9n\u00e9ration Z, vise \u00e0 encourager l\u2019innovation, la cr\u00e9ativit\u00e9 et l\u2019esprit entrepreneurial des futurs dipl\u00f4m\u00e9s. Le coup [&hellip;]<\/p>\n","protected":false},"author":3191,"featured_media":378401,"comment_status":"open","ping_status":"open","sticky":false,"template":"","format":"standard","meta":{"footnotes":""},"categories":[44,11909],"tags":[6165,12041,2718],"class_list":["post-378400","post","type-post","status-publish","format-standard","has-post-thumbnail","hentry","category-national","category-tendances","tag-challenge-pfe","tag-generation-z","tag-orange-tunisie"],"yoast_head":"<!-- This site is optimized with the Yoast SEO Premium plugin v27.5 (Yoast SEO v27.5) - https:\/\/yoast.com\/product\/yoast-seo-premium-wordpress\/ -->\n<title>Orange Tunisie c\u00e9l\u00e8bre la cr\u00e9ativit\u00e9 de la g\u00e9n\u00e9ration Z avec la 2e \u00e9dition du Challenge PFE - webdo<\/title>\n<meta name=\"description\" content=\"D\u00e9couvrez le Challenge PFE 2025 d&#039;Orange Tunisie et son engagement envers les jeunes talents tunisiens.\" \/>\n<link rel=\"canonical\" href=\"https:\/\/www.webdo.tn\/fr\/actualite\/national\/orange-tunisie-celebre-la-creativite-de-la-generation-z-avec-la-2e-edition-du-challenge-pfe\/378400\/\" \/>\n<meta property=\"og:locale\" content=\"fr_FR\" \/>\n<meta property=\"og:type\" content=\"article\" \/>\n<meta property=\"og:title\" content=\"Orange Tunisie c\u00e9l\u00e8bre la cr\u00e9ativit\u00e9 de la g\u00e9n\u00e9ration Z avec la 2e \u00e9dition du Challenge PFE\" \/>\n<meta property=\"og:description\" content=\"D\u00e9couvrez le Challenge PFE 2025 d&#039;Orange Tunisie et son engagement envers les jeunes talents tunisiens.\" \/>\n<meta property=\"og:url\" content=\"https:\/\/www.webdo.tn\/fr\/actualite\/national\/orange-tunisie-celebre-la-creativite-de-la-generation-z-avec-la-2e-edition-du-challenge-pfe\/378400\/\" \/>\n<meta property=\"og:site_name\" content=\"webdo\" \/>\n<meta property=\"article:publisher\" content=\"https:\/\/www.facebook.com\/webdotn\" \/>\n<meta property=\"article:published_time\" content=\"2025-06-25T13:06:14+00:00\" \/>\n<meta property=\"article:modified_time\" content=\"2025-06-25T13:06:47+00:00\" \/>\n<meta property=\"og:image\" content=\"https:\/\/www.webdo.tn\/fr\/wp-content\/uploads\/2025\/06\/image001.png\" \/>\n\t<meta property=\"og:image:width\" content=\"687\" \/>\n\t<meta property=\"og:image:height\" content=\"386\" \/>\n\t<meta property=\"og:image:type\" content=\"image\/png\" \/>\n<meta name=\"author\" content=\"Mohamed Hedi Touati\" \/>\n<meta name=\"twitter:card\" content=\"summary_large_image\" \/>\n<meta name=\"twitter:creator\" content=\"@webdo_tn\" \/>\n<meta name=\"twitter:site\" content=\"@webdo_tn\" \/>\n<meta name=\"twitter:label1\" content=\"\u00c9crit par\" \/>\n\t<meta name=\"twitter:data1\" content=\"Mohamed Hedi Touati\" \/>\n\t<meta name=\"twitter:label2\" content=\"Dur\u00e9e de lecture estim\u00e9e\" \/>\n\t<meta name=\"twitter:data2\" content=\"3 minutes\" \/>\n<script type=\"application\/ld+json\" class=\"yoast-schema-graph\">{\"@context\":\"https:\\\/\\\/schema.org\",\"@graph\":[{\"@type\":\"NewsArticle\",\"@id\":\"https:\\\/\\\/www.webdo.tn\\\/fr\\\/actualite\\\/national\\\/orange-tunisie-celebre-la-creativite-de-la-generation-z-avec-la-2e-edition-du-challenge-pfe\\\/378400\\\/#article\",\"isPartOf\":{\"@id\":\"https:\\\/\\\/www.webdo.tn\\\/fr\\\/actualite\\\/national\\\/orange-tunisie-celebre-la-creativite-de-la-generation-z-avec-la-2e-edition-du-challenge-pfe\\\/378400\\\/\"},\"author\":{\"name\":\"Mohamed Hedi Touati\",\"@id\":\"https:\\\/\\\/www.webdo.tn\\\/fr\\\/#\\\/schema\\\/person\\\/c652cd8fc2b1b44412b5ffb48c5a911d\"},\"headline\":\"Orange Tunisie c\u00e9l\u00e8bre la cr\u00e9ativit\u00e9 de la g\u00e9n\u00e9ration Z avec la 2e \u00e9dition du Challenge PFE\",\"datePublished\":\"2025-06-25T13:06:14+00:00\",\"dateModified\":\"2025-06-25T13:06:47+00:00\",\"mainEntityOfPage\":{\"@id\":\"https:\\\/\\\/www.webdo.tn\\\/fr\\\/actualite\\\/national\\\/orange-tunisie-celebre-la-creativite-de-la-generation-z-avec-la-2e-edition-du-challenge-pfe\\\/378400\\\/\"},\"wordCount\":465,\"commentCount\":0,\"publisher\":{\"@id\":\"https:\\\/\\\/www.webdo.tn\\\/fr\\\/#organization\"},\"image\":{\"@id\":\"https:\\\/\\\/www.webdo.tn\\\/fr\\\/actualite\\\/national\\\/orange-tunisie-celebre-la-creativite-de-la-generation-z-avec-la-2e-edition-du-challenge-pfe\\\/378400\\\/#primaryimage\"},\"thumbnailUrl\":\"https:\\\/\\\/www.webdo.tn\\\/fr\\\/wp-content\\\/uploads\\\/2025\\\/06\\\/image001.png\",\"keywords\":[\"Challenge PFE\",\"g\u00e9n\u00e9ration Z\",\"Orange Tunisie\"],\"articleSection\":[\"National\",\"Tendances\"],\"inLanguage\":\"fr-FR\"},{\"@type\":\"WebPage\",\"@id\":\"https:\\\/\\\/www.webdo.tn\\\/fr\\\/actualite\\\/national\\\/orange-tunisie-celebre-la-creativite-de-la-generation-z-avec-la-2e-edition-du-challenge-pfe\\\/378400\\\/\",\"url\":\"https:\\\/\\\/www.webdo.tn\\\/fr\\\/actualite\\\/national\\\/orange-tunisie-celebre-la-creativite-de-la-generation-z-avec-la-2e-edition-du-challenge-pfe\\\/378400\\\/\",\"name\":\"Orange Tunisie c\u00e9l\u00e8bre la cr\u00e9ativit\u00e9 de la g\u00e9n\u00e9ration Z avec la 2e \u00e9dition du Challenge PFE - webdo\",\"isPartOf\":{\"@id\":\"https:\\\/\\\/www.webdo.tn\\\/fr\\\/#website\"},\"primaryImageOfPage\":{\"@id\":\"https:\\\/\\\/www.webdo.tn\\\/fr\\\/actualite\\\/national\\\/orange-tunisie-celebre-la-creativite-de-la-generation-z-avec-la-2e-edition-du-challenge-pfe\\\/378400\\\/#primaryimage\"},\"image\":{\"@id\":\"https:\\\/\\\/www.webdo.tn\\\/fr\\\/actualite\\\/national\\\/orange-tunisie-celebre-la-creativite-de-la-generation-z-avec-la-2e-edition-du-challenge-pfe\\\/378400\\\/#primaryimage\"},\"thumbnailUrl\":\"https:\\\/\\\/www.webdo.tn\\\/fr\\\/wp-content\\\/uploads\\\/2025\\\/06\\\/image001.png\",\"datePublished\":\"2025-06-25T13:06:14+00:00\",\"dateModified\":\"2025-06-25T13:06:47+00:00\",\"description\":\"D\u00e9couvrez le Challenge PFE 2025 d'Orange Tunisie et son engagement envers les jeunes talents tunisiens.\",\"breadcrumb\":{\"@id\":\"https:\\\/\\\/www.webdo.tn\\\/fr\\\/actualite\\\/national\\\/orange-tunisie-celebre-la-creativite-de-la-generation-z-avec-la-2e-edition-du-challenge-pfe\\\/378400\\\/#breadcrumb\"},\"inLanguage\":\"fr-FR\",\"potentialAction\":[{\"@type\":\"ReadAction\",\"target\":[\"https:\\\/\\\/www.webdo.tn\\\/fr\\\/actualite\\\/national\\\/orange-tunisie-celebre-la-creativite-de-la-generation-z-avec-la-2e-edition-du-challenge-pfe\\\/378400\\\/\"]}]},{\"@type\":\"ImageObject\",\"inLanguage\":\"fr-FR\",\"@id\":\"https:\\\/\\\/www.webdo.tn\\\/fr\\\/actualite\\\/national\\\/orange-tunisie-celebre-la-creativite-de-la-generation-z-avec-la-2e-edition-du-challenge-pfe\\\/378400\\\/#primaryimage\",\"url\":\"https:\\\/\\\/www.webdo.tn\\\/fr\\\/wp-content\\\/uploads\\\/2025\\\/06\\\/image001.png\",\"contentUrl\":\"https:\\\/\\\/www.webdo.tn\\\/fr\\\/wp-content\\\/uploads\\\/2025\\\/06\\\/image001.png\",\"width\":687,\"height\":386,\"caption\":\"Orange Tunisie poursuit son engagement aux c\u00f4t\u00e9s de la g\u00e9n\u00e9ration Z avec le Challenge PFE 2025\"},{\"@type\":\"BreadcrumbList\",\"@id\":\"https:\\\/\\\/www.webdo.tn\\\/fr\\\/actualite\\\/national\\\/orange-tunisie-celebre-la-creativite-de-la-generation-z-avec-la-2e-edition-du-challenge-pfe\\\/378400\\\/#breadcrumb\",\"itemListElement\":[{\"@type\":\"ListItem\",\"position\":1,\"name\":\"Accueil\",\"item\":\"https:\\\/\\\/www.webdo.tn\\\/fr\\\/\"},{\"@type\":\"ListItem\",\"position\":2,\"name\":\"Orange Tunisie c\u00e9l\u00e8bre la cr\u00e9ativit\u00e9 de la g\u00e9n\u00e9ration Z avec la 2e \u00e9dition du Challenge PFE\"}]},{\"@type\":\"WebSite\",\"@id\":\"https:\\\/\\\/www.webdo.tn\\\/fr\\\/#website\",\"url\":\"https:\\\/\\\/www.webdo.tn\\\/fr\\\/\",\"name\":\"webdo\",\"description\":\"Tunisie - News en Tunisie et \u00e0 l&#039;international sur Webdo.tn\",\"publisher\":{\"@id\":\"https:\\\/\\\/www.webdo.tn\\\/fr\\\/#organization\"},\"potentialAction\":[{\"@type\":\"SearchAction\",\"target\":{\"@type\":\"EntryPoint\",\"urlTemplate\":\"https:\\\/\\\/www.webdo.tn\\\/fr\\\/?s={search_term_string}\"},\"query-input\":{\"@type\":\"PropertyValueSpecification\",\"valueRequired\":true,\"valueName\":\"search_term_string\"}}],\"inLanguage\":\"fr-FR\"},{\"@type\":\"Organization\",\"@id\":\"https:\\\/\\\/www.webdo.tn\\\/fr\\\/#organization\",\"name\":\"Webdo\",\"alternateName\":\"Webdo.tn\",\"url\":\"https:\\\/\\\/www.webdo.tn\\\/fr\\\/\",\"logo\":{\"@type\":\"ImageObject\",\"inLanguage\":\"fr-FR\",\"@id\":\"https:\\\/\\\/www.webdo.tn\\\/fr\\\/#\\\/schema\\\/logo\\\/image\\\/\",\"url\":\"https:\\\/\\\/www.webdo.tn\\\/fr\\\/wp-content\\\/uploads\\\/2025\\\/06\\\/Webdo-Tunisie_168377.jpg\",\"contentUrl\":\"https:\\\/\\\/www.webdo.tn\\\/fr\\\/wp-content\\\/uploads\\\/2025\\\/06\\\/Webdo-Tunisie_168377.jpg\",\"width\":301,\"height\":301,\"caption\":\"Webdo\"},\"image\":{\"@id\":\"https:\\\/\\\/www.webdo.tn\\\/fr\\\/#\\\/schema\\\/logo\\\/image\\\/\"},\"sameAs\":[\"https:\\\/\\\/www.facebook.com\\\/webdotn\",\"https:\\\/\\\/x.com\\\/webdo_tn\"],\"description\":\"Webdo est un m\u00e9dia num\u00e9rique tunisien fond\u00e9 en 2010, sp\u00e9cialis\u00e9 dans l\u2019actualit\u00e9 nationale et internationale, l\u2019\u00e9conomie, la soci\u00e9t\u00e9 et les analyses politiques. Le site s\u2019adresse \u00e0 un large public francophone et couvre l\u2019information tunisienne en temps r\u00e9el.\",\"email\":\"redac@webdo.tn\",\"legalName\":\"YNJ SARL\",\"foundingDate\":\"2010-09-06\",\"numberOfEmployees\":{\"@type\":\"QuantitativeValue\",\"minValue\":\"11\",\"maxValue\":\"50\"}},{\"@type\":\"Person\",\"@id\":\"https:\\\/\\\/www.webdo.tn\\\/fr\\\/#\\\/schema\\\/person\\\/c652cd8fc2b1b44412b5ffb48c5a911d\",\"name\":\"Mohamed Hedi Touati\",\"image\":{\"@type\":\"ImageObject\",\"inLanguage\":\"fr-FR\",\"@id\":\"https:\\\/\\\/secure.gravatar.com\\\/avatar\\\/9cfd402c745b7a685f13eed0ea6e59d2144a3c2fc50a3db6fd5ed451f6cddf1a?s=96&d=mm&r=g\",\"url\":\"https:\\\/\\\/secure.gravatar.com\\\/avatar\\\/9cfd402c745b7a685f13eed0ea6e59d2144a3c2fc50a3db6fd5ed451f6cddf1a?s=96&d=mm&r=g\",\"contentUrl\":\"https:\\\/\\\/secure.gravatar.com\\\/avatar\\\/9cfd402c745b7a685f13eed0ea6e59d2144a3c2fc50a3db6fd5ed451f6cddf1a?s=96&d=mm&r=g\",\"caption\":\"Mohamed Hedi Touati\"},\"url\":\"https:\\\/\\\/www.webdo.tn\\\/fr\\\/actualite\\\/author\\\/mohamed-hedi-touati\\\/\"}]}<\/script>\n<!-- \/ Yoast SEO Premium plugin. -->","yoast_head_json":{"title":"Orange Tunisie c\u00e9l\u00e8bre la cr\u00e9ativit\u00e9 de la g\u00e9n\u00e9ration Z avec la 2e \u00e9dition du Challenge PFE - webdo","description":"D\u00e9couvrez le Challenge PFE 2025 d'Orange Tunisie et son engagement envers les jeunes talents tunisiens.","canonical":"https:\/\/www.webdo.tn\/fr\/actualite\/national\/orange-tunisie-celebre-la-creativite-de-la-generation-z-avec-la-2e-edition-du-challenge-pfe\/378400\/","og_locale":"fr_FR","og_type":"article","og_title":"Orange Tunisie c\u00e9l\u00e8bre la cr\u00e9ativit\u00e9 de la g\u00e9n\u00e9ration Z avec la 2e \u00e9dition du Challenge PFE","og_description":"D\u00e9couvrez le Challenge PFE 2025 d'Orange Tunisie et son engagement envers les jeunes talents tunisiens.","og_url":"https:\/\/www.webdo.tn\/fr\/actualite\/national\/orange-tunisie-celebre-la-creativite-de-la-generation-z-avec-la-2e-edition-du-challenge-pfe\/378400\/","og_site_name":"webdo","article_publisher":"https:\/\/www.facebook.com\/webdotn","article_published_time":"2025-06-25T13:06:14+00:00","article_modified_time":"2025-06-25T13:06:47+00:00","og_image":[{"width":687,"height":386,"url":"https:\/\/www.webdo.tn\/fr\/wp-content\/uploads\/2025\/06\/image001.png","type":"image\/png"}],"author":"Mohamed Hedi Touati","twitter_card":"summary_large_image","twitter_creator":"@webdo_tn","twitter_site":"@webdo_tn","twitter_misc":{"\u00c9crit par":"Mohamed Hedi Touati","Dur\u00e9e de lecture estim\u00e9e":"3 minutes"},"schema":{"@context":"https:\/\/schema.org","@graph":[{"@type":"NewsArticle","@id":"https:\/\/www.webdo.tn\/fr\/actualite\/national\/orange-tunisie-celebre-la-creativite-de-la-generation-z-avec-la-2e-edition-du-challenge-pfe\/378400\/#article","isPartOf":{"@id":"https:\/\/www.webdo.tn\/fr\/actualite\/national\/orange-tunisie-celebre-la-creativite-de-la-generation-z-avec-la-2e-edition-du-challenge-pfe\/378400\/"},"author":{"name":"Mohamed Hedi Touati","@id":"https:\/\/www.webdo.tn\/fr\/#\/schema\/person\/c652cd8fc2b1b44412b5ffb48c5a911d"},"headline":"Orange Tunisie c\u00e9l\u00e8bre la cr\u00e9ativit\u00e9 de la g\u00e9n\u00e9ration Z avec la 2e \u00e9dition du Challenge PFE","datePublished":"2025-06-25T13:06:14+00:00","dateModified":"2025-06-25T13:06:47+00:00","mainEntityOfPage":{"@id":"https:\/\/www.webdo.tn\/fr\/actualite\/national\/orange-tunisie-celebre-la-creativite-de-la-generation-z-avec-la-2e-edition-du-challenge-pfe\/378400\/"},"wordCount":465,"commentCount":0,"publisher":{"@id":"https:\/\/www.webdo.tn\/fr\/#organization"},"image":{"@id":"https:\/\/www.webdo.tn\/fr\/actualite\/national\/orange-tunisie-celebre-la-creativite-de-la-generation-z-avec-la-2e-edition-du-challenge-pfe\/378400\/#primaryimage"},"thumbnailUrl":"https:\/\/www.webdo.tn\/fr\/wp-content\/uploads\/2025\/06\/image001.png","keywords":["Challenge PFE","g\u00e9n\u00e9ration Z","Orange Tunisie"],"articleSection":["National","Tendances"],"inLanguage":"fr-FR"},{"@type":"WebPage","@id":"https:\/\/www.webdo.tn\/fr\/actualite\/national\/orange-tunisie-celebre-la-creativite-de-la-generation-z-avec-la-2e-edition-du-challenge-pfe\/378400\/","url":"https:\/\/www.webdo.tn\/fr\/actualite\/national\/orange-tunisie-celebre-la-creativite-de-la-generation-z-avec-la-2e-edition-du-challenge-pfe\/378400\/","name":"Orange Tunisie c\u00e9l\u00e8bre la cr\u00e9ativit\u00e9 de la g\u00e9n\u00e9ration Z avec la 2e \u00e9dition du Challenge PFE - webdo","isPartOf":{"@id":"https:\/\/www.webdo.tn\/fr\/#website"},"primaryImageOfPage":{"@id":"https:\/\/www.webdo.tn\/fr\/actualite\/national\/orange-tunisie-celebre-la-creativite-de-la-generation-z-avec-la-2e-edition-du-challenge-pfe\/378400\/#primaryimage"},"image":{"@id":"https:\/\/www.webdo.tn\/fr\/actualite\/national\/orange-tunisie-celebre-la-creativite-de-la-generation-z-avec-la-2e-edition-du-challenge-pfe\/378400\/#primaryimage"},"thumbnailUrl":"https:\/\/www.webdo.tn\/fr\/wp-content\/uploads\/2025\/06\/image001.png","datePublished":"2025-06-25T13:06:14+00:00","dateModified":"2025-06-25T13:06:47+00:00","description":"D\u00e9couvrez le Challenge PFE 2025 d'Orange Tunisie et son engagement envers les jeunes talents tunisiens.","breadcrumb":{"@id":"https:\/\/www.webdo.tn\/fr\/actualite\/national\/orange-tunisie-celebre-la-creativite-de-la-generation-z-avec-la-2e-edition-du-challenge-pfe\/378400\/#breadcrumb"},"inLanguage":"fr-FR","potentialAction":[{"@type":"ReadAction","target":["https:\/\/www.webdo.tn\/fr\/actualite\/national\/orange-tunisie-celebre-la-creativite-de-la-generation-z-avec-la-2e-edition-du-challenge-pfe\/378400\/"]}]},{"@type":"ImageObject","inLanguage":"fr-FR","@id":"https:\/\/www.webdo.tn\/fr\/actualite\/national\/orange-tunisie-celebre-la-creativite-de-la-generation-z-avec-la-2e-edition-du-challenge-pfe\/378400\/#primaryimage","url":"https:\/\/www.webdo.tn\/fr\/wp-content\/uploads\/2025\/06\/image001.png","contentUrl":"https:\/\/www.webdo.tn\/fr\/wp-content\/uploads\/2025\/06\/image001.png","width":687,"height":386,"caption":"Orange Tunisie poursuit son engagement aux c\u00f4t\u00e9s de la g\u00e9n\u00e9ration Z avec le Challenge PFE 2025"},{"@type":"BreadcrumbList","@id":"https:\/\/www.webdo.tn\/fr\/actualite\/national\/orange-tunisie-celebre-la-creativite-de-la-generation-z-avec-la-2e-edition-du-challenge-pfe\/378400\/#breadcrumb","itemListElement":[{"@type":"ListItem","position":1,"name":"Accueil","item":"https:\/\/www.webdo.tn\/fr\/"},{"@type":"ListItem","position":2,"name":"Orange Tunisie c\u00e9l\u00e8bre la cr\u00e9ativit\u00e9 de la g\u00e9n\u00e9ration Z avec la 2e \u00e9dition du Challenge PFE"}]},{"@type":"WebSite","@id":"https:\/\/www.webdo.tn\/fr\/#website","url":"https:\/\/www.webdo.tn\/fr\/","name":"webdo","description":"Tunisie - News en Tunisie et \u00e0 l&#039;international sur Webdo.tn","publisher":{"@id":"https:\/\/www.webdo.tn\/fr\/#organization"},"potentialAction":[{"@type":"SearchAction","target":{"@type":"EntryPoint","urlTemplate":"https:\/\/www.webdo.tn\/fr\/?s={search_term_string}"},"query-input":{"@type":"PropertyValueSpecification","valueRequired":true,"valueName":"search_term_string"}}],"inLanguage":"fr-FR"},{"@type":"Organization","@id":"https:\/\/www.webdo.tn\/fr\/#organization","name":"Webdo","alternateName":"Webdo.tn","url":"https:\/\/www.webdo.tn\/fr\/","logo":{"@type":"ImageObject","inLanguage":"fr-FR","@id":"https:\/\/www.webdo.tn\/fr\/#\/schema\/logo\/image\/","url":"https:\/\/www.webdo.tn\/fr\/wp-content\/uploads\/2025\/06\/Webdo-Tunisie_168377.jpg","contentUrl":"https:\/\/www.webdo.tn\/fr\/wp-content\/uploads\/2025\/06\/Webdo-Tunisie_168377.jpg","width":301,"height":301,"caption":"Webdo"},"image":{"@id":"https:\/\/www.webdo.tn\/fr\/#\/schema\/logo\/image\/"},"sameAs":["https:\/\/www.facebook.com\/webdotn","https:\/\/x.com\/webdo_tn"],"description":"Webdo est un m\u00e9dia num\u00e9rique tunisien fond\u00e9 en 2010, sp\u00e9cialis\u00e9 dans l\u2019actualit\u00e9 nationale et internationale, l\u2019\u00e9conomie, la soci\u00e9t\u00e9 et les analyses politiques. Le site s\u2019adresse \u00e0 un large public francophone et couvre l\u2019information tunisienne en temps r\u00e9el.","email":"redac@webdo.tn","legalName":"YNJ SARL","foundingDate":"2010-09-06","numberOfEmployees":{"@type":"QuantitativeValue","minValue":"11","maxValue":"50"}},{"@type":"Person","@id":"https:\/\/www.webdo.tn\/fr\/#\/schema\/person\/c652cd8fc2b1b44412b5ffb48c5a911d","name":"Mohamed Hedi Touati","image":{"@type":"ImageObject","inLanguage":"fr-FR","@id":"https:\/\/secure.gravatar.com\/avatar\/9cfd402c745b7a685f13eed0ea6e59d2144a3c2fc50a3db6fd5ed451f6cddf1a?s=96&d=mm&r=g","url":"https:\/\/secure.gravatar.com\/avatar\/9cfd402c745b7a685f13eed0ea6e59d2144a3c2fc50a3db6fd5ed451f6cddf1a?s=96&d=mm&r=g","contentUrl":"https:\/\/secure.gravatar.com\/avatar\/9cfd402c745b7a685f13eed0ea6e59d2144a3c2fc50a3db6fd5ed451f6cddf1a?s=96&d=mm&r=g","caption":"Mohamed Hedi Touati"},"url":"https:\/\/www.webdo.tn\/fr\/actualite\/author\/mohamed-hedi-touati\/"}]}},"_links":{"self":[{"href":"https:\/\/www.webdo.tn\/fr\/wp-json\/wp\/v2\/posts\/378400","targetHints":{"allow":["GET"]}}],"collection":[{"href":"https:\/\/www.webdo.tn\/fr\/wp-json\/wp\/v2\/posts"}],"about":[{"href":"https:\/\/www.webdo.tn\/fr\/wp-json\/wp\/v2\/types\/post"}],"author":[{"embeddable":true,"href":"https:\/\/www.webdo.tn\/fr\/wp-json\/wp\/v2\/users\/3191"}],"replies":[{"embeddable":true,"href":"https:\/\/www.webdo.tn\/fr\/wp-json\/wp\/v2\/comments?post=378400"}],"version-history":[{"count":0,"href":"https:\/\/www.webdo.tn\/fr\/wp-json\/wp\/v2\/posts\/378400\/revisions"}],"wp:featuredmedia":[{"embeddable":true,"href":"https:\/\/www.webdo.tn\/fr\/wp-json\/wp\/v2\/media\/378401"}],"wp:attachment":[{"href":"https:\/\/www.webdo.tn\/fr\/wp-json\/wp\/v2\/media?parent=378400"}],"wp:term":[{"taxonomy":"category","embeddable":true,"href":"https:\/\/www.webdo.tn\/fr\/wp-json\/wp\/v2\/categories?post=378400"},{"taxonomy":"post_tag","embeddable":true,"href":"https:\/\/www.webdo.tn\/fr\/wp-json\/wp\/v2\/tags?post=378400"}],"curies":[{"name":"wp","href":"https:\/\/api.w.org\/{rel}","templated":true}]}}