{"id":378388,"date":"2025-06-25T11:51:56","date_gmt":"2025-06-25T10:51:56","guid":{"rendered":"https:\/\/www.webdo.tn\/fr\/?p=378388"},"modified":"2025-06-25T15:01:10","modified_gmt":"2025-06-25T14:01:10","slug":"gaza-et-al-qods-violences-meurtrieres-et-escalade-des-tensions","status":"publish","type":"post","link":"https:\/\/www.webdo.tn\/fr\/actualite\/international\/gaza-et-al-qods-violences-meurtrieres-et-escalade-des-tensions\/378388\/","title":{"rendered":"Gaza et Al-Qods : Violences meurtri\u00e8res et escalade des tensions"},"content":{"rendered":"\n<p><strong>Les attaques isra\u00e9liennes redoublent d\u2019intensit\u00e9 dans la bande de Gaza, tandis qu\u2019\u00e0 Al-Qods, les incursions de colons \u00e0 la mosqu\u00e9e Al-Aqsa attisent les tensions.<\/strong><\/p>\n\n\n\n<p>Au moins 27 Palestiniens ont \u00e9t\u00e9 tu\u00e9s mercredi dans plusieurs attaques men\u00e9es par l\u2019arm\u00e9e isra\u00e9lienne dans diff\u00e9rents secteurs de la bande de Gaza, selon l\u2019agence de presse palestinienne Wafa. Parmi les victimes, huit personnes ont \u00e9t\u00e9 tu\u00e9es alors qu\u2019elles attendaient de recevoir de l\u2019aide humanitaire. Les bombardements isra\u00e9liens ont touch\u00e9 plusieurs zones dens\u00e9ment peupl\u00e9es.<\/p>\n\n\n\n<p>Depuis mardi, pr\u00e8s de 100 personnes ont \u00e9t\u00e9 tu\u00e9es, dont plus de la moiti\u00e9 souffraient d\u00e9j\u00e0 de malnutrition. Ce bilan dramatique s\u2019inscrit dans le contexte d\u2019une guerre en cours depuis le 7 octobre 2023, qui a fait, selon les autorit\u00e9s locales, plus de 187 000 martyrs et bless\u00e9s, en majorit\u00e9 des femmes et des enfants, avec plus de 11 000 disparus et des centaines de milliers de d\u00e9plac\u00e9s.<\/p>\n\n\n\n<p><strong>Provocations \u00e0 la mosqu\u00e9e Al-Aqsa<\/strong><\/p>\n\n\n\n<p>Pendant ce temps, \u00e0 Al-Qods occup\u00e9e, des dizaines de colons isra\u00e9liens ont de nouveau pris d\u2019assaut les esplanades de la mosqu\u00e9e Al-Aqsa, sous haute protection polici\u00e8re. Organis\u00e9es en groupes, ces incursions se sont accompagn\u00e9es de tours provocateurs, tandis que la police isra\u00e9lienne transformait la vieille ville en v\u00e9ritable caserne militaire, d\u00e9ployant ses forces aux portes du lieu saint.<\/p>\n\n\n\n<p>La mosqu\u00e9e Al-Aqsa, troisi\u00e8me lieu saint de l\u2019islam, est au centre de tensions r\u00e9currentes. Le statu quo historique garantit l\u2019acc\u00e8s \u00e0 la mosqu\u00e9e aux musulmans pour la pri\u00e8re, et aux non-musulmans pour de simples visites sans rites religieux. Toutefois, les visites accompagn\u00e9es de pri\u00e8res juives, d\u00e9sormais plus fr\u00e9quentes, suscitent de vives r\u00e9actions chez les Palestiniens et au sein de la communaut\u00e9 internationale.<\/p>\n\n\n\n<p>Ces provocations s\u2019ajoutent \u00e0 un contexte r\u00e9gional explosif, marqu\u00e9 par une intensification des violences, une aggravation de la crise humanitaire \u00e0 Gaza, et une radicalisation des tensions \u00e0 Al-Qods.<\/p>\n","protected":false},"excerpt":{"rendered":"<p>Les attaques isra\u00e9liennes redoublent d\u2019intensit\u00e9 dans la bande de Gaza, tandis qu\u2019\u00e0 Al-Qods, les incursions de colons \u00e0 la mosqu\u00e9e Al-Aqsa attisent les tensions. Au moins 27 Palestiniens ont \u00e9t\u00e9 tu\u00e9s mercredi dans plusieurs attaques men\u00e9es par l\u2019arm\u00e9e isra\u00e9lienne dans diff\u00e9rents secteurs de la bande de Gaza, selon l\u2019agence de presse palestinienne Wafa. Parmi les [&hellip;]<\/p>\n","protected":false},"author":3191,"featured_media":378389,"comment_status":"open","ping_status":"open","sticky":false,"template":"","format":"standard","meta":{"footnotes":""},"categories":[2598],"tags":[2689,2600,4472,2688],"class_list":["post-378388","post","type-post","status-publish","format-standard","has-post-thumbnail","hentry","category-international","tag-gaza","tag-guerre","tag-martyrs","tag-palestine"],"yoast_head":"<!-- This site is optimized with the Yoast SEO Premium plugin v27.5 (Yoast SEO v27.5) - https:\/\/yoast.com\/product\/yoast-seo-premium-wordpress\/ -->\n<title>Gaza et Al-Qods : Violences meurtri\u00e8res et escalade des tensions - webdo<\/title>\n<meta name=\"description\" content=\"D\u00e9couvrez la situation alarmante \u00e0 Gaza et Al-Qods. Les attaques isra\u00e9liennes augmentent et causent de nombreuses pertes.\" \/>\n<link rel=\"canonical\" href=\"https:\/\/www.webdo.tn\/fr\/actualite\/international\/gaza-et-al-qods-violences-meurtrieres-et-escalade-des-tensions\/378388\/\" \/>\n<meta property=\"og:locale\" content=\"fr_FR\" \/>\n<meta property=\"og:type\" content=\"article\" \/>\n<meta property=\"og:title\" content=\"Gaza et Al-Qods : Violences meurtri\u00e8res et escalade des tensions\" \/>\n<meta property=\"og:description\" content=\"D\u00e9couvrez la situation alarmante \u00e0 Gaza et Al-Qods. Les attaques isra\u00e9liennes augmentent et causent de nombreuses pertes.\" \/>\n<meta property=\"og:url\" content=\"https:\/\/www.webdo.tn\/fr\/actualite\/international\/gaza-et-al-qods-violences-meurtrieres-et-escalade-des-tensions\/378388\/\" \/>\n<meta property=\"og:site_name\" content=\"webdo\" \/>\n<meta property=\"article:publisher\" content=\"https:\/\/www.facebook.com\/webdotn\" \/>\n<meta property=\"article:published_time\" content=\"2025-06-25T10:51:56+00:00\" \/>\n<meta property=\"article:modified_time\" content=\"2025-06-25T14:01:10+00:00\" \/>\n<meta property=\"og:image\" content=\"https:\/\/www.webdo.tn\/fr\/wp-content\/uploads\/2025\/06\/Gaza-3.jpg\" \/>\n\t<meta property=\"og:image:width\" content=\"836\" \/>\n\t<meta property=\"og:image:height\" content=\"557\" \/>\n\t<meta property=\"og:image:type\" content=\"image\/jpeg\" \/>\n<meta name=\"author\" content=\"Mohamed Hedi Touati\" \/>\n<meta name=\"twitter:card\" content=\"summary_large_image\" \/>\n<meta name=\"twitter:creator\" content=\"@webdo_tn\" \/>\n<meta name=\"twitter:site\" content=\"@webdo_tn\" \/>\n<meta name=\"twitter:label1\" content=\"\u00c9crit par\" \/>\n\t<meta name=\"twitter:data1\" content=\"Mohamed Hedi Touati\" \/>\n\t<meta name=\"twitter:label2\" content=\"Dur\u00e9e de lecture estim\u00e9e\" \/>\n\t<meta name=\"twitter:data2\" content=\"2 minutes\" \/>\n<script type=\"application\/ld+json\" class=\"yoast-schema-graph\">{\"@context\":\"https:\\\/\\\/schema.org\",\"@graph\":[{\"@type\":\"NewsArticle\",\"@id\":\"https:\\\/\\\/www.webdo.tn\\\/fr\\\/actualite\\\/international\\\/gaza-et-al-qods-violences-meurtrieres-et-escalade-des-tensions\\\/378388\\\/#article\",\"isPartOf\":{\"@id\":\"https:\\\/\\\/www.webdo.tn\\\/fr\\\/actualite\\\/international\\\/gaza-et-al-qods-violences-meurtrieres-et-escalade-des-tensions\\\/378388\\\/\"},\"author\":{\"name\":\"Mohamed Hedi Touati\",\"@id\":\"https:\\\/\\\/www.webdo.tn\\\/fr\\\/#\\\/schema\\\/person\\\/c652cd8fc2b1b44412b5ffb48c5a911d\"},\"headline\":\"Gaza et Al-Qods : Violences meurtri\u00e8res et escalade des tensions\",\"datePublished\":\"2025-06-25T10:51:56+00:00\",\"dateModified\":\"2025-06-25T14:01:10+00:00\",\"mainEntityOfPage\":{\"@id\":\"https:\\\/\\\/www.webdo.tn\\\/fr\\\/actualite\\\/international\\\/gaza-et-al-qods-violences-meurtrieres-et-escalade-des-tensions\\\/378388\\\/\"},\"wordCount\":346,\"commentCount\":0,\"publisher\":{\"@id\":\"https:\\\/\\\/www.webdo.tn\\\/fr\\\/#organization\"},\"image\":{\"@id\":\"https:\\\/\\\/www.webdo.tn\\\/fr\\\/actualite\\\/international\\\/gaza-et-al-qods-violences-meurtrieres-et-escalade-des-tensions\\\/378388\\\/#primaryimage\"},\"thumbnailUrl\":\"https:\\\/\\\/www.webdo.tn\\\/fr\\\/wp-content\\\/uploads\\\/2025\\\/06\\\/Gaza-3.jpg\",\"keywords\":[\"Gaza\",\"guerre\",\"Martyrs\",\"Palestine\"],\"articleSection\":[\"International\"],\"inLanguage\":\"fr-FR\"},{\"@type\":\"WebPage\",\"@id\":\"https:\\\/\\\/www.webdo.tn\\\/fr\\\/actualite\\\/international\\\/gaza-et-al-qods-violences-meurtrieres-et-escalade-des-tensions\\\/378388\\\/\",\"url\":\"https:\\\/\\\/www.webdo.tn\\\/fr\\\/actualite\\\/international\\\/gaza-et-al-qods-violences-meurtrieres-et-escalade-des-tensions\\\/378388\\\/\",\"name\":\"Gaza et Al-Qods : Violences meurtri\u00e8res et escalade des tensions - webdo\",\"isPartOf\":{\"@id\":\"https:\\\/\\\/www.webdo.tn\\\/fr\\\/#website\"},\"primaryImageOfPage\":{\"@id\":\"https:\\\/\\\/www.webdo.tn\\\/fr\\\/actualite\\\/international\\\/gaza-et-al-qods-violences-meurtrieres-et-escalade-des-tensions\\\/378388\\\/#primaryimage\"},\"image\":{\"@id\":\"https:\\\/\\\/www.webdo.tn\\\/fr\\\/actualite\\\/international\\\/gaza-et-al-qods-violences-meurtrieres-et-escalade-des-tensions\\\/378388\\\/#primaryimage\"},\"thumbnailUrl\":\"https:\\\/\\\/www.webdo.tn\\\/fr\\\/wp-content\\\/uploads\\\/2025\\\/06\\\/Gaza-3.jpg\",\"datePublished\":\"2025-06-25T10:51:56+00:00\",\"dateModified\":\"2025-06-25T14:01:10+00:00\",\"description\":\"D\u00e9couvrez la situation alarmante \u00e0 Gaza et Al-Qods. Les attaques isra\u00e9liennes augmentent et causent de nombreuses pertes.\",\"breadcrumb\":{\"@id\":\"https:\\\/\\\/www.webdo.tn\\\/fr\\\/actualite\\\/international\\\/gaza-et-al-qods-violences-meurtrieres-et-escalade-des-tensions\\\/378388\\\/#breadcrumb\"},\"inLanguage\":\"fr-FR\",\"potentialAction\":[{\"@type\":\"ReadAction\",\"target\":[\"https:\\\/\\\/www.webdo.tn\\\/fr\\\/actualite\\\/international\\\/gaza-et-al-qods-violences-meurtrieres-et-escalade-des-tensions\\\/378388\\\/\"]}]},{\"@type\":\"ImageObject\",\"inLanguage\":\"fr-FR\",\"@id\":\"https:\\\/\\\/www.webdo.tn\\\/fr\\\/actualite\\\/international\\\/gaza-et-al-qods-violences-meurtrieres-et-escalade-des-tensions\\\/378388\\\/#primaryimage\",\"url\":\"https:\\\/\\\/www.webdo.tn\\\/fr\\\/wp-content\\\/uploads\\\/2025\\\/06\\\/Gaza-3.jpg\",\"contentUrl\":\"https:\\\/\\\/www.webdo.tn\\\/fr\\\/wp-content\\\/uploads\\\/2025\\\/06\\\/Gaza-3.jpg\",\"width\":836,\"height\":557,\"caption\":\"Vue g\u00e9n\u00e9rale des destructions \u00e0 Khan Younis, territoires palestiniens, le 11 f\u00e9vrier 2025. ABED RAHIM KHATIB \\\/ DPA\\\/MAXPPP\"},{\"@type\":\"BreadcrumbList\",\"@id\":\"https:\\\/\\\/www.webdo.tn\\\/fr\\\/actualite\\\/international\\\/gaza-et-al-qods-violences-meurtrieres-et-escalade-des-tensions\\\/378388\\\/#breadcrumb\",\"itemListElement\":[{\"@type\":\"ListItem\",\"position\":1,\"name\":\"Accueil\",\"item\":\"https:\\\/\\\/www.webdo.tn\\\/fr\\\/\"},{\"@type\":\"ListItem\",\"position\":2,\"name\":\"Gaza et Al-Qods : Violences meurtri\u00e8res et escalade des tensions\"}]},{\"@type\":\"WebSite\",\"@id\":\"https:\\\/\\\/www.webdo.tn\\\/fr\\\/#website\",\"url\":\"https:\\\/\\\/www.webdo.tn\\\/fr\\\/\",\"name\":\"webdo\",\"description\":\"Tunisie - News en Tunisie et \u00e0 l&#039;international sur Webdo.tn\",\"publisher\":{\"@id\":\"https:\\\/\\\/www.webdo.tn\\\/fr\\\/#organization\"},\"potentialAction\":[{\"@type\":\"SearchAction\",\"target\":{\"@type\":\"EntryPoint\",\"urlTemplate\":\"https:\\\/\\\/www.webdo.tn\\\/fr\\\/?s={search_term_string}\"},\"query-input\":{\"@type\":\"PropertyValueSpecification\",\"valueRequired\":true,\"valueName\":\"search_term_string\"}}],\"inLanguage\":\"fr-FR\"},{\"@type\":\"Organization\",\"@id\":\"https:\\\/\\\/www.webdo.tn\\\/fr\\\/#organization\",\"name\":\"Webdo\",\"alternateName\":\"Webdo.tn\",\"url\":\"https:\\\/\\\/www.webdo.tn\\\/fr\\\/\",\"logo\":{\"@type\":\"ImageObject\",\"inLanguage\":\"fr-FR\",\"@id\":\"https:\\\/\\\/www.webdo.tn\\\/fr\\\/#\\\/schema\\\/logo\\\/image\\\/\",\"url\":\"https:\\\/\\\/www.webdo.tn\\\/fr\\\/wp-content\\\/uploads\\\/2025\\\/06\\\/Webdo-Tunisie_168377.jpg\",\"contentUrl\":\"https:\\\/\\\/www.webdo.tn\\\/fr\\\/wp-content\\\/uploads\\\/2025\\\/06\\\/Webdo-Tunisie_168377.jpg\",\"width\":301,\"height\":301,\"caption\":\"Webdo\"},\"image\":{\"@id\":\"https:\\\/\\\/www.webdo.tn\\\/fr\\\/#\\\/schema\\\/logo\\\/image\\\/\"},\"sameAs\":[\"https:\\\/\\\/www.facebook.com\\\/webdotn\",\"https:\\\/\\\/x.com\\\/webdo_tn\"],\"description\":\"Webdo est un m\u00e9dia num\u00e9rique tunisien fond\u00e9 en 2010, sp\u00e9cialis\u00e9 dans l\u2019actualit\u00e9 nationale et internationale, l\u2019\u00e9conomie, la soci\u00e9t\u00e9 et les analyses politiques. Le site s\u2019adresse \u00e0 un large public francophone et couvre l\u2019information tunisienne en temps r\u00e9el.\",\"email\":\"redac@webdo.tn\",\"legalName\":\"YNJ SARL\",\"foundingDate\":\"2010-09-06\",\"numberOfEmployees\":{\"@type\":\"QuantitativeValue\",\"minValue\":\"11\",\"maxValue\":\"50\"}},{\"@type\":\"Person\",\"@id\":\"https:\\\/\\\/www.webdo.tn\\\/fr\\\/#\\\/schema\\\/person\\\/c652cd8fc2b1b44412b5ffb48c5a911d\",\"name\":\"Mohamed Hedi Touati\",\"image\":{\"@type\":\"ImageObject\",\"inLanguage\":\"fr-FR\",\"@id\":\"https:\\\/\\\/secure.gravatar.com\\\/avatar\\\/9cfd402c745b7a685f13eed0ea6e59d2144a3c2fc50a3db6fd5ed451f6cddf1a?s=96&d=mm&r=g\",\"url\":\"https:\\\/\\\/secure.gravatar.com\\\/avatar\\\/9cfd402c745b7a685f13eed0ea6e59d2144a3c2fc50a3db6fd5ed451f6cddf1a?s=96&d=mm&r=g\",\"contentUrl\":\"https:\\\/\\\/secure.gravatar.com\\\/avatar\\\/9cfd402c745b7a685f13eed0ea6e59d2144a3c2fc50a3db6fd5ed451f6cddf1a?s=96&d=mm&r=g\",\"caption\":\"Mohamed Hedi Touati\"},\"url\":\"https:\\\/\\\/www.webdo.tn\\\/fr\\\/actualite\\\/author\\\/mohamed-hedi-touati\\\/\"}]}<\/script>\n<!-- \/ Yoast SEO Premium plugin. -->","yoast_head_json":{"title":"Gaza et Al-Qods : Violences meurtri\u00e8res et escalade des tensions - webdo","description":"D\u00e9couvrez la situation alarmante \u00e0 Gaza et Al-Qods. Les attaques isra\u00e9liennes augmentent et causent de nombreuses pertes.","canonical":"https:\/\/www.webdo.tn\/fr\/actualite\/international\/gaza-et-al-qods-violences-meurtrieres-et-escalade-des-tensions\/378388\/","og_locale":"fr_FR","og_type":"article","og_title":"Gaza et Al-Qods : Violences meurtri\u00e8res et escalade des tensions","og_description":"D\u00e9couvrez la situation alarmante \u00e0 Gaza et Al-Qods. Les attaques isra\u00e9liennes augmentent et causent de nombreuses pertes.","og_url":"https:\/\/www.webdo.tn\/fr\/actualite\/international\/gaza-et-al-qods-violences-meurtrieres-et-escalade-des-tensions\/378388\/","og_site_name":"webdo","article_publisher":"https:\/\/www.facebook.com\/webdotn","article_published_time":"2025-06-25T10:51:56+00:00","article_modified_time":"2025-06-25T14:01:10+00:00","og_image":[{"width":836,"height":557,"url":"https:\/\/www.webdo.tn\/fr\/wp-content\/uploads\/2025\/06\/Gaza-3.jpg","type":"image\/jpeg"}],"author":"Mohamed Hedi Touati","twitter_card":"summary_large_image","twitter_creator":"@webdo_tn","twitter_site":"@webdo_tn","twitter_misc":{"\u00c9crit par":"Mohamed Hedi Touati","Dur\u00e9e de lecture estim\u00e9e":"2 minutes"},"schema":{"@context":"https:\/\/schema.org","@graph":[{"@type":"NewsArticle","@id":"https:\/\/www.webdo.tn\/fr\/actualite\/international\/gaza-et-al-qods-violences-meurtrieres-et-escalade-des-tensions\/378388\/#article","isPartOf":{"@id":"https:\/\/www.webdo.tn\/fr\/actualite\/international\/gaza-et-al-qods-violences-meurtrieres-et-escalade-des-tensions\/378388\/"},"author":{"name":"Mohamed Hedi Touati","@id":"https:\/\/www.webdo.tn\/fr\/#\/schema\/person\/c652cd8fc2b1b44412b5ffb48c5a911d"},"headline":"Gaza et Al-Qods : Violences meurtri\u00e8res et escalade des tensions","datePublished":"2025-06-25T10:51:56+00:00","dateModified":"2025-06-25T14:01:10+00:00","mainEntityOfPage":{"@id":"https:\/\/www.webdo.tn\/fr\/actualite\/international\/gaza-et-al-qods-violences-meurtrieres-et-escalade-des-tensions\/378388\/"},"wordCount":346,"commentCount":0,"publisher":{"@id":"https:\/\/www.webdo.tn\/fr\/#organization"},"image":{"@id":"https:\/\/www.webdo.tn\/fr\/actualite\/international\/gaza-et-al-qods-violences-meurtrieres-et-escalade-des-tensions\/378388\/#primaryimage"},"thumbnailUrl":"https:\/\/www.webdo.tn\/fr\/wp-content\/uploads\/2025\/06\/Gaza-3.jpg","keywords":["Gaza","guerre","Martyrs","Palestine"],"articleSection":["International"],"inLanguage":"fr-FR"},{"@type":"WebPage","@id":"https:\/\/www.webdo.tn\/fr\/actualite\/international\/gaza-et-al-qods-violences-meurtrieres-et-escalade-des-tensions\/378388\/","url":"https:\/\/www.webdo.tn\/fr\/actualite\/international\/gaza-et-al-qods-violences-meurtrieres-et-escalade-des-tensions\/378388\/","name":"Gaza et Al-Qods : Violences meurtri\u00e8res et escalade des tensions - webdo","isPartOf":{"@id":"https:\/\/www.webdo.tn\/fr\/#website"},"primaryImageOfPage":{"@id":"https:\/\/www.webdo.tn\/fr\/actualite\/international\/gaza-et-al-qods-violences-meurtrieres-et-escalade-des-tensions\/378388\/#primaryimage"},"image":{"@id":"https:\/\/www.webdo.tn\/fr\/actualite\/international\/gaza-et-al-qods-violences-meurtrieres-et-escalade-des-tensions\/378388\/#primaryimage"},"thumbnailUrl":"https:\/\/www.webdo.tn\/fr\/wp-content\/uploads\/2025\/06\/Gaza-3.jpg","datePublished":"2025-06-25T10:51:56+00:00","dateModified":"2025-06-25T14:01:10+00:00","description":"D\u00e9couvrez la situation alarmante \u00e0 Gaza et Al-Qods. Les attaques isra\u00e9liennes augmentent et causent de nombreuses pertes.","breadcrumb":{"@id":"https:\/\/www.webdo.tn\/fr\/actualite\/international\/gaza-et-al-qods-violences-meurtrieres-et-escalade-des-tensions\/378388\/#breadcrumb"},"inLanguage":"fr-FR","potentialAction":[{"@type":"ReadAction","target":["https:\/\/www.webdo.tn\/fr\/actualite\/international\/gaza-et-al-qods-violences-meurtrieres-et-escalade-des-tensions\/378388\/"]}]},{"@type":"ImageObject","inLanguage":"fr-FR","@id":"https:\/\/www.webdo.tn\/fr\/actualite\/international\/gaza-et-al-qods-violences-meurtrieres-et-escalade-des-tensions\/378388\/#primaryimage","url":"https:\/\/www.webdo.tn\/fr\/wp-content\/uploads\/2025\/06\/Gaza-3.jpg","contentUrl":"https:\/\/www.webdo.tn\/fr\/wp-content\/uploads\/2025\/06\/Gaza-3.jpg","width":836,"height":557,"caption":"Vue g\u00e9n\u00e9rale des destructions \u00e0 Khan Younis, territoires palestiniens, le 11 f\u00e9vrier 2025. ABED RAHIM KHATIB \/ DPA\/MAXPPP"},{"@type":"BreadcrumbList","@id":"https:\/\/www.webdo.tn\/fr\/actualite\/international\/gaza-et-al-qods-violences-meurtrieres-et-escalade-des-tensions\/378388\/#breadcrumb","itemListElement":[{"@type":"ListItem","position":1,"name":"Accueil","item":"https:\/\/www.webdo.tn\/fr\/"},{"@type":"ListItem","position":2,"name":"Gaza et Al-Qods : Violences meurtri\u00e8res et escalade des tensions"}]},{"@type":"WebSite","@id":"https:\/\/www.webdo.tn\/fr\/#website","url":"https:\/\/www.webdo.tn\/fr\/","name":"webdo","description":"Tunisie - News en Tunisie et \u00e0 l&#039;international sur Webdo.tn","publisher":{"@id":"https:\/\/www.webdo.tn\/fr\/#organization"},"potentialAction":[{"@type":"SearchAction","target":{"@type":"EntryPoint","urlTemplate":"https:\/\/www.webdo.tn\/fr\/?s={search_term_string}"},"query-input":{"@type":"PropertyValueSpecification","valueRequired":true,"valueName":"search_term_string"}}],"inLanguage":"fr-FR"},{"@type":"Organization","@id":"https:\/\/www.webdo.tn\/fr\/#organization","name":"Webdo","alternateName":"Webdo.tn","url":"https:\/\/www.webdo.tn\/fr\/","logo":{"@type":"ImageObject","inLanguage":"fr-FR","@id":"https:\/\/www.webdo.tn\/fr\/#\/schema\/logo\/image\/","url":"https:\/\/www.webdo.tn\/fr\/wp-content\/uploads\/2025\/06\/Webdo-Tunisie_168377.jpg","contentUrl":"https:\/\/www.webdo.tn\/fr\/wp-content\/uploads\/2025\/06\/Webdo-Tunisie_168377.jpg","width":301,"height":301,"caption":"Webdo"},"image":{"@id":"https:\/\/www.webdo.tn\/fr\/#\/schema\/logo\/image\/"},"sameAs":["https:\/\/www.facebook.com\/webdotn","https:\/\/x.com\/webdo_tn"],"description":"Webdo est un m\u00e9dia num\u00e9rique tunisien fond\u00e9 en 2010, sp\u00e9cialis\u00e9 dans l\u2019actualit\u00e9 nationale et internationale, l\u2019\u00e9conomie, la soci\u00e9t\u00e9 et les analyses politiques. Le site s\u2019adresse \u00e0 un large public francophone et couvre l\u2019information tunisienne en temps r\u00e9el.","email":"redac@webdo.tn","legalName":"YNJ SARL","foundingDate":"2010-09-06","numberOfEmployees":{"@type":"QuantitativeValue","minValue":"11","maxValue":"50"}},{"@type":"Person","@id":"https:\/\/www.webdo.tn\/fr\/#\/schema\/person\/c652cd8fc2b1b44412b5ffb48c5a911d","name":"Mohamed Hedi Touati","image":{"@type":"ImageObject","inLanguage":"fr-FR","@id":"https:\/\/secure.gravatar.com\/avatar\/9cfd402c745b7a685f13eed0ea6e59d2144a3c2fc50a3db6fd5ed451f6cddf1a?s=96&d=mm&r=g","url":"https:\/\/secure.gravatar.com\/avatar\/9cfd402c745b7a685f13eed0ea6e59d2144a3c2fc50a3db6fd5ed451f6cddf1a?s=96&d=mm&r=g","contentUrl":"https:\/\/secure.gravatar.com\/avatar\/9cfd402c745b7a685f13eed0ea6e59d2144a3c2fc50a3db6fd5ed451f6cddf1a?s=96&d=mm&r=g","caption":"Mohamed Hedi Touati"},"url":"https:\/\/www.webdo.tn\/fr\/actualite\/author\/mohamed-hedi-touati\/"}]}},"_links":{"self":[{"href":"https:\/\/www.webdo.tn\/fr\/wp-json\/wp\/v2\/posts\/378388","targetHints":{"allow":["GET"]}}],"collection":[{"href":"https:\/\/www.webdo.tn\/fr\/wp-json\/wp\/v2\/posts"}],"about":[{"href":"https:\/\/www.webdo.tn\/fr\/wp-json\/wp\/v2\/types\/post"}],"author":[{"embeddable":true,"href":"https:\/\/www.webdo.tn\/fr\/wp-json\/wp\/v2\/users\/3191"}],"replies":[{"embeddable":true,"href":"https:\/\/www.webdo.tn\/fr\/wp-json\/wp\/v2\/comments?post=378388"}],"version-history":[{"count":0,"href":"https:\/\/www.webdo.tn\/fr\/wp-json\/wp\/v2\/posts\/378388\/revisions"}],"wp:featuredmedia":[{"embeddable":true,"href":"https:\/\/www.webdo.tn\/fr\/wp-json\/wp\/v2\/media\/378389"}],"wp:attachment":[{"href":"https:\/\/www.webdo.tn\/fr\/wp-json\/wp\/v2\/media?parent=378388"}],"wp:term":[{"taxonomy":"category","embeddable":true,"href":"https:\/\/www.webdo.tn\/fr\/wp-json\/wp\/v2\/categories?post=378388"},{"taxonomy":"post_tag","embeddable":true,"href":"https:\/\/www.webdo.tn\/fr\/wp-json\/wp\/v2\/tags?post=378388"}],"curies":[{"name":"wp","href":"https:\/\/api.w.org\/{rel}","templated":true}]}}