{"id":378370,"date":"2025-06-25T10:36:58","date_gmt":"2025-06-25T09:36:58","guid":{"rendered":"https:\/\/www.webdo.tn\/fr\/?p=378370"},"modified":"2025-06-25T10:36:58","modified_gmt":"2025-06-25T09:36:58","slug":"mercredi-caniculaire-en-tunisie-jusqua-42c-attendus","status":"publish","type":"post","link":"https:\/\/www.webdo.tn\/fr\/actualite\/national\/mercredi-caniculaire-en-tunisie-jusqua-42c-attendus\/378370\/","title":{"rendered":"Mercredi caniculaire en Tunisie : Jusqu\u2019\u00e0 42\u00b0C attendus"},"content":{"rendered":"\n<p>Une vague de chaleur intense s\u2019installe sur la Tunisie ce mercredi 25 juin 2025, avec des temp\u00e9ratures maximales qui devraient atteindre jusqu\u2019\u00e0 42 degr\u00e9s dans certaines r\u00e9gions, selon les pr\u00e9visions de l\u2019Institut national de la m\u00e9t\u00e9orologie (INM).<\/p>\n\n\n\n<p>Le temps s\u2019annonce peu nuageux sur l\u2019ensemble du pays, mais marqu\u00e9 par un ressenti \u00e9touffant, notamment en raison d\u2019un vent chaud et sec qui accentue la sensation de chaleur.<\/p>\n\n\n\n<p>Les temp\u00e9ratures seront particuli\u00e8rement \u00e9lev\u00e9es dans les r\u00e9gions int\u00e9rieures et les zones du centre et du sud du pays. Dans ces r\u00e9gions, le mercure variera g\u00e9n\u00e9ralement entre 36 et 42 \u00b0C, avec des pointes localement sup\u00e9rieures sous l\u2019effet du chergui, un vent continental connu pour sa s\u00e9cheresse et sa capacit\u00e9 \u00e0 faire grimper rapidement les temp\u00e9ratures.<\/p>\n\n\n\n<p>Le vent, soufflant du secteur sud, restera faible \u00e0 mod\u00e9r\u00e9 en matin\u00e9e, avant de se renforcer progressivement dans l\u2019apr\u00e8s-midi. Les zones c\u00f4ti\u00e8res et les reliefs seront les plus expos\u00e9s aux rafales, ce qui pourrait \u00e9galement favoriser la hausse des temp\u00e9ratures ressenties et accro\u00eetre les risques d\u2019incendie dans les zones bois\u00e9es ou agricoles.<\/p>\n\n\n\n<p>Les autorit\u00e9s sanitaires et m\u00e9t\u00e9orologiques appellent la population \u00e0 \u00e9viter les expositions prolong\u00e9es au soleil, surtout entre 11h et 16h, \u00e0 s\u2019hydrater r\u00e9guli\u00e8rement et \u00e0 pr\u00eater attention aux personnes vuln\u00e9rables, notamment les enfants, les personnes \u00e2g\u00e9es et celles souffrant de maladies chroniques.<\/p>\n","protected":false},"excerpt":{"rendered":"<p>Une vague de chaleur intense s\u2019installe sur la Tunisie ce mercredi 25 juin 2025, avec des temp\u00e9ratures maximales qui devraient atteindre jusqu\u2019\u00e0 42 degr\u00e9s dans certaines r\u00e9gions, selon les pr\u00e9visions de l\u2019Institut national de la m\u00e9t\u00e9orologie (INM). Le temps s\u2019annonce peu nuageux sur l\u2019ensemble du pays, mais marqu\u00e9 par un ressenti \u00e9touffant, notamment en raison [&hellip;]<\/p>\n","protected":false},"author":3191,"featured_media":378371,"comment_status":"open","ping_status":"open","sticky":false,"template":"","format":"standard","meta":{"footnotes":""},"categories":[44],"tags":[5930,3319,5433,2670,2672,2608],"class_list":["post-378370","post","type-post","status-publish","format-standard","has-post-thumbnail","hentry","category-national","tag-canicule","tag-chaleur","tag-ete","tag-meteo","tag-temperatures","tag-tunisie"],"yoast_head":"<!-- This site is optimized with the Yoast SEO Premium plugin v27.4 (Yoast SEO v27.5) - https:\/\/yoast.com\/product\/yoast-seo-premium-wordpress\/ -->\n<title>Mercredi caniculaire en Tunisie : Jusqu\u2019\u00e0 42\u00b0C attendus - webdo<\/title>\n<meta name=\"description\" content=\"Pr\u00e9parez-vous \u00e0 une vague de chaleur en Tunisie, avec des temp\u00e9ratures atteignant jusqu&#039;\u00e0 42 \u00b0C dans certaines r\u00e9gions.\" \/>\n<link rel=\"canonical\" href=\"https:\/\/www.webdo.tn\/fr\/actualite\/national\/mercredi-caniculaire-en-tunisie-jusqua-42c-attendus\/378370\/\" \/>\n<meta property=\"og:locale\" content=\"fr_FR\" \/>\n<meta property=\"og:type\" content=\"article\" \/>\n<meta property=\"og:title\" content=\"Mercredi caniculaire en Tunisie : Jusqu\u2019\u00e0 42\u00b0C attendus\" \/>\n<meta property=\"og:description\" content=\"Pr\u00e9parez-vous \u00e0 une vague de chaleur en Tunisie, avec des temp\u00e9ratures atteignant jusqu&#039;\u00e0 42 \u00b0C dans certaines r\u00e9gions.\" \/>\n<meta property=\"og:url\" content=\"https:\/\/www.webdo.tn\/fr\/actualite\/national\/mercredi-caniculaire-en-tunisie-jusqua-42c-attendus\/378370\/\" \/>\n<meta property=\"og:site_name\" content=\"webdo\" \/>\n<meta property=\"article:publisher\" content=\"https:\/\/www.facebook.com\/webdotn\" \/>\n<meta property=\"article:published_time\" content=\"2025-06-25T09:36:58+00:00\" \/>\n<meta property=\"og:image\" content=\"https:\/\/www.webdo.tn\/fr\/wp-content\/uploads\/2025\/06\/Canicule.jpg\" \/>\n\t<meta property=\"og:image:width\" content=\"1800\" \/>\n\t<meta property=\"og:image:height\" content=\"1012\" \/>\n\t<meta property=\"og:image:type\" content=\"image\/jpeg\" \/>\n<meta name=\"author\" content=\"Mohamed Hedi Touati\" \/>\n<meta name=\"twitter:card\" content=\"summary_large_image\" \/>\n<meta name=\"twitter:creator\" content=\"@webdo_tn\" \/>\n<meta name=\"twitter:site\" content=\"@webdo_tn\" \/>\n<meta name=\"twitter:label1\" content=\"\u00c9crit par\" \/>\n\t<meta name=\"twitter:data1\" content=\"Mohamed Hedi Touati\" \/>\n\t<meta name=\"twitter:label2\" content=\"Dur\u00e9e de lecture estim\u00e9e\" \/>\n\t<meta name=\"twitter:data2\" content=\"2 minutes\" \/>\n<script type=\"application\/ld+json\" class=\"yoast-schema-graph\">{\"@context\":\"https:\\\/\\\/schema.org\",\"@graph\":[{\"@type\":\"NewsArticle\",\"@id\":\"https:\\\/\\\/www.webdo.tn\\\/fr\\\/actualite\\\/national\\\/mercredi-caniculaire-en-tunisie-jusqua-42c-attendus\\\/378370\\\/#article\",\"isPartOf\":{\"@id\":\"https:\\\/\\\/www.webdo.tn\\\/fr\\\/actualite\\\/national\\\/mercredi-caniculaire-en-tunisie-jusqua-42c-attendus\\\/378370\\\/\"},\"author\":{\"name\":\"Mohamed Hedi Touati\",\"@id\":\"https:\\\/\\\/www.webdo.tn\\\/fr\\\/#\\\/schema\\\/person\\\/c652cd8fc2b1b44412b5ffb48c5a911d\"},\"headline\":\"Mercredi caniculaire en Tunisie : Jusqu\u2019\u00e0 42\u00b0C attendus\",\"datePublished\":\"2025-06-25T09:36:58+00:00\",\"mainEntityOfPage\":{\"@id\":\"https:\\\/\\\/www.webdo.tn\\\/fr\\\/actualite\\\/national\\\/mercredi-caniculaire-en-tunisie-jusqua-42c-attendus\\\/378370\\\/\"},\"wordCount\":257,\"commentCount\":0,\"publisher\":{\"@id\":\"https:\\\/\\\/www.webdo.tn\\\/fr\\\/#organization\"},\"image\":{\"@id\":\"https:\\\/\\\/www.webdo.tn\\\/fr\\\/actualite\\\/national\\\/mercredi-caniculaire-en-tunisie-jusqua-42c-attendus\\\/378370\\\/#primaryimage\"},\"thumbnailUrl\":\"https:\\\/\\\/www.webdo.tn\\\/fr\\\/wp-content\\\/uploads\\\/2025\\\/06\\\/Canicule.jpg\",\"keywords\":[\"Canicule\",\"chaleur\",\"\u00e9t\u00e9\",\"m\u00e9t\u00e9o\",\"temp\u00e9ratures\",\"Tunisie\"],\"articleSection\":[\"National\"],\"inLanguage\":\"fr-FR\"},{\"@type\":\"WebPage\",\"@id\":\"https:\\\/\\\/www.webdo.tn\\\/fr\\\/actualite\\\/national\\\/mercredi-caniculaire-en-tunisie-jusqua-42c-attendus\\\/378370\\\/\",\"url\":\"https:\\\/\\\/www.webdo.tn\\\/fr\\\/actualite\\\/national\\\/mercredi-caniculaire-en-tunisie-jusqua-42c-attendus\\\/378370\\\/\",\"name\":\"Mercredi caniculaire en Tunisie : Jusqu\u2019\u00e0 42\u00b0C attendus - webdo\",\"isPartOf\":{\"@id\":\"https:\\\/\\\/www.webdo.tn\\\/fr\\\/#website\"},\"primaryImageOfPage\":{\"@id\":\"https:\\\/\\\/www.webdo.tn\\\/fr\\\/actualite\\\/national\\\/mercredi-caniculaire-en-tunisie-jusqua-42c-attendus\\\/378370\\\/#primaryimage\"},\"image\":{\"@id\":\"https:\\\/\\\/www.webdo.tn\\\/fr\\\/actualite\\\/national\\\/mercredi-caniculaire-en-tunisie-jusqua-42c-attendus\\\/378370\\\/#primaryimage\"},\"thumbnailUrl\":\"https:\\\/\\\/www.webdo.tn\\\/fr\\\/wp-content\\\/uploads\\\/2025\\\/06\\\/Canicule.jpg\",\"datePublished\":\"2025-06-25T09:36:58+00:00\",\"description\":\"Pr\u00e9parez-vous \u00e0 une vague de chaleur en Tunisie, avec des temp\u00e9ratures atteignant jusqu'\u00e0 42 \u00b0C dans certaines r\u00e9gions.\",\"breadcrumb\":{\"@id\":\"https:\\\/\\\/www.webdo.tn\\\/fr\\\/actualite\\\/national\\\/mercredi-caniculaire-en-tunisie-jusqua-42c-attendus\\\/378370\\\/#breadcrumb\"},\"inLanguage\":\"fr-FR\",\"potentialAction\":[{\"@type\":\"ReadAction\",\"target\":[\"https:\\\/\\\/www.webdo.tn\\\/fr\\\/actualite\\\/national\\\/mercredi-caniculaire-en-tunisie-jusqua-42c-attendus\\\/378370\\\/\"]}]},{\"@type\":\"ImageObject\",\"inLanguage\":\"fr-FR\",\"@id\":\"https:\\\/\\\/www.webdo.tn\\\/fr\\\/actualite\\\/national\\\/mercredi-caniculaire-en-tunisie-jusqua-42c-attendus\\\/378370\\\/#primaryimage\",\"url\":\"https:\\\/\\\/www.webdo.tn\\\/fr\\\/wp-content\\\/uploads\\\/2025\\\/06\\\/Canicule.jpg\",\"contentUrl\":\"https:\\\/\\\/www.webdo.tn\\\/fr\\\/wp-content\\\/uploads\\\/2025\\\/06\\\/Canicule.jpg\",\"width\":1800,\"height\":1012,\"caption\":\"Mercredi caniculaire en Tunisie\"},{\"@type\":\"BreadcrumbList\",\"@id\":\"https:\\\/\\\/www.webdo.tn\\\/fr\\\/actualite\\\/national\\\/mercredi-caniculaire-en-tunisie-jusqua-42c-attendus\\\/378370\\\/#breadcrumb\",\"itemListElement\":[{\"@type\":\"ListItem\",\"position\":1,\"name\":\"Accueil\",\"item\":\"https:\\\/\\\/www.webdo.tn\\\/fr\\\/\"},{\"@type\":\"ListItem\",\"position\":2,\"name\":\"Mercredi caniculaire en Tunisie : Jusqu\u2019\u00e0 42\u00b0C attendus\"}]},{\"@type\":\"WebSite\",\"@id\":\"https:\\\/\\\/www.webdo.tn\\\/fr\\\/#website\",\"url\":\"https:\\\/\\\/www.webdo.tn\\\/fr\\\/\",\"name\":\"webdo\",\"description\":\"Tunisie - News en Tunisie et \u00e0 l&#039;international sur Webdo.tn\",\"publisher\":{\"@id\":\"https:\\\/\\\/www.webdo.tn\\\/fr\\\/#organization\"},\"potentialAction\":[{\"@type\":\"SearchAction\",\"target\":{\"@type\":\"EntryPoint\",\"urlTemplate\":\"https:\\\/\\\/www.webdo.tn\\\/fr\\\/?s={search_term_string}\"},\"query-input\":{\"@type\":\"PropertyValueSpecification\",\"valueRequired\":true,\"valueName\":\"search_term_string\"}}],\"inLanguage\":\"fr-FR\"},{\"@type\":\"Organization\",\"@id\":\"https:\\\/\\\/www.webdo.tn\\\/fr\\\/#organization\",\"name\":\"Webdo\",\"alternateName\":\"Webdo.tn\",\"url\":\"https:\\\/\\\/www.webdo.tn\\\/fr\\\/\",\"logo\":{\"@type\":\"ImageObject\",\"inLanguage\":\"fr-FR\",\"@id\":\"https:\\\/\\\/www.webdo.tn\\\/fr\\\/#\\\/schema\\\/logo\\\/image\\\/\",\"url\":\"https:\\\/\\\/www.webdo.tn\\\/fr\\\/wp-content\\\/uploads\\\/2025\\\/06\\\/Webdo-Tunisie_168377.jpg\",\"contentUrl\":\"https:\\\/\\\/www.webdo.tn\\\/fr\\\/wp-content\\\/uploads\\\/2025\\\/06\\\/Webdo-Tunisie_168377.jpg\",\"width\":301,\"height\":301,\"caption\":\"Webdo\"},\"image\":{\"@id\":\"https:\\\/\\\/www.webdo.tn\\\/fr\\\/#\\\/schema\\\/logo\\\/image\\\/\"},\"sameAs\":[\"https:\\\/\\\/www.facebook.com\\\/webdotn\",\"https:\\\/\\\/x.com\\\/webdo_tn\"],\"description\":\"Webdo est un m\u00e9dia num\u00e9rique tunisien fond\u00e9 en 2010, sp\u00e9cialis\u00e9 dans l\u2019actualit\u00e9 nationale et internationale, l\u2019\u00e9conomie, la soci\u00e9t\u00e9 et les analyses politiques. Le site s\u2019adresse \u00e0 un large public francophone et couvre l\u2019information tunisienne en temps r\u00e9el.\",\"email\":\"redac@webdo.tn\",\"legalName\":\"YNJ SARL\",\"foundingDate\":\"2010-09-06\",\"numberOfEmployees\":{\"@type\":\"QuantitativeValue\",\"minValue\":\"11\",\"maxValue\":\"50\"}},{\"@type\":\"Person\",\"@id\":\"https:\\\/\\\/www.webdo.tn\\\/fr\\\/#\\\/schema\\\/person\\\/c652cd8fc2b1b44412b5ffb48c5a911d\",\"name\":\"Mohamed Hedi Touati\",\"image\":{\"@type\":\"ImageObject\",\"inLanguage\":\"fr-FR\",\"@id\":\"https:\\\/\\\/secure.gravatar.com\\\/avatar\\\/9cfd402c745b7a685f13eed0ea6e59d2144a3c2fc50a3db6fd5ed451f6cddf1a?s=96&d=mm&r=g\",\"url\":\"https:\\\/\\\/secure.gravatar.com\\\/avatar\\\/9cfd402c745b7a685f13eed0ea6e59d2144a3c2fc50a3db6fd5ed451f6cddf1a?s=96&d=mm&r=g\",\"contentUrl\":\"https:\\\/\\\/secure.gravatar.com\\\/avatar\\\/9cfd402c745b7a685f13eed0ea6e59d2144a3c2fc50a3db6fd5ed451f6cddf1a?s=96&d=mm&r=g\",\"caption\":\"Mohamed Hedi Touati\"},\"url\":\"https:\\\/\\\/www.webdo.tn\\\/fr\\\/actualite\\\/author\\\/mohamed-hedi-touati\\\/\"}]}<\/script>\n<!-- \/ Yoast SEO Premium plugin. -->","yoast_head_json":{"title":"Mercredi caniculaire en Tunisie : Jusqu\u2019\u00e0 42\u00b0C attendus - webdo","description":"Pr\u00e9parez-vous \u00e0 une vague de chaleur en Tunisie, avec des temp\u00e9ratures atteignant jusqu'\u00e0 42 \u00b0C dans certaines r\u00e9gions.","canonical":"https:\/\/www.webdo.tn\/fr\/actualite\/national\/mercredi-caniculaire-en-tunisie-jusqua-42c-attendus\/378370\/","og_locale":"fr_FR","og_type":"article","og_title":"Mercredi caniculaire en Tunisie : Jusqu\u2019\u00e0 42\u00b0C attendus","og_description":"Pr\u00e9parez-vous \u00e0 une vague de chaleur en Tunisie, avec des temp\u00e9ratures atteignant jusqu'\u00e0 42 \u00b0C dans certaines r\u00e9gions.","og_url":"https:\/\/www.webdo.tn\/fr\/actualite\/national\/mercredi-caniculaire-en-tunisie-jusqua-42c-attendus\/378370\/","og_site_name":"webdo","article_publisher":"https:\/\/www.facebook.com\/webdotn","article_published_time":"2025-06-25T09:36:58+00:00","og_image":[{"width":1800,"height":1012,"url":"https:\/\/www.webdo.tn\/fr\/wp-content\/uploads\/2025\/06\/Canicule.jpg","type":"image\/jpeg"}],"author":"Mohamed Hedi Touati","twitter_card":"summary_large_image","twitter_creator":"@webdo_tn","twitter_site":"@webdo_tn","twitter_misc":{"\u00c9crit par":"Mohamed Hedi Touati","Dur\u00e9e de lecture estim\u00e9e":"2 minutes"},"schema":{"@context":"https:\/\/schema.org","@graph":[{"@type":"NewsArticle","@id":"https:\/\/www.webdo.tn\/fr\/actualite\/national\/mercredi-caniculaire-en-tunisie-jusqua-42c-attendus\/378370\/#article","isPartOf":{"@id":"https:\/\/www.webdo.tn\/fr\/actualite\/national\/mercredi-caniculaire-en-tunisie-jusqua-42c-attendus\/378370\/"},"author":{"name":"Mohamed Hedi Touati","@id":"https:\/\/www.webdo.tn\/fr\/#\/schema\/person\/c652cd8fc2b1b44412b5ffb48c5a911d"},"headline":"Mercredi caniculaire en Tunisie : Jusqu\u2019\u00e0 42\u00b0C attendus","datePublished":"2025-06-25T09:36:58+00:00","mainEntityOfPage":{"@id":"https:\/\/www.webdo.tn\/fr\/actualite\/national\/mercredi-caniculaire-en-tunisie-jusqua-42c-attendus\/378370\/"},"wordCount":257,"commentCount":0,"publisher":{"@id":"https:\/\/www.webdo.tn\/fr\/#organization"},"image":{"@id":"https:\/\/www.webdo.tn\/fr\/actualite\/national\/mercredi-caniculaire-en-tunisie-jusqua-42c-attendus\/378370\/#primaryimage"},"thumbnailUrl":"https:\/\/www.webdo.tn\/fr\/wp-content\/uploads\/2025\/06\/Canicule.jpg","keywords":["Canicule","chaleur","\u00e9t\u00e9","m\u00e9t\u00e9o","temp\u00e9ratures","Tunisie"],"articleSection":["National"],"inLanguage":"fr-FR"},{"@type":"WebPage","@id":"https:\/\/www.webdo.tn\/fr\/actualite\/national\/mercredi-caniculaire-en-tunisie-jusqua-42c-attendus\/378370\/","url":"https:\/\/www.webdo.tn\/fr\/actualite\/national\/mercredi-caniculaire-en-tunisie-jusqua-42c-attendus\/378370\/","name":"Mercredi caniculaire en Tunisie : Jusqu\u2019\u00e0 42\u00b0C attendus - webdo","isPartOf":{"@id":"https:\/\/www.webdo.tn\/fr\/#website"},"primaryImageOfPage":{"@id":"https:\/\/www.webdo.tn\/fr\/actualite\/national\/mercredi-caniculaire-en-tunisie-jusqua-42c-attendus\/378370\/#primaryimage"},"image":{"@id":"https:\/\/www.webdo.tn\/fr\/actualite\/national\/mercredi-caniculaire-en-tunisie-jusqua-42c-attendus\/378370\/#primaryimage"},"thumbnailUrl":"https:\/\/www.webdo.tn\/fr\/wp-content\/uploads\/2025\/06\/Canicule.jpg","datePublished":"2025-06-25T09:36:58+00:00","description":"Pr\u00e9parez-vous \u00e0 une vague de chaleur en Tunisie, avec des temp\u00e9ratures atteignant jusqu'\u00e0 42 \u00b0C dans certaines r\u00e9gions.","breadcrumb":{"@id":"https:\/\/www.webdo.tn\/fr\/actualite\/national\/mercredi-caniculaire-en-tunisie-jusqua-42c-attendus\/378370\/#breadcrumb"},"inLanguage":"fr-FR","potentialAction":[{"@type":"ReadAction","target":["https:\/\/www.webdo.tn\/fr\/actualite\/national\/mercredi-caniculaire-en-tunisie-jusqua-42c-attendus\/378370\/"]}]},{"@type":"ImageObject","inLanguage":"fr-FR","@id":"https:\/\/www.webdo.tn\/fr\/actualite\/national\/mercredi-caniculaire-en-tunisie-jusqua-42c-attendus\/378370\/#primaryimage","url":"https:\/\/www.webdo.tn\/fr\/wp-content\/uploads\/2025\/06\/Canicule.jpg","contentUrl":"https:\/\/www.webdo.tn\/fr\/wp-content\/uploads\/2025\/06\/Canicule.jpg","width":1800,"height":1012,"caption":"Mercredi caniculaire en Tunisie"},{"@type":"BreadcrumbList","@id":"https:\/\/www.webdo.tn\/fr\/actualite\/national\/mercredi-caniculaire-en-tunisie-jusqua-42c-attendus\/378370\/#breadcrumb","itemListElement":[{"@type":"ListItem","position":1,"name":"Accueil","item":"https:\/\/www.webdo.tn\/fr\/"},{"@type":"ListItem","position":2,"name":"Mercredi caniculaire en Tunisie : Jusqu\u2019\u00e0 42\u00b0C attendus"}]},{"@type":"WebSite","@id":"https:\/\/www.webdo.tn\/fr\/#website","url":"https:\/\/www.webdo.tn\/fr\/","name":"webdo","description":"Tunisie - News en Tunisie et \u00e0 l&#039;international sur Webdo.tn","publisher":{"@id":"https:\/\/www.webdo.tn\/fr\/#organization"},"potentialAction":[{"@type":"SearchAction","target":{"@type":"EntryPoint","urlTemplate":"https:\/\/www.webdo.tn\/fr\/?s={search_term_string}"},"query-input":{"@type":"PropertyValueSpecification","valueRequired":true,"valueName":"search_term_string"}}],"inLanguage":"fr-FR"},{"@type":"Organization","@id":"https:\/\/www.webdo.tn\/fr\/#organization","name":"Webdo","alternateName":"Webdo.tn","url":"https:\/\/www.webdo.tn\/fr\/","logo":{"@type":"ImageObject","inLanguage":"fr-FR","@id":"https:\/\/www.webdo.tn\/fr\/#\/schema\/logo\/image\/","url":"https:\/\/www.webdo.tn\/fr\/wp-content\/uploads\/2025\/06\/Webdo-Tunisie_168377.jpg","contentUrl":"https:\/\/www.webdo.tn\/fr\/wp-content\/uploads\/2025\/06\/Webdo-Tunisie_168377.jpg","width":301,"height":301,"caption":"Webdo"},"image":{"@id":"https:\/\/www.webdo.tn\/fr\/#\/schema\/logo\/image\/"},"sameAs":["https:\/\/www.facebook.com\/webdotn","https:\/\/x.com\/webdo_tn"],"description":"Webdo est un m\u00e9dia num\u00e9rique tunisien fond\u00e9 en 2010, sp\u00e9cialis\u00e9 dans l\u2019actualit\u00e9 nationale et internationale, l\u2019\u00e9conomie, la soci\u00e9t\u00e9 et les analyses politiques. Le site s\u2019adresse \u00e0 un large public francophone et couvre l\u2019information tunisienne en temps r\u00e9el.","email":"redac@webdo.tn","legalName":"YNJ SARL","foundingDate":"2010-09-06","numberOfEmployees":{"@type":"QuantitativeValue","minValue":"11","maxValue":"50"}},{"@type":"Person","@id":"https:\/\/www.webdo.tn\/fr\/#\/schema\/person\/c652cd8fc2b1b44412b5ffb48c5a911d","name":"Mohamed Hedi Touati","image":{"@type":"ImageObject","inLanguage":"fr-FR","@id":"https:\/\/secure.gravatar.com\/avatar\/9cfd402c745b7a685f13eed0ea6e59d2144a3c2fc50a3db6fd5ed451f6cddf1a?s=96&d=mm&r=g","url":"https:\/\/secure.gravatar.com\/avatar\/9cfd402c745b7a685f13eed0ea6e59d2144a3c2fc50a3db6fd5ed451f6cddf1a?s=96&d=mm&r=g","contentUrl":"https:\/\/secure.gravatar.com\/avatar\/9cfd402c745b7a685f13eed0ea6e59d2144a3c2fc50a3db6fd5ed451f6cddf1a?s=96&d=mm&r=g","caption":"Mohamed Hedi Touati"},"url":"https:\/\/www.webdo.tn\/fr\/actualite\/author\/mohamed-hedi-touati\/"}]}},"_links":{"self":[{"href":"https:\/\/www.webdo.tn\/fr\/wp-json\/wp\/v2\/posts\/378370","targetHints":{"allow":["GET"]}}],"collection":[{"href":"https:\/\/www.webdo.tn\/fr\/wp-json\/wp\/v2\/posts"}],"about":[{"href":"https:\/\/www.webdo.tn\/fr\/wp-json\/wp\/v2\/types\/post"}],"author":[{"embeddable":true,"href":"https:\/\/www.webdo.tn\/fr\/wp-json\/wp\/v2\/users\/3191"}],"replies":[{"embeddable":true,"href":"https:\/\/www.webdo.tn\/fr\/wp-json\/wp\/v2\/comments?post=378370"}],"version-history":[{"count":0,"href":"https:\/\/www.webdo.tn\/fr\/wp-json\/wp\/v2\/posts\/378370\/revisions"}],"wp:featuredmedia":[{"embeddable":true,"href":"https:\/\/www.webdo.tn\/fr\/wp-json\/wp\/v2\/media\/378371"}],"wp:attachment":[{"href":"https:\/\/www.webdo.tn\/fr\/wp-json\/wp\/v2\/media?parent=378370"}],"wp:term":[{"taxonomy":"category","embeddable":true,"href":"https:\/\/www.webdo.tn\/fr\/wp-json\/wp\/v2\/categories?post=378370"},{"taxonomy":"post_tag","embeddable":true,"href":"https:\/\/www.webdo.tn\/fr\/wp-json\/wp\/v2\/tags?post=378370"}],"curies":[{"name":"wp","href":"https:\/\/api.w.org\/{rel}","templated":true}]}}