{"id":378353,"date":"2025-06-25T09:46:38","date_gmt":"2025-06-25T08:46:38","guid":{"rendered":"https:\/\/www.webdo.tn\/fr\/?p=378353"},"modified":"2025-06-25T14:32:48","modified_gmt":"2025-06-25T13:32:48","slug":"tunisie-cap-sur-laeronautique-pour-devenir-un-hub-industriel-regional","status":"publish","type":"post","link":"https:\/\/www.webdo.tn\/fr\/actualite\/national\/tunisie-cap-sur-laeronautique-pour-devenir-un-hub-industriel-regional\/378353\/","title":{"rendered":"Tunisie : Cap sur l\u2019a\u00e9ronautique pour devenir un hub industriel r\u00e9gional"},"content":{"rendered":"\n<p>La Tunisie renforce son ambition industrielle. \u00c0 l\u2019occasion de la deuxi\u00e8me \u00e9dition des rencontres sectorielles du CETIME, organis\u00e9e mardi 24 juin 2025 \u00e0 Sousse, la cheffe de cabinet du minist\u00e8re de l\u2019Industrie, Afef Chachi, a annonc\u00e9 le lancement de l\u2019\u00e9laboration d\u2019un <em>pacte de comp\u00e9titivit\u00e9 pour l\u2019industrie des composants a\u00e9ronautiques<\/em>. Un cadre strat\u00e9gique calqu\u00e9 sur celui d\u00e9j\u00e0 mis en \u0153uvre pour le secteur automobile.<\/p>\n\n\n\n<p>Objectif affich\u00e9 : structurer une vision int\u00e9gr\u00e9e pour ces deux fili\u00e8res \u00e0 fort potentiel, inscrites comme prioritaires dans la strat\u00e9gie nationale de l\u2019industrie et de l\u2019innovation. Le minist\u00e8re veut acc\u00e9l\u00e9rer la transition vers une industrie intelligente fond\u00e9e sur la recherche, le d\u00e9veloppement et les technologies avanc\u00e9es.<\/p>\n\n\n\n<p>Le secteur des industries m\u00e9caniques et \u00e9lectriques, pilier de l\u2019\u00e9conomie industrielle tunisienne, repr\u00e9sente \u00e0 lui seul <strong>46 % des exportations nationales<\/strong>. Dans ce panorama, l\u2019a\u00e9ronautique occupe une place croissante, avec <strong>pr\u00e8s de 80 entreprises<\/strong> et plus de <strong>7 000 emplois<\/strong> cr\u00e9\u00e9s. Ce segment a vu son chiffre d\u2019affaires multipli\u00e9 par <strong>15 en dix ans<\/strong>, selon les donn\u00e9es officielles.<\/p>\n\n\n\n<p>L\u2019industrie des composants automobiles n\u2019est pas en reste. Forte de <strong>plus de 280 entreprises<\/strong>, dont <strong>140 enti\u00e8rement exportatrices<\/strong>, elle a g\u00e9n\u00e9r\u00e9 <strong>3,1 milliards d\u2019euros d\u2019exportations en 2024<\/strong>, soit une hausse de <strong>16 %<\/strong> par rapport \u00e0 2023.<\/p>\n\n\n\n<p>Afef Chachi a appel\u00e9 \u00e0 renforcer les synergies entre PME, grandes entreprises, centres de recherche et institutions publiques. Le but : cr\u00e9er une nouvelle dynamique industrielle, mieux align\u00e9e avec les mutations technologiques mondiales.<\/p>\n\n\n\n<p>Lors de cette rencontre, organis\u00e9e \u00e0 Novation City \u00e0 Sousse, plusieurs ateliers ont permis d\u2019identifier les besoins du secteur, d\u2019imaginer des projets communs et de renforcer les passerelles entre industrie, innovation et formation.<\/p>\n\n\n\n<p>Le CETIME, fond\u00e9 en 1982, joue un r\u00f4le central dans cette strat\u00e9gie. Dot\u00e9 de 15 laboratoires techniques, dont 13 accr\u00e9dit\u00e9s ISO 17025, il s\u2019affirme comme un levier pour l\u2019industrialisation intelligente et la mont\u00e9e en gamme des comp\u00e9tences tunisiennes.<\/p>\n","protected":false},"excerpt":{"rendered":"<p>La Tunisie renforce son ambition industrielle. \u00c0 l\u2019occasion de la deuxi\u00e8me \u00e9dition des rencontres sectorielles du CETIME, organis\u00e9e mardi 24 juin 2025 \u00e0 Sousse, la cheffe de cabinet du minist\u00e8re de l\u2019Industrie, Afef Chachi, a annonc\u00e9 le lancement de l\u2019\u00e9laboration d\u2019un pacte de comp\u00e9titivit\u00e9 pour l\u2019industrie des composants a\u00e9ronautiques. Un cadre strat\u00e9gique calqu\u00e9 sur celui [&hellip;]<\/p>\n","protected":false},"author":4779,"featured_media":378358,"comment_status":"open","ping_status":"open","sticky":false,"template":"","format":"standard","meta":{"footnotes":""},"categories":[11334,44],"tags":[2841,12034,2608],"class_list":["post-378353","post","type-post","status-publish","format-standard","has-post-thumbnail","hentry","category-economie","category-national","tag-automobile","tag-cetime","tag-tunisie"],"yoast_head":"<!-- This site is optimized with the Yoast SEO Premium plugin v27.4 (Yoast SEO v27.5) - https:\/\/yoast.com\/product\/yoast-seo-premium-wordpress\/ -->\n<title>Tunisie : Cap sur l\u2019a\u00e9ronautique pour devenir un hub industriel r\u00e9gional - webdo<\/title>\n<meta name=\"description\" content=\"Explorez comment la Tunisie vise \u00e0 devenir un hub a\u00e9ronautique en lan\u00e7ant un pacte de comp\u00e9titivit\u00e9 pour l\u2019industrie.\" \/>\n<link rel=\"canonical\" href=\"https:\/\/www.webdo.tn\/fr\/actualite\/national\/tunisie-cap-sur-laeronautique-pour-devenir-un-hub-industriel-regional\/378353\/\" \/>\n<meta property=\"og:locale\" content=\"fr_FR\" \/>\n<meta property=\"og:type\" content=\"article\" \/>\n<meta property=\"og:title\" content=\"Tunisie : Cap sur l\u2019a\u00e9ronautique pour devenir un hub industriel r\u00e9gional\" \/>\n<meta property=\"og:description\" content=\"Explorez comment la Tunisie vise \u00e0 devenir un hub a\u00e9ronautique en lan\u00e7ant un pacte de comp\u00e9titivit\u00e9 pour l\u2019industrie.\" \/>\n<meta property=\"og:url\" content=\"https:\/\/www.webdo.tn\/fr\/actualite\/national\/tunisie-cap-sur-laeronautique-pour-devenir-un-hub-industriel-regional\/378353\/\" \/>\n<meta property=\"og:site_name\" content=\"webdo\" \/>\n<meta property=\"article:publisher\" content=\"https:\/\/www.facebook.com\/webdotn\" \/>\n<meta property=\"article:published_time\" content=\"2025-06-25T08:46:38+00:00\" \/>\n<meta property=\"article:modified_time\" content=\"2025-06-25T13:32:48+00:00\" \/>\n<meta property=\"og:image\" content=\"https:\/\/www.webdo.tn\/fr\/wp-content\/uploads\/2025\/06\/Afef-Chachi-Cetime.jpg\" \/>\n\t<meta property=\"og:image:width\" content=\"1280\" \/>\n\t<meta property=\"og:image:height\" content=\"853\" \/>\n\t<meta property=\"og:image:type\" content=\"image\/jpeg\" \/>\n<meta name=\"author\" content=\"Firas Ben Abdeltif\" \/>\n<meta name=\"twitter:card\" content=\"summary_large_image\" \/>\n<meta name=\"twitter:creator\" content=\"@webdo_tn\" \/>\n<meta name=\"twitter:site\" content=\"@webdo_tn\" \/>\n<meta name=\"twitter:label1\" content=\"\u00c9crit par\" \/>\n\t<meta name=\"twitter:data1\" content=\"Firas Ben Abdeltif\" \/>\n\t<meta name=\"twitter:label2\" content=\"Dur\u00e9e de lecture estim\u00e9e\" \/>\n\t<meta name=\"twitter:data2\" content=\"2 minutes\" \/>\n<script type=\"application\/ld+json\" class=\"yoast-schema-graph\">{\"@context\":\"https:\\\/\\\/schema.org\",\"@graph\":[{\"@type\":\"NewsArticle\",\"@id\":\"https:\\\/\\\/www.webdo.tn\\\/fr\\\/actualite\\\/national\\\/tunisie-cap-sur-laeronautique-pour-devenir-un-hub-industriel-regional\\\/378353\\\/#article\",\"isPartOf\":{\"@id\":\"https:\\\/\\\/www.webdo.tn\\\/fr\\\/actualite\\\/national\\\/tunisie-cap-sur-laeronautique-pour-devenir-un-hub-industriel-regional\\\/378353\\\/\"},\"author\":{\"name\":\"Firas Ben Abdeltif\",\"@id\":\"https:\\\/\\\/www.webdo.tn\\\/fr\\\/#\\\/schema\\\/person\\\/19664196c9bfdcda126f3c27709f7d11\"},\"headline\":\"Tunisie : Cap sur l\u2019a\u00e9ronautique pour devenir un hub industriel r\u00e9gional\",\"datePublished\":\"2025-06-25T08:46:38+00:00\",\"dateModified\":\"2025-06-25T13:32:48+00:00\",\"mainEntityOfPage\":{\"@id\":\"https:\\\/\\\/www.webdo.tn\\\/fr\\\/actualite\\\/national\\\/tunisie-cap-sur-laeronautique-pour-devenir-un-hub-industriel-regional\\\/378353\\\/\"},\"wordCount\":345,\"commentCount\":0,\"publisher\":{\"@id\":\"https:\\\/\\\/www.webdo.tn\\\/fr\\\/#organization\"},\"image\":{\"@id\":\"https:\\\/\\\/www.webdo.tn\\\/fr\\\/actualite\\\/national\\\/tunisie-cap-sur-laeronautique-pour-devenir-un-hub-industriel-regional\\\/378353\\\/#primaryimage\"},\"thumbnailUrl\":\"https:\\\/\\\/www.webdo.tn\\\/fr\\\/wp-content\\\/uploads\\\/2025\\\/06\\\/Afef-Chachi-Cetime.jpg\",\"keywords\":[\"Automobile\",\"Cetime\",\"Tunisie\"],\"articleSection\":[\"Economie\",\"National\"],\"inLanguage\":\"fr-FR\"},{\"@type\":\"WebPage\",\"@id\":\"https:\\\/\\\/www.webdo.tn\\\/fr\\\/actualite\\\/national\\\/tunisie-cap-sur-laeronautique-pour-devenir-un-hub-industriel-regional\\\/378353\\\/\",\"url\":\"https:\\\/\\\/www.webdo.tn\\\/fr\\\/actualite\\\/national\\\/tunisie-cap-sur-laeronautique-pour-devenir-un-hub-industriel-regional\\\/378353\\\/\",\"name\":\"Tunisie : Cap sur l\u2019a\u00e9ronautique pour devenir un hub industriel r\u00e9gional - webdo\",\"isPartOf\":{\"@id\":\"https:\\\/\\\/www.webdo.tn\\\/fr\\\/#website\"},\"primaryImageOfPage\":{\"@id\":\"https:\\\/\\\/www.webdo.tn\\\/fr\\\/actualite\\\/national\\\/tunisie-cap-sur-laeronautique-pour-devenir-un-hub-industriel-regional\\\/378353\\\/#primaryimage\"},\"image\":{\"@id\":\"https:\\\/\\\/www.webdo.tn\\\/fr\\\/actualite\\\/national\\\/tunisie-cap-sur-laeronautique-pour-devenir-un-hub-industriel-regional\\\/378353\\\/#primaryimage\"},\"thumbnailUrl\":\"https:\\\/\\\/www.webdo.tn\\\/fr\\\/wp-content\\\/uploads\\\/2025\\\/06\\\/Afef-Chachi-Cetime.jpg\",\"datePublished\":\"2025-06-25T08:46:38+00:00\",\"dateModified\":\"2025-06-25T13:32:48+00:00\",\"description\":\"Explorez comment la Tunisie vise \u00e0 devenir un hub a\u00e9ronautique en lan\u00e7ant un pacte de comp\u00e9titivit\u00e9 pour l\u2019industrie.\",\"breadcrumb\":{\"@id\":\"https:\\\/\\\/www.webdo.tn\\\/fr\\\/actualite\\\/national\\\/tunisie-cap-sur-laeronautique-pour-devenir-un-hub-industriel-regional\\\/378353\\\/#breadcrumb\"},\"inLanguage\":\"fr-FR\",\"potentialAction\":[{\"@type\":\"ReadAction\",\"target\":[\"https:\\\/\\\/www.webdo.tn\\\/fr\\\/actualite\\\/national\\\/tunisie-cap-sur-laeronautique-pour-devenir-un-hub-industriel-regional\\\/378353\\\/\"]}]},{\"@type\":\"ImageObject\",\"inLanguage\":\"fr-FR\",\"@id\":\"https:\\\/\\\/www.webdo.tn\\\/fr\\\/actualite\\\/national\\\/tunisie-cap-sur-laeronautique-pour-devenir-un-hub-industriel-regional\\\/378353\\\/#primaryimage\",\"url\":\"https:\\\/\\\/www.webdo.tn\\\/fr\\\/wp-content\\\/uploads\\\/2025\\\/06\\\/Afef-Chachi-Cetime.jpg\",\"contentUrl\":\"https:\\\/\\\/www.webdo.tn\\\/fr\\\/wp-content\\\/uploads\\\/2025\\\/06\\\/Afef-Chachi-Cetime.jpg\",\"width\":1280,\"height\":853,\"caption\":\"Afef Chachi assiste \u00e0 une d\u00e9monstration robotique au CETIME, lors des rencontres sectorielles \u00e0 Sousse\"},{\"@type\":\"BreadcrumbList\",\"@id\":\"https:\\\/\\\/www.webdo.tn\\\/fr\\\/actualite\\\/national\\\/tunisie-cap-sur-laeronautique-pour-devenir-un-hub-industriel-regional\\\/378353\\\/#breadcrumb\",\"itemListElement\":[{\"@type\":\"ListItem\",\"position\":1,\"name\":\"Accueil\",\"item\":\"https:\\\/\\\/www.webdo.tn\\\/fr\\\/\"},{\"@type\":\"ListItem\",\"position\":2,\"name\":\"Tunisie : Cap sur l\u2019a\u00e9ronautique pour devenir un hub industriel r\u00e9gional\"}]},{\"@type\":\"WebSite\",\"@id\":\"https:\\\/\\\/www.webdo.tn\\\/fr\\\/#website\",\"url\":\"https:\\\/\\\/www.webdo.tn\\\/fr\\\/\",\"name\":\"webdo\",\"description\":\"Tunisie - News en Tunisie et \u00e0 l&#039;international sur Webdo.tn\",\"publisher\":{\"@id\":\"https:\\\/\\\/www.webdo.tn\\\/fr\\\/#organization\"},\"potentialAction\":[{\"@type\":\"SearchAction\",\"target\":{\"@type\":\"EntryPoint\",\"urlTemplate\":\"https:\\\/\\\/www.webdo.tn\\\/fr\\\/?s={search_term_string}\"},\"query-input\":{\"@type\":\"PropertyValueSpecification\",\"valueRequired\":true,\"valueName\":\"search_term_string\"}}],\"inLanguage\":\"fr-FR\"},{\"@type\":\"Organization\",\"@id\":\"https:\\\/\\\/www.webdo.tn\\\/fr\\\/#organization\",\"name\":\"Webdo\",\"alternateName\":\"Webdo.tn\",\"url\":\"https:\\\/\\\/www.webdo.tn\\\/fr\\\/\",\"logo\":{\"@type\":\"ImageObject\",\"inLanguage\":\"fr-FR\",\"@id\":\"https:\\\/\\\/www.webdo.tn\\\/fr\\\/#\\\/schema\\\/logo\\\/image\\\/\",\"url\":\"https:\\\/\\\/www.webdo.tn\\\/fr\\\/wp-content\\\/uploads\\\/2025\\\/06\\\/Webdo-Tunisie_168377.jpg\",\"contentUrl\":\"https:\\\/\\\/www.webdo.tn\\\/fr\\\/wp-content\\\/uploads\\\/2025\\\/06\\\/Webdo-Tunisie_168377.jpg\",\"width\":301,\"height\":301,\"caption\":\"Webdo\"},\"image\":{\"@id\":\"https:\\\/\\\/www.webdo.tn\\\/fr\\\/#\\\/schema\\\/logo\\\/image\\\/\"},\"sameAs\":[\"https:\\\/\\\/www.facebook.com\\\/webdotn\",\"https:\\\/\\\/x.com\\\/webdo_tn\"],\"description\":\"Webdo est un m\u00e9dia num\u00e9rique tunisien fond\u00e9 en 2010, sp\u00e9cialis\u00e9 dans l\u2019actualit\u00e9 nationale et internationale, l\u2019\u00e9conomie, la soci\u00e9t\u00e9 et les analyses politiques. Le site s\u2019adresse \u00e0 un large public francophone et couvre l\u2019information tunisienne en temps r\u00e9el.\",\"email\":\"redac@webdo.tn\",\"legalName\":\"YNJ SARL\",\"foundingDate\":\"2010-09-06\",\"numberOfEmployees\":{\"@type\":\"QuantitativeValue\",\"minValue\":\"11\",\"maxValue\":\"50\"}},{\"@type\":\"Person\",\"@id\":\"https:\\\/\\\/www.webdo.tn\\\/fr\\\/#\\\/schema\\\/person\\\/19664196c9bfdcda126f3c27709f7d11\",\"name\":\"Firas Ben Abdeltif\",\"image\":{\"@type\":\"ImageObject\",\"inLanguage\":\"fr-FR\",\"@id\":\"https:\\\/\\\/secure.gravatar.com\\\/avatar\\\/161a347d40df098a084778c52ed133dbd85f14df003867067c5948081241ec55?s=96&d=mm&r=g\",\"url\":\"https:\\\/\\\/secure.gravatar.com\\\/avatar\\\/161a347d40df098a084778c52ed133dbd85f14df003867067c5948081241ec55?s=96&d=mm&r=g\",\"contentUrl\":\"https:\\\/\\\/secure.gravatar.com\\\/avatar\\\/161a347d40df098a084778c52ed133dbd85f14df003867067c5948081241ec55?s=96&d=mm&r=g\",\"caption\":\"Firas Ben Abdeltif\"},\"url\":\"https:\\\/\\\/www.webdo.tn\\\/fr\\\/actualite\\\/author\\\/firas-ben-abdeltif\\\/\"}]}<\/script>\n<!-- \/ Yoast SEO Premium plugin. -->","yoast_head_json":{"title":"Tunisie : Cap sur l\u2019a\u00e9ronautique pour devenir un hub industriel r\u00e9gional - webdo","description":"Explorez comment la Tunisie vise \u00e0 devenir un hub a\u00e9ronautique en lan\u00e7ant un pacte de comp\u00e9titivit\u00e9 pour l\u2019industrie.","canonical":"https:\/\/www.webdo.tn\/fr\/actualite\/national\/tunisie-cap-sur-laeronautique-pour-devenir-un-hub-industriel-regional\/378353\/","og_locale":"fr_FR","og_type":"article","og_title":"Tunisie : Cap sur l\u2019a\u00e9ronautique pour devenir un hub industriel r\u00e9gional","og_description":"Explorez comment la Tunisie vise \u00e0 devenir un hub a\u00e9ronautique en lan\u00e7ant un pacte de comp\u00e9titivit\u00e9 pour l\u2019industrie.","og_url":"https:\/\/www.webdo.tn\/fr\/actualite\/national\/tunisie-cap-sur-laeronautique-pour-devenir-un-hub-industriel-regional\/378353\/","og_site_name":"webdo","article_publisher":"https:\/\/www.facebook.com\/webdotn","article_published_time":"2025-06-25T08:46:38+00:00","article_modified_time":"2025-06-25T13:32:48+00:00","og_image":[{"width":1280,"height":853,"url":"https:\/\/www.webdo.tn\/fr\/wp-content\/uploads\/2025\/06\/Afef-Chachi-Cetime.jpg","type":"image\/jpeg"}],"author":"Firas Ben Abdeltif","twitter_card":"summary_large_image","twitter_creator":"@webdo_tn","twitter_site":"@webdo_tn","twitter_misc":{"\u00c9crit par":"Firas Ben Abdeltif","Dur\u00e9e de lecture estim\u00e9e":"2 minutes"},"schema":{"@context":"https:\/\/schema.org","@graph":[{"@type":"NewsArticle","@id":"https:\/\/www.webdo.tn\/fr\/actualite\/national\/tunisie-cap-sur-laeronautique-pour-devenir-un-hub-industriel-regional\/378353\/#article","isPartOf":{"@id":"https:\/\/www.webdo.tn\/fr\/actualite\/national\/tunisie-cap-sur-laeronautique-pour-devenir-un-hub-industriel-regional\/378353\/"},"author":{"name":"Firas Ben Abdeltif","@id":"https:\/\/www.webdo.tn\/fr\/#\/schema\/person\/19664196c9bfdcda126f3c27709f7d11"},"headline":"Tunisie : Cap sur l\u2019a\u00e9ronautique pour devenir un hub industriel r\u00e9gional","datePublished":"2025-06-25T08:46:38+00:00","dateModified":"2025-06-25T13:32:48+00:00","mainEntityOfPage":{"@id":"https:\/\/www.webdo.tn\/fr\/actualite\/national\/tunisie-cap-sur-laeronautique-pour-devenir-un-hub-industriel-regional\/378353\/"},"wordCount":345,"commentCount":0,"publisher":{"@id":"https:\/\/www.webdo.tn\/fr\/#organization"},"image":{"@id":"https:\/\/www.webdo.tn\/fr\/actualite\/national\/tunisie-cap-sur-laeronautique-pour-devenir-un-hub-industriel-regional\/378353\/#primaryimage"},"thumbnailUrl":"https:\/\/www.webdo.tn\/fr\/wp-content\/uploads\/2025\/06\/Afef-Chachi-Cetime.jpg","keywords":["Automobile","Cetime","Tunisie"],"articleSection":["Economie","National"],"inLanguage":"fr-FR"},{"@type":"WebPage","@id":"https:\/\/www.webdo.tn\/fr\/actualite\/national\/tunisie-cap-sur-laeronautique-pour-devenir-un-hub-industriel-regional\/378353\/","url":"https:\/\/www.webdo.tn\/fr\/actualite\/national\/tunisie-cap-sur-laeronautique-pour-devenir-un-hub-industriel-regional\/378353\/","name":"Tunisie : Cap sur l\u2019a\u00e9ronautique pour devenir un hub industriel r\u00e9gional - webdo","isPartOf":{"@id":"https:\/\/www.webdo.tn\/fr\/#website"},"primaryImageOfPage":{"@id":"https:\/\/www.webdo.tn\/fr\/actualite\/national\/tunisie-cap-sur-laeronautique-pour-devenir-un-hub-industriel-regional\/378353\/#primaryimage"},"image":{"@id":"https:\/\/www.webdo.tn\/fr\/actualite\/national\/tunisie-cap-sur-laeronautique-pour-devenir-un-hub-industriel-regional\/378353\/#primaryimage"},"thumbnailUrl":"https:\/\/www.webdo.tn\/fr\/wp-content\/uploads\/2025\/06\/Afef-Chachi-Cetime.jpg","datePublished":"2025-06-25T08:46:38+00:00","dateModified":"2025-06-25T13:32:48+00:00","description":"Explorez comment la Tunisie vise \u00e0 devenir un hub a\u00e9ronautique en lan\u00e7ant un pacte de comp\u00e9titivit\u00e9 pour l\u2019industrie.","breadcrumb":{"@id":"https:\/\/www.webdo.tn\/fr\/actualite\/national\/tunisie-cap-sur-laeronautique-pour-devenir-un-hub-industriel-regional\/378353\/#breadcrumb"},"inLanguage":"fr-FR","potentialAction":[{"@type":"ReadAction","target":["https:\/\/www.webdo.tn\/fr\/actualite\/national\/tunisie-cap-sur-laeronautique-pour-devenir-un-hub-industriel-regional\/378353\/"]}]},{"@type":"ImageObject","inLanguage":"fr-FR","@id":"https:\/\/www.webdo.tn\/fr\/actualite\/national\/tunisie-cap-sur-laeronautique-pour-devenir-un-hub-industriel-regional\/378353\/#primaryimage","url":"https:\/\/www.webdo.tn\/fr\/wp-content\/uploads\/2025\/06\/Afef-Chachi-Cetime.jpg","contentUrl":"https:\/\/www.webdo.tn\/fr\/wp-content\/uploads\/2025\/06\/Afef-Chachi-Cetime.jpg","width":1280,"height":853,"caption":"Afef Chachi assiste \u00e0 une d\u00e9monstration robotique au CETIME, lors des rencontres sectorielles \u00e0 Sousse"},{"@type":"BreadcrumbList","@id":"https:\/\/www.webdo.tn\/fr\/actualite\/national\/tunisie-cap-sur-laeronautique-pour-devenir-un-hub-industriel-regional\/378353\/#breadcrumb","itemListElement":[{"@type":"ListItem","position":1,"name":"Accueil","item":"https:\/\/www.webdo.tn\/fr\/"},{"@type":"ListItem","position":2,"name":"Tunisie : Cap sur l\u2019a\u00e9ronautique pour devenir un hub industriel r\u00e9gional"}]},{"@type":"WebSite","@id":"https:\/\/www.webdo.tn\/fr\/#website","url":"https:\/\/www.webdo.tn\/fr\/","name":"webdo","description":"Tunisie - News en Tunisie et \u00e0 l&#039;international sur Webdo.tn","publisher":{"@id":"https:\/\/www.webdo.tn\/fr\/#organization"},"potentialAction":[{"@type":"SearchAction","target":{"@type":"EntryPoint","urlTemplate":"https:\/\/www.webdo.tn\/fr\/?s={search_term_string}"},"query-input":{"@type":"PropertyValueSpecification","valueRequired":true,"valueName":"search_term_string"}}],"inLanguage":"fr-FR"},{"@type":"Organization","@id":"https:\/\/www.webdo.tn\/fr\/#organization","name":"Webdo","alternateName":"Webdo.tn","url":"https:\/\/www.webdo.tn\/fr\/","logo":{"@type":"ImageObject","inLanguage":"fr-FR","@id":"https:\/\/www.webdo.tn\/fr\/#\/schema\/logo\/image\/","url":"https:\/\/www.webdo.tn\/fr\/wp-content\/uploads\/2025\/06\/Webdo-Tunisie_168377.jpg","contentUrl":"https:\/\/www.webdo.tn\/fr\/wp-content\/uploads\/2025\/06\/Webdo-Tunisie_168377.jpg","width":301,"height":301,"caption":"Webdo"},"image":{"@id":"https:\/\/www.webdo.tn\/fr\/#\/schema\/logo\/image\/"},"sameAs":["https:\/\/www.facebook.com\/webdotn","https:\/\/x.com\/webdo_tn"],"description":"Webdo est un m\u00e9dia num\u00e9rique tunisien fond\u00e9 en 2010, sp\u00e9cialis\u00e9 dans l\u2019actualit\u00e9 nationale et internationale, l\u2019\u00e9conomie, la soci\u00e9t\u00e9 et les analyses politiques. Le site s\u2019adresse \u00e0 un large public francophone et couvre l\u2019information tunisienne en temps r\u00e9el.","email":"redac@webdo.tn","legalName":"YNJ SARL","foundingDate":"2010-09-06","numberOfEmployees":{"@type":"QuantitativeValue","minValue":"11","maxValue":"50"}},{"@type":"Person","@id":"https:\/\/www.webdo.tn\/fr\/#\/schema\/person\/19664196c9bfdcda126f3c27709f7d11","name":"Firas Ben Abdeltif","image":{"@type":"ImageObject","inLanguage":"fr-FR","@id":"https:\/\/secure.gravatar.com\/avatar\/161a347d40df098a084778c52ed133dbd85f14df003867067c5948081241ec55?s=96&d=mm&r=g","url":"https:\/\/secure.gravatar.com\/avatar\/161a347d40df098a084778c52ed133dbd85f14df003867067c5948081241ec55?s=96&d=mm&r=g","contentUrl":"https:\/\/secure.gravatar.com\/avatar\/161a347d40df098a084778c52ed133dbd85f14df003867067c5948081241ec55?s=96&d=mm&r=g","caption":"Firas Ben Abdeltif"},"url":"https:\/\/www.webdo.tn\/fr\/actualite\/author\/firas-ben-abdeltif\/"}]}},"_links":{"self":[{"href":"https:\/\/www.webdo.tn\/fr\/wp-json\/wp\/v2\/posts\/378353","targetHints":{"allow":["GET"]}}],"collection":[{"href":"https:\/\/www.webdo.tn\/fr\/wp-json\/wp\/v2\/posts"}],"about":[{"href":"https:\/\/www.webdo.tn\/fr\/wp-json\/wp\/v2\/types\/post"}],"author":[{"embeddable":true,"href":"https:\/\/www.webdo.tn\/fr\/wp-json\/wp\/v2\/users\/4779"}],"replies":[{"embeddable":true,"href":"https:\/\/www.webdo.tn\/fr\/wp-json\/wp\/v2\/comments?post=378353"}],"version-history":[{"count":0,"href":"https:\/\/www.webdo.tn\/fr\/wp-json\/wp\/v2\/posts\/378353\/revisions"}],"wp:featuredmedia":[{"embeddable":true,"href":"https:\/\/www.webdo.tn\/fr\/wp-json\/wp\/v2\/media\/378358"}],"wp:attachment":[{"href":"https:\/\/www.webdo.tn\/fr\/wp-json\/wp\/v2\/media?parent=378353"}],"wp:term":[{"taxonomy":"category","embeddable":true,"href":"https:\/\/www.webdo.tn\/fr\/wp-json\/wp\/v2\/categories?post=378353"},{"taxonomy":"post_tag","embeddable":true,"href":"https:\/\/www.webdo.tn\/fr\/wp-json\/wp\/v2\/tags?post=378353"}],"curies":[{"name":"wp","href":"https:\/\/api.w.org\/{rel}","templated":true}]}}